{"id":14837,"date":"2018-11-16T09:09:50","date_gmt":"2018-11-16T08:09:50","guid":{"rendered":"https:\/\/www.immobilienbusiness.ch\/?p=14837"},"modified":"2018-11-16T09:09:50","modified_gmt":"2018-11-16T08:09:50","slug":"mall-of-switzerland-zwischenbilanz-nach-einem-jahr","status":"publish","type":"post","link":"https:\/\/www.immobilienbusiness.ch\/it\/retail\/2018-11-16\/mall-of-switzerland-zwischenbilanz-nach-einem-jahr\/","title":{"rendered":"Mall of Switzerland: Saldo intermedio dopo un anno"},"content":{"rendered":"<figure id=\"attachment_5595\" aria-describedby=\"caption-attachment-5595\" style=\"width: 680px\" class=\"wp-caption alignnone\"><img loading=\"lazy\" decoding=\"async\" class=\"size-medium wp-image-5595\" src=\"https:\/\/www.immobilienbusiness.ch\/wp-content\/uploads\/2017\/01\/3368_vp01_v04_vogelperspektive.jpg\" alt=\"\" width=\"680\" height=\"425\" srcset=\"https:\/\/www.immobilienbusiness.ch\/wp-content\/uploads\/2017\/01\/3368_vp01_v04_vogelperspektive.jpg 2560w, https:\/\/www.immobilienbusiness.ch\/wp-content\/uploads\/2017\/01\/3368_vp01_v04_vogelperspektive-300x188.jpg 300w, https:\/\/www.immobilienbusiness.ch\/wp-content\/uploads\/2017\/01\/3368_vp01_v04_vogelperspektive-1024x640.jpg 1024w, https:\/\/www.immobilienbusiness.ch\/wp-content\/uploads\/2017\/01\/3368_vp01_v04_vogelperspektive-768x480.jpg 768w, https:\/\/www.immobilienbusiness.ch\/wp-content\/uploads\/2017\/01\/3368_vp01_v04_vogelperspektive-1536x960.jpg 1536w, https:\/\/www.immobilienbusiness.ch\/wp-content\/uploads\/2017\/01\/3368_vp01_v04_vogelperspektive-2048x1280.jpg 2048w, https:\/\/www.immobilienbusiness.ch\/wp-content\/uploads\/2017\/01\/3368_vp01_v04_vogelperspektive-16x10.jpg 16w, https:\/\/www.immobilienbusiness.ch\/wp-content\/uploads\/2017\/01\/3368_vp01_v04_vogelperspektive-280x175.jpg 280w, https:\/\/www.immobilienbusiness.ch\/wp-content\/uploads\/2017\/01\/3368_vp01_v04_vogelperspektive-560x350.jpg 560w, https:\/\/www.immobilienbusiness.ch\/wp-content\/uploads\/2017\/01\/3368_vp01_v04_vogelperspektive-1280x800.jpg 1280w, https:\/\/www.immobilienbusiness.ch\/wp-content\/uploads\/2017\/01\/3368_vp01_v04_vogelperspektive-920x575.jpg 920w, https:\/\/www.immobilienbusiness.ch\/wp-content\/uploads\/2017\/01\/3368_vp01_v04_vogelperspektive-1400x875.jpg 1400w\" sizes=\"auto, (max-width: 680px) 100vw, 680px\" \/><figcaption id=\"caption-attachment-5595\" class=\"wp-caption-text\">Il Mall of Switzerland traccia un bilancio positivo del primo anno (Fonte: Mall of Switzerland)<\/figcaption><\/figure>\n<p>Il Mall of Switzerland fa un bilancio positivo del suo anniversario di un anno: dall'apertura di un anno fa, 3,9 milioni di visitatori hanno approfittato dell'offerta di shopping e gastronomia o hanno partecipato a uno degli oltre 50 eventi e funzioni nel centro commerciale, dicono.<\/p>\n<p>Questo significa che il centro commerciale ha chiaramente mancato il suo obiettivo autoimposto di cinque milioni di visitatori, ma i dirigenti del centro rimangono calmi: \"L'esperienza dimostra che ci vogliono dai tre ai cinque anni perch\u00e9 un centro di queste dimensioni raggiunga le frequenze previste\", dice il direttore Jan Wengeler. A lungo termine, si punta a 4,5-5 milioni di visitatori all'anno.<\/p>\n<h2>Tasso di occupazione: 84 per cento<\/h2>\n<p>Secondo le informazioni, l'84% dello spazio nel centro commerciale \u00e8 attualmente affittato, e il designer di mobili francese Maisons du Monde e il marchio di moda Superdry si trasferiranno prima della fine dell'anno. Inoltre, un ambulatorio di gruppo del MedCenter di Lucerna dovrebbe aprire a dicembre.<\/p>\n<p>Migros, l'inquilino pi\u00f9 grande, \u00e8 soddisfatto del primo anno, secondo la dichiarazione, in parte perch\u00e9 \u00e8 riuscito a costruire una clientela regolare. Il comune di Ebikon dice che \"l'accettazione della nuova esperienza di shopping sta aumentando di mese in mese\".<\/p>\n<p>Nel complesso, Jan Wengeler \u00e8 positivo sia per l'inizio che per il potenziale del centro commerciale nei prossimi anni: \"Siamo stati in grado di acquisire una preziosa esperienza nei primi dodici mesi, che useremo per un ulteriore sviluppo nell'interesse dei visitatori e dei negozi del centro commerciale. Il concetto del Mall of Switzerland si \u00e8 dimostrato valido\", dice.<\/p>\n<p>L'8 novembre 2017 \u00e8 stato inaugurato il Mall of Switzerland che, con una superficie totale di 65.000 mq, \u00e8 il secondo centro commerciale e ricreativo della Svizzera. Il concetto include un mix di negozi e ristoranti con strutture per il tempo libero e lo sport, come un impianto di surf e cinema. <em>(ah)<\/em><\/p>","protected":false},"excerpt":{"rendered":"<p>Il Mall of Switzerland ha aperto a Ebikon poco pi\u00f9 di un anno fa. Secondo gli operatori, finora sono stati contati 3,9 milioni di visitatori.<\/p>","protected":false},"author":3,"featured_media":3719,"comment_status":"open","ping_status":"open","sticky":false,"template":"","format":"standard","meta":{"_acf_changed":false,"_yoast_wpseo_focuskw":"Mall of Switzerland","_yoast_wpseo_title":"","_yoast_wpseo_metadesc":"Vor gut einem Jahr hat die Mall of Switzerland in Ebikon er\u00f6ffnet. Nach Angaben der Betreiber wurden bislang 3,9 Millionen Besucher gez\u00e4hlt.","_yoast_wpseo_linkdex":70,"pgc_sgb_lightbox_settings":"","footnotes":""},"categories":[987],"tags":[1181,1461,1643,1697],"class_list":["post-14837","post","type-post","status-publish","format-standard","has-post-thumbnail","hentry","category-retail","tag-ebikon","tag-mall-of-switzerland","tag-retail","tag-shopping-center"],"acf":[],"yoast_head":"<!-- This site is optimized with the Yoast SEO plugin v27.5 - https:\/\/yoast.com\/product\/yoast-seo-wordpress\/ -->\n<title>Mall of Switzerland: Zwischenbilanz nach einem Jahr - IMMOBILIEN Business<\/title>\n<meta name=\"description\" content=\"Vor gut einem Jahr hat die Mall of Switzerland in Ebikon er\u00f6ffnet. Nach Angaben der Betreiber wurden bislang 3,9 Millionen Besucher gez\u00e4hlt.\" \/>\n<meta name=\"robots\" content=\"index, follow, max-snippet:-1, max-image-preview:large, max-video-preview:-1\" \/>\n<link rel=\"canonical\" href=\"https:\/\/www.immobilienbusiness.ch\/it\/retail\/2018-11-16\/mall-of-switzerland-zwischenbilanz-nach-einem-jahr\/\" \/>\n<meta property=\"og:locale\" content=\"it_IT\" \/>\n<meta property=\"og:type\" content=\"article\" \/>\n<meta property=\"og:title\" content=\"Mall of Switzerland: Zwischenbilanz nach einem Jahr - IMMOBILIEN Business\" \/>\n<meta property=\"og:description\" content=\"Vor gut einem Jahr hat die Mall of Switzerland in Ebikon er\u00f6ffnet. Nach Angaben der Betreiber wurden bislang 3,9 Millionen Besucher gez\u00e4hlt.\" \/>\n<meta property=\"og:url\" content=\"https:\/\/www.immobilienbusiness.ch\/it\/retail\/2018-11-16\/mall-of-switzerland-zwischenbilanz-nach-einem-jahr\/\" \/>\n<meta property=\"og:site_name\" content=\"IMMOBILIEN Business\" \/>\n<meta property=\"article:publisher\" content=\"https:\/\/www.facebook.com\/immobilienbusiness\/\" \/>\n<meta property=\"article:published_time\" content=\"2018-11-16T08:09:50+00:00\" \/>\n<meta property=\"og:image\" content=\"https:\/\/www.immobilienbusiness.ch\/wp-content\/uploads\/2016\/12\/Mall-of-Switzerland-HM-und-Mango-werden-Ankermieter-immobilien-business-1024x640.jpg\" \/>\n\t<meta property=\"og:image:width\" content=\"1024\" \/>\n\t<meta property=\"og:image:height\" content=\"640\" \/>\n\t<meta property=\"og:image:type\" content=\"image\/jpeg\" \/>\n<meta name=\"author\" content=\"anja.hall\" \/>\n<meta name=\"twitter:card\" content=\"summary_large_image\" \/>\n<script type=\"application\/ld+json\" class=\"yoast-schema-graph\">{\"@context\":\"https:\\\/\\\/schema.org\",\"@graph\":[{\"@type\":\"Article\",\"@id\":\"https:\\\/\\\/www.immobilienbusiness.ch\\\/en\\\/retail\\\/2018-11-16\\\/mall-of-switzerland-zwischenbilanz-nach-einem-jahr\\\/#article\",\"isPartOf\":{\"@id\":\"https:\\\/\\\/www.immobilienbusiness.ch\\\/en\\\/retail\\\/2018-11-16\\\/mall-of-switzerland-zwischenbilanz-nach-einem-jahr\\\/\"},\"author\":{\"name\":\"anja.hall\",\"@id\":\"https:\\\/\\\/www.immobilienbusiness.ch\\\/#\\\/schema\\\/person\\\/3fc036297b10b9f42d6db5ee932af8c8\"},\"headline\":\"Mall of Switzerland: Zwischenbilanz nach einem Jahr\",\"datePublished\":\"2018-11-16T08:09:50+00:00\",\"mainEntityOfPage\":{\"@id\":\"https:\\\/\\\/www.immobilienbusiness.ch\\\/en\\\/retail\\\/2018-11-16\\\/mall-of-switzerland-zwischenbilanz-nach-einem-jahr\\\/\"},\"wordCount\":315,\"commentCount\":0,\"publisher\":{\"@id\":\"https:\\\/\\\/www.immobilienbusiness.ch\\\/#organization\"},\"image\":{\"@id\":\"https:\\\/\\\/www.immobilienbusiness.ch\\\/en\\\/retail\\\/2018-11-16\\\/mall-of-switzerland-zwischenbilanz-nach-einem-jahr\\\/#primaryimage\"},\"thumbnailUrl\":\"https:\\\/\\\/www.immobilienbusiness.ch\\\/wp-content\\\/uploads\\\/2016\\\/12\\\/Mall-of-Switzerland-HM-und-Mango-werden-Ankermieter-immobilien-business.jpg\",\"keywords\":[\"Ebikon\",\"Mall of Switzerland\",\"Retail\",\"Shopping Center\"],\"articleSection\":[\"RETAIL\"],\"inLanguage\":\"it-IT\"},{\"@type\":\"WebPage\",\"@id\":\"https:\\\/\\\/www.immobilienbusiness.ch\\\/en\\\/retail\\\/2018-11-16\\\/mall-of-switzerland-zwischenbilanz-nach-einem-jahr\\\/\",\"url\":\"https:\\\/\\\/www.immobilienbusiness.ch\\\/en\\\/retail\\\/2018-11-16\\\/mall-of-switzerland-zwischenbilanz-nach-einem-jahr\\\/\",\"name\":\"Mall of Switzerland: Zwischenbilanz nach einem Jahr - IMMOBILIEN Business\",\"isPartOf\":{\"@id\":\"https:\\\/\\\/www.immobilienbusiness.ch\\\/#website\"},\"primaryImageOfPage\":{\"@id\":\"https:\\\/\\\/www.immobilienbusiness.ch\\\/en\\\/retail\\\/2018-11-16\\\/mall-of-switzerland-zwischenbilanz-nach-einem-jahr\\\/#primaryimage\"},\"image\":{\"@id\":\"https:\\\/\\\/www.immobilienbusiness.ch\\\/en\\\/retail\\\/2018-11-16\\\/mall-of-switzerland-zwischenbilanz-nach-einem-jahr\\\/#primaryimage\"},\"thumbnailUrl\":\"https:\\\/\\\/www.immobilienbusiness.ch\\\/wp-content\\\/uploads\\\/2016\\\/12\\\/Mall-of-Switzerland-HM-und-Mango-werden-Ankermieter-immobilien-business.jpg\",\"datePublished\":\"2018-11-16T08:09:50+00:00\",\"description\":\"Vor gut einem Jahr hat die Mall of Switzerland in Ebikon er\u00f6ffnet. Nach Angaben der Betreiber wurden bislang 3,9 Millionen Besucher gez\u00e4hlt.\",\"breadcrumb\":{\"@id\":\"https:\\\/\\\/www.immobilienbusiness.ch\\\/en\\\/retail\\\/2018-11-16\\\/mall-of-switzerland-zwischenbilanz-nach-einem-jahr\\\/#breadcrumb\"},\"inLanguage\":\"it-IT\",\"potentialAction\":[{\"@type\":\"ReadAction\",\"target\":[\"https:\\\/\\\/www.immobilienbusiness.ch\\\/en\\\/retail\\\/2018-11-16\\\/mall-of-switzerland-zwischenbilanz-nach-einem-jahr\\\/\"]}]},{\"@type\":\"ImageObject\",\"inLanguage\":\"it-IT\",\"@id\":\"https:\\\/\\\/www.immobilienbusiness.ch\\\/en\\\/retail\\\/2018-11-16\\\/mall-of-switzerland-zwischenbilanz-nach-einem-jahr\\\/#primaryimage\",\"url\":\"https:\\\/\\\/www.immobilienbusiness.ch\\\/wp-content\\\/uploads\\\/2016\\\/12\\\/Mall-of-Switzerland-HM-und-Mango-werden-Ankermieter-immobilien-business.jpg\",\"contentUrl\":\"https:\\\/\\\/www.immobilienbusiness.ch\\\/wp-content\\\/uploads\\\/2016\\\/12\\\/Mall-of-Switzerland-HM-und-Mango-werden-Ankermieter-immobilien-business.jpg\",\"width\":2560,\"height\":1600,\"caption\":\"Die Mall of Switzerland in Ebikon gibt zwei Neuvermietungen bekannt (Visualisierung: Mall of Switzerland)\"},{\"@type\":\"BreadcrumbList\",\"@id\":\"https:\\\/\\\/www.immobilienbusiness.ch\\\/en\\\/retail\\\/2018-11-16\\\/mall-of-switzerland-zwischenbilanz-nach-einem-jahr\\\/#breadcrumb\",\"itemListElement\":[{\"@type\":\"ListItem\",\"position\":1,\"name\":\"Home\",\"item\":\"https:\\\/\\\/www.immobilienbusiness.ch\\\/\"},{\"@type\":\"ListItem\",\"position\":2,\"name\":\"Mall of Switzerland: Zwischenbilanz nach einem Jahr\"}]},{\"@type\":\"WebSite\",\"@id\":\"https:\\\/\\\/www.immobilienbusiness.ch\\\/#website\",\"url\":\"https:\\\/\\\/www.immobilienbusiness.ch\\\/\",\"name\":\"IMMOBILIEN Business\",\"description\":\"Unabh\u00e4ngiges Schweizer Wirtschaftsmagazin mit Fokus auf Immobilien, Architektur- und Bau sowie Investment- und Finanzierung.\",\"publisher\":{\"@id\":\"https:\\\/\\\/www.immobilienbusiness.ch\\\/#organization\"},\"potentialAction\":[{\"@type\":\"SearchAction\",\"target\":{\"@type\":\"EntryPoint\",\"urlTemplate\":\"https:\\\/\\\/www.immobilienbusiness.ch\\\/?s={search_term_string}\"},\"query-input\":{\"@type\":\"PropertyValueSpecification\",\"valueRequired\":true,\"valueName\":\"search_term_string\"}}],\"inLanguage\":\"it-IT\"},{\"@type\":\"Organization\",\"@id\":\"https:\\\/\\\/www.immobilienbusiness.ch\\\/#organization\",\"name\":\"IMMOBILIEN Business\",\"url\":\"https:\\\/\\\/www.immobilienbusiness.ch\\\/\",\"logo\":{\"@type\":\"ImageObject\",\"inLanguage\":\"it-IT\",\"@id\":\"https:\\\/\\\/www.immobilienbusiness.ch\\\/#\\\/schema\\\/logo\\\/image\\\/\",\"url\":\"https:\\\/\\\/www.immobilienbusiness.ch\\\/wp-content\\\/uploads\\\/2021\\\/07\\\/logo_ib.png\",\"contentUrl\":\"https:\\\/\\\/www.immobilienbusiness.ch\\\/wp-content\\\/uploads\\\/2021\\\/07\\\/logo_ib.png\",\"width\":800,\"height\":181,\"caption\":\"IMMOBILIEN Business\"},\"image\":{\"@id\":\"https:\\\/\\\/www.immobilienbusiness.ch\\\/#\\\/schema\\\/logo\\\/image\\\/\"},\"sameAs\":[\"https:\\\/\\\/www.facebook.com\\\/immobilienbusiness\\\/\"]},{\"@type\":\"Person\",\"@id\":\"https:\\\/\\\/www.immobilienbusiness.ch\\\/#\\\/schema\\\/person\\\/3fc036297b10b9f42d6db5ee932af8c8\",\"name\":\"anja.hall\",\"image\":{\"@type\":\"ImageObject\",\"inLanguage\":\"it-IT\",\"@id\":\"https:\\\/\\\/secure.gravatar.com\\\/avatar\\\/066b5a0d447013502c71a5782f4f3469f03cfe595cc2329fb94652fe47511bfb?s=96&d=mm&r=g\",\"url\":\"https:\\\/\\\/secure.gravatar.com\\\/avatar\\\/066b5a0d447013502c71a5782f4f3469f03cfe595cc2329fb94652fe47511bfb?s=96&d=mm&r=g\",\"contentUrl\":\"https:\\\/\\\/secure.gravatar.com\\\/avatar\\\/066b5a0d447013502c71a5782f4f3469f03cfe595cc2329fb94652fe47511bfb?s=96&d=mm&r=g\",\"caption\":\"anja.hall\"},\"url\":\"https:\\\/\\\/www.immobilienbusiness.ch\\\/it\\\/author\\\/anja-hall\\\/\"}]}<\/script>\n<!-- \/ Yoast SEO plugin. -->","yoast_head_json":{"title":"Mall of Switzerland: risultati intermedi dopo un anno - IMMOBILIEN Business","description":"Il Mall of Switzerland ha aperto a Ebikon poco pi\u00f9 di un anno fa. Secondo gli operatori, finora sono stati contati 3,9 milioni di visitatori.","robots":{"index":"index","follow":"follow","max-snippet":"max-snippet:-1","max-image-preview":"max-image-preview:large","max-video-preview":"max-video-preview:-1"},"canonical":"https:\/\/www.immobilienbusiness.ch\/it\/retail\/2018-11-16\/mall-of-switzerland-zwischenbilanz-nach-einem-jahr\/","og_locale":"it_IT","og_type":"article","og_title":"Mall of Switzerland: Zwischenbilanz nach einem Jahr - IMMOBILIEN Business","og_description":"Vor gut einem Jahr hat die Mall of Switzerland in Ebikon er\u00f6ffnet. Nach Angaben der Betreiber wurden bislang 3,9 Millionen Besucher gez\u00e4hlt.","og_url":"https:\/\/www.immobilienbusiness.ch\/it\/retail\/2018-11-16\/mall-of-switzerland-zwischenbilanz-nach-einem-jahr\/","og_site_name":"IMMOBILIEN Business","article_publisher":"https:\/\/www.facebook.com\/immobilienbusiness\/","article_published_time":"2018-11-16T08:09:50+00:00","og_image":[{"width":1024,"height":640,"url":"https:\/\/www.immobilienbusiness.ch\/wp-content\/uploads\/2016\/12\/Mall-of-Switzerland-HM-und-Mango-werden-Ankermieter-immobilien-business-1024x640.jpg","type":"image\/jpeg"}],"author":"anja.hall","twitter_card":"summary_large_image","schema":{"@context":"https:\/\/schema.org","@graph":[{"@type":"Article","@id":"https:\/\/www.immobilienbusiness.ch\/en\/retail\/2018-11-16\/mall-of-switzerland-zwischenbilanz-nach-einem-jahr\/#article","isPartOf":{"@id":"https:\/\/www.immobilienbusiness.ch\/en\/retail\/2018-11-16\/mall-of-switzerland-zwischenbilanz-nach-einem-jahr\/"},"author":{"name":"anja.hall","@id":"https:\/\/www.immobilienbusiness.ch\/#\/schema\/person\/3fc036297b10b9f42d6db5ee932af8c8"},"headline":"Mall of Switzerland: Zwischenbilanz nach einem Jahr","datePublished":"2018-11-16T08:09:50+00:00","mainEntityOfPage":{"@id":"https:\/\/www.immobilienbusiness.ch\/en\/retail\/2018-11-16\/mall-of-switzerland-zwischenbilanz-nach-einem-jahr\/"},"wordCount":315,"commentCount":0,"publisher":{"@id":"https:\/\/www.immobilienbusiness.ch\/#organization"},"image":{"@id":"https:\/\/www.immobilienbusiness.ch\/en\/retail\/2018-11-16\/mall-of-switzerland-zwischenbilanz-nach-einem-jahr\/#primaryimage"},"thumbnailUrl":"https:\/\/www.immobilienbusiness.ch\/wp-content\/uploads\/2016\/12\/Mall-of-Switzerland-HM-und-Mango-werden-Ankermieter-immobilien-business.jpg","keywords":["Ebikon","Mall of Switzerland","Retail","Shopping Center"],"articleSection":["RETAIL"],"inLanguage":"it-IT"},{"@type":"WebPage","@id":"https:\/\/www.immobilienbusiness.ch\/en\/retail\/2018-11-16\/mall-of-switzerland-zwischenbilanz-nach-einem-jahr\/","url":"https:\/\/www.immobilienbusiness.ch\/en\/retail\/2018-11-16\/mall-of-switzerland-zwischenbilanz-nach-einem-jahr\/","name":"Mall of Switzerland: risultati intermedi dopo un anno - IMMOBILIEN Business","isPartOf":{"@id":"https:\/\/www.immobilienbusiness.ch\/#website"},"primaryImageOfPage":{"@id":"https:\/\/www.immobilienbusiness.ch\/en\/retail\/2018-11-16\/mall-of-switzerland-zwischenbilanz-nach-einem-jahr\/#primaryimage"},"image":{"@id":"https:\/\/www.immobilienbusiness.ch\/en\/retail\/2018-11-16\/mall-of-switzerland-zwischenbilanz-nach-einem-jahr\/#primaryimage"},"thumbnailUrl":"https:\/\/www.immobilienbusiness.ch\/wp-content\/uploads\/2016\/12\/Mall-of-Switzerland-HM-und-Mango-werden-Ankermieter-immobilien-business.jpg","datePublished":"2018-11-16T08:09:50+00:00","description":"Il Mall of Switzerland ha aperto a Ebikon poco pi\u00f9 di un anno fa. Secondo gli operatori, finora sono stati contati 3,9 milioni di visitatori.","breadcrumb":{"@id":"https:\/\/www.immobilienbusiness.ch\/en\/retail\/2018-11-16\/mall-of-switzerland-zwischenbilanz-nach-einem-jahr\/#breadcrumb"},"inLanguage":"it-IT","potentialAction":[{"@type":"ReadAction","target":["https:\/\/www.immobilienbusiness.ch\/en\/retail\/2018-11-16\/mall-of-switzerland-zwischenbilanz-nach-einem-jahr\/"]}]},{"@type":"ImageObject","inLanguage":"it-IT","@id":"https:\/\/www.immobilienbusiness.ch\/en\/retail\/2018-11-16\/mall-of-switzerland-zwischenbilanz-nach-einem-jahr\/#primaryimage","url":"https:\/\/www.immobilienbusiness.ch\/wp-content\/uploads\/2016\/12\/Mall-of-Switzerland-HM-und-Mango-werden-Ankermieter-immobilien-business.jpg","contentUrl":"https:\/\/www.immobilienbusiness.ch\/wp-content\/uploads\/2016\/12\/Mall-of-Switzerland-HM-und-Mango-werden-Ankermieter-immobilien-business.jpg","width":2560,"height":1600,"caption":"Die Mall of Switzerland in Ebikon gibt zwei Neuvermietungen bekannt (Visualisierung: Mall of Switzerland)"},{"@type":"BreadcrumbList","@id":"https:\/\/www.immobilienbusiness.ch\/en\/retail\/2018-11-16\/mall-of-switzerland-zwischenbilanz-nach-einem-jahr\/#breadcrumb","itemListElement":[{"@type":"ListItem","position":1,"name":"Home","item":"https:\/\/www.immobilienbusiness.ch\/"},{"@type":"ListItem","position":2,"name":"Mall of Switzerland: Zwischenbilanz nach einem Jahr"}]},{"@type":"WebSite","@id":"https:\/\/www.immobilienbusiness.ch\/#website","url":"https:\/\/www.immobilienbusiness.ch\/","name":"Affari immobiliari","description":"Rivista economica indipendente svizzera che si concentra sul settore immobiliare, l'architettura e la costruzione, nonch\u00e9 sugli investimenti e i finanziamenti.","publisher":{"@id":"https:\/\/www.immobilienbusiness.ch\/#organization"},"potentialAction":[{"@type":"SearchAction","target":{"@type":"EntryPoint","urlTemplate":"https:\/\/www.immobilienbusiness.ch\/?s={search_term_string}"},"query-input":{"@type":"PropertyValueSpecification","valueRequired":true,"valueName":"search_term_string"}}],"inLanguage":"it-IT"},{"@type":"Organization","@id":"https:\/\/www.immobilienbusiness.ch\/#organization","name":"Affari immobiliari","url":"https:\/\/www.immobilienbusiness.ch\/","logo":{"@type":"ImageObject","inLanguage":"it-IT","@id":"https:\/\/www.immobilienbusiness.ch\/#\/schema\/logo\/image\/","url":"https:\/\/www.immobilienbusiness.ch\/wp-content\/uploads\/2021\/07\/logo_ib.png","contentUrl":"https:\/\/www.immobilienbusiness.ch\/wp-content\/uploads\/2021\/07\/logo_ib.png","width":800,"height":181,"caption":"IMMOBILIEN Business"},"image":{"@id":"https:\/\/www.immobilienbusiness.ch\/#\/schema\/logo\/image\/"},"sameAs":["https:\/\/www.facebook.com\/immobilienbusiness\/"]},{"@type":"Person","@id":"https:\/\/www.immobilienbusiness.ch\/#\/schema\/person\/3fc036297b10b9f42d6db5ee932af8c8","name":"anja.hall","image":{"@type":"ImageObject","inLanguage":"it-IT","@id":"https:\/\/secure.gravatar.com\/avatar\/066b5a0d447013502c71a5782f4f3469f03cfe595cc2329fb94652fe47511bfb?s=96&d=mm&r=g","url":"https:\/\/secure.gravatar.com\/avatar\/066b5a0d447013502c71a5782f4f3469f03cfe595cc2329fb94652fe47511bfb?s=96&d=mm&r=g","contentUrl":"https:\/\/secure.gravatar.com\/avatar\/066b5a0d447013502c71a5782f4f3469f03cfe595cc2329fb94652fe47511bfb?s=96&d=mm&r=g","caption":"anja.hall"},"url":"https:\/\/www.immobilienbusiness.ch\/it\/author\/anja-hall\/"}]}},"_links":{"self":[{"href":"https:\/\/www.immobilienbusiness.ch\/it\/wp-json\/wp\/v2\/posts\/14837","targetHints":{"allow":["GET"]}}],"collection":[{"href":"https:\/\/www.immobilienbusiness.ch\/it\/wp-json\/wp\/v2\/posts"}],"about":[{"href":"https:\/\/www.immobilienbusiness.ch\/it\/wp-json\/wp\/v2\/types\/post"}],"author":[{"embeddable":true,"href":"https:\/\/www.immobilienbusiness.ch\/it\/wp-json\/wp\/v2\/users\/3"}],"replies":[{"embeddable":true,"href":"https:\/\/www.immobilienbusiness.ch\/it\/wp-json\/wp\/v2\/comments?post=14837"}],"version-history":[{"count":0,"href":"https:\/\/www.immobilienbusiness.ch\/it\/wp-json\/wp\/v2\/posts\/14837\/revisions"}],"wp:featuredmedia":[{"embeddable":true,"href":"https:\/\/www.immobilienbusiness.ch\/it\/wp-json\/wp\/v2\/media\/3719"}],"wp:attachment":[{"href":"https:\/\/www.immobilienbusiness.ch\/it\/wp-json\/wp\/v2\/media?parent=14837"}],"wp:term":[{"taxonomy":"category","embeddable":true,"href":"https:\/\/www.immobilienbusiness.ch\/it\/wp-json\/wp\/v2\/categories?post=14837"},{"taxonomy":"post_tag","embeddable":true,"href":"https:\/\/www.immobilienbusiness.ch\/it\/wp-json\/wp\/v2\/tags?post=14837"}],"curies":[{"name":"wp","href":"https:\/\/api.w.org\/{rel}","templated":true}]}}