{"id":13911,"date":"2018-09-03T08:48:42","date_gmt":"2018-09-03T06:48:42","guid":{"rendered":"https:\/\/www.immobilienbusiness.ch\/?p=13911"},"modified":"2018-09-03T08:48:42","modified_gmt":"2018-09-03T06:48:42","slug":"kapitalerhoehung-fuer-den-raiffeisen-futura-immo-fonds","status":"publish","type":"post","link":"https:\/\/www.immobilienbusiness.ch\/it\/unternehmen\/2018-09-03\/kapitalerhoehung-fuer-den-raiffeisen-futura-immo-fonds\/","title":{"rendered":"Aumento di capitale per il Fondo Raiffeisen Futura Immo"},"content":{"rendered":"<figure id=\"attachment_3344\" aria-describedby=\"caption-attachment-3344\" style=\"width: 680px\" class=\"wp-caption alignnone\"><img loading=\"lazy\" decoding=\"async\" class=\"size-medium wp-image-3344\" src=\"https:\/\/www.immobilienbusiness.ch\/wp-content\/uploads\/2016\/12\/Novavest-plant-Kapitalerh\u00f6hung-immobilien-business.jpg\" alt=\"\" width=\"680\" height=\"453\" \/><figcaption id=\"caption-attachment-3344\" class=\"wp-caption-text\">Il Fondo Raiffeisen Futura Immo vuole aumentare il suo capitale di 70 milioni (Immagine: Pixabay)<\/figcaption><\/figure>\n<p>Secondo il Fondo Raiffeisen Futura Immo, i fondi aggiuntivi saranno utilizzati per finanziare l'acquisto di ulteriori immobili, ristrutturazioni e progetti di costruzione e per rimborsare il finanziamento del debito.<\/p>\n<p>Il fondo \u00e8 stato lanciato nel marzo 2014 e investe in progetti sostenibili di nuova costruzione, edifici esistenti e conversioni in tutta la Svizzera, con particolare attenzione agli immobili residenziali. Le propriet\u00e0 sono detenute in propriet\u00e0 immobiliare diretta. Il portafoglio ha attualmente un volume totale di 236 milioni di CHF e consiste in 17 propriet\u00e0 esistenti e due progetti di nuova costruzione. Il rendimento annualizzato negli ultimi tre anni \u00e8 indicato al 3,7%.<\/p>\n<p>Nell'aumento di capitale, cinque quote esistenti danno diritto alla sottoscrizione di due nuove quote. Gli investitori che non possiedono ancora quote del fondo o che desiderano sottoscrivere un numero di quote superiore ai loro diritti di sottoscrizione possono partecipare a una sottoscrizione aperta. Il prezzo di emissione \u00e8 di 93,04 franchi svizzeri netti per quota. <em>(ah)<\/em><\/p>","protected":false},"excerpt":{"rendered":"<p>Il Raiffeisen Futura Immo Fund vuole aumentare il proprio capitale di circa 70 milioni di franchi svizzeri. La societ\u00e0 di gestione del fondo Verit Investment Management sta quindi effettuando un aumento di capitale fino al 14 settembre 2018. <\/p>","protected":false},"author":3,"featured_media":3344,"comment_status":"open","ping_status":"open","sticky":false,"template":"","format":"standard","meta":{"_acf_changed":false,"_yoast_wpseo_focuskw":"Raiffeisen Futura","_yoast_wpseo_title":"","_yoast_wpseo_metadesc":"Der Raiffeisen Futura Immo Fonds will sein Kapital um rund 70 Millionen CHF erh\u00f6hen. Die Fondsleitung f\u00fchrt deshalb eine Kapitalerh\u00f6hung durch.","_yoast_wpseo_linkdex":56,"pgc_sgb_lightbox_settings":"","footnotes":""},"categories":[988],"tags":[1344,1412,1615],"class_list":["post-13911","post","type-post","status-publish","format-standard","has-post-thumbnail","hentry","category-unternehmen","tag-immobilienfonds","tag-kapitalerhoehung","tag-raiffeisen"],"acf":[],"yoast_head":"<!-- This site is optimized with the Yoast SEO plugin v27.4 - https:\/\/yoast.com\/product\/yoast-seo-wordpress\/ -->\n<title>Kapitalerh\u00f6hung f\u00fcr den Raiffeisen Futura Immo Fonds - IMMOBILIEN Business<\/title>\n<meta name=\"description\" content=\"Der Raiffeisen Futura Immo Fonds will sein Kapital um rund 70 Millionen CHF erh\u00f6hen. Die Fondsleitung f\u00fchrt deshalb eine Kapitalerh\u00f6hung durch.\" \/>\n<meta name=\"robots\" content=\"index, follow, max-snippet:-1, max-image-preview:large, max-video-preview:-1\" \/>\n<link rel=\"canonical\" href=\"https:\/\/www.immobilienbusiness.ch\/it\/unternehmen\/2018-09-03\/kapitalerhoehung-fuer-den-raiffeisen-futura-immo-fonds\/\" \/>\n<meta property=\"og:locale\" content=\"it_IT\" \/>\n<meta property=\"og:type\" content=\"article\" \/>\n<meta property=\"og:title\" content=\"Kapitalerh\u00f6hung f\u00fcr den Raiffeisen Futura Immo Fonds - IMMOBILIEN Business\" \/>\n<meta property=\"og:description\" content=\"Der Raiffeisen Futura Immo Fonds will sein Kapital um rund 70 Millionen CHF erh\u00f6hen. Die Fondsleitung f\u00fchrt deshalb eine Kapitalerh\u00f6hung durch.\" \/>\n<meta property=\"og:url\" content=\"https:\/\/www.immobilienbusiness.ch\/it\/unternehmen\/2018-09-03\/kapitalerhoehung-fuer-den-raiffeisen-futura-immo-fonds\/\" \/>\n<meta property=\"og:site_name\" content=\"IMMOBILIEN Business\" \/>\n<meta property=\"article:publisher\" content=\"https:\/\/www.facebook.com\/immobilienbusiness\/\" \/>\n<meta property=\"article:published_time\" content=\"2018-09-03T06:48:42+00:00\" \/>\n<meta property=\"og:image\" content=\"https:\/\/www.immobilienbusiness.ch\/wp-content\/uploads\/2016\/12\/Novavest-plant-Kapitalerhoehung-immobilien-business.jpg\" \/>\n\t<meta property=\"og:image:width\" content=\"1920\" \/>\n\t<meta property=\"og:image:height\" content=\"1280\" \/>\n\t<meta property=\"og:image:type\" content=\"image\/jpeg\" \/>\n<meta name=\"author\" content=\"anja.hall\" \/>\n<meta name=\"twitter:card\" content=\"summary_large_image\" \/>\n<meta name=\"twitter:image\" content=\"https:\/\/www.immobilienbusiness.ch\/wp-content\/uploads\/2016\/12\/Novavest-plant-Kapitalerh\u00f6hung-immobilien-business.jpg\" \/>\n<script type=\"application\/ld+json\" class=\"yoast-schema-graph\">{\"@context\":\"https:\\\/\\\/schema.org\",\"@graph\":[{\"@type\":\"Article\",\"@id\":\"https:\\\/\\\/www.immobilienbusiness.ch\\\/en\\\/unternehmen\\\/2018-09-03\\\/kapitalerhoehung-fuer-den-raiffeisen-futura-immo-fonds\\\/#article\",\"isPartOf\":{\"@id\":\"https:\\\/\\\/www.immobilienbusiness.ch\\\/en\\\/unternehmen\\\/2018-09-03\\\/kapitalerhoehung-fuer-den-raiffeisen-futura-immo-fonds\\\/\"},\"author\":{\"name\":\"anja.hall\",\"@id\":\"https:\\\/\\\/www.immobilienbusiness.ch\\\/#\\\/schema\\\/person\\\/3fc036297b10b9f42d6db5ee932af8c8\"},\"headline\":\"Kapitalerh\u00f6hung f\u00fcr den Raiffeisen Futura Immo Fonds\",\"datePublished\":\"2018-09-03T06:48:42+00:00\",\"mainEntityOfPage\":{\"@id\":\"https:\\\/\\\/www.immobilienbusiness.ch\\\/en\\\/unternehmen\\\/2018-09-03\\\/kapitalerhoehung-fuer-den-raiffeisen-futura-immo-fonds\\\/\"},\"wordCount\":170,\"commentCount\":0,\"publisher\":{\"@id\":\"https:\\\/\\\/www.immobilienbusiness.ch\\\/#organization\"},\"image\":{\"@id\":\"https:\\\/\\\/www.immobilienbusiness.ch\\\/en\\\/unternehmen\\\/2018-09-03\\\/kapitalerhoehung-fuer-den-raiffeisen-futura-immo-fonds\\\/#primaryimage\"},\"thumbnailUrl\":\"https:\\\/\\\/www.immobilienbusiness.ch\\\/wp-content\\\/uploads\\\/2016\\\/12\\\/Novavest-plant-Kapitalerhoehung-immobilien-business.jpg\",\"keywords\":[\"Immobilienfonds\",\"Kapitalerh\u00f6hung\",\"Raiffeisen\"],\"articleSection\":[\"UNTERNEHMEN\"],\"inLanguage\":\"it-IT\"},{\"@type\":\"WebPage\",\"@id\":\"https:\\\/\\\/www.immobilienbusiness.ch\\\/en\\\/unternehmen\\\/2018-09-03\\\/kapitalerhoehung-fuer-den-raiffeisen-futura-immo-fonds\\\/\",\"url\":\"https:\\\/\\\/www.immobilienbusiness.ch\\\/en\\\/unternehmen\\\/2018-09-03\\\/kapitalerhoehung-fuer-den-raiffeisen-futura-immo-fonds\\\/\",\"name\":\"Kapitalerh\u00f6hung f\u00fcr den Raiffeisen Futura Immo Fonds - IMMOBILIEN Business\",\"isPartOf\":{\"@id\":\"https:\\\/\\\/www.immobilienbusiness.ch\\\/#website\"},\"primaryImageOfPage\":{\"@id\":\"https:\\\/\\\/www.immobilienbusiness.ch\\\/en\\\/unternehmen\\\/2018-09-03\\\/kapitalerhoehung-fuer-den-raiffeisen-futura-immo-fonds\\\/#primaryimage\"},\"image\":{\"@id\":\"https:\\\/\\\/www.immobilienbusiness.ch\\\/en\\\/unternehmen\\\/2018-09-03\\\/kapitalerhoehung-fuer-den-raiffeisen-futura-immo-fonds\\\/#primaryimage\"},\"thumbnailUrl\":\"https:\\\/\\\/www.immobilienbusiness.ch\\\/wp-content\\\/uploads\\\/2016\\\/12\\\/Novavest-plant-Kapitalerhoehung-immobilien-business.jpg\",\"datePublished\":\"2018-09-03T06:48:42+00:00\",\"description\":\"Der Raiffeisen Futura Immo Fonds will sein Kapital um rund 70 Millionen CHF erh\u00f6hen. Die Fondsleitung f\u00fchrt deshalb eine Kapitalerh\u00f6hung durch.\",\"breadcrumb\":{\"@id\":\"https:\\\/\\\/www.immobilienbusiness.ch\\\/en\\\/unternehmen\\\/2018-09-03\\\/kapitalerhoehung-fuer-den-raiffeisen-futura-immo-fonds\\\/#breadcrumb\"},\"inLanguage\":\"it-IT\",\"potentialAction\":[{\"@type\":\"ReadAction\",\"target\":[\"https:\\\/\\\/www.immobilienbusiness.ch\\\/en\\\/unternehmen\\\/2018-09-03\\\/kapitalerhoehung-fuer-den-raiffeisen-futura-immo-fonds\\\/\"]}]},{\"@type\":\"ImageObject\",\"inLanguage\":\"it-IT\",\"@id\":\"https:\\\/\\\/www.immobilienbusiness.ch\\\/en\\\/unternehmen\\\/2018-09-03\\\/kapitalerhoehung-fuer-den-raiffeisen-futura-immo-fonds\\\/#primaryimage\",\"url\":\"https:\\\/\\\/www.immobilienbusiness.ch\\\/wp-content\\\/uploads\\\/2016\\\/12\\\/Novavest-plant-Kapitalerhoehung-immobilien-business.jpg\",\"contentUrl\":\"https:\\\/\\\/www.immobilienbusiness.ch\\\/wp-content\\\/uploads\\\/2016\\\/12\\\/Novavest-plant-Kapitalerhoehung-immobilien-business.jpg\",\"width\":1920,\"height\":1280,\"caption\":\"Der Futura-Fonds von Raiffeisen sucht frisches Kapital f\u00fcr Zuk\u00e4ufe (Bild: Pixabay)\"},{\"@type\":\"BreadcrumbList\",\"@id\":\"https:\\\/\\\/www.immobilienbusiness.ch\\\/en\\\/unternehmen\\\/2018-09-03\\\/kapitalerhoehung-fuer-den-raiffeisen-futura-immo-fonds\\\/#breadcrumb\",\"itemListElement\":[{\"@type\":\"ListItem\",\"position\":1,\"name\":\"Home\",\"item\":\"https:\\\/\\\/www.immobilienbusiness.ch\\\/\"},{\"@type\":\"ListItem\",\"position\":2,\"name\":\"Kapitalerh\u00f6hung f\u00fcr den Raiffeisen Futura Immo Fonds\"}]},{\"@type\":\"WebSite\",\"@id\":\"https:\\\/\\\/www.immobilienbusiness.ch\\\/#website\",\"url\":\"https:\\\/\\\/www.immobilienbusiness.ch\\\/\",\"name\":\"IMMOBILIEN Business\",\"description\":\"Unabh\u00e4ngiges Schweizer Wirtschaftsmagazin mit Fokus auf Immobilien, Architektur- und Bau sowie Investment- und Finanzierung.\",\"publisher\":{\"@id\":\"https:\\\/\\\/www.immobilienbusiness.ch\\\/#organization\"},\"potentialAction\":[{\"@type\":\"SearchAction\",\"target\":{\"@type\":\"EntryPoint\",\"urlTemplate\":\"https:\\\/\\\/www.immobilienbusiness.ch\\\/?s={search_term_string}\"},\"query-input\":{\"@type\":\"PropertyValueSpecification\",\"valueRequired\":true,\"valueName\":\"search_term_string\"}}],\"inLanguage\":\"it-IT\"},{\"@type\":\"Organization\",\"@id\":\"https:\\\/\\\/www.immobilienbusiness.ch\\\/#organization\",\"name\":\"IMMOBILIEN Business\",\"url\":\"https:\\\/\\\/www.immobilienbusiness.ch\\\/\",\"logo\":{\"@type\":\"ImageObject\",\"inLanguage\":\"it-IT\",\"@id\":\"https:\\\/\\\/www.immobilienbusiness.ch\\\/#\\\/schema\\\/logo\\\/image\\\/\",\"url\":\"https:\\\/\\\/www.immobilienbusiness.ch\\\/wp-content\\\/uploads\\\/2021\\\/07\\\/logo_ib.png\",\"contentUrl\":\"https:\\\/\\\/www.immobilienbusiness.ch\\\/wp-content\\\/uploads\\\/2021\\\/07\\\/logo_ib.png\",\"width\":800,\"height\":181,\"caption\":\"IMMOBILIEN Business\"},\"image\":{\"@id\":\"https:\\\/\\\/www.immobilienbusiness.ch\\\/#\\\/schema\\\/logo\\\/image\\\/\"},\"sameAs\":[\"https:\\\/\\\/www.facebook.com\\\/immobilienbusiness\\\/\"]},{\"@type\":\"Person\",\"@id\":\"https:\\\/\\\/www.immobilienbusiness.ch\\\/#\\\/schema\\\/person\\\/3fc036297b10b9f42d6db5ee932af8c8\",\"name\":\"anja.hall\",\"image\":{\"@type\":\"ImageObject\",\"inLanguage\":\"it-IT\",\"@id\":\"https:\\\/\\\/secure.gravatar.com\\\/avatar\\\/066b5a0d447013502c71a5782f4f3469f03cfe595cc2329fb94652fe47511bfb?s=96&d=mm&r=g\",\"url\":\"https:\\\/\\\/secure.gravatar.com\\\/avatar\\\/066b5a0d447013502c71a5782f4f3469f03cfe595cc2329fb94652fe47511bfb?s=96&d=mm&r=g\",\"contentUrl\":\"https:\\\/\\\/secure.gravatar.com\\\/avatar\\\/066b5a0d447013502c71a5782f4f3469f03cfe595cc2329fb94652fe47511bfb?s=96&d=mm&r=g\",\"caption\":\"anja.hall\"},\"url\":\"https:\\\/\\\/www.immobilienbusiness.ch\\\/it\\\/author\\\/anja-hall\\\/\"}]}<\/script>\n<!-- \/ Yoast SEO plugin. -->","yoast_head_json":{"title":"Kapitalerh\u00f6hung f\u00fcr den Raiffeisen Futura Immo Fonds - IMMOBILIEN Business","description":"Der Raiffeisen Futura Immo Fonds will sein Kapital um rund 70 Millionen CHF erh\u00f6hen. Die Fondsleitung f\u00fchrt deshalb eine Kapitalerh\u00f6hung durch.","robots":{"index":"index","follow":"follow","max-snippet":"max-snippet:-1","max-image-preview":"max-image-preview:large","max-video-preview":"max-video-preview:-1"},"canonical":"https:\/\/www.immobilienbusiness.ch\/it\/unternehmen\/2018-09-03\/kapitalerhoehung-fuer-den-raiffeisen-futura-immo-fonds\/","og_locale":"it_IT","og_type":"article","og_title":"Kapitalerh\u00f6hung f\u00fcr den Raiffeisen Futura Immo Fonds - IMMOBILIEN Business","og_description":"Der Raiffeisen Futura Immo Fonds will sein Kapital um rund 70 Millionen CHF erh\u00f6hen. Die Fondsleitung f\u00fchrt deshalb eine Kapitalerh\u00f6hung durch.","og_url":"https:\/\/www.immobilienbusiness.ch\/it\/unternehmen\/2018-09-03\/kapitalerhoehung-fuer-den-raiffeisen-futura-immo-fonds\/","og_site_name":"IMMOBILIEN Business","article_publisher":"https:\/\/www.facebook.com\/immobilienbusiness\/","article_published_time":"2018-09-03T06:48:42+00:00","og_image":[{"width":1920,"height":1280,"url":"https:\/\/www.immobilienbusiness.ch\/wp-content\/uploads\/2016\/12\/Novavest-plant-Kapitalerhoehung-immobilien-business.jpg","type":"image\/jpeg"}],"author":"anja.hall","twitter_card":"summary_large_image","twitter_image":"https:\/\/www.immobilienbusiness.ch\/wp-content\/uploads\/2016\/12\/Novavest-plant-Kapitalerh\u00f6hung-immobilien-business.jpg","schema":{"@context":"https:\/\/schema.org","@graph":[{"@type":"Article","@id":"https:\/\/www.immobilienbusiness.ch\/en\/unternehmen\/2018-09-03\/kapitalerhoehung-fuer-den-raiffeisen-futura-immo-fonds\/#article","isPartOf":{"@id":"https:\/\/www.immobilienbusiness.ch\/en\/unternehmen\/2018-09-03\/kapitalerhoehung-fuer-den-raiffeisen-futura-immo-fonds\/"},"author":{"name":"anja.hall","@id":"https:\/\/www.immobilienbusiness.ch\/#\/schema\/person\/3fc036297b10b9f42d6db5ee932af8c8"},"headline":"Kapitalerh\u00f6hung f\u00fcr den Raiffeisen Futura Immo Fonds","datePublished":"2018-09-03T06:48:42+00:00","mainEntityOfPage":{"@id":"https:\/\/www.immobilienbusiness.ch\/en\/unternehmen\/2018-09-03\/kapitalerhoehung-fuer-den-raiffeisen-futura-immo-fonds\/"},"wordCount":170,"commentCount":0,"publisher":{"@id":"https:\/\/www.immobilienbusiness.ch\/#organization"},"image":{"@id":"https:\/\/www.immobilienbusiness.ch\/en\/unternehmen\/2018-09-03\/kapitalerhoehung-fuer-den-raiffeisen-futura-immo-fonds\/#primaryimage"},"thumbnailUrl":"https:\/\/www.immobilienbusiness.ch\/wp-content\/uploads\/2016\/12\/Novavest-plant-Kapitalerhoehung-immobilien-business.jpg","keywords":["Immobilienfonds","Kapitalerh\u00f6hung","Raiffeisen"],"articleSection":["UNTERNEHMEN"],"inLanguage":"it-IT"},{"@type":"WebPage","@id":"https:\/\/www.immobilienbusiness.ch\/en\/unternehmen\/2018-09-03\/kapitalerhoehung-fuer-den-raiffeisen-futura-immo-fonds\/","url":"https:\/\/www.immobilienbusiness.ch\/en\/unternehmen\/2018-09-03\/kapitalerhoehung-fuer-den-raiffeisen-futura-immo-fonds\/","name":"Kapitalerh\u00f6hung f\u00fcr den Raiffeisen Futura Immo Fonds - IMMOBILIEN Business","isPartOf":{"@id":"https:\/\/www.immobilienbusiness.ch\/#website"},"primaryImageOfPage":{"@id":"https:\/\/www.immobilienbusiness.ch\/en\/unternehmen\/2018-09-03\/kapitalerhoehung-fuer-den-raiffeisen-futura-immo-fonds\/#primaryimage"},"image":{"@id":"https:\/\/www.immobilienbusiness.ch\/en\/unternehmen\/2018-09-03\/kapitalerhoehung-fuer-den-raiffeisen-futura-immo-fonds\/#primaryimage"},"thumbnailUrl":"https:\/\/www.immobilienbusiness.ch\/wp-content\/uploads\/2016\/12\/Novavest-plant-Kapitalerhoehung-immobilien-business.jpg","datePublished":"2018-09-03T06:48:42+00:00","description":"Der Raiffeisen Futura Immo Fonds will sein Kapital um rund 70 Millionen CHF erh\u00f6hen. Die Fondsleitung f\u00fchrt deshalb eine Kapitalerh\u00f6hung durch.","breadcrumb":{"@id":"https:\/\/www.immobilienbusiness.ch\/en\/unternehmen\/2018-09-03\/kapitalerhoehung-fuer-den-raiffeisen-futura-immo-fonds\/#breadcrumb"},"inLanguage":"it-IT","potentialAction":[{"@type":"ReadAction","target":["https:\/\/www.immobilienbusiness.ch\/en\/unternehmen\/2018-09-03\/kapitalerhoehung-fuer-den-raiffeisen-futura-immo-fonds\/"]}]},{"@type":"ImageObject","inLanguage":"it-IT","@id":"https:\/\/www.immobilienbusiness.ch\/en\/unternehmen\/2018-09-03\/kapitalerhoehung-fuer-den-raiffeisen-futura-immo-fonds\/#primaryimage","url":"https:\/\/www.immobilienbusiness.ch\/wp-content\/uploads\/2016\/12\/Novavest-plant-Kapitalerhoehung-immobilien-business.jpg","contentUrl":"https:\/\/www.immobilienbusiness.ch\/wp-content\/uploads\/2016\/12\/Novavest-plant-Kapitalerhoehung-immobilien-business.jpg","width":1920,"height":1280,"caption":"Der Futura-Fonds von Raiffeisen sucht frisches Kapital f\u00fcr Zuk\u00e4ufe (Bild: Pixabay)"},{"@type":"BreadcrumbList","@id":"https:\/\/www.immobilienbusiness.ch\/en\/unternehmen\/2018-09-03\/kapitalerhoehung-fuer-den-raiffeisen-futura-immo-fonds\/#breadcrumb","itemListElement":[{"@type":"ListItem","position":1,"name":"Home","item":"https:\/\/www.immobilienbusiness.ch\/"},{"@type":"ListItem","position":2,"name":"Kapitalerh\u00f6hung f\u00fcr den Raiffeisen Futura Immo Fonds"}]},{"@type":"WebSite","@id":"https:\/\/www.immobilienbusiness.ch\/#website","url":"https:\/\/www.immobilienbusiness.ch\/","name":"Affari immobiliari","description":"Rivista economica indipendente svizzera che si concentra sul settore immobiliare, l'architettura e la costruzione, nonch\u00e9 sugli investimenti e i finanziamenti.","publisher":{"@id":"https:\/\/www.immobilienbusiness.ch\/#organization"},"potentialAction":[{"@type":"SearchAction","target":{"@type":"EntryPoint","urlTemplate":"https:\/\/www.immobilienbusiness.ch\/?s={search_term_string}"},"query-input":{"@type":"PropertyValueSpecification","valueRequired":true,"valueName":"search_term_string"}}],"inLanguage":"it-IT"},{"@type":"Organization","@id":"https:\/\/www.immobilienbusiness.ch\/#organization","name":"Affari immobiliari","url":"https:\/\/www.immobilienbusiness.ch\/","logo":{"@type":"ImageObject","inLanguage":"it-IT","@id":"https:\/\/www.immobilienbusiness.ch\/#\/schema\/logo\/image\/","url":"https:\/\/www.immobilienbusiness.ch\/wp-content\/uploads\/2021\/07\/logo_ib.png","contentUrl":"https:\/\/www.immobilienbusiness.ch\/wp-content\/uploads\/2021\/07\/logo_ib.png","width":800,"height":181,"caption":"IMMOBILIEN Business"},"image":{"@id":"https:\/\/www.immobilienbusiness.ch\/#\/schema\/logo\/image\/"},"sameAs":["https:\/\/www.facebook.com\/immobilienbusiness\/"]},{"@type":"Person","@id":"https:\/\/www.immobilienbusiness.ch\/#\/schema\/person\/3fc036297b10b9f42d6db5ee932af8c8","name":"anja.hall","image":{"@type":"ImageObject","inLanguage":"it-IT","@id":"https:\/\/secure.gravatar.com\/avatar\/066b5a0d447013502c71a5782f4f3469f03cfe595cc2329fb94652fe47511bfb?s=96&d=mm&r=g","url":"https:\/\/secure.gravatar.com\/avatar\/066b5a0d447013502c71a5782f4f3469f03cfe595cc2329fb94652fe47511bfb?s=96&d=mm&r=g","contentUrl":"https:\/\/secure.gravatar.com\/avatar\/066b5a0d447013502c71a5782f4f3469f03cfe595cc2329fb94652fe47511bfb?s=96&d=mm&r=g","caption":"anja.hall"},"url":"https:\/\/www.immobilienbusiness.ch\/it\/author\/anja-hall\/"}]}},"_links":{"self":[{"href":"https:\/\/www.immobilienbusiness.ch\/it\/wp-json\/wp\/v2\/posts\/13911","targetHints":{"allow":["GET"]}}],"collection":[{"href":"https:\/\/www.immobilienbusiness.ch\/it\/wp-json\/wp\/v2\/posts"}],"about":[{"href":"https:\/\/www.immobilienbusiness.ch\/it\/wp-json\/wp\/v2\/types\/post"}],"author":[{"embeddable":true,"href":"https:\/\/www.immobilienbusiness.ch\/it\/wp-json\/wp\/v2\/users\/3"}],"replies":[{"embeddable":true,"href":"https:\/\/www.immobilienbusiness.ch\/it\/wp-json\/wp\/v2\/comments?post=13911"}],"version-history":[{"count":0,"href":"https:\/\/www.immobilienbusiness.ch\/it\/wp-json\/wp\/v2\/posts\/13911\/revisions"}],"wp:featuredmedia":[{"embeddable":true,"href":"https:\/\/www.immobilienbusiness.ch\/it\/wp-json\/wp\/v2\/media\/3344"}],"wp:attachment":[{"href":"https:\/\/www.immobilienbusiness.ch\/it\/wp-json\/wp\/v2\/media?parent=13911"}],"wp:term":[{"taxonomy":"category","embeddable":true,"href":"https:\/\/www.immobilienbusiness.ch\/it\/wp-json\/wp\/v2\/categories?post=13911"},{"taxonomy":"post_tag","embeddable":true,"href":"https:\/\/www.immobilienbusiness.ch\/it\/wp-json\/wp\/v2\/tags?post=13911"}],"curies":[{"name":"wp","href":"https:\/\/api.w.org\/{rel}","templated":true}]}}