{"id":13861,"date":"2018-09-05T08:19:22","date_gmt":"2018-09-05T06:19:22","guid":{"rendered":"https:\/\/www.immobilienbusiness.ch\/?p=13861"},"modified":"2018-09-05T08:19:22","modified_gmt":"2018-09-05T06:19:22","slug":"basel-gruenes-licht-fuer-csa-projekt","status":"publish","type":"post","link":"https:\/\/www.immobilienbusiness.ch\/it\/regionen\/2018-09-05\/basel-gruenes-licht-fuer-csa-projekt\/","title":{"rendered":"Basilea: luce verde per il progetto CSA"},"content":{"rendered":"<figure id=\"attachment_13862\" aria-describedby=\"caption-attachment-13862\" style=\"width: 680px\" class=\"wp-caption alignnone\"><img loading=\"lazy\" decoding=\"async\" class=\"wp-image-13862 size-medium\" src=\"https:\/\/www.immobilienbusiness.ch\/wp-content\/uploads\/2018\/08\/AEV_Aussenvisualisierung-2_DD.jpg\" alt=\"\" width=\"680\" height=\"601\" srcset=\"https:\/\/www.immobilienbusiness.ch\/wp-content\/uploads\/2018\/08\/AEV_Aussenvisualisierung-2_DD.jpg 2285w, https:\/\/www.immobilienbusiness.ch\/wp-content\/uploads\/2018\/08\/AEV_Aussenvisualisierung-2_DD-300x265.jpg 300w, https:\/\/www.immobilienbusiness.ch\/wp-content\/uploads\/2018\/08\/AEV_Aussenvisualisierung-2_DD-1024x906.jpg 1024w, https:\/\/www.immobilienbusiness.ch\/wp-content\/uploads\/2018\/08\/AEV_Aussenvisualisierung-2_DD-768x679.jpg 768w, https:\/\/www.immobilienbusiness.ch\/wp-content\/uploads\/2018\/08\/AEV_Aussenvisualisierung-2_DD-1536x1359.jpg 1536w, https:\/\/www.immobilienbusiness.ch\/wp-content\/uploads\/2018\/08\/AEV_Aussenvisualisierung-2_DD-2048x1811.jpg 2048w, https:\/\/www.immobilienbusiness.ch\/wp-content\/uploads\/2018\/08\/AEV_Aussenvisualisierung-2_DD-14x12.jpg 14w, https:\/\/www.immobilienbusiness.ch\/wp-content\/uploads\/2018\/08\/AEV_Aussenvisualisierung-2_DD-198x175.jpg 198w, https:\/\/www.immobilienbusiness.ch\/wp-content\/uploads\/2018\/08\/AEV_Aussenvisualisierung-2_DD-396x350.jpg 396w, https:\/\/www.immobilienbusiness.ch\/wp-content\/uploads\/2018\/08\/AEV_Aussenvisualisierung-2_DD-905x800.jpg 905w, https:\/\/www.immobilienbusiness.ch\/wp-content\/uploads\/2018\/08\/AEV_Aussenvisualisierung-2_DD-920x814.jpg 920w, https:\/\/www.immobilienbusiness.ch\/wp-content\/uploads\/2018\/08\/AEV_Aussenvisualisierung-2_DD-1400x1238.jpg 1400w, https:\/\/www.immobilienbusiness.ch\/wp-content\/uploads\/2018\/08\/AEV_Aussenvisualisierung-2_DD-1583x1400.jpg 1583w\" sizes=\"auto, (max-width: 680px) 100vw, 680px\" \/><figcaption id=\"caption-attachment-13862\" class=\"wp-caption-text\">Il CSA \u00e8 autorizzato a rinnovare e ampliare la sua propriet\u00e0 in Aeschenvorstadt (Visualizzazione: \u00a9 Diener &amp; Diener Architekten)<\/figcaption><\/figure>\n<p>Il CSA vuole rinnovare la sua propriet\u00e0 in Aeschenvorstadt 72. Insieme all'edificio vicino in Aeschenplatz 3, la propriet\u00e0 forma l'ingresso a Aeschenvorstadt e quindi anche al centro di Basilea. Con sei piani, l'edificio per uffici \u00e8 attualmente un piano pi\u00f9 basso della sua controparte e non ha nemmeno un'area esterna coperta. Per allineare i due edifici, la propriet\u00e0 di Aeschenvorstadt 72 ricever\u00e0 un piano supplementare e una tettoia sporgente.<\/p>\n<p>La base del piano di sviluppo \u00e8 stato il progetto di ristrutturazione dello studio di architettura Diener &amp; Diener, che si riferisce all'edificio originale del 1966 sia dal punto di vista del materiale che del design, secondo il consiglio di governo. La ristrutturazione ha lo scopo di aumentare la qualit\u00e0 urbana e rendere lo spazio esterno pi\u00f9 attraente.<em> (ah)<\/em><\/p>\n<p>&nbsp;<\/p>","protected":false},"excerpt":{"rendered":"<p>La Credit Suisse Investment Foundation (CSA) pu\u00f2 aumentare la dimensione della sua propriet\u00e0 in Aeschenvorstadt a Basilea. Il consiglio di governo ha approvato il piano di sviluppo per la riqualificazione.<\/p>","protected":false},"author":3,"featured_media":13862,"comment_status":"open","ping_status":"open","sticky":false,"template":"","format":"standard","meta":{"_acf_changed":false,"_yoast_wpseo_focuskw":"CSA","_yoast_wpseo_title":"","_yoast_wpseo_metadesc":"Die Credit Suisse Anlagestiftung (CSA) kann ihre Liegenschaft an der Aeschenvorstadt in Basel aufstocken. Der Bebauungsplan wurde beschlossen.","_yoast_wpseo_linkdex":66,"pgc_sgb_lightbox_settings":"","footnotes":""},"categories":[985],"tags":[1030,1069,1146,1636],"class_list":["post-13861","post","type-post","status-publish","format-standard","has-post-thumbnail","hentry","category-regionen","tag-anlagestiftung","tag-basel","tag-credit-suisse","tag-renovation"],"acf":[],"yoast_head":"<!-- This site is optimized with the Yoast SEO plugin v27.4 - https:\/\/yoast.com\/product\/yoast-seo-wordpress\/ -->\n<title>Basel: Gr\u00fcnes Licht f\u00fcr CSA-Projekt - IMMOBILIEN Business<\/title>\n<meta name=\"description\" content=\"Die Credit Suisse Anlagestiftung (CSA) kann ihre Liegenschaft an der Aeschenvorstadt in Basel aufstocken. Der Bebauungsplan wurde beschlossen.\" \/>\n<meta name=\"robots\" content=\"index, follow, max-snippet:-1, max-image-preview:large, max-video-preview:-1\" \/>\n<link rel=\"canonical\" href=\"https:\/\/www.immobilienbusiness.ch\/it\/regionen\/2018-09-05\/basel-gruenes-licht-fuer-csa-projekt\/\" \/>\n<meta property=\"og:locale\" content=\"it_IT\" \/>\n<meta property=\"og:type\" content=\"article\" \/>\n<meta property=\"og:title\" content=\"Basel: Gr\u00fcnes Licht f\u00fcr CSA-Projekt - IMMOBILIEN Business\" \/>\n<meta property=\"og:description\" content=\"Die Credit Suisse Anlagestiftung (CSA) kann ihre Liegenschaft an der Aeschenvorstadt in Basel aufstocken. Der Bebauungsplan wurde beschlossen.\" \/>\n<meta property=\"og:url\" content=\"https:\/\/www.immobilienbusiness.ch\/it\/regionen\/2018-09-05\/basel-gruenes-licht-fuer-csa-projekt\/\" \/>\n<meta property=\"og:site_name\" content=\"IMMOBILIEN Business\" \/>\n<meta property=\"article:publisher\" content=\"https:\/\/www.facebook.com\/immobilienbusiness\/\" \/>\n<meta property=\"article:published_time\" content=\"2018-09-05T06:19:22+00:00\" \/>\n<meta property=\"og:image\" content=\"https:\/\/www.immobilienbusiness.ch\/wp-content\/uploads\/2018\/08\/AEV_Aussenvisualisierung-2_DD-1024x906.jpg\" \/>\n\t<meta property=\"og:image:width\" content=\"1024\" \/>\n\t<meta property=\"og:image:height\" content=\"906\" \/>\n\t<meta property=\"og:image:type\" content=\"image\/jpeg\" \/>\n<meta name=\"author\" content=\"anja.hall\" \/>\n<meta name=\"twitter:card\" content=\"summary_large_image\" \/>\n<meta name=\"twitter:image\" content=\"https:\/\/www.immobilienbusiness.ch\/wp-content\/uploads\/2018\/08\/AEV_Aussenvisualisierung-2_DD.jpg\" \/>\n<script type=\"application\/ld+json\" class=\"yoast-schema-graph\">{\"@context\":\"https:\\\/\\\/schema.org\",\"@graph\":[{\"@type\":\"Article\",\"@id\":\"https:\\\/\\\/www.immobilienbusiness.ch\\\/en\\\/regionen\\\/2018-09-05\\\/basel-gruenes-licht-fuer-csa-projekt\\\/#article\",\"isPartOf\":{\"@id\":\"https:\\\/\\\/www.immobilienbusiness.ch\\\/en\\\/regionen\\\/2018-09-05\\\/basel-gruenes-licht-fuer-csa-projekt\\\/\"},\"author\":{\"name\":\"anja.hall\",\"@id\":\"https:\\\/\\\/www.immobilienbusiness.ch\\\/#\\\/schema\\\/person\\\/3fc036297b10b9f42d6db5ee932af8c8\"},\"headline\":\"Basel: Gr\u00fcnes Licht f\u00fcr CSA-Projekt\",\"datePublished\":\"2018-09-05T06:19:22+00:00\",\"mainEntityOfPage\":{\"@id\":\"https:\\\/\\\/www.immobilienbusiness.ch\\\/en\\\/regionen\\\/2018-09-05\\\/basel-gruenes-licht-fuer-csa-projekt\\\/\"},\"wordCount\":154,\"commentCount\":0,\"publisher\":{\"@id\":\"https:\\\/\\\/www.immobilienbusiness.ch\\\/#organization\"},\"image\":{\"@id\":\"https:\\\/\\\/www.immobilienbusiness.ch\\\/en\\\/regionen\\\/2018-09-05\\\/basel-gruenes-licht-fuer-csa-projekt\\\/#primaryimage\"},\"thumbnailUrl\":\"https:\\\/\\\/www.immobilienbusiness.ch\\\/wp-content\\\/uploads\\\/2018\\\/08\\\/AEV_Aussenvisualisierung-2_DD.jpg\",\"keywords\":[\"Anlagestiftung\",\"Basel\",\"Credit Suisse\",\"Renovation\"],\"articleSection\":[\"REGIONEN\"],\"inLanguage\":\"it-IT\"},{\"@type\":\"WebPage\",\"@id\":\"https:\\\/\\\/www.immobilienbusiness.ch\\\/en\\\/regionen\\\/2018-09-05\\\/basel-gruenes-licht-fuer-csa-projekt\\\/\",\"url\":\"https:\\\/\\\/www.immobilienbusiness.ch\\\/en\\\/regionen\\\/2018-09-05\\\/basel-gruenes-licht-fuer-csa-projekt\\\/\",\"name\":\"Basel: Gr\u00fcnes Licht f\u00fcr CSA-Projekt - IMMOBILIEN Business\",\"isPartOf\":{\"@id\":\"https:\\\/\\\/www.immobilienbusiness.ch\\\/#website\"},\"primaryImageOfPage\":{\"@id\":\"https:\\\/\\\/www.immobilienbusiness.ch\\\/en\\\/regionen\\\/2018-09-05\\\/basel-gruenes-licht-fuer-csa-projekt\\\/#primaryimage\"},\"image\":{\"@id\":\"https:\\\/\\\/www.immobilienbusiness.ch\\\/en\\\/regionen\\\/2018-09-05\\\/basel-gruenes-licht-fuer-csa-projekt\\\/#primaryimage\"},\"thumbnailUrl\":\"https:\\\/\\\/www.immobilienbusiness.ch\\\/wp-content\\\/uploads\\\/2018\\\/08\\\/AEV_Aussenvisualisierung-2_DD.jpg\",\"datePublished\":\"2018-09-05T06:19:22+00:00\",\"description\":\"Die Credit Suisse Anlagestiftung (CSA) kann ihre Liegenschaft an der Aeschenvorstadt in Basel aufstocken. Der Bebauungsplan wurde beschlossen.\",\"breadcrumb\":{\"@id\":\"https:\\\/\\\/www.immobilienbusiness.ch\\\/en\\\/regionen\\\/2018-09-05\\\/basel-gruenes-licht-fuer-csa-projekt\\\/#breadcrumb\"},\"inLanguage\":\"it-IT\",\"potentialAction\":[{\"@type\":\"ReadAction\",\"target\":[\"https:\\\/\\\/www.immobilienbusiness.ch\\\/en\\\/regionen\\\/2018-09-05\\\/basel-gruenes-licht-fuer-csa-projekt\\\/\"]}]},{\"@type\":\"ImageObject\",\"inLanguage\":\"it-IT\",\"@id\":\"https:\\\/\\\/www.immobilienbusiness.ch\\\/en\\\/regionen\\\/2018-09-05\\\/basel-gruenes-licht-fuer-csa-projekt\\\/#primaryimage\",\"url\":\"https:\\\/\\\/www.immobilienbusiness.ch\\\/wp-content\\\/uploads\\\/2018\\\/08\\\/AEV_Aussenvisualisierung-2_DD.jpg\",\"contentUrl\":\"https:\\\/\\\/www.immobilienbusiness.ch\\\/wp-content\\\/uploads\\\/2018\\\/08\\\/AEV_Aussenvisualisierung-2_DD.jpg\",\"width\":2285,\"height\":2021,\"caption\":\"AEV_Aussenvisualisierung 2_DD, Diener & Diener\"},{\"@type\":\"BreadcrumbList\",\"@id\":\"https:\\\/\\\/www.immobilienbusiness.ch\\\/en\\\/regionen\\\/2018-09-05\\\/basel-gruenes-licht-fuer-csa-projekt\\\/#breadcrumb\",\"itemListElement\":[{\"@type\":\"ListItem\",\"position\":1,\"name\":\"Home\",\"item\":\"https:\\\/\\\/www.immobilienbusiness.ch\\\/\"},{\"@type\":\"ListItem\",\"position\":2,\"name\":\"Basel: Gr\u00fcnes Licht f\u00fcr CSA-Projekt\"}]},{\"@type\":\"WebSite\",\"@id\":\"https:\\\/\\\/www.immobilienbusiness.ch\\\/#website\",\"url\":\"https:\\\/\\\/www.immobilienbusiness.ch\\\/\",\"name\":\"IMMOBILIEN Business\",\"description\":\"Unabh\u00e4ngiges Schweizer Wirtschaftsmagazin mit Fokus auf Immobilien, Architektur- und Bau sowie Investment- und Finanzierung.\",\"publisher\":{\"@id\":\"https:\\\/\\\/www.immobilienbusiness.ch\\\/#organization\"},\"potentialAction\":[{\"@type\":\"SearchAction\",\"target\":{\"@type\":\"EntryPoint\",\"urlTemplate\":\"https:\\\/\\\/www.immobilienbusiness.ch\\\/?s={search_term_string}\"},\"query-input\":{\"@type\":\"PropertyValueSpecification\",\"valueRequired\":true,\"valueName\":\"search_term_string\"}}],\"inLanguage\":\"it-IT\"},{\"@type\":\"Organization\",\"@id\":\"https:\\\/\\\/www.immobilienbusiness.ch\\\/#organization\",\"name\":\"IMMOBILIEN Business\",\"url\":\"https:\\\/\\\/www.immobilienbusiness.ch\\\/\",\"logo\":{\"@type\":\"ImageObject\",\"inLanguage\":\"it-IT\",\"@id\":\"https:\\\/\\\/www.immobilienbusiness.ch\\\/#\\\/schema\\\/logo\\\/image\\\/\",\"url\":\"https:\\\/\\\/www.immobilienbusiness.ch\\\/wp-content\\\/uploads\\\/2021\\\/07\\\/logo_ib.png\",\"contentUrl\":\"https:\\\/\\\/www.immobilienbusiness.ch\\\/wp-content\\\/uploads\\\/2021\\\/07\\\/logo_ib.png\",\"width\":800,\"height\":181,\"caption\":\"IMMOBILIEN Business\"},\"image\":{\"@id\":\"https:\\\/\\\/www.immobilienbusiness.ch\\\/#\\\/schema\\\/logo\\\/image\\\/\"},\"sameAs\":[\"https:\\\/\\\/www.facebook.com\\\/immobilienbusiness\\\/\"]},{\"@type\":\"Person\",\"@id\":\"https:\\\/\\\/www.immobilienbusiness.ch\\\/#\\\/schema\\\/person\\\/3fc036297b10b9f42d6db5ee932af8c8\",\"name\":\"anja.hall\",\"image\":{\"@type\":\"ImageObject\",\"inLanguage\":\"it-IT\",\"@id\":\"https:\\\/\\\/secure.gravatar.com\\\/avatar\\\/066b5a0d447013502c71a5782f4f3469f03cfe595cc2329fb94652fe47511bfb?s=96&d=mm&r=g\",\"url\":\"https:\\\/\\\/secure.gravatar.com\\\/avatar\\\/066b5a0d447013502c71a5782f4f3469f03cfe595cc2329fb94652fe47511bfb?s=96&d=mm&r=g\",\"contentUrl\":\"https:\\\/\\\/secure.gravatar.com\\\/avatar\\\/066b5a0d447013502c71a5782f4f3469f03cfe595cc2329fb94652fe47511bfb?s=96&d=mm&r=g\",\"caption\":\"anja.hall\"},\"url\":\"https:\\\/\\\/www.immobilienbusiness.ch\\\/it\\\/author\\\/anja-hall\\\/\"}]}<\/script>\n<!-- \/ Yoast SEO plugin. -->","yoast_head_json":{"title":"Basel: Gr\u00fcnes Licht f\u00fcr CSA-Projekt - IMMOBILIEN Business","description":"Die Credit Suisse Anlagestiftung (CSA) kann ihre Liegenschaft an der Aeschenvorstadt in Basel aufstocken. Der Bebauungsplan wurde beschlossen.","robots":{"index":"index","follow":"follow","max-snippet":"max-snippet:-1","max-image-preview":"max-image-preview:large","max-video-preview":"max-video-preview:-1"},"canonical":"https:\/\/www.immobilienbusiness.ch\/it\/regionen\/2018-09-05\/basel-gruenes-licht-fuer-csa-projekt\/","og_locale":"it_IT","og_type":"article","og_title":"Basel: Gr\u00fcnes Licht f\u00fcr CSA-Projekt - IMMOBILIEN Business","og_description":"Die Credit Suisse Anlagestiftung (CSA) kann ihre Liegenschaft an der Aeschenvorstadt in Basel aufstocken. Der Bebauungsplan wurde beschlossen.","og_url":"https:\/\/www.immobilienbusiness.ch\/it\/regionen\/2018-09-05\/basel-gruenes-licht-fuer-csa-projekt\/","og_site_name":"IMMOBILIEN Business","article_publisher":"https:\/\/www.facebook.com\/immobilienbusiness\/","article_published_time":"2018-09-05T06:19:22+00:00","og_image":[{"width":1024,"height":906,"url":"https:\/\/www.immobilienbusiness.ch\/wp-content\/uploads\/2018\/08\/AEV_Aussenvisualisierung-2_DD-1024x906.jpg","type":"image\/jpeg"}],"author":"anja.hall","twitter_card":"summary_large_image","twitter_image":"https:\/\/www.immobilienbusiness.ch\/wp-content\/uploads\/2018\/08\/AEV_Aussenvisualisierung-2_DD.jpg","schema":{"@context":"https:\/\/schema.org","@graph":[{"@type":"Article","@id":"https:\/\/www.immobilienbusiness.ch\/en\/regionen\/2018-09-05\/basel-gruenes-licht-fuer-csa-projekt\/#article","isPartOf":{"@id":"https:\/\/www.immobilienbusiness.ch\/en\/regionen\/2018-09-05\/basel-gruenes-licht-fuer-csa-projekt\/"},"author":{"name":"anja.hall","@id":"https:\/\/www.immobilienbusiness.ch\/#\/schema\/person\/3fc036297b10b9f42d6db5ee932af8c8"},"headline":"Basel: Gr\u00fcnes Licht f\u00fcr CSA-Projekt","datePublished":"2018-09-05T06:19:22+00:00","mainEntityOfPage":{"@id":"https:\/\/www.immobilienbusiness.ch\/en\/regionen\/2018-09-05\/basel-gruenes-licht-fuer-csa-projekt\/"},"wordCount":154,"commentCount":0,"publisher":{"@id":"https:\/\/www.immobilienbusiness.ch\/#organization"},"image":{"@id":"https:\/\/www.immobilienbusiness.ch\/en\/regionen\/2018-09-05\/basel-gruenes-licht-fuer-csa-projekt\/#primaryimage"},"thumbnailUrl":"https:\/\/www.immobilienbusiness.ch\/wp-content\/uploads\/2018\/08\/AEV_Aussenvisualisierung-2_DD.jpg","keywords":["Anlagestiftung","Basel","Credit Suisse","Renovation"],"articleSection":["REGIONEN"],"inLanguage":"it-IT"},{"@type":"WebPage","@id":"https:\/\/www.immobilienbusiness.ch\/en\/regionen\/2018-09-05\/basel-gruenes-licht-fuer-csa-projekt\/","url":"https:\/\/www.immobilienbusiness.ch\/en\/regionen\/2018-09-05\/basel-gruenes-licht-fuer-csa-projekt\/","name":"Basel: Gr\u00fcnes Licht f\u00fcr CSA-Projekt - IMMOBILIEN Business","isPartOf":{"@id":"https:\/\/www.immobilienbusiness.ch\/#website"},"primaryImageOfPage":{"@id":"https:\/\/www.immobilienbusiness.ch\/en\/regionen\/2018-09-05\/basel-gruenes-licht-fuer-csa-projekt\/#primaryimage"},"image":{"@id":"https:\/\/www.immobilienbusiness.ch\/en\/regionen\/2018-09-05\/basel-gruenes-licht-fuer-csa-projekt\/#primaryimage"},"thumbnailUrl":"https:\/\/www.immobilienbusiness.ch\/wp-content\/uploads\/2018\/08\/AEV_Aussenvisualisierung-2_DD.jpg","datePublished":"2018-09-05T06:19:22+00:00","description":"Die Credit Suisse Anlagestiftung (CSA) kann ihre Liegenschaft an der Aeschenvorstadt in Basel aufstocken. Der Bebauungsplan wurde beschlossen.","breadcrumb":{"@id":"https:\/\/www.immobilienbusiness.ch\/en\/regionen\/2018-09-05\/basel-gruenes-licht-fuer-csa-projekt\/#breadcrumb"},"inLanguage":"it-IT","potentialAction":[{"@type":"ReadAction","target":["https:\/\/www.immobilienbusiness.ch\/en\/regionen\/2018-09-05\/basel-gruenes-licht-fuer-csa-projekt\/"]}]},{"@type":"ImageObject","inLanguage":"it-IT","@id":"https:\/\/www.immobilienbusiness.ch\/en\/regionen\/2018-09-05\/basel-gruenes-licht-fuer-csa-projekt\/#primaryimage","url":"https:\/\/www.immobilienbusiness.ch\/wp-content\/uploads\/2018\/08\/AEV_Aussenvisualisierung-2_DD.jpg","contentUrl":"https:\/\/www.immobilienbusiness.ch\/wp-content\/uploads\/2018\/08\/AEV_Aussenvisualisierung-2_DD.jpg","width":2285,"height":2021,"caption":"AEV_Aussenvisualisierung 2_DD, Diener & Diener"},{"@type":"BreadcrumbList","@id":"https:\/\/www.immobilienbusiness.ch\/en\/regionen\/2018-09-05\/basel-gruenes-licht-fuer-csa-projekt\/#breadcrumb","itemListElement":[{"@type":"ListItem","position":1,"name":"Home","item":"https:\/\/www.immobilienbusiness.ch\/"},{"@type":"ListItem","position":2,"name":"Basel: Gr\u00fcnes Licht f\u00fcr CSA-Projekt"}]},{"@type":"WebSite","@id":"https:\/\/www.immobilienbusiness.ch\/#website","url":"https:\/\/www.immobilienbusiness.ch\/","name":"Affari immobiliari","description":"Rivista economica indipendente svizzera che si concentra sul settore immobiliare, l'architettura e la costruzione, nonch\u00e9 sugli investimenti e i finanziamenti.","publisher":{"@id":"https:\/\/www.immobilienbusiness.ch\/#organization"},"potentialAction":[{"@type":"SearchAction","target":{"@type":"EntryPoint","urlTemplate":"https:\/\/www.immobilienbusiness.ch\/?s={search_term_string}"},"query-input":{"@type":"PropertyValueSpecification","valueRequired":true,"valueName":"search_term_string"}}],"inLanguage":"it-IT"},{"@type":"Organization","@id":"https:\/\/www.immobilienbusiness.ch\/#organization","name":"Affari immobiliari","url":"https:\/\/www.immobilienbusiness.ch\/","logo":{"@type":"ImageObject","inLanguage":"it-IT","@id":"https:\/\/www.immobilienbusiness.ch\/#\/schema\/logo\/image\/","url":"https:\/\/www.immobilienbusiness.ch\/wp-content\/uploads\/2021\/07\/logo_ib.png","contentUrl":"https:\/\/www.immobilienbusiness.ch\/wp-content\/uploads\/2021\/07\/logo_ib.png","width":800,"height":181,"caption":"IMMOBILIEN Business"},"image":{"@id":"https:\/\/www.immobilienbusiness.ch\/#\/schema\/logo\/image\/"},"sameAs":["https:\/\/www.facebook.com\/immobilienbusiness\/"]},{"@type":"Person","@id":"https:\/\/www.immobilienbusiness.ch\/#\/schema\/person\/3fc036297b10b9f42d6db5ee932af8c8","name":"anja.hall","image":{"@type":"ImageObject","inLanguage":"it-IT","@id":"https:\/\/secure.gravatar.com\/avatar\/066b5a0d447013502c71a5782f4f3469f03cfe595cc2329fb94652fe47511bfb?s=96&d=mm&r=g","url":"https:\/\/secure.gravatar.com\/avatar\/066b5a0d447013502c71a5782f4f3469f03cfe595cc2329fb94652fe47511bfb?s=96&d=mm&r=g","contentUrl":"https:\/\/secure.gravatar.com\/avatar\/066b5a0d447013502c71a5782f4f3469f03cfe595cc2329fb94652fe47511bfb?s=96&d=mm&r=g","caption":"anja.hall"},"url":"https:\/\/www.immobilienbusiness.ch\/it\/author\/anja-hall\/"}]}},"_links":{"self":[{"href":"https:\/\/www.immobilienbusiness.ch\/it\/wp-json\/wp\/v2\/posts\/13861","targetHints":{"allow":["GET"]}}],"collection":[{"href":"https:\/\/www.immobilienbusiness.ch\/it\/wp-json\/wp\/v2\/posts"}],"about":[{"href":"https:\/\/www.immobilienbusiness.ch\/it\/wp-json\/wp\/v2\/types\/post"}],"author":[{"embeddable":true,"href":"https:\/\/www.immobilienbusiness.ch\/it\/wp-json\/wp\/v2\/users\/3"}],"replies":[{"embeddable":true,"href":"https:\/\/www.immobilienbusiness.ch\/it\/wp-json\/wp\/v2\/comments?post=13861"}],"version-history":[{"count":0,"href":"https:\/\/www.immobilienbusiness.ch\/it\/wp-json\/wp\/v2\/posts\/13861\/revisions"}],"wp:featuredmedia":[{"embeddable":true,"href":"https:\/\/www.immobilienbusiness.ch\/it\/wp-json\/wp\/v2\/media\/13862"}],"wp:attachment":[{"href":"https:\/\/www.immobilienbusiness.ch\/it\/wp-json\/wp\/v2\/media?parent=13861"}],"wp:term":[{"taxonomy":"category","embeddable":true,"href":"https:\/\/www.immobilienbusiness.ch\/it\/wp-json\/wp\/v2\/categories?post=13861"},{"taxonomy":"post_tag","embeddable":true,"href":"https:\/\/www.immobilienbusiness.ch\/it\/wp-json\/wp\/v2\/tags?post=13861"}],"curies":[{"name":"wp","href":"https:\/\/api.w.org\/{rel}","templated":true}]}}