{"id":1382,"date":"2021-02-27T17:24:52","date_gmt":"2021-02-27T16:24:52","guid":{"rendered":"https:\/\/develop.immobilienbusiness.ch\/de\/allgemein\/2021-02-27\/winterthur-neue-plane-fur-campus-technikumstrasse\/"},"modified":"2023-07-05T15:22:26","modified_gmt":"2023-07-05T13:22:26","slug":"winterthur-neue-plane-fur-campus-technikumstrasse","status":"publish","type":"post","link":"https:\/\/www.immobilienbusiness.ch\/it\/ib\/2021-02-27\/winterthur-neue-plane-fur-campus-technikumstrasse\/","title":{"rendered":"Winterthur: nuovi piani per il Campus Technikumstrasse"},"content":{"rendered":"<div class=\"swpm-post-not-logged-in-msg\">Devi eseguire l&#039;accesso per visualizzare questo contenuto. Avrete bisogno di <a class=\"swpm-login-link\" href=\"https:\/\/www.immobilienbusiness.ch\/it\/login\/?swpm_redirect_to=https%3A%2F%2Fwww.immobilienbusiness.ch%2Fit%2Fwp-json%2Fwp%2Fv2%2Fposts%2F1382\">Accedi<\/a>. Non sei un membro? <a href=\"https:\/\/www.immobilienbusiness.ch\/it\/registrieren\/\">Registrazione<\/a><\/div>","protected":false},"excerpt":{"rendered":"<p><span><span>Il campus della Technikumstrasse dell'Universit\u00e0 di Scienze Applicate di Zurigo (ZHAW) a Winterthur (ZH) sar\u00e0 completamente rinnovato. Il relativo piano di progettazione \u00e8 stato modificato dal Cantone di Zurigo a seguito di obiezioni ed \u00e8 ora disponibile.<\/span><\/span><\/p>","protected":false},"author":8,"featured_media":0,"comment_status":"closed","ping_status":"closed","sticky":false,"template":"","format":"standard","meta":{"_acf_changed":false,"_yoast_wpseo_focuskw":"Technikumstrasse","_yoast_wpseo_title":"","_yoast_wpseo_metadesc":"Der Campus Technikumstrasse der Z\u00fcrcher Hochschule f\u00fcr Angewandte Wissenschaften (ZHAW) in Winterthur (ZH) soll umfassend erneuert werden. Der entsprechende Gestaltungsplan wurde vom Kanton Z\u00fcrich nach Einwendungen angepasst und liegt nun auf.","_yoast_wpseo_linkdex":48,"pgc_sgb_lightbox_settings":"","footnotes":""},"categories":[1951],"tags":[1957,1365,1978],"class_list":["post-1382","post","type-post","status-publish","format-standard","hentry","category-ib","tag-in-planung","tag-infrastruktur","tag-zh"],"acf":[],"yoast_head":"<!-- This site is optimized with the Yoast SEO plugin v27.4 - https:\/\/yoast.com\/product\/yoast-seo-wordpress\/ -->\n<title>Winterthur: Neue Pl\u00e4ne f\u00fcr Campus Technikumstrasse - IMMOBILIEN Business<\/title>\n<meta name=\"description\" content=\"Der Campus Technikumstrasse der Z\u00fcrcher Hochschule f\u00fcr Angewandte Wissenschaften (ZHAW) in Winterthur (ZH) soll umfassend erneuert werden. Der entsprechende Gestaltungsplan wurde vom Kanton Z\u00fcrich nach Einwendungen angepasst und liegt nun auf.\" \/>\n<meta name=\"robots\" content=\"index, follow, max-snippet:-1, max-image-preview:large, max-video-preview:-1\" \/>\n<link rel=\"canonical\" href=\"https:\/\/www.immobilienbusiness.ch\/it\/ib\/2021-02-27\/winterthur-neue-plane-fur-campus-technikumstrasse\/\" \/>\n<meta property=\"og:locale\" content=\"it_IT\" \/>\n<meta property=\"og:type\" content=\"article\" \/>\n<meta property=\"og:title\" content=\"Winterthur: Neue Pl\u00e4ne f\u00fcr Campus Technikumstrasse - IMMOBILIEN Business\" \/>\n<meta property=\"og:description\" content=\"Der Campus Technikumstrasse der Z\u00fcrcher Hochschule f\u00fcr Angewandte Wissenschaften (ZHAW) in Winterthur (ZH) soll umfassend erneuert werden. Der entsprechende Gestaltungsplan wurde vom Kanton Z\u00fcrich nach Einwendungen angepasst und liegt nun auf.\" \/>\n<meta property=\"og:url\" content=\"https:\/\/www.immobilienbusiness.ch\/it\/ib\/2021-02-27\/winterthur-neue-plane-fur-campus-technikumstrasse\/\" \/>\n<meta property=\"og:site_name\" content=\"IMMOBILIEN Business\" \/>\n<meta property=\"article:publisher\" content=\"https:\/\/www.facebook.com\/immobilienbusiness\/\" \/>\n<meta property=\"article:published_time\" content=\"2021-02-27T16:24:52+00:00\" \/>\n<meta property=\"article:modified_time\" content=\"2023-07-05T13:22:26+00:00\" \/>\n<meta name=\"author\" content=\"birgitt.wuest\" \/>\n<meta name=\"twitter:card\" content=\"summary_large_image\" \/>\n<script type=\"application\/ld+json\" class=\"yoast-schema-graph\">{\"@context\":\"https:\\\/\\\/schema.org\",\"@graph\":[{\"@type\":\"Article\",\"@id\":\"https:\\\/\\\/www.immobilienbusiness.ch\\\/ib\\\/2021-02-27\\\/winterthur-neue-plane-fur-campus-technikumstrasse\\\/#article\",\"isPartOf\":{\"@id\":\"https:\\\/\\\/www.immobilienbusiness.ch\\\/ib\\\/2021-02-27\\\/winterthur-neue-plane-fur-campus-technikumstrasse\\\/\"},\"author\":{\"name\":\"birgitt.wuest\",\"@id\":\"https:\\\/\\\/www.immobilienbusiness.ch\\\/#\\\/schema\\\/person\\\/9071de3b430793052e78768378adb039\"},\"headline\":\"Winterthur: Neue Pl\u00e4ne f\u00fcr Campus Technikumstrasse\",\"datePublished\":\"2021-02-27T16:24:52+00:00\",\"dateModified\":\"2023-07-05T13:22:26+00:00\",\"mainEntityOfPage\":{\"@id\":\"https:\\\/\\\/www.immobilienbusiness.ch\\\/ib\\\/2021-02-27\\\/winterthur-neue-plane-fur-campus-technikumstrasse\\\/\"},\"wordCount\":190,\"publisher\":{\"@id\":\"https:\\\/\\\/www.immobilienbusiness.ch\\\/#organization\"},\"keywords\":[\"in Planung\",\"Infrastruktur\",\"ZH\"],\"articleSection\":[\"IB+\"],\"inLanguage\":\"it-IT\"},{\"@type\":\"WebPage\",\"@id\":\"https:\\\/\\\/www.immobilienbusiness.ch\\\/ib\\\/2021-02-27\\\/winterthur-neue-plane-fur-campus-technikumstrasse\\\/\",\"url\":\"https:\\\/\\\/www.immobilienbusiness.ch\\\/ib\\\/2021-02-27\\\/winterthur-neue-plane-fur-campus-technikumstrasse\\\/\",\"name\":\"Winterthur: Neue Pl\u00e4ne f\u00fcr Campus Technikumstrasse - IMMOBILIEN Business\",\"isPartOf\":{\"@id\":\"https:\\\/\\\/www.immobilienbusiness.ch\\\/#website\"},\"datePublished\":\"2021-02-27T16:24:52+00:00\",\"dateModified\":\"2023-07-05T13:22:26+00:00\",\"description\":\"Der Campus Technikumstrasse der Z\u00fcrcher Hochschule f\u00fcr Angewandte Wissenschaften (ZHAW) in Winterthur (ZH) soll umfassend erneuert werden. Der entsprechende Gestaltungsplan wurde vom Kanton Z\u00fcrich nach Einwendungen angepasst und liegt nun auf.\",\"breadcrumb\":{\"@id\":\"https:\\\/\\\/www.immobilienbusiness.ch\\\/ib\\\/2021-02-27\\\/winterthur-neue-plane-fur-campus-technikumstrasse\\\/#breadcrumb\"},\"inLanguage\":\"it-IT\",\"potentialAction\":[{\"@type\":\"ReadAction\",\"target\":[\"https:\\\/\\\/www.immobilienbusiness.ch\\\/ib\\\/2021-02-27\\\/winterthur-neue-plane-fur-campus-technikumstrasse\\\/\"]}]},{\"@type\":\"BreadcrumbList\",\"@id\":\"https:\\\/\\\/www.immobilienbusiness.ch\\\/ib\\\/2021-02-27\\\/winterthur-neue-plane-fur-campus-technikumstrasse\\\/#breadcrumb\",\"itemListElement\":[{\"@type\":\"ListItem\",\"position\":1,\"name\":\"Home\",\"item\":\"https:\\\/\\\/www.immobilienbusiness.ch\\\/\"},{\"@type\":\"ListItem\",\"position\":2,\"name\":\"Winterthur: Neue Pl\u00e4ne f\u00fcr Campus Technikumstrasse\"}]},{\"@type\":\"WebSite\",\"@id\":\"https:\\\/\\\/www.immobilienbusiness.ch\\\/#website\",\"url\":\"https:\\\/\\\/www.immobilienbusiness.ch\\\/\",\"name\":\"IMMOBILIEN Business\",\"description\":\"Unabh\u00e4ngiges Schweizer Wirtschaftsmagazin mit Fokus auf Immobilien, Architektur- und Bau sowie Investment- und Finanzierung.\",\"publisher\":{\"@id\":\"https:\\\/\\\/www.immobilienbusiness.ch\\\/#organization\"},\"potentialAction\":[{\"@type\":\"SearchAction\",\"target\":{\"@type\":\"EntryPoint\",\"urlTemplate\":\"https:\\\/\\\/www.immobilienbusiness.ch\\\/?s={search_term_string}\"},\"query-input\":{\"@type\":\"PropertyValueSpecification\",\"valueRequired\":true,\"valueName\":\"search_term_string\"}}],\"inLanguage\":\"it-IT\"},{\"@type\":\"Organization\",\"@id\":\"https:\\\/\\\/www.immobilienbusiness.ch\\\/#organization\",\"name\":\"IMMOBILIEN Business\",\"url\":\"https:\\\/\\\/www.immobilienbusiness.ch\\\/\",\"logo\":{\"@type\":\"ImageObject\",\"inLanguage\":\"it-IT\",\"@id\":\"https:\\\/\\\/www.immobilienbusiness.ch\\\/#\\\/schema\\\/logo\\\/image\\\/\",\"url\":\"https:\\\/\\\/www.immobilienbusiness.ch\\\/wp-content\\\/uploads\\\/2021\\\/07\\\/logo_ib.png\",\"contentUrl\":\"https:\\\/\\\/www.immobilienbusiness.ch\\\/wp-content\\\/uploads\\\/2021\\\/07\\\/logo_ib.png\",\"width\":800,\"height\":181,\"caption\":\"IMMOBILIEN Business\"},\"image\":{\"@id\":\"https:\\\/\\\/www.immobilienbusiness.ch\\\/#\\\/schema\\\/logo\\\/image\\\/\"},\"sameAs\":[\"https:\\\/\\\/www.facebook.com\\\/immobilienbusiness\\\/\"]},{\"@type\":\"Person\",\"@id\":\"https:\\\/\\\/www.immobilienbusiness.ch\\\/#\\\/schema\\\/person\\\/9071de3b430793052e78768378adb039\",\"name\":\"birgitt.wuest\",\"image\":{\"@type\":\"ImageObject\",\"inLanguage\":\"it-IT\",\"@id\":\"https:\\\/\\\/secure.gravatar.com\\\/avatar\\\/938f7e46a2aa35420af239a36e5ed08a1034598c7d4a6d4dccff5f20b49eefca?s=96&d=mm&r=g\",\"url\":\"https:\\\/\\\/secure.gravatar.com\\\/avatar\\\/938f7e46a2aa35420af239a36e5ed08a1034598c7d4a6d4dccff5f20b49eefca?s=96&d=mm&r=g\",\"contentUrl\":\"https:\\\/\\\/secure.gravatar.com\\\/avatar\\\/938f7e46a2aa35420af239a36e5ed08a1034598c7d4a6d4dccff5f20b49eefca?s=96&d=mm&r=g\",\"caption\":\"birgitt.wuest\"},\"url\":\"https:\\\/\\\/www.immobilienbusiness.ch\\\/it\\\/author\\\/birgitt-wuest\\\/\"}]}<\/script>\n<!-- \/ Yoast SEO plugin. -->","yoast_head_json":{"title":"Winterthur: Neue Pl\u00e4ne f\u00fcr Campus Technikumstrasse - IMMOBILIEN Business","description":"Il campus della Technikumstrasse dell'Universit\u00e0 di Scienze Applicate di Zurigo (ZHAW) a Winterthur (ZH) sar\u00e0 completamente rinnovato. Il relativo piano di progettazione \u00e8 stato modificato dal Cantone di Zurigo a seguito di obiezioni ed \u00e8 ora disponibile.","robots":{"index":"index","follow":"follow","max-snippet":"max-snippet:-1","max-image-preview":"max-image-preview:large","max-video-preview":"max-video-preview:-1"},"canonical":"https:\/\/www.immobilienbusiness.ch\/it\/ib\/2021-02-27\/winterthur-neue-plane-fur-campus-technikumstrasse\/","og_locale":"it_IT","og_type":"article","og_title":"Winterthur: Neue Pl\u00e4ne f\u00fcr Campus Technikumstrasse - IMMOBILIEN Business","og_description":"Der Campus Technikumstrasse der Z\u00fcrcher Hochschule f\u00fcr Angewandte Wissenschaften (ZHAW) in Winterthur (ZH) soll umfassend erneuert werden. Der entsprechende Gestaltungsplan wurde vom Kanton Z\u00fcrich nach Einwendungen angepasst und liegt nun auf.","og_url":"https:\/\/www.immobilienbusiness.ch\/it\/ib\/2021-02-27\/winterthur-neue-plane-fur-campus-technikumstrasse\/","og_site_name":"IMMOBILIEN Business","article_publisher":"https:\/\/www.facebook.com\/immobilienbusiness\/","article_published_time":"2021-02-27T16:24:52+00:00","article_modified_time":"2023-07-05T13:22:26+00:00","author":"birgitt.wuest","twitter_card":"summary_large_image","schema":{"@context":"https:\/\/schema.org","@graph":[{"@type":"Article","@id":"https:\/\/www.immobilienbusiness.ch\/ib\/2021-02-27\/winterthur-neue-plane-fur-campus-technikumstrasse\/#article","isPartOf":{"@id":"https:\/\/www.immobilienbusiness.ch\/ib\/2021-02-27\/winterthur-neue-plane-fur-campus-technikumstrasse\/"},"author":{"name":"birgitt.wuest","@id":"https:\/\/www.immobilienbusiness.ch\/#\/schema\/person\/9071de3b430793052e78768378adb039"},"headline":"Winterthur: Neue Pl\u00e4ne f\u00fcr Campus Technikumstrasse","datePublished":"2021-02-27T16:24:52+00:00","dateModified":"2023-07-05T13:22:26+00:00","mainEntityOfPage":{"@id":"https:\/\/www.immobilienbusiness.ch\/ib\/2021-02-27\/winterthur-neue-plane-fur-campus-technikumstrasse\/"},"wordCount":190,"publisher":{"@id":"https:\/\/www.immobilienbusiness.ch\/#organization"},"keywords":["in Planung","Infrastruktur","ZH"],"articleSection":["IB+"],"inLanguage":"it-IT"},{"@type":"WebPage","@id":"https:\/\/www.immobilienbusiness.ch\/ib\/2021-02-27\/winterthur-neue-plane-fur-campus-technikumstrasse\/","url":"https:\/\/www.immobilienbusiness.ch\/ib\/2021-02-27\/winterthur-neue-plane-fur-campus-technikumstrasse\/","name":"Winterthur: Neue Pl\u00e4ne f\u00fcr Campus Technikumstrasse - IMMOBILIEN Business","isPartOf":{"@id":"https:\/\/www.immobilienbusiness.ch\/#website"},"datePublished":"2021-02-27T16:24:52+00:00","dateModified":"2023-07-05T13:22:26+00:00","description":"Il campus della Technikumstrasse dell'Universit\u00e0 di Scienze Applicate di Zurigo (ZHAW) a Winterthur (ZH) sar\u00e0 completamente rinnovato. Il relativo piano di progettazione \u00e8 stato modificato dal Cantone di Zurigo a seguito di obiezioni ed \u00e8 ora disponibile.","breadcrumb":{"@id":"https:\/\/www.immobilienbusiness.ch\/ib\/2021-02-27\/winterthur-neue-plane-fur-campus-technikumstrasse\/#breadcrumb"},"inLanguage":"it-IT","potentialAction":[{"@type":"ReadAction","target":["https:\/\/www.immobilienbusiness.ch\/ib\/2021-02-27\/winterthur-neue-plane-fur-campus-technikumstrasse\/"]}]},{"@type":"BreadcrumbList","@id":"https:\/\/www.immobilienbusiness.ch\/ib\/2021-02-27\/winterthur-neue-plane-fur-campus-technikumstrasse\/#breadcrumb","itemListElement":[{"@type":"ListItem","position":1,"name":"Home","item":"https:\/\/www.immobilienbusiness.ch\/"},{"@type":"ListItem","position":2,"name":"Winterthur: Neue Pl\u00e4ne f\u00fcr Campus Technikumstrasse"}]},{"@type":"WebSite","@id":"https:\/\/www.immobilienbusiness.ch\/#website","url":"https:\/\/www.immobilienbusiness.ch\/","name":"Affari immobiliari","description":"Rivista economica indipendente svizzera che si concentra sul settore immobiliare, l'architettura e la costruzione, nonch\u00e9 sugli investimenti e i finanziamenti.","publisher":{"@id":"https:\/\/www.immobilienbusiness.ch\/#organization"},"potentialAction":[{"@type":"SearchAction","target":{"@type":"EntryPoint","urlTemplate":"https:\/\/www.immobilienbusiness.ch\/?s={search_term_string}"},"query-input":{"@type":"PropertyValueSpecification","valueRequired":true,"valueName":"search_term_string"}}],"inLanguage":"it-IT"},{"@type":"Organization","@id":"https:\/\/www.immobilienbusiness.ch\/#organization","name":"Affari immobiliari","url":"https:\/\/www.immobilienbusiness.ch\/","logo":{"@type":"ImageObject","inLanguage":"it-IT","@id":"https:\/\/www.immobilienbusiness.ch\/#\/schema\/logo\/image\/","url":"https:\/\/www.immobilienbusiness.ch\/wp-content\/uploads\/2021\/07\/logo_ib.png","contentUrl":"https:\/\/www.immobilienbusiness.ch\/wp-content\/uploads\/2021\/07\/logo_ib.png","width":800,"height":181,"caption":"IMMOBILIEN Business"},"image":{"@id":"https:\/\/www.immobilienbusiness.ch\/#\/schema\/logo\/image\/"},"sameAs":["https:\/\/www.facebook.com\/immobilienbusiness\/"]},{"@type":"Person","@id":"https:\/\/www.immobilienbusiness.ch\/#\/schema\/person\/9071de3b430793052e78768378adb039","name":"birgitt.wuest","image":{"@type":"ImageObject","inLanguage":"it-IT","@id":"https:\/\/secure.gravatar.com\/avatar\/938f7e46a2aa35420af239a36e5ed08a1034598c7d4a6d4dccff5f20b49eefca?s=96&d=mm&r=g","url":"https:\/\/secure.gravatar.com\/avatar\/938f7e46a2aa35420af239a36e5ed08a1034598c7d4a6d4dccff5f20b49eefca?s=96&d=mm&r=g","contentUrl":"https:\/\/secure.gravatar.com\/avatar\/938f7e46a2aa35420af239a36e5ed08a1034598c7d4a6d4dccff5f20b49eefca?s=96&d=mm&r=g","caption":"birgitt.wuest"},"url":"https:\/\/www.immobilienbusiness.ch\/it\/author\/birgitt-wuest\/"}]}},"_links":{"self":[{"href":"https:\/\/www.immobilienbusiness.ch\/it\/wp-json\/wp\/v2\/posts\/1382","targetHints":{"allow":["GET"]}}],"collection":[{"href":"https:\/\/www.immobilienbusiness.ch\/it\/wp-json\/wp\/v2\/posts"}],"about":[{"href":"https:\/\/www.immobilienbusiness.ch\/it\/wp-json\/wp\/v2\/types\/post"}],"author":[{"embeddable":true,"href":"https:\/\/www.immobilienbusiness.ch\/it\/wp-json\/wp\/v2\/users\/8"}],"replies":[{"embeddable":true,"href":"https:\/\/www.immobilienbusiness.ch\/it\/wp-json\/wp\/v2\/comments?post=1382"}],"version-history":[{"count":1,"href":"https:\/\/www.immobilienbusiness.ch\/it\/wp-json\/wp\/v2\/posts\/1382\/revisions"}],"predecessor-version":[{"id":49639,"href":"https:\/\/www.immobilienbusiness.ch\/it\/wp-json\/wp\/v2\/posts\/1382\/revisions\/49639"}],"wp:attachment":[{"href":"https:\/\/www.immobilienbusiness.ch\/it\/wp-json\/wp\/v2\/media?parent=1382"}],"wp:term":[{"taxonomy":"category","embeddable":true,"href":"https:\/\/www.immobilienbusiness.ch\/it\/wp-json\/wp\/v2\/categories?post=1382"},{"taxonomy":"post_tag","embeddable":true,"href":"https:\/\/www.immobilienbusiness.ch\/it\/wp-json\/wp\/v2\/tags?post=1382"}],"curies":[{"name":"wp","href":"https:\/\/api.w.org\/{rel}","templated":true}]}}