{"id":1363,"date":"2015-11-03T09:01:19","date_gmt":"2015-11-03T08:01:19","guid":{"rendered":"http:\/\/dev.immobilienbusiness.ch\/?p=1363"},"modified":"2015-11-03T09:01:19","modified_gmt":"2015-11-03T08:01:19","slug":"deutschland-axa-kauft-in-kiel-zu","status":"publish","type":"post","link":"https:\/\/www.immobilienbusiness.ch\/it\/buero\/2015-11-03\/deutschland-axa-kauft-in-kiel-zu\/","title":{"rendered":"Germania: AXA compra a Kiel"},"content":{"rendered":"<figure id=\"attachment_1364\" aria-describedby=\"caption-attachment-1364\" style=\"width: 680px\" class=\"wp-caption alignnone\"><img loading=\"lazy\" decoding=\"async\" class=\"size-medium wp-image-1364\" src=\"https:\/\/immobilienbusiness.ch\/wp-content\/uploads\/2016\/12\/Deutschland-AXA-kauft-in-Kiel-zu-immobilien-business.jpg\" alt=\"Stadtansicht Kiel (Foto: Landeshauptstadt Kiel - Bodo Quante)\" width=\"680\" height=\"454\" srcset=\"https:\/\/www.immobilienbusiness.ch\/wp-content\/uploads\/2016\/12\/Deutschland-AXA-kauft-in-Kiel-zu-immobilien-business.jpg 800w, https:\/\/www.immobilienbusiness.ch\/wp-content\/uploads\/2016\/12\/Deutschland-AXA-kauft-in-Kiel-zu-immobilien-business-300x200.jpg 300w, https:\/\/www.immobilienbusiness.ch\/wp-content\/uploads\/2016\/12\/Deutschland-AXA-kauft-in-Kiel-zu-immobilien-business-768x513.jpg 768w, https:\/\/www.immobilienbusiness.ch\/wp-content\/uploads\/2016\/12\/Deutschland-AXA-kauft-in-Kiel-zu-immobilien-business-16x12.jpg 16w, https:\/\/www.immobilienbusiness.ch\/wp-content\/uploads\/2016\/12\/Deutschland-AXA-kauft-in-Kiel-zu-immobilien-business-262x175.jpg 262w, https:\/\/www.immobilienbusiness.ch\/wp-content\/uploads\/2016\/12\/Deutschland-AXA-kauft-in-Kiel-zu-immobilien-business-524x350.jpg 524w\" sizes=\"auto, (max-width: 680px) 100vw, 680px\" \/><figcaption id=\"caption-attachment-1364\" class=\"wp-caption-text\">Vista della citt\u00e0 di Kiel (Foto: Landeshauptstadt Kiel - Bodo Quante)<\/figcaption><\/figure>\n<p>L'edificio di sei piani, costruito negli anni '60, \u00e8 stato recentemente ristrutturato. I 12.000 mq di spazio in affitto sono quasi completamente affittati, lo spazio al dettaglio a diversi inquilini al dettaglio. Lo spazio degli uffici, invece, \u00e8 quasi interamente occupato da un'autorit\u00e0 pubblica. (ah)<\/p>","protected":false},"excerpt":{"rendered":"<p>AXA Investment Managers Real Assets (AXA IM Real Assets) ha acquistato un immobile commerciale sulla Holstenstrasse nel centro di Kiel attraverso AXA Investment Managers Deutschland GmbH. Il venditore era lo sviluppatore del progetto Centrum.<\/p>","protected":false},"author":1,"featured_media":1364,"comment_status":"open","ping_status":"open","sticky":false,"template":"","format":"standard","meta":{"_acf_changed":false,"_yoast_wpseo_focuskw":"Immobilien Kiel","_yoast_wpseo_title":"Immobilien Kiel: AXA erwirbt sechsgeschossiges Geb\u00e4ude","_yoast_wpseo_metadesc":"Das renovierte Geb\u00e4ude in Kiel mit 12.000 qm Mietfl\u00e4che wurde k\u00fcrzlich von AXA gekauft. Die Fl\u00e4chen sind gr\u00f6\u00dftenteils voll vermietet.","_yoast_wpseo_linkdex":44,"pgc_sgb_lightbox_settings":"","footnotes":""},"categories":[983,987,988],"tags":[1052,1118,1643,1807],"class_list":["post-1363","post","type-post","status-publish","format-standard","has-post-thumbnail","hentry","category-buero","category-retail","category-unternehmen","tag-ausland","tag-buero","tag-retail","tag-unternehmen"],"acf":[],"yoast_head":"<!-- This site is optimized with the Yoast SEO plugin v27.4 - https:\/\/yoast.com\/product\/yoast-seo-wordpress\/ -->\n<title>Immobilien Kiel: AXA erwirbt sechsgeschossiges Geb\u00e4ude<\/title>\n<meta name=\"description\" content=\"Das renovierte Geb\u00e4ude in Kiel mit 12.000 qm Mietfl\u00e4che wurde k\u00fcrzlich von AXA gekauft. Die Fl\u00e4chen sind gr\u00f6\u00dftenteils voll vermietet.\" \/>\n<meta name=\"robots\" content=\"index, follow, max-snippet:-1, max-image-preview:large, max-video-preview:-1\" \/>\n<link rel=\"canonical\" href=\"https:\/\/www.immobilienbusiness.ch\/it\/buero\/2015-11-03\/deutschland-axa-kauft-in-kiel-zu\/\" \/>\n<meta property=\"og:locale\" content=\"it_IT\" \/>\n<meta property=\"og:type\" content=\"article\" \/>\n<meta property=\"og:title\" content=\"Deutschland: AXA kauft in Kiel zu\" \/>\n<meta property=\"og:description\" content=\"AXA Investment Managers Real Assets (AXA IM Real Assets) hat \u00fcber die AXA Investment Managers Deutschland GmbH eine Gewerbeimmobilie an der Holstenstrasse im Zentrum von Kiel gekauft. Verk\u00e4ufer war der Projektentwickler Centrum.\" \/>\n<meta property=\"og:url\" content=\"https:\/\/www.immobilienbusiness.ch\/it\/buero\/2015-11-03\/deutschland-axa-kauft-in-kiel-zu\/\" \/>\n<meta property=\"og:site_name\" content=\"IMMOBILIEN Business\" \/>\n<meta property=\"article:publisher\" content=\"https:\/\/www.facebook.com\/immobilienbusiness\/\" \/>\n<meta property=\"article:published_time\" content=\"2015-11-03T08:01:19+00:00\" \/>\n<meta name=\"author\" content=\"Redaktion\" \/>\n<meta name=\"twitter:card\" content=\"summary_large_image\" \/>\n<meta name=\"twitter:image\" content=\"https:\/\/www.immobilienbusiness.ch\/wp-content\/uploads\/2016\/12\/Deutschland-AXA-kauft-in-Kiel-zu-immobilien-business.jpg\" \/>\n<script type=\"application\/ld+json\" class=\"yoast-schema-graph\">{\"@context\":\"https:\\\/\\\/schema.org\",\"@graph\":[{\"@type\":\"Article\",\"@id\":\"https:\\\/\\\/www.immobilienbusiness.ch\\\/buero\\\/2015-11-03\\\/deutschland-axa-kauft-in-kiel-zu\\\/#article\",\"isPartOf\":{\"@id\":\"https:\\\/\\\/www.immobilienbusiness.ch\\\/buero\\\/2015-11-03\\\/deutschland-axa-kauft-in-kiel-zu\\\/\"},\"author\":{\"name\":\"Redaktion\",\"@id\":\"https:\\\/\\\/www.immobilienbusiness.ch\\\/#\\\/schema\\\/person\\\/aa2bace6c5c5aad60102004a50c4eb1c\"},\"headline\":\"Deutschland: AXA kauft in Kiel zu\",\"datePublished\":\"2015-11-03T08:01:19+00:00\",\"mainEntityOfPage\":{\"@id\":\"https:\\\/\\\/www.immobilienbusiness.ch\\\/buero\\\/2015-11-03\\\/deutschland-axa-kauft-in-kiel-zu\\\/\"},\"wordCount\":64,\"commentCount\":0,\"publisher\":{\"@id\":\"https:\\\/\\\/www.immobilienbusiness.ch\\\/#organization\"},\"image\":{\"@id\":\"https:\\\/\\\/www.immobilienbusiness.ch\\\/buero\\\/2015-11-03\\\/deutschland-axa-kauft-in-kiel-zu\\\/#primaryimage\"},\"thumbnailUrl\":\"https:\\\/\\\/www.immobilienbusiness.ch\\\/wp-content\\\/uploads\\\/2016\\\/12\\\/Deutschland-AXA-kauft-in-Kiel-zu-immobilien-business.jpg\",\"keywords\":[\"Ausland\",\"B\u00fcro\",\"Retail\",\"Unternehmen\"],\"articleSection\":[\"B\u00dcRO\",\"RETAIL\",\"UNTERNEHMEN\"],\"inLanguage\":\"it-IT\"},{\"@type\":\"WebPage\",\"@id\":\"https:\\\/\\\/www.immobilienbusiness.ch\\\/buero\\\/2015-11-03\\\/deutschland-axa-kauft-in-kiel-zu\\\/\",\"url\":\"https:\\\/\\\/www.immobilienbusiness.ch\\\/buero\\\/2015-11-03\\\/deutschland-axa-kauft-in-kiel-zu\\\/\",\"name\":\"Immobilien Kiel: AXA erwirbt sechsgeschossiges Geb\u00e4ude\",\"isPartOf\":{\"@id\":\"https:\\\/\\\/www.immobilienbusiness.ch\\\/#website\"},\"primaryImageOfPage\":{\"@id\":\"https:\\\/\\\/www.immobilienbusiness.ch\\\/buero\\\/2015-11-03\\\/deutschland-axa-kauft-in-kiel-zu\\\/#primaryimage\"},\"image\":{\"@id\":\"https:\\\/\\\/www.immobilienbusiness.ch\\\/buero\\\/2015-11-03\\\/deutschland-axa-kauft-in-kiel-zu\\\/#primaryimage\"},\"thumbnailUrl\":\"https:\\\/\\\/www.immobilienbusiness.ch\\\/wp-content\\\/uploads\\\/2016\\\/12\\\/Deutschland-AXA-kauft-in-Kiel-zu-immobilien-business.jpg\",\"datePublished\":\"2015-11-03T08:01:19+00:00\",\"description\":\"Das renovierte Geb\u00e4ude in Kiel mit 12.000 qm Mietfl\u00e4che wurde k\u00fcrzlich von AXA gekauft. Die Fl\u00e4chen sind gr\u00f6\u00dftenteils voll vermietet.\",\"breadcrumb\":{\"@id\":\"https:\\\/\\\/www.immobilienbusiness.ch\\\/buero\\\/2015-11-03\\\/deutschland-axa-kauft-in-kiel-zu\\\/#breadcrumb\"},\"inLanguage\":\"it-IT\",\"potentialAction\":[{\"@type\":\"ReadAction\",\"target\":[\"https:\\\/\\\/www.immobilienbusiness.ch\\\/buero\\\/2015-11-03\\\/deutschland-axa-kauft-in-kiel-zu\\\/\"]}]},{\"@type\":\"ImageObject\",\"inLanguage\":\"it-IT\",\"@id\":\"https:\\\/\\\/www.immobilienbusiness.ch\\\/buero\\\/2015-11-03\\\/deutschland-axa-kauft-in-kiel-zu\\\/#primaryimage\",\"url\":\"https:\\\/\\\/www.immobilienbusiness.ch\\\/wp-content\\\/uploads\\\/2016\\\/12\\\/Deutschland-AXA-kauft-in-Kiel-zu-immobilien-business.jpg\",\"contentUrl\":\"https:\\\/\\\/www.immobilienbusiness.ch\\\/wp-content\\\/uploads\\\/2016\\\/12\\\/Deutschland-AXA-kauft-in-Kiel-zu-immobilien-business.jpg\",\"width\":800,\"height\":534,\"caption\":\"Stadtansicht Kiel (Foto: Landeshauptstadt Kiel - Bodo Quante)\"},{\"@type\":\"BreadcrumbList\",\"@id\":\"https:\\\/\\\/www.immobilienbusiness.ch\\\/buero\\\/2015-11-03\\\/deutschland-axa-kauft-in-kiel-zu\\\/#breadcrumb\",\"itemListElement\":[{\"@type\":\"ListItem\",\"position\":1,\"name\":\"Home\",\"item\":\"https:\\\/\\\/www.immobilienbusiness.ch\\\/\"},{\"@type\":\"ListItem\",\"position\":2,\"name\":\"Deutschland: AXA kauft in Kiel zu\"}]},{\"@type\":\"WebSite\",\"@id\":\"https:\\\/\\\/www.immobilienbusiness.ch\\\/#website\",\"url\":\"https:\\\/\\\/www.immobilienbusiness.ch\\\/\",\"name\":\"IMMOBILIEN Business\",\"description\":\"Unabh\u00e4ngiges Schweizer Wirtschaftsmagazin mit Fokus auf Immobilien, Architektur- und Bau sowie Investment- und Finanzierung.\",\"publisher\":{\"@id\":\"https:\\\/\\\/www.immobilienbusiness.ch\\\/#organization\"},\"potentialAction\":[{\"@type\":\"SearchAction\",\"target\":{\"@type\":\"EntryPoint\",\"urlTemplate\":\"https:\\\/\\\/www.immobilienbusiness.ch\\\/?s={search_term_string}\"},\"query-input\":{\"@type\":\"PropertyValueSpecification\",\"valueRequired\":true,\"valueName\":\"search_term_string\"}}],\"inLanguage\":\"it-IT\"},{\"@type\":\"Organization\",\"@id\":\"https:\\\/\\\/www.immobilienbusiness.ch\\\/#organization\",\"name\":\"IMMOBILIEN Business\",\"url\":\"https:\\\/\\\/www.immobilienbusiness.ch\\\/\",\"logo\":{\"@type\":\"ImageObject\",\"inLanguage\":\"it-IT\",\"@id\":\"https:\\\/\\\/www.immobilienbusiness.ch\\\/#\\\/schema\\\/logo\\\/image\\\/\",\"url\":\"https:\\\/\\\/www.immobilienbusiness.ch\\\/wp-content\\\/uploads\\\/2021\\\/07\\\/logo_ib.png\",\"contentUrl\":\"https:\\\/\\\/www.immobilienbusiness.ch\\\/wp-content\\\/uploads\\\/2021\\\/07\\\/logo_ib.png\",\"width\":800,\"height\":181,\"caption\":\"IMMOBILIEN Business\"},\"image\":{\"@id\":\"https:\\\/\\\/www.immobilienbusiness.ch\\\/#\\\/schema\\\/logo\\\/image\\\/\"},\"sameAs\":[\"https:\\\/\\\/www.facebook.com\\\/immobilienbusiness\\\/\"]},{\"@type\":\"Person\",\"@id\":\"https:\\\/\\\/www.immobilienbusiness.ch\\\/#\\\/schema\\\/person\\\/aa2bace6c5c5aad60102004a50c4eb1c\",\"name\":\"Redaktion\",\"image\":{\"@type\":\"ImageObject\",\"inLanguage\":\"it-IT\",\"@id\":\"https:\\\/\\\/secure.gravatar.com\\\/avatar\\\/ae2f4d718e6c49043e314ce431e7e645d646302a24a5ef5a8bc8e3f5a032e319?s=96&d=mm&r=g\",\"url\":\"https:\\\/\\\/secure.gravatar.com\\\/avatar\\\/ae2f4d718e6c49043e314ce431e7e645d646302a24a5ef5a8bc8e3f5a032e319?s=96&d=mm&r=g\",\"contentUrl\":\"https:\\\/\\\/secure.gravatar.com\\\/avatar\\\/ae2f4d718e6c49043e314ce431e7e645d646302a24a5ef5a8bc8e3f5a032e319?s=96&d=mm&r=g\",\"caption\":\"Redaktion\"},\"sameAs\":[\"http:\\\/\\\/develop.organisator.galledia.ch\"],\"url\":\"https:\\\/\\\/www.immobilienbusiness.ch\\\/it\\\/author\\\/admin\\\/\"}]}<\/script>\n<!-- \/ Yoast SEO plugin. -->","yoast_head_json":{"title":"Immobilien Kiel: AXA erwirbt sechsgeschossiges Geb\u00e4ude","description":"Das renovierte Geb\u00e4ude in Kiel mit 12.000 qm Mietfl\u00e4che wurde k\u00fcrzlich von AXA gekauft. Die Fl\u00e4chen sind gr\u00f6\u00dftenteils voll vermietet.","robots":{"index":"index","follow":"follow","max-snippet":"max-snippet:-1","max-image-preview":"max-image-preview:large","max-video-preview":"max-video-preview:-1"},"canonical":"https:\/\/www.immobilienbusiness.ch\/it\/buero\/2015-11-03\/deutschland-axa-kauft-in-kiel-zu\/","og_locale":"it_IT","og_type":"article","og_title":"Deutschland: AXA kauft in Kiel zu","og_description":"AXA Investment Managers Real Assets (AXA IM Real Assets) hat \u00fcber die AXA Investment Managers Deutschland GmbH eine Gewerbeimmobilie an der Holstenstrasse im Zentrum von Kiel gekauft. Verk\u00e4ufer war der Projektentwickler Centrum.","og_url":"https:\/\/www.immobilienbusiness.ch\/it\/buero\/2015-11-03\/deutschland-axa-kauft-in-kiel-zu\/","og_site_name":"IMMOBILIEN Business","article_publisher":"https:\/\/www.facebook.com\/immobilienbusiness\/","article_published_time":"2015-11-03T08:01:19+00:00","author":"Redaktion","twitter_card":"summary_large_image","twitter_image":"https:\/\/www.immobilienbusiness.ch\/wp-content\/uploads\/2016\/12\/Deutschland-AXA-kauft-in-Kiel-zu-immobilien-business.jpg","schema":{"@context":"https:\/\/schema.org","@graph":[{"@type":"Article","@id":"https:\/\/www.immobilienbusiness.ch\/buero\/2015-11-03\/deutschland-axa-kauft-in-kiel-zu\/#article","isPartOf":{"@id":"https:\/\/www.immobilienbusiness.ch\/buero\/2015-11-03\/deutschland-axa-kauft-in-kiel-zu\/"},"author":{"name":"Redaktion","@id":"https:\/\/www.immobilienbusiness.ch\/#\/schema\/person\/aa2bace6c5c5aad60102004a50c4eb1c"},"headline":"Deutschland: AXA kauft in Kiel zu","datePublished":"2015-11-03T08:01:19+00:00","mainEntityOfPage":{"@id":"https:\/\/www.immobilienbusiness.ch\/buero\/2015-11-03\/deutschland-axa-kauft-in-kiel-zu\/"},"wordCount":64,"commentCount":0,"publisher":{"@id":"https:\/\/www.immobilienbusiness.ch\/#organization"},"image":{"@id":"https:\/\/www.immobilienbusiness.ch\/buero\/2015-11-03\/deutschland-axa-kauft-in-kiel-zu\/#primaryimage"},"thumbnailUrl":"https:\/\/www.immobilienbusiness.ch\/wp-content\/uploads\/2016\/12\/Deutschland-AXA-kauft-in-Kiel-zu-immobilien-business.jpg","keywords":["Ausland","B\u00fcro","Retail","Unternehmen"],"articleSection":["B\u00dcRO","RETAIL","UNTERNEHMEN"],"inLanguage":"it-IT"},{"@type":"WebPage","@id":"https:\/\/www.immobilienbusiness.ch\/buero\/2015-11-03\/deutschland-axa-kauft-in-kiel-zu\/","url":"https:\/\/www.immobilienbusiness.ch\/buero\/2015-11-03\/deutschland-axa-kauft-in-kiel-zu\/","name":"Immobilien Kiel: AXA erwirbt sechsgeschossiges Geb\u00e4ude","isPartOf":{"@id":"https:\/\/www.immobilienbusiness.ch\/#website"},"primaryImageOfPage":{"@id":"https:\/\/www.immobilienbusiness.ch\/buero\/2015-11-03\/deutschland-axa-kauft-in-kiel-zu\/#primaryimage"},"image":{"@id":"https:\/\/www.immobilienbusiness.ch\/buero\/2015-11-03\/deutschland-axa-kauft-in-kiel-zu\/#primaryimage"},"thumbnailUrl":"https:\/\/www.immobilienbusiness.ch\/wp-content\/uploads\/2016\/12\/Deutschland-AXA-kauft-in-Kiel-zu-immobilien-business.jpg","datePublished":"2015-11-03T08:01:19+00:00","description":"Das renovierte Geb\u00e4ude in Kiel mit 12.000 qm Mietfl\u00e4che wurde k\u00fcrzlich von AXA gekauft. Die Fl\u00e4chen sind gr\u00f6\u00dftenteils voll vermietet.","breadcrumb":{"@id":"https:\/\/www.immobilienbusiness.ch\/buero\/2015-11-03\/deutschland-axa-kauft-in-kiel-zu\/#breadcrumb"},"inLanguage":"it-IT","potentialAction":[{"@type":"ReadAction","target":["https:\/\/www.immobilienbusiness.ch\/buero\/2015-11-03\/deutschland-axa-kauft-in-kiel-zu\/"]}]},{"@type":"ImageObject","inLanguage":"it-IT","@id":"https:\/\/www.immobilienbusiness.ch\/buero\/2015-11-03\/deutschland-axa-kauft-in-kiel-zu\/#primaryimage","url":"https:\/\/www.immobilienbusiness.ch\/wp-content\/uploads\/2016\/12\/Deutschland-AXA-kauft-in-Kiel-zu-immobilien-business.jpg","contentUrl":"https:\/\/www.immobilienbusiness.ch\/wp-content\/uploads\/2016\/12\/Deutschland-AXA-kauft-in-Kiel-zu-immobilien-business.jpg","width":800,"height":534,"caption":"Stadtansicht Kiel (Foto: Landeshauptstadt Kiel - Bodo Quante)"},{"@type":"BreadcrumbList","@id":"https:\/\/www.immobilienbusiness.ch\/buero\/2015-11-03\/deutschland-axa-kauft-in-kiel-zu\/#breadcrumb","itemListElement":[{"@type":"ListItem","position":1,"name":"Home","item":"https:\/\/www.immobilienbusiness.ch\/"},{"@type":"ListItem","position":2,"name":"Deutschland: AXA kauft in Kiel zu"}]},{"@type":"WebSite","@id":"https:\/\/www.immobilienbusiness.ch\/#website","url":"https:\/\/www.immobilienbusiness.ch\/","name":"Affari immobiliari","description":"Rivista economica indipendente svizzera che si concentra sul settore immobiliare, l'architettura e la costruzione, nonch\u00e9 sugli investimenti e i finanziamenti.","publisher":{"@id":"https:\/\/www.immobilienbusiness.ch\/#organization"},"potentialAction":[{"@type":"SearchAction","target":{"@type":"EntryPoint","urlTemplate":"https:\/\/www.immobilienbusiness.ch\/?s={search_term_string}"},"query-input":{"@type":"PropertyValueSpecification","valueRequired":true,"valueName":"search_term_string"}}],"inLanguage":"it-IT"},{"@type":"Organization","@id":"https:\/\/www.immobilienbusiness.ch\/#organization","name":"Affari immobiliari","url":"https:\/\/www.immobilienbusiness.ch\/","logo":{"@type":"ImageObject","inLanguage":"it-IT","@id":"https:\/\/www.immobilienbusiness.ch\/#\/schema\/logo\/image\/","url":"https:\/\/www.immobilienbusiness.ch\/wp-content\/uploads\/2021\/07\/logo_ib.png","contentUrl":"https:\/\/www.immobilienbusiness.ch\/wp-content\/uploads\/2021\/07\/logo_ib.png","width":800,"height":181,"caption":"IMMOBILIEN Business"},"image":{"@id":"https:\/\/www.immobilienbusiness.ch\/#\/schema\/logo\/image\/"},"sameAs":["https:\/\/www.facebook.com\/immobilienbusiness\/"]},{"@type":"Person","@id":"https:\/\/www.immobilienbusiness.ch\/#\/schema\/person\/aa2bace6c5c5aad60102004a50c4eb1c","name":"Editoriale","image":{"@type":"ImageObject","inLanguage":"it-IT","@id":"https:\/\/secure.gravatar.com\/avatar\/ae2f4d718e6c49043e314ce431e7e645d646302a24a5ef5a8bc8e3f5a032e319?s=96&d=mm&r=g","url":"https:\/\/secure.gravatar.com\/avatar\/ae2f4d718e6c49043e314ce431e7e645d646302a24a5ef5a8bc8e3f5a032e319?s=96&d=mm&r=g","contentUrl":"https:\/\/secure.gravatar.com\/avatar\/ae2f4d718e6c49043e314ce431e7e645d646302a24a5ef5a8bc8e3f5a032e319?s=96&d=mm&r=g","caption":"Redaktion"},"sameAs":["http:\/\/develop.organisator.galledia.ch"],"url":"https:\/\/www.immobilienbusiness.ch\/it\/author\/admin\/"}]}},"_links":{"self":[{"href":"https:\/\/www.immobilienbusiness.ch\/it\/wp-json\/wp\/v2\/posts\/1363","targetHints":{"allow":["GET"]}}],"collection":[{"href":"https:\/\/www.immobilienbusiness.ch\/it\/wp-json\/wp\/v2\/posts"}],"about":[{"href":"https:\/\/www.immobilienbusiness.ch\/it\/wp-json\/wp\/v2\/types\/post"}],"author":[{"embeddable":true,"href":"https:\/\/www.immobilienbusiness.ch\/it\/wp-json\/wp\/v2\/users\/1"}],"replies":[{"embeddable":true,"href":"https:\/\/www.immobilienbusiness.ch\/it\/wp-json\/wp\/v2\/comments?post=1363"}],"version-history":[{"count":0,"href":"https:\/\/www.immobilienbusiness.ch\/it\/wp-json\/wp\/v2\/posts\/1363\/revisions"}],"wp:featuredmedia":[{"embeddable":true,"href":"https:\/\/www.immobilienbusiness.ch\/it\/wp-json\/wp\/v2\/media\/1364"}],"wp:attachment":[{"href":"https:\/\/www.immobilienbusiness.ch\/it\/wp-json\/wp\/v2\/media?parent=1363"}],"wp:term":[{"taxonomy":"category","embeddable":true,"href":"https:\/\/www.immobilienbusiness.ch\/it\/wp-json\/wp\/v2\/categories?post=1363"},{"taxonomy":"post_tag","embeddable":true,"href":"https:\/\/www.immobilienbusiness.ch\/it\/wp-json\/wp\/v2\/tags?post=1363"}],"curies":[{"name":"wp","href":"https:\/\/api.w.org\/{rel}","templated":true}]}}