{"id":13372,"date":"2018-07-17T08:54:26","date_gmt":"2018-07-17T06:54:26","guid":{"rendered":"https:\/\/www.immobilienbusiness.ch\/?p=13372"},"modified":"2018-07-17T08:54:26","modified_gmt":"2018-07-17T06:54:26","slug":"zuerich-projektwettbewerb-fuer-marina-ist-entschieden","status":"publish","type":"post","link":"https:\/\/www.immobilienbusiness.ch\/it\/regionen\/2018-07-17\/zuerich-projektwettbewerb-fuer-marina-ist-entschieden\/","title":{"rendered":"Zurigo: il concorso per il progetto Marina \u00e8 stato deciso"},"content":{"rendered":"<figure id=\"attachment_13385\" aria-describedby=\"caption-attachment-13385\" style=\"width: 680px\" class=\"wp-caption alignnone\"><img loading=\"lazy\" decoding=\"async\" class=\"size-medium wp-image-13385\" src=\"https:\/\/www.immobilienbusiness.ch\/wp-content\/uploads\/2018\/07\/180713_mm_marina_tiefenbrunnen_visualisierung_2.jpg\" alt=\"\" width=\"680\" height=\"453\" srcset=\"https:\/\/www.immobilienbusiness.ch\/wp-content\/uploads\/2018\/07\/180713_mm_marina_tiefenbrunnen_visualisierung_2.jpg 1772w, https:\/\/www.immobilienbusiness.ch\/wp-content\/uploads\/2018\/07\/180713_mm_marina_tiefenbrunnen_visualisierung_2-300x200.jpg 300w, https:\/\/www.immobilienbusiness.ch\/wp-content\/uploads\/2018\/07\/180713_mm_marina_tiefenbrunnen_visualisierung_2-1024x682.jpg 1024w, https:\/\/www.immobilienbusiness.ch\/wp-content\/uploads\/2018\/07\/180713_mm_marina_tiefenbrunnen_visualisierung_2-768x512.jpg 768w, https:\/\/www.immobilienbusiness.ch\/wp-content\/uploads\/2018\/07\/180713_mm_marina_tiefenbrunnen_visualisierung_2-1536x1024.jpg 1536w, https:\/\/www.immobilienbusiness.ch\/wp-content\/uploads\/2018\/07\/180713_mm_marina_tiefenbrunnen_visualisierung_2-16x12.jpg 16w, https:\/\/www.immobilienbusiness.ch\/wp-content\/uploads\/2018\/07\/180713_mm_marina_tiefenbrunnen_visualisierung_2-263x175.jpg 263w, https:\/\/www.immobilienbusiness.ch\/wp-content\/uploads\/2018\/07\/180713_mm_marina_tiefenbrunnen_visualisierung_2-525x350.jpg 525w, https:\/\/www.immobilienbusiness.ch\/wp-content\/uploads\/2018\/07\/180713_mm_marina_tiefenbrunnen_visualisierung_2-1200x800.jpg 1200w, https:\/\/www.immobilienbusiness.ch\/wp-content\/uploads\/2018\/07\/180713_mm_marina_tiefenbrunnen_visualisierung_2-920x613.jpg 920w, https:\/\/www.immobilienbusiness.ch\/wp-content\/uploads\/2018\/07\/180713_mm_marina_tiefenbrunnen_visualisierung_2-1400x933.jpg 1400w\" sizes=\"auto, (max-width: 680px) 100vw, 680px\" \/><figcaption id=\"caption-attachment-13385\" class=\"wp-caption-text\">Visualizzazione del centro per gli sport acquatici previsto nel porto turistico (\u00a9 ZUEND; fonte: Citt\u00e0 di Zurigo)<\/figcaption><\/figure>\n<p>Il contesto del<span class=\"Apple-converted-space\">\u00a0 <\/span>Il progetto di costruzione si basa sul modello del bacino lacustre della citt\u00e0 e del cantone di Zurigo. L'obiettivo \u00e8 quello di trasferire gli ormeggi delle imbarcazioni dal bacino del lago a un nuovo porto, per eliminare i conflitti di utilizzo. Inoltre, a Tiefenbrunnen verr\u00e0 creato un luogo con un'atmosfera portuale, che non solo migliorer\u00e0 l'infrastruttura per la navigazione a Zurigo, ma porter\u00e0 anche un valore aggiunto al pubblico in generale.<\/p>\n<p>L'estate scorsa, la citt\u00e0 di Zurigo ha quindi fondato la Einfache Gesellschaft Marina Tiefenbrunnen (EGMT) con il Club Velico di Zurigo, lo Yacht Club di Zurigo e il Club Velico Enge, nonch\u00e9 il Gruppo KIBAG e la compagnia assicurativa Die Mobiliar. L'Ufficio Edilizia della Citt\u00e0 di Zurigo ha organizzato il concorso per il progetto per conto di questo ente patrocinatore.<br \/>\nSono state richieste proposte per la progettazione dell'area a terra del porto turistico di Tiefenbrunnen, con un centro per gli sport acquatici e un ristorante pubblico, nonch\u00e9 un ampio e spazioso molo pubblico con un caff\u00e8. L'accento \u00e8 stato posto su progetti esemplari dal punto di vista economico ed ecologico.<\/p>\n<p>La giuria ha votato all'unanimit\u00e0 a favore del progetto dei team zurighesi Waldrap e Pechmann Landschaftsarchitekten.<\/p>\n<p>Nel complesso, il progetto vincitore fornisce una risposta chiara e semplice al bando di concorso, secondo una dichiarazione congiunta della Citt\u00e0 di Zurigo e di EGMT: il posizionamento dell'edificio ai margini del lotto consente di sfruttare al massimo l'area di essiccazione per la vela. Tuttavia, il carattere pubblico della struttura \u00e8 chiaramente espresso. Il progetto \u00e8 inoltre molto coerente con la futura riqualificazione dell'area, che prevede l'estensione dell'attuale parco al porto turistico.<span class=\"Apple-converted-space\">\u00a0<\/span><\/p>\n<p>Sulla base dei risultati del concorso, verr\u00e0 ora eseguita una procedura di pianificazione territoriale, durante la quale verr\u00e0 anche elaborato un piano di progettazione. Il Comune intende quindi sottoporre il piano di progettazione, la partecipazione della citt\u00e0 alla sponsorizzazione e il contratto di locazione dell'edificio per Tiefenbrunnen Marina al Consiglio comunale di Zurigo per la discussione e la decisione. La consultazione in Parlamento \u00e8 prevista per il 2020.<\/p>","protected":false},"excerpt":{"rendered":"<p>In Tiefenbrunnen soll eine Marina entstehen &#8211; es ist der erste Hafen in der Stadt Z\u00fcrich, der von Anfang an auch f\u00fcr die \u00d6ffentlichkeit konzipiert wird. Den Wettbewerb hat das Projekt von Waldrap und Pechmann Landschaftsarchitekten gewonnen.\u00a0<\/p>","protected":false},"author":3,"featured_media":13385,"comment_status":"open","ping_status":"open","sticky":false,"template":"","format":"standard","meta":{"_acf_changed":false,"_yoast_wpseo_focuskw":"Marina","_yoast_wpseo_title":"","_yoast_wpseo_metadesc":"In Tiefenbrunnen soll eine Marina entstehen. Den Wettbewerb hat das Projekt von Waldrap und Pechmann Landschaftsarchitekten gewonnen.\u00a0","_yoast_wpseo_linkdex":81,"pgc_sgb_lightbox_settings":"","footnotes":""},"categories":[985],"tags":[1600,1714,1888],"class_list":["post-13372","post","type-post","status-publish","format-standard","has-post-thumbnail","hentry","category-regionen","tag-projekt-in-planung","tag-spezial-immobilien","tag-zuerich"],"acf":[],"yoast_head":"<!-- This site is optimized with the Yoast SEO plugin v27.4 - https:\/\/yoast.com\/product\/yoast-seo-wordpress\/ -->\n<title>Z\u00fcrich: Projektwettbewerb f\u00fcr Marina ist entschieden - IMMOBILIEN Business<\/title>\n<meta name=\"description\" content=\"In Tiefenbrunnen soll eine Marina entstehen. Den Wettbewerb hat das Projekt von Waldrap und Pechmann Landschaftsarchitekten gewonnen.\u00a0\" \/>\n<meta name=\"robots\" content=\"index, follow, max-snippet:-1, max-image-preview:large, max-video-preview:-1\" \/>\n<link rel=\"canonical\" href=\"https:\/\/www.immobilienbusiness.ch\/it\/regionen\/2018-07-17\/zuerich-projektwettbewerb-fuer-marina-ist-entschieden\/\" \/>\n<meta property=\"og:locale\" content=\"it_IT\" \/>\n<meta property=\"og:type\" content=\"article\" \/>\n<meta property=\"og:title\" content=\"Z\u00fcrich: Projektwettbewerb f\u00fcr Marina ist entschieden - IMMOBILIEN Business\" \/>\n<meta property=\"og:description\" content=\"In Tiefenbrunnen soll eine Marina entstehen. Den Wettbewerb hat das Projekt von Waldrap und Pechmann Landschaftsarchitekten gewonnen.\u00a0\" \/>\n<meta property=\"og:url\" content=\"https:\/\/www.immobilienbusiness.ch\/it\/regionen\/2018-07-17\/zuerich-projektwettbewerb-fuer-marina-ist-entschieden\/\" \/>\n<meta property=\"og:site_name\" content=\"IMMOBILIEN Business\" \/>\n<meta property=\"article:publisher\" content=\"https:\/\/www.facebook.com\/immobilienbusiness\/\" \/>\n<meta property=\"article:published_time\" content=\"2018-07-17T06:54:26+00:00\" \/>\n<meta property=\"og:image\" content=\"https:\/\/www.immobilienbusiness.ch\/wp-content\/uploads\/2018\/07\/180713_mm_marina_tiefenbrunnen_visualisierung_2.jpg\" \/>\n\t<meta property=\"og:image:width\" content=\"1772\" \/>\n\t<meta property=\"og:image:height\" content=\"1181\" \/>\n\t<meta property=\"og:image:type\" content=\"image\/jpeg\" \/>\n<meta name=\"author\" content=\"anja.hall\" \/>\n<meta name=\"twitter:card\" content=\"summary_large_image\" \/>\n<meta name=\"twitter:image\" content=\"https:\/\/www.immobilienbusiness.ch\/wp-content\/uploads\/2018\/07\/180713_mm_marina_tiefenbrunnen_visualisierung_2.jpg\" \/>\n<script type=\"application\/ld+json\" class=\"yoast-schema-graph\">{\"@context\":\"https:\\\/\\\/schema.org\",\"@graph\":[{\"@type\":\"Article\",\"@id\":\"https:\\\/\\\/www.immobilienbusiness.ch\\\/en\\\/regionen\\\/2018-07-17\\\/zuerich-projektwettbewerb-fuer-marina-ist-entschieden\\\/#article\",\"isPartOf\":{\"@id\":\"https:\\\/\\\/www.immobilienbusiness.ch\\\/en\\\/regionen\\\/2018-07-17\\\/zuerich-projektwettbewerb-fuer-marina-ist-entschieden\\\/\"},\"author\":{\"name\":\"anja.hall\",\"@id\":\"https:\\\/\\\/www.immobilienbusiness.ch\\\/#\\\/schema\\\/person\\\/3fc036297b10b9f42d6db5ee932af8c8\"},\"headline\":\"Z\u00fcrich: Projektwettbewerb f\u00fcr Marina ist entschieden\",\"datePublished\":\"2018-07-17T06:54:26+00:00\",\"mainEntityOfPage\":{\"@id\":\"https:\\\/\\\/www.immobilienbusiness.ch\\\/en\\\/regionen\\\/2018-07-17\\\/zuerich-projektwettbewerb-fuer-marina-ist-entschieden\\\/\"},\"wordCount\":343,\"commentCount\":0,\"publisher\":{\"@id\":\"https:\\\/\\\/www.immobilienbusiness.ch\\\/#organization\"},\"image\":{\"@id\":\"https:\\\/\\\/www.immobilienbusiness.ch\\\/en\\\/regionen\\\/2018-07-17\\\/zuerich-projektwettbewerb-fuer-marina-ist-entschieden\\\/#primaryimage\"},\"thumbnailUrl\":\"https:\\\/\\\/www.immobilienbusiness.ch\\\/wp-content\\\/uploads\\\/2018\\\/07\\\/180713_mm_marina_tiefenbrunnen_visualisierung_2.jpg\",\"keywords\":[\"Projekt in Planung\",\"Spezial Immobilien\",\"Z\u00fcrich\"],\"articleSection\":[\"REGIONEN\"],\"inLanguage\":\"it-IT\"},{\"@type\":\"WebPage\",\"@id\":\"https:\\\/\\\/www.immobilienbusiness.ch\\\/en\\\/regionen\\\/2018-07-17\\\/zuerich-projektwettbewerb-fuer-marina-ist-entschieden\\\/\",\"url\":\"https:\\\/\\\/www.immobilienbusiness.ch\\\/en\\\/regionen\\\/2018-07-17\\\/zuerich-projektwettbewerb-fuer-marina-ist-entschieden\\\/\",\"name\":\"Z\u00fcrich: Projektwettbewerb f\u00fcr Marina ist entschieden - IMMOBILIEN Business\",\"isPartOf\":{\"@id\":\"https:\\\/\\\/www.immobilienbusiness.ch\\\/#website\"},\"primaryImageOfPage\":{\"@id\":\"https:\\\/\\\/www.immobilienbusiness.ch\\\/en\\\/regionen\\\/2018-07-17\\\/zuerich-projektwettbewerb-fuer-marina-ist-entschieden\\\/#primaryimage\"},\"image\":{\"@id\":\"https:\\\/\\\/www.immobilienbusiness.ch\\\/en\\\/regionen\\\/2018-07-17\\\/zuerich-projektwettbewerb-fuer-marina-ist-entschieden\\\/#primaryimage\"},\"thumbnailUrl\":\"https:\\\/\\\/www.immobilienbusiness.ch\\\/wp-content\\\/uploads\\\/2018\\\/07\\\/180713_mm_marina_tiefenbrunnen_visualisierung_2.jpg\",\"datePublished\":\"2018-07-17T06:54:26+00:00\",\"description\":\"In Tiefenbrunnen soll eine Marina entstehen. Den Wettbewerb hat das Projekt von Waldrap und Pechmann Landschaftsarchitekten gewonnen.\u00a0\",\"breadcrumb\":{\"@id\":\"https:\\\/\\\/www.immobilienbusiness.ch\\\/en\\\/regionen\\\/2018-07-17\\\/zuerich-projektwettbewerb-fuer-marina-ist-entschieden\\\/#breadcrumb\"},\"inLanguage\":\"it-IT\",\"potentialAction\":[{\"@type\":\"ReadAction\",\"target\":[\"https:\\\/\\\/www.immobilienbusiness.ch\\\/en\\\/regionen\\\/2018-07-17\\\/zuerich-projektwettbewerb-fuer-marina-ist-entschieden\\\/\"]}]},{\"@type\":\"ImageObject\",\"inLanguage\":\"it-IT\",\"@id\":\"https:\\\/\\\/www.immobilienbusiness.ch\\\/en\\\/regionen\\\/2018-07-17\\\/zuerich-projektwettbewerb-fuer-marina-ist-entschieden\\\/#primaryimage\",\"url\":\"https:\\\/\\\/www.immobilienbusiness.ch\\\/wp-content\\\/uploads\\\/2018\\\/07\\\/180713_mm_marina_tiefenbrunnen_visualisierung_2.jpg\",\"contentUrl\":\"https:\\\/\\\/www.immobilienbusiness.ch\\\/wp-content\\\/uploads\\\/2018\\\/07\\\/180713_mm_marina_tiefenbrunnen_visualisierung_2.jpg\",\"width\":1772,\"height\":1181,\"caption\":\"Visualisierung des geplanten Wassersportzentrums\"},{\"@type\":\"BreadcrumbList\",\"@id\":\"https:\\\/\\\/www.immobilienbusiness.ch\\\/en\\\/regionen\\\/2018-07-17\\\/zuerich-projektwettbewerb-fuer-marina-ist-entschieden\\\/#breadcrumb\",\"itemListElement\":[{\"@type\":\"ListItem\",\"position\":1,\"name\":\"Home\",\"item\":\"https:\\\/\\\/www.immobilienbusiness.ch\\\/\"},{\"@type\":\"ListItem\",\"position\":2,\"name\":\"Z\u00fcrich: Projektwettbewerb f\u00fcr Marina ist entschieden\"}]},{\"@type\":\"WebSite\",\"@id\":\"https:\\\/\\\/www.immobilienbusiness.ch\\\/#website\",\"url\":\"https:\\\/\\\/www.immobilienbusiness.ch\\\/\",\"name\":\"IMMOBILIEN Business\",\"description\":\"Unabh\u00e4ngiges Schweizer Wirtschaftsmagazin mit Fokus auf Immobilien, Architektur- und Bau sowie Investment- und Finanzierung.\",\"publisher\":{\"@id\":\"https:\\\/\\\/www.immobilienbusiness.ch\\\/#organization\"},\"potentialAction\":[{\"@type\":\"SearchAction\",\"target\":{\"@type\":\"EntryPoint\",\"urlTemplate\":\"https:\\\/\\\/www.immobilienbusiness.ch\\\/?s={search_term_string}\"},\"query-input\":{\"@type\":\"PropertyValueSpecification\",\"valueRequired\":true,\"valueName\":\"search_term_string\"}}],\"inLanguage\":\"it-IT\"},{\"@type\":\"Organization\",\"@id\":\"https:\\\/\\\/www.immobilienbusiness.ch\\\/#organization\",\"name\":\"IMMOBILIEN Business\",\"url\":\"https:\\\/\\\/www.immobilienbusiness.ch\\\/\",\"logo\":{\"@type\":\"ImageObject\",\"inLanguage\":\"it-IT\",\"@id\":\"https:\\\/\\\/www.immobilienbusiness.ch\\\/#\\\/schema\\\/logo\\\/image\\\/\",\"url\":\"https:\\\/\\\/www.immobilienbusiness.ch\\\/wp-content\\\/uploads\\\/2021\\\/07\\\/logo_ib.png\",\"contentUrl\":\"https:\\\/\\\/www.immobilienbusiness.ch\\\/wp-content\\\/uploads\\\/2021\\\/07\\\/logo_ib.png\",\"width\":800,\"height\":181,\"caption\":\"IMMOBILIEN Business\"},\"image\":{\"@id\":\"https:\\\/\\\/www.immobilienbusiness.ch\\\/#\\\/schema\\\/logo\\\/image\\\/\"},\"sameAs\":[\"https:\\\/\\\/www.facebook.com\\\/immobilienbusiness\\\/\"]},{\"@type\":\"Person\",\"@id\":\"https:\\\/\\\/www.immobilienbusiness.ch\\\/#\\\/schema\\\/person\\\/3fc036297b10b9f42d6db5ee932af8c8\",\"name\":\"anja.hall\",\"image\":{\"@type\":\"ImageObject\",\"inLanguage\":\"it-IT\",\"@id\":\"https:\\\/\\\/secure.gravatar.com\\\/avatar\\\/066b5a0d447013502c71a5782f4f3469f03cfe595cc2329fb94652fe47511bfb?s=96&d=mm&r=g\",\"url\":\"https:\\\/\\\/secure.gravatar.com\\\/avatar\\\/066b5a0d447013502c71a5782f4f3469f03cfe595cc2329fb94652fe47511bfb?s=96&d=mm&r=g\",\"contentUrl\":\"https:\\\/\\\/secure.gravatar.com\\\/avatar\\\/066b5a0d447013502c71a5782f4f3469f03cfe595cc2329fb94652fe47511bfb?s=96&d=mm&r=g\",\"caption\":\"anja.hall\"},\"url\":\"https:\\\/\\\/www.immobilienbusiness.ch\\\/it\\\/author\\\/anja-hall\\\/\"}]}<\/script>\n<!-- \/ Yoast SEO plugin. -->","yoast_head_json":{"title":"Z\u00fcrich: Projektwettbewerb f\u00fcr Marina ist entschieden - IMMOBILIEN Business","description":"In Tiefenbrunnen soll eine Marina entstehen. Den Wettbewerb hat das Projekt von Waldrap und Pechmann Landschaftsarchitekten gewonnen.\u00a0","robots":{"index":"index","follow":"follow","max-snippet":"max-snippet:-1","max-image-preview":"max-image-preview:large","max-video-preview":"max-video-preview:-1"},"canonical":"https:\/\/www.immobilienbusiness.ch\/it\/regionen\/2018-07-17\/zuerich-projektwettbewerb-fuer-marina-ist-entschieden\/","og_locale":"it_IT","og_type":"article","og_title":"Z\u00fcrich: Projektwettbewerb f\u00fcr Marina ist entschieden - IMMOBILIEN Business","og_description":"In Tiefenbrunnen soll eine Marina entstehen. Den Wettbewerb hat das Projekt von Waldrap und Pechmann Landschaftsarchitekten gewonnen.\u00a0","og_url":"https:\/\/www.immobilienbusiness.ch\/it\/regionen\/2018-07-17\/zuerich-projektwettbewerb-fuer-marina-ist-entschieden\/","og_site_name":"IMMOBILIEN Business","article_publisher":"https:\/\/www.facebook.com\/immobilienbusiness\/","article_published_time":"2018-07-17T06:54:26+00:00","og_image":[{"width":1772,"height":1181,"url":"https:\/\/www.immobilienbusiness.ch\/wp-content\/uploads\/2018\/07\/180713_mm_marina_tiefenbrunnen_visualisierung_2.jpg","type":"image\/jpeg"}],"author":"anja.hall","twitter_card":"summary_large_image","twitter_image":"https:\/\/www.immobilienbusiness.ch\/wp-content\/uploads\/2018\/07\/180713_mm_marina_tiefenbrunnen_visualisierung_2.jpg","schema":{"@context":"https:\/\/schema.org","@graph":[{"@type":"Article","@id":"https:\/\/www.immobilienbusiness.ch\/en\/regionen\/2018-07-17\/zuerich-projektwettbewerb-fuer-marina-ist-entschieden\/#article","isPartOf":{"@id":"https:\/\/www.immobilienbusiness.ch\/en\/regionen\/2018-07-17\/zuerich-projektwettbewerb-fuer-marina-ist-entschieden\/"},"author":{"name":"anja.hall","@id":"https:\/\/www.immobilienbusiness.ch\/#\/schema\/person\/3fc036297b10b9f42d6db5ee932af8c8"},"headline":"Z\u00fcrich: Projektwettbewerb f\u00fcr Marina ist entschieden","datePublished":"2018-07-17T06:54:26+00:00","mainEntityOfPage":{"@id":"https:\/\/www.immobilienbusiness.ch\/en\/regionen\/2018-07-17\/zuerich-projektwettbewerb-fuer-marina-ist-entschieden\/"},"wordCount":343,"commentCount":0,"publisher":{"@id":"https:\/\/www.immobilienbusiness.ch\/#organization"},"image":{"@id":"https:\/\/www.immobilienbusiness.ch\/en\/regionen\/2018-07-17\/zuerich-projektwettbewerb-fuer-marina-ist-entschieden\/#primaryimage"},"thumbnailUrl":"https:\/\/www.immobilienbusiness.ch\/wp-content\/uploads\/2018\/07\/180713_mm_marina_tiefenbrunnen_visualisierung_2.jpg","keywords":["Projekt in Planung","Spezial Immobilien","Z\u00fcrich"],"articleSection":["REGIONEN"],"inLanguage":"it-IT"},{"@type":"WebPage","@id":"https:\/\/www.immobilienbusiness.ch\/en\/regionen\/2018-07-17\/zuerich-projektwettbewerb-fuer-marina-ist-entschieden\/","url":"https:\/\/www.immobilienbusiness.ch\/en\/regionen\/2018-07-17\/zuerich-projektwettbewerb-fuer-marina-ist-entschieden\/","name":"Z\u00fcrich: Projektwettbewerb f\u00fcr Marina ist entschieden - IMMOBILIEN Business","isPartOf":{"@id":"https:\/\/www.immobilienbusiness.ch\/#website"},"primaryImageOfPage":{"@id":"https:\/\/www.immobilienbusiness.ch\/en\/regionen\/2018-07-17\/zuerich-projektwettbewerb-fuer-marina-ist-entschieden\/#primaryimage"},"image":{"@id":"https:\/\/www.immobilienbusiness.ch\/en\/regionen\/2018-07-17\/zuerich-projektwettbewerb-fuer-marina-ist-entschieden\/#primaryimage"},"thumbnailUrl":"https:\/\/www.immobilienbusiness.ch\/wp-content\/uploads\/2018\/07\/180713_mm_marina_tiefenbrunnen_visualisierung_2.jpg","datePublished":"2018-07-17T06:54:26+00:00","description":"In Tiefenbrunnen soll eine Marina entstehen. Den Wettbewerb hat das Projekt von Waldrap und Pechmann Landschaftsarchitekten gewonnen.\u00a0","breadcrumb":{"@id":"https:\/\/www.immobilienbusiness.ch\/en\/regionen\/2018-07-17\/zuerich-projektwettbewerb-fuer-marina-ist-entschieden\/#breadcrumb"},"inLanguage":"it-IT","potentialAction":[{"@type":"ReadAction","target":["https:\/\/www.immobilienbusiness.ch\/en\/regionen\/2018-07-17\/zuerich-projektwettbewerb-fuer-marina-ist-entschieden\/"]}]},{"@type":"ImageObject","inLanguage":"it-IT","@id":"https:\/\/www.immobilienbusiness.ch\/en\/regionen\/2018-07-17\/zuerich-projektwettbewerb-fuer-marina-ist-entschieden\/#primaryimage","url":"https:\/\/www.immobilienbusiness.ch\/wp-content\/uploads\/2018\/07\/180713_mm_marina_tiefenbrunnen_visualisierung_2.jpg","contentUrl":"https:\/\/www.immobilienbusiness.ch\/wp-content\/uploads\/2018\/07\/180713_mm_marina_tiefenbrunnen_visualisierung_2.jpg","width":1772,"height":1181,"caption":"Visualisierung des geplanten Wassersportzentrums"},{"@type":"BreadcrumbList","@id":"https:\/\/www.immobilienbusiness.ch\/en\/regionen\/2018-07-17\/zuerich-projektwettbewerb-fuer-marina-ist-entschieden\/#breadcrumb","itemListElement":[{"@type":"ListItem","position":1,"name":"Home","item":"https:\/\/www.immobilienbusiness.ch\/"},{"@type":"ListItem","position":2,"name":"Z\u00fcrich: Projektwettbewerb f\u00fcr Marina ist entschieden"}]},{"@type":"WebSite","@id":"https:\/\/www.immobilienbusiness.ch\/#website","url":"https:\/\/www.immobilienbusiness.ch\/","name":"Affari immobiliari","description":"Rivista economica indipendente svizzera che si concentra sul settore immobiliare, l'architettura e la costruzione, nonch\u00e9 sugli investimenti e i finanziamenti.","publisher":{"@id":"https:\/\/www.immobilienbusiness.ch\/#organization"},"potentialAction":[{"@type":"SearchAction","target":{"@type":"EntryPoint","urlTemplate":"https:\/\/www.immobilienbusiness.ch\/?s={search_term_string}"},"query-input":{"@type":"PropertyValueSpecification","valueRequired":true,"valueName":"search_term_string"}}],"inLanguage":"it-IT"},{"@type":"Organization","@id":"https:\/\/www.immobilienbusiness.ch\/#organization","name":"Affari immobiliari","url":"https:\/\/www.immobilienbusiness.ch\/","logo":{"@type":"ImageObject","inLanguage":"it-IT","@id":"https:\/\/www.immobilienbusiness.ch\/#\/schema\/logo\/image\/","url":"https:\/\/www.immobilienbusiness.ch\/wp-content\/uploads\/2021\/07\/logo_ib.png","contentUrl":"https:\/\/www.immobilienbusiness.ch\/wp-content\/uploads\/2021\/07\/logo_ib.png","width":800,"height":181,"caption":"IMMOBILIEN Business"},"image":{"@id":"https:\/\/www.immobilienbusiness.ch\/#\/schema\/logo\/image\/"},"sameAs":["https:\/\/www.facebook.com\/immobilienbusiness\/"]},{"@type":"Person","@id":"https:\/\/www.immobilienbusiness.ch\/#\/schema\/person\/3fc036297b10b9f42d6db5ee932af8c8","name":"anja.hall","image":{"@type":"ImageObject","inLanguage":"it-IT","@id":"https:\/\/secure.gravatar.com\/avatar\/066b5a0d447013502c71a5782f4f3469f03cfe595cc2329fb94652fe47511bfb?s=96&d=mm&r=g","url":"https:\/\/secure.gravatar.com\/avatar\/066b5a0d447013502c71a5782f4f3469f03cfe595cc2329fb94652fe47511bfb?s=96&d=mm&r=g","contentUrl":"https:\/\/secure.gravatar.com\/avatar\/066b5a0d447013502c71a5782f4f3469f03cfe595cc2329fb94652fe47511bfb?s=96&d=mm&r=g","caption":"anja.hall"},"url":"https:\/\/www.immobilienbusiness.ch\/it\/author\/anja-hall\/"}]}},"_links":{"self":[{"href":"https:\/\/www.immobilienbusiness.ch\/it\/wp-json\/wp\/v2\/posts\/13372","targetHints":{"allow":["GET"]}}],"collection":[{"href":"https:\/\/www.immobilienbusiness.ch\/it\/wp-json\/wp\/v2\/posts"}],"about":[{"href":"https:\/\/www.immobilienbusiness.ch\/it\/wp-json\/wp\/v2\/types\/post"}],"author":[{"embeddable":true,"href":"https:\/\/www.immobilienbusiness.ch\/it\/wp-json\/wp\/v2\/users\/3"}],"replies":[{"embeddable":true,"href":"https:\/\/www.immobilienbusiness.ch\/it\/wp-json\/wp\/v2\/comments?post=13372"}],"version-history":[{"count":0,"href":"https:\/\/www.immobilienbusiness.ch\/it\/wp-json\/wp\/v2\/posts\/13372\/revisions"}],"wp:featuredmedia":[{"embeddable":true,"href":"https:\/\/www.immobilienbusiness.ch\/it\/wp-json\/wp\/v2\/media\/13385"}],"wp:attachment":[{"href":"https:\/\/www.immobilienbusiness.ch\/it\/wp-json\/wp\/v2\/media?parent=13372"}],"wp:term":[{"taxonomy":"category","embeddable":true,"href":"https:\/\/www.immobilienbusiness.ch\/it\/wp-json\/wp\/v2\/categories?post=13372"},{"taxonomy":"post_tag","embeddable":true,"href":"https:\/\/www.immobilienbusiness.ch\/it\/wp-json\/wp\/v2\/tags?post=13372"}],"curies":[{"name":"wp","href":"https:\/\/api.w.org\/{rel}","templated":true}]}}