{"id":13261,"date":"2018-07-09T07:55:09","date_gmt":"2018-07-09T05:55:09","guid":{"rendered":"https:\/\/www.immobilienbusiness.ch\/?p=13261"},"modified":"2018-07-09T07:55:09","modified_gmt":"2018-07-09T05:55:09","slug":"zuerich-grundstein-fuer-siedlung-hornbach-ist-gelegt","status":"publish","type":"post","link":"https:\/\/www.immobilienbusiness.ch\/it\/regionen\/2018-07-09\/zuerich-grundstein-fuer-siedlung-hornbach-ist-gelegt\/","title":{"rendered":"Zurigo: posa della prima pietra del complesso residenziale di Hornbach"},"content":{"rendered":"<figure id=\"attachment_13262\" aria-describedby=\"caption-attachment-13262\" style=\"width: 680px\" class=\"wp-caption alignnone\"><img loading=\"lazy\" decoding=\"async\" class=\"wp-image-13262 size-medium\" src=\"https:\/\/www.immobilienbusiness.ch\/wp-content\/uploads\/2018\/07\/180706_1_Visualisierung_Hornbach.jpg\" alt=\"\" width=\"680\" height=\"481\" srcset=\"https:\/\/www.immobilienbusiness.ch\/wp-content\/uploads\/2018\/07\/180706_1_Visualisierung_Hornbach.jpg 2480w, https:\/\/www.immobilienbusiness.ch\/wp-content\/uploads\/2018\/07\/180706_1_Visualisierung_Hornbach-300x212.jpg 300w, https:\/\/www.immobilienbusiness.ch\/wp-content\/uploads\/2018\/07\/180706_1_Visualisierung_Hornbach-1024x724.jpg 1024w, https:\/\/www.immobilienbusiness.ch\/wp-content\/uploads\/2018\/07\/180706_1_Visualisierung_Hornbach-768x543.jpg 768w, https:\/\/www.immobilienbusiness.ch\/wp-content\/uploads\/2018\/07\/180706_1_Visualisierung_Hornbach-1536x1086.jpg 1536w, https:\/\/www.immobilienbusiness.ch\/wp-content\/uploads\/2018\/07\/180706_1_Visualisierung_Hornbach-2048x1448.jpg 2048w, https:\/\/www.immobilienbusiness.ch\/wp-content\/uploads\/2018\/07\/180706_1_Visualisierung_Hornbach-16x12.jpg 16w, https:\/\/www.immobilienbusiness.ch\/wp-content\/uploads\/2018\/07\/180706_1_Visualisierung_Hornbach-248x175.jpg 248w, https:\/\/www.immobilienbusiness.ch\/wp-content\/uploads\/2018\/07\/180706_1_Visualisierung_Hornbach-495x350.jpg 495w, https:\/\/www.immobilienbusiness.ch\/wp-content\/uploads\/2018\/07\/180706_1_Visualisierung_Hornbach-1132x800.jpg 1132w, https:\/\/www.immobilienbusiness.ch\/wp-content\/uploads\/2018\/07\/180706_1_Visualisierung_Hornbach-920x650.jpg 920w, https:\/\/www.immobilienbusiness.ch\/wp-content\/uploads\/2018\/07\/180706_1_Visualisierung_Hornbach-1400x990.jpg 1400w, https:\/\/www.immobilienbusiness.ch\/wp-content\/uploads\/2018\/07\/180706_1_Visualisierung_Hornbach-1981x1400.jpg 1981w\" sizes=\"auto, (max-width: 680px) 100vw, 680px\" \/><figcaption id=\"caption-attachment-13262\" class=\"wp-caption-text\">Visualizzazione del complesso residenziale Hornbach a Seefeld (Immagine: Knapkiewicz &amp; Fickert Architekten)<\/figcaption><\/figure>\n<p>Il nuovo complesso residenziale di Hornbach a Zurigo-Riesbach, nelle immediate vicinanze del lago, comprender\u00e0 125 appartamenti senza scopo di lucro, destinati principalmente alle famiglie.<\/p>\n<p>Il progetto, in fase di realizzazione, \u00e8 stato ideato dallo studio Knapkiewicz &amp; Fickert Architekten di Zurigo ed \u00e8 il risultato di un concorso di architettura indetto nel 2012. Oltre il 70% degli appartamenti \u00e8 destinato a inquilini con bambini; l'asilo nido ha spazio per 24 bambini e il doposcuola pu\u00f2 ospitare fino a 75 bambini. L'intero complesso residenziale di Hornbach sar\u00e0 costruito secondo i requisiti del programma cantonale di sovvenzioni per l'edilizia abitativa del Cantone di Zurigo e secondo lo standard Minergie-P-Eco, secondo la citt\u00e0 di Zurigo.<\/p>\n<p>Nel comunicato stampa si legge che il complesso residenziale dar\u00e0 un importante contributo alla diversit\u00e0 sociale di Seefeld. \"Finora, la percentuale di appartamenti senza scopo di lucro nel Distretto 8 \u00e8 stata ben al di sotto della media\", ha dichiarato il consigliere comunale Daniel Leupi, capo del Dipartimento delle Finanze, alla cerimonia di posa della prima pietra. \"Il complesso residenziale Hornbach creer\u00e0 finalmente pi\u00f9 appartamenti a prezzi accessibili, soprattutto per le famiglie, e spazio per le imprese\".<\/p>\n<p><a href=\"https:\/\/www.immobilienbusiness.ch\/it\/staedtische-siedlung-im-seefeld-kommt\/\">Nel 2015, gli elettori di Zurigo hanno approvato con una maggioranza di poco inferiore al 66% il prestito immobiliare di 100,7 milioni di franchi per la costruzione del complesso residenziale di Hornbach.<\/a> Nel frattempo la pianificazione \u00e8 stata bloccata a causa di ricorsi. Tuttavia, i lavori sono potuti iniziare nel settembre 2017. Il progetto dovrebbe essere pronto per l'occupazione entro il 2021.<\/p>","protected":false},"excerpt":{"rendered":"<p>Il 6 luglio \u00e8 stata posata la prima pietra del nuovo complesso residenziale Hornbach a Zurigo Seefeld. Saranno costruiti alloggi, strutture per l'infanzia, spazi commerciali e un cantiere per il Gr\u00fcn Stadt Z\u00fcrich.<\/p>","protected":false},"author":3,"featured_media":13262,"comment_status":"open","ping_status":"open","sticky":false,"template":"","format":"standard","meta":{"_acf_changed":false,"_yoast_wpseo_focuskw":"Siedlung Hornbach","_yoast_wpseo_title":"","_yoast_wpseo_metadesc":"Am 6. Juli wurde die Grundsteinlegung f\u00fcr die neue Siedlung Hornbach im Z\u00fcrcher Seefeld gefeiert. Es entstehen 125 gemeinn\u00fctzige Wohnungen.","_yoast_wpseo_linkdex":80,"pgc_sgb_lightbox_settings":"","footnotes":""},"categories":[985],"tags":[1599,1863,1888],"class_list":["post-13261","post","type-post","status-publish","format-standard","has-post-thumbnail","hentry","category-regionen","tag-projekt-in-bau","tag-wohnimmobilien","tag-zuerich"],"acf":[],"yoast_head":"<!-- This site is optimized with the Yoast SEO plugin v27.4 - https:\/\/yoast.com\/product\/yoast-seo-wordpress\/ -->\n<title>Z\u00fcrich: Grundstein f\u00fcr Siedlung Hornbach ist gelegt - IMMOBILIEN Business<\/title>\n<meta name=\"description\" content=\"Am 6. Juli wurde die Grundsteinlegung f\u00fcr die neue Siedlung Hornbach im Z\u00fcrcher Seefeld gefeiert. Es entstehen 125 gemeinn\u00fctzige Wohnungen.\" \/>\n<meta name=\"robots\" content=\"index, follow, max-snippet:-1, max-image-preview:large, max-video-preview:-1\" \/>\n<link rel=\"canonical\" href=\"https:\/\/www.immobilienbusiness.ch\/it\/regionen\/2018-07-09\/zuerich-grundstein-fuer-siedlung-hornbach-ist-gelegt\/\" \/>\n<meta property=\"og:locale\" content=\"it_IT\" \/>\n<meta property=\"og:type\" content=\"article\" \/>\n<meta property=\"og:title\" content=\"Z\u00fcrich: Grundstein f\u00fcr Siedlung Hornbach ist gelegt - IMMOBILIEN Business\" \/>\n<meta property=\"og:description\" content=\"Am 6. Juli wurde die Grundsteinlegung f\u00fcr die neue Siedlung Hornbach im Z\u00fcrcher Seefeld gefeiert. Es entstehen 125 gemeinn\u00fctzige Wohnungen.\" \/>\n<meta property=\"og:url\" content=\"https:\/\/www.immobilienbusiness.ch\/it\/regionen\/2018-07-09\/zuerich-grundstein-fuer-siedlung-hornbach-ist-gelegt\/\" \/>\n<meta property=\"og:site_name\" content=\"IMMOBILIEN Business\" \/>\n<meta property=\"article:publisher\" content=\"https:\/\/www.facebook.com\/immobilienbusiness\/\" \/>\n<meta property=\"article:published_time\" content=\"2018-07-09T05:55:09+00:00\" \/>\n<meta property=\"og:image\" content=\"https:\/\/www.immobilienbusiness.ch\/wp-content\/uploads\/2018\/07\/180706_1_Visualisierung_Hornbach-1024x724.jpg\" \/>\n\t<meta property=\"og:image:width\" content=\"1024\" \/>\n\t<meta property=\"og:image:height\" content=\"724\" \/>\n\t<meta property=\"og:image:type\" content=\"image\/jpeg\" \/>\n<meta name=\"author\" content=\"anja.hall\" \/>\n<meta name=\"twitter:card\" content=\"summary_large_image\" \/>\n<meta name=\"twitter:image\" content=\"https:\/\/www.immobilienbusiness.ch\/wp-content\/uploads\/2018\/07\/180706_1_Visualisierung_Hornbach.jpg\" \/>\n<script type=\"application\/ld+json\" class=\"yoast-schema-graph\">{\"@context\":\"https:\\\/\\\/schema.org\",\"@graph\":[{\"@type\":\"Article\",\"@id\":\"https:\\\/\\\/www.immobilienbusiness.ch\\\/en\\\/regionen\\\/2018-07-09\\\/zuerich-grundstein-fuer-siedlung-hornbach-ist-gelegt\\\/#article\",\"isPartOf\":{\"@id\":\"https:\\\/\\\/www.immobilienbusiness.ch\\\/en\\\/regionen\\\/2018-07-09\\\/zuerich-grundstein-fuer-siedlung-hornbach-ist-gelegt\\\/\"},\"author\":{\"name\":\"anja.hall\",\"@id\":\"https:\\\/\\\/www.immobilienbusiness.ch\\\/#\\\/schema\\\/person\\\/3fc036297b10b9f42d6db5ee932af8c8\"},\"headline\":\"Z\u00fcrich: Grundstein f\u00fcr Siedlung Hornbach ist gelegt\",\"datePublished\":\"2018-07-09T05:55:09+00:00\",\"mainEntityOfPage\":{\"@id\":\"https:\\\/\\\/www.immobilienbusiness.ch\\\/en\\\/regionen\\\/2018-07-09\\\/zuerich-grundstein-fuer-siedlung-hornbach-ist-gelegt\\\/\"},\"wordCount\":243,\"commentCount\":0,\"publisher\":{\"@id\":\"https:\\\/\\\/www.immobilienbusiness.ch\\\/#organization\"},\"image\":{\"@id\":\"https:\\\/\\\/www.immobilienbusiness.ch\\\/en\\\/regionen\\\/2018-07-09\\\/zuerich-grundstein-fuer-siedlung-hornbach-ist-gelegt\\\/#primaryimage\"},\"thumbnailUrl\":\"https:\\\/\\\/www.immobilienbusiness.ch\\\/wp-content\\\/uploads\\\/2018\\\/07\\\/180706_1_Visualisierung_Hornbach.jpg\",\"keywords\":[\"Projekt in Bau\",\"Wohnimmobilien\",\"Z\u00fcrich\"],\"articleSection\":[\"REGIONEN\"],\"inLanguage\":\"it-IT\"},{\"@type\":\"WebPage\",\"@id\":\"https:\\\/\\\/www.immobilienbusiness.ch\\\/en\\\/regionen\\\/2018-07-09\\\/zuerich-grundstein-fuer-siedlung-hornbach-ist-gelegt\\\/\",\"url\":\"https:\\\/\\\/www.immobilienbusiness.ch\\\/en\\\/regionen\\\/2018-07-09\\\/zuerich-grundstein-fuer-siedlung-hornbach-ist-gelegt\\\/\",\"name\":\"Z\u00fcrich: Grundstein f\u00fcr Siedlung Hornbach ist gelegt - IMMOBILIEN Business\",\"isPartOf\":{\"@id\":\"https:\\\/\\\/www.immobilienbusiness.ch\\\/#website\"},\"primaryImageOfPage\":{\"@id\":\"https:\\\/\\\/www.immobilienbusiness.ch\\\/en\\\/regionen\\\/2018-07-09\\\/zuerich-grundstein-fuer-siedlung-hornbach-ist-gelegt\\\/#primaryimage\"},\"image\":{\"@id\":\"https:\\\/\\\/www.immobilienbusiness.ch\\\/en\\\/regionen\\\/2018-07-09\\\/zuerich-grundstein-fuer-siedlung-hornbach-ist-gelegt\\\/#primaryimage\"},\"thumbnailUrl\":\"https:\\\/\\\/www.immobilienbusiness.ch\\\/wp-content\\\/uploads\\\/2018\\\/07\\\/180706_1_Visualisierung_Hornbach.jpg\",\"datePublished\":\"2018-07-09T05:55:09+00:00\",\"description\":\"Am 6. Juli wurde die Grundsteinlegung f\u00fcr die neue Siedlung Hornbach im Z\u00fcrcher Seefeld gefeiert. Es entstehen 125 gemeinn\u00fctzige Wohnungen.\",\"breadcrumb\":{\"@id\":\"https:\\\/\\\/www.immobilienbusiness.ch\\\/en\\\/regionen\\\/2018-07-09\\\/zuerich-grundstein-fuer-siedlung-hornbach-ist-gelegt\\\/#breadcrumb\"},\"inLanguage\":\"it-IT\",\"potentialAction\":[{\"@type\":\"ReadAction\",\"target\":[\"https:\\\/\\\/www.immobilienbusiness.ch\\\/en\\\/regionen\\\/2018-07-09\\\/zuerich-grundstein-fuer-siedlung-hornbach-ist-gelegt\\\/\"]}]},{\"@type\":\"ImageObject\",\"inLanguage\":\"it-IT\",\"@id\":\"https:\\\/\\\/www.immobilienbusiness.ch\\\/en\\\/regionen\\\/2018-07-09\\\/zuerich-grundstein-fuer-siedlung-hornbach-ist-gelegt\\\/#primaryimage\",\"url\":\"https:\\\/\\\/www.immobilienbusiness.ch\\\/wp-content\\\/uploads\\\/2018\\\/07\\\/180706_1_Visualisierung_Hornbach.jpg\",\"contentUrl\":\"https:\\\/\\\/www.immobilienbusiness.ch\\\/wp-content\\\/uploads\\\/2018\\\/07\\\/180706_1_Visualisierung_Hornbach.jpg\",\"width\":2480,\"height\":1753,\"caption\":\"180706_1_Visualisierung_Hornbach\"},{\"@type\":\"BreadcrumbList\",\"@id\":\"https:\\\/\\\/www.immobilienbusiness.ch\\\/en\\\/regionen\\\/2018-07-09\\\/zuerich-grundstein-fuer-siedlung-hornbach-ist-gelegt\\\/#breadcrumb\",\"itemListElement\":[{\"@type\":\"ListItem\",\"position\":1,\"name\":\"Home\",\"item\":\"https:\\\/\\\/www.immobilienbusiness.ch\\\/\"},{\"@type\":\"ListItem\",\"position\":2,\"name\":\"Z\u00fcrich: Grundstein f\u00fcr Siedlung Hornbach ist gelegt\"}]},{\"@type\":\"WebSite\",\"@id\":\"https:\\\/\\\/www.immobilienbusiness.ch\\\/#website\",\"url\":\"https:\\\/\\\/www.immobilienbusiness.ch\\\/\",\"name\":\"IMMOBILIEN Business\",\"description\":\"Unabh\u00e4ngiges Schweizer Wirtschaftsmagazin mit Fokus auf Immobilien, Architektur- und Bau sowie Investment- und Finanzierung.\",\"publisher\":{\"@id\":\"https:\\\/\\\/www.immobilienbusiness.ch\\\/#organization\"},\"potentialAction\":[{\"@type\":\"SearchAction\",\"target\":{\"@type\":\"EntryPoint\",\"urlTemplate\":\"https:\\\/\\\/www.immobilienbusiness.ch\\\/?s={search_term_string}\"},\"query-input\":{\"@type\":\"PropertyValueSpecification\",\"valueRequired\":true,\"valueName\":\"search_term_string\"}}],\"inLanguage\":\"it-IT\"},{\"@type\":\"Organization\",\"@id\":\"https:\\\/\\\/www.immobilienbusiness.ch\\\/#organization\",\"name\":\"IMMOBILIEN Business\",\"url\":\"https:\\\/\\\/www.immobilienbusiness.ch\\\/\",\"logo\":{\"@type\":\"ImageObject\",\"inLanguage\":\"it-IT\",\"@id\":\"https:\\\/\\\/www.immobilienbusiness.ch\\\/#\\\/schema\\\/logo\\\/image\\\/\",\"url\":\"https:\\\/\\\/www.immobilienbusiness.ch\\\/wp-content\\\/uploads\\\/2021\\\/07\\\/logo_ib.png\",\"contentUrl\":\"https:\\\/\\\/www.immobilienbusiness.ch\\\/wp-content\\\/uploads\\\/2021\\\/07\\\/logo_ib.png\",\"width\":800,\"height\":181,\"caption\":\"IMMOBILIEN Business\"},\"image\":{\"@id\":\"https:\\\/\\\/www.immobilienbusiness.ch\\\/#\\\/schema\\\/logo\\\/image\\\/\"},\"sameAs\":[\"https:\\\/\\\/www.facebook.com\\\/immobilienbusiness\\\/\"]},{\"@type\":\"Person\",\"@id\":\"https:\\\/\\\/www.immobilienbusiness.ch\\\/#\\\/schema\\\/person\\\/3fc036297b10b9f42d6db5ee932af8c8\",\"name\":\"anja.hall\",\"image\":{\"@type\":\"ImageObject\",\"inLanguage\":\"it-IT\",\"@id\":\"https:\\\/\\\/secure.gravatar.com\\\/avatar\\\/066b5a0d447013502c71a5782f4f3469f03cfe595cc2329fb94652fe47511bfb?s=96&d=mm&r=g\",\"url\":\"https:\\\/\\\/secure.gravatar.com\\\/avatar\\\/066b5a0d447013502c71a5782f4f3469f03cfe595cc2329fb94652fe47511bfb?s=96&d=mm&r=g\",\"contentUrl\":\"https:\\\/\\\/secure.gravatar.com\\\/avatar\\\/066b5a0d447013502c71a5782f4f3469f03cfe595cc2329fb94652fe47511bfb?s=96&d=mm&r=g\",\"caption\":\"anja.hall\"},\"url\":\"https:\\\/\\\/www.immobilienbusiness.ch\\\/it\\\/author\\\/anja-hall\\\/\"}]}<\/script>\n<!-- \/ Yoast SEO plugin. -->","yoast_head_json":{"title":"Z\u00fcrich: Grundstein f\u00fcr Siedlung Hornbach ist gelegt - IMMOBILIEN Business","description":"Am 6. Juli wurde die Grundsteinlegung f\u00fcr die neue Siedlung Hornbach im Z\u00fcrcher Seefeld gefeiert. Es entstehen 125 gemeinn\u00fctzige Wohnungen.","robots":{"index":"index","follow":"follow","max-snippet":"max-snippet:-1","max-image-preview":"max-image-preview:large","max-video-preview":"max-video-preview:-1"},"canonical":"https:\/\/www.immobilienbusiness.ch\/it\/regionen\/2018-07-09\/zuerich-grundstein-fuer-siedlung-hornbach-ist-gelegt\/","og_locale":"it_IT","og_type":"article","og_title":"Z\u00fcrich: Grundstein f\u00fcr Siedlung Hornbach ist gelegt - IMMOBILIEN Business","og_description":"Am 6. Juli wurde die Grundsteinlegung f\u00fcr die neue Siedlung Hornbach im Z\u00fcrcher Seefeld gefeiert. Es entstehen 125 gemeinn\u00fctzige Wohnungen.","og_url":"https:\/\/www.immobilienbusiness.ch\/it\/regionen\/2018-07-09\/zuerich-grundstein-fuer-siedlung-hornbach-ist-gelegt\/","og_site_name":"IMMOBILIEN Business","article_publisher":"https:\/\/www.facebook.com\/immobilienbusiness\/","article_published_time":"2018-07-09T05:55:09+00:00","og_image":[{"width":1024,"height":724,"url":"https:\/\/www.immobilienbusiness.ch\/wp-content\/uploads\/2018\/07\/180706_1_Visualisierung_Hornbach-1024x724.jpg","type":"image\/jpeg"}],"author":"anja.hall","twitter_card":"summary_large_image","twitter_image":"https:\/\/www.immobilienbusiness.ch\/wp-content\/uploads\/2018\/07\/180706_1_Visualisierung_Hornbach.jpg","schema":{"@context":"https:\/\/schema.org","@graph":[{"@type":"Article","@id":"https:\/\/www.immobilienbusiness.ch\/en\/regionen\/2018-07-09\/zuerich-grundstein-fuer-siedlung-hornbach-ist-gelegt\/#article","isPartOf":{"@id":"https:\/\/www.immobilienbusiness.ch\/en\/regionen\/2018-07-09\/zuerich-grundstein-fuer-siedlung-hornbach-ist-gelegt\/"},"author":{"name":"anja.hall","@id":"https:\/\/www.immobilienbusiness.ch\/#\/schema\/person\/3fc036297b10b9f42d6db5ee932af8c8"},"headline":"Z\u00fcrich: Grundstein f\u00fcr Siedlung Hornbach ist gelegt","datePublished":"2018-07-09T05:55:09+00:00","mainEntityOfPage":{"@id":"https:\/\/www.immobilienbusiness.ch\/en\/regionen\/2018-07-09\/zuerich-grundstein-fuer-siedlung-hornbach-ist-gelegt\/"},"wordCount":243,"commentCount":0,"publisher":{"@id":"https:\/\/www.immobilienbusiness.ch\/#organization"},"image":{"@id":"https:\/\/www.immobilienbusiness.ch\/en\/regionen\/2018-07-09\/zuerich-grundstein-fuer-siedlung-hornbach-ist-gelegt\/#primaryimage"},"thumbnailUrl":"https:\/\/www.immobilienbusiness.ch\/wp-content\/uploads\/2018\/07\/180706_1_Visualisierung_Hornbach.jpg","keywords":["Projekt in Bau","Wohnimmobilien","Z\u00fcrich"],"articleSection":["REGIONEN"],"inLanguage":"it-IT"},{"@type":"WebPage","@id":"https:\/\/www.immobilienbusiness.ch\/en\/regionen\/2018-07-09\/zuerich-grundstein-fuer-siedlung-hornbach-ist-gelegt\/","url":"https:\/\/www.immobilienbusiness.ch\/en\/regionen\/2018-07-09\/zuerich-grundstein-fuer-siedlung-hornbach-ist-gelegt\/","name":"Z\u00fcrich: Grundstein f\u00fcr Siedlung Hornbach ist gelegt - IMMOBILIEN Business","isPartOf":{"@id":"https:\/\/www.immobilienbusiness.ch\/#website"},"primaryImageOfPage":{"@id":"https:\/\/www.immobilienbusiness.ch\/en\/regionen\/2018-07-09\/zuerich-grundstein-fuer-siedlung-hornbach-ist-gelegt\/#primaryimage"},"image":{"@id":"https:\/\/www.immobilienbusiness.ch\/en\/regionen\/2018-07-09\/zuerich-grundstein-fuer-siedlung-hornbach-ist-gelegt\/#primaryimage"},"thumbnailUrl":"https:\/\/www.immobilienbusiness.ch\/wp-content\/uploads\/2018\/07\/180706_1_Visualisierung_Hornbach.jpg","datePublished":"2018-07-09T05:55:09+00:00","description":"Am 6. Juli wurde die Grundsteinlegung f\u00fcr die neue Siedlung Hornbach im Z\u00fcrcher Seefeld gefeiert. Es entstehen 125 gemeinn\u00fctzige Wohnungen.","breadcrumb":{"@id":"https:\/\/www.immobilienbusiness.ch\/en\/regionen\/2018-07-09\/zuerich-grundstein-fuer-siedlung-hornbach-ist-gelegt\/#breadcrumb"},"inLanguage":"it-IT","potentialAction":[{"@type":"ReadAction","target":["https:\/\/www.immobilienbusiness.ch\/en\/regionen\/2018-07-09\/zuerich-grundstein-fuer-siedlung-hornbach-ist-gelegt\/"]}]},{"@type":"ImageObject","inLanguage":"it-IT","@id":"https:\/\/www.immobilienbusiness.ch\/en\/regionen\/2018-07-09\/zuerich-grundstein-fuer-siedlung-hornbach-ist-gelegt\/#primaryimage","url":"https:\/\/www.immobilienbusiness.ch\/wp-content\/uploads\/2018\/07\/180706_1_Visualisierung_Hornbach.jpg","contentUrl":"https:\/\/www.immobilienbusiness.ch\/wp-content\/uploads\/2018\/07\/180706_1_Visualisierung_Hornbach.jpg","width":2480,"height":1753,"caption":"180706_1_Visualisierung_Hornbach"},{"@type":"BreadcrumbList","@id":"https:\/\/www.immobilienbusiness.ch\/en\/regionen\/2018-07-09\/zuerich-grundstein-fuer-siedlung-hornbach-ist-gelegt\/#breadcrumb","itemListElement":[{"@type":"ListItem","position":1,"name":"Home","item":"https:\/\/www.immobilienbusiness.ch\/"},{"@type":"ListItem","position":2,"name":"Z\u00fcrich: Grundstein f\u00fcr Siedlung Hornbach ist gelegt"}]},{"@type":"WebSite","@id":"https:\/\/www.immobilienbusiness.ch\/#website","url":"https:\/\/www.immobilienbusiness.ch\/","name":"Affari immobiliari","description":"Rivista economica indipendente svizzera che si concentra sul settore immobiliare, l'architettura e la costruzione, nonch\u00e9 sugli investimenti e i finanziamenti.","publisher":{"@id":"https:\/\/www.immobilienbusiness.ch\/#organization"},"potentialAction":[{"@type":"SearchAction","target":{"@type":"EntryPoint","urlTemplate":"https:\/\/www.immobilienbusiness.ch\/?s={search_term_string}"},"query-input":{"@type":"PropertyValueSpecification","valueRequired":true,"valueName":"search_term_string"}}],"inLanguage":"it-IT"},{"@type":"Organization","@id":"https:\/\/www.immobilienbusiness.ch\/#organization","name":"Affari immobiliari","url":"https:\/\/www.immobilienbusiness.ch\/","logo":{"@type":"ImageObject","inLanguage":"it-IT","@id":"https:\/\/www.immobilienbusiness.ch\/#\/schema\/logo\/image\/","url":"https:\/\/www.immobilienbusiness.ch\/wp-content\/uploads\/2021\/07\/logo_ib.png","contentUrl":"https:\/\/www.immobilienbusiness.ch\/wp-content\/uploads\/2021\/07\/logo_ib.png","width":800,"height":181,"caption":"IMMOBILIEN Business"},"image":{"@id":"https:\/\/www.immobilienbusiness.ch\/#\/schema\/logo\/image\/"},"sameAs":["https:\/\/www.facebook.com\/immobilienbusiness\/"]},{"@type":"Person","@id":"https:\/\/www.immobilienbusiness.ch\/#\/schema\/person\/3fc036297b10b9f42d6db5ee932af8c8","name":"anja.hall","image":{"@type":"ImageObject","inLanguage":"it-IT","@id":"https:\/\/secure.gravatar.com\/avatar\/066b5a0d447013502c71a5782f4f3469f03cfe595cc2329fb94652fe47511bfb?s=96&d=mm&r=g","url":"https:\/\/secure.gravatar.com\/avatar\/066b5a0d447013502c71a5782f4f3469f03cfe595cc2329fb94652fe47511bfb?s=96&d=mm&r=g","contentUrl":"https:\/\/secure.gravatar.com\/avatar\/066b5a0d447013502c71a5782f4f3469f03cfe595cc2329fb94652fe47511bfb?s=96&d=mm&r=g","caption":"anja.hall"},"url":"https:\/\/www.immobilienbusiness.ch\/it\/author\/anja-hall\/"}]}},"_links":{"self":[{"href":"https:\/\/www.immobilienbusiness.ch\/it\/wp-json\/wp\/v2\/posts\/13261","targetHints":{"allow":["GET"]}}],"collection":[{"href":"https:\/\/www.immobilienbusiness.ch\/it\/wp-json\/wp\/v2\/posts"}],"about":[{"href":"https:\/\/www.immobilienbusiness.ch\/it\/wp-json\/wp\/v2\/types\/post"}],"author":[{"embeddable":true,"href":"https:\/\/www.immobilienbusiness.ch\/it\/wp-json\/wp\/v2\/users\/3"}],"replies":[{"embeddable":true,"href":"https:\/\/www.immobilienbusiness.ch\/it\/wp-json\/wp\/v2\/comments?post=13261"}],"version-history":[{"count":0,"href":"https:\/\/www.immobilienbusiness.ch\/it\/wp-json\/wp\/v2\/posts\/13261\/revisions"}],"wp:featuredmedia":[{"embeddable":true,"href":"https:\/\/www.immobilienbusiness.ch\/it\/wp-json\/wp\/v2\/media\/13262"}],"wp:attachment":[{"href":"https:\/\/www.immobilienbusiness.ch\/it\/wp-json\/wp\/v2\/media?parent=13261"}],"wp:term":[{"taxonomy":"category","embeddable":true,"href":"https:\/\/www.immobilienbusiness.ch\/it\/wp-json\/wp\/v2\/categories?post=13261"},{"taxonomy":"post_tag","embeddable":true,"href":"https:\/\/www.immobilienbusiness.ch\/it\/wp-json\/wp\/v2\/tags?post=13261"}],"curies":[{"name":"wp","href":"https:\/\/api.w.org\/{rel}","templated":true}]}}