{"id":13230,"date":"2018-07-06T08:53:16","date_gmt":"2018-07-06T06:53:16","guid":{"rendered":"https:\/\/www.immobilienbusiness.ch\/?p=13230"},"modified":"2018-07-06T08:53:16","modified_gmt":"2018-07-06T06:53:16","slug":"thomas-erb-tritt-in-die-geschaeftsleitung-der-csd-gruppe-ein","status":"publish","type":"post","link":"https:\/\/www.immobilienbusiness.ch\/it\/unternehmen\/2018-07-06\/thomas-erb-tritt-in-die-geschaeftsleitung-der-csd-gruppe-ein\/","title":{"rendered":"Il fornitore di servizi di ingegneria CSD si arricchisce di un nuovo membro del team dirigenziale"},"content":{"rendered":"<figure id=\"attachment_13238\" aria-describedby=\"caption-attachment-13238\" style=\"width: 680px\" class=\"wp-caption alignnone\"><img loading=\"lazy\" decoding=\"async\" class=\"size-medium wp-image-13238\" src=\"https:\/\/www.immobilienbusiness.ch\/wp-content\/uploads\/2018\/07\/Thomas-Erb-300dpi.jpg\" alt=\"\" width=\"680\" height=\"453\" srcset=\"https:\/\/www.immobilienbusiness.ch\/wp-content\/uploads\/2018\/07\/Thomas-Erb-300dpi.jpg 2560w, https:\/\/www.immobilienbusiness.ch\/wp-content\/uploads\/2018\/07\/Thomas-Erb-300dpi-300x200.jpg 300w, https:\/\/www.immobilienbusiness.ch\/wp-content\/uploads\/2018\/07\/Thomas-Erb-300dpi-1024x682.jpg 1024w, https:\/\/www.immobilienbusiness.ch\/wp-content\/uploads\/2018\/07\/Thomas-Erb-300dpi-768x511.jpg 768w, https:\/\/www.immobilienbusiness.ch\/wp-content\/uploads\/2018\/07\/Thomas-Erb-300dpi-1536x1022.jpg 1536w, https:\/\/www.immobilienbusiness.ch\/wp-content\/uploads\/2018\/07\/Thomas-Erb-300dpi-2048x1363.jpg 2048w, https:\/\/www.immobilienbusiness.ch\/wp-content\/uploads\/2018\/07\/Thomas-Erb-300dpi-16x12.jpg 16w, https:\/\/www.immobilienbusiness.ch\/wp-content\/uploads\/2018\/07\/Thomas-Erb-300dpi-263x175.jpg 263w, https:\/\/www.immobilienbusiness.ch\/wp-content\/uploads\/2018\/07\/Thomas-Erb-300dpi-526x350.jpg 526w, https:\/\/www.immobilienbusiness.ch\/wp-content\/uploads\/2018\/07\/Thomas-Erb-300dpi-1202x800.jpg 1202w, https:\/\/www.immobilienbusiness.ch\/wp-content\/uploads\/2018\/07\/Thomas-Erb-300dpi-920x612.jpg 920w, https:\/\/www.immobilienbusiness.ch\/wp-content\/uploads\/2018\/07\/Thomas-Erb-300dpi-1400x932.jpg 1400w\" sizes=\"auto, (max-width: 680px) 100vw, 680px\" \/><figcaption id=\"caption-attachment-13238\" class=\"wp-caption-text\">Thomas Erb (Fonte: Gruppo CSD)<\/figcaption><\/figure>\n<p>Thomas Erb (53 anni) proviene da BG Consulting Engineers, dove dal 2014 \u00e8 stato a capo della Svizzera tedesca. In precedenza, ha ricoperto per 13 anni diverse posizioni manageriali nel settore dell'energia, tra cui quella di CEO di Elektrezit\u00e4tswerk des Kantons Schaffhausen.<\/p>\n<p>Erb \u00e8 un \"leader con molti anni di esperienza nella gestione strategica e operativa e nella gestione del cambiamento\", ha annunciato il Gruppo CSD. Con il suo sostegno, il Gruppo intende consolidare la propria crescita nel settore delle costruzioni nella Svizzera tedesca e svilupparsi ulteriormente nel settore energetico.<\/p>","protected":false},"excerpt":{"rendered":"<p>A partire dal 1\u00b0 agosto, il dott. Thomas Erb diriger\u00e0 la divisione Edilizia per la Svizzera tedesca e la Germania ed entrer\u00e0 a far parte del Comitato esecutivo del Gruppo CSD. <\/p>","protected":false},"author":3,"featured_media":13238,"comment_status":"open","ping_status":"open","sticky":false,"template":"","format":"standard","meta":{"_acf_changed":false,"_yoast_wpseo_focuskw":"CSD","_yoast_wpseo_title":"","_yoast_wpseo_metadesc":"Thomas Erb wird ab 1. August den Gesch\u00e4ftsbereich Bau f\u00fcr die Deutsch\u00adschweiz und Deutschland leiten und in die Gesch\u00e4ftsleitung der CSD-Gruppe eintreten.","_yoast_wpseo_linkdex":49,"pgc_sgb_lightbox_settings":"","footnotes":""},"categories":[988],"tags":[1366,1563,1807],"class_list":["post-13230","post","type-post","status-publish","format-standard","has-post-thumbnail","hentry","category-unternehmen","tag-ingenieurgesellschaft","tag-personalia","tag-unternehmen"],"acf":[],"yoast_head":"<!-- This site is optimized with the Yoast SEO plugin v27.5 - https:\/\/yoast.com\/product\/yoast-seo-wordpress\/ -->\n<title>Ingenieurdienstleister CSD mit Neuzugang in der Gesch\u00e4ftsleitung - IMMOBILIEN Business<\/title>\n<meta name=\"description\" content=\"Thomas Erb wird ab 1. August den Gesch\u00e4ftsbereich Bau f\u00fcr die Deutsch\u00adschweiz und Deutschland leiten und in die Gesch\u00e4ftsleitung der CSD-Gruppe eintreten.\" \/>\n<meta name=\"robots\" content=\"index, follow, max-snippet:-1, max-image-preview:large, max-video-preview:-1\" \/>\n<link rel=\"canonical\" href=\"https:\/\/www.immobilienbusiness.ch\/it\/unternehmen\/2018-07-06\/thomas-erb-tritt-in-die-geschaeftsleitung-der-csd-gruppe-ein\/\" \/>\n<meta property=\"og:locale\" content=\"it_IT\" \/>\n<meta property=\"og:type\" content=\"article\" \/>\n<meta property=\"og:title\" content=\"Ingenieurdienstleister CSD mit Neuzugang in der Gesch\u00e4ftsleitung - IMMOBILIEN Business\" \/>\n<meta property=\"og:description\" content=\"Thomas Erb wird ab 1. August den Gesch\u00e4ftsbereich Bau f\u00fcr die Deutsch\u00adschweiz und Deutschland leiten und in die Gesch\u00e4ftsleitung der CSD-Gruppe eintreten.\" \/>\n<meta property=\"og:url\" content=\"https:\/\/www.immobilienbusiness.ch\/it\/unternehmen\/2018-07-06\/thomas-erb-tritt-in-die-geschaeftsleitung-der-csd-gruppe-ein\/\" \/>\n<meta property=\"og:site_name\" content=\"IMMOBILIEN Business\" \/>\n<meta property=\"article:publisher\" content=\"https:\/\/www.facebook.com\/immobilienbusiness\/\" \/>\n<meta property=\"article:published_time\" content=\"2018-07-06T06:53:16+00:00\" \/>\n<meta property=\"og:image\" content=\"https:\/\/www.immobilienbusiness.ch\/wp-content\/uploads\/2018\/07\/Thomas-Erb-300dpi-1024x682.jpg\" \/>\n\t<meta property=\"og:image:width\" content=\"1024\" \/>\n\t<meta property=\"og:image:height\" content=\"682\" \/>\n\t<meta property=\"og:image:type\" content=\"image\/jpeg\" \/>\n<meta name=\"author\" content=\"anja.hall\" \/>\n<meta name=\"twitter:card\" content=\"summary_large_image\" \/>\n<meta name=\"twitter:image\" content=\"https:\/\/www.immobilienbusiness.ch\/wp-content\/uploads\/2018\/07\/Thomas-Erb-300dpi.jpg\" \/>\n<script type=\"application\/ld+json\" class=\"yoast-schema-graph\">{\"@context\":\"https:\\\/\\\/schema.org\",\"@graph\":[{\"@type\":\"Article\",\"@id\":\"https:\\\/\\\/www.immobilienbusiness.ch\\\/unternehmen\\\/2018-07-06\\\/thomas-erb-tritt-in-die-geschaeftsleitung-der-csd-gruppe-ein\\\/#article\",\"isPartOf\":{\"@id\":\"https:\\\/\\\/www.immobilienbusiness.ch\\\/unternehmen\\\/2018-07-06\\\/thomas-erb-tritt-in-die-geschaeftsleitung-der-csd-gruppe-ein\\\/\"},\"author\":{\"name\":\"anja.hall\",\"@id\":\"https:\\\/\\\/www.immobilienbusiness.ch\\\/#\\\/schema\\\/person\\\/3fc036297b10b9f42d6db5ee932af8c8\"},\"headline\":\"Ingenieurdienstleister CSD mit Neuzugang in der Gesch\u00e4ftsleitung\",\"datePublished\":\"2018-07-06T06:53:16+00:00\",\"mainEntityOfPage\":{\"@id\":\"https:\\\/\\\/www.immobilienbusiness.ch\\\/unternehmen\\\/2018-07-06\\\/thomas-erb-tritt-in-die-geschaeftsleitung-der-csd-gruppe-ein\\\/\"},\"wordCount\":103,\"commentCount\":0,\"publisher\":{\"@id\":\"https:\\\/\\\/www.immobilienbusiness.ch\\\/#organization\"},\"image\":{\"@id\":\"https:\\\/\\\/www.immobilienbusiness.ch\\\/unternehmen\\\/2018-07-06\\\/thomas-erb-tritt-in-die-geschaeftsleitung-der-csd-gruppe-ein\\\/#primaryimage\"},\"thumbnailUrl\":\"https:\\\/\\\/www.immobilienbusiness.ch\\\/wp-content\\\/uploads\\\/2018\\\/07\\\/Thomas-Erb-300dpi.jpg\",\"keywords\":[\"Ingenieurgesellschaft\",\"Personalia\",\"Unternehmen\"],\"articleSection\":[\"UNTERNEHMEN\"],\"inLanguage\":\"it-IT\"},{\"@type\":\"WebPage\",\"@id\":\"https:\\\/\\\/www.immobilienbusiness.ch\\\/unternehmen\\\/2018-07-06\\\/thomas-erb-tritt-in-die-geschaeftsleitung-der-csd-gruppe-ein\\\/\",\"url\":\"https:\\\/\\\/www.immobilienbusiness.ch\\\/unternehmen\\\/2018-07-06\\\/thomas-erb-tritt-in-die-geschaeftsleitung-der-csd-gruppe-ein\\\/\",\"name\":\"Ingenieurdienstleister CSD mit Neuzugang in der Gesch\u00e4ftsleitung - IMMOBILIEN Business\",\"isPartOf\":{\"@id\":\"https:\\\/\\\/www.immobilienbusiness.ch\\\/#website\"},\"primaryImageOfPage\":{\"@id\":\"https:\\\/\\\/www.immobilienbusiness.ch\\\/unternehmen\\\/2018-07-06\\\/thomas-erb-tritt-in-die-geschaeftsleitung-der-csd-gruppe-ein\\\/#primaryimage\"},\"image\":{\"@id\":\"https:\\\/\\\/www.immobilienbusiness.ch\\\/unternehmen\\\/2018-07-06\\\/thomas-erb-tritt-in-die-geschaeftsleitung-der-csd-gruppe-ein\\\/#primaryimage\"},\"thumbnailUrl\":\"https:\\\/\\\/www.immobilienbusiness.ch\\\/wp-content\\\/uploads\\\/2018\\\/07\\\/Thomas-Erb-300dpi.jpg\",\"datePublished\":\"2018-07-06T06:53:16+00:00\",\"description\":\"Thomas Erb wird ab 1. August den Gesch\u00e4ftsbereich Bau f\u00fcr die Deutsch\u00adschweiz und Deutschland leiten und in die Gesch\u00e4ftsleitung der CSD-Gruppe eintreten.\",\"breadcrumb\":{\"@id\":\"https:\\\/\\\/www.immobilienbusiness.ch\\\/unternehmen\\\/2018-07-06\\\/thomas-erb-tritt-in-die-geschaeftsleitung-der-csd-gruppe-ein\\\/#breadcrumb\"},\"inLanguage\":\"it-IT\",\"potentialAction\":[{\"@type\":\"ReadAction\",\"target\":[\"https:\\\/\\\/www.immobilienbusiness.ch\\\/unternehmen\\\/2018-07-06\\\/thomas-erb-tritt-in-die-geschaeftsleitung-der-csd-gruppe-ein\\\/\"]}]},{\"@type\":\"ImageObject\",\"inLanguage\":\"it-IT\",\"@id\":\"https:\\\/\\\/www.immobilienbusiness.ch\\\/unternehmen\\\/2018-07-06\\\/thomas-erb-tritt-in-die-geschaeftsleitung-der-csd-gruppe-ein\\\/#primaryimage\",\"url\":\"https:\\\/\\\/www.immobilienbusiness.ch\\\/wp-content\\\/uploads\\\/2018\\\/07\\\/Thomas-Erb-300dpi.jpg\",\"contentUrl\":\"https:\\\/\\\/www.immobilienbusiness.ch\\\/wp-content\\\/uploads\\\/2018\\\/07\\\/Thomas-Erb-300dpi.jpg\",\"width\":2560,\"height\":1704,\"caption\":\"Thomas Erb (Quelle: CSD Gruppe)\"},{\"@type\":\"BreadcrumbList\",\"@id\":\"https:\\\/\\\/www.immobilienbusiness.ch\\\/unternehmen\\\/2018-07-06\\\/thomas-erb-tritt-in-die-geschaeftsleitung-der-csd-gruppe-ein\\\/#breadcrumb\",\"itemListElement\":[{\"@type\":\"ListItem\",\"position\":1,\"name\":\"Home\",\"item\":\"https:\\\/\\\/www.immobilienbusiness.ch\\\/\"},{\"@type\":\"ListItem\",\"position\":2,\"name\":\"Ingenieurdienstleister CSD mit Neuzugang in der Gesch\u00e4ftsleitung\"}]},{\"@type\":\"WebSite\",\"@id\":\"https:\\\/\\\/www.immobilienbusiness.ch\\\/#website\",\"url\":\"https:\\\/\\\/www.immobilienbusiness.ch\\\/\",\"name\":\"IMMOBILIEN Business\",\"description\":\"Unabh\u00e4ngiges Schweizer Wirtschaftsmagazin mit Fokus auf Immobilien, Architektur- und Bau sowie Investment- und Finanzierung.\",\"publisher\":{\"@id\":\"https:\\\/\\\/www.immobilienbusiness.ch\\\/#organization\"},\"potentialAction\":[{\"@type\":\"SearchAction\",\"target\":{\"@type\":\"EntryPoint\",\"urlTemplate\":\"https:\\\/\\\/www.immobilienbusiness.ch\\\/?s={search_term_string}\"},\"query-input\":{\"@type\":\"PropertyValueSpecification\",\"valueRequired\":true,\"valueName\":\"search_term_string\"}}],\"inLanguage\":\"it-IT\"},{\"@type\":\"Organization\",\"@id\":\"https:\\\/\\\/www.immobilienbusiness.ch\\\/#organization\",\"name\":\"IMMOBILIEN Business\",\"url\":\"https:\\\/\\\/www.immobilienbusiness.ch\\\/\",\"logo\":{\"@type\":\"ImageObject\",\"inLanguage\":\"it-IT\",\"@id\":\"https:\\\/\\\/www.immobilienbusiness.ch\\\/#\\\/schema\\\/logo\\\/image\\\/\",\"url\":\"https:\\\/\\\/www.immobilienbusiness.ch\\\/wp-content\\\/uploads\\\/2021\\\/07\\\/logo_ib.png\",\"contentUrl\":\"https:\\\/\\\/www.immobilienbusiness.ch\\\/wp-content\\\/uploads\\\/2021\\\/07\\\/logo_ib.png\",\"width\":800,\"height\":181,\"caption\":\"IMMOBILIEN Business\"},\"image\":{\"@id\":\"https:\\\/\\\/www.immobilienbusiness.ch\\\/#\\\/schema\\\/logo\\\/image\\\/\"},\"sameAs\":[\"https:\\\/\\\/www.facebook.com\\\/immobilienbusiness\\\/\"]},{\"@type\":\"Person\",\"@id\":\"https:\\\/\\\/www.immobilienbusiness.ch\\\/#\\\/schema\\\/person\\\/3fc036297b10b9f42d6db5ee932af8c8\",\"name\":\"anja.hall\",\"image\":{\"@type\":\"ImageObject\",\"inLanguage\":\"it-IT\",\"@id\":\"https:\\\/\\\/secure.gravatar.com\\\/avatar\\\/066b5a0d447013502c71a5782f4f3469f03cfe595cc2329fb94652fe47511bfb?s=96&d=mm&r=g\",\"url\":\"https:\\\/\\\/secure.gravatar.com\\\/avatar\\\/066b5a0d447013502c71a5782f4f3469f03cfe595cc2329fb94652fe47511bfb?s=96&d=mm&r=g\",\"contentUrl\":\"https:\\\/\\\/secure.gravatar.com\\\/avatar\\\/066b5a0d447013502c71a5782f4f3469f03cfe595cc2329fb94652fe47511bfb?s=96&d=mm&r=g\",\"caption\":\"anja.hall\"},\"url\":\"https:\\\/\\\/www.immobilienbusiness.ch\\\/it\\\/author\\\/anja-hall\\\/\"}]}<\/script>\n<!-- \/ Yoast SEO plugin. -->","yoast_head_json":{"title":"Ingenieurdienstleister CSD mit Neuzugang in der Gesch\u00e4ftsleitung - IMMOBILIEN Business","description":"Thomas Erb wird ab 1. August den Gesch\u00e4ftsbereich Bau f\u00fcr die Deutsch\u00adschweiz und Deutschland leiten und in die Gesch\u00e4ftsleitung der CSD-Gruppe eintreten.","robots":{"index":"index","follow":"follow","max-snippet":"max-snippet:-1","max-image-preview":"max-image-preview:large","max-video-preview":"max-video-preview:-1"},"canonical":"https:\/\/www.immobilienbusiness.ch\/it\/unternehmen\/2018-07-06\/thomas-erb-tritt-in-die-geschaeftsleitung-der-csd-gruppe-ein\/","og_locale":"it_IT","og_type":"article","og_title":"Ingenieurdienstleister CSD mit Neuzugang in der Gesch\u00e4ftsleitung - IMMOBILIEN Business","og_description":"Thomas Erb wird ab 1. August den Gesch\u00e4ftsbereich Bau f\u00fcr die Deutsch\u00adschweiz und Deutschland leiten und in die Gesch\u00e4ftsleitung der CSD-Gruppe eintreten.","og_url":"https:\/\/www.immobilienbusiness.ch\/it\/unternehmen\/2018-07-06\/thomas-erb-tritt-in-die-geschaeftsleitung-der-csd-gruppe-ein\/","og_site_name":"IMMOBILIEN Business","article_publisher":"https:\/\/www.facebook.com\/immobilienbusiness\/","article_published_time":"2018-07-06T06:53:16+00:00","og_image":[{"width":1024,"height":682,"url":"https:\/\/www.immobilienbusiness.ch\/wp-content\/uploads\/2018\/07\/Thomas-Erb-300dpi-1024x682.jpg","type":"image\/jpeg"}],"author":"anja.hall","twitter_card":"summary_large_image","twitter_image":"https:\/\/www.immobilienbusiness.ch\/wp-content\/uploads\/2018\/07\/Thomas-Erb-300dpi.jpg","schema":{"@context":"https:\/\/schema.org","@graph":[{"@type":"Article","@id":"https:\/\/www.immobilienbusiness.ch\/unternehmen\/2018-07-06\/thomas-erb-tritt-in-die-geschaeftsleitung-der-csd-gruppe-ein\/#article","isPartOf":{"@id":"https:\/\/www.immobilienbusiness.ch\/unternehmen\/2018-07-06\/thomas-erb-tritt-in-die-geschaeftsleitung-der-csd-gruppe-ein\/"},"author":{"name":"anja.hall","@id":"https:\/\/www.immobilienbusiness.ch\/#\/schema\/person\/3fc036297b10b9f42d6db5ee932af8c8"},"headline":"Ingenieurdienstleister CSD mit Neuzugang in der Gesch\u00e4ftsleitung","datePublished":"2018-07-06T06:53:16+00:00","mainEntityOfPage":{"@id":"https:\/\/www.immobilienbusiness.ch\/unternehmen\/2018-07-06\/thomas-erb-tritt-in-die-geschaeftsleitung-der-csd-gruppe-ein\/"},"wordCount":103,"commentCount":0,"publisher":{"@id":"https:\/\/www.immobilienbusiness.ch\/#organization"},"image":{"@id":"https:\/\/www.immobilienbusiness.ch\/unternehmen\/2018-07-06\/thomas-erb-tritt-in-die-geschaeftsleitung-der-csd-gruppe-ein\/#primaryimage"},"thumbnailUrl":"https:\/\/www.immobilienbusiness.ch\/wp-content\/uploads\/2018\/07\/Thomas-Erb-300dpi.jpg","keywords":["Ingenieurgesellschaft","Personalia","Unternehmen"],"articleSection":["UNTERNEHMEN"],"inLanguage":"it-IT"},{"@type":"WebPage","@id":"https:\/\/www.immobilienbusiness.ch\/unternehmen\/2018-07-06\/thomas-erb-tritt-in-die-geschaeftsleitung-der-csd-gruppe-ein\/","url":"https:\/\/www.immobilienbusiness.ch\/unternehmen\/2018-07-06\/thomas-erb-tritt-in-die-geschaeftsleitung-der-csd-gruppe-ein\/","name":"Ingenieurdienstleister CSD mit Neuzugang in der Gesch\u00e4ftsleitung - IMMOBILIEN Business","isPartOf":{"@id":"https:\/\/www.immobilienbusiness.ch\/#website"},"primaryImageOfPage":{"@id":"https:\/\/www.immobilienbusiness.ch\/unternehmen\/2018-07-06\/thomas-erb-tritt-in-die-geschaeftsleitung-der-csd-gruppe-ein\/#primaryimage"},"image":{"@id":"https:\/\/www.immobilienbusiness.ch\/unternehmen\/2018-07-06\/thomas-erb-tritt-in-die-geschaeftsleitung-der-csd-gruppe-ein\/#primaryimage"},"thumbnailUrl":"https:\/\/www.immobilienbusiness.ch\/wp-content\/uploads\/2018\/07\/Thomas-Erb-300dpi.jpg","datePublished":"2018-07-06T06:53:16+00:00","description":"Thomas Erb wird ab 1. August den Gesch\u00e4ftsbereich Bau f\u00fcr die Deutsch\u00adschweiz und Deutschland leiten und in die Gesch\u00e4ftsleitung der CSD-Gruppe eintreten.","breadcrumb":{"@id":"https:\/\/www.immobilienbusiness.ch\/unternehmen\/2018-07-06\/thomas-erb-tritt-in-die-geschaeftsleitung-der-csd-gruppe-ein\/#breadcrumb"},"inLanguage":"it-IT","potentialAction":[{"@type":"ReadAction","target":["https:\/\/www.immobilienbusiness.ch\/unternehmen\/2018-07-06\/thomas-erb-tritt-in-die-geschaeftsleitung-der-csd-gruppe-ein\/"]}]},{"@type":"ImageObject","inLanguage":"it-IT","@id":"https:\/\/www.immobilienbusiness.ch\/unternehmen\/2018-07-06\/thomas-erb-tritt-in-die-geschaeftsleitung-der-csd-gruppe-ein\/#primaryimage","url":"https:\/\/www.immobilienbusiness.ch\/wp-content\/uploads\/2018\/07\/Thomas-Erb-300dpi.jpg","contentUrl":"https:\/\/www.immobilienbusiness.ch\/wp-content\/uploads\/2018\/07\/Thomas-Erb-300dpi.jpg","width":2560,"height":1704,"caption":"Thomas Erb (Quelle: CSD Gruppe)"},{"@type":"BreadcrumbList","@id":"https:\/\/www.immobilienbusiness.ch\/unternehmen\/2018-07-06\/thomas-erb-tritt-in-die-geschaeftsleitung-der-csd-gruppe-ein\/#breadcrumb","itemListElement":[{"@type":"ListItem","position":1,"name":"Home","item":"https:\/\/www.immobilienbusiness.ch\/"},{"@type":"ListItem","position":2,"name":"Ingenieurdienstleister CSD mit Neuzugang in der Gesch\u00e4ftsleitung"}]},{"@type":"WebSite","@id":"https:\/\/www.immobilienbusiness.ch\/#website","url":"https:\/\/www.immobilienbusiness.ch\/","name":"Affari immobiliari","description":"Rivista economica indipendente svizzera che si concentra sul settore immobiliare, l'architettura e la costruzione, nonch\u00e9 sugli investimenti e i finanziamenti.","publisher":{"@id":"https:\/\/www.immobilienbusiness.ch\/#organization"},"potentialAction":[{"@type":"SearchAction","target":{"@type":"EntryPoint","urlTemplate":"https:\/\/www.immobilienbusiness.ch\/?s={search_term_string}"},"query-input":{"@type":"PropertyValueSpecification","valueRequired":true,"valueName":"search_term_string"}}],"inLanguage":"it-IT"},{"@type":"Organization","@id":"https:\/\/www.immobilienbusiness.ch\/#organization","name":"Affari immobiliari","url":"https:\/\/www.immobilienbusiness.ch\/","logo":{"@type":"ImageObject","inLanguage":"it-IT","@id":"https:\/\/www.immobilienbusiness.ch\/#\/schema\/logo\/image\/","url":"https:\/\/www.immobilienbusiness.ch\/wp-content\/uploads\/2021\/07\/logo_ib.png","contentUrl":"https:\/\/www.immobilienbusiness.ch\/wp-content\/uploads\/2021\/07\/logo_ib.png","width":800,"height":181,"caption":"IMMOBILIEN Business"},"image":{"@id":"https:\/\/www.immobilienbusiness.ch\/#\/schema\/logo\/image\/"},"sameAs":["https:\/\/www.facebook.com\/immobilienbusiness\/"]},{"@type":"Person","@id":"https:\/\/www.immobilienbusiness.ch\/#\/schema\/person\/3fc036297b10b9f42d6db5ee932af8c8","name":"anja.hall","image":{"@type":"ImageObject","inLanguage":"it-IT","@id":"https:\/\/secure.gravatar.com\/avatar\/066b5a0d447013502c71a5782f4f3469f03cfe595cc2329fb94652fe47511bfb?s=96&d=mm&r=g","url":"https:\/\/secure.gravatar.com\/avatar\/066b5a0d447013502c71a5782f4f3469f03cfe595cc2329fb94652fe47511bfb?s=96&d=mm&r=g","contentUrl":"https:\/\/secure.gravatar.com\/avatar\/066b5a0d447013502c71a5782f4f3469f03cfe595cc2329fb94652fe47511bfb?s=96&d=mm&r=g","caption":"anja.hall"},"url":"https:\/\/www.immobilienbusiness.ch\/it\/author\/anja-hall\/"}]}},"_links":{"self":[{"href":"https:\/\/www.immobilienbusiness.ch\/it\/wp-json\/wp\/v2\/posts\/13230","targetHints":{"allow":["GET"]}}],"collection":[{"href":"https:\/\/www.immobilienbusiness.ch\/it\/wp-json\/wp\/v2\/posts"}],"about":[{"href":"https:\/\/www.immobilienbusiness.ch\/it\/wp-json\/wp\/v2\/types\/post"}],"author":[{"embeddable":true,"href":"https:\/\/www.immobilienbusiness.ch\/it\/wp-json\/wp\/v2\/users\/3"}],"replies":[{"embeddable":true,"href":"https:\/\/www.immobilienbusiness.ch\/it\/wp-json\/wp\/v2\/comments?post=13230"}],"version-history":[{"count":0,"href":"https:\/\/www.immobilienbusiness.ch\/it\/wp-json\/wp\/v2\/posts\/13230\/revisions"}],"wp:featuredmedia":[{"embeddable":true,"href":"https:\/\/www.immobilienbusiness.ch\/it\/wp-json\/wp\/v2\/media\/13238"}],"wp:attachment":[{"href":"https:\/\/www.immobilienbusiness.ch\/it\/wp-json\/wp\/v2\/media?parent=13230"}],"wp:term":[{"taxonomy":"category","embeddable":true,"href":"https:\/\/www.immobilienbusiness.ch\/it\/wp-json\/wp\/v2\/categories?post=13230"},{"taxonomy":"post_tag","embeddable":true,"href":"https:\/\/www.immobilienbusiness.ch\/it\/wp-json\/wp\/v2\/tags?post=13230"}],"curies":[{"name":"wp","href":"https:\/\/api.w.org\/{rel}","templated":true}]}}