{"id":13210,"date":"2018-07-04T07:57:48","date_gmt":"2018-07-04T05:57:48","guid":{"rendered":"https:\/\/www.immobilienbusiness.ch\/?p=13210"},"modified":"2018-07-04T07:57:48","modified_gmt":"2018-07-04T05:57:48","slug":"implenia-ceo-affentranger-tritt-im-herbst-zurueck","status":"publish","type":"post","link":"https:\/\/www.immobilienbusiness.ch\/it\/unternehmen\/2018-07-04\/implenia-ceo-affentranger-tritt-im-herbst-zurueck\/","title":{"rendered":"Implenia: il CEO Affentranger si dimetter\u00e0 in autunno"},"content":{"rendered":"<figure id=\"attachment_4675\" aria-describedby=\"caption-attachment-4675\" style=\"width: 680px\" class=\"wp-caption alignnone\"><img loading=\"lazy\" decoding=\"async\" class=\"size-medium wp-image-4675\" src=\"https:\/\/www.immobilienbusiness.ch\/wp-content\/uploads\/2015\/08\/Implenia-macht-mehr-Umsatz-aber-weniger-Gewinn-immobilien-business.jpg\" alt=\"\" width=\"680\" height=\"383\" srcset=\"https:\/\/www.immobilienbusiness.ch\/wp-content\/uploads\/2015\/08\/Implenia-macht-mehr-Umsatz-aber-weniger-Gewinn-immobilien-business.jpg 2560w, https:\/\/www.immobilienbusiness.ch\/wp-content\/uploads\/2015\/08\/Implenia-macht-mehr-Umsatz-aber-weniger-Gewinn-immobilien-business-300x169.jpg 300w, https:\/\/www.immobilienbusiness.ch\/wp-content\/uploads\/2015\/08\/Implenia-macht-mehr-Umsatz-aber-weniger-Gewinn-immobilien-business-1024x576.jpg 1024w, https:\/\/www.immobilienbusiness.ch\/wp-content\/uploads\/2015\/08\/Implenia-macht-mehr-Umsatz-aber-weniger-Gewinn-immobilien-business-768x432.jpg 768w, https:\/\/www.immobilienbusiness.ch\/wp-content\/uploads\/2015\/08\/Implenia-macht-mehr-Umsatz-aber-weniger-Gewinn-immobilien-business-1536x864.jpg 1536w, https:\/\/www.immobilienbusiness.ch\/wp-content\/uploads\/2015\/08\/Implenia-macht-mehr-Umsatz-aber-weniger-Gewinn-immobilien-business-2048x1152.jpg 2048w, https:\/\/www.immobilienbusiness.ch\/wp-content\/uploads\/2015\/08\/Implenia-macht-mehr-Umsatz-aber-weniger-Gewinn-immobilien-business-16x9.jpg 16w, https:\/\/www.immobilienbusiness.ch\/wp-content\/uploads\/2015\/08\/Implenia-macht-mehr-Umsatz-aber-weniger-Gewinn-immobilien-business-311x175.jpg 311w, https:\/\/www.immobilienbusiness.ch\/wp-content\/uploads\/2015\/08\/Implenia-macht-mehr-Umsatz-aber-weniger-Gewinn-immobilien-business-622x350.jpg 622w, https:\/\/www.immobilienbusiness.ch\/wp-content\/uploads\/2015\/08\/Implenia-macht-mehr-Umsatz-aber-weniger-Gewinn-immobilien-business-1422x800.jpg 1422w, https:\/\/www.immobilienbusiness.ch\/wp-content\/uploads\/2015\/08\/Implenia-macht-mehr-Umsatz-aber-weniger-Gewinn-immobilien-business-920x518.jpg 920w, https:\/\/www.immobilienbusiness.ch\/wp-content\/uploads\/2015\/08\/Implenia-macht-mehr-Umsatz-aber-weniger-Gewinn-immobilien-business-1400x788.jpg 1400w\" sizes=\"auto, (max-width: 680px) 100vw, 680px\" \/><figcaption id=\"caption-attachment-4675\" class=\"wp-caption-text\">Andr\u00e9 Wyss succede ad Anton Affentranger come CEO di Implenia (Foto: Implenia AG)<\/figcaption><\/figure>\n<p>Andr\u00e9 Wyss (51) subentrer\u00e0 ad Anton Affentrager nella direzione dell'azienda di costruzioni e servizi per l'edilizia il 1\u00b0 ottobre 2018, ha annunciato Implenia.<\/p>\n<p>Wyss ha lavorato per Novartis in diverse funzioni e in tutti i continenti fino alla primavera del 2018. La sua carriera lo ha portato da apprendista tecnico chimico a numerose posizioni fino alla direzione del Gruppo. Tra le altre cose, Andr\u00e9 Wyss \u00e8 stato responsabile finanziario di Ricerca e Sviluppo, responsabile della produzione farmaceutica in Europa e amministratore delegato di societ\u00e0 nazionali e regionali, anche nel pi\u00f9 grande mercato, gli Stati Uniti. Pi\u00f9 recentemente, in qualit\u00e0 di Presidente Novartis Operations, \u00e8 stato responsabile di tutta la produzione Novartis, dei servizi centrali del Gruppo, quali immobili e infrastrutture, acquisti, IT, risorse umane e contabilit\u00e0, nonch\u00e9 degli affari aziendali.<\/p>\n<p>\"Andr\u00e9 Wyss ha una vasta esperienza in modelli e progetti aziendali complessi. Ha anche gestito importanti progetti di costruzione e infrastrutture presso Novartis\", afferma il Presidente del Consiglio di Amministrazione di Implenia Hans Ulrich Meister. \"Con la sua personalit\u00e0 vincente e la sua esperienza manageriale internazionale, il nostro nuovo CEO continuer\u00e0 a sviluppare Implenia dal punto di vista strategico e operativo.\"<\/p>\n<p>Le dimissioni di Affentranger non sono una sorpresa. Gi\u00e0 nel 2016 aveva informato il Consiglio di Amministrazione della sua intenzione di dimettersi dalla carica di CEO di Implenia tra circa due anni, ha annunciato l'azienda. Di conseguenza, il processo di successione \u00e8 stato avviato da tempo.<\/p>\n<p>Secondo l'azienda, Affentranger \u00e8 stato \"una delle figure chiave nella fondazione e nello sviluppo di Implenia\". \u00c8 stato presidente del Consiglio di amministrazione dal 2006 al 2011, prima di passare alla posizione di CEO. Partendo dal forte mercato svizzero, ha sviluppato la strategia internazionale, concentrandosi su Germania e Austria e sui Paesi scandinavi. Questo percorso \u00e8 stato supportato da importanti acquisizioni: Sulzer Immobilien AG nel 2009, Betonmast Anlegg nel 2010, Bilfinger Construction nel 2015 e Bilfinger Hochbau nel 2017.<\/p>\n<p>Il Presidente Meister afferma: \"Anton Affentranger ha plasmato Implenia come nessun altro negli ultimi dodici anni e ha dato un contributo straordinario all'azienda. Durante il suo periodo, Implenia \u00e8 cresciuta da due a circa quattro miliardi di franchi svizzeri e oggi \u00e8 ben posizionata sia a livello nazionale che internazionale.\"<\/p>","protected":false},"excerpt":{"rendered":"<p>Ci sar\u00e0 un cambio di leadership in Implenia. L'amministratore delegato Anton Affentranger si dimetter\u00e0 alla fine di settembre. Il suo successore sar\u00e0 Andr\u00e9 Wyss.<\/p>","protected":false},"author":3,"featured_media":4675,"comment_status":"open","ping_status":"open","sticky":false,"template":"","format":"standard","meta":{"_acf_changed":false,"_yoast_wpseo_focuskw":"Implenia","_yoast_wpseo_title":"","_yoast_wpseo_metadesc":"Bei Implenia kommt es zu einem F\u00fchrungswechsel. Der CEO Anton Affentranger tritt per Ende September zur\u00fcck. Sein Nachfolger wird Andr\u00e9 Wyss.","_yoast_wpseo_linkdex":79,"pgc_sgb_lightbox_settings":"","footnotes":""},"categories":[988],"tags":[1359,1563,1807],"class_list":["post-13210","post","type-post","status-publish","format-standard","has-post-thumbnail","hentry","category-unternehmen","tag-implenia","tag-personalia","tag-unternehmen"],"acf":[],"yoast_head":"<!-- This site is optimized with the Yoast SEO plugin v27.4 - https:\/\/yoast.com\/product\/yoast-seo-wordpress\/ -->\n<title>Implenia: CEO Affentranger tritt im Herbst zur\u00fcck - IMMOBILIEN Business<\/title>\n<meta name=\"description\" content=\"Bei Implenia kommt es zu einem F\u00fchrungswechsel. Der CEO Anton Affentranger tritt per Ende September zur\u00fcck. Sein Nachfolger wird Andr\u00e9 Wyss.\" \/>\n<meta name=\"robots\" content=\"index, follow, max-snippet:-1, max-image-preview:large, max-video-preview:-1\" \/>\n<link rel=\"canonical\" href=\"https:\/\/www.immobilienbusiness.ch\/it\/unternehmen\/2018-07-04\/implenia-ceo-affentranger-tritt-im-herbst-zurueck\/\" \/>\n<meta property=\"og:locale\" content=\"it_IT\" \/>\n<meta property=\"og:type\" content=\"article\" \/>\n<meta property=\"og:title\" content=\"Implenia: CEO Affentranger tritt im Herbst zur\u00fcck - IMMOBILIEN Business\" \/>\n<meta property=\"og:description\" content=\"Bei Implenia kommt es zu einem F\u00fchrungswechsel. Der CEO Anton Affentranger tritt per Ende September zur\u00fcck. Sein Nachfolger wird Andr\u00e9 Wyss.\" \/>\n<meta property=\"og:url\" content=\"https:\/\/www.immobilienbusiness.ch\/it\/unternehmen\/2018-07-04\/implenia-ceo-affentranger-tritt-im-herbst-zurueck\/\" \/>\n<meta property=\"og:site_name\" content=\"IMMOBILIEN Business\" \/>\n<meta property=\"article:publisher\" content=\"https:\/\/www.facebook.com\/immobilienbusiness\/\" \/>\n<meta property=\"article:published_time\" content=\"2018-07-04T05:57:48+00:00\" \/>\n<meta property=\"og:image\" content=\"https:\/\/www.immobilienbusiness.ch\/wp-content\/uploads\/2015\/08\/Implenia-macht-mehr-Umsatz-aber-weniger-Gewinn-immobilien-business-1024x576.jpg\" \/>\n\t<meta property=\"og:image:width\" content=\"1024\" \/>\n\t<meta property=\"og:image:height\" content=\"576\" \/>\n\t<meta property=\"og:image:type\" content=\"image\/jpeg\" \/>\n<meta name=\"author\" content=\"anja.hall\" \/>\n<meta name=\"twitter:card\" content=\"summary_large_image\" \/>\n<meta name=\"twitter:image\" content=\"https:\/\/www.immobilienbusiness.ch\/wp-content\/uploads\/2015\/08\/Implenia-macht-mehr-Umsatz-aber-weniger-Gewinn-immobilien-business.jpg\" \/>\n<script type=\"application\/ld+json\" class=\"yoast-schema-graph\">{\"@context\":\"https:\\\/\\\/schema.org\",\"@graph\":[{\"@type\":\"Article\",\"@id\":\"https:\\\/\\\/www.immobilienbusiness.ch\\\/de\\\/unternehmen\\\/2018-07-04\\\/implenia-ceo-affentranger-tritt-im-herbst-zurueck\\\/#article\",\"isPartOf\":{\"@id\":\"https:\\\/\\\/www.immobilienbusiness.ch\\\/de\\\/unternehmen\\\/2018-07-04\\\/implenia-ceo-affentranger-tritt-im-herbst-zurueck\\\/\"},\"author\":{\"name\":\"anja.hall\",\"@id\":\"https:\\\/\\\/www.immobilienbusiness.ch\\\/#\\\/schema\\\/person\\\/3fc036297b10b9f42d6db5ee932af8c8\"},\"headline\":\"Implenia: CEO Affentranger tritt im Herbst zur\u00fcck\",\"datePublished\":\"2018-07-04T05:57:48+00:00\",\"mainEntityOfPage\":{\"@id\":\"https:\\\/\\\/www.immobilienbusiness.ch\\\/de\\\/unternehmen\\\/2018-07-04\\\/implenia-ceo-affentranger-tritt-im-herbst-zurueck\\\/\"},\"wordCount\":351,\"commentCount\":0,\"publisher\":{\"@id\":\"https:\\\/\\\/www.immobilienbusiness.ch\\\/#organization\"},\"image\":{\"@id\":\"https:\\\/\\\/www.immobilienbusiness.ch\\\/de\\\/unternehmen\\\/2018-07-04\\\/implenia-ceo-affentranger-tritt-im-herbst-zurueck\\\/#primaryimage\"},\"thumbnailUrl\":\"https:\\\/\\\/www.immobilienbusiness.ch\\\/wp-content\\\/uploads\\\/2015\\\/08\\\/Implenia-macht-mehr-Umsatz-aber-weniger-Gewinn-immobilien-business.jpg\",\"keywords\":[\"Implenia\",\"Personalia\",\"Unternehmen\"],\"articleSection\":[\"UNTERNEHMEN\"],\"inLanguage\":\"it-IT\"},{\"@type\":\"WebPage\",\"@id\":\"https:\\\/\\\/www.immobilienbusiness.ch\\\/de\\\/unternehmen\\\/2018-07-04\\\/implenia-ceo-affentranger-tritt-im-herbst-zurueck\\\/\",\"url\":\"https:\\\/\\\/www.immobilienbusiness.ch\\\/de\\\/unternehmen\\\/2018-07-04\\\/implenia-ceo-affentranger-tritt-im-herbst-zurueck\\\/\",\"name\":\"Implenia: CEO Affentranger tritt im Herbst zur\u00fcck - IMMOBILIEN Business\",\"isPartOf\":{\"@id\":\"https:\\\/\\\/www.immobilienbusiness.ch\\\/#website\"},\"primaryImageOfPage\":{\"@id\":\"https:\\\/\\\/www.immobilienbusiness.ch\\\/de\\\/unternehmen\\\/2018-07-04\\\/implenia-ceo-affentranger-tritt-im-herbst-zurueck\\\/#primaryimage\"},\"image\":{\"@id\":\"https:\\\/\\\/www.immobilienbusiness.ch\\\/de\\\/unternehmen\\\/2018-07-04\\\/implenia-ceo-affentranger-tritt-im-herbst-zurueck\\\/#primaryimage\"},\"thumbnailUrl\":\"https:\\\/\\\/www.immobilienbusiness.ch\\\/wp-content\\\/uploads\\\/2015\\\/08\\\/Implenia-macht-mehr-Umsatz-aber-weniger-Gewinn-immobilien-business.jpg\",\"datePublished\":\"2018-07-04T05:57:48+00:00\",\"description\":\"Bei Implenia kommt es zu einem F\u00fchrungswechsel. Der CEO Anton Affentranger tritt per Ende September zur\u00fcck. Sein Nachfolger wird Andr\u00e9 Wyss.\",\"breadcrumb\":{\"@id\":\"https:\\\/\\\/www.immobilienbusiness.ch\\\/de\\\/unternehmen\\\/2018-07-04\\\/implenia-ceo-affentranger-tritt-im-herbst-zurueck\\\/#breadcrumb\"},\"inLanguage\":\"it-IT\",\"potentialAction\":[{\"@type\":\"ReadAction\",\"target\":[\"https:\\\/\\\/www.immobilienbusiness.ch\\\/de\\\/unternehmen\\\/2018-07-04\\\/implenia-ceo-affentranger-tritt-im-herbst-zurueck\\\/\"]}]},{\"@type\":\"ImageObject\",\"inLanguage\":\"it-IT\",\"@id\":\"https:\\\/\\\/www.immobilienbusiness.ch\\\/de\\\/unternehmen\\\/2018-07-04\\\/implenia-ceo-affentranger-tritt-im-herbst-zurueck\\\/#primaryimage\",\"url\":\"https:\\\/\\\/www.immobilienbusiness.ch\\\/wp-content\\\/uploads\\\/2015\\\/08\\\/Implenia-macht-mehr-Umsatz-aber-weniger-Gewinn-immobilien-business.jpg\",\"contentUrl\":\"https:\\\/\\\/www.immobilienbusiness.ch\\\/wp-content\\\/uploads\\\/2015\\\/08\\\/Implenia-macht-mehr-Umsatz-aber-weniger-Gewinn-immobilien-business.jpg\",\"width\":2560,\"height\":1440,\"caption\":\"(Foto: Implenia AG)\"},{\"@type\":\"BreadcrumbList\",\"@id\":\"https:\\\/\\\/www.immobilienbusiness.ch\\\/de\\\/unternehmen\\\/2018-07-04\\\/implenia-ceo-affentranger-tritt-im-herbst-zurueck\\\/#breadcrumb\",\"itemListElement\":[{\"@type\":\"ListItem\",\"position\":1,\"name\":\"Home\",\"item\":\"https:\\\/\\\/www.immobilienbusiness.ch\\\/\"},{\"@type\":\"ListItem\",\"position\":2,\"name\":\"Implenia: CEO Affentranger tritt im Herbst zur\u00fcck\"}]},{\"@type\":\"WebSite\",\"@id\":\"https:\\\/\\\/www.immobilienbusiness.ch\\\/#website\",\"url\":\"https:\\\/\\\/www.immobilienbusiness.ch\\\/\",\"name\":\"IMMOBILIEN Business\",\"description\":\"Unabh\u00e4ngiges Schweizer Wirtschaftsmagazin mit Fokus auf Immobilien, Architektur- und Bau sowie Investment- und Finanzierung.\",\"publisher\":{\"@id\":\"https:\\\/\\\/www.immobilienbusiness.ch\\\/#organization\"},\"potentialAction\":[{\"@type\":\"SearchAction\",\"target\":{\"@type\":\"EntryPoint\",\"urlTemplate\":\"https:\\\/\\\/www.immobilienbusiness.ch\\\/?s={search_term_string}\"},\"query-input\":{\"@type\":\"PropertyValueSpecification\",\"valueRequired\":true,\"valueName\":\"search_term_string\"}}],\"inLanguage\":\"it-IT\"},{\"@type\":\"Organization\",\"@id\":\"https:\\\/\\\/www.immobilienbusiness.ch\\\/#organization\",\"name\":\"IMMOBILIEN Business\",\"url\":\"https:\\\/\\\/www.immobilienbusiness.ch\\\/\",\"logo\":{\"@type\":\"ImageObject\",\"inLanguage\":\"it-IT\",\"@id\":\"https:\\\/\\\/www.immobilienbusiness.ch\\\/#\\\/schema\\\/logo\\\/image\\\/\",\"url\":\"https:\\\/\\\/www.immobilienbusiness.ch\\\/wp-content\\\/uploads\\\/2021\\\/07\\\/logo_ib.png\",\"contentUrl\":\"https:\\\/\\\/www.immobilienbusiness.ch\\\/wp-content\\\/uploads\\\/2021\\\/07\\\/logo_ib.png\",\"width\":800,\"height\":181,\"caption\":\"IMMOBILIEN Business\"},\"image\":{\"@id\":\"https:\\\/\\\/www.immobilienbusiness.ch\\\/#\\\/schema\\\/logo\\\/image\\\/\"},\"sameAs\":[\"https:\\\/\\\/www.facebook.com\\\/immobilienbusiness\\\/\"]},{\"@type\":\"Person\",\"@id\":\"https:\\\/\\\/www.immobilienbusiness.ch\\\/#\\\/schema\\\/person\\\/3fc036297b10b9f42d6db5ee932af8c8\",\"name\":\"anja.hall\",\"image\":{\"@type\":\"ImageObject\",\"inLanguage\":\"it-IT\",\"@id\":\"https:\\\/\\\/secure.gravatar.com\\\/avatar\\\/066b5a0d447013502c71a5782f4f3469f03cfe595cc2329fb94652fe47511bfb?s=96&d=mm&r=g\",\"url\":\"https:\\\/\\\/secure.gravatar.com\\\/avatar\\\/066b5a0d447013502c71a5782f4f3469f03cfe595cc2329fb94652fe47511bfb?s=96&d=mm&r=g\",\"contentUrl\":\"https:\\\/\\\/secure.gravatar.com\\\/avatar\\\/066b5a0d447013502c71a5782f4f3469f03cfe595cc2329fb94652fe47511bfb?s=96&d=mm&r=g\",\"caption\":\"anja.hall\"},\"url\":\"https:\\\/\\\/www.immobilienbusiness.ch\\\/it\\\/author\\\/anja-hall\\\/\"}]}<\/script>\n<!-- \/ Yoast SEO plugin. -->","yoast_head_json":{"title":"Implenia: CEO Affentranger tritt im Herbst zur\u00fcck - IMMOBILIEN Business","description":"Ci sar\u00e0 un cambio di leadership in Implenia. L'amministratore delegato Anton Affentranger si dimetter\u00e0 alla fine di settembre. Il suo successore sar\u00e0 Andr\u00e9 Wyss.","robots":{"index":"index","follow":"follow","max-snippet":"max-snippet:-1","max-image-preview":"max-image-preview:large","max-video-preview":"max-video-preview:-1"},"canonical":"https:\/\/www.immobilienbusiness.ch\/it\/unternehmen\/2018-07-04\/implenia-ceo-affentranger-tritt-im-herbst-zurueck\/","og_locale":"it_IT","og_type":"article","og_title":"Implenia: CEO Affentranger tritt im Herbst zur\u00fcck - IMMOBILIEN Business","og_description":"Bei Implenia kommt es zu einem F\u00fchrungswechsel. Der CEO Anton Affentranger tritt per Ende September zur\u00fcck. Sein Nachfolger wird Andr\u00e9 Wyss.","og_url":"https:\/\/www.immobilienbusiness.ch\/it\/unternehmen\/2018-07-04\/implenia-ceo-affentranger-tritt-im-herbst-zurueck\/","og_site_name":"IMMOBILIEN Business","article_publisher":"https:\/\/www.facebook.com\/immobilienbusiness\/","article_published_time":"2018-07-04T05:57:48+00:00","og_image":[{"width":1024,"height":576,"url":"https:\/\/www.immobilienbusiness.ch\/wp-content\/uploads\/2015\/08\/Implenia-macht-mehr-Umsatz-aber-weniger-Gewinn-immobilien-business-1024x576.jpg","type":"image\/jpeg"}],"author":"anja.hall","twitter_card":"summary_large_image","twitter_image":"https:\/\/www.immobilienbusiness.ch\/wp-content\/uploads\/2015\/08\/Implenia-macht-mehr-Umsatz-aber-weniger-Gewinn-immobilien-business.jpg","schema":{"@context":"https:\/\/schema.org","@graph":[{"@type":"Article","@id":"https:\/\/www.immobilienbusiness.ch\/de\/unternehmen\/2018-07-04\/implenia-ceo-affentranger-tritt-im-herbst-zurueck\/#article","isPartOf":{"@id":"https:\/\/www.immobilienbusiness.ch\/de\/unternehmen\/2018-07-04\/implenia-ceo-affentranger-tritt-im-herbst-zurueck\/"},"author":{"name":"anja.hall","@id":"https:\/\/www.immobilienbusiness.ch\/#\/schema\/person\/3fc036297b10b9f42d6db5ee932af8c8"},"headline":"Implenia: CEO Affentranger tritt im Herbst zur\u00fcck","datePublished":"2018-07-04T05:57:48+00:00","mainEntityOfPage":{"@id":"https:\/\/www.immobilienbusiness.ch\/de\/unternehmen\/2018-07-04\/implenia-ceo-affentranger-tritt-im-herbst-zurueck\/"},"wordCount":351,"commentCount":0,"publisher":{"@id":"https:\/\/www.immobilienbusiness.ch\/#organization"},"image":{"@id":"https:\/\/www.immobilienbusiness.ch\/de\/unternehmen\/2018-07-04\/implenia-ceo-affentranger-tritt-im-herbst-zurueck\/#primaryimage"},"thumbnailUrl":"https:\/\/www.immobilienbusiness.ch\/wp-content\/uploads\/2015\/08\/Implenia-macht-mehr-Umsatz-aber-weniger-Gewinn-immobilien-business.jpg","keywords":["Implenia","Personalia","Unternehmen"],"articleSection":["UNTERNEHMEN"],"inLanguage":"it-IT"},{"@type":"WebPage","@id":"https:\/\/www.immobilienbusiness.ch\/de\/unternehmen\/2018-07-04\/implenia-ceo-affentranger-tritt-im-herbst-zurueck\/","url":"https:\/\/www.immobilienbusiness.ch\/de\/unternehmen\/2018-07-04\/implenia-ceo-affentranger-tritt-im-herbst-zurueck\/","name":"Implenia: CEO Affentranger tritt im Herbst zur\u00fcck - IMMOBILIEN Business","isPartOf":{"@id":"https:\/\/www.immobilienbusiness.ch\/#website"},"primaryImageOfPage":{"@id":"https:\/\/www.immobilienbusiness.ch\/de\/unternehmen\/2018-07-04\/implenia-ceo-affentranger-tritt-im-herbst-zurueck\/#primaryimage"},"image":{"@id":"https:\/\/www.immobilienbusiness.ch\/de\/unternehmen\/2018-07-04\/implenia-ceo-affentranger-tritt-im-herbst-zurueck\/#primaryimage"},"thumbnailUrl":"https:\/\/www.immobilienbusiness.ch\/wp-content\/uploads\/2015\/08\/Implenia-macht-mehr-Umsatz-aber-weniger-Gewinn-immobilien-business.jpg","datePublished":"2018-07-04T05:57:48+00:00","description":"Ci sar\u00e0 un cambio di leadership in Implenia. L'amministratore delegato Anton Affentranger si dimetter\u00e0 alla fine di settembre. Il suo successore sar\u00e0 Andr\u00e9 Wyss.","breadcrumb":{"@id":"https:\/\/www.immobilienbusiness.ch\/de\/unternehmen\/2018-07-04\/implenia-ceo-affentranger-tritt-im-herbst-zurueck\/#breadcrumb"},"inLanguage":"it-IT","potentialAction":[{"@type":"ReadAction","target":["https:\/\/www.immobilienbusiness.ch\/de\/unternehmen\/2018-07-04\/implenia-ceo-affentranger-tritt-im-herbst-zurueck\/"]}]},{"@type":"ImageObject","inLanguage":"it-IT","@id":"https:\/\/www.immobilienbusiness.ch\/de\/unternehmen\/2018-07-04\/implenia-ceo-affentranger-tritt-im-herbst-zurueck\/#primaryimage","url":"https:\/\/www.immobilienbusiness.ch\/wp-content\/uploads\/2015\/08\/Implenia-macht-mehr-Umsatz-aber-weniger-Gewinn-immobilien-business.jpg","contentUrl":"https:\/\/www.immobilienbusiness.ch\/wp-content\/uploads\/2015\/08\/Implenia-macht-mehr-Umsatz-aber-weniger-Gewinn-immobilien-business.jpg","width":2560,"height":1440,"caption":"(Foto: Implenia AG)"},{"@type":"BreadcrumbList","@id":"https:\/\/www.immobilienbusiness.ch\/de\/unternehmen\/2018-07-04\/implenia-ceo-affentranger-tritt-im-herbst-zurueck\/#breadcrumb","itemListElement":[{"@type":"ListItem","position":1,"name":"Home","item":"https:\/\/www.immobilienbusiness.ch\/"},{"@type":"ListItem","position":2,"name":"Implenia: CEO Affentranger tritt im Herbst zur\u00fcck"}]},{"@type":"WebSite","@id":"https:\/\/www.immobilienbusiness.ch\/#website","url":"https:\/\/www.immobilienbusiness.ch\/","name":"Affari immobiliari","description":"Rivista economica indipendente svizzera che si concentra sul settore immobiliare, l'architettura e la costruzione, nonch\u00e9 sugli investimenti e i finanziamenti.","publisher":{"@id":"https:\/\/www.immobilienbusiness.ch\/#organization"},"potentialAction":[{"@type":"SearchAction","target":{"@type":"EntryPoint","urlTemplate":"https:\/\/www.immobilienbusiness.ch\/?s={search_term_string}"},"query-input":{"@type":"PropertyValueSpecification","valueRequired":true,"valueName":"search_term_string"}}],"inLanguage":"it-IT"},{"@type":"Organization","@id":"https:\/\/www.immobilienbusiness.ch\/#organization","name":"Affari immobiliari","url":"https:\/\/www.immobilienbusiness.ch\/","logo":{"@type":"ImageObject","inLanguage":"it-IT","@id":"https:\/\/www.immobilienbusiness.ch\/#\/schema\/logo\/image\/","url":"https:\/\/www.immobilienbusiness.ch\/wp-content\/uploads\/2021\/07\/logo_ib.png","contentUrl":"https:\/\/www.immobilienbusiness.ch\/wp-content\/uploads\/2021\/07\/logo_ib.png","width":800,"height":181,"caption":"IMMOBILIEN Business"},"image":{"@id":"https:\/\/www.immobilienbusiness.ch\/#\/schema\/logo\/image\/"},"sameAs":["https:\/\/www.facebook.com\/immobilienbusiness\/"]},{"@type":"Person","@id":"https:\/\/www.immobilienbusiness.ch\/#\/schema\/person\/3fc036297b10b9f42d6db5ee932af8c8","name":"anja.hall","image":{"@type":"ImageObject","inLanguage":"it-IT","@id":"https:\/\/secure.gravatar.com\/avatar\/066b5a0d447013502c71a5782f4f3469f03cfe595cc2329fb94652fe47511bfb?s=96&d=mm&r=g","url":"https:\/\/secure.gravatar.com\/avatar\/066b5a0d447013502c71a5782f4f3469f03cfe595cc2329fb94652fe47511bfb?s=96&d=mm&r=g","contentUrl":"https:\/\/secure.gravatar.com\/avatar\/066b5a0d447013502c71a5782f4f3469f03cfe595cc2329fb94652fe47511bfb?s=96&d=mm&r=g","caption":"anja.hall"},"url":"https:\/\/www.immobilienbusiness.ch\/it\/author\/anja-hall\/"}]}},"_links":{"self":[{"href":"https:\/\/www.immobilienbusiness.ch\/it\/wp-json\/wp\/v2\/posts\/13210","targetHints":{"allow":["GET"]}}],"collection":[{"href":"https:\/\/www.immobilienbusiness.ch\/it\/wp-json\/wp\/v2\/posts"}],"about":[{"href":"https:\/\/www.immobilienbusiness.ch\/it\/wp-json\/wp\/v2\/types\/post"}],"author":[{"embeddable":true,"href":"https:\/\/www.immobilienbusiness.ch\/it\/wp-json\/wp\/v2\/users\/3"}],"replies":[{"embeddable":true,"href":"https:\/\/www.immobilienbusiness.ch\/it\/wp-json\/wp\/v2\/comments?post=13210"}],"version-history":[{"count":0,"href":"https:\/\/www.immobilienbusiness.ch\/it\/wp-json\/wp\/v2\/posts\/13210\/revisions"}],"wp:featuredmedia":[{"embeddable":true,"href":"https:\/\/www.immobilienbusiness.ch\/it\/wp-json\/wp\/v2\/media\/4675"}],"wp:attachment":[{"href":"https:\/\/www.immobilienbusiness.ch\/it\/wp-json\/wp\/v2\/media?parent=13210"}],"wp:term":[{"taxonomy":"category","embeddable":true,"href":"https:\/\/www.immobilienbusiness.ch\/it\/wp-json\/wp\/v2\/categories?post=13210"},{"taxonomy":"post_tag","embeddable":true,"href":"https:\/\/www.immobilienbusiness.ch\/it\/wp-json\/wp\/v2\/tags?post=13210"}],"curies":[{"name":"wp","href":"https:\/\/api.w.org\/{rel}","templated":true}]}}