{"id":1288,"date":"2016-11-07T08:56:49","date_gmt":"2016-11-07T07:56:49","guid":{"rendered":"http:\/\/dev.immobilienbusiness.ch\/?p=1288"},"modified":"2016-11-07T08:56:49","modified_gmt":"2016-11-07T07:56:49","slug":"zuerich-hochschulquartier-konkretisiert-sich","status":"publish","type":"post","link":"https:\/\/www.immobilienbusiness.ch\/it\/allgemein\/2016-11-07\/zuerich-hochschulquartier-konkretisiert-sich\/","title":{"rendered":"Zurigo: il quartiere universitario sta prendendo forma"},"content":{"rendered":"<figure id=\"attachment_1289\" aria-describedby=\"caption-attachment-1289\" style=\"width: 680px\" class=\"wp-caption alignnone\"><img loading=\"lazy\" decoding=\"async\" class=\"size-medium wp-image-1289\" src=\"https:\/\/immobilienbusiness.ch\/wp-content\/uploads\/2016\/12\/Z\u00fcrich-Hochschulquartier-konkretisiert-sich-immobilien-business.jpg\" alt=\"Das neue Z\u00fcrcher Hochschulquartier konkretisiert sich (Foto: Dietrich Michael Weidmann - Eigenes Werk, CC BY-SA 3.0, Wikimedia Commons)\" width=\"680\" height=\"455\" \/><figcaption id=\"caption-attachment-1289\" class=\"wp-caption-text\">Il nuovo quartiere universitario di Zurigo prende forma (Foto: Dietrich Michael Weidmann - Opera propria, CC BY-SA 3.0, Wikimedia Commons)<\/figcaption><\/figure>\n<p>Nei prossimi anni, nell'area intorno all'universit\u00e0 e al Politecnico, verranno costruiti nuovi edifici e demoliti quelli vecchi. Sono previste anche nuove strade, parchi e piazze. L'ETH, l'universit\u00e0 e l'ospedale universitario disporranno di uno spazio quasi doppio rispetto a quello attuale. Questo dovrebbe garantire lo sviluppo a lungo termine delle tre istituzioni.<\/p>\n<p>Il progetto su larga scala, non privo di polemiche, \u00e8 stato costantemente ottimizzato negli ultimi mesi, aggiornando le esigenze di spazio e decidendo ulteriori trasferimenti. Il risultato \u00e8 che il fabbisogno di spazio \u00e8 stato ridotto di oltre il 10% rispetto alla bozza di piano strutturale del Consiglio di Stato, con una nuova superficie di 315.000 metri quadrati. Ci\u00f2 consente anche di ridurre le altezze: Gli edifici pi\u00f9 alti del quartiere universitario non supereranno i 57 metri, il che corrisponde a una riduzione di due o tre piani. La commissione vuole esplicitamente facilitare la discussione sull'eventuale demolizione dell'edificio principale dell'ospedale, che \u00e8 stato sottoposto a vincolo di tutela.<\/p>\n<p>L'aumento previsto del traffico passeggeri, pari a circa il 16%, \u00e8 significativamente inferiore a quello previsto dal piano regolatore del 2014, in parte a causa delle specifiche e della riduzione delle esigenze di spazio delle istituzioni. In un comunicato stampa congiunto, la citt\u00e0 e il cantone di Zurigo, l'Ospedale universitario, l'Universit\u00e0 di Zurigo e il Politecnico di Zurigo scrivono che la maggior parte di questo aumento sar\u00e0 assorbito dal previsto potenziamento dei trasporti pubblici, nonch\u00e9 dalla mobilit\u00e0 ciclistica e pedonale. (ah)<\/p>","protected":false},"excerpt":{"rendered":"<p>L'ulteriore sviluppo dell'Ospedale universitario, dell'Universit\u00e0 e del Politecnico di Zurigo sta prendendo forma. La commissione responsabile per la pianificazione e l'edilizia del Consiglio cantonale ha approvato all'unanimit\u00e0 la revisione parziale del piano strutturale cantonale \"Gebietsplanung Hochschulgebiet Z\u00fcrich Zentrum\" (HGZZ); la questione \u00e8 ora all'esame del Consiglio cantonale per la decisione finale.<\/p>","protected":false},"author":1,"featured_media":1289,"comment_status":"open","ping_status":"open","sticky":false,"template":"","format":"standard","meta":{"_acf_changed":false,"_yoast_wpseo_focuskw":"Hochschulquartier","_yoast_wpseo_title":"","_yoast_wpseo_metadesc":"Die Weiterentwicklung von Universit\u00e4tsspital, Universit\u00e4t und ETH Z\u00fcrich konkretisiert sich.","_yoast_wpseo_linkdex":74,"pgc_sgb_lightbox_settings":"","footnotes":""},"categories":[1],"tags":[1888],"class_list":["post-1288","post","type-post","status-publish","format-standard","has-post-thumbnail","hentry","category-allgemein","tag-zuerich"],"acf":[],"yoast_head":"<!-- This site is optimized with the Yoast SEO plugin v27.5 - https:\/\/yoast.com\/product\/yoast-seo-wordpress\/ -->\n<title>Z\u00fcrich: Hochschulquartier konkretisiert sich - IMMOBILIEN Business<\/title>\n<meta name=\"description\" content=\"Die Weiterentwicklung von Universit\u00e4tsspital, Universit\u00e4t und ETH Z\u00fcrich konkretisiert sich.\" \/>\n<meta name=\"robots\" content=\"index, follow, max-snippet:-1, max-image-preview:large, max-video-preview:-1\" \/>\n<link rel=\"canonical\" href=\"https:\/\/www.immobilienbusiness.ch\/it\/allgemein\/2016-11-07\/zuerich-hochschulquartier-konkretisiert-sich\/\" \/>\n<meta property=\"og:locale\" content=\"it_IT\" \/>\n<meta property=\"og:type\" content=\"article\" \/>\n<meta property=\"og:title\" content=\"Z\u00fcrich: Hochschulquartier konkretisiert sich\" \/>\n<meta property=\"og:description\" content=\"Die Weiterentwicklung von Universit\u00e4tsspital, Universit\u00e4t und ETH Z\u00fcrich konkretisiert sich. Die zust\u00e4ndige Kommission f\u00fcr Planung und Bau des Kantonsrats hat die Teilrevision des Kantonalen Richtplans \u00abGebietsplanung Hochschulgebiet Z\u00fcrich Zentrum\u00bb (HGZZ) einstimmig gutgeheissen; das Gesch\u00e4ft liegt jetzt f\u00fcr den definitiven Beschluss beim Kantonsrat.\" \/>\n<meta property=\"og:url\" content=\"https:\/\/www.immobilienbusiness.ch\/it\/allgemein\/2016-11-07\/zuerich-hochschulquartier-konkretisiert-sich\/\" \/>\n<meta property=\"og:site_name\" content=\"IMMOBILIEN Business\" \/>\n<meta property=\"article:publisher\" content=\"https:\/\/www.facebook.com\/immobilienbusiness\/\" \/>\n<meta property=\"article:published_time\" content=\"2016-11-07T07:56:49+00:00\" \/>\n<meta name=\"author\" content=\"Redaktion\" \/>\n<meta name=\"twitter:card\" content=\"summary_large_image\" \/>\n<meta name=\"twitter:image\" content=\"https:\/\/www.immobilienbusiness.ch\/wp-content\/uploads\/2016\/12\/Zuerich-Hochschulquartier-konkretisiert-sich-immobilien-business.jpg\" \/>\n<script type=\"application\/ld+json\" class=\"yoast-schema-graph\">{\"@context\":\"https:\\\/\\\/schema.org\",\"@graph\":[{\"@type\":\"Article\",\"@id\":\"https:\\\/\\\/www.immobilienbusiness.ch\\\/allgemein\\\/2016-11-07\\\/zuerich-hochschulquartier-konkretisiert-sich\\\/#article\",\"isPartOf\":{\"@id\":\"https:\\\/\\\/www.immobilienbusiness.ch\\\/allgemein\\\/2016-11-07\\\/zuerich-hochschulquartier-konkretisiert-sich\\\/\"},\"author\":{\"name\":\"Redaktion\",\"@id\":\"https:\\\/\\\/www.immobilienbusiness.ch\\\/#\\\/schema\\\/person\\\/aa2bace6c5c5aad60102004a50c4eb1c\"},\"headline\":\"Z\u00fcrich: Hochschulquartier konkretisiert sich\",\"datePublished\":\"2016-11-07T07:56:49+00:00\",\"mainEntityOfPage\":{\"@id\":\"https:\\\/\\\/www.immobilienbusiness.ch\\\/allgemein\\\/2016-11-07\\\/zuerich-hochschulquartier-konkretisiert-sich\\\/\"},\"wordCount\":239,\"commentCount\":0,\"publisher\":{\"@id\":\"https:\\\/\\\/www.immobilienbusiness.ch\\\/#organization\"},\"image\":{\"@id\":\"https:\\\/\\\/www.immobilienbusiness.ch\\\/allgemein\\\/2016-11-07\\\/zuerich-hochschulquartier-konkretisiert-sich\\\/#primaryimage\"},\"thumbnailUrl\":\"https:\\\/\\\/www.immobilienbusiness.ch\\\/wp-content\\\/uploads\\\/2016\\\/12\\\/Zuerich-Hochschulquartier-konkretisiert-sich-immobilien-business.jpg\",\"keywords\":[\"Z\u00fcrich\"],\"articleSection\":[\"Allgemein\"],\"inLanguage\":\"it-IT\"},{\"@type\":\"WebPage\",\"@id\":\"https:\\\/\\\/www.immobilienbusiness.ch\\\/allgemein\\\/2016-11-07\\\/zuerich-hochschulquartier-konkretisiert-sich\\\/\",\"url\":\"https:\\\/\\\/www.immobilienbusiness.ch\\\/allgemein\\\/2016-11-07\\\/zuerich-hochschulquartier-konkretisiert-sich\\\/\",\"name\":\"Z\u00fcrich: Hochschulquartier konkretisiert sich - IMMOBILIEN Business\",\"isPartOf\":{\"@id\":\"https:\\\/\\\/www.immobilienbusiness.ch\\\/#website\"},\"primaryImageOfPage\":{\"@id\":\"https:\\\/\\\/www.immobilienbusiness.ch\\\/allgemein\\\/2016-11-07\\\/zuerich-hochschulquartier-konkretisiert-sich\\\/#primaryimage\"},\"image\":{\"@id\":\"https:\\\/\\\/www.immobilienbusiness.ch\\\/allgemein\\\/2016-11-07\\\/zuerich-hochschulquartier-konkretisiert-sich\\\/#primaryimage\"},\"thumbnailUrl\":\"https:\\\/\\\/www.immobilienbusiness.ch\\\/wp-content\\\/uploads\\\/2016\\\/12\\\/Zuerich-Hochschulquartier-konkretisiert-sich-immobilien-business.jpg\",\"datePublished\":\"2016-11-07T07:56:49+00:00\",\"description\":\"Die Weiterentwicklung von Universit\u00e4tsspital, Universit\u00e4t und ETH Z\u00fcrich konkretisiert sich.\",\"breadcrumb\":{\"@id\":\"https:\\\/\\\/www.immobilienbusiness.ch\\\/allgemein\\\/2016-11-07\\\/zuerich-hochschulquartier-konkretisiert-sich\\\/#breadcrumb\"},\"inLanguage\":\"it-IT\",\"potentialAction\":[{\"@type\":\"ReadAction\",\"target\":[\"https:\\\/\\\/www.immobilienbusiness.ch\\\/allgemein\\\/2016-11-07\\\/zuerich-hochschulquartier-konkretisiert-sich\\\/\"]}]},{\"@type\":\"ImageObject\",\"inLanguage\":\"it-IT\",\"@id\":\"https:\\\/\\\/www.immobilienbusiness.ch\\\/allgemein\\\/2016-11-07\\\/zuerich-hochschulquartier-konkretisiert-sich\\\/#primaryimage\",\"url\":\"https:\\\/\\\/www.immobilienbusiness.ch\\\/wp-content\\\/uploads\\\/2016\\\/12\\\/Zuerich-Hochschulquartier-konkretisiert-sich-immobilien-business.jpg\",\"contentUrl\":\"https:\\\/\\\/www.immobilienbusiness.ch\\\/wp-content\\\/uploads\\\/2016\\\/12\\\/Zuerich-Hochschulquartier-konkretisiert-sich-immobilien-business.jpg\",\"width\":2560,\"height\":1714,\"caption\":\"Das neue Z\u00fcrcher Hochschulquartier konkretisiert sich (Foto: Dietrich Michael Weidmann - Eigenes Werk, CC BY-SA 3.0, Wikimedia Commons)\"},{\"@type\":\"BreadcrumbList\",\"@id\":\"https:\\\/\\\/www.immobilienbusiness.ch\\\/allgemein\\\/2016-11-07\\\/zuerich-hochschulquartier-konkretisiert-sich\\\/#breadcrumb\",\"itemListElement\":[{\"@type\":\"ListItem\",\"position\":1,\"name\":\"Home\",\"item\":\"https:\\\/\\\/www.immobilienbusiness.ch\\\/\"},{\"@type\":\"ListItem\",\"position\":2,\"name\":\"Z\u00fcrich: Hochschulquartier konkretisiert sich\"}]},{\"@type\":\"WebSite\",\"@id\":\"https:\\\/\\\/www.immobilienbusiness.ch\\\/#website\",\"url\":\"https:\\\/\\\/www.immobilienbusiness.ch\\\/\",\"name\":\"IMMOBILIEN Business\",\"description\":\"Unabh\u00e4ngiges Schweizer Wirtschaftsmagazin mit Fokus auf Immobilien, Architektur- und Bau sowie Investment- und Finanzierung.\",\"publisher\":{\"@id\":\"https:\\\/\\\/www.immobilienbusiness.ch\\\/#organization\"},\"potentialAction\":[{\"@type\":\"SearchAction\",\"target\":{\"@type\":\"EntryPoint\",\"urlTemplate\":\"https:\\\/\\\/www.immobilienbusiness.ch\\\/?s={search_term_string}\"},\"query-input\":{\"@type\":\"PropertyValueSpecification\",\"valueRequired\":true,\"valueName\":\"search_term_string\"}}],\"inLanguage\":\"it-IT\"},{\"@type\":\"Organization\",\"@id\":\"https:\\\/\\\/www.immobilienbusiness.ch\\\/#organization\",\"name\":\"IMMOBILIEN Business\",\"url\":\"https:\\\/\\\/www.immobilienbusiness.ch\\\/\",\"logo\":{\"@type\":\"ImageObject\",\"inLanguage\":\"it-IT\",\"@id\":\"https:\\\/\\\/www.immobilienbusiness.ch\\\/#\\\/schema\\\/logo\\\/image\\\/\",\"url\":\"https:\\\/\\\/www.immobilienbusiness.ch\\\/wp-content\\\/uploads\\\/2021\\\/07\\\/logo_ib.png\",\"contentUrl\":\"https:\\\/\\\/www.immobilienbusiness.ch\\\/wp-content\\\/uploads\\\/2021\\\/07\\\/logo_ib.png\",\"width\":800,\"height\":181,\"caption\":\"IMMOBILIEN Business\"},\"image\":{\"@id\":\"https:\\\/\\\/www.immobilienbusiness.ch\\\/#\\\/schema\\\/logo\\\/image\\\/\"},\"sameAs\":[\"https:\\\/\\\/www.facebook.com\\\/immobilienbusiness\\\/\"]},{\"@type\":\"Person\",\"@id\":\"https:\\\/\\\/www.immobilienbusiness.ch\\\/#\\\/schema\\\/person\\\/aa2bace6c5c5aad60102004a50c4eb1c\",\"name\":\"Redaktion\",\"image\":{\"@type\":\"ImageObject\",\"inLanguage\":\"it-IT\",\"@id\":\"https:\\\/\\\/secure.gravatar.com\\\/avatar\\\/ae2f4d718e6c49043e314ce431e7e645d646302a24a5ef5a8bc8e3f5a032e319?s=96&d=mm&r=g\",\"url\":\"https:\\\/\\\/secure.gravatar.com\\\/avatar\\\/ae2f4d718e6c49043e314ce431e7e645d646302a24a5ef5a8bc8e3f5a032e319?s=96&d=mm&r=g\",\"contentUrl\":\"https:\\\/\\\/secure.gravatar.com\\\/avatar\\\/ae2f4d718e6c49043e314ce431e7e645d646302a24a5ef5a8bc8e3f5a032e319?s=96&d=mm&r=g\",\"caption\":\"Redaktion\"},\"sameAs\":[\"http:\\\/\\\/develop.organisator.galledia.ch\"],\"url\":\"https:\\\/\\\/www.immobilienbusiness.ch\\\/it\\\/author\\\/admin\\\/\"}]}<\/script>\n<!-- \/ Yoast SEO plugin. -->","yoast_head_json":{"title":"Zurigo: il quartiere universitario prende forma - IMMOBILIEN Business","description":"L'ulteriore sviluppo dell'Ospedale Universitario, dell'Universit\u00e0 e del Politecnico di Zurigo sta prendendo forma.","robots":{"index":"index","follow":"follow","max-snippet":"max-snippet:-1","max-image-preview":"max-image-preview:large","max-video-preview":"max-video-preview:-1"},"canonical":"https:\/\/www.immobilienbusiness.ch\/it\/allgemein\/2016-11-07\/zuerich-hochschulquartier-konkretisiert-sich\/","og_locale":"it_IT","og_type":"article","og_title":"Z\u00fcrich: Hochschulquartier konkretisiert sich","og_description":"Die Weiterentwicklung von Universit\u00e4tsspital, Universit\u00e4t und ETH Z\u00fcrich konkretisiert sich. Die zust\u00e4ndige Kommission f\u00fcr Planung und Bau des Kantonsrats hat die Teilrevision des Kantonalen Richtplans \u00abGebietsplanung Hochschulgebiet Z\u00fcrich Zentrum\u00bb (HGZZ) einstimmig gutgeheissen; das Gesch\u00e4ft liegt jetzt f\u00fcr den definitiven Beschluss beim Kantonsrat.","og_url":"https:\/\/www.immobilienbusiness.ch\/it\/allgemein\/2016-11-07\/zuerich-hochschulquartier-konkretisiert-sich\/","og_site_name":"IMMOBILIEN Business","article_publisher":"https:\/\/www.facebook.com\/immobilienbusiness\/","article_published_time":"2016-11-07T07:56:49+00:00","author":"Redaktion","twitter_card":"summary_large_image","twitter_image":"https:\/\/www.immobilienbusiness.ch\/wp-content\/uploads\/2016\/12\/Zuerich-Hochschulquartier-konkretisiert-sich-immobilien-business.jpg","schema":{"@context":"https:\/\/schema.org","@graph":[{"@type":"Article","@id":"https:\/\/www.immobilienbusiness.ch\/allgemein\/2016-11-07\/zuerich-hochschulquartier-konkretisiert-sich\/#article","isPartOf":{"@id":"https:\/\/www.immobilienbusiness.ch\/allgemein\/2016-11-07\/zuerich-hochschulquartier-konkretisiert-sich\/"},"author":{"name":"Redaktion","@id":"https:\/\/www.immobilienbusiness.ch\/#\/schema\/person\/aa2bace6c5c5aad60102004a50c4eb1c"},"headline":"Z\u00fcrich: Hochschulquartier konkretisiert sich","datePublished":"2016-11-07T07:56:49+00:00","mainEntityOfPage":{"@id":"https:\/\/www.immobilienbusiness.ch\/allgemein\/2016-11-07\/zuerich-hochschulquartier-konkretisiert-sich\/"},"wordCount":239,"commentCount":0,"publisher":{"@id":"https:\/\/www.immobilienbusiness.ch\/#organization"},"image":{"@id":"https:\/\/www.immobilienbusiness.ch\/allgemein\/2016-11-07\/zuerich-hochschulquartier-konkretisiert-sich\/#primaryimage"},"thumbnailUrl":"https:\/\/www.immobilienbusiness.ch\/wp-content\/uploads\/2016\/12\/Zuerich-Hochschulquartier-konkretisiert-sich-immobilien-business.jpg","keywords":["Z\u00fcrich"],"articleSection":["Allgemein"],"inLanguage":"it-IT"},{"@type":"WebPage","@id":"https:\/\/www.immobilienbusiness.ch\/allgemein\/2016-11-07\/zuerich-hochschulquartier-konkretisiert-sich\/","url":"https:\/\/www.immobilienbusiness.ch\/allgemein\/2016-11-07\/zuerich-hochschulquartier-konkretisiert-sich\/","name":"Zurigo: il quartiere universitario prende forma - IMMOBILIEN Business","isPartOf":{"@id":"https:\/\/www.immobilienbusiness.ch\/#website"},"primaryImageOfPage":{"@id":"https:\/\/www.immobilienbusiness.ch\/allgemein\/2016-11-07\/zuerich-hochschulquartier-konkretisiert-sich\/#primaryimage"},"image":{"@id":"https:\/\/www.immobilienbusiness.ch\/allgemein\/2016-11-07\/zuerich-hochschulquartier-konkretisiert-sich\/#primaryimage"},"thumbnailUrl":"https:\/\/www.immobilienbusiness.ch\/wp-content\/uploads\/2016\/12\/Zuerich-Hochschulquartier-konkretisiert-sich-immobilien-business.jpg","datePublished":"2016-11-07T07:56:49+00:00","description":"L'ulteriore sviluppo dell'Ospedale Universitario, dell'Universit\u00e0 e del Politecnico di Zurigo sta prendendo forma.","breadcrumb":{"@id":"https:\/\/www.immobilienbusiness.ch\/allgemein\/2016-11-07\/zuerich-hochschulquartier-konkretisiert-sich\/#breadcrumb"},"inLanguage":"it-IT","potentialAction":[{"@type":"ReadAction","target":["https:\/\/www.immobilienbusiness.ch\/allgemein\/2016-11-07\/zuerich-hochschulquartier-konkretisiert-sich\/"]}]},{"@type":"ImageObject","inLanguage":"it-IT","@id":"https:\/\/www.immobilienbusiness.ch\/allgemein\/2016-11-07\/zuerich-hochschulquartier-konkretisiert-sich\/#primaryimage","url":"https:\/\/www.immobilienbusiness.ch\/wp-content\/uploads\/2016\/12\/Zuerich-Hochschulquartier-konkretisiert-sich-immobilien-business.jpg","contentUrl":"https:\/\/www.immobilienbusiness.ch\/wp-content\/uploads\/2016\/12\/Zuerich-Hochschulquartier-konkretisiert-sich-immobilien-business.jpg","width":2560,"height":1714,"caption":"Das neue Z\u00fcrcher Hochschulquartier konkretisiert sich (Foto: Dietrich Michael Weidmann - Eigenes Werk, CC BY-SA 3.0, Wikimedia Commons)"},{"@type":"BreadcrumbList","@id":"https:\/\/www.immobilienbusiness.ch\/allgemein\/2016-11-07\/zuerich-hochschulquartier-konkretisiert-sich\/#breadcrumb","itemListElement":[{"@type":"ListItem","position":1,"name":"Home","item":"https:\/\/www.immobilienbusiness.ch\/"},{"@type":"ListItem","position":2,"name":"Z\u00fcrich: Hochschulquartier konkretisiert sich"}]},{"@type":"WebSite","@id":"https:\/\/www.immobilienbusiness.ch\/#website","url":"https:\/\/www.immobilienbusiness.ch\/","name":"Affari immobiliari","description":"Rivista economica indipendente svizzera che si concentra sul settore immobiliare, l'architettura e la costruzione, nonch\u00e9 sugli investimenti e i finanziamenti.","publisher":{"@id":"https:\/\/www.immobilienbusiness.ch\/#organization"},"potentialAction":[{"@type":"SearchAction","target":{"@type":"EntryPoint","urlTemplate":"https:\/\/www.immobilienbusiness.ch\/?s={search_term_string}"},"query-input":{"@type":"PropertyValueSpecification","valueRequired":true,"valueName":"search_term_string"}}],"inLanguage":"it-IT"},{"@type":"Organization","@id":"https:\/\/www.immobilienbusiness.ch\/#organization","name":"Affari immobiliari","url":"https:\/\/www.immobilienbusiness.ch\/","logo":{"@type":"ImageObject","inLanguage":"it-IT","@id":"https:\/\/www.immobilienbusiness.ch\/#\/schema\/logo\/image\/","url":"https:\/\/www.immobilienbusiness.ch\/wp-content\/uploads\/2021\/07\/logo_ib.png","contentUrl":"https:\/\/www.immobilienbusiness.ch\/wp-content\/uploads\/2021\/07\/logo_ib.png","width":800,"height":181,"caption":"IMMOBILIEN Business"},"image":{"@id":"https:\/\/www.immobilienbusiness.ch\/#\/schema\/logo\/image\/"},"sameAs":["https:\/\/www.facebook.com\/immobilienbusiness\/"]},{"@type":"Person","@id":"https:\/\/www.immobilienbusiness.ch\/#\/schema\/person\/aa2bace6c5c5aad60102004a50c4eb1c","name":"Editoriale","image":{"@type":"ImageObject","inLanguage":"it-IT","@id":"https:\/\/secure.gravatar.com\/avatar\/ae2f4d718e6c49043e314ce431e7e645d646302a24a5ef5a8bc8e3f5a032e319?s=96&d=mm&r=g","url":"https:\/\/secure.gravatar.com\/avatar\/ae2f4d718e6c49043e314ce431e7e645d646302a24a5ef5a8bc8e3f5a032e319?s=96&d=mm&r=g","contentUrl":"https:\/\/secure.gravatar.com\/avatar\/ae2f4d718e6c49043e314ce431e7e645d646302a24a5ef5a8bc8e3f5a032e319?s=96&d=mm&r=g","caption":"Redaktion"},"sameAs":["http:\/\/develop.organisator.galledia.ch"],"url":"https:\/\/www.immobilienbusiness.ch\/it\/author\/admin\/"}]}},"_links":{"self":[{"href":"https:\/\/www.immobilienbusiness.ch\/it\/wp-json\/wp\/v2\/posts\/1288","targetHints":{"allow":["GET"]}}],"collection":[{"href":"https:\/\/www.immobilienbusiness.ch\/it\/wp-json\/wp\/v2\/posts"}],"about":[{"href":"https:\/\/www.immobilienbusiness.ch\/it\/wp-json\/wp\/v2\/types\/post"}],"author":[{"embeddable":true,"href":"https:\/\/www.immobilienbusiness.ch\/it\/wp-json\/wp\/v2\/users\/1"}],"replies":[{"embeddable":true,"href":"https:\/\/www.immobilienbusiness.ch\/it\/wp-json\/wp\/v2\/comments?post=1288"}],"version-history":[{"count":0,"href":"https:\/\/www.immobilienbusiness.ch\/it\/wp-json\/wp\/v2\/posts\/1288\/revisions"}],"wp:featuredmedia":[{"embeddable":true,"href":"https:\/\/www.immobilienbusiness.ch\/it\/wp-json\/wp\/v2\/media\/1289"}],"wp:attachment":[{"href":"https:\/\/www.immobilienbusiness.ch\/it\/wp-json\/wp\/v2\/media?parent=1288"}],"wp:term":[{"taxonomy":"category","embeddable":true,"href":"https:\/\/www.immobilienbusiness.ch\/it\/wp-json\/wp\/v2\/categories?post=1288"},{"taxonomy":"post_tag","embeddable":true,"href":"https:\/\/www.immobilienbusiness.ch\/it\/wp-json\/wp\/v2\/tags?post=1288"}],"curies":[{"name":"wp","href":"https:\/\/api.w.org\/{rel}","templated":true}]}}