{"id":12689,"date":"2018-05-25T08:52:34","date_gmt":"2018-05-25T06:52:34","guid":{"rendered":"https:\/\/www.immobilienbusiness.ch\/?p=12689"},"modified":"2018-05-25T08:52:34","modified_gmt":"2018-05-25T06:52:34","slug":"mv-invest-und-swiss-circle-gruenden-swiss-property-fair-gmbh","status":"publish","type":"post","link":"https:\/\/www.immobilienbusiness.ch\/it\/unternehmen\/2018-05-25\/mv-invest-und-swiss-circle-gruenden-swiss-property-fair-gmbh\/","title":{"rendered":"MV Invest e Swiss Circle hanno fondato Swiss Property Fair GmbH"},"content":{"rendered":"<figure id=\"attachment_12680\" aria-describedby=\"caption-attachment-12680\" style=\"width: 680px\" class=\"wp-caption alignnone\"><img loading=\"lazy\" decoding=\"async\" class=\"wp-image-12680 size-medium\" src=\"https:\/\/www.immobilienbusiness.ch\/wp-content\/uploads\/2018\/05\/PHOTORVRHB.jpg\" alt=\"\" width=\"680\" height=\"453\" srcset=\"https:\/\/www.immobilienbusiness.ch\/wp-content\/uploads\/2018\/05\/PHOTORVRHB.jpg 2560w, https:\/\/www.immobilienbusiness.ch\/wp-content\/uploads\/2018\/05\/PHOTORVRHB-300x200.jpg 300w, https:\/\/www.immobilienbusiness.ch\/wp-content\/uploads\/2018\/05\/PHOTORVRHB-1024x682.jpg 1024w, https:\/\/www.immobilienbusiness.ch\/wp-content\/uploads\/2018\/05\/PHOTORVRHB-768x512.jpg 768w, https:\/\/www.immobilienbusiness.ch\/wp-content\/uploads\/2018\/05\/PHOTORVRHB-1536x1024.jpg 1536w, https:\/\/www.immobilienbusiness.ch\/wp-content\/uploads\/2018\/05\/PHOTORVRHB-2048x1365.jpg 2048w, https:\/\/www.immobilienbusiness.ch\/wp-content\/uploads\/2018\/05\/PHOTORVRHB-16x12.jpg 16w, https:\/\/www.immobilienbusiness.ch\/wp-content\/uploads\/2018\/05\/PHOTORVRHB-263x175.jpg 263w, https:\/\/www.immobilienbusiness.ch\/wp-content\/uploads\/2018\/05\/PHOTORVRHB-525x350.jpg 525w, https:\/\/www.immobilienbusiness.ch\/wp-content\/uploads\/2018\/05\/PHOTORVRHB-1200x800.jpg 1200w, https:\/\/www.immobilienbusiness.ch\/wp-content\/uploads\/2018\/05\/PHOTORVRHB-920x613.jpg 920w, https:\/\/www.immobilienbusiness.ch\/wp-content\/uploads\/2018\/05\/PHOTORVRHB-1400x933.jpg 1400w\" sizes=\"auto, (max-width: 680px) 100vw, 680px\" \/><figcaption id=\"caption-attachment-12680\" class=\"wp-caption-text\">Dr. Roman Bolliger e Roland V\u00f6gele<\/figcaption><\/figure>\n<p>IMMO' si \u00e8 da tempo affermata come un appuntamento fisso nell'agenda immobiliare svizzera e i segnali per la fiera svizzera dedicata agli investitori immobiliari, che si svolge nell'ambito della Zurich Finance Fair, sembrano indicare un'ulteriore crescita: La prossima edizione della fiera, IMMO'19, sar\u00e0 organizzata per la prima volta in collaborazione con MV Invest e Swiss Circle.<\/p>\n<p>A questo scopo \u00e8 stato istituito un nuovo ente organizzatore, Swiss Property Fair GmbH. La fiera IMMO', organizzata da MV Invest a Zurigo per la sesta volta quest'anno, \u00e8 cresciuta ancora una volta con 44 espositori e, insieme alla fiera finanziaria, ha attirato 3.300 visitatori B2B.<\/p>\n<p>\"Con la fondazione di Swiss Property Fair GmbH, stiamo gettando le basi per una crescita sostenibile\", afferma Roland V\u00f6gele, CEO di MV Invest AG. L'obiettivo \u00e8 quello di sviluppare ed espandere ulteriormente IMMO' in termini quantitativi e qualitativi, nell'interesse dei clienti e del settore immobiliare stesso. \"Con oltre 20 anni di esperienza nel marketing immobiliare e fieristico, Swiss Circle sosterr\u00e0 l'ulteriore espansione di IMMO'\", \u00e8 convinto V\u00f6gele.<\/p>\n<p>\"Siamo orgogliosi di collaborare con MV Invest come partner paritario e non vediamo l'ora di dare nuovi impulsi\", afferma Roman Bolliger, CEO di Swiss Circle AG. In futuro, l'obiettivo \u00e8 quello di attirare un maggior numero di visitatori dall'Europa e di professionisti del settore immobiliare al di fuori del settore finanziario. In questa nuova costellazione, i due partner sono certi che IMMO'Messe abbia \"il potenziale per diventare una piattaforma di richiamo internazionale\".<\/p>","protected":false},"excerpt":{"rendered":"<p> IMMO\u2018 19, la fiera svizzera per gli investitori immobiliari, sar\u00e0 organizzata in futuro in collaborazione con MV Invest e Swiss Circle.<\/p>","protected":false},"author":3,"featured_media":12680,"comment_status":"open","ping_status":"open","sticky":false,"template":"","format":"standard","meta":{"_acf_changed":false,"_yoast_wpseo_focuskw":"IMMO","_yoast_wpseo_title":"","_yoast_wpseo_metadesc":"Die IMMO', Schweizer Messe f\u00fcr Immobilieninvestoren, wird k\u00fcnftig in Zusammenarbeit von MV Invest und Swiss Circle organisiert.","_yoast_wpseo_linkdex":62,"pgc_sgb_lightbox_settings":"","footnotes":""},"categories":[988],"tags":[1214,1807],"class_list":["post-12689","post","type-post","status-publish","format-standard","has-post-thumbnail","hentry","category-unternehmen","tag-fachkongressfachmesse","tag-unternehmen"],"acf":[],"yoast_head":"<!-- This site is optimized with the Yoast SEO plugin v27.4 - https:\/\/yoast.com\/product\/yoast-seo-wordpress\/ -->\n<title>MV Invest und Swiss Circle gr\u00fcnden Swiss Property Fair GmbH - IMMOBILIEN Business<\/title>\n<meta name=\"description\" content=\"Die IMMO&#039;, Schweizer Messe f\u00fcr Immobilieninvestoren, wird k\u00fcnftig in Zusammenarbeit von MV Invest und Swiss Circle organisiert.\" \/>\n<meta name=\"robots\" content=\"index, follow, max-snippet:-1, max-image-preview:large, max-video-preview:-1\" \/>\n<link rel=\"canonical\" href=\"https:\/\/www.immobilienbusiness.ch\/it\/unternehmen\/2018-05-25\/mv-invest-und-swiss-circle-gruenden-swiss-property-fair-gmbh\/\" \/>\n<meta property=\"og:locale\" content=\"it_IT\" \/>\n<meta property=\"og:type\" content=\"article\" \/>\n<meta property=\"og:title\" content=\"MV Invest und Swiss Circle gr\u00fcnden Swiss Property Fair GmbH - IMMOBILIEN Business\" \/>\n<meta property=\"og:description\" content=\"Die IMMO&#039;, Schweizer Messe f\u00fcr Immobilieninvestoren, wird k\u00fcnftig in Zusammenarbeit von MV Invest und Swiss Circle organisiert.\" \/>\n<meta property=\"og:url\" content=\"https:\/\/www.immobilienbusiness.ch\/it\/unternehmen\/2018-05-25\/mv-invest-und-swiss-circle-gruenden-swiss-property-fair-gmbh\/\" \/>\n<meta property=\"og:site_name\" content=\"IMMOBILIEN Business\" \/>\n<meta property=\"article:publisher\" content=\"https:\/\/www.facebook.com\/immobilienbusiness\/\" \/>\n<meta property=\"article:published_time\" content=\"2018-05-25T06:52:34+00:00\" \/>\n<meta property=\"og:image\" content=\"https:\/\/www.immobilienbusiness.ch\/wp-content\/uploads\/2018\/05\/PHOTORVRHB.jpg\" \/>\n\t<meta property=\"og:image:width\" content=\"2560\" \/>\n\t<meta property=\"og:image:height\" content=\"1706\" \/>\n\t<meta property=\"og:image:type\" content=\"image\/jpeg\" \/>\n<meta name=\"author\" content=\"anja.hall\" \/>\n<meta name=\"twitter:card\" content=\"summary_large_image\" \/>\n<meta name=\"twitter:image\" content=\"https:\/\/www.immobilienbusiness.ch\/wp-content\/uploads\/2018\/05\/PHOTORVRHB.jpg\" \/>\n<script type=\"application\/ld+json\" class=\"yoast-schema-graph\">{\"@context\":\"https:\\\/\\\/schema.org\",\"@graph\":[{\"@type\":\"Article\",\"@id\":\"https:\\\/\\\/www.immobilienbusiness.ch\\\/unternehmen\\\/2018-05-25\\\/mv-invest-und-swiss-circle-gruenden-swiss-property-fair-gmbh\\\/#article\",\"isPartOf\":{\"@id\":\"https:\\\/\\\/www.immobilienbusiness.ch\\\/unternehmen\\\/2018-05-25\\\/mv-invest-und-swiss-circle-gruenden-swiss-property-fair-gmbh\\\/\"},\"author\":{\"name\":\"anja.hall\",\"@id\":\"https:\\\/\\\/www.immobilienbusiness.ch\\\/#\\\/schema\\\/person\\\/3fc036297b10b9f42d6db5ee932af8c8\"},\"headline\":\"MV Invest und Swiss Circle gr\u00fcnden Swiss Property Fair GmbH\",\"datePublished\":\"2018-05-25T06:52:34+00:00\",\"mainEntityOfPage\":{\"@id\":\"https:\\\/\\\/www.immobilienbusiness.ch\\\/unternehmen\\\/2018-05-25\\\/mv-invest-und-swiss-circle-gruenden-swiss-property-fair-gmbh\\\/\"},\"wordCount\":282,\"commentCount\":0,\"publisher\":{\"@id\":\"https:\\\/\\\/www.immobilienbusiness.ch\\\/#organization\"},\"image\":{\"@id\":\"https:\\\/\\\/www.immobilienbusiness.ch\\\/unternehmen\\\/2018-05-25\\\/mv-invest-und-swiss-circle-gruenden-swiss-property-fair-gmbh\\\/#primaryimage\"},\"thumbnailUrl\":\"https:\\\/\\\/www.immobilienbusiness.ch\\\/wp-content\\\/uploads\\\/2018\\\/05\\\/PHOTORVRHB.jpg\",\"keywords\":[\"Fachkongress\\\/Fachmesse\",\"Unternehmen\"],\"articleSection\":[\"UNTERNEHMEN\"],\"inLanguage\":\"it-IT\"},{\"@type\":\"WebPage\",\"@id\":\"https:\\\/\\\/www.immobilienbusiness.ch\\\/unternehmen\\\/2018-05-25\\\/mv-invest-und-swiss-circle-gruenden-swiss-property-fair-gmbh\\\/\",\"url\":\"https:\\\/\\\/www.immobilienbusiness.ch\\\/unternehmen\\\/2018-05-25\\\/mv-invest-und-swiss-circle-gruenden-swiss-property-fair-gmbh\\\/\",\"name\":\"MV Invest und Swiss Circle gr\u00fcnden Swiss Property Fair GmbH - IMMOBILIEN Business\",\"isPartOf\":{\"@id\":\"https:\\\/\\\/www.immobilienbusiness.ch\\\/#website\"},\"primaryImageOfPage\":{\"@id\":\"https:\\\/\\\/www.immobilienbusiness.ch\\\/unternehmen\\\/2018-05-25\\\/mv-invest-und-swiss-circle-gruenden-swiss-property-fair-gmbh\\\/#primaryimage\"},\"image\":{\"@id\":\"https:\\\/\\\/www.immobilienbusiness.ch\\\/unternehmen\\\/2018-05-25\\\/mv-invest-und-swiss-circle-gruenden-swiss-property-fair-gmbh\\\/#primaryimage\"},\"thumbnailUrl\":\"https:\\\/\\\/www.immobilienbusiness.ch\\\/wp-content\\\/uploads\\\/2018\\\/05\\\/PHOTORVRHB.jpg\",\"datePublished\":\"2018-05-25T06:52:34+00:00\",\"description\":\"Die IMMO', Schweizer Messe f\u00fcr Immobilieninvestoren, wird k\u00fcnftig in Zusammenarbeit von MV Invest und Swiss Circle organisiert.\",\"breadcrumb\":{\"@id\":\"https:\\\/\\\/www.immobilienbusiness.ch\\\/unternehmen\\\/2018-05-25\\\/mv-invest-und-swiss-circle-gruenden-swiss-property-fair-gmbh\\\/#breadcrumb\"},\"inLanguage\":\"it-IT\",\"potentialAction\":[{\"@type\":\"ReadAction\",\"target\":[\"https:\\\/\\\/www.immobilienbusiness.ch\\\/unternehmen\\\/2018-05-25\\\/mv-invest-und-swiss-circle-gruenden-swiss-property-fair-gmbh\\\/\"]}]},{\"@type\":\"ImageObject\",\"inLanguage\":\"it-IT\",\"@id\":\"https:\\\/\\\/www.immobilienbusiness.ch\\\/unternehmen\\\/2018-05-25\\\/mv-invest-und-swiss-circle-gruenden-swiss-property-fair-gmbh\\\/#primaryimage\",\"url\":\"https:\\\/\\\/www.immobilienbusiness.ch\\\/wp-content\\\/uploads\\\/2018\\\/05\\\/PHOTORVRHB.jpg\",\"contentUrl\":\"https:\\\/\\\/www.immobilienbusiness.ch\\\/wp-content\\\/uploads\\\/2018\\\/05\\\/PHOTORVRHB.jpg\",\"width\":2560,\"height\":1706},{\"@type\":\"BreadcrumbList\",\"@id\":\"https:\\\/\\\/www.immobilienbusiness.ch\\\/unternehmen\\\/2018-05-25\\\/mv-invest-und-swiss-circle-gruenden-swiss-property-fair-gmbh\\\/#breadcrumb\",\"itemListElement\":[{\"@type\":\"ListItem\",\"position\":1,\"name\":\"Home\",\"item\":\"https:\\\/\\\/www.immobilienbusiness.ch\\\/\"},{\"@type\":\"ListItem\",\"position\":2,\"name\":\"MV Invest und Swiss Circle gr\u00fcnden Swiss Property Fair GmbH\"}]},{\"@type\":\"WebSite\",\"@id\":\"https:\\\/\\\/www.immobilienbusiness.ch\\\/#website\",\"url\":\"https:\\\/\\\/www.immobilienbusiness.ch\\\/\",\"name\":\"IMMOBILIEN Business\",\"description\":\"Unabh\u00e4ngiges Schweizer Wirtschaftsmagazin mit Fokus auf Immobilien, Architektur- und Bau sowie Investment- und Finanzierung.\",\"publisher\":{\"@id\":\"https:\\\/\\\/www.immobilienbusiness.ch\\\/#organization\"},\"potentialAction\":[{\"@type\":\"SearchAction\",\"target\":{\"@type\":\"EntryPoint\",\"urlTemplate\":\"https:\\\/\\\/www.immobilienbusiness.ch\\\/?s={search_term_string}\"},\"query-input\":{\"@type\":\"PropertyValueSpecification\",\"valueRequired\":true,\"valueName\":\"search_term_string\"}}],\"inLanguage\":\"it-IT\"},{\"@type\":\"Organization\",\"@id\":\"https:\\\/\\\/www.immobilienbusiness.ch\\\/#organization\",\"name\":\"IMMOBILIEN Business\",\"url\":\"https:\\\/\\\/www.immobilienbusiness.ch\\\/\",\"logo\":{\"@type\":\"ImageObject\",\"inLanguage\":\"it-IT\",\"@id\":\"https:\\\/\\\/www.immobilienbusiness.ch\\\/#\\\/schema\\\/logo\\\/image\\\/\",\"url\":\"https:\\\/\\\/www.immobilienbusiness.ch\\\/wp-content\\\/uploads\\\/2021\\\/07\\\/logo_ib.png\",\"contentUrl\":\"https:\\\/\\\/www.immobilienbusiness.ch\\\/wp-content\\\/uploads\\\/2021\\\/07\\\/logo_ib.png\",\"width\":800,\"height\":181,\"caption\":\"IMMOBILIEN Business\"},\"image\":{\"@id\":\"https:\\\/\\\/www.immobilienbusiness.ch\\\/#\\\/schema\\\/logo\\\/image\\\/\"},\"sameAs\":[\"https:\\\/\\\/www.facebook.com\\\/immobilienbusiness\\\/\"]},{\"@type\":\"Person\",\"@id\":\"https:\\\/\\\/www.immobilienbusiness.ch\\\/#\\\/schema\\\/person\\\/3fc036297b10b9f42d6db5ee932af8c8\",\"name\":\"anja.hall\",\"image\":{\"@type\":\"ImageObject\",\"inLanguage\":\"it-IT\",\"@id\":\"https:\\\/\\\/secure.gravatar.com\\\/avatar\\\/066b5a0d447013502c71a5782f4f3469f03cfe595cc2329fb94652fe47511bfb?s=96&d=mm&r=g\",\"url\":\"https:\\\/\\\/secure.gravatar.com\\\/avatar\\\/066b5a0d447013502c71a5782f4f3469f03cfe595cc2329fb94652fe47511bfb?s=96&d=mm&r=g\",\"contentUrl\":\"https:\\\/\\\/secure.gravatar.com\\\/avatar\\\/066b5a0d447013502c71a5782f4f3469f03cfe595cc2329fb94652fe47511bfb?s=96&d=mm&r=g\",\"caption\":\"anja.hall\"},\"url\":\"https:\\\/\\\/www.immobilienbusiness.ch\\\/it\\\/author\\\/anja-hall\\\/\"}]}<\/script>\n<!-- \/ Yoast SEO plugin. -->","yoast_head_json":{"title":"MV Invest e Swiss Circle fondano Swiss Property Fair GmbH - IMMOBILIEN Business","description":"IMMO', la fiera svizzera per gli investitori immobiliari, sar\u00e0 organizzata in futuro in collaborazione con MV Invest e Swiss Circle.","robots":{"index":"index","follow":"follow","max-snippet":"max-snippet:-1","max-image-preview":"max-image-preview:large","max-video-preview":"max-video-preview:-1"},"canonical":"https:\/\/www.immobilienbusiness.ch\/it\/unternehmen\/2018-05-25\/mv-invest-und-swiss-circle-gruenden-swiss-property-fair-gmbh\/","og_locale":"it_IT","og_type":"article","og_title":"MV Invest und Swiss Circle gr\u00fcnden Swiss Property Fair GmbH - IMMOBILIEN Business","og_description":"Die IMMO', Schweizer Messe f\u00fcr Immobilieninvestoren, wird k\u00fcnftig in Zusammenarbeit von MV Invest und Swiss Circle organisiert.","og_url":"https:\/\/www.immobilienbusiness.ch\/it\/unternehmen\/2018-05-25\/mv-invest-und-swiss-circle-gruenden-swiss-property-fair-gmbh\/","og_site_name":"IMMOBILIEN Business","article_publisher":"https:\/\/www.facebook.com\/immobilienbusiness\/","article_published_time":"2018-05-25T06:52:34+00:00","og_image":[{"width":2560,"height":1706,"url":"https:\/\/www.immobilienbusiness.ch\/wp-content\/uploads\/2018\/05\/PHOTORVRHB.jpg","type":"image\/jpeg"}],"author":"anja.hall","twitter_card":"summary_large_image","twitter_image":"https:\/\/www.immobilienbusiness.ch\/wp-content\/uploads\/2018\/05\/PHOTORVRHB.jpg","schema":{"@context":"https:\/\/schema.org","@graph":[{"@type":"Article","@id":"https:\/\/www.immobilienbusiness.ch\/unternehmen\/2018-05-25\/mv-invest-und-swiss-circle-gruenden-swiss-property-fair-gmbh\/#article","isPartOf":{"@id":"https:\/\/www.immobilienbusiness.ch\/unternehmen\/2018-05-25\/mv-invest-und-swiss-circle-gruenden-swiss-property-fair-gmbh\/"},"author":{"name":"anja.hall","@id":"https:\/\/www.immobilienbusiness.ch\/#\/schema\/person\/3fc036297b10b9f42d6db5ee932af8c8"},"headline":"MV Invest und Swiss Circle gr\u00fcnden Swiss Property Fair GmbH","datePublished":"2018-05-25T06:52:34+00:00","mainEntityOfPage":{"@id":"https:\/\/www.immobilienbusiness.ch\/unternehmen\/2018-05-25\/mv-invest-und-swiss-circle-gruenden-swiss-property-fair-gmbh\/"},"wordCount":282,"commentCount":0,"publisher":{"@id":"https:\/\/www.immobilienbusiness.ch\/#organization"},"image":{"@id":"https:\/\/www.immobilienbusiness.ch\/unternehmen\/2018-05-25\/mv-invest-und-swiss-circle-gruenden-swiss-property-fair-gmbh\/#primaryimage"},"thumbnailUrl":"https:\/\/www.immobilienbusiness.ch\/wp-content\/uploads\/2018\/05\/PHOTORVRHB.jpg","keywords":["Fachkongress\/Fachmesse","Unternehmen"],"articleSection":["UNTERNEHMEN"],"inLanguage":"it-IT"},{"@type":"WebPage","@id":"https:\/\/www.immobilienbusiness.ch\/unternehmen\/2018-05-25\/mv-invest-und-swiss-circle-gruenden-swiss-property-fair-gmbh\/","url":"https:\/\/www.immobilienbusiness.ch\/unternehmen\/2018-05-25\/mv-invest-und-swiss-circle-gruenden-swiss-property-fair-gmbh\/","name":"MV Invest e Swiss Circle fondano Swiss Property Fair GmbH - IMMOBILIEN Business","isPartOf":{"@id":"https:\/\/www.immobilienbusiness.ch\/#website"},"primaryImageOfPage":{"@id":"https:\/\/www.immobilienbusiness.ch\/unternehmen\/2018-05-25\/mv-invest-und-swiss-circle-gruenden-swiss-property-fair-gmbh\/#primaryimage"},"image":{"@id":"https:\/\/www.immobilienbusiness.ch\/unternehmen\/2018-05-25\/mv-invest-und-swiss-circle-gruenden-swiss-property-fair-gmbh\/#primaryimage"},"thumbnailUrl":"https:\/\/www.immobilienbusiness.ch\/wp-content\/uploads\/2018\/05\/PHOTORVRHB.jpg","datePublished":"2018-05-25T06:52:34+00:00","description":"IMMO', la fiera svizzera per gli investitori immobiliari, sar\u00e0 organizzata in futuro in collaborazione con MV Invest e Swiss Circle.","breadcrumb":{"@id":"https:\/\/www.immobilienbusiness.ch\/unternehmen\/2018-05-25\/mv-invest-und-swiss-circle-gruenden-swiss-property-fair-gmbh\/#breadcrumb"},"inLanguage":"it-IT","potentialAction":[{"@type":"ReadAction","target":["https:\/\/www.immobilienbusiness.ch\/unternehmen\/2018-05-25\/mv-invest-und-swiss-circle-gruenden-swiss-property-fair-gmbh\/"]}]},{"@type":"ImageObject","inLanguage":"it-IT","@id":"https:\/\/www.immobilienbusiness.ch\/unternehmen\/2018-05-25\/mv-invest-und-swiss-circle-gruenden-swiss-property-fair-gmbh\/#primaryimage","url":"https:\/\/www.immobilienbusiness.ch\/wp-content\/uploads\/2018\/05\/PHOTORVRHB.jpg","contentUrl":"https:\/\/www.immobilienbusiness.ch\/wp-content\/uploads\/2018\/05\/PHOTORVRHB.jpg","width":2560,"height":1706},{"@type":"BreadcrumbList","@id":"https:\/\/www.immobilienbusiness.ch\/unternehmen\/2018-05-25\/mv-invest-und-swiss-circle-gruenden-swiss-property-fair-gmbh\/#breadcrumb","itemListElement":[{"@type":"ListItem","position":1,"name":"Home","item":"https:\/\/www.immobilienbusiness.ch\/"},{"@type":"ListItem","position":2,"name":"MV Invest und Swiss Circle gr\u00fcnden Swiss Property Fair GmbH"}]},{"@type":"WebSite","@id":"https:\/\/www.immobilienbusiness.ch\/#website","url":"https:\/\/www.immobilienbusiness.ch\/","name":"Affari immobiliari","description":"Rivista economica indipendente svizzera che si concentra sul settore immobiliare, l'architettura e la costruzione, nonch\u00e9 sugli investimenti e i finanziamenti.","publisher":{"@id":"https:\/\/www.immobilienbusiness.ch\/#organization"},"potentialAction":[{"@type":"SearchAction","target":{"@type":"EntryPoint","urlTemplate":"https:\/\/www.immobilienbusiness.ch\/?s={search_term_string}"},"query-input":{"@type":"PropertyValueSpecification","valueRequired":true,"valueName":"search_term_string"}}],"inLanguage":"it-IT"},{"@type":"Organization","@id":"https:\/\/www.immobilienbusiness.ch\/#organization","name":"Affari immobiliari","url":"https:\/\/www.immobilienbusiness.ch\/","logo":{"@type":"ImageObject","inLanguage":"it-IT","@id":"https:\/\/www.immobilienbusiness.ch\/#\/schema\/logo\/image\/","url":"https:\/\/www.immobilienbusiness.ch\/wp-content\/uploads\/2021\/07\/logo_ib.png","contentUrl":"https:\/\/www.immobilienbusiness.ch\/wp-content\/uploads\/2021\/07\/logo_ib.png","width":800,"height":181,"caption":"IMMOBILIEN Business"},"image":{"@id":"https:\/\/www.immobilienbusiness.ch\/#\/schema\/logo\/image\/"},"sameAs":["https:\/\/www.facebook.com\/immobilienbusiness\/"]},{"@type":"Person","@id":"https:\/\/www.immobilienbusiness.ch\/#\/schema\/person\/3fc036297b10b9f42d6db5ee932af8c8","name":"anja.hall","image":{"@type":"ImageObject","inLanguage":"it-IT","@id":"https:\/\/secure.gravatar.com\/avatar\/066b5a0d447013502c71a5782f4f3469f03cfe595cc2329fb94652fe47511bfb?s=96&d=mm&r=g","url":"https:\/\/secure.gravatar.com\/avatar\/066b5a0d447013502c71a5782f4f3469f03cfe595cc2329fb94652fe47511bfb?s=96&d=mm&r=g","contentUrl":"https:\/\/secure.gravatar.com\/avatar\/066b5a0d447013502c71a5782f4f3469f03cfe595cc2329fb94652fe47511bfb?s=96&d=mm&r=g","caption":"anja.hall"},"url":"https:\/\/www.immobilienbusiness.ch\/it\/author\/anja-hall\/"}]}},"_links":{"self":[{"href":"https:\/\/www.immobilienbusiness.ch\/it\/wp-json\/wp\/v2\/posts\/12689","targetHints":{"allow":["GET"]}}],"collection":[{"href":"https:\/\/www.immobilienbusiness.ch\/it\/wp-json\/wp\/v2\/posts"}],"about":[{"href":"https:\/\/www.immobilienbusiness.ch\/it\/wp-json\/wp\/v2\/types\/post"}],"author":[{"embeddable":true,"href":"https:\/\/www.immobilienbusiness.ch\/it\/wp-json\/wp\/v2\/users\/3"}],"replies":[{"embeddable":true,"href":"https:\/\/www.immobilienbusiness.ch\/it\/wp-json\/wp\/v2\/comments?post=12689"}],"version-history":[{"count":0,"href":"https:\/\/www.immobilienbusiness.ch\/it\/wp-json\/wp\/v2\/posts\/12689\/revisions"}],"wp:featuredmedia":[{"embeddable":true,"href":"https:\/\/www.immobilienbusiness.ch\/it\/wp-json\/wp\/v2\/media\/12680"}],"wp:attachment":[{"href":"https:\/\/www.immobilienbusiness.ch\/it\/wp-json\/wp\/v2\/media?parent=12689"}],"wp:term":[{"taxonomy":"category","embeddable":true,"href":"https:\/\/www.immobilienbusiness.ch\/it\/wp-json\/wp\/v2\/categories?post=12689"},{"taxonomy":"post_tag","embeddable":true,"href":"https:\/\/www.immobilienbusiness.ch\/it\/wp-json\/wp\/v2\/tags?post=12689"}],"curies":[{"name":"wp","href":"https:\/\/api.w.org\/{rel}","templated":true}]}}