{"id":12448,"date":"2018-05-11T08:45:22","date_gmt":"2018-05-11T06:45:22","guid":{"rendered":"https:\/\/www.immobilienbusiness.ch\/?p=12448"},"modified":"2018-05-11T08:45:22","modified_gmt":"2018-05-11T06:45:22","slug":"pratteln-salina-raurica-ost-staedtebaulicher-studienauftrag","status":"publish","type":"post","link":"https:\/\/www.immobilienbusiness.ch\/it\/regionen\/2018-05-11\/pratteln-salina-raurica-ost-staedtebaulicher-studienauftrag\/","title":{"rendered":"Pratteln: Commissione di studio urbanistico per Salina Raurica Est"},"content":{"rendered":"<figure id=\"attachment_12186\" aria-describedby=\"caption-attachment-12186\" style=\"width: 680px\" class=\"wp-caption alignnone\"><img loading=\"lazy\" decoding=\"async\" class=\"size-medium wp-image-12186\" src=\"https:\/\/www.immobilienbusiness.ch\/wp-content\/uploads\/2018\/04\/Depositphotos_2662023_m-2015.jpg\" alt=\"\" width=\"680\" height=\"442\" srcset=\"https:\/\/www.immobilienbusiness.ch\/wp-content\/uploads\/2018\/04\/Depositphotos_2662023_m-2015.jpg 1000w, https:\/\/www.immobilienbusiness.ch\/wp-content\/uploads\/2018\/04\/Depositphotos_2662023_m-2015-300x195.jpg 300w, https:\/\/www.immobilienbusiness.ch\/wp-content\/uploads\/2018\/04\/Depositphotos_2662023_m-2015-768x499.jpg 768w, https:\/\/www.immobilienbusiness.ch\/wp-content\/uploads\/2018\/04\/Depositphotos_2662023_m-2015-16x10.jpg 16w, https:\/\/www.immobilienbusiness.ch\/wp-content\/uploads\/2018\/04\/Depositphotos_2662023_m-2015-269x175.jpg 269w, https:\/\/www.immobilienbusiness.ch\/wp-content\/uploads\/2018\/04\/Depositphotos_2662023_m-2015-538x350.jpg 538w, https:\/\/www.immobilienbusiness.ch\/wp-content\/uploads\/2018\/04\/Depositphotos_2662023_m-2015-920x598.jpg 920w\" sizes=\"auto, (max-width: 680px) 100vw, 680px\" \/><figcaption id=\"caption-attachment-12186\" class=\"wp-caption-text\">\u00c8 iniziata la prequalificazione per il contratto di studio Salina Raurica East (Fonte: davincidig - depositphotos)<\/figcaption><\/figure>\n<p>La commissione di studio Salina Raurica Ost sta cercando un progetto per un quartiere residenziale, commerciale e di servizi che colleghi l'area residenziale esistente all'area commerciale attraverso un parco, secondo Losinger Marazzi. L'obiettivo \u00e8 trasformare l'area in un quartiere ben integrato e misto.<\/p>\n<p>Il contratto di studio ha quindi l'obiettivo di produrre un concetto complessivo di sviluppo urbano, utilizzo e pianificazione degli spazi aperti, al fine di sviluppare ulteriormente l'area in modo coordinato e all'interno di un piano quadro. L'attuazione dello sviluppo urbano sar\u00e0 poi garantita da singoli piani di quartiere, secondo una dichiarazione congiunta di Losinger Marazzi, del Comune di Pratteln e del Cantone di Basilea Campagna.<\/p>\n<p>La futura struttura di utilizzo e sviluppo di Salina Raurica East sar\u00e0 sviluppata a partire dalla seconda met\u00e0 dell'anno da quattro gruppi interdisciplinari, attualmente in fase di selezione nell'ambito del processo di prequalificazione.<\/p>","protected":false},"excerpt":{"rendered":"<p>La realizzazione del nuovo quartiere Salina Raurica East a Pratten sta facendo un passo avanti. Attualmente si stanno selezionando squadre per elaborare la futura struttura di utilizzo e sviluppo dell'area nell'ambito di un incarico di studio urbanistico.<\/p>","protected":false},"author":3,"featured_media":12186,"comment_status":"open","ping_status":"open","sticky":false,"template":"","format":"standard","meta":{"_acf_changed":false,"_yoast_wpseo_focuskw":"Salina Raurica","_yoast_wpseo_title":"","_yoast_wpseo_metadesc":"Die Realisierung des neuen Quartiers Salina Raurica Ost in Pratten kommt einen Schritt weiter. Derzeit werden Teams ausgew\u00e4hlt, die im Rahmen eines st\u00e4dtebaulichen Studienauftrags die zuk\u00fcnftige Nutzungs- und Bebauungsstruktur des Gebiets erarbeiten sollen.","_yoast_wpseo_linkdex":66,"pgc_sgb_lightbox_settings":"","footnotes":""},"categories":[985],"tags":[1531,1592,1600,1629,1724],"class_list":["post-12448","post","type-post","status-publish","format-standard","has-post-thumbnail","hentry","category-regionen","tag-nordwest-schweiz","tag-pratteln","tag-projekt-in-planung","tag-regionen","tag-stadtentwicklung"],"acf":[],"yoast_head":"<!-- This site is optimized with the Yoast SEO plugin v27.4 - https:\/\/yoast.com\/product\/yoast-seo-wordpress\/ -->\n<title>Pratteln: St\u00e4dtebaulicher Studienauftrag f\u00fcr Salina Raurica Ost - IMMOBILIEN Business<\/title>\n<meta name=\"description\" content=\"Die Realisierung des neuen Quartiers Salina Raurica Ost in Pratten kommt einen Schritt weiter. Derzeit werden Teams ausgew\u00e4hlt, die im Rahmen eines st\u00e4dtebaulichen Studienauftrags die zuk\u00fcnftige Nutzungs- und Bebauungsstruktur des Gebiets erarbeiten sollen.\" \/>\n<meta name=\"robots\" content=\"index, follow, max-snippet:-1, max-image-preview:large, max-video-preview:-1\" \/>\n<link rel=\"canonical\" href=\"https:\/\/www.immobilienbusiness.ch\/it\/regionen\/2018-05-11\/pratteln-salina-raurica-ost-staedtebaulicher-studienauftrag\/\" \/>\n<meta property=\"og:locale\" content=\"it_IT\" \/>\n<meta property=\"og:type\" content=\"article\" \/>\n<meta property=\"og:title\" content=\"Pratteln: St\u00e4dtebaulicher Studienauftrag f\u00fcr Salina Raurica Ost - IMMOBILIEN Business\" \/>\n<meta property=\"og:description\" content=\"Die Realisierung des neuen Quartiers Salina Raurica Ost in Pratten kommt einen Schritt weiter. Derzeit werden Teams ausgew\u00e4hlt, die im Rahmen eines st\u00e4dtebaulichen Studienauftrags die zuk\u00fcnftige Nutzungs- und Bebauungsstruktur des Gebiets erarbeiten sollen.\" \/>\n<meta property=\"og:url\" content=\"https:\/\/www.immobilienbusiness.ch\/it\/regionen\/2018-05-11\/pratteln-salina-raurica-ost-staedtebaulicher-studienauftrag\/\" \/>\n<meta property=\"og:site_name\" content=\"IMMOBILIEN Business\" \/>\n<meta property=\"article:publisher\" content=\"https:\/\/www.facebook.com\/immobilienbusiness\/\" \/>\n<meta property=\"article:published_time\" content=\"2018-05-11T06:45:22+00:00\" \/>\n<meta property=\"og:image\" content=\"https:\/\/www.immobilienbusiness.ch\/wp-content\/uploads\/2018\/04\/Depositphotos_2662023_m-2015.jpg\" \/>\n\t<meta property=\"og:image:width\" content=\"1000\" \/>\n\t<meta property=\"og:image:height\" content=\"650\" \/>\n\t<meta property=\"og:image:type\" content=\"image\/jpeg\" \/>\n<meta name=\"author\" content=\"anja.hall\" \/>\n<meta name=\"twitter:card\" content=\"summary_large_image\" \/>\n<meta name=\"twitter:image\" content=\"https:\/\/www.immobilienbusiness.ch\/wp-content\/uploads\/2018\/04\/Depositphotos_2662023_m-2015.jpg\" \/>\n<script type=\"application\/ld+json\" class=\"yoast-schema-graph\">{\"@context\":\"https:\\\/\\\/schema.org\",\"@graph\":[{\"@type\":\"Article\",\"@id\":\"https:\\\/\\\/www.immobilienbusiness.ch\\\/en\\\/regionen\\\/2018-05-11\\\/pratteln-salina-raurica-ost-staedtebaulicher-studienauftrag\\\/#article\",\"isPartOf\":{\"@id\":\"https:\\\/\\\/www.immobilienbusiness.ch\\\/en\\\/regionen\\\/2018-05-11\\\/pratteln-salina-raurica-ost-staedtebaulicher-studienauftrag\\\/\"},\"author\":{\"name\":\"anja.hall\",\"@id\":\"https:\\\/\\\/www.immobilienbusiness.ch\\\/#\\\/schema\\\/person\\\/3fc036297b10b9f42d6db5ee932af8c8\"},\"headline\":\"Pratteln: St\u00e4dtebaulicher Studienauftrag f\u00fcr Salina Raurica Ost\",\"datePublished\":\"2018-05-11T06:45:22+00:00\",\"mainEntityOfPage\":{\"@id\":\"https:\\\/\\\/www.immobilienbusiness.ch\\\/en\\\/regionen\\\/2018-05-11\\\/pratteln-salina-raurica-ost-staedtebaulicher-studienauftrag\\\/\"},\"wordCount\":165,\"commentCount\":0,\"publisher\":{\"@id\":\"https:\\\/\\\/www.immobilienbusiness.ch\\\/#organization\"},\"image\":{\"@id\":\"https:\\\/\\\/www.immobilienbusiness.ch\\\/en\\\/regionen\\\/2018-05-11\\\/pratteln-salina-raurica-ost-staedtebaulicher-studienauftrag\\\/#primaryimage\"},\"thumbnailUrl\":\"https:\\\/\\\/www.immobilienbusiness.ch\\\/wp-content\\\/uploads\\\/2018\\\/04\\\/Depositphotos_2662023_m-2015.jpg\",\"keywords\":[\"Nordwest-Schweiz\",\"Pratteln\",\"Projekt in Planung\",\"Regionen\",\"Stadtentwicklung\"],\"articleSection\":[\"REGIONEN\"],\"inLanguage\":\"it-IT\"},{\"@type\":\"WebPage\",\"@id\":\"https:\\\/\\\/www.immobilienbusiness.ch\\\/en\\\/regionen\\\/2018-05-11\\\/pratteln-salina-raurica-ost-staedtebaulicher-studienauftrag\\\/\",\"url\":\"https:\\\/\\\/www.immobilienbusiness.ch\\\/en\\\/regionen\\\/2018-05-11\\\/pratteln-salina-raurica-ost-staedtebaulicher-studienauftrag\\\/\",\"name\":\"Pratteln: St\u00e4dtebaulicher Studienauftrag f\u00fcr Salina Raurica Ost - IMMOBILIEN Business\",\"isPartOf\":{\"@id\":\"https:\\\/\\\/www.immobilienbusiness.ch\\\/#website\"},\"primaryImageOfPage\":{\"@id\":\"https:\\\/\\\/www.immobilienbusiness.ch\\\/en\\\/regionen\\\/2018-05-11\\\/pratteln-salina-raurica-ost-staedtebaulicher-studienauftrag\\\/#primaryimage\"},\"image\":{\"@id\":\"https:\\\/\\\/www.immobilienbusiness.ch\\\/en\\\/regionen\\\/2018-05-11\\\/pratteln-salina-raurica-ost-staedtebaulicher-studienauftrag\\\/#primaryimage\"},\"thumbnailUrl\":\"https:\\\/\\\/www.immobilienbusiness.ch\\\/wp-content\\\/uploads\\\/2018\\\/04\\\/Depositphotos_2662023_m-2015.jpg\",\"datePublished\":\"2018-05-11T06:45:22+00:00\",\"description\":\"Die Realisierung des neuen Quartiers Salina Raurica Ost in Pratten kommt einen Schritt weiter. Derzeit werden Teams ausgew\u00e4hlt, die im Rahmen eines st\u00e4dtebaulichen Studienauftrags die zuk\u00fcnftige Nutzungs- und Bebauungsstruktur des Gebiets erarbeiten sollen.\",\"breadcrumb\":{\"@id\":\"https:\\\/\\\/www.immobilienbusiness.ch\\\/en\\\/regionen\\\/2018-05-11\\\/pratteln-salina-raurica-ost-staedtebaulicher-studienauftrag\\\/#breadcrumb\"},\"inLanguage\":\"it-IT\",\"potentialAction\":[{\"@type\":\"ReadAction\",\"target\":[\"https:\\\/\\\/www.immobilienbusiness.ch\\\/en\\\/regionen\\\/2018-05-11\\\/pratteln-salina-raurica-ost-staedtebaulicher-studienauftrag\\\/\"]}]},{\"@type\":\"ImageObject\",\"inLanguage\":\"it-IT\",\"@id\":\"https:\\\/\\\/www.immobilienbusiness.ch\\\/en\\\/regionen\\\/2018-05-11\\\/pratteln-salina-raurica-ost-staedtebaulicher-studienauftrag\\\/#primaryimage\",\"url\":\"https:\\\/\\\/www.immobilienbusiness.ch\\\/wp-content\\\/uploads\\\/2018\\\/04\\\/Depositphotos_2662023_m-2015.jpg\",\"contentUrl\":\"https:\\\/\\\/www.immobilienbusiness.ch\\\/wp-content\\\/uploads\\\/2018\\\/04\\\/Depositphotos_2662023_m-2015.jpg\",\"width\":1000,\"height\":650,\"caption\":\"(Quelle: davincidig - depositphotos)\"},{\"@type\":\"BreadcrumbList\",\"@id\":\"https:\\\/\\\/www.immobilienbusiness.ch\\\/en\\\/regionen\\\/2018-05-11\\\/pratteln-salina-raurica-ost-staedtebaulicher-studienauftrag\\\/#breadcrumb\",\"itemListElement\":[{\"@type\":\"ListItem\",\"position\":1,\"name\":\"Home\",\"item\":\"https:\\\/\\\/www.immobilienbusiness.ch\\\/\"},{\"@type\":\"ListItem\",\"position\":2,\"name\":\"Pratteln: St\u00e4dtebaulicher Studienauftrag f\u00fcr Salina Raurica Ost\"}]},{\"@type\":\"WebSite\",\"@id\":\"https:\\\/\\\/www.immobilienbusiness.ch\\\/#website\",\"url\":\"https:\\\/\\\/www.immobilienbusiness.ch\\\/\",\"name\":\"IMMOBILIEN Business\",\"description\":\"Unabh\u00e4ngiges Schweizer Wirtschaftsmagazin mit Fokus auf Immobilien, Architektur- und Bau sowie Investment- und Finanzierung.\",\"publisher\":{\"@id\":\"https:\\\/\\\/www.immobilienbusiness.ch\\\/#organization\"},\"potentialAction\":[{\"@type\":\"SearchAction\",\"target\":{\"@type\":\"EntryPoint\",\"urlTemplate\":\"https:\\\/\\\/www.immobilienbusiness.ch\\\/?s={search_term_string}\"},\"query-input\":{\"@type\":\"PropertyValueSpecification\",\"valueRequired\":true,\"valueName\":\"search_term_string\"}}],\"inLanguage\":\"it-IT\"},{\"@type\":\"Organization\",\"@id\":\"https:\\\/\\\/www.immobilienbusiness.ch\\\/#organization\",\"name\":\"IMMOBILIEN Business\",\"url\":\"https:\\\/\\\/www.immobilienbusiness.ch\\\/\",\"logo\":{\"@type\":\"ImageObject\",\"inLanguage\":\"it-IT\",\"@id\":\"https:\\\/\\\/www.immobilienbusiness.ch\\\/#\\\/schema\\\/logo\\\/image\\\/\",\"url\":\"https:\\\/\\\/www.immobilienbusiness.ch\\\/wp-content\\\/uploads\\\/2021\\\/07\\\/logo_ib.png\",\"contentUrl\":\"https:\\\/\\\/www.immobilienbusiness.ch\\\/wp-content\\\/uploads\\\/2021\\\/07\\\/logo_ib.png\",\"width\":800,\"height\":181,\"caption\":\"IMMOBILIEN Business\"},\"image\":{\"@id\":\"https:\\\/\\\/www.immobilienbusiness.ch\\\/#\\\/schema\\\/logo\\\/image\\\/\"},\"sameAs\":[\"https:\\\/\\\/www.facebook.com\\\/immobilienbusiness\\\/\"]},{\"@type\":\"Person\",\"@id\":\"https:\\\/\\\/www.immobilienbusiness.ch\\\/#\\\/schema\\\/person\\\/3fc036297b10b9f42d6db5ee932af8c8\",\"name\":\"anja.hall\",\"image\":{\"@type\":\"ImageObject\",\"inLanguage\":\"it-IT\",\"@id\":\"https:\\\/\\\/secure.gravatar.com\\\/avatar\\\/066b5a0d447013502c71a5782f4f3469f03cfe595cc2329fb94652fe47511bfb?s=96&d=mm&r=g\",\"url\":\"https:\\\/\\\/secure.gravatar.com\\\/avatar\\\/066b5a0d447013502c71a5782f4f3469f03cfe595cc2329fb94652fe47511bfb?s=96&d=mm&r=g\",\"contentUrl\":\"https:\\\/\\\/secure.gravatar.com\\\/avatar\\\/066b5a0d447013502c71a5782f4f3469f03cfe595cc2329fb94652fe47511bfb?s=96&d=mm&r=g\",\"caption\":\"anja.hall\"},\"url\":\"https:\\\/\\\/www.immobilienbusiness.ch\\\/it\\\/author\\\/anja-hall\\\/\"}]}<\/script>\n<!-- \/ Yoast SEO plugin. -->","yoast_head_json":{"title":"Pratteln: Contratto di studio urbanistico per Salina Raurica Est - IMMOBILIEN Business","description":"La realizzazione del nuovo quartiere Salina Raurica East a Pratten sta facendo un passo avanti. Attualmente si stanno selezionando squadre per elaborare la futura struttura di utilizzo e sviluppo dell'area nell'ambito di un incarico di studio urbanistico.","robots":{"index":"index","follow":"follow","max-snippet":"max-snippet:-1","max-image-preview":"max-image-preview:large","max-video-preview":"max-video-preview:-1"},"canonical":"https:\/\/www.immobilienbusiness.ch\/it\/regionen\/2018-05-11\/pratteln-salina-raurica-ost-staedtebaulicher-studienauftrag\/","og_locale":"it_IT","og_type":"article","og_title":"Pratteln: St\u00e4dtebaulicher Studienauftrag f\u00fcr Salina Raurica Ost - IMMOBILIEN Business","og_description":"Die Realisierung des neuen Quartiers Salina Raurica Ost in Pratten kommt einen Schritt weiter. Derzeit werden Teams ausgew\u00e4hlt, die im Rahmen eines st\u00e4dtebaulichen Studienauftrags die zuk\u00fcnftige Nutzungs- und Bebauungsstruktur des Gebiets erarbeiten sollen.","og_url":"https:\/\/www.immobilienbusiness.ch\/it\/regionen\/2018-05-11\/pratteln-salina-raurica-ost-staedtebaulicher-studienauftrag\/","og_site_name":"IMMOBILIEN Business","article_publisher":"https:\/\/www.facebook.com\/immobilienbusiness\/","article_published_time":"2018-05-11T06:45:22+00:00","og_image":[{"width":1000,"height":650,"url":"https:\/\/www.immobilienbusiness.ch\/wp-content\/uploads\/2018\/04\/Depositphotos_2662023_m-2015.jpg","type":"image\/jpeg"}],"author":"anja.hall","twitter_card":"summary_large_image","twitter_image":"https:\/\/www.immobilienbusiness.ch\/wp-content\/uploads\/2018\/04\/Depositphotos_2662023_m-2015.jpg","schema":{"@context":"https:\/\/schema.org","@graph":[{"@type":"Article","@id":"https:\/\/www.immobilienbusiness.ch\/en\/regionen\/2018-05-11\/pratteln-salina-raurica-ost-staedtebaulicher-studienauftrag\/#article","isPartOf":{"@id":"https:\/\/www.immobilienbusiness.ch\/en\/regionen\/2018-05-11\/pratteln-salina-raurica-ost-staedtebaulicher-studienauftrag\/"},"author":{"name":"anja.hall","@id":"https:\/\/www.immobilienbusiness.ch\/#\/schema\/person\/3fc036297b10b9f42d6db5ee932af8c8"},"headline":"Pratteln: St\u00e4dtebaulicher Studienauftrag f\u00fcr Salina Raurica Ost","datePublished":"2018-05-11T06:45:22+00:00","mainEntityOfPage":{"@id":"https:\/\/www.immobilienbusiness.ch\/en\/regionen\/2018-05-11\/pratteln-salina-raurica-ost-staedtebaulicher-studienauftrag\/"},"wordCount":165,"commentCount":0,"publisher":{"@id":"https:\/\/www.immobilienbusiness.ch\/#organization"},"image":{"@id":"https:\/\/www.immobilienbusiness.ch\/en\/regionen\/2018-05-11\/pratteln-salina-raurica-ost-staedtebaulicher-studienauftrag\/#primaryimage"},"thumbnailUrl":"https:\/\/www.immobilienbusiness.ch\/wp-content\/uploads\/2018\/04\/Depositphotos_2662023_m-2015.jpg","keywords":["Nordwest-Schweiz","Pratteln","Projekt in Planung","Regionen","Stadtentwicklung"],"articleSection":["REGIONEN"],"inLanguage":"it-IT"},{"@type":"WebPage","@id":"https:\/\/www.immobilienbusiness.ch\/en\/regionen\/2018-05-11\/pratteln-salina-raurica-ost-staedtebaulicher-studienauftrag\/","url":"https:\/\/www.immobilienbusiness.ch\/en\/regionen\/2018-05-11\/pratteln-salina-raurica-ost-staedtebaulicher-studienauftrag\/","name":"Pratteln: Contratto di studio urbanistico per Salina Raurica Est - IMMOBILIEN Business","isPartOf":{"@id":"https:\/\/www.immobilienbusiness.ch\/#website"},"primaryImageOfPage":{"@id":"https:\/\/www.immobilienbusiness.ch\/en\/regionen\/2018-05-11\/pratteln-salina-raurica-ost-staedtebaulicher-studienauftrag\/#primaryimage"},"image":{"@id":"https:\/\/www.immobilienbusiness.ch\/en\/regionen\/2018-05-11\/pratteln-salina-raurica-ost-staedtebaulicher-studienauftrag\/#primaryimage"},"thumbnailUrl":"https:\/\/www.immobilienbusiness.ch\/wp-content\/uploads\/2018\/04\/Depositphotos_2662023_m-2015.jpg","datePublished":"2018-05-11T06:45:22+00:00","description":"La realizzazione del nuovo quartiere Salina Raurica East a Pratten sta facendo un passo avanti. Attualmente si stanno selezionando squadre per elaborare la futura struttura di utilizzo e sviluppo dell'area nell'ambito di un incarico di studio urbanistico.","breadcrumb":{"@id":"https:\/\/www.immobilienbusiness.ch\/en\/regionen\/2018-05-11\/pratteln-salina-raurica-ost-staedtebaulicher-studienauftrag\/#breadcrumb"},"inLanguage":"it-IT","potentialAction":[{"@type":"ReadAction","target":["https:\/\/www.immobilienbusiness.ch\/en\/regionen\/2018-05-11\/pratteln-salina-raurica-ost-staedtebaulicher-studienauftrag\/"]}]},{"@type":"ImageObject","inLanguage":"it-IT","@id":"https:\/\/www.immobilienbusiness.ch\/en\/regionen\/2018-05-11\/pratteln-salina-raurica-ost-staedtebaulicher-studienauftrag\/#primaryimage","url":"https:\/\/www.immobilienbusiness.ch\/wp-content\/uploads\/2018\/04\/Depositphotos_2662023_m-2015.jpg","contentUrl":"https:\/\/www.immobilienbusiness.ch\/wp-content\/uploads\/2018\/04\/Depositphotos_2662023_m-2015.jpg","width":1000,"height":650,"caption":"(Quelle: davincidig - depositphotos)"},{"@type":"BreadcrumbList","@id":"https:\/\/www.immobilienbusiness.ch\/en\/regionen\/2018-05-11\/pratteln-salina-raurica-ost-staedtebaulicher-studienauftrag\/#breadcrumb","itemListElement":[{"@type":"ListItem","position":1,"name":"Home","item":"https:\/\/www.immobilienbusiness.ch\/"},{"@type":"ListItem","position":2,"name":"Pratteln: St\u00e4dtebaulicher Studienauftrag f\u00fcr Salina Raurica Ost"}]},{"@type":"WebSite","@id":"https:\/\/www.immobilienbusiness.ch\/#website","url":"https:\/\/www.immobilienbusiness.ch\/","name":"Affari immobiliari","description":"Rivista economica indipendente svizzera che si concentra sul settore immobiliare, l'architettura e la costruzione, nonch\u00e9 sugli investimenti e i finanziamenti.","publisher":{"@id":"https:\/\/www.immobilienbusiness.ch\/#organization"},"potentialAction":[{"@type":"SearchAction","target":{"@type":"EntryPoint","urlTemplate":"https:\/\/www.immobilienbusiness.ch\/?s={search_term_string}"},"query-input":{"@type":"PropertyValueSpecification","valueRequired":true,"valueName":"search_term_string"}}],"inLanguage":"it-IT"},{"@type":"Organization","@id":"https:\/\/www.immobilienbusiness.ch\/#organization","name":"Affari immobiliari","url":"https:\/\/www.immobilienbusiness.ch\/","logo":{"@type":"ImageObject","inLanguage":"it-IT","@id":"https:\/\/www.immobilienbusiness.ch\/#\/schema\/logo\/image\/","url":"https:\/\/www.immobilienbusiness.ch\/wp-content\/uploads\/2021\/07\/logo_ib.png","contentUrl":"https:\/\/www.immobilienbusiness.ch\/wp-content\/uploads\/2021\/07\/logo_ib.png","width":800,"height":181,"caption":"IMMOBILIEN Business"},"image":{"@id":"https:\/\/www.immobilienbusiness.ch\/#\/schema\/logo\/image\/"},"sameAs":["https:\/\/www.facebook.com\/immobilienbusiness\/"]},{"@type":"Person","@id":"https:\/\/www.immobilienbusiness.ch\/#\/schema\/person\/3fc036297b10b9f42d6db5ee932af8c8","name":"anja.hall","image":{"@type":"ImageObject","inLanguage":"it-IT","@id":"https:\/\/secure.gravatar.com\/avatar\/066b5a0d447013502c71a5782f4f3469f03cfe595cc2329fb94652fe47511bfb?s=96&d=mm&r=g","url":"https:\/\/secure.gravatar.com\/avatar\/066b5a0d447013502c71a5782f4f3469f03cfe595cc2329fb94652fe47511bfb?s=96&d=mm&r=g","contentUrl":"https:\/\/secure.gravatar.com\/avatar\/066b5a0d447013502c71a5782f4f3469f03cfe595cc2329fb94652fe47511bfb?s=96&d=mm&r=g","caption":"anja.hall"},"url":"https:\/\/www.immobilienbusiness.ch\/it\/author\/anja-hall\/"}]}},"_links":{"self":[{"href":"https:\/\/www.immobilienbusiness.ch\/it\/wp-json\/wp\/v2\/posts\/12448","targetHints":{"allow":["GET"]}}],"collection":[{"href":"https:\/\/www.immobilienbusiness.ch\/it\/wp-json\/wp\/v2\/posts"}],"about":[{"href":"https:\/\/www.immobilienbusiness.ch\/it\/wp-json\/wp\/v2\/types\/post"}],"author":[{"embeddable":true,"href":"https:\/\/www.immobilienbusiness.ch\/it\/wp-json\/wp\/v2\/users\/3"}],"replies":[{"embeddable":true,"href":"https:\/\/www.immobilienbusiness.ch\/it\/wp-json\/wp\/v2\/comments?post=12448"}],"version-history":[{"count":0,"href":"https:\/\/www.immobilienbusiness.ch\/it\/wp-json\/wp\/v2\/posts\/12448\/revisions"}],"wp:featuredmedia":[{"embeddable":true,"href":"https:\/\/www.immobilienbusiness.ch\/it\/wp-json\/wp\/v2\/media\/12186"}],"wp:attachment":[{"href":"https:\/\/www.immobilienbusiness.ch\/it\/wp-json\/wp\/v2\/media?parent=12448"}],"wp:term":[{"taxonomy":"category","embeddable":true,"href":"https:\/\/www.immobilienbusiness.ch\/it\/wp-json\/wp\/v2\/categories?post=12448"},{"taxonomy":"post_tag","embeddable":true,"href":"https:\/\/www.immobilienbusiness.ch\/it\/wp-json\/wp\/v2\/tags?post=12448"}],"curies":[{"name":"wp","href":"https:\/\/api.w.org\/{rel}","templated":true}]}}