{"id":12208,"date":"2018-05-09T08:26:37","date_gmt":"2018-05-09T06:26:37","guid":{"rendered":"https:\/\/www.immobilienbusiness.ch\/?p=12208"},"modified":"2018-05-09T08:26:37","modified_gmt":"2018-05-09T06:26:37","slug":"orascom-gv-genehmigt-nennwertreduktion-der-aktien","status":"publish","type":"post","link":"https:\/\/www.immobilienbusiness.ch\/it\/unternehmen\/2018-05-09\/orascom-gv-genehmigt-nennwertreduktion-der-aktien\/","title":{"rendered":"Orascom: l'AGM approva la riduzione del valore nominale delle azioni"},"content":{"rendered":"<figure id=\"attachment_11549\" aria-describedby=\"caption-attachment-11549\" style=\"width: 680px\" class=\"wp-caption alignnone\"><img loading=\"lazy\" decoding=\"async\" class=\"wp-image-11549 size-medium\" src=\"https:\/\/www.immobilienbusiness.ch\/wp-content\/uploads\/2018\/03\/IB_News_02032018_Intershop-erh\u00f6ht-Dividende_IMMOBILIEN-Business.jpg\" alt=\"\" width=\"680\" height=\"510\" \/><figcaption id=\"caption-attachment-11549\" class=\"wp-caption-text\">L'Assemblea generale di Orascom Development Holding approva una riduzione del valore nominale delle azioni (Immagine. depositphotos)<\/figcaption><\/figure>\n<p>Secondo la societ\u00e0, 233 azionisti hanno partecipato all'assemblea generale dello sviluppatore immobiliare Orascom, che ha approvato tutte le mozioni del consiglio di amministrazione con una \"chiara maggioranza\".<\/p>\n<p>Gli azionisti hanno quindi deciso di ridurre il valore nominale delle azioni Orascom da 23,20 a 5,00 franchi per azione. Tuttavia, non ci sar\u00e0 alcuna distribuzione agli azionisti. L'importo della riduzione, pari a circa 735,5 milioni di franchi svizzeri, sar\u00e0 assegnato alle riserve di capitale della societ\u00e0, ha annunciato Orascom.<\/p>\n<p>Nell'invito all'Assemblea generale, il passo \u00e8 stato giustificato dal fatto che il prezzo dell'azione era ancora inferiore al valore nominale di 23,20 franchi svizzeri, nonostante il significativo aumento del prezzo negli ultimi mesi. Poich\u00e9 un'emissione di azioni al di sotto del valore nominale non era legalmente consentita, il CdA ha voluto ridurre il valore nominale a CHF 5,00 \"al fine di facilitare una potenziale emissione di azioni, qualora tale emissione fosse necessaria in futuro\".<\/p>","protected":false},"excerpt":{"rendered":"<p>L'Assemblea generale annuale (AGM) di Orascom Development Holding dell'8 maggio ha approvato tutte le proposte del Consiglio di amministrazione, in particolare la riduzione del valore nominale delle azioni.<\/p>","protected":false},"author":3,"featured_media":11549,"comment_status":"open","ping_status":"open","sticky":false,"template":"","format":"standard","meta":{"_acf_changed":false,"_yoast_wpseo_focuskw":"Orascom","_yoast_wpseo_title":"","_yoast_wpseo_metadesc":"Die Generalversammlung (GV) der Orascom Development Holding vom 8. Mai hat alle Antr\u00e4ge des Verwaltungsrates genehmigt, insbesondere die Herabsetzung des Nennwerts der Aktien.","_yoast_wpseo_linkdex":41,"pgc_sgb_lightbox_settings":"","footnotes":""},"categories":[988],"tags":[1010,1544,1807],"class_list":["post-12208","post","type-post","status-publish","format-standard","has-post-thumbnail","hentry","category-unternehmen","tag-aktien","tag-orascom","tag-unternehmen"],"acf":[],"yoast_head":"<!-- This site is optimized with the Yoast SEO plugin v27.4 - https:\/\/yoast.com\/product\/yoast-seo-wordpress\/ -->\n<title>Orascom: GV genehmigt Nennwertreduktion der Aktien - IMMOBILIEN Business<\/title>\n<meta name=\"description\" content=\"Die Generalversammlung (GV) der Orascom Development Holding vom 8. Mai hat alle Antr\u00e4ge des Verwaltungsrates genehmigt, insbesondere die Herabsetzung des Nennwerts der Aktien.\" \/>\n<meta name=\"robots\" content=\"index, follow, max-snippet:-1, max-image-preview:large, max-video-preview:-1\" \/>\n<link rel=\"canonical\" href=\"https:\/\/www.immobilienbusiness.ch\/it\/unternehmen\/2018-05-09\/orascom-gv-genehmigt-nennwertreduktion-der-aktien\/\" \/>\n<meta property=\"og:locale\" content=\"it_IT\" \/>\n<meta property=\"og:type\" content=\"article\" \/>\n<meta property=\"og:title\" content=\"Orascom: GV genehmigt Nennwertreduktion der Aktien - IMMOBILIEN Business\" \/>\n<meta property=\"og:description\" content=\"Die Generalversammlung (GV) der Orascom Development Holding vom 8. Mai hat alle Antr\u00e4ge des Verwaltungsrates genehmigt, insbesondere die Herabsetzung des Nennwerts der Aktien.\" \/>\n<meta property=\"og:url\" content=\"https:\/\/www.immobilienbusiness.ch\/it\/unternehmen\/2018-05-09\/orascom-gv-genehmigt-nennwertreduktion-der-aktien\/\" \/>\n<meta property=\"og:site_name\" content=\"IMMOBILIEN Business\" \/>\n<meta property=\"article:publisher\" content=\"https:\/\/www.facebook.com\/immobilienbusiness\/\" \/>\n<meta property=\"article:published_time\" content=\"2018-05-09T06:26:37+00:00\" \/>\n<meta property=\"og:image\" content=\"https:\/\/www.immobilienbusiness.ch\/wp-content\/uploads\/2018\/03\/IB_News_02032018_Intershop-erhoeht-Dividende_IMMOBILIEN-Business-1024x768.jpg\" \/>\n\t<meta property=\"og:image:width\" content=\"1024\" \/>\n\t<meta property=\"og:image:height\" content=\"768\" \/>\n\t<meta property=\"og:image:type\" content=\"image\/jpeg\" \/>\n<meta name=\"author\" content=\"anja.hall\" \/>\n<meta name=\"twitter:card\" content=\"summary_large_image\" \/>\n<meta name=\"twitter:image\" content=\"https:\/\/www.immobilienbusiness.ch\/wp-content\/uploads\/2018\/03\/IB_News_02032018_Intershop-erh\u00f6ht-Dividende_IMMOBILIEN-Business.jpg\" \/>\n<script type=\"application\/ld+json\" class=\"yoast-schema-graph\">{\"@context\":\"https:\\\/\\\/schema.org\",\"@graph\":[{\"@type\":\"Article\",\"@id\":\"https:\\\/\\\/www.immobilienbusiness.ch\\\/it\\\/unternehmen\\\/2018-05-09\\\/orascom-gv-genehmigt-nennwertreduktion-der-aktien\\\/#article\",\"isPartOf\":{\"@id\":\"https:\\\/\\\/www.immobilienbusiness.ch\\\/it\\\/unternehmen\\\/2018-05-09\\\/orascom-gv-genehmigt-nennwertreduktion-der-aktien\\\/\"},\"author\":{\"name\":\"anja.hall\",\"@id\":\"https:\\\/\\\/www.immobilienbusiness.ch\\\/#\\\/schema\\\/person\\\/3fc036297b10b9f42d6db5ee932af8c8\"},\"headline\":\"Orascom: GV genehmigt Nennwertreduktion der Aktien\",\"datePublished\":\"2018-05-09T06:26:37+00:00\",\"mainEntityOfPage\":{\"@id\":\"https:\\\/\\\/www.immobilienbusiness.ch\\\/it\\\/unternehmen\\\/2018-05-09\\\/orascom-gv-genehmigt-nennwertreduktion-der-aktien\\\/\"},\"wordCount\":162,\"commentCount\":0,\"publisher\":{\"@id\":\"https:\\\/\\\/www.immobilienbusiness.ch\\\/#organization\"},\"image\":{\"@id\":\"https:\\\/\\\/www.immobilienbusiness.ch\\\/it\\\/unternehmen\\\/2018-05-09\\\/orascom-gv-genehmigt-nennwertreduktion-der-aktien\\\/#primaryimage\"},\"thumbnailUrl\":\"https:\\\/\\\/www.immobilienbusiness.ch\\\/wp-content\\\/uploads\\\/2018\\\/03\\\/IB_News_02032018_Intershop-erhoeht-Dividende_IMMOBILIEN-Business.jpg\",\"keywords\":[\"Aktien\",\"Orascom\",\"Unternehmen\"],\"articleSection\":[\"UNTERNEHMEN\"],\"inLanguage\":\"it-IT\"},{\"@type\":\"WebPage\",\"@id\":\"https:\\\/\\\/www.immobilienbusiness.ch\\\/it\\\/unternehmen\\\/2018-05-09\\\/orascom-gv-genehmigt-nennwertreduktion-der-aktien\\\/\",\"url\":\"https:\\\/\\\/www.immobilienbusiness.ch\\\/it\\\/unternehmen\\\/2018-05-09\\\/orascom-gv-genehmigt-nennwertreduktion-der-aktien\\\/\",\"name\":\"Orascom: GV genehmigt Nennwertreduktion der Aktien - IMMOBILIEN Business\",\"isPartOf\":{\"@id\":\"https:\\\/\\\/www.immobilienbusiness.ch\\\/#website\"},\"primaryImageOfPage\":{\"@id\":\"https:\\\/\\\/www.immobilienbusiness.ch\\\/it\\\/unternehmen\\\/2018-05-09\\\/orascom-gv-genehmigt-nennwertreduktion-der-aktien\\\/#primaryimage\"},\"image\":{\"@id\":\"https:\\\/\\\/www.immobilienbusiness.ch\\\/it\\\/unternehmen\\\/2018-05-09\\\/orascom-gv-genehmigt-nennwertreduktion-der-aktien\\\/#primaryimage\"},\"thumbnailUrl\":\"https:\\\/\\\/www.immobilienbusiness.ch\\\/wp-content\\\/uploads\\\/2018\\\/03\\\/IB_News_02032018_Intershop-erhoeht-Dividende_IMMOBILIEN-Business.jpg\",\"datePublished\":\"2018-05-09T06:26:37+00:00\",\"description\":\"Die Generalversammlung (GV) der Orascom Development Holding vom 8. Mai hat alle Antr\u00e4ge des Verwaltungsrates genehmigt, insbesondere die Herabsetzung des Nennwerts der Aktien.\",\"breadcrumb\":{\"@id\":\"https:\\\/\\\/www.immobilienbusiness.ch\\\/it\\\/unternehmen\\\/2018-05-09\\\/orascom-gv-genehmigt-nennwertreduktion-der-aktien\\\/#breadcrumb\"},\"inLanguage\":\"it-IT\",\"potentialAction\":[{\"@type\":\"ReadAction\",\"target\":[\"https:\\\/\\\/www.immobilienbusiness.ch\\\/it\\\/unternehmen\\\/2018-05-09\\\/orascom-gv-genehmigt-nennwertreduktion-der-aktien\\\/\"]}]},{\"@type\":\"ImageObject\",\"inLanguage\":\"it-IT\",\"@id\":\"https:\\\/\\\/www.immobilienbusiness.ch\\\/it\\\/unternehmen\\\/2018-05-09\\\/orascom-gv-genehmigt-nennwertreduktion-der-aktien\\\/#primaryimage\",\"url\":\"https:\\\/\\\/www.immobilienbusiness.ch\\\/wp-content\\\/uploads\\\/2018\\\/03\\\/IB_News_02032018_Intershop-erhoeht-Dividende_IMMOBILIEN-Business.jpg\",\"contentUrl\":\"https:\\\/\\\/www.immobilienbusiness.ch\\\/wp-content\\\/uploads\\\/2018\\\/03\\\/IB_News_02032018_Intershop-erhoeht-Dividende_IMMOBILIEN-Business.jpg\",\"width\":2560,\"height\":1920},{\"@type\":\"BreadcrumbList\",\"@id\":\"https:\\\/\\\/www.immobilienbusiness.ch\\\/it\\\/unternehmen\\\/2018-05-09\\\/orascom-gv-genehmigt-nennwertreduktion-der-aktien\\\/#breadcrumb\",\"itemListElement\":[{\"@type\":\"ListItem\",\"position\":1,\"name\":\"Home\",\"item\":\"https:\\\/\\\/www.immobilienbusiness.ch\\\/\"},{\"@type\":\"ListItem\",\"position\":2,\"name\":\"Orascom: GV genehmigt Nennwertreduktion der Aktien\"}]},{\"@type\":\"WebSite\",\"@id\":\"https:\\\/\\\/www.immobilienbusiness.ch\\\/#website\",\"url\":\"https:\\\/\\\/www.immobilienbusiness.ch\\\/\",\"name\":\"IMMOBILIEN Business\",\"description\":\"Unabh\u00e4ngiges Schweizer Wirtschaftsmagazin mit Fokus auf Immobilien, Architektur- und Bau sowie Investment- und Finanzierung.\",\"publisher\":{\"@id\":\"https:\\\/\\\/www.immobilienbusiness.ch\\\/#organization\"},\"potentialAction\":[{\"@type\":\"SearchAction\",\"target\":{\"@type\":\"EntryPoint\",\"urlTemplate\":\"https:\\\/\\\/www.immobilienbusiness.ch\\\/?s={search_term_string}\"},\"query-input\":{\"@type\":\"PropertyValueSpecification\",\"valueRequired\":true,\"valueName\":\"search_term_string\"}}],\"inLanguage\":\"it-IT\"},{\"@type\":\"Organization\",\"@id\":\"https:\\\/\\\/www.immobilienbusiness.ch\\\/#organization\",\"name\":\"IMMOBILIEN Business\",\"url\":\"https:\\\/\\\/www.immobilienbusiness.ch\\\/\",\"logo\":{\"@type\":\"ImageObject\",\"inLanguage\":\"it-IT\",\"@id\":\"https:\\\/\\\/www.immobilienbusiness.ch\\\/#\\\/schema\\\/logo\\\/image\\\/\",\"url\":\"https:\\\/\\\/www.immobilienbusiness.ch\\\/wp-content\\\/uploads\\\/2021\\\/07\\\/logo_ib.png\",\"contentUrl\":\"https:\\\/\\\/www.immobilienbusiness.ch\\\/wp-content\\\/uploads\\\/2021\\\/07\\\/logo_ib.png\",\"width\":800,\"height\":181,\"caption\":\"IMMOBILIEN Business\"},\"image\":{\"@id\":\"https:\\\/\\\/www.immobilienbusiness.ch\\\/#\\\/schema\\\/logo\\\/image\\\/\"},\"sameAs\":[\"https:\\\/\\\/www.facebook.com\\\/immobilienbusiness\\\/\"]},{\"@type\":\"Person\",\"@id\":\"https:\\\/\\\/www.immobilienbusiness.ch\\\/#\\\/schema\\\/person\\\/3fc036297b10b9f42d6db5ee932af8c8\",\"name\":\"anja.hall\",\"image\":{\"@type\":\"ImageObject\",\"inLanguage\":\"it-IT\",\"@id\":\"https:\\\/\\\/secure.gravatar.com\\\/avatar\\\/066b5a0d447013502c71a5782f4f3469f03cfe595cc2329fb94652fe47511bfb?s=96&d=mm&r=g\",\"url\":\"https:\\\/\\\/secure.gravatar.com\\\/avatar\\\/066b5a0d447013502c71a5782f4f3469f03cfe595cc2329fb94652fe47511bfb?s=96&d=mm&r=g\",\"contentUrl\":\"https:\\\/\\\/secure.gravatar.com\\\/avatar\\\/066b5a0d447013502c71a5782f4f3469f03cfe595cc2329fb94652fe47511bfb?s=96&d=mm&r=g\",\"caption\":\"anja.hall\"},\"url\":\"https:\\\/\\\/www.immobilienbusiness.ch\\\/it\\\/author\\\/anja-hall\\\/\"}]}<\/script>\n<!-- \/ Yoast SEO plugin. -->","yoast_head_json":{"title":"Orascom: GV genehmigt Nennwertreduktion der Aktien - IMMOBILIEN Business","description":"L'Assemblea generale annuale (AGM) di Orascom Development Holding dell'8 maggio ha approvato tutte le proposte del Consiglio di amministrazione, in particolare la riduzione del valore nominale delle azioni.","robots":{"index":"index","follow":"follow","max-snippet":"max-snippet:-1","max-image-preview":"max-image-preview:large","max-video-preview":"max-video-preview:-1"},"canonical":"https:\/\/www.immobilienbusiness.ch\/it\/unternehmen\/2018-05-09\/orascom-gv-genehmigt-nennwertreduktion-der-aktien\/","og_locale":"it_IT","og_type":"article","og_title":"Orascom: GV genehmigt Nennwertreduktion der Aktien - IMMOBILIEN Business","og_description":"Die Generalversammlung (GV) der Orascom Development Holding vom 8. Mai hat alle Antr\u00e4ge des Verwaltungsrates genehmigt, insbesondere die Herabsetzung des Nennwerts der Aktien.","og_url":"https:\/\/www.immobilienbusiness.ch\/it\/unternehmen\/2018-05-09\/orascom-gv-genehmigt-nennwertreduktion-der-aktien\/","og_site_name":"IMMOBILIEN Business","article_publisher":"https:\/\/www.facebook.com\/immobilienbusiness\/","article_published_time":"2018-05-09T06:26:37+00:00","og_image":[{"width":1024,"height":768,"url":"https:\/\/www.immobilienbusiness.ch\/wp-content\/uploads\/2018\/03\/IB_News_02032018_Intershop-erhoeht-Dividende_IMMOBILIEN-Business-1024x768.jpg","type":"image\/jpeg"}],"author":"anja.hall","twitter_card":"summary_large_image","twitter_image":"https:\/\/www.immobilienbusiness.ch\/wp-content\/uploads\/2018\/03\/IB_News_02032018_Intershop-erh\u00f6ht-Dividende_IMMOBILIEN-Business.jpg","schema":{"@context":"https:\/\/schema.org","@graph":[{"@type":"Article","@id":"https:\/\/www.immobilienbusiness.ch\/it\/unternehmen\/2018-05-09\/orascom-gv-genehmigt-nennwertreduktion-der-aktien\/#article","isPartOf":{"@id":"https:\/\/www.immobilienbusiness.ch\/it\/unternehmen\/2018-05-09\/orascom-gv-genehmigt-nennwertreduktion-der-aktien\/"},"author":{"name":"anja.hall","@id":"https:\/\/www.immobilienbusiness.ch\/#\/schema\/person\/3fc036297b10b9f42d6db5ee932af8c8"},"headline":"Orascom: GV genehmigt Nennwertreduktion der Aktien","datePublished":"2018-05-09T06:26:37+00:00","mainEntityOfPage":{"@id":"https:\/\/www.immobilienbusiness.ch\/it\/unternehmen\/2018-05-09\/orascom-gv-genehmigt-nennwertreduktion-der-aktien\/"},"wordCount":162,"commentCount":0,"publisher":{"@id":"https:\/\/www.immobilienbusiness.ch\/#organization"},"image":{"@id":"https:\/\/www.immobilienbusiness.ch\/it\/unternehmen\/2018-05-09\/orascom-gv-genehmigt-nennwertreduktion-der-aktien\/#primaryimage"},"thumbnailUrl":"https:\/\/www.immobilienbusiness.ch\/wp-content\/uploads\/2018\/03\/IB_News_02032018_Intershop-erhoeht-Dividende_IMMOBILIEN-Business.jpg","keywords":["Aktien","Orascom","Unternehmen"],"articleSection":["UNTERNEHMEN"],"inLanguage":"it-IT"},{"@type":"WebPage","@id":"https:\/\/www.immobilienbusiness.ch\/it\/unternehmen\/2018-05-09\/orascom-gv-genehmigt-nennwertreduktion-der-aktien\/","url":"https:\/\/www.immobilienbusiness.ch\/it\/unternehmen\/2018-05-09\/orascom-gv-genehmigt-nennwertreduktion-der-aktien\/","name":"Orascom: GV genehmigt Nennwertreduktion der Aktien - IMMOBILIEN Business","isPartOf":{"@id":"https:\/\/www.immobilienbusiness.ch\/#website"},"primaryImageOfPage":{"@id":"https:\/\/www.immobilienbusiness.ch\/it\/unternehmen\/2018-05-09\/orascom-gv-genehmigt-nennwertreduktion-der-aktien\/#primaryimage"},"image":{"@id":"https:\/\/www.immobilienbusiness.ch\/it\/unternehmen\/2018-05-09\/orascom-gv-genehmigt-nennwertreduktion-der-aktien\/#primaryimage"},"thumbnailUrl":"https:\/\/www.immobilienbusiness.ch\/wp-content\/uploads\/2018\/03\/IB_News_02032018_Intershop-erhoeht-Dividende_IMMOBILIEN-Business.jpg","datePublished":"2018-05-09T06:26:37+00:00","description":"L'Assemblea generale annuale (AGM) di Orascom Development Holding dell'8 maggio ha approvato tutte le proposte del Consiglio di amministrazione, in particolare la riduzione del valore nominale delle azioni.","breadcrumb":{"@id":"https:\/\/www.immobilienbusiness.ch\/it\/unternehmen\/2018-05-09\/orascom-gv-genehmigt-nennwertreduktion-der-aktien\/#breadcrumb"},"inLanguage":"it-IT","potentialAction":[{"@type":"ReadAction","target":["https:\/\/www.immobilienbusiness.ch\/it\/unternehmen\/2018-05-09\/orascom-gv-genehmigt-nennwertreduktion-der-aktien\/"]}]},{"@type":"ImageObject","inLanguage":"it-IT","@id":"https:\/\/www.immobilienbusiness.ch\/it\/unternehmen\/2018-05-09\/orascom-gv-genehmigt-nennwertreduktion-der-aktien\/#primaryimage","url":"https:\/\/www.immobilienbusiness.ch\/wp-content\/uploads\/2018\/03\/IB_News_02032018_Intershop-erhoeht-Dividende_IMMOBILIEN-Business.jpg","contentUrl":"https:\/\/www.immobilienbusiness.ch\/wp-content\/uploads\/2018\/03\/IB_News_02032018_Intershop-erhoeht-Dividende_IMMOBILIEN-Business.jpg","width":2560,"height":1920},{"@type":"BreadcrumbList","@id":"https:\/\/www.immobilienbusiness.ch\/it\/unternehmen\/2018-05-09\/orascom-gv-genehmigt-nennwertreduktion-der-aktien\/#breadcrumb","itemListElement":[{"@type":"ListItem","position":1,"name":"Home","item":"https:\/\/www.immobilienbusiness.ch\/"},{"@type":"ListItem","position":2,"name":"Orascom: GV genehmigt Nennwertreduktion der Aktien"}]},{"@type":"WebSite","@id":"https:\/\/www.immobilienbusiness.ch\/#website","url":"https:\/\/www.immobilienbusiness.ch\/","name":"Affari immobiliari","description":"Rivista economica indipendente svizzera che si concentra sul settore immobiliare, l'architettura e la costruzione, nonch\u00e9 sugli investimenti e i finanziamenti.","publisher":{"@id":"https:\/\/www.immobilienbusiness.ch\/#organization"},"potentialAction":[{"@type":"SearchAction","target":{"@type":"EntryPoint","urlTemplate":"https:\/\/www.immobilienbusiness.ch\/?s={search_term_string}"},"query-input":{"@type":"PropertyValueSpecification","valueRequired":true,"valueName":"search_term_string"}}],"inLanguage":"it-IT"},{"@type":"Organization","@id":"https:\/\/www.immobilienbusiness.ch\/#organization","name":"Affari immobiliari","url":"https:\/\/www.immobilienbusiness.ch\/","logo":{"@type":"ImageObject","inLanguage":"it-IT","@id":"https:\/\/www.immobilienbusiness.ch\/#\/schema\/logo\/image\/","url":"https:\/\/www.immobilienbusiness.ch\/wp-content\/uploads\/2021\/07\/logo_ib.png","contentUrl":"https:\/\/www.immobilienbusiness.ch\/wp-content\/uploads\/2021\/07\/logo_ib.png","width":800,"height":181,"caption":"IMMOBILIEN Business"},"image":{"@id":"https:\/\/www.immobilienbusiness.ch\/#\/schema\/logo\/image\/"},"sameAs":["https:\/\/www.facebook.com\/immobilienbusiness\/"]},{"@type":"Person","@id":"https:\/\/www.immobilienbusiness.ch\/#\/schema\/person\/3fc036297b10b9f42d6db5ee932af8c8","name":"anja.hall","image":{"@type":"ImageObject","inLanguage":"it-IT","@id":"https:\/\/secure.gravatar.com\/avatar\/066b5a0d447013502c71a5782f4f3469f03cfe595cc2329fb94652fe47511bfb?s=96&d=mm&r=g","url":"https:\/\/secure.gravatar.com\/avatar\/066b5a0d447013502c71a5782f4f3469f03cfe595cc2329fb94652fe47511bfb?s=96&d=mm&r=g","contentUrl":"https:\/\/secure.gravatar.com\/avatar\/066b5a0d447013502c71a5782f4f3469f03cfe595cc2329fb94652fe47511bfb?s=96&d=mm&r=g","caption":"anja.hall"},"url":"https:\/\/www.immobilienbusiness.ch\/it\/author\/anja-hall\/"}]}},"_links":{"self":[{"href":"https:\/\/www.immobilienbusiness.ch\/it\/wp-json\/wp\/v2\/posts\/12208","targetHints":{"allow":["GET"]}}],"collection":[{"href":"https:\/\/www.immobilienbusiness.ch\/it\/wp-json\/wp\/v2\/posts"}],"about":[{"href":"https:\/\/www.immobilienbusiness.ch\/it\/wp-json\/wp\/v2\/types\/post"}],"author":[{"embeddable":true,"href":"https:\/\/www.immobilienbusiness.ch\/it\/wp-json\/wp\/v2\/users\/3"}],"replies":[{"embeddable":true,"href":"https:\/\/www.immobilienbusiness.ch\/it\/wp-json\/wp\/v2\/comments?post=12208"}],"version-history":[{"count":0,"href":"https:\/\/www.immobilienbusiness.ch\/it\/wp-json\/wp\/v2\/posts\/12208\/revisions"}],"wp:featuredmedia":[{"embeddable":true,"href":"https:\/\/www.immobilienbusiness.ch\/it\/wp-json\/wp\/v2\/media\/11549"}],"wp:attachment":[{"href":"https:\/\/www.immobilienbusiness.ch\/it\/wp-json\/wp\/v2\/media?parent=12208"}],"wp:term":[{"taxonomy":"category","embeddable":true,"href":"https:\/\/www.immobilienbusiness.ch\/it\/wp-json\/wp\/v2\/categories?post=12208"},{"taxonomy":"post_tag","embeddable":true,"href":"https:\/\/www.immobilienbusiness.ch\/it\/wp-json\/wp\/v2\/tags?post=12208"}],"curies":[{"name":"wp","href":"https:\/\/api.w.org\/{rel}","templated":true}]}}