{"id":12122,"date":"2018-04-16T08:25:05","date_gmt":"2018-04-16T06:25:05","guid":{"rendered":"https:\/\/www.immobilienbusiness.ch\/?p=12122"},"modified":"2018-04-16T08:25:05","modified_gmt":"2018-04-16T06:25:05","slug":"fm-giuseppe-santagada-ist-neuer-ceo-der-vebego","status":"publish","type":"post","link":"https:\/\/www.immobilienbusiness.ch\/it\/unternehmen\/2018-04-16\/fm-giuseppe-santagada-ist-neuer-ceo-der-vebego\/","title":{"rendered":"Giuseppe Santagada \u00e8 il nuovo CEO di Vebego"},"content":{"rendered":"<figure id=\"attachment_12123\" aria-describedby=\"caption-attachment-12123\" style=\"width: 680px\" class=\"wp-caption alignnone\"><img loading=\"lazy\" decoding=\"async\" class=\"wp-image-12123 size-medium\" src=\"https:\/\/www.immobilienbusiness.ch\/wp-content\/uploads\/2018\/04\/Vebego.png\" alt=\"\" width=\"680\" height=\"294\" srcset=\"https:\/\/www.immobilienbusiness.ch\/wp-content\/uploads\/2018\/04\/Vebego.png 916w, https:\/\/www.immobilienbusiness.ch\/wp-content\/uploads\/2018\/04\/Vebego-300x130.png 300w, https:\/\/www.immobilienbusiness.ch\/wp-content\/uploads\/2018\/04\/Vebego-768x332.png 768w, https:\/\/www.immobilienbusiness.ch\/wp-content\/uploads\/2018\/04\/Vebego-16x7.png 16w, https:\/\/www.immobilienbusiness.ch\/wp-content\/uploads\/2018\/04\/Vebego-375x162.png 375w, https:\/\/www.immobilienbusiness.ch\/wp-content\/uploads\/2018\/04\/Vebego-760x329.png 760w\" sizes=\"auto, (max-width: 680px) 100vw, 680px\" \/><figcaption id=\"caption-attachment-12123\" class=\"wp-caption-text\">Ton Goedmakers e Giuseppe Santagada (Fonte: Vebego)<\/figcaption><\/figure>\n<p>Ton Goedemakers, il nipote del fondatore dell'azienda, \u00e8 stato il CEO di Vebego Schweiz Holding dal 2010. Gli \u00e8 succeduto il 1\u00b0 marzo il dottor Giuseppe Santagada. Santagada \u00e8 stato responsabile del Business Development &amp; Commercial nel comitato esecutivo di ISS Svizzera negli ultimi sette anni. Prima di questo, \u00e8 stato CEO e membro del consiglio di amministrazione dell'azienda familiare JOMOS Brandschutz AG, tra le altre posizioni.<\/p>\n<p>Santagada \u00e8 un ingegnere industriale e laureato in MBA HSG. Ha ricevuto il suo dottorato in Management &amp; Economics e ha approfondito la sua formazione in Leadership alla Harvard Business School.<\/p>\n<p>L'obiettivo \u00e8 quello di sviluppare ulteriormente la specializzazione del segmento sotto la guida del nuovo CEO, dice Vebego. Nuovi mandati significativi sono stati vinti nei settori del facility management, Vebego Sant\u00e9 e dei servizi aeroportuali, continua. Tra le altre cose, Vebego fornisce servizi di facility per 21.000 aerei all'anno all'aeroporto di Zurigo e supporta il facility management nelle stazioni ferroviarie delle FFS.<\/p>","protected":false},"excerpt":{"rendered":"<p>La societ\u00e0 di facility management Vebego Svizzera ha un nuovo CEO nel dottor Giuseppe Santagada. Succede a Ton Goedmakers, che \u00e8 ora presidente del consiglio di amministrazione della societ\u00e0 e nel consiglio di amministrazione del gruppo olandese.<\/p>","protected":false},"author":3,"featured_media":12123,"comment_status":"open","ping_status":"open","sticky":false,"template":"","format":"standard","meta":{"_acf_changed":false,"_yoast_wpseo_focuskw":"Vebego","_yoast_wpseo_title":"","_yoast_wpseo_metadesc":"Das Facility-Management-Unternehmen Vebego Schweiz hat mit Dr. Guiseppe Santagada einen neuen CEO. Er folgt auf Ton Goedmakers, der\u00a0neu Verwaltungsratspr\u00e4sident des Unternehmens und im Vorstand der niederl\u00e4ndischen Gruppenleitung ist.","_yoast_wpseo_linkdex":51,"pgc_sgb_lightbox_settings":"","footnotes":""},"categories":[988],"tags":[1216,1563],"class_list":["post-12122","post","type-post","status-publish","format-standard","has-post-thumbnail","hentry","category-unternehmen","tag-facility-management","tag-personalia"],"acf":[],"yoast_head":"<!-- This site is optimized with the Yoast SEO plugin v27.4 - https:\/\/yoast.com\/product\/yoast-seo-wordpress\/ -->\n<title>Giuseppe Santagada ist neuer CEO der Vebego - IMMOBILIEN Business<\/title>\n<meta name=\"description\" content=\"Das Facility-Management-Unternehmen Vebego Schweiz hat mit Dr. Guiseppe Santagada einen neuen CEO. Er folgt auf Ton Goedmakers, der\u00a0neu Verwaltungsratspr\u00e4sident des Unternehmens und im Vorstand der niederl\u00e4ndischen Gruppenleitung ist.\" \/>\n<meta name=\"robots\" content=\"index, follow, max-snippet:-1, max-image-preview:large, max-video-preview:-1\" \/>\n<link rel=\"canonical\" href=\"https:\/\/www.immobilienbusiness.ch\/it\/unternehmen\/2018-04-16\/fm-giuseppe-santagada-ist-neuer-ceo-der-vebego\/\" \/>\n<meta property=\"og:locale\" content=\"it_IT\" \/>\n<meta property=\"og:type\" content=\"article\" \/>\n<meta property=\"og:title\" content=\"Giuseppe Santagada ist neuer CEO der Vebego - IMMOBILIEN Business\" \/>\n<meta property=\"og:description\" content=\"Das Facility-Management-Unternehmen Vebego Schweiz hat mit Dr. Guiseppe Santagada einen neuen CEO. Er folgt auf Ton Goedmakers, der\u00a0neu Verwaltungsratspr\u00e4sident des Unternehmens und im Vorstand der niederl\u00e4ndischen Gruppenleitung ist.\" \/>\n<meta property=\"og:url\" content=\"https:\/\/www.immobilienbusiness.ch\/it\/unternehmen\/2018-04-16\/fm-giuseppe-santagada-ist-neuer-ceo-der-vebego\/\" \/>\n<meta property=\"og:site_name\" content=\"IMMOBILIEN Business\" \/>\n<meta property=\"article:publisher\" content=\"https:\/\/www.facebook.com\/immobilienbusiness\/\" \/>\n<meta property=\"article:published_time\" content=\"2018-04-16T06:25:05+00:00\" \/>\n<meta property=\"og:image\" content=\"https:\/\/www.immobilienbusiness.ch\/wp-content\/uploads\/2018\/04\/Vebego.png\" \/>\n\t<meta property=\"og:image:width\" content=\"916\" \/>\n\t<meta property=\"og:image:height\" content=\"396\" \/>\n\t<meta property=\"og:image:type\" content=\"image\/png\" \/>\n<meta name=\"author\" content=\"anja.hall\" \/>\n<meta name=\"twitter:card\" content=\"summary_large_image\" \/>\n<meta name=\"twitter:image\" content=\"https:\/\/www.immobilienbusiness.ch\/wp-content\/uploads\/2018\/04\/Vebego.png\" \/>\n<script type=\"application\/ld+json\" class=\"yoast-schema-graph\">{\"@context\":\"https:\\\/\\\/schema.org\",\"@graph\":[{\"@type\":\"Article\",\"@id\":\"https:\\\/\\\/www.immobilienbusiness.ch\\\/unternehmen\\\/2018-04-16\\\/fm-giuseppe-santagada-ist-neuer-ceo-der-vebego\\\/#article\",\"isPartOf\":{\"@id\":\"https:\\\/\\\/www.immobilienbusiness.ch\\\/unternehmen\\\/2018-04-16\\\/fm-giuseppe-santagada-ist-neuer-ceo-der-vebego\\\/\"},\"author\":{\"name\":\"anja.hall\",\"@id\":\"https:\\\/\\\/www.immobilienbusiness.ch\\\/#\\\/schema\\\/person\\\/3fc036297b10b9f42d6db5ee932af8c8\"},\"headline\":\"Giuseppe Santagada ist neuer CEO der Vebego\",\"datePublished\":\"2018-04-16T06:25:05+00:00\",\"mainEntityOfPage\":{\"@id\":\"https:\\\/\\\/www.immobilienbusiness.ch\\\/unternehmen\\\/2018-04-16\\\/fm-giuseppe-santagada-ist-neuer-ceo-der-vebego\\\/\"},\"wordCount\":174,\"commentCount\":0,\"publisher\":{\"@id\":\"https:\\\/\\\/www.immobilienbusiness.ch\\\/#organization\"},\"image\":{\"@id\":\"https:\\\/\\\/www.immobilienbusiness.ch\\\/unternehmen\\\/2018-04-16\\\/fm-giuseppe-santagada-ist-neuer-ceo-der-vebego\\\/#primaryimage\"},\"thumbnailUrl\":\"https:\\\/\\\/www.immobilienbusiness.ch\\\/wp-content\\\/uploads\\\/2018\\\/04\\\/Vebego.png\",\"keywords\":[\"Facility Management\",\"Personalia\"],\"articleSection\":[\"UNTERNEHMEN\"],\"inLanguage\":\"it-IT\"},{\"@type\":\"WebPage\",\"@id\":\"https:\\\/\\\/www.immobilienbusiness.ch\\\/unternehmen\\\/2018-04-16\\\/fm-giuseppe-santagada-ist-neuer-ceo-der-vebego\\\/\",\"url\":\"https:\\\/\\\/www.immobilienbusiness.ch\\\/unternehmen\\\/2018-04-16\\\/fm-giuseppe-santagada-ist-neuer-ceo-der-vebego\\\/\",\"name\":\"Giuseppe Santagada ist neuer CEO der Vebego - IMMOBILIEN Business\",\"isPartOf\":{\"@id\":\"https:\\\/\\\/www.immobilienbusiness.ch\\\/#website\"},\"primaryImageOfPage\":{\"@id\":\"https:\\\/\\\/www.immobilienbusiness.ch\\\/unternehmen\\\/2018-04-16\\\/fm-giuseppe-santagada-ist-neuer-ceo-der-vebego\\\/#primaryimage\"},\"image\":{\"@id\":\"https:\\\/\\\/www.immobilienbusiness.ch\\\/unternehmen\\\/2018-04-16\\\/fm-giuseppe-santagada-ist-neuer-ceo-der-vebego\\\/#primaryimage\"},\"thumbnailUrl\":\"https:\\\/\\\/www.immobilienbusiness.ch\\\/wp-content\\\/uploads\\\/2018\\\/04\\\/Vebego.png\",\"datePublished\":\"2018-04-16T06:25:05+00:00\",\"description\":\"Das Facility-Management-Unternehmen Vebego Schweiz hat mit Dr. Guiseppe Santagada einen neuen CEO. Er folgt auf Ton Goedmakers, der\u00a0neu Verwaltungsratspr\u00e4sident des Unternehmens und im Vorstand der niederl\u00e4ndischen Gruppenleitung ist.\",\"breadcrumb\":{\"@id\":\"https:\\\/\\\/www.immobilienbusiness.ch\\\/unternehmen\\\/2018-04-16\\\/fm-giuseppe-santagada-ist-neuer-ceo-der-vebego\\\/#breadcrumb\"},\"inLanguage\":\"it-IT\",\"potentialAction\":[{\"@type\":\"ReadAction\",\"target\":[\"https:\\\/\\\/www.immobilienbusiness.ch\\\/unternehmen\\\/2018-04-16\\\/fm-giuseppe-santagada-ist-neuer-ceo-der-vebego\\\/\"]}]},{\"@type\":\"ImageObject\",\"inLanguage\":\"it-IT\",\"@id\":\"https:\\\/\\\/www.immobilienbusiness.ch\\\/unternehmen\\\/2018-04-16\\\/fm-giuseppe-santagada-ist-neuer-ceo-der-vebego\\\/#primaryimage\",\"url\":\"https:\\\/\\\/www.immobilienbusiness.ch\\\/wp-content\\\/uploads\\\/2018\\\/04\\\/Vebego.png\",\"contentUrl\":\"https:\\\/\\\/www.immobilienbusiness.ch\\\/wp-content\\\/uploads\\\/2018\\\/04\\\/Vebego.png\",\"width\":916,\"height\":396,\"caption\":\"(Quelle: Vebego)\"},{\"@type\":\"BreadcrumbList\",\"@id\":\"https:\\\/\\\/www.immobilienbusiness.ch\\\/unternehmen\\\/2018-04-16\\\/fm-giuseppe-santagada-ist-neuer-ceo-der-vebego\\\/#breadcrumb\",\"itemListElement\":[{\"@type\":\"ListItem\",\"position\":1,\"name\":\"Home\",\"item\":\"https:\\\/\\\/www.immobilienbusiness.ch\\\/\"},{\"@type\":\"ListItem\",\"position\":2,\"name\":\"Giuseppe Santagada ist neuer CEO der Vebego\"}]},{\"@type\":\"WebSite\",\"@id\":\"https:\\\/\\\/www.immobilienbusiness.ch\\\/#website\",\"url\":\"https:\\\/\\\/www.immobilienbusiness.ch\\\/\",\"name\":\"IMMOBILIEN Business\",\"description\":\"Unabh\u00e4ngiges Schweizer Wirtschaftsmagazin mit Fokus auf Immobilien, Architektur- und Bau sowie Investment- und Finanzierung.\",\"publisher\":{\"@id\":\"https:\\\/\\\/www.immobilienbusiness.ch\\\/#organization\"},\"potentialAction\":[{\"@type\":\"SearchAction\",\"target\":{\"@type\":\"EntryPoint\",\"urlTemplate\":\"https:\\\/\\\/www.immobilienbusiness.ch\\\/?s={search_term_string}\"},\"query-input\":{\"@type\":\"PropertyValueSpecification\",\"valueRequired\":true,\"valueName\":\"search_term_string\"}}],\"inLanguage\":\"it-IT\"},{\"@type\":\"Organization\",\"@id\":\"https:\\\/\\\/www.immobilienbusiness.ch\\\/#organization\",\"name\":\"IMMOBILIEN Business\",\"url\":\"https:\\\/\\\/www.immobilienbusiness.ch\\\/\",\"logo\":{\"@type\":\"ImageObject\",\"inLanguage\":\"it-IT\",\"@id\":\"https:\\\/\\\/www.immobilienbusiness.ch\\\/#\\\/schema\\\/logo\\\/image\\\/\",\"url\":\"https:\\\/\\\/www.immobilienbusiness.ch\\\/wp-content\\\/uploads\\\/2021\\\/07\\\/logo_ib.png\",\"contentUrl\":\"https:\\\/\\\/www.immobilienbusiness.ch\\\/wp-content\\\/uploads\\\/2021\\\/07\\\/logo_ib.png\",\"width\":800,\"height\":181,\"caption\":\"IMMOBILIEN Business\"},\"image\":{\"@id\":\"https:\\\/\\\/www.immobilienbusiness.ch\\\/#\\\/schema\\\/logo\\\/image\\\/\"},\"sameAs\":[\"https:\\\/\\\/www.facebook.com\\\/immobilienbusiness\\\/\"]},{\"@type\":\"Person\",\"@id\":\"https:\\\/\\\/www.immobilienbusiness.ch\\\/#\\\/schema\\\/person\\\/3fc036297b10b9f42d6db5ee932af8c8\",\"name\":\"anja.hall\",\"image\":{\"@type\":\"ImageObject\",\"inLanguage\":\"it-IT\",\"@id\":\"https:\\\/\\\/secure.gravatar.com\\\/avatar\\\/066b5a0d447013502c71a5782f4f3469f03cfe595cc2329fb94652fe47511bfb?s=96&d=mm&r=g\",\"url\":\"https:\\\/\\\/secure.gravatar.com\\\/avatar\\\/066b5a0d447013502c71a5782f4f3469f03cfe595cc2329fb94652fe47511bfb?s=96&d=mm&r=g\",\"contentUrl\":\"https:\\\/\\\/secure.gravatar.com\\\/avatar\\\/066b5a0d447013502c71a5782f4f3469f03cfe595cc2329fb94652fe47511bfb?s=96&d=mm&r=g\",\"caption\":\"anja.hall\"},\"url\":\"https:\\\/\\\/www.immobilienbusiness.ch\\\/it\\\/author\\\/anja-hall\\\/\"}]}<\/script>\n<!-- \/ Yoast SEO plugin. -->","yoast_head_json":{"title":"Giuseppe Santagada ist neuer CEO der Vebego - IMMOBILIEN Business","description":"La societ\u00e0 di facility management Vebego Svizzera ha un nuovo CEO nel dottor Giuseppe Santagada. Succede a Ton Goedmakers, che \u00e8 ora presidente del consiglio di amministrazione della societ\u00e0 e nel consiglio di amministrazione del gruppo olandese.","robots":{"index":"index","follow":"follow","max-snippet":"max-snippet:-1","max-image-preview":"max-image-preview:large","max-video-preview":"max-video-preview:-1"},"canonical":"https:\/\/www.immobilienbusiness.ch\/it\/unternehmen\/2018-04-16\/fm-giuseppe-santagada-ist-neuer-ceo-der-vebego\/","og_locale":"it_IT","og_type":"article","og_title":"Giuseppe Santagada ist neuer CEO der Vebego - IMMOBILIEN Business","og_description":"Das Facility-Management-Unternehmen Vebego Schweiz hat mit Dr. Guiseppe Santagada einen neuen CEO. Er folgt auf Ton Goedmakers, der\u00a0neu Verwaltungsratspr\u00e4sident des Unternehmens und im Vorstand der niederl\u00e4ndischen Gruppenleitung ist.","og_url":"https:\/\/www.immobilienbusiness.ch\/it\/unternehmen\/2018-04-16\/fm-giuseppe-santagada-ist-neuer-ceo-der-vebego\/","og_site_name":"IMMOBILIEN Business","article_publisher":"https:\/\/www.facebook.com\/immobilienbusiness\/","article_published_time":"2018-04-16T06:25:05+00:00","og_image":[{"width":916,"height":396,"url":"https:\/\/www.immobilienbusiness.ch\/wp-content\/uploads\/2018\/04\/Vebego.png","type":"image\/png"}],"author":"anja.hall","twitter_card":"summary_large_image","twitter_image":"https:\/\/www.immobilienbusiness.ch\/wp-content\/uploads\/2018\/04\/Vebego.png","schema":{"@context":"https:\/\/schema.org","@graph":[{"@type":"Article","@id":"https:\/\/www.immobilienbusiness.ch\/unternehmen\/2018-04-16\/fm-giuseppe-santagada-ist-neuer-ceo-der-vebego\/#article","isPartOf":{"@id":"https:\/\/www.immobilienbusiness.ch\/unternehmen\/2018-04-16\/fm-giuseppe-santagada-ist-neuer-ceo-der-vebego\/"},"author":{"name":"anja.hall","@id":"https:\/\/www.immobilienbusiness.ch\/#\/schema\/person\/3fc036297b10b9f42d6db5ee932af8c8"},"headline":"Giuseppe Santagada ist neuer CEO der Vebego","datePublished":"2018-04-16T06:25:05+00:00","mainEntityOfPage":{"@id":"https:\/\/www.immobilienbusiness.ch\/unternehmen\/2018-04-16\/fm-giuseppe-santagada-ist-neuer-ceo-der-vebego\/"},"wordCount":174,"commentCount":0,"publisher":{"@id":"https:\/\/www.immobilienbusiness.ch\/#organization"},"image":{"@id":"https:\/\/www.immobilienbusiness.ch\/unternehmen\/2018-04-16\/fm-giuseppe-santagada-ist-neuer-ceo-der-vebego\/#primaryimage"},"thumbnailUrl":"https:\/\/www.immobilienbusiness.ch\/wp-content\/uploads\/2018\/04\/Vebego.png","keywords":["Facility Management","Personalia"],"articleSection":["UNTERNEHMEN"],"inLanguage":"it-IT"},{"@type":"WebPage","@id":"https:\/\/www.immobilienbusiness.ch\/unternehmen\/2018-04-16\/fm-giuseppe-santagada-ist-neuer-ceo-der-vebego\/","url":"https:\/\/www.immobilienbusiness.ch\/unternehmen\/2018-04-16\/fm-giuseppe-santagada-ist-neuer-ceo-der-vebego\/","name":"Giuseppe Santagada ist neuer CEO der Vebego - IMMOBILIEN Business","isPartOf":{"@id":"https:\/\/www.immobilienbusiness.ch\/#website"},"primaryImageOfPage":{"@id":"https:\/\/www.immobilienbusiness.ch\/unternehmen\/2018-04-16\/fm-giuseppe-santagada-ist-neuer-ceo-der-vebego\/#primaryimage"},"image":{"@id":"https:\/\/www.immobilienbusiness.ch\/unternehmen\/2018-04-16\/fm-giuseppe-santagada-ist-neuer-ceo-der-vebego\/#primaryimage"},"thumbnailUrl":"https:\/\/www.immobilienbusiness.ch\/wp-content\/uploads\/2018\/04\/Vebego.png","datePublished":"2018-04-16T06:25:05+00:00","description":"La societ\u00e0 di facility management Vebego Svizzera ha un nuovo CEO nel dottor Giuseppe Santagada. Succede a Ton Goedmakers, che \u00e8 ora presidente del consiglio di amministrazione della societ\u00e0 e nel consiglio di amministrazione del gruppo olandese.","breadcrumb":{"@id":"https:\/\/www.immobilienbusiness.ch\/unternehmen\/2018-04-16\/fm-giuseppe-santagada-ist-neuer-ceo-der-vebego\/#breadcrumb"},"inLanguage":"it-IT","potentialAction":[{"@type":"ReadAction","target":["https:\/\/www.immobilienbusiness.ch\/unternehmen\/2018-04-16\/fm-giuseppe-santagada-ist-neuer-ceo-der-vebego\/"]}]},{"@type":"ImageObject","inLanguage":"it-IT","@id":"https:\/\/www.immobilienbusiness.ch\/unternehmen\/2018-04-16\/fm-giuseppe-santagada-ist-neuer-ceo-der-vebego\/#primaryimage","url":"https:\/\/www.immobilienbusiness.ch\/wp-content\/uploads\/2018\/04\/Vebego.png","contentUrl":"https:\/\/www.immobilienbusiness.ch\/wp-content\/uploads\/2018\/04\/Vebego.png","width":916,"height":396,"caption":"(Quelle: Vebego)"},{"@type":"BreadcrumbList","@id":"https:\/\/www.immobilienbusiness.ch\/unternehmen\/2018-04-16\/fm-giuseppe-santagada-ist-neuer-ceo-der-vebego\/#breadcrumb","itemListElement":[{"@type":"ListItem","position":1,"name":"Home","item":"https:\/\/www.immobilienbusiness.ch\/"},{"@type":"ListItem","position":2,"name":"Giuseppe Santagada ist neuer CEO der Vebego"}]},{"@type":"WebSite","@id":"https:\/\/www.immobilienbusiness.ch\/#website","url":"https:\/\/www.immobilienbusiness.ch\/","name":"Affari immobiliari","description":"Rivista economica indipendente svizzera che si concentra sul settore immobiliare, l'architettura e la costruzione, nonch\u00e9 sugli investimenti e i finanziamenti.","publisher":{"@id":"https:\/\/www.immobilienbusiness.ch\/#organization"},"potentialAction":[{"@type":"SearchAction","target":{"@type":"EntryPoint","urlTemplate":"https:\/\/www.immobilienbusiness.ch\/?s={search_term_string}"},"query-input":{"@type":"PropertyValueSpecification","valueRequired":true,"valueName":"search_term_string"}}],"inLanguage":"it-IT"},{"@type":"Organization","@id":"https:\/\/www.immobilienbusiness.ch\/#organization","name":"Affari immobiliari","url":"https:\/\/www.immobilienbusiness.ch\/","logo":{"@type":"ImageObject","inLanguage":"it-IT","@id":"https:\/\/www.immobilienbusiness.ch\/#\/schema\/logo\/image\/","url":"https:\/\/www.immobilienbusiness.ch\/wp-content\/uploads\/2021\/07\/logo_ib.png","contentUrl":"https:\/\/www.immobilienbusiness.ch\/wp-content\/uploads\/2021\/07\/logo_ib.png","width":800,"height":181,"caption":"IMMOBILIEN Business"},"image":{"@id":"https:\/\/www.immobilienbusiness.ch\/#\/schema\/logo\/image\/"},"sameAs":["https:\/\/www.facebook.com\/immobilienbusiness\/"]},{"@type":"Person","@id":"https:\/\/www.immobilienbusiness.ch\/#\/schema\/person\/3fc036297b10b9f42d6db5ee932af8c8","name":"anja.hall","image":{"@type":"ImageObject","inLanguage":"it-IT","@id":"https:\/\/secure.gravatar.com\/avatar\/066b5a0d447013502c71a5782f4f3469f03cfe595cc2329fb94652fe47511bfb?s=96&d=mm&r=g","url":"https:\/\/secure.gravatar.com\/avatar\/066b5a0d447013502c71a5782f4f3469f03cfe595cc2329fb94652fe47511bfb?s=96&d=mm&r=g","contentUrl":"https:\/\/secure.gravatar.com\/avatar\/066b5a0d447013502c71a5782f4f3469f03cfe595cc2329fb94652fe47511bfb?s=96&d=mm&r=g","caption":"anja.hall"},"url":"https:\/\/www.immobilienbusiness.ch\/it\/author\/anja-hall\/"}]}},"_links":{"self":[{"href":"https:\/\/www.immobilienbusiness.ch\/it\/wp-json\/wp\/v2\/posts\/12122","targetHints":{"allow":["GET"]}}],"collection":[{"href":"https:\/\/www.immobilienbusiness.ch\/it\/wp-json\/wp\/v2\/posts"}],"about":[{"href":"https:\/\/www.immobilienbusiness.ch\/it\/wp-json\/wp\/v2\/types\/post"}],"author":[{"embeddable":true,"href":"https:\/\/www.immobilienbusiness.ch\/it\/wp-json\/wp\/v2\/users\/3"}],"replies":[{"embeddable":true,"href":"https:\/\/www.immobilienbusiness.ch\/it\/wp-json\/wp\/v2\/comments?post=12122"}],"version-history":[{"count":0,"href":"https:\/\/www.immobilienbusiness.ch\/it\/wp-json\/wp\/v2\/posts\/12122\/revisions"}],"wp:featuredmedia":[{"embeddable":true,"href":"https:\/\/www.immobilienbusiness.ch\/it\/wp-json\/wp\/v2\/media\/12123"}],"wp:attachment":[{"href":"https:\/\/www.immobilienbusiness.ch\/it\/wp-json\/wp\/v2\/media?parent=12122"}],"wp:term":[{"taxonomy":"category","embeddable":true,"href":"https:\/\/www.immobilienbusiness.ch\/it\/wp-json\/wp\/v2\/categories?post=12122"},{"taxonomy":"post_tag","embeddable":true,"href":"https:\/\/www.immobilienbusiness.ch\/it\/wp-json\/wp\/v2\/tags?post=12122"}],"curies":[{"name":"wp","href":"https:\/\/api.w.org\/{rel}","templated":true}]}}