{"id":11904,"date":"2018-04-03T10:18:48","date_gmt":"2018-04-03T08:18:48","guid":{"rendered":"https:\/\/www.immobilienbusiness.ch\/?p=11904"},"modified":"2018-04-03T10:18:48","modified_gmt":"2018-04-03T08:18:48","slug":"basel-felix-platter-spital-wird-miteinanderhaus","status":"publish","type":"post","link":"https:\/\/www.immobilienbusiness.ch\/it\/regionen\/2018-04-03\/basel-felix-platter-spital-wird-miteinanderhaus\/","title":{"rendered":"Basilea: l'ospedale Felix Platter diventa un edificio residenziale"},"content":{"rendered":"<div class=\"page\" title=\"Pagina 1\">\n<div class=\"section\">\n<div class=\"layoutArea\">\n<div class=\"column\">\n<figure id=\"attachment_11942\" aria-describedby=\"caption-attachment-11942\" style=\"width: 680px\" class=\"wp-caption alignnone\"><img loading=\"lazy\" decoding=\"async\" class=\"size-medium wp-image-11942\" src=\"https:\/\/www.immobilienbusiness.ch\/wp-content\/uploads\/2018\/04\/Umnutzung_Felix_Platter-Spital_Aussenansicht_Muller_Sigrist_Rapp_wohnenmehr_klein.jpg\" alt=\"\" width=\"680\" height=\"464\" srcset=\"https:\/\/www.immobilienbusiness.ch\/wp-content\/uploads\/2018\/04\/Umnutzung_Felix_Platter-Spital_Aussenansicht_Muller_Sigrist_Rapp_wohnenmehr_klein.jpg 1729w, https:\/\/www.immobilienbusiness.ch\/wp-content\/uploads\/2018\/04\/Umnutzung_Felix_Platter-Spital_Aussenansicht_Muller_Sigrist_Rapp_wohnenmehr_klein-300x205.jpg 300w, https:\/\/www.immobilienbusiness.ch\/wp-content\/uploads\/2018\/04\/Umnutzung_Felix_Platter-Spital_Aussenansicht_Muller_Sigrist_Rapp_wohnenmehr_klein-1024x699.jpg 1024w, https:\/\/www.immobilienbusiness.ch\/wp-content\/uploads\/2018\/04\/Umnutzung_Felix_Platter-Spital_Aussenansicht_Muller_Sigrist_Rapp_wohnenmehr_klein-768x525.jpg 768w, https:\/\/www.immobilienbusiness.ch\/wp-content\/uploads\/2018\/04\/Umnutzung_Felix_Platter-Spital_Aussenansicht_Muller_Sigrist_Rapp_wohnenmehr_klein-1536x1049.jpg 1536w, https:\/\/www.immobilienbusiness.ch\/wp-content\/uploads\/2018\/04\/Umnutzung_Felix_Platter-Spital_Aussenansicht_Muller_Sigrist_Rapp_wohnenmehr_klein-16x12.jpg 16w, https:\/\/www.immobilienbusiness.ch\/wp-content\/uploads\/2018\/04\/Umnutzung_Felix_Platter-Spital_Aussenansicht_Muller_Sigrist_Rapp_wohnenmehr_klein-256x175.jpg 256w, https:\/\/www.immobilienbusiness.ch\/wp-content\/uploads\/2018\/04\/Umnutzung_Felix_Platter-Spital_Aussenansicht_Muller_Sigrist_Rapp_wohnenmehr_klein-512x350.jpg 512w, https:\/\/www.immobilienbusiness.ch\/wp-content\/uploads\/2018\/04\/Umnutzung_Felix_Platter-Spital_Aussenansicht_Muller_Sigrist_Rapp_wohnenmehr_klein-1171x800.jpg 1171w, https:\/\/www.immobilienbusiness.ch\/wp-content\/uploads\/2018\/04\/Umnutzung_Felix_Platter-Spital_Aussenansicht_Muller_Sigrist_Rapp_wohnenmehr_klein-920x628.jpg 920w, https:\/\/www.immobilienbusiness.ch\/wp-content\/uploads\/2018\/04\/Umnutzung_Felix_Platter-Spital_Aussenansicht_Muller_Sigrist_Rapp_wohnenmehr_klein-1400x956.jpg 1400w\" sizes=\"auto, (max-width: 680px) 100vw, 680px\" \/><figcaption id=\"caption-attachment-11942\" class=\"wp-caption-text\">L'ospedale Felix Platter viene trasformato in un edificio residenziale (Fonte: ARGE M\u00fcller Sigrist\/Rapp, wohnen&amp;mehr)<\/figcaption><\/figure>\n<p>A partire dalla met\u00e0 del prossimo anno, sul Westfeld (ex Felix-Platter-Areal) sorger\u00e0 un nuovo quartiere urbano con oltre 500 appartamenti e aree per usi di quartiere e piccole imprese. Il promotore e costruttore \u00e8 la cooperativa edilizia wohnen&amp;mehr.<\/p>\n<p>Una componente centrale dello sviluppo \u00e8 la conversione dell'edificio dell'ospedale in un edificio residenziale. Secondo la proposta di progetto del consorzio M\u00fcller Sigrist Architekten e Rapp Architekten, il delicato aspetto esterno dell'edificio deve essere completamente conservato. Ai piani superiori verranno creati 130 appartamenti compatti, che offriranno un ampio spettro: Sono previsti appartamenti economici e maisonette, nuove forme abitative fino a camere jolly e per gli ospiti. Una scala a cascata conduce dal piano terra al tetto, collega i piani residenziali e intende promuovere lo scambio tra i residenti.<\/p>\n<p>Il fulcro dell'edificio ospedaliero riconvertito \u00e8 un foyer a due piani. Da qui, attraverso un vicolo interno, si accede agli usi pubblici del piano terra, come ad esempio i servizi di assistenza all'infanzia, il negozio di quartiere, le sale riunioni per il quartiere e un caff\u00e8. Allo stesso tempo, il foyer collega la futura piazza del quartiere di Westfeld con Hegenheimerstrasse e crea un generoso passaggio pubblico.<\/p>\n<\/div>\n<\/div>\n<\/div>\n<\/div>\n<div class=\"page\" title=\"Pagina 2\">\n<div class=\"section\">\n<div class=\"layoutArea\">\n<div class=\"column\">\n<p>La cooperativa edilizia wohnen&amp;mehr prender\u00e0 possesso dell'edificio ospedaliero dopo l'entrata in funzione del nuovo ospedale Felix Platter nell'estate del 2019. I lavori di decostruzione all'interno dell'edificio inizieranno immediatamente; l'occupazione \u00e8 prevista per il 2022.<\/p>\n<\/div>\n<\/div>\n<\/div>\n<\/div>","protected":false},"excerpt":{"rendered":"<p>\u00c8 stata decisa la commissione di studio per la conversione dell'ospedale Felix Platter di Basilea. Il progetto di M\u00fcller Sigrist Architects di Zurigo e Rapp Architects di Basilea\/M\u00fcnchenstein sar\u00e0 realizzato.<\/p>","protected":false},"author":3,"featured_media":11942,"comment_status":"open","ping_status":"open","sticky":false,"template":"","format":"standard","meta":{"_acf_changed":false,"_yoast_wpseo_focuskw":"Felix-Platter-Spital","_yoast_wpseo_title":"","_yoast_wpseo_metadesc":"Der Studienauftrag zur Umnutzung des Felix-Platter-Spitals in Basel ist entschieden. Umgesetzt werden soll das Projekt der B\u00fcros M\u00fcller Sigrist Architekte aus Z\u00fcrich und Rapp Architekten aus Basel\/ M\u00fcnchenstein.","_yoast_wpseo_linkdex":67,"pgc_sgb_lightbox_settings":"","footnotes":""},"categories":[985],"tags":[1069,1077,1600,1800,1863],"class_list":["post-11904","post","type-post","status-publish","format-standard","has-post-thumbnail","hentry","category-regionen","tag-basel","tag-baugenossenschaft","tag-projekt-in-planung","tag-umnutzung","tag-wohnimmobilien"],"acf":[],"yoast_head":"<!-- This site is optimized with the Yoast SEO plugin v27.5 - https:\/\/yoast.com\/product\/yoast-seo-wordpress\/ -->\n<title>Basel: Felix-Platter-Spital wird zum Wohnhaus - IMMOBILIEN Business<\/title>\n<meta name=\"description\" content=\"Der Studienauftrag zur Umnutzung des Felix-Platter-Spitals in Basel ist entschieden. Umgesetzt werden soll das Projekt der B\u00fcros M\u00fcller Sigrist Architekte aus Z\u00fcrich und Rapp Architekten aus Basel\/ M\u00fcnchenstein.\" \/>\n<meta name=\"robots\" content=\"index, follow, max-snippet:-1, max-image-preview:large, max-video-preview:-1\" \/>\n<link rel=\"canonical\" href=\"https:\/\/www.immobilienbusiness.ch\/it\/regionen\/2018-04-03\/basel-felix-platter-spital-wird-miteinanderhaus\/\" \/>\n<meta property=\"og:locale\" content=\"it_IT\" \/>\n<meta property=\"og:type\" content=\"article\" \/>\n<meta property=\"og:title\" content=\"Basel: Felix-Platter-Spital wird zum Wohnhaus - IMMOBILIEN Business\" \/>\n<meta property=\"og:description\" content=\"Der Studienauftrag zur Umnutzung des Felix-Platter-Spitals in Basel ist entschieden. Umgesetzt werden soll das Projekt der B\u00fcros M\u00fcller Sigrist Architekte aus Z\u00fcrich und Rapp Architekten aus Basel\/ M\u00fcnchenstein.\" \/>\n<meta property=\"og:url\" content=\"https:\/\/www.immobilienbusiness.ch\/it\/regionen\/2018-04-03\/basel-felix-platter-spital-wird-miteinanderhaus\/\" \/>\n<meta property=\"og:site_name\" content=\"IMMOBILIEN Business\" \/>\n<meta property=\"article:publisher\" content=\"https:\/\/www.facebook.com\/immobilienbusiness\/\" \/>\n<meta property=\"article:published_time\" content=\"2018-04-03T08:18:48+00:00\" \/>\n<meta property=\"og:image\" content=\"https:\/\/www.immobilienbusiness.ch\/wp-content\/uploads\/2018\/04\/Umnutzung_Felix_Platter-Spital_Aussenansicht_Muller_Sigrist_Rapp_wohnenmehr_klein.jpg\" \/>\n\t<meta property=\"og:image:width\" content=\"1729\" \/>\n\t<meta property=\"og:image:height\" content=\"1181\" \/>\n\t<meta property=\"og:image:type\" content=\"image\/jpeg\" \/>\n<meta name=\"author\" content=\"anja.hall\" \/>\n<meta name=\"twitter:card\" content=\"summary_large_image\" \/>\n<meta name=\"twitter:image\" content=\"https:\/\/www.immobilienbusiness.ch\/wp-content\/uploads\/2018\/04\/Umnutzung_Felix_Platter-Spital_Aussenansicht_Muller_Sigrist_Rapp_wohnenmehr_klein.jpg\" \/>\n<script type=\"application\/ld+json\" class=\"yoast-schema-graph\">{\"@context\":\"https:\\\/\\\/schema.org\",\"@graph\":[{\"@type\":\"Article\",\"@id\":\"https:\\\/\\\/www.immobilienbusiness.ch\\\/fr\\\/regionen\\\/2018-04-03\\\/basel-felix-platter-spital-wird-miteinanderhaus\\\/#article\",\"isPartOf\":{\"@id\":\"https:\\\/\\\/www.immobilienbusiness.ch\\\/fr\\\/regionen\\\/2018-04-03\\\/basel-felix-platter-spital-wird-miteinanderhaus\\\/\"},\"author\":{\"name\":\"anja.hall\",\"@id\":\"https:\\\/\\\/www.immobilienbusiness.ch\\\/#\\\/schema\\\/person\\\/3fc036297b10b9f42d6db5ee932af8c8\"},\"headline\":\"Basel: Felix-Platter-Spital wird zum Wohnhaus\",\"datePublished\":\"2018-04-03T08:18:48+00:00\",\"mainEntityOfPage\":{\"@id\":\"https:\\\/\\\/www.immobilienbusiness.ch\\\/fr\\\/regionen\\\/2018-04-03\\\/basel-felix-platter-spital-wird-miteinanderhaus\\\/\"},\"wordCount\":244,\"commentCount\":0,\"publisher\":{\"@id\":\"https:\\\/\\\/www.immobilienbusiness.ch\\\/#organization\"},\"image\":{\"@id\":\"https:\\\/\\\/www.immobilienbusiness.ch\\\/fr\\\/regionen\\\/2018-04-03\\\/basel-felix-platter-spital-wird-miteinanderhaus\\\/#primaryimage\"},\"thumbnailUrl\":\"https:\\\/\\\/www.immobilienbusiness.ch\\\/wp-content\\\/uploads\\\/2018\\\/04\\\/Umnutzung_Felix_Platter-Spital_Aussenansicht_Muller_Sigrist_Rapp_wohnenmehr_klein.jpg\",\"keywords\":[\"Basel\",\"Baugenossenschaft\",\"Projekt in Planung\",\"Umnutzung\",\"Wohnimmobilien\"],\"articleSection\":[\"REGIONEN\"],\"inLanguage\":\"it-IT\"},{\"@type\":\"WebPage\",\"@id\":\"https:\\\/\\\/www.immobilienbusiness.ch\\\/fr\\\/regionen\\\/2018-04-03\\\/basel-felix-platter-spital-wird-miteinanderhaus\\\/\",\"url\":\"https:\\\/\\\/www.immobilienbusiness.ch\\\/fr\\\/regionen\\\/2018-04-03\\\/basel-felix-platter-spital-wird-miteinanderhaus\\\/\",\"name\":\"Basel: Felix-Platter-Spital wird zum Wohnhaus - IMMOBILIEN Business\",\"isPartOf\":{\"@id\":\"https:\\\/\\\/www.immobilienbusiness.ch\\\/#website\"},\"primaryImageOfPage\":{\"@id\":\"https:\\\/\\\/www.immobilienbusiness.ch\\\/fr\\\/regionen\\\/2018-04-03\\\/basel-felix-platter-spital-wird-miteinanderhaus\\\/#primaryimage\"},\"image\":{\"@id\":\"https:\\\/\\\/www.immobilienbusiness.ch\\\/fr\\\/regionen\\\/2018-04-03\\\/basel-felix-platter-spital-wird-miteinanderhaus\\\/#primaryimage\"},\"thumbnailUrl\":\"https:\\\/\\\/www.immobilienbusiness.ch\\\/wp-content\\\/uploads\\\/2018\\\/04\\\/Umnutzung_Felix_Platter-Spital_Aussenansicht_Muller_Sigrist_Rapp_wohnenmehr_klein.jpg\",\"datePublished\":\"2018-04-03T08:18:48+00:00\",\"description\":\"Der Studienauftrag zur Umnutzung des Felix-Platter-Spitals in Basel ist entschieden. Umgesetzt werden soll das Projekt der B\u00fcros M\u00fcller Sigrist Architekte aus Z\u00fcrich und Rapp Architekten aus Basel\\\/ M\u00fcnchenstein.\",\"breadcrumb\":{\"@id\":\"https:\\\/\\\/www.immobilienbusiness.ch\\\/fr\\\/regionen\\\/2018-04-03\\\/basel-felix-platter-spital-wird-miteinanderhaus\\\/#breadcrumb\"},\"inLanguage\":\"it-IT\",\"potentialAction\":[{\"@type\":\"ReadAction\",\"target\":[\"https:\\\/\\\/www.immobilienbusiness.ch\\\/fr\\\/regionen\\\/2018-04-03\\\/basel-felix-platter-spital-wird-miteinanderhaus\\\/\"]}]},{\"@type\":\"ImageObject\",\"inLanguage\":\"it-IT\",\"@id\":\"https:\\\/\\\/www.immobilienbusiness.ch\\\/fr\\\/regionen\\\/2018-04-03\\\/basel-felix-platter-spital-wird-miteinanderhaus\\\/#primaryimage\",\"url\":\"https:\\\/\\\/www.immobilienbusiness.ch\\\/wp-content\\\/uploads\\\/2018\\\/04\\\/Umnutzung_Felix_Platter-Spital_Aussenansicht_Muller_Sigrist_Rapp_wohnenmehr_klein.jpg\",\"contentUrl\":\"https:\\\/\\\/www.immobilienbusiness.ch\\\/wp-content\\\/uploads\\\/2018\\\/04\\\/Umnutzung_Felix_Platter-Spital_Aussenansicht_Muller_Sigrist_Rapp_wohnenmehr_klein.jpg\",\"width\":1729,\"height\":1181,\"caption\":\"Umnutzung_Felix_Platter-Spital_Aussenansicht_Muller_Sigrist_Rapp_wohnenmehr_klein\"},{\"@type\":\"BreadcrumbList\",\"@id\":\"https:\\\/\\\/www.immobilienbusiness.ch\\\/fr\\\/regionen\\\/2018-04-03\\\/basel-felix-platter-spital-wird-miteinanderhaus\\\/#breadcrumb\",\"itemListElement\":[{\"@type\":\"ListItem\",\"position\":1,\"name\":\"Home\",\"item\":\"https:\\\/\\\/www.immobilienbusiness.ch\\\/\"},{\"@type\":\"ListItem\",\"position\":2,\"name\":\"Basel: Felix-Platter-Spital wird zum Wohnhaus\"}]},{\"@type\":\"WebSite\",\"@id\":\"https:\\\/\\\/www.immobilienbusiness.ch\\\/#website\",\"url\":\"https:\\\/\\\/www.immobilienbusiness.ch\\\/\",\"name\":\"IMMOBILIEN Business\",\"description\":\"Unabh\u00e4ngiges Schweizer Wirtschaftsmagazin mit Fokus auf Immobilien, Architektur- und Bau sowie Investment- und Finanzierung.\",\"publisher\":{\"@id\":\"https:\\\/\\\/www.immobilienbusiness.ch\\\/#organization\"},\"potentialAction\":[{\"@type\":\"SearchAction\",\"target\":{\"@type\":\"EntryPoint\",\"urlTemplate\":\"https:\\\/\\\/www.immobilienbusiness.ch\\\/?s={search_term_string}\"},\"query-input\":{\"@type\":\"PropertyValueSpecification\",\"valueRequired\":true,\"valueName\":\"search_term_string\"}}],\"inLanguage\":\"it-IT\"},{\"@type\":\"Organization\",\"@id\":\"https:\\\/\\\/www.immobilienbusiness.ch\\\/#organization\",\"name\":\"IMMOBILIEN Business\",\"url\":\"https:\\\/\\\/www.immobilienbusiness.ch\\\/\",\"logo\":{\"@type\":\"ImageObject\",\"inLanguage\":\"it-IT\",\"@id\":\"https:\\\/\\\/www.immobilienbusiness.ch\\\/#\\\/schema\\\/logo\\\/image\\\/\",\"url\":\"https:\\\/\\\/www.immobilienbusiness.ch\\\/wp-content\\\/uploads\\\/2021\\\/07\\\/logo_ib.png\",\"contentUrl\":\"https:\\\/\\\/www.immobilienbusiness.ch\\\/wp-content\\\/uploads\\\/2021\\\/07\\\/logo_ib.png\",\"width\":800,\"height\":181,\"caption\":\"IMMOBILIEN Business\"},\"image\":{\"@id\":\"https:\\\/\\\/www.immobilienbusiness.ch\\\/#\\\/schema\\\/logo\\\/image\\\/\"},\"sameAs\":[\"https:\\\/\\\/www.facebook.com\\\/immobilienbusiness\\\/\"]},{\"@type\":\"Person\",\"@id\":\"https:\\\/\\\/www.immobilienbusiness.ch\\\/#\\\/schema\\\/person\\\/3fc036297b10b9f42d6db5ee932af8c8\",\"name\":\"anja.hall\",\"image\":{\"@type\":\"ImageObject\",\"inLanguage\":\"it-IT\",\"@id\":\"https:\\\/\\\/secure.gravatar.com\\\/avatar\\\/066b5a0d447013502c71a5782f4f3469f03cfe595cc2329fb94652fe47511bfb?s=96&d=mm&r=g\",\"url\":\"https:\\\/\\\/secure.gravatar.com\\\/avatar\\\/066b5a0d447013502c71a5782f4f3469f03cfe595cc2329fb94652fe47511bfb?s=96&d=mm&r=g\",\"contentUrl\":\"https:\\\/\\\/secure.gravatar.com\\\/avatar\\\/066b5a0d447013502c71a5782f4f3469f03cfe595cc2329fb94652fe47511bfb?s=96&d=mm&r=g\",\"caption\":\"anja.hall\"},\"url\":\"https:\\\/\\\/www.immobilienbusiness.ch\\\/it\\\/author\\\/anja-hall\\\/\"}]}<\/script>\n<!-- \/ Yoast SEO plugin. -->","yoast_head_json":{"title":"Basel: Felix-Platter-Spital wird zum Wohnhaus - IMMOBILIEN Business","description":"\u00c8 stata decisa la commissione di studio per la conversione dell'ospedale Felix Platter di Basilea. Il progetto di M\u00fcller Sigrist Architects di Zurigo e Rapp Architects di Basilea\/M\u00fcnchenstein sar\u00e0 realizzato.","robots":{"index":"index","follow":"follow","max-snippet":"max-snippet:-1","max-image-preview":"max-image-preview:large","max-video-preview":"max-video-preview:-1"},"canonical":"https:\/\/www.immobilienbusiness.ch\/it\/regionen\/2018-04-03\/basel-felix-platter-spital-wird-miteinanderhaus\/","og_locale":"it_IT","og_type":"article","og_title":"Basel: Felix-Platter-Spital wird zum Wohnhaus - IMMOBILIEN Business","og_description":"Der Studienauftrag zur Umnutzung des Felix-Platter-Spitals in Basel ist entschieden. Umgesetzt werden soll das Projekt der B\u00fcros M\u00fcller Sigrist Architekte aus Z\u00fcrich und Rapp Architekten aus Basel\/ M\u00fcnchenstein.","og_url":"https:\/\/www.immobilienbusiness.ch\/it\/regionen\/2018-04-03\/basel-felix-platter-spital-wird-miteinanderhaus\/","og_site_name":"IMMOBILIEN Business","article_publisher":"https:\/\/www.facebook.com\/immobilienbusiness\/","article_published_time":"2018-04-03T08:18:48+00:00","og_image":[{"width":1729,"height":1181,"url":"https:\/\/www.immobilienbusiness.ch\/wp-content\/uploads\/2018\/04\/Umnutzung_Felix_Platter-Spital_Aussenansicht_Muller_Sigrist_Rapp_wohnenmehr_klein.jpg","type":"image\/jpeg"}],"author":"anja.hall","twitter_card":"summary_large_image","twitter_image":"https:\/\/www.immobilienbusiness.ch\/wp-content\/uploads\/2018\/04\/Umnutzung_Felix_Platter-Spital_Aussenansicht_Muller_Sigrist_Rapp_wohnenmehr_klein.jpg","schema":{"@context":"https:\/\/schema.org","@graph":[{"@type":"Article","@id":"https:\/\/www.immobilienbusiness.ch\/fr\/regionen\/2018-04-03\/basel-felix-platter-spital-wird-miteinanderhaus\/#article","isPartOf":{"@id":"https:\/\/www.immobilienbusiness.ch\/fr\/regionen\/2018-04-03\/basel-felix-platter-spital-wird-miteinanderhaus\/"},"author":{"name":"anja.hall","@id":"https:\/\/www.immobilienbusiness.ch\/#\/schema\/person\/3fc036297b10b9f42d6db5ee932af8c8"},"headline":"Basel: Felix-Platter-Spital wird zum Wohnhaus","datePublished":"2018-04-03T08:18:48+00:00","mainEntityOfPage":{"@id":"https:\/\/www.immobilienbusiness.ch\/fr\/regionen\/2018-04-03\/basel-felix-platter-spital-wird-miteinanderhaus\/"},"wordCount":244,"commentCount":0,"publisher":{"@id":"https:\/\/www.immobilienbusiness.ch\/#organization"},"image":{"@id":"https:\/\/www.immobilienbusiness.ch\/fr\/regionen\/2018-04-03\/basel-felix-platter-spital-wird-miteinanderhaus\/#primaryimage"},"thumbnailUrl":"https:\/\/www.immobilienbusiness.ch\/wp-content\/uploads\/2018\/04\/Umnutzung_Felix_Platter-Spital_Aussenansicht_Muller_Sigrist_Rapp_wohnenmehr_klein.jpg","keywords":["Basel","Baugenossenschaft","Projekt in Planung","Umnutzung","Wohnimmobilien"],"articleSection":["REGIONEN"],"inLanguage":"it-IT"},{"@type":"WebPage","@id":"https:\/\/www.immobilienbusiness.ch\/fr\/regionen\/2018-04-03\/basel-felix-platter-spital-wird-miteinanderhaus\/","url":"https:\/\/www.immobilienbusiness.ch\/fr\/regionen\/2018-04-03\/basel-felix-platter-spital-wird-miteinanderhaus\/","name":"Basel: Felix-Platter-Spital wird zum Wohnhaus - IMMOBILIEN Business","isPartOf":{"@id":"https:\/\/www.immobilienbusiness.ch\/#website"},"primaryImageOfPage":{"@id":"https:\/\/www.immobilienbusiness.ch\/fr\/regionen\/2018-04-03\/basel-felix-platter-spital-wird-miteinanderhaus\/#primaryimage"},"image":{"@id":"https:\/\/www.immobilienbusiness.ch\/fr\/regionen\/2018-04-03\/basel-felix-platter-spital-wird-miteinanderhaus\/#primaryimage"},"thumbnailUrl":"https:\/\/www.immobilienbusiness.ch\/wp-content\/uploads\/2018\/04\/Umnutzung_Felix_Platter-Spital_Aussenansicht_Muller_Sigrist_Rapp_wohnenmehr_klein.jpg","datePublished":"2018-04-03T08:18:48+00:00","description":"\u00c8 stata decisa la commissione di studio per la conversione dell'ospedale Felix Platter di Basilea. Il progetto di M\u00fcller Sigrist Architects di Zurigo e Rapp Architects di Basilea\/M\u00fcnchenstein sar\u00e0 realizzato.","breadcrumb":{"@id":"https:\/\/www.immobilienbusiness.ch\/fr\/regionen\/2018-04-03\/basel-felix-platter-spital-wird-miteinanderhaus\/#breadcrumb"},"inLanguage":"it-IT","potentialAction":[{"@type":"ReadAction","target":["https:\/\/www.immobilienbusiness.ch\/fr\/regionen\/2018-04-03\/basel-felix-platter-spital-wird-miteinanderhaus\/"]}]},{"@type":"ImageObject","inLanguage":"it-IT","@id":"https:\/\/www.immobilienbusiness.ch\/fr\/regionen\/2018-04-03\/basel-felix-platter-spital-wird-miteinanderhaus\/#primaryimage","url":"https:\/\/www.immobilienbusiness.ch\/wp-content\/uploads\/2018\/04\/Umnutzung_Felix_Platter-Spital_Aussenansicht_Muller_Sigrist_Rapp_wohnenmehr_klein.jpg","contentUrl":"https:\/\/www.immobilienbusiness.ch\/wp-content\/uploads\/2018\/04\/Umnutzung_Felix_Platter-Spital_Aussenansicht_Muller_Sigrist_Rapp_wohnenmehr_klein.jpg","width":1729,"height":1181,"caption":"Umnutzung_Felix_Platter-Spital_Aussenansicht_Muller_Sigrist_Rapp_wohnenmehr_klein"},{"@type":"BreadcrumbList","@id":"https:\/\/www.immobilienbusiness.ch\/fr\/regionen\/2018-04-03\/basel-felix-platter-spital-wird-miteinanderhaus\/#breadcrumb","itemListElement":[{"@type":"ListItem","position":1,"name":"Home","item":"https:\/\/www.immobilienbusiness.ch\/"},{"@type":"ListItem","position":2,"name":"Basel: Felix-Platter-Spital wird zum Wohnhaus"}]},{"@type":"WebSite","@id":"https:\/\/www.immobilienbusiness.ch\/#website","url":"https:\/\/www.immobilienbusiness.ch\/","name":"Affari immobiliari","description":"Rivista economica indipendente svizzera che si concentra sul settore immobiliare, l'architettura e la costruzione, nonch\u00e9 sugli investimenti e i finanziamenti.","publisher":{"@id":"https:\/\/www.immobilienbusiness.ch\/#organization"},"potentialAction":[{"@type":"SearchAction","target":{"@type":"EntryPoint","urlTemplate":"https:\/\/www.immobilienbusiness.ch\/?s={search_term_string}"},"query-input":{"@type":"PropertyValueSpecification","valueRequired":true,"valueName":"search_term_string"}}],"inLanguage":"it-IT"},{"@type":"Organization","@id":"https:\/\/www.immobilienbusiness.ch\/#organization","name":"Affari immobiliari","url":"https:\/\/www.immobilienbusiness.ch\/","logo":{"@type":"ImageObject","inLanguage":"it-IT","@id":"https:\/\/www.immobilienbusiness.ch\/#\/schema\/logo\/image\/","url":"https:\/\/www.immobilienbusiness.ch\/wp-content\/uploads\/2021\/07\/logo_ib.png","contentUrl":"https:\/\/www.immobilienbusiness.ch\/wp-content\/uploads\/2021\/07\/logo_ib.png","width":800,"height":181,"caption":"IMMOBILIEN Business"},"image":{"@id":"https:\/\/www.immobilienbusiness.ch\/#\/schema\/logo\/image\/"},"sameAs":["https:\/\/www.facebook.com\/immobilienbusiness\/"]},{"@type":"Person","@id":"https:\/\/www.immobilienbusiness.ch\/#\/schema\/person\/3fc036297b10b9f42d6db5ee932af8c8","name":"anja.hall","image":{"@type":"ImageObject","inLanguage":"it-IT","@id":"https:\/\/secure.gravatar.com\/avatar\/066b5a0d447013502c71a5782f4f3469f03cfe595cc2329fb94652fe47511bfb?s=96&d=mm&r=g","url":"https:\/\/secure.gravatar.com\/avatar\/066b5a0d447013502c71a5782f4f3469f03cfe595cc2329fb94652fe47511bfb?s=96&d=mm&r=g","contentUrl":"https:\/\/secure.gravatar.com\/avatar\/066b5a0d447013502c71a5782f4f3469f03cfe595cc2329fb94652fe47511bfb?s=96&d=mm&r=g","caption":"anja.hall"},"url":"https:\/\/www.immobilienbusiness.ch\/it\/author\/anja-hall\/"}]}},"_links":{"self":[{"href":"https:\/\/www.immobilienbusiness.ch\/it\/wp-json\/wp\/v2\/posts\/11904","targetHints":{"allow":["GET"]}}],"collection":[{"href":"https:\/\/www.immobilienbusiness.ch\/it\/wp-json\/wp\/v2\/posts"}],"about":[{"href":"https:\/\/www.immobilienbusiness.ch\/it\/wp-json\/wp\/v2\/types\/post"}],"author":[{"embeddable":true,"href":"https:\/\/www.immobilienbusiness.ch\/it\/wp-json\/wp\/v2\/users\/3"}],"replies":[{"embeddable":true,"href":"https:\/\/www.immobilienbusiness.ch\/it\/wp-json\/wp\/v2\/comments?post=11904"}],"version-history":[{"count":0,"href":"https:\/\/www.immobilienbusiness.ch\/it\/wp-json\/wp\/v2\/posts\/11904\/revisions"}],"wp:featuredmedia":[{"embeddable":true,"href":"https:\/\/www.immobilienbusiness.ch\/it\/wp-json\/wp\/v2\/media\/11942"}],"wp:attachment":[{"href":"https:\/\/www.immobilienbusiness.ch\/it\/wp-json\/wp\/v2\/media?parent=11904"}],"wp:term":[{"taxonomy":"category","embeddable":true,"href":"https:\/\/www.immobilienbusiness.ch\/it\/wp-json\/wp\/v2\/categories?post=11904"},{"taxonomy":"post_tag","embeddable":true,"href":"https:\/\/www.immobilienbusiness.ch\/it\/wp-json\/wp\/v2\/tags?post=11904"}],"curies":[{"name":"wp","href":"https:\/\/api.w.org\/{rel}","templated":true}]}}