{"id":11826,"date":"2018-03-23T08:04:12","date_gmt":"2018-03-23T07:04:12","guid":{"rendered":"https:\/\/www.immobilienbusiness.ch\/?p=11826"},"modified":"2018-03-23T08:04:12","modified_gmt":"2018-03-23T07:04:12","slug":"bfw-liegenschaften-veraenderung-im-verwaltungsrat","status":"publish","type":"post","link":"https:\/\/www.immobilienbusiness.ch\/it\/unternehmen\/2018-03-23\/bfw-liegenschaften-veraenderung-im-verwaltungsrat\/","title":{"rendered":"BFW Liegenschaften: cambio del Consiglio di Amministrazione"},"content":{"rendered":"<figure id=\"attachment_7926\" aria-describedby=\"caption-attachment-7926\" style=\"width: 680px\" class=\"wp-caption alignnone\"><img loading=\"lazy\" decoding=\"async\" class=\"size-medium wp-image-7926\" src=\"https:\/\/www.immobilienbusiness.ch\/wp-content\/uploads\/2017\/06\/Depositphotos_71529275_m-2015.jpg\" alt=\"\" width=\"680\" height=\"445\" srcset=\"https:\/\/www.immobilienbusiness.ch\/wp-content\/uploads\/2017\/06\/Depositphotos_71529275_m-2015.jpg 1000w, https:\/\/www.immobilienbusiness.ch\/wp-content\/uploads\/2017\/06\/Depositphotos_71529275_m-2015-300x196.jpg 300w, https:\/\/www.immobilienbusiness.ch\/wp-content\/uploads\/2017\/06\/Depositphotos_71529275_m-2015-768x502.jpg 768w, https:\/\/www.immobilienbusiness.ch\/wp-content\/uploads\/2017\/06\/Depositphotos_71529275_m-2015-16x10.jpg 16w, https:\/\/www.immobilienbusiness.ch\/wp-content\/uploads\/2017\/06\/Depositphotos_71529275_m-2015-268x175.jpg 268w, https:\/\/www.immobilienbusiness.ch\/wp-content\/uploads\/2017\/06\/Depositphotos_71529275_m-2015-535x350.jpg 535w, https:\/\/www.immobilienbusiness.ch\/wp-content\/uploads\/2017\/06\/Depositphotos_71529275_m-2015-920x602.jpg 920w\" sizes=\"auto, (max-width: 680px) 100vw, 680px\" \/><figcaption id=\"caption-attachment-7926\" class=\"wp-caption-text\">Ci saranno cambiamenti nel consiglio di amministrazione di BFW Liegenschaften (Foto: Rawpixel - depositphotos)<\/figcaption><\/figure>\n<p>Hans J\u00f6rg Brun era il rappresentante degli azionisti registrati A nel Consiglio di amministrazione di BFW Liegenschaften. In occasione dell'Assemblea generale 2018 del 3 maggio, un nuovo rappresentante dovr\u00e0 essere nominato dagli azionisti registrati A in un'assemblea speciale; questa persona sar\u00e0 poi proposta all'Assemblea generale annuale per l'elezione nel Consiglio di amministrazione.<\/p>\n<p>Il Prof. Dr. Dr. Christian Wunderlin di Zullwil \u00e8 gi\u00e0 stato proposto per la nomina come rappresentante del maggiore azionista registrato A. Wunderlin (nato nel 1968, svizzero) \u00e8 vicepresidente del Consiglio di amministrazione e presidente del Comitato rischi della Banca Cler, quotata alla SIX Swiss Exchange. \u00c8 inoltre membro del Consiglio di Amministrazione di AMAG Leasing AG e di Admicasa Holding, con le cui controllate Admicasa Management e Admicasa Verwaltung BFW Liegenschaften ha stipulato contratti per servizi di gestione e di property management.<\/p>\n<p>Wunderlin fa anche parte dei consigli di amministrazione di diverse aziende di medie dimensioni nei settori finanziario, informatico e architettonico\/immobiliare. Fino alla fine del 2018, sar\u00e0 docente a tempo parziale presso l'Institute for Financial Services Zug IFZ dell'Universit\u00e0 di Scienze Applicate e Arti di Lucerna. \u00c8 stato docente a tempo pieno dal 2007 al 2015.<\/p>","protected":false},"excerpt":{"rendered":"<p>Hans J\u00f6rg Brun, membro del Consiglio di amministrazione di BFW Liegenschaften dal 2010, si ritira dal Consiglio alla fine del suo mandato. Gli succeder\u00e0 il Prof. Dr. Dr. Christian Wunderlin.<\/p>","protected":false},"author":3,"featured_media":7926,"comment_status":"open","ping_status":"open","sticky":false,"template":"","format":"standard","meta":{"_acf_changed":false,"_yoast_wpseo_focuskw":"BFW","_yoast_wpseo_title":"","_yoast_wpseo_metadesc":"Hans J\u00f6rg Brun, seit 2010 Verwaltungsratsmitglied der BFW Liegenschaften, zieht sich mit Ablauf seiner Amtszeit aus dem Gremium zur\u00fcck. Sein Nachfolger soll Prof. Dr. Dr. Christian Wunderland werden.","_yoast_wpseo_linkdex":58,"pgc_sgb_lightbox_settings":"","footnotes":""},"categories":[988],"tags":[1096,1563,1807],"class_list":["post-11826","post","type-post","status-publish","format-standard","has-post-thumbnail","hentry","category-unternehmen","tag-bfw-liegenschaften-ag","tag-personalia","tag-unternehmen"],"acf":[],"yoast_head":"<!-- This site is optimized with the Yoast SEO plugin v27.4 - https:\/\/yoast.com\/product\/yoast-seo-wordpress\/ -->\n<title>BFW Liegenschaften: Ver\u00e4nderung im Verwaltungsrat - IMMOBILIEN Business<\/title>\n<meta name=\"description\" content=\"Hans J\u00f6rg Brun, seit 2010 Verwaltungsratsmitglied der BFW Liegenschaften, zieht sich mit Ablauf seiner Amtszeit aus dem Gremium zur\u00fcck. Sein Nachfolger soll Prof. Dr. Dr. Christian Wunderland werden.\" \/>\n<meta name=\"robots\" content=\"index, follow, max-snippet:-1, max-image-preview:large, max-video-preview:-1\" \/>\n<link rel=\"canonical\" href=\"https:\/\/www.immobilienbusiness.ch\/it\/unternehmen\/2018-03-23\/bfw-liegenschaften-veraenderung-im-verwaltungsrat\/\" \/>\n<meta property=\"og:locale\" content=\"it_IT\" \/>\n<meta property=\"og:type\" content=\"article\" \/>\n<meta property=\"og:title\" content=\"BFW Liegenschaften: Ver\u00e4nderung im Verwaltungsrat - IMMOBILIEN Business\" \/>\n<meta property=\"og:description\" content=\"Hans J\u00f6rg Brun, seit 2010 Verwaltungsratsmitglied der BFW Liegenschaften, zieht sich mit Ablauf seiner Amtszeit aus dem Gremium zur\u00fcck. Sein Nachfolger soll Prof. Dr. Dr. Christian Wunderland werden.\" \/>\n<meta property=\"og:url\" content=\"https:\/\/www.immobilienbusiness.ch\/it\/unternehmen\/2018-03-23\/bfw-liegenschaften-veraenderung-im-verwaltungsrat\/\" \/>\n<meta property=\"og:site_name\" content=\"IMMOBILIEN Business\" \/>\n<meta property=\"article:publisher\" content=\"https:\/\/www.facebook.com\/immobilienbusiness\/\" \/>\n<meta property=\"article:published_time\" content=\"2018-03-23T07:04:12+00:00\" \/>\n<meta property=\"og:image\" content=\"https:\/\/www.immobilienbusiness.ch\/wp-content\/uploads\/2017\/06\/Depositphotos_71529275_m-2015.jpg\" \/>\n\t<meta property=\"og:image:width\" content=\"1000\" \/>\n\t<meta property=\"og:image:height\" content=\"654\" \/>\n\t<meta property=\"og:image:type\" content=\"image\/jpeg\" \/>\n<meta name=\"author\" content=\"anja.hall\" \/>\n<meta name=\"twitter:card\" content=\"summary_large_image\" \/>\n<meta name=\"twitter:image\" content=\"https:\/\/www.immobilienbusiness.ch\/wp-content\/uploads\/2017\/06\/Depositphotos_71529275_m-2015.jpg\" \/>\n<script type=\"application\/ld+json\" class=\"yoast-schema-graph\">{\"@context\":\"https:\\\/\\\/schema.org\",\"@graph\":[{\"@type\":\"Article\",\"@id\":\"https:\\\/\\\/www.immobilienbusiness.ch\\\/unternehmen\\\/2018-03-23\\\/bfw-liegenschaften-veraenderung-im-verwaltungsrat\\\/#article\",\"isPartOf\":{\"@id\":\"https:\\\/\\\/www.immobilienbusiness.ch\\\/unternehmen\\\/2018-03-23\\\/bfw-liegenschaften-veraenderung-im-verwaltungsrat\\\/\"},\"author\":{\"name\":\"anja.hall\",\"@id\":\"https:\\\/\\\/www.immobilienbusiness.ch\\\/#\\\/schema\\\/person\\\/3fc036297b10b9f42d6db5ee932af8c8\"},\"headline\":\"BFW Liegenschaften: Ver\u00e4nderung im Verwaltungsrat\",\"datePublished\":\"2018-03-23T07:04:12+00:00\",\"mainEntityOfPage\":{\"@id\":\"https:\\\/\\\/www.immobilienbusiness.ch\\\/unternehmen\\\/2018-03-23\\\/bfw-liegenschaften-veraenderung-im-verwaltungsrat\\\/\"},\"wordCount\":190,\"commentCount\":0,\"publisher\":{\"@id\":\"https:\\\/\\\/www.immobilienbusiness.ch\\\/#organization\"},\"image\":{\"@id\":\"https:\\\/\\\/www.immobilienbusiness.ch\\\/unternehmen\\\/2018-03-23\\\/bfw-liegenschaften-veraenderung-im-verwaltungsrat\\\/#primaryimage\"},\"thumbnailUrl\":\"https:\\\/\\\/www.immobilienbusiness.ch\\\/wp-content\\\/uploads\\\/2017\\\/06\\\/Depositphotos_71529275_m-2015.jpg\",\"keywords\":[\"bfw liegenschaften ag\",\"Personalia\",\"Unternehmen\"],\"articleSection\":[\"UNTERNEHMEN\"],\"inLanguage\":\"it-IT\"},{\"@type\":\"WebPage\",\"@id\":\"https:\\\/\\\/www.immobilienbusiness.ch\\\/unternehmen\\\/2018-03-23\\\/bfw-liegenschaften-veraenderung-im-verwaltungsrat\\\/\",\"url\":\"https:\\\/\\\/www.immobilienbusiness.ch\\\/unternehmen\\\/2018-03-23\\\/bfw-liegenschaften-veraenderung-im-verwaltungsrat\\\/\",\"name\":\"BFW Liegenschaften: Ver\u00e4nderung im Verwaltungsrat - IMMOBILIEN Business\",\"isPartOf\":{\"@id\":\"https:\\\/\\\/www.immobilienbusiness.ch\\\/#website\"},\"primaryImageOfPage\":{\"@id\":\"https:\\\/\\\/www.immobilienbusiness.ch\\\/unternehmen\\\/2018-03-23\\\/bfw-liegenschaften-veraenderung-im-verwaltungsrat\\\/#primaryimage\"},\"image\":{\"@id\":\"https:\\\/\\\/www.immobilienbusiness.ch\\\/unternehmen\\\/2018-03-23\\\/bfw-liegenschaften-veraenderung-im-verwaltungsrat\\\/#primaryimage\"},\"thumbnailUrl\":\"https:\\\/\\\/www.immobilienbusiness.ch\\\/wp-content\\\/uploads\\\/2017\\\/06\\\/Depositphotos_71529275_m-2015.jpg\",\"datePublished\":\"2018-03-23T07:04:12+00:00\",\"description\":\"Hans J\u00f6rg Brun, seit 2010 Verwaltungsratsmitglied der BFW Liegenschaften, zieht sich mit Ablauf seiner Amtszeit aus dem Gremium zur\u00fcck. Sein Nachfolger soll Prof. Dr. Dr. Christian Wunderland werden.\",\"breadcrumb\":{\"@id\":\"https:\\\/\\\/www.immobilienbusiness.ch\\\/unternehmen\\\/2018-03-23\\\/bfw-liegenschaften-veraenderung-im-verwaltungsrat\\\/#breadcrumb\"},\"inLanguage\":\"it-IT\",\"potentialAction\":[{\"@type\":\"ReadAction\",\"target\":[\"https:\\\/\\\/www.immobilienbusiness.ch\\\/unternehmen\\\/2018-03-23\\\/bfw-liegenschaften-veraenderung-im-verwaltungsrat\\\/\"]}]},{\"@type\":\"ImageObject\",\"inLanguage\":\"it-IT\",\"@id\":\"https:\\\/\\\/www.immobilienbusiness.ch\\\/unternehmen\\\/2018-03-23\\\/bfw-liegenschaften-veraenderung-im-verwaltungsrat\\\/#primaryimage\",\"url\":\"https:\\\/\\\/www.immobilienbusiness.ch\\\/wp-content\\\/uploads\\\/2017\\\/06\\\/Depositphotos_71529275_m-2015.jpg\",\"contentUrl\":\"https:\\\/\\\/www.immobilienbusiness.ch\\\/wp-content\\\/uploads\\\/2017\\\/06\\\/Depositphotos_71529275_m-2015.jpg\",\"width\":1000,\"height\":654,\"caption\":\"Im Verwaltungsrat der PSP soll es im Fr\u00fchjahr einen Neuzugang geben (Foto: Rawpixel - depositphotos)\"},{\"@type\":\"BreadcrumbList\",\"@id\":\"https:\\\/\\\/www.immobilienbusiness.ch\\\/unternehmen\\\/2018-03-23\\\/bfw-liegenschaften-veraenderung-im-verwaltungsrat\\\/#breadcrumb\",\"itemListElement\":[{\"@type\":\"ListItem\",\"position\":1,\"name\":\"Home\",\"item\":\"https:\\\/\\\/www.immobilienbusiness.ch\\\/\"},{\"@type\":\"ListItem\",\"position\":2,\"name\":\"BFW Liegenschaften: Ver\u00e4nderung im Verwaltungsrat\"}]},{\"@type\":\"WebSite\",\"@id\":\"https:\\\/\\\/www.immobilienbusiness.ch\\\/#website\",\"url\":\"https:\\\/\\\/www.immobilienbusiness.ch\\\/\",\"name\":\"IMMOBILIEN Business\",\"description\":\"Unabh\u00e4ngiges Schweizer Wirtschaftsmagazin mit Fokus auf Immobilien, Architektur- und Bau sowie Investment- und Finanzierung.\",\"publisher\":{\"@id\":\"https:\\\/\\\/www.immobilienbusiness.ch\\\/#organization\"},\"potentialAction\":[{\"@type\":\"SearchAction\",\"target\":{\"@type\":\"EntryPoint\",\"urlTemplate\":\"https:\\\/\\\/www.immobilienbusiness.ch\\\/?s={search_term_string}\"},\"query-input\":{\"@type\":\"PropertyValueSpecification\",\"valueRequired\":true,\"valueName\":\"search_term_string\"}}],\"inLanguage\":\"it-IT\"},{\"@type\":\"Organization\",\"@id\":\"https:\\\/\\\/www.immobilienbusiness.ch\\\/#organization\",\"name\":\"IMMOBILIEN Business\",\"url\":\"https:\\\/\\\/www.immobilienbusiness.ch\\\/\",\"logo\":{\"@type\":\"ImageObject\",\"inLanguage\":\"it-IT\",\"@id\":\"https:\\\/\\\/www.immobilienbusiness.ch\\\/#\\\/schema\\\/logo\\\/image\\\/\",\"url\":\"https:\\\/\\\/www.immobilienbusiness.ch\\\/wp-content\\\/uploads\\\/2021\\\/07\\\/logo_ib.png\",\"contentUrl\":\"https:\\\/\\\/www.immobilienbusiness.ch\\\/wp-content\\\/uploads\\\/2021\\\/07\\\/logo_ib.png\",\"width\":800,\"height\":181,\"caption\":\"IMMOBILIEN Business\"},\"image\":{\"@id\":\"https:\\\/\\\/www.immobilienbusiness.ch\\\/#\\\/schema\\\/logo\\\/image\\\/\"},\"sameAs\":[\"https:\\\/\\\/www.facebook.com\\\/immobilienbusiness\\\/\"]},{\"@type\":\"Person\",\"@id\":\"https:\\\/\\\/www.immobilienbusiness.ch\\\/#\\\/schema\\\/person\\\/3fc036297b10b9f42d6db5ee932af8c8\",\"name\":\"anja.hall\",\"image\":{\"@type\":\"ImageObject\",\"inLanguage\":\"it-IT\",\"@id\":\"https:\\\/\\\/secure.gravatar.com\\\/avatar\\\/066b5a0d447013502c71a5782f4f3469f03cfe595cc2329fb94652fe47511bfb?s=96&d=mm&r=g\",\"url\":\"https:\\\/\\\/secure.gravatar.com\\\/avatar\\\/066b5a0d447013502c71a5782f4f3469f03cfe595cc2329fb94652fe47511bfb?s=96&d=mm&r=g\",\"contentUrl\":\"https:\\\/\\\/secure.gravatar.com\\\/avatar\\\/066b5a0d447013502c71a5782f4f3469f03cfe595cc2329fb94652fe47511bfb?s=96&d=mm&r=g\",\"caption\":\"anja.hall\"},\"url\":\"https:\\\/\\\/www.immobilienbusiness.ch\\\/it\\\/author\\\/anja-hall\\\/\"}]}<\/script>\n<!-- \/ Yoast SEO plugin. -->","yoast_head_json":{"title":"BFW Liegenschaften: Ver\u00e4nderung im Verwaltungsrat - IMMOBILIEN Business","description":"Hans J\u00f6rg Brun, seit 2010 Verwaltungsratsmitglied der BFW Liegenschaften, zieht sich mit Ablauf seiner Amtszeit aus dem Gremium zur\u00fcck. Sein Nachfolger soll Prof. Dr. Dr. Christian Wunderland werden.","robots":{"index":"index","follow":"follow","max-snippet":"max-snippet:-1","max-image-preview":"max-image-preview:large","max-video-preview":"max-video-preview:-1"},"canonical":"https:\/\/www.immobilienbusiness.ch\/it\/unternehmen\/2018-03-23\/bfw-liegenschaften-veraenderung-im-verwaltungsrat\/","og_locale":"it_IT","og_type":"article","og_title":"BFW Liegenschaften: Ver\u00e4nderung im Verwaltungsrat - IMMOBILIEN Business","og_description":"Hans J\u00f6rg Brun, seit 2010 Verwaltungsratsmitglied der BFW Liegenschaften, zieht sich mit Ablauf seiner Amtszeit aus dem Gremium zur\u00fcck. Sein Nachfolger soll Prof. Dr. Dr. Christian Wunderland werden.","og_url":"https:\/\/www.immobilienbusiness.ch\/it\/unternehmen\/2018-03-23\/bfw-liegenschaften-veraenderung-im-verwaltungsrat\/","og_site_name":"IMMOBILIEN Business","article_publisher":"https:\/\/www.facebook.com\/immobilienbusiness\/","article_published_time":"2018-03-23T07:04:12+00:00","og_image":[{"width":1000,"height":654,"url":"https:\/\/www.immobilienbusiness.ch\/wp-content\/uploads\/2017\/06\/Depositphotos_71529275_m-2015.jpg","type":"image\/jpeg"}],"author":"anja.hall","twitter_card":"summary_large_image","twitter_image":"https:\/\/www.immobilienbusiness.ch\/wp-content\/uploads\/2017\/06\/Depositphotos_71529275_m-2015.jpg","schema":{"@context":"https:\/\/schema.org","@graph":[{"@type":"Article","@id":"https:\/\/www.immobilienbusiness.ch\/unternehmen\/2018-03-23\/bfw-liegenschaften-veraenderung-im-verwaltungsrat\/#article","isPartOf":{"@id":"https:\/\/www.immobilienbusiness.ch\/unternehmen\/2018-03-23\/bfw-liegenschaften-veraenderung-im-verwaltungsrat\/"},"author":{"name":"anja.hall","@id":"https:\/\/www.immobilienbusiness.ch\/#\/schema\/person\/3fc036297b10b9f42d6db5ee932af8c8"},"headline":"BFW Liegenschaften: Ver\u00e4nderung im Verwaltungsrat","datePublished":"2018-03-23T07:04:12+00:00","mainEntityOfPage":{"@id":"https:\/\/www.immobilienbusiness.ch\/unternehmen\/2018-03-23\/bfw-liegenschaften-veraenderung-im-verwaltungsrat\/"},"wordCount":190,"commentCount":0,"publisher":{"@id":"https:\/\/www.immobilienbusiness.ch\/#organization"},"image":{"@id":"https:\/\/www.immobilienbusiness.ch\/unternehmen\/2018-03-23\/bfw-liegenschaften-veraenderung-im-verwaltungsrat\/#primaryimage"},"thumbnailUrl":"https:\/\/www.immobilienbusiness.ch\/wp-content\/uploads\/2017\/06\/Depositphotos_71529275_m-2015.jpg","keywords":["bfw liegenschaften ag","Personalia","Unternehmen"],"articleSection":["UNTERNEHMEN"],"inLanguage":"it-IT"},{"@type":"WebPage","@id":"https:\/\/www.immobilienbusiness.ch\/unternehmen\/2018-03-23\/bfw-liegenschaften-veraenderung-im-verwaltungsrat\/","url":"https:\/\/www.immobilienbusiness.ch\/unternehmen\/2018-03-23\/bfw-liegenschaften-veraenderung-im-verwaltungsrat\/","name":"BFW Liegenschaften: Ver\u00e4nderung im Verwaltungsrat - IMMOBILIEN Business","isPartOf":{"@id":"https:\/\/www.immobilienbusiness.ch\/#website"},"primaryImageOfPage":{"@id":"https:\/\/www.immobilienbusiness.ch\/unternehmen\/2018-03-23\/bfw-liegenschaften-veraenderung-im-verwaltungsrat\/#primaryimage"},"image":{"@id":"https:\/\/www.immobilienbusiness.ch\/unternehmen\/2018-03-23\/bfw-liegenschaften-veraenderung-im-verwaltungsrat\/#primaryimage"},"thumbnailUrl":"https:\/\/www.immobilienbusiness.ch\/wp-content\/uploads\/2017\/06\/Depositphotos_71529275_m-2015.jpg","datePublished":"2018-03-23T07:04:12+00:00","description":"Hans J\u00f6rg Brun, seit 2010 Verwaltungsratsmitglied der BFW Liegenschaften, zieht sich mit Ablauf seiner Amtszeit aus dem Gremium zur\u00fcck. Sein Nachfolger soll Prof. Dr. Dr. Christian Wunderland werden.","breadcrumb":{"@id":"https:\/\/www.immobilienbusiness.ch\/unternehmen\/2018-03-23\/bfw-liegenschaften-veraenderung-im-verwaltungsrat\/#breadcrumb"},"inLanguage":"it-IT","potentialAction":[{"@type":"ReadAction","target":["https:\/\/www.immobilienbusiness.ch\/unternehmen\/2018-03-23\/bfw-liegenschaften-veraenderung-im-verwaltungsrat\/"]}]},{"@type":"ImageObject","inLanguage":"it-IT","@id":"https:\/\/www.immobilienbusiness.ch\/unternehmen\/2018-03-23\/bfw-liegenschaften-veraenderung-im-verwaltungsrat\/#primaryimage","url":"https:\/\/www.immobilienbusiness.ch\/wp-content\/uploads\/2017\/06\/Depositphotos_71529275_m-2015.jpg","contentUrl":"https:\/\/www.immobilienbusiness.ch\/wp-content\/uploads\/2017\/06\/Depositphotos_71529275_m-2015.jpg","width":1000,"height":654,"caption":"Im Verwaltungsrat der PSP soll es im Fr\u00fchjahr einen Neuzugang geben (Foto: Rawpixel - depositphotos)"},{"@type":"BreadcrumbList","@id":"https:\/\/www.immobilienbusiness.ch\/unternehmen\/2018-03-23\/bfw-liegenschaften-veraenderung-im-verwaltungsrat\/#breadcrumb","itemListElement":[{"@type":"ListItem","position":1,"name":"Home","item":"https:\/\/www.immobilienbusiness.ch\/"},{"@type":"ListItem","position":2,"name":"BFW Liegenschaften: Ver\u00e4nderung im Verwaltungsrat"}]},{"@type":"WebSite","@id":"https:\/\/www.immobilienbusiness.ch\/#website","url":"https:\/\/www.immobilienbusiness.ch\/","name":"Affari immobiliari","description":"Rivista economica indipendente svizzera che si concentra sul settore immobiliare, l'architettura e la costruzione, nonch\u00e9 sugli investimenti e i finanziamenti.","publisher":{"@id":"https:\/\/www.immobilienbusiness.ch\/#organization"},"potentialAction":[{"@type":"SearchAction","target":{"@type":"EntryPoint","urlTemplate":"https:\/\/www.immobilienbusiness.ch\/?s={search_term_string}"},"query-input":{"@type":"PropertyValueSpecification","valueRequired":true,"valueName":"search_term_string"}}],"inLanguage":"it-IT"},{"@type":"Organization","@id":"https:\/\/www.immobilienbusiness.ch\/#organization","name":"Affari immobiliari","url":"https:\/\/www.immobilienbusiness.ch\/","logo":{"@type":"ImageObject","inLanguage":"it-IT","@id":"https:\/\/www.immobilienbusiness.ch\/#\/schema\/logo\/image\/","url":"https:\/\/www.immobilienbusiness.ch\/wp-content\/uploads\/2021\/07\/logo_ib.png","contentUrl":"https:\/\/www.immobilienbusiness.ch\/wp-content\/uploads\/2021\/07\/logo_ib.png","width":800,"height":181,"caption":"IMMOBILIEN Business"},"image":{"@id":"https:\/\/www.immobilienbusiness.ch\/#\/schema\/logo\/image\/"},"sameAs":["https:\/\/www.facebook.com\/immobilienbusiness\/"]},{"@type":"Person","@id":"https:\/\/www.immobilienbusiness.ch\/#\/schema\/person\/3fc036297b10b9f42d6db5ee932af8c8","name":"anja.hall","image":{"@type":"ImageObject","inLanguage":"it-IT","@id":"https:\/\/secure.gravatar.com\/avatar\/066b5a0d447013502c71a5782f4f3469f03cfe595cc2329fb94652fe47511bfb?s=96&d=mm&r=g","url":"https:\/\/secure.gravatar.com\/avatar\/066b5a0d447013502c71a5782f4f3469f03cfe595cc2329fb94652fe47511bfb?s=96&d=mm&r=g","contentUrl":"https:\/\/secure.gravatar.com\/avatar\/066b5a0d447013502c71a5782f4f3469f03cfe595cc2329fb94652fe47511bfb?s=96&d=mm&r=g","caption":"anja.hall"},"url":"https:\/\/www.immobilienbusiness.ch\/it\/author\/anja-hall\/"}]}},"_links":{"self":[{"href":"https:\/\/www.immobilienbusiness.ch\/it\/wp-json\/wp\/v2\/posts\/11826","targetHints":{"allow":["GET"]}}],"collection":[{"href":"https:\/\/www.immobilienbusiness.ch\/it\/wp-json\/wp\/v2\/posts"}],"about":[{"href":"https:\/\/www.immobilienbusiness.ch\/it\/wp-json\/wp\/v2\/types\/post"}],"author":[{"embeddable":true,"href":"https:\/\/www.immobilienbusiness.ch\/it\/wp-json\/wp\/v2\/users\/3"}],"replies":[{"embeddable":true,"href":"https:\/\/www.immobilienbusiness.ch\/it\/wp-json\/wp\/v2\/comments?post=11826"}],"version-history":[{"count":0,"href":"https:\/\/www.immobilienbusiness.ch\/it\/wp-json\/wp\/v2\/posts\/11826\/revisions"}],"wp:featuredmedia":[{"embeddable":true,"href":"https:\/\/www.immobilienbusiness.ch\/it\/wp-json\/wp\/v2\/media\/7926"}],"wp:attachment":[{"href":"https:\/\/www.immobilienbusiness.ch\/it\/wp-json\/wp\/v2\/media?parent=11826"}],"wp:term":[{"taxonomy":"category","embeddable":true,"href":"https:\/\/www.immobilienbusiness.ch\/it\/wp-json\/wp\/v2\/categories?post=11826"},{"taxonomy":"post_tag","embeddable":true,"href":"https:\/\/www.immobilienbusiness.ch\/it\/wp-json\/wp\/v2\/tags?post=11826"}],"curies":[{"name":"wp","href":"https:\/\/api.w.org\/{rel}","templated":true}]}}