{"id":1170,"date":"2015-10-22T09:53:18","date_gmt":"2015-10-22T07:53:18","guid":{"rendered":"http:\/\/dev.immobilienbusiness.ch\/?p=1170"},"modified":"2015-10-22T09:53:18","modified_gmt":"2015-10-22T07:53:18","slug":"basel-umbau-des-syngenta-sitzes-auf-kurs","status":"publish","type":"post","link":"https:\/\/www.immobilienbusiness.ch\/it\/buero\/2015-10-22\/basel-umbau-des-syngenta-sitzes-auf-kurs\/","title":{"rendered":"Basilea: la conversione della sede di Syngenta \u00e8 sulla buona strada"},"content":{"rendered":"<figure id=\"attachment_4985\" aria-describedby=\"caption-attachment-4985\" style=\"width: 355px\" class=\"wp-caption alignnone\"><img loading=\"lazy\" decoding=\"async\" class=\"wp-image-4985 size-full\" src=\"https:\/\/immobilienbusiness.ch\/wp-content\/uploads\/2015\/10\/Basel-Umbau-des-Syngenta-Sitzes-auf-Kurs-immobilien-business.jpg\" width=\"355\" height=\"540\" srcset=\"https:\/\/www.immobilienbusiness.ch\/wp-content\/uploads\/2015\/10\/Basel-Umbau-des-Syngenta-Sitzes-auf-Kurs-immobilien-business.jpg 355w, https:\/\/www.immobilienbusiness.ch\/wp-content\/uploads\/2015\/10\/Basel-Umbau-des-Syngenta-Sitzes-auf-Kurs-immobilien-business-197x300.jpg 197w, https:\/\/www.immobilienbusiness.ch\/wp-content\/uploads\/2015\/10\/Basel-Umbau-des-Syngenta-Sitzes-auf-Kurs-immobilien-business-8x12.jpg 8w, https:\/\/www.immobilienbusiness.ch\/wp-content\/uploads\/2015\/10\/Basel-Umbau-des-Syngenta-Sitzes-auf-Kurs-immobilien-business-115x175.jpg 115w, https:\/\/www.immobilienbusiness.ch\/wp-content\/uploads\/2015\/10\/Basel-Umbau-des-Syngenta-Sitzes-auf-Kurs-immobilien-business-230x350.jpg 230w, https:\/\/www.immobilienbusiness.ch\/wp-content\/uploads\/2015\/10\/Basel-Umbau-des-Syngenta-Sitzes-auf-Kurs-immobilien-business-300x456.jpg 300w\" sizes=\"auto, (max-width: 355px) 100vw, 355px\" \/><figcaption id=\"caption-attachment-4985\" class=\"wp-caption-text\">Il quartiere della pelle di Syngenta a Basilea (Foto: Syngenta)<\/figcaption><\/figure>\n<p>Il grattacielo degli anni '50 di fronte alla Badischer Bahnhof sar\u00e0 demolito e sostituito da un nuovo edificio progettato dallo studio di architettura basilese Buchner Br\u00fcndler. Entro il 2018 \u00e8 prevista la costruzione di un edificio per uffici e reception a tre piani, con una superficie di 6.200 metri quadrati, per un importo di 45 milioni di franchi svizzeri. Nell'edificio lavoreranno in totale circa 110 persone, compresa la direzione; l'attuale grattacielo ospita circa altri 60 dipendenti.<\/p>\n<p>Il parcheggio per i visitatori in superficie, che attualmente si trova sul lato sud del grattacielo in direzione di Rosentalstrasse e offre 90 posti auto, sar\u00e0 spostato sottoterra e ridotto di dimensioni nel corso della riprogettazione. Lo spazio aperto creato sopra di esso sar\u00e0 mantenuto come riserva di terreno edificabile, ma inizialmente sar\u00e0 paesaggisticamente protetto.<\/p>\n<p>L'inizio dei lavori di costruzione, con la demolizione dell'ex grattacielo Ciba-Geigy di 14 piani, \u00e8 previsto per la seconda met\u00e0 del 2016. Prima di allora, la seconda fase, la conversione del grande edificio per uffici lungo Rosentalstrasse, sar\u00e0 completata entro la met\u00e0 del 2016. (ah)<\/p>","protected":false},"excerpt":{"rendered":"<p>La conversione e l'espansione della sede centrale di Syngenta nell'area Rosental di Basilea sono in fase di completamento. L'azienda produttrice di sementi e prodotti agrochimici ha presentato al Cantone la domanda di costruzione per la terza e ultima fase del progetto, che prevede investimenti per circa 200 milioni di franchi.<\/p>","protected":false},"author":1,"featured_media":4985,"comment_status":"open","ping_status":"open","sticky":false,"template":"","format":"standard","meta":{"_acf_changed":false,"_yoast_wpseo_focuskw":"Basel Syngenta Umbau","_yoast_wpseo_title":"Basel Syngenta Umbau: Neues Hochhaus auf Kurs","_yoast_wpseo_metadesc":"Der Umbau des Syngenta-Hochhauses in Basel schreitet voran. F\u00fcr 2018 ist ein moderner Neubau mit 6.200 qm geplant. Fortschritt im Projekt.","_yoast_wpseo_linkdex":59,"pgc_sgb_lightbox_settings":"","footnotes":""},"categories":[983],"tags":[1069,1118],"class_list":["post-1170","post","type-post","status-publish","format-standard","has-post-thumbnail","hentry","category-buero","tag-basel","tag-buero"],"acf":[],"yoast_head":"<!-- This site is optimized with the Yoast SEO plugin v27.4 - https:\/\/yoast.com\/product\/yoast-seo-wordpress\/ -->\n<title>Basel Syngenta Umbau: Neues Hochhaus auf Kurs<\/title>\n<meta name=\"description\" content=\"Der Umbau des Syngenta-Hochhauses in Basel schreitet voran. F\u00fcr 2018 ist ein moderner Neubau mit 6.200 qm geplant. Fortschritt im Projekt.\" \/>\n<meta name=\"robots\" content=\"index, follow, max-snippet:-1, max-image-preview:large, max-video-preview:-1\" \/>\n<link rel=\"canonical\" href=\"https:\/\/www.immobilienbusiness.ch\/it\/buero\/2015-10-22\/basel-umbau-des-syngenta-sitzes-auf-kurs\/\" \/>\n<meta property=\"og:locale\" content=\"it_IT\" \/>\n<meta property=\"og:type\" content=\"article\" \/>\n<meta property=\"og:title\" content=\"Basel: Umbau des Syngenta-Sitzes auf Kurs\" \/>\n<meta property=\"og:description\" content=\"Der Um- und Ausbau des Syngenta-Hauptsitzes im Basler Rosentalareal n\u00e4hert sich dem Abschluss. Der Saatgut- und Agrochemiekonzern hat beim Kanton das Baugesuch f\u00fcr die dritte und letzte Etappe des mit Investitionen von insgesamt rund 200 Millionen CHF bezifferten Projektes eingereicht.\" \/>\n<meta property=\"og:url\" content=\"https:\/\/www.immobilienbusiness.ch\/it\/buero\/2015-10-22\/basel-umbau-des-syngenta-sitzes-auf-kurs\/\" \/>\n<meta property=\"og:site_name\" content=\"IMMOBILIEN Business\" \/>\n<meta property=\"article:publisher\" content=\"https:\/\/www.facebook.com\/immobilienbusiness\/\" \/>\n<meta property=\"article:published_time\" content=\"2015-10-22T07:53:18+00:00\" \/>\n<meta name=\"author\" content=\"Redaktion\" \/>\n<meta name=\"twitter:card\" content=\"summary_large_image\" \/>\n<meta name=\"twitter:image\" content=\"https:\/\/www.immobilienbusiness.ch\/wp-content\/uploads\/2015\/10\/Basel-Umbau-des-Syngenta-Sitzes-auf-Kurs-immobilien-business.jpg\" \/>\n<script type=\"application\/ld+json\" class=\"yoast-schema-graph\">{\"@context\":\"https:\\\/\\\/schema.org\",\"@graph\":[{\"@type\":\"Article\",\"@id\":\"https:\\\/\\\/www.immobilienbusiness.ch\\\/buero\\\/2015-10-22\\\/basel-umbau-des-syngenta-sitzes-auf-kurs\\\/#article\",\"isPartOf\":{\"@id\":\"https:\\\/\\\/www.immobilienbusiness.ch\\\/buero\\\/2015-10-22\\\/basel-umbau-des-syngenta-sitzes-auf-kurs\\\/\"},\"author\":{\"name\":\"Redaktion\",\"@id\":\"https:\\\/\\\/www.immobilienbusiness.ch\\\/#\\\/schema\\\/person\\\/aa2bace6c5c5aad60102004a50c4eb1c\"},\"headline\":\"Basel: Umbau des Syngenta-Sitzes auf Kurs\",\"datePublished\":\"2015-10-22T07:53:18+00:00\",\"mainEntityOfPage\":{\"@id\":\"https:\\\/\\\/www.immobilienbusiness.ch\\\/buero\\\/2015-10-22\\\/basel-umbau-des-syngenta-sitzes-auf-kurs\\\/\"},\"wordCount\":171,\"commentCount\":0,\"publisher\":{\"@id\":\"https:\\\/\\\/www.immobilienbusiness.ch\\\/#organization\"},\"image\":{\"@id\":\"https:\\\/\\\/www.immobilienbusiness.ch\\\/buero\\\/2015-10-22\\\/basel-umbau-des-syngenta-sitzes-auf-kurs\\\/#primaryimage\"},\"thumbnailUrl\":\"https:\\\/\\\/www.immobilienbusiness.ch\\\/wp-content\\\/uploads\\\/2015\\\/10\\\/Basel-Umbau-des-Syngenta-Sitzes-auf-Kurs-immobilien-business.jpg\",\"keywords\":[\"Basel\",\"B\u00fcro\"],\"articleSection\":[\"B\u00dcRO\"],\"inLanguage\":\"it-IT\"},{\"@type\":\"WebPage\",\"@id\":\"https:\\\/\\\/www.immobilienbusiness.ch\\\/buero\\\/2015-10-22\\\/basel-umbau-des-syngenta-sitzes-auf-kurs\\\/\",\"url\":\"https:\\\/\\\/www.immobilienbusiness.ch\\\/buero\\\/2015-10-22\\\/basel-umbau-des-syngenta-sitzes-auf-kurs\\\/\",\"name\":\"Basel Syngenta Umbau: Neues Hochhaus auf Kurs\",\"isPartOf\":{\"@id\":\"https:\\\/\\\/www.immobilienbusiness.ch\\\/#website\"},\"primaryImageOfPage\":{\"@id\":\"https:\\\/\\\/www.immobilienbusiness.ch\\\/buero\\\/2015-10-22\\\/basel-umbau-des-syngenta-sitzes-auf-kurs\\\/#primaryimage\"},\"image\":{\"@id\":\"https:\\\/\\\/www.immobilienbusiness.ch\\\/buero\\\/2015-10-22\\\/basel-umbau-des-syngenta-sitzes-auf-kurs\\\/#primaryimage\"},\"thumbnailUrl\":\"https:\\\/\\\/www.immobilienbusiness.ch\\\/wp-content\\\/uploads\\\/2015\\\/10\\\/Basel-Umbau-des-Syngenta-Sitzes-auf-Kurs-immobilien-business.jpg\",\"datePublished\":\"2015-10-22T07:53:18+00:00\",\"description\":\"Der Umbau des Syngenta-Hochhauses in Basel schreitet voran. F\u00fcr 2018 ist ein moderner Neubau mit 6.200 qm geplant. Fortschritt im Projekt.\",\"breadcrumb\":{\"@id\":\"https:\\\/\\\/www.immobilienbusiness.ch\\\/buero\\\/2015-10-22\\\/basel-umbau-des-syngenta-sitzes-auf-kurs\\\/#breadcrumb\"},\"inLanguage\":\"it-IT\",\"potentialAction\":[{\"@type\":\"ReadAction\",\"target\":[\"https:\\\/\\\/www.immobilienbusiness.ch\\\/buero\\\/2015-10-22\\\/basel-umbau-des-syngenta-sitzes-auf-kurs\\\/\"]}]},{\"@type\":\"ImageObject\",\"inLanguage\":\"it-IT\",\"@id\":\"https:\\\/\\\/www.immobilienbusiness.ch\\\/buero\\\/2015-10-22\\\/basel-umbau-des-syngenta-sitzes-auf-kurs\\\/#primaryimage\",\"url\":\"https:\\\/\\\/www.immobilienbusiness.ch\\\/wp-content\\\/uploads\\\/2015\\\/10\\\/Basel-Umbau-des-Syngenta-Sitzes-auf-Kurs-immobilien-business.jpg\",\"contentUrl\":\"https:\\\/\\\/www.immobilienbusiness.ch\\\/wp-content\\\/uploads\\\/2015\\\/10\\\/Basel-Umbau-des-Syngenta-Sitzes-auf-Kurs-immobilien-business.jpg\",\"width\":355,\"height\":540,\"caption\":\"Das Syngenta-Hautquartier in Basel (Foto: Syngenta)\"},{\"@type\":\"BreadcrumbList\",\"@id\":\"https:\\\/\\\/www.immobilienbusiness.ch\\\/buero\\\/2015-10-22\\\/basel-umbau-des-syngenta-sitzes-auf-kurs\\\/#breadcrumb\",\"itemListElement\":[{\"@type\":\"ListItem\",\"position\":1,\"name\":\"Home\",\"item\":\"https:\\\/\\\/www.immobilienbusiness.ch\\\/\"},{\"@type\":\"ListItem\",\"position\":2,\"name\":\"Basel: Umbau des Syngenta-Sitzes auf Kurs\"}]},{\"@type\":\"WebSite\",\"@id\":\"https:\\\/\\\/www.immobilienbusiness.ch\\\/#website\",\"url\":\"https:\\\/\\\/www.immobilienbusiness.ch\\\/\",\"name\":\"IMMOBILIEN Business\",\"description\":\"Unabh\u00e4ngiges Schweizer Wirtschaftsmagazin mit Fokus auf Immobilien, Architektur- und Bau sowie Investment- und Finanzierung.\",\"publisher\":{\"@id\":\"https:\\\/\\\/www.immobilienbusiness.ch\\\/#organization\"},\"potentialAction\":[{\"@type\":\"SearchAction\",\"target\":{\"@type\":\"EntryPoint\",\"urlTemplate\":\"https:\\\/\\\/www.immobilienbusiness.ch\\\/?s={search_term_string}\"},\"query-input\":{\"@type\":\"PropertyValueSpecification\",\"valueRequired\":true,\"valueName\":\"search_term_string\"}}],\"inLanguage\":\"it-IT\"},{\"@type\":\"Organization\",\"@id\":\"https:\\\/\\\/www.immobilienbusiness.ch\\\/#organization\",\"name\":\"IMMOBILIEN Business\",\"url\":\"https:\\\/\\\/www.immobilienbusiness.ch\\\/\",\"logo\":{\"@type\":\"ImageObject\",\"inLanguage\":\"it-IT\",\"@id\":\"https:\\\/\\\/www.immobilienbusiness.ch\\\/#\\\/schema\\\/logo\\\/image\\\/\",\"url\":\"https:\\\/\\\/www.immobilienbusiness.ch\\\/wp-content\\\/uploads\\\/2021\\\/07\\\/logo_ib.png\",\"contentUrl\":\"https:\\\/\\\/www.immobilienbusiness.ch\\\/wp-content\\\/uploads\\\/2021\\\/07\\\/logo_ib.png\",\"width\":800,\"height\":181,\"caption\":\"IMMOBILIEN Business\"},\"image\":{\"@id\":\"https:\\\/\\\/www.immobilienbusiness.ch\\\/#\\\/schema\\\/logo\\\/image\\\/\"},\"sameAs\":[\"https:\\\/\\\/www.facebook.com\\\/immobilienbusiness\\\/\"]},{\"@type\":\"Person\",\"@id\":\"https:\\\/\\\/www.immobilienbusiness.ch\\\/#\\\/schema\\\/person\\\/aa2bace6c5c5aad60102004a50c4eb1c\",\"name\":\"Redaktion\",\"image\":{\"@type\":\"ImageObject\",\"inLanguage\":\"it-IT\",\"@id\":\"https:\\\/\\\/secure.gravatar.com\\\/avatar\\\/ae2f4d718e6c49043e314ce431e7e645d646302a24a5ef5a8bc8e3f5a032e319?s=96&d=mm&r=g\",\"url\":\"https:\\\/\\\/secure.gravatar.com\\\/avatar\\\/ae2f4d718e6c49043e314ce431e7e645d646302a24a5ef5a8bc8e3f5a032e319?s=96&d=mm&r=g\",\"contentUrl\":\"https:\\\/\\\/secure.gravatar.com\\\/avatar\\\/ae2f4d718e6c49043e314ce431e7e645d646302a24a5ef5a8bc8e3f5a032e319?s=96&d=mm&r=g\",\"caption\":\"Redaktion\"},\"sameAs\":[\"http:\\\/\\\/develop.organisator.galledia.ch\"],\"url\":\"https:\\\/\\\/www.immobilienbusiness.ch\\\/it\\\/author\\\/admin\\\/\"}]}<\/script>\n<!-- \/ Yoast SEO plugin. -->","yoast_head_json":{"title":"Basel Syngenta Umbau: Neues Hochhaus auf Kurs","description":"Der Umbau des Syngenta-Hochhauses in Basel schreitet voran. F\u00fcr 2018 ist ein moderner Neubau mit 6.200 qm geplant. Fortschritt im Projekt.","robots":{"index":"index","follow":"follow","max-snippet":"max-snippet:-1","max-image-preview":"max-image-preview:large","max-video-preview":"max-video-preview:-1"},"canonical":"https:\/\/www.immobilienbusiness.ch\/it\/buero\/2015-10-22\/basel-umbau-des-syngenta-sitzes-auf-kurs\/","og_locale":"it_IT","og_type":"article","og_title":"Basel: Umbau des Syngenta-Sitzes auf Kurs","og_description":"Der Um- und Ausbau des Syngenta-Hauptsitzes im Basler Rosentalareal n\u00e4hert sich dem Abschluss. Der Saatgut- und Agrochemiekonzern hat beim Kanton das Baugesuch f\u00fcr die dritte und letzte Etappe des mit Investitionen von insgesamt rund 200 Millionen CHF bezifferten Projektes eingereicht.","og_url":"https:\/\/www.immobilienbusiness.ch\/it\/buero\/2015-10-22\/basel-umbau-des-syngenta-sitzes-auf-kurs\/","og_site_name":"IMMOBILIEN Business","article_publisher":"https:\/\/www.facebook.com\/immobilienbusiness\/","article_published_time":"2015-10-22T07:53:18+00:00","author":"Redaktion","twitter_card":"summary_large_image","twitter_image":"https:\/\/www.immobilienbusiness.ch\/wp-content\/uploads\/2015\/10\/Basel-Umbau-des-Syngenta-Sitzes-auf-Kurs-immobilien-business.jpg","schema":{"@context":"https:\/\/schema.org","@graph":[{"@type":"Article","@id":"https:\/\/www.immobilienbusiness.ch\/buero\/2015-10-22\/basel-umbau-des-syngenta-sitzes-auf-kurs\/#article","isPartOf":{"@id":"https:\/\/www.immobilienbusiness.ch\/buero\/2015-10-22\/basel-umbau-des-syngenta-sitzes-auf-kurs\/"},"author":{"name":"Redaktion","@id":"https:\/\/www.immobilienbusiness.ch\/#\/schema\/person\/aa2bace6c5c5aad60102004a50c4eb1c"},"headline":"Basel: Umbau des Syngenta-Sitzes auf Kurs","datePublished":"2015-10-22T07:53:18+00:00","mainEntityOfPage":{"@id":"https:\/\/www.immobilienbusiness.ch\/buero\/2015-10-22\/basel-umbau-des-syngenta-sitzes-auf-kurs\/"},"wordCount":171,"commentCount":0,"publisher":{"@id":"https:\/\/www.immobilienbusiness.ch\/#organization"},"image":{"@id":"https:\/\/www.immobilienbusiness.ch\/buero\/2015-10-22\/basel-umbau-des-syngenta-sitzes-auf-kurs\/#primaryimage"},"thumbnailUrl":"https:\/\/www.immobilienbusiness.ch\/wp-content\/uploads\/2015\/10\/Basel-Umbau-des-Syngenta-Sitzes-auf-Kurs-immobilien-business.jpg","keywords":["Basel","B\u00fcro"],"articleSection":["B\u00dcRO"],"inLanguage":"it-IT"},{"@type":"WebPage","@id":"https:\/\/www.immobilienbusiness.ch\/buero\/2015-10-22\/basel-umbau-des-syngenta-sitzes-auf-kurs\/","url":"https:\/\/www.immobilienbusiness.ch\/buero\/2015-10-22\/basel-umbau-des-syngenta-sitzes-auf-kurs\/","name":"Basel Syngenta Umbau: Neues Hochhaus auf Kurs","isPartOf":{"@id":"https:\/\/www.immobilienbusiness.ch\/#website"},"primaryImageOfPage":{"@id":"https:\/\/www.immobilienbusiness.ch\/buero\/2015-10-22\/basel-umbau-des-syngenta-sitzes-auf-kurs\/#primaryimage"},"image":{"@id":"https:\/\/www.immobilienbusiness.ch\/buero\/2015-10-22\/basel-umbau-des-syngenta-sitzes-auf-kurs\/#primaryimage"},"thumbnailUrl":"https:\/\/www.immobilienbusiness.ch\/wp-content\/uploads\/2015\/10\/Basel-Umbau-des-Syngenta-Sitzes-auf-Kurs-immobilien-business.jpg","datePublished":"2015-10-22T07:53:18+00:00","description":"Der Umbau des Syngenta-Hochhauses in Basel schreitet voran. F\u00fcr 2018 ist ein moderner Neubau mit 6.200 qm geplant. Fortschritt im Projekt.","breadcrumb":{"@id":"https:\/\/www.immobilienbusiness.ch\/buero\/2015-10-22\/basel-umbau-des-syngenta-sitzes-auf-kurs\/#breadcrumb"},"inLanguage":"it-IT","potentialAction":[{"@type":"ReadAction","target":["https:\/\/www.immobilienbusiness.ch\/buero\/2015-10-22\/basel-umbau-des-syngenta-sitzes-auf-kurs\/"]}]},{"@type":"ImageObject","inLanguage":"it-IT","@id":"https:\/\/www.immobilienbusiness.ch\/buero\/2015-10-22\/basel-umbau-des-syngenta-sitzes-auf-kurs\/#primaryimage","url":"https:\/\/www.immobilienbusiness.ch\/wp-content\/uploads\/2015\/10\/Basel-Umbau-des-Syngenta-Sitzes-auf-Kurs-immobilien-business.jpg","contentUrl":"https:\/\/www.immobilienbusiness.ch\/wp-content\/uploads\/2015\/10\/Basel-Umbau-des-Syngenta-Sitzes-auf-Kurs-immobilien-business.jpg","width":355,"height":540,"caption":"Das Syngenta-Hautquartier in Basel (Foto: Syngenta)"},{"@type":"BreadcrumbList","@id":"https:\/\/www.immobilienbusiness.ch\/buero\/2015-10-22\/basel-umbau-des-syngenta-sitzes-auf-kurs\/#breadcrumb","itemListElement":[{"@type":"ListItem","position":1,"name":"Home","item":"https:\/\/www.immobilienbusiness.ch\/"},{"@type":"ListItem","position":2,"name":"Basel: Umbau des Syngenta-Sitzes auf Kurs"}]},{"@type":"WebSite","@id":"https:\/\/www.immobilienbusiness.ch\/#website","url":"https:\/\/www.immobilienbusiness.ch\/","name":"Affari immobiliari","description":"Rivista economica indipendente svizzera che si concentra sul settore immobiliare, l'architettura e la costruzione, nonch\u00e9 sugli investimenti e i finanziamenti.","publisher":{"@id":"https:\/\/www.immobilienbusiness.ch\/#organization"},"potentialAction":[{"@type":"SearchAction","target":{"@type":"EntryPoint","urlTemplate":"https:\/\/www.immobilienbusiness.ch\/?s={search_term_string}"},"query-input":{"@type":"PropertyValueSpecification","valueRequired":true,"valueName":"search_term_string"}}],"inLanguage":"it-IT"},{"@type":"Organization","@id":"https:\/\/www.immobilienbusiness.ch\/#organization","name":"Affari immobiliari","url":"https:\/\/www.immobilienbusiness.ch\/","logo":{"@type":"ImageObject","inLanguage":"it-IT","@id":"https:\/\/www.immobilienbusiness.ch\/#\/schema\/logo\/image\/","url":"https:\/\/www.immobilienbusiness.ch\/wp-content\/uploads\/2021\/07\/logo_ib.png","contentUrl":"https:\/\/www.immobilienbusiness.ch\/wp-content\/uploads\/2021\/07\/logo_ib.png","width":800,"height":181,"caption":"IMMOBILIEN Business"},"image":{"@id":"https:\/\/www.immobilienbusiness.ch\/#\/schema\/logo\/image\/"},"sameAs":["https:\/\/www.facebook.com\/immobilienbusiness\/"]},{"@type":"Person","@id":"https:\/\/www.immobilienbusiness.ch\/#\/schema\/person\/aa2bace6c5c5aad60102004a50c4eb1c","name":"Editoriale","image":{"@type":"ImageObject","inLanguage":"it-IT","@id":"https:\/\/secure.gravatar.com\/avatar\/ae2f4d718e6c49043e314ce431e7e645d646302a24a5ef5a8bc8e3f5a032e319?s=96&d=mm&r=g","url":"https:\/\/secure.gravatar.com\/avatar\/ae2f4d718e6c49043e314ce431e7e645d646302a24a5ef5a8bc8e3f5a032e319?s=96&d=mm&r=g","contentUrl":"https:\/\/secure.gravatar.com\/avatar\/ae2f4d718e6c49043e314ce431e7e645d646302a24a5ef5a8bc8e3f5a032e319?s=96&d=mm&r=g","caption":"Redaktion"},"sameAs":["http:\/\/develop.organisator.galledia.ch"],"url":"https:\/\/www.immobilienbusiness.ch\/it\/author\/admin\/"}]}},"_links":{"self":[{"href":"https:\/\/www.immobilienbusiness.ch\/it\/wp-json\/wp\/v2\/posts\/1170","targetHints":{"allow":["GET"]}}],"collection":[{"href":"https:\/\/www.immobilienbusiness.ch\/it\/wp-json\/wp\/v2\/posts"}],"about":[{"href":"https:\/\/www.immobilienbusiness.ch\/it\/wp-json\/wp\/v2\/types\/post"}],"author":[{"embeddable":true,"href":"https:\/\/www.immobilienbusiness.ch\/it\/wp-json\/wp\/v2\/users\/1"}],"replies":[{"embeddable":true,"href":"https:\/\/www.immobilienbusiness.ch\/it\/wp-json\/wp\/v2\/comments?post=1170"}],"version-history":[{"count":0,"href":"https:\/\/www.immobilienbusiness.ch\/it\/wp-json\/wp\/v2\/posts\/1170\/revisions"}],"wp:featuredmedia":[{"embeddable":true,"href":"https:\/\/www.immobilienbusiness.ch\/it\/wp-json\/wp\/v2\/media\/4985"}],"wp:attachment":[{"href":"https:\/\/www.immobilienbusiness.ch\/it\/wp-json\/wp\/v2\/media?parent=1170"}],"wp:term":[{"taxonomy":"category","embeddable":true,"href":"https:\/\/www.immobilienbusiness.ch\/it\/wp-json\/wp\/v2\/categories?post=1170"},{"taxonomy":"post_tag","embeddable":true,"href":"https:\/\/www.immobilienbusiness.ch\/it\/wp-json\/wp\/v2\/tags?post=1170"}],"curies":[{"name":"wp","href":"https:\/\/api.w.org\/{rel}","templated":true}]}}