{"id":11575,"date":"2018-03-06T10:12:17","date_gmt":"2018-03-06T09:12:17","guid":{"rendered":"https:\/\/www.immobilienbusiness.ch\/?p=11575"},"modified":"2023-08-11T20:42:39","modified_gmt":"2023-08-11T18:42:39","slug":"investis-investiert-in-start-up-neho","status":"publish","type":"post","link":"https:\/\/www.immobilienbusiness.ch\/it\/unternehmen\/2018-03-06\/investis-investiert-in-start-up-neho\/","title":{"rendered":"Investis investe nella start-up Neho"},"content":{"rendered":"<figure id=\"attachment_10674\" aria-describedby=\"caption-attachment-10674\" style=\"width: 300px\" class=\"wp-caption alignnone\"><img loading=\"lazy\" decoding=\"async\" class=\"wp-image-10674 size-medium\" src=\"https:\/\/www.immobilienbusiness.ch\/wp-content\/uploads\/2017\/12\/IB-News-20171220-Intercity-Group-Neugruendung-der-Blaser-Graenicher-AG-c-Pixabay-300x200.jpg\" alt=\"Immobiliengesellschaft \" width=\"300\" height=\"200\" srcset=\"https:\/\/www.immobilienbusiness.ch\/wp-content\/uploads\/2017\/12\/IB-News-20171220-Intercity-Group-Neugruendung-der-Blaser-Graenicher-AG-c-Pixabay-300x200.jpg 300w, https:\/\/www.immobilienbusiness.ch\/wp-content\/uploads\/2017\/12\/IB-News-20171220-Intercity-Group-Neugruendung-der-Blaser-Graenicher-AG-c-Pixabay-768x512.jpg 768w, https:\/\/www.immobilienbusiness.ch\/wp-content\/uploads\/2017\/12\/IB-News-20171220-Intercity-Group-Neugruendung-der-Blaser-Graenicher-AG-c-Pixabay-16x12.jpg 16w, https:\/\/www.immobilienbusiness.ch\/wp-content\/uploads\/2017\/12\/IB-News-20171220-Intercity-Group-Neugruendung-der-Blaser-Graenicher-AG-c-Pixabay-263x175.jpg 263w, https:\/\/www.immobilienbusiness.ch\/wp-content\/uploads\/2017\/12\/IB-News-20171220-Intercity-Group-Neugruendung-der-Blaser-Graenicher-AG-c-Pixabay-525x350.jpg 525w, https:\/\/www.immobilienbusiness.ch\/wp-content\/uploads\/2017\/12\/IB-News-20171220-Intercity-Group-Neugruendung-der-Blaser-Graenicher-AG-c-Pixabay-920x613.jpg 920w, https:\/\/www.immobilienbusiness.ch\/wp-content\/uploads\/2017\/12\/IB-News-20171220-Intercity-Group-Neugruendung-der-Blaser-Graenicher-AG-c-Pixabay.jpg 969w\" sizes=\"auto, (max-width: 300px) 100vw, 300px\" \/><figcaption id=\"caption-attachment-10674\" class=\"wp-caption-text\">Investis investe nella start-up di intermediazione immobiliare Neho (Immagine: Pixabay)<\/figcaption><\/figure>\n<p>Investis sta prendendo una partecipazione del 28,6% nel capitale sociale di Neho, una start-up con sede all'EPFL (Ecole polytechnique f\u00e9d\u00e9rale de Lausanne). Investis aveva gi\u00e0 una partecipazione indiretta in Neho attraverso la sua partecipazione di minoranza Polytech Ventures Holding SA.<\/p>\n<p>Investis dice che ha deciso di prendere una partecipazione diretta nella societ\u00e0 \"a causa del suo modello di business convincente\". Attualmente, la societ\u00e0 immobiliare detiene una quota economica di circa il 44% nella Neho. Tuttavia, in considerazione degli accordi esistenti tra gli attuali azionisti, questa quota potrebbe essere ridotta a meno del 37% in futuro. Neho sar\u00e0 valutata secondo il metodo del patrimonio netto.<\/p>\n<p>Neho offre servizi nel campo della mediazione immobiliare e vuole offrire ai proprietari un'alternativa - soprattutto un'alternativa a basso costo - alla mediazione tradizionale. Anche se i servizi sono basati su tecnologie digitali, non si rinuncer\u00e0 al contatto personale con gli esperti immobiliari, aggiunge Investis. \"Neho \u00e8 una gradita alternativa in un settore che \u00e8 rimasto molto conservatore negli ultimi anni nonostante la trasformazione digitale\", dice St\u00e9phane Bonvin, CEO di Investis.<\/p>","protected":false},"excerpt":{"rendered":"<p>La societ\u00e0 immobiliare Investis acquisisce una partecipazione nella start-up Neho. Neho \u00e8 attivo nel settore dell'intermediazione immobiliare.<\/p>","protected":false},"author":3,"featured_media":10674,"comment_status":"closed","ping_status":"closed","sticky":false,"template":"","format":"standard","meta":{"_acf_changed":false,"_yoast_wpseo_focuskw":"Immobiliengesellschaft","_yoast_wpseo_title":"","_yoast_wpseo_metadesc":"Die Immobiliengesellschaft Investis beteiligt sich an dem Startup Neho. Neho ist im Immobilienmaklergesch\u00e4ft t\u00e4tig.","_yoast_wpseo_linkdex":43,"pgc_sgb_lightbox_settings":"","footnotes":""},"categories":[988],"tags":[1170,1460,1807],"class_list":["post-11575","post","type-post","status-publish","format-standard","has-post-thumbnail","hentry","category-unternehmen","tag-digitalisierung","tag-makler","tag-unternehmen"],"acf":[],"yoast_head":"<!-- This site is optimized with the Yoast SEO plugin v27.5 - https:\/\/yoast.com\/product\/yoast-seo-wordpress\/ -->\n<title>Investis investiert in Startup Neho - IMMOBILIEN Business<\/title>\n<meta name=\"description\" content=\"Die Immobiliengesellschaft Investis beteiligt sich an dem Startup Neho. Neho ist im Immobilienmaklergesch\u00e4ft t\u00e4tig.\" \/>\n<meta name=\"robots\" content=\"index, follow, max-snippet:-1, max-image-preview:large, max-video-preview:-1\" \/>\n<link rel=\"canonical\" href=\"https:\/\/www.immobilienbusiness.ch\/it\/unternehmen\/2018-03-06\/investis-investiert-in-start-up-neho\/\" \/>\n<meta property=\"og:locale\" content=\"it_IT\" \/>\n<meta property=\"og:type\" content=\"article\" \/>\n<meta property=\"og:title\" content=\"Investis investiert in Startup Neho - IMMOBILIEN Business\" \/>\n<meta property=\"og:description\" content=\"Die Immobiliengesellschaft Investis beteiligt sich an dem Startup Neho. Neho ist im Immobilienmaklergesch\u00e4ft t\u00e4tig.\" \/>\n<meta property=\"og:url\" content=\"https:\/\/www.immobilienbusiness.ch\/it\/unternehmen\/2018-03-06\/investis-investiert-in-start-up-neho\/\" \/>\n<meta property=\"og:site_name\" content=\"IMMOBILIEN Business\" \/>\n<meta property=\"article:publisher\" content=\"https:\/\/www.facebook.com\/immobilienbusiness\/\" \/>\n<meta property=\"article:published_time\" content=\"2018-03-06T09:12:17+00:00\" \/>\n<meta property=\"article:modified_time\" content=\"2023-08-11T18:42:39+00:00\" \/>\n<meta property=\"og:image\" content=\"https:\/\/www.immobilienbusiness.ch\/wp-content\/uploads\/2017\/12\/IB-News-20171220-Intercity-Group-Neugruendung-der-Blaser-Graenicher-AG-c-Pixabay.jpg\" \/>\n\t<meta property=\"og:image:width\" content=\"969\" \/>\n\t<meta property=\"og:image:height\" content=\"646\" \/>\n\t<meta property=\"og:image:type\" content=\"image\/jpeg\" \/>\n<meta name=\"author\" content=\"anja.hall\" \/>\n<meta name=\"twitter:card\" content=\"summary_large_image\" \/>\n<meta name=\"twitter:image\" content=\"https:\/\/www.immobilienbusiness.ch\/wp-content\/uploads\/2017\/12\/IB-News-20171220-Intercity-Group-Neugr\u00fcndung-der-Blaser-Gr\u00e4nicher-AG-c-Pixabay.jpg\" \/>\n<script type=\"application\/ld+json\" class=\"yoast-schema-graph\">{\"@context\":\"https:\\\/\\\/schema.org\",\"@graph\":[{\"@type\":\"Article\",\"@id\":\"https:\\\/\\\/www.immobilienbusiness.ch\\\/de\\\/unternehmen\\\/2018-03-06\\\/investis-investiert-in-start-up-neho\\\/#article\",\"isPartOf\":{\"@id\":\"https:\\\/\\\/www.immobilienbusiness.ch\\\/de\\\/unternehmen\\\/2018-03-06\\\/investis-investiert-in-start-up-neho\\\/\"},\"author\":{\"name\":\"anja.hall\",\"@id\":\"https:\\\/\\\/www.immobilienbusiness.ch\\\/#\\\/schema\\\/person\\\/3fc036297b10b9f42d6db5ee932af8c8\"},\"headline\":\"Investis investiert in Startup Neho\",\"datePublished\":\"2018-03-06T09:12:17+00:00\",\"dateModified\":\"2023-08-11T18:42:39+00:00\",\"mainEntityOfPage\":{\"@id\":\"https:\\\/\\\/www.immobilienbusiness.ch\\\/de\\\/unternehmen\\\/2018-03-06\\\/investis-investiert-in-start-up-neho\\\/\"},\"wordCount\":186,\"publisher\":{\"@id\":\"https:\\\/\\\/www.immobilienbusiness.ch\\\/#organization\"},\"image\":{\"@id\":\"https:\\\/\\\/www.immobilienbusiness.ch\\\/de\\\/unternehmen\\\/2018-03-06\\\/investis-investiert-in-start-up-neho\\\/#primaryimage\"},\"thumbnailUrl\":\"https:\\\/\\\/www.immobilienbusiness.ch\\\/wp-content\\\/uploads\\\/2017\\\/12\\\/IB-News-20171220-Intercity-Group-Neugruendung-der-Blaser-Graenicher-AG-c-Pixabay.jpg\",\"keywords\":[\"Digitalisierung\",\"Makler\",\"Unternehmen\"],\"articleSection\":[\"UNTERNEHMEN\"],\"inLanguage\":\"it-IT\"},{\"@type\":\"WebPage\",\"@id\":\"https:\\\/\\\/www.immobilienbusiness.ch\\\/de\\\/unternehmen\\\/2018-03-06\\\/investis-investiert-in-start-up-neho\\\/\",\"url\":\"https:\\\/\\\/www.immobilienbusiness.ch\\\/de\\\/unternehmen\\\/2018-03-06\\\/investis-investiert-in-start-up-neho\\\/\",\"name\":\"Investis investiert in Startup Neho - IMMOBILIEN Business\",\"isPartOf\":{\"@id\":\"https:\\\/\\\/www.immobilienbusiness.ch\\\/#website\"},\"primaryImageOfPage\":{\"@id\":\"https:\\\/\\\/www.immobilienbusiness.ch\\\/de\\\/unternehmen\\\/2018-03-06\\\/investis-investiert-in-start-up-neho\\\/#primaryimage\"},\"image\":{\"@id\":\"https:\\\/\\\/www.immobilienbusiness.ch\\\/de\\\/unternehmen\\\/2018-03-06\\\/investis-investiert-in-start-up-neho\\\/#primaryimage\"},\"thumbnailUrl\":\"https:\\\/\\\/www.immobilienbusiness.ch\\\/wp-content\\\/uploads\\\/2017\\\/12\\\/IB-News-20171220-Intercity-Group-Neugruendung-der-Blaser-Graenicher-AG-c-Pixabay.jpg\",\"datePublished\":\"2018-03-06T09:12:17+00:00\",\"dateModified\":\"2023-08-11T18:42:39+00:00\",\"description\":\"Die Immobiliengesellschaft Investis beteiligt sich an dem Startup Neho. Neho ist im Immobilienmaklergesch\u00e4ft t\u00e4tig.\",\"breadcrumb\":{\"@id\":\"https:\\\/\\\/www.immobilienbusiness.ch\\\/de\\\/unternehmen\\\/2018-03-06\\\/investis-investiert-in-start-up-neho\\\/#breadcrumb\"},\"inLanguage\":\"it-IT\",\"potentialAction\":[{\"@type\":\"ReadAction\",\"target\":[\"https:\\\/\\\/www.immobilienbusiness.ch\\\/de\\\/unternehmen\\\/2018-03-06\\\/investis-investiert-in-start-up-neho\\\/\"]}]},{\"@type\":\"ImageObject\",\"inLanguage\":\"it-IT\",\"@id\":\"https:\\\/\\\/www.immobilienbusiness.ch\\\/de\\\/unternehmen\\\/2018-03-06\\\/investis-investiert-in-start-up-neho\\\/#primaryimage\",\"url\":\"https:\\\/\\\/www.immobilienbusiness.ch\\\/wp-content\\\/uploads\\\/2017\\\/12\\\/IB-News-20171220-Intercity-Group-Neugruendung-der-Blaser-Graenicher-AG-c-Pixabay.jpg\",\"contentUrl\":\"https:\\\/\\\/www.immobilienbusiness.ch\\\/wp-content\\\/uploads\\\/2017\\\/12\\\/IB-News-20171220-Intercity-Group-Neugruendung-der-Blaser-Graenicher-AG-c-Pixabay.jpg\",\"width\":969,\"height\":646,\"caption\":\"Wincasa entwickelt eine Plattform, die das ESG-Reporting einfacher machen soll (Bild: Pixabay)\"},{\"@type\":\"BreadcrumbList\",\"@id\":\"https:\\\/\\\/www.immobilienbusiness.ch\\\/de\\\/unternehmen\\\/2018-03-06\\\/investis-investiert-in-start-up-neho\\\/#breadcrumb\",\"itemListElement\":[{\"@type\":\"ListItem\",\"position\":1,\"name\":\"Home\",\"item\":\"https:\\\/\\\/www.immobilienbusiness.ch\\\/\"},{\"@type\":\"ListItem\",\"position\":2,\"name\":\"Investis investiert in Startup Neho\"}]},{\"@type\":\"WebSite\",\"@id\":\"https:\\\/\\\/www.immobilienbusiness.ch\\\/#website\",\"url\":\"https:\\\/\\\/www.immobilienbusiness.ch\\\/\",\"name\":\"IMMOBILIEN Business\",\"description\":\"Unabh\u00e4ngiges Schweizer Wirtschaftsmagazin mit Fokus auf Immobilien, Architektur- und Bau sowie Investment- und Finanzierung.\",\"publisher\":{\"@id\":\"https:\\\/\\\/www.immobilienbusiness.ch\\\/#organization\"},\"potentialAction\":[{\"@type\":\"SearchAction\",\"target\":{\"@type\":\"EntryPoint\",\"urlTemplate\":\"https:\\\/\\\/www.immobilienbusiness.ch\\\/?s={search_term_string}\"},\"query-input\":{\"@type\":\"PropertyValueSpecification\",\"valueRequired\":true,\"valueName\":\"search_term_string\"}}],\"inLanguage\":\"it-IT\"},{\"@type\":\"Organization\",\"@id\":\"https:\\\/\\\/www.immobilienbusiness.ch\\\/#organization\",\"name\":\"IMMOBILIEN Business\",\"url\":\"https:\\\/\\\/www.immobilienbusiness.ch\\\/\",\"logo\":{\"@type\":\"ImageObject\",\"inLanguage\":\"it-IT\",\"@id\":\"https:\\\/\\\/www.immobilienbusiness.ch\\\/#\\\/schema\\\/logo\\\/image\\\/\",\"url\":\"https:\\\/\\\/www.immobilienbusiness.ch\\\/wp-content\\\/uploads\\\/2021\\\/07\\\/logo_ib.png\",\"contentUrl\":\"https:\\\/\\\/www.immobilienbusiness.ch\\\/wp-content\\\/uploads\\\/2021\\\/07\\\/logo_ib.png\",\"width\":800,\"height\":181,\"caption\":\"IMMOBILIEN Business\"},\"image\":{\"@id\":\"https:\\\/\\\/www.immobilienbusiness.ch\\\/#\\\/schema\\\/logo\\\/image\\\/\"},\"sameAs\":[\"https:\\\/\\\/www.facebook.com\\\/immobilienbusiness\\\/\"]},{\"@type\":\"Person\",\"@id\":\"https:\\\/\\\/www.immobilienbusiness.ch\\\/#\\\/schema\\\/person\\\/3fc036297b10b9f42d6db5ee932af8c8\",\"name\":\"anja.hall\",\"image\":{\"@type\":\"ImageObject\",\"inLanguage\":\"it-IT\",\"@id\":\"https:\\\/\\\/secure.gravatar.com\\\/avatar\\\/066b5a0d447013502c71a5782f4f3469f03cfe595cc2329fb94652fe47511bfb?s=96&d=mm&r=g\",\"url\":\"https:\\\/\\\/secure.gravatar.com\\\/avatar\\\/066b5a0d447013502c71a5782f4f3469f03cfe595cc2329fb94652fe47511bfb?s=96&d=mm&r=g\",\"contentUrl\":\"https:\\\/\\\/secure.gravatar.com\\\/avatar\\\/066b5a0d447013502c71a5782f4f3469f03cfe595cc2329fb94652fe47511bfb?s=96&d=mm&r=g\",\"caption\":\"anja.hall\"},\"url\":\"https:\\\/\\\/www.immobilienbusiness.ch\\\/it\\\/author\\\/anja-hall\\\/\"}]}<\/script>\n<!-- \/ Yoast SEO plugin. -->","yoast_head_json":{"title":"Investis investiert in Startup Neho - IMMOBILIEN Business","description":"La societ\u00e0 immobiliare Investis acquisisce una partecipazione nella start-up Neho. Neho \u00e8 attivo nel settore dell'intermediazione immobiliare.","robots":{"index":"index","follow":"follow","max-snippet":"max-snippet:-1","max-image-preview":"max-image-preview:large","max-video-preview":"max-video-preview:-1"},"canonical":"https:\/\/www.immobilienbusiness.ch\/it\/unternehmen\/2018-03-06\/investis-investiert-in-start-up-neho\/","og_locale":"it_IT","og_type":"article","og_title":"Investis investiert in Startup Neho - IMMOBILIEN Business","og_description":"Die Immobiliengesellschaft Investis beteiligt sich an dem Startup Neho. Neho ist im Immobilienmaklergesch\u00e4ft t\u00e4tig.","og_url":"https:\/\/www.immobilienbusiness.ch\/it\/unternehmen\/2018-03-06\/investis-investiert-in-start-up-neho\/","og_site_name":"IMMOBILIEN Business","article_publisher":"https:\/\/www.facebook.com\/immobilienbusiness\/","article_published_time":"2018-03-06T09:12:17+00:00","article_modified_time":"2023-08-11T18:42:39+00:00","og_image":[{"width":969,"height":646,"url":"https:\/\/www.immobilienbusiness.ch\/wp-content\/uploads\/2017\/12\/IB-News-20171220-Intercity-Group-Neugruendung-der-Blaser-Graenicher-AG-c-Pixabay.jpg","type":"image\/jpeg"}],"author":"anja.hall","twitter_card":"summary_large_image","twitter_image":"https:\/\/www.immobilienbusiness.ch\/wp-content\/uploads\/2017\/12\/IB-News-20171220-Intercity-Group-Neugr\u00fcndung-der-Blaser-Gr\u00e4nicher-AG-c-Pixabay.jpg","schema":{"@context":"https:\/\/schema.org","@graph":[{"@type":"Article","@id":"https:\/\/www.immobilienbusiness.ch\/de\/unternehmen\/2018-03-06\/investis-investiert-in-start-up-neho\/#article","isPartOf":{"@id":"https:\/\/www.immobilienbusiness.ch\/de\/unternehmen\/2018-03-06\/investis-investiert-in-start-up-neho\/"},"author":{"name":"anja.hall","@id":"https:\/\/www.immobilienbusiness.ch\/#\/schema\/person\/3fc036297b10b9f42d6db5ee932af8c8"},"headline":"Investis investiert in Startup Neho","datePublished":"2018-03-06T09:12:17+00:00","dateModified":"2023-08-11T18:42:39+00:00","mainEntityOfPage":{"@id":"https:\/\/www.immobilienbusiness.ch\/de\/unternehmen\/2018-03-06\/investis-investiert-in-start-up-neho\/"},"wordCount":186,"publisher":{"@id":"https:\/\/www.immobilienbusiness.ch\/#organization"},"image":{"@id":"https:\/\/www.immobilienbusiness.ch\/de\/unternehmen\/2018-03-06\/investis-investiert-in-start-up-neho\/#primaryimage"},"thumbnailUrl":"https:\/\/www.immobilienbusiness.ch\/wp-content\/uploads\/2017\/12\/IB-News-20171220-Intercity-Group-Neugruendung-der-Blaser-Graenicher-AG-c-Pixabay.jpg","keywords":["Digitalisierung","Makler","Unternehmen"],"articleSection":["UNTERNEHMEN"],"inLanguage":"it-IT"},{"@type":"WebPage","@id":"https:\/\/www.immobilienbusiness.ch\/de\/unternehmen\/2018-03-06\/investis-investiert-in-start-up-neho\/","url":"https:\/\/www.immobilienbusiness.ch\/de\/unternehmen\/2018-03-06\/investis-investiert-in-start-up-neho\/","name":"Investis investiert in Startup Neho - IMMOBILIEN Business","isPartOf":{"@id":"https:\/\/www.immobilienbusiness.ch\/#website"},"primaryImageOfPage":{"@id":"https:\/\/www.immobilienbusiness.ch\/de\/unternehmen\/2018-03-06\/investis-investiert-in-start-up-neho\/#primaryimage"},"image":{"@id":"https:\/\/www.immobilienbusiness.ch\/de\/unternehmen\/2018-03-06\/investis-investiert-in-start-up-neho\/#primaryimage"},"thumbnailUrl":"https:\/\/www.immobilienbusiness.ch\/wp-content\/uploads\/2017\/12\/IB-News-20171220-Intercity-Group-Neugruendung-der-Blaser-Graenicher-AG-c-Pixabay.jpg","datePublished":"2018-03-06T09:12:17+00:00","dateModified":"2023-08-11T18:42:39+00:00","description":"La societ\u00e0 immobiliare Investis acquisisce una partecipazione nella start-up Neho. Neho \u00e8 attivo nel settore dell'intermediazione immobiliare.","breadcrumb":{"@id":"https:\/\/www.immobilienbusiness.ch\/de\/unternehmen\/2018-03-06\/investis-investiert-in-start-up-neho\/#breadcrumb"},"inLanguage":"it-IT","potentialAction":[{"@type":"ReadAction","target":["https:\/\/www.immobilienbusiness.ch\/de\/unternehmen\/2018-03-06\/investis-investiert-in-start-up-neho\/"]}]},{"@type":"ImageObject","inLanguage":"it-IT","@id":"https:\/\/www.immobilienbusiness.ch\/de\/unternehmen\/2018-03-06\/investis-investiert-in-start-up-neho\/#primaryimage","url":"https:\/\/www.immobilienbusiness.ch\/wp-content\/uploads\/2017\/12\/IB-News-20171220-Intercity-Group-Neugruendung-der-Blaser-Graenicher-AG-c-Pixabay.jpg","contentUrl":"https:\/\/www.immobilienbusiness.ch\/wp-content\/uploads\/2017\/12\/IB-News-20171220-Intercity-Group-Neugruendung-der-Blaser-Graenicher-AG-c-Pixabay.jpg","width":969,"height":646,"caption":"Wincasa entwickelt eine Plattform, die das ESG-Reporting einfacher machen soll (Bild: Pixabay)"},{"@type":"BreadcrumbList","@id":"https:\/\/www.immobilienbusiness.ch\/de\/unternehmen\/2018-03-06\/investis-investiert-in-start-up-neho\/#breadcrumb","itemListElement":[{"@type":"ListItem","position":1,"name":"Home","item":"https:\/\/www.immobilienbusiness.ch\/"},{"@type":"ListItem","position":2,"name":"Investis investiert in Startup Neho"}]},{"@type":"WebSite","@id":"https:\/\/www.immobilienbusiness.ch\/#website","url":"https:\/\/www.immobilienbusiness.ch\/","name":"Affari immobiliari","description":"Rivista economica indipendente svizzera che si concentra sul settore immobiliare, l'architettura e la costruzione, nonch\u00e9 sugli investimenti e i finanziamenti.","publisher":{"@id":"https:\/\/www.immobilienbusiness.ch\/#organization"},"potentialAction":[{"@type":"SearchAction","target":{"@type":"EntryPoint","urlTemplate":"https:\/\/www.immobilienbusiness.ch\/?s={search_term_string}"},"query-input":{"@type":"PropertyValueSpecification","valueRequired":true,"valueName":"search_term_string"}}],"inLanguage":"it-IT"},{"@type":"Organization","@id":"https:\/\/www.immobilienbusiness.ch\/#organization","name":"Affari immobiliari","url":"https:\/\/www.immobilienbusiness.ch\/","logo":{"@type":"ImageObject","inLanguage":"it-IT","@id":"https:\/\/www.immobilienbusiness.ch\/#\/schema\/logo\/image\/","url":"https:\/\/www.immobilienbusiness.ch\/wp-content\/uploads\/2021\/07\/logo_ib.png","contentUrl":"https:\/\/www.immobilienbusiness.ch\/wp-content\/uploads\/2021\/07\/logo_ib.png","width":800,"height":181,"caption":"IMMOBILIEN Business"},"image":{"@id":"https:\/\/www.immobilienbusiness.ch\/#\/schema\/logo\/image\/"},"sameAs":["https:\/\/www.facebook.com\/immobilienbusiness\/"]},{"@type":"Person","@id":"https:\/\/www.immobilienbusiness.ch\/#\/schema\/person\/3fc036297b10b9f42d6db5ee932af8c8","name":"anja.hall","image":{"@type":"ImageObject","inLanguage":"it-IT","@id":"https:\/\/secure.gravatar.com\/avatar\/066b5a0d447013502c71a5782f4f3469f03cfe595cc2329fb94652fe47511bfb?s=96&d=mm&r=g","url":"https:\/\/secure.gravatar.com\/avatar\/066b5a0d447013502c71a5782f4f3469f03cfe595cc2329fb94652fe47511bfb?s=96&d=mm&r=g","contentUrl":"https:\/\/secure.gravatar.com\/avatar\/066b5a0d447013502c71a5782f4f3469f03cfe595cc2329fb94652fe47511bfb?s=96&d=mm&r=g","caption":"anja.hall"},"url":"https:\/\/www.immobilienbusiness.ch\/it\/author\/anja-hall\/"}]}},"_links":{"self":[{"href":"https:\/\/www.immobilienbusiness.ch\/it\/wp-json\/wp\/v2\/posts\/11575","targetHints":{"allow":["GET"]}}],"collection":[{"href":"https:\/\/www.immobilienbusiness.ch\/it\/wp-json\/wp\/v2\/posts"}],"about":[{"href":"https:\/\/www.immobilienbusiness.ch\/it\/wp-json\/wp\/v2\/types\/post"}],"author":[{"embeddable":true,"href":"https:\/\/www.immobilienbusiness.ch\/it\/wp-json\/wp\/v2\/users\/3"}],"replies":[{"embeddable":true,"href":"https:\/\/www.immobilienbusiness.ch\/it\/wp-json\/wp\/v2\/comments?post=11575"}],"version-history":[{"count":1,"href":"https:\/\/www.immobilienbusiness.ch\/it\/wp-json\/wp\/v2\/posts\/11575\/revisions"}],"predecessor-version":[{"id":52077,"href":"https:\/\/www.immobilienbusiness.ch\/it\/wp-json\/wp\/v2\/posts\/11575\/revisions\/52077"}],"wp:featuredmedia":[{"embeddable":true,"href":"https:\/\/www.immobilienbusiness.ch\/it\/wp-json\/wp\/v2\/media\/10674"}],"wp:attachment":[{"href":"https:\/\/www.immobilienbusiness.ch\/it\/wp-json\/wp\/v2\/media?parent=11575"}],"wp:term":[{"taxonomy":"category","embeddable":true,"href":"https:\/\/www.immobilienbusiness.ch\/it\/wp-json\/wp\/v2\/categories?post=11575"},{"taxonomy":"post_tag","embeddable":true,"href":"https:\/\/www.immobilienbusiness.ch\/it\/wp-json\/wp\/v2\/tags?post=11575"}],"curies":[{"name":"wp","href":"https:\/\/api.w.org\/{rel}","templated":true}]}}