{"id":11370,"date":"2018-02-16T08:53:47","date_gmt":"2018-02-16T07:53:47","guid":{"rendered":"https:\/\/www.immobilienbusiness.ch\/?p=11370"},"modified":"2018-02-16T08:53:47","modified_gmt":"2018-02-16T07:53:47","slug":"romanshorn-kornhaus-am-hafen-wird-umgebaut","status":"publish","type":"post","link":"https:\/\/www.immobilienbusiness.ch\/it\/regionen\/2018-02-16\/romanshorn-kornhaus-am-hafen-wird-umgebaut\/","title":{"rendered":"Romanshorn: nuovo uso per il Kornhaus al porto"},"content":{"rendered":"<figure id=\"attachment_11371\" aria-describedby=\"caption-attachment-11371\" style=\"width: 680px\" class=\"wp-caption alignnone\"><img loading=\"lazy\" decoding=\"async\" class=\"size-medium wp-image-11371\" src=\"https:\/\/www.immobilienbusiness.ch\/wp-content\/uploads\/2018\/02\/RomanshornLagerhaeuser.jpg\" alt=\"\" width=\"680\" height=\"515\" srcset=\"https:\/\/www.immobilienbusiness.ch\/wp-content\/uploads\/2018\/02\/RomanshornLagerhaeuser.jpg 2560w, https:\/\/www.immobilienbusiness.ch\/wp-content\/uploads\/2018\/02\/RomanshornLagerhaeuser-300x227.jpg 300w, https:\/\/www.immobilienbusiness.ch\/wp-content\/uploads\/2018\/02\/RomanshornLagerhaeuser-1024x775.jpg 1024w, https:\/\/www.immobilienbusiness.ch\/wp-content\/uploads\/2018\/02\/RomanshornLagerhaeuser-768x581.jpg 768w, https:\/\/www.immobilienbusiness.ch\/wp-content\/uploads\/2018\/02\/RomanshornLagerhaeuser-1536x1162.jpg 1536w, https:\/\/www.immobilienbusiness.ch\/wp-content\/uploads\/2018\/02\/RomanshornLagerhaeuser-2048x1550.jpg 2048w, https:\/\/www.immobilienbusiness.ch\/wp-content\/uploads\/2018\/02\/RomanshornLagerhaeuser-16x12.jpg 16w, https:\/\/www.immobilienbusiness.ch\/wp-content\/uploads\/2018\/02\/RomanshornLagerhaeuser-231x175.jpg 231w, https:\/\/www.immobilienbusiness.ch\/wp-content\/uploads\/2018\/02\/RomanshornLagerhaeuser-463x350.jpg 463w, https:\/\/www.immobilienbusiness.ch\/wp-content\/uploads\/2018\/02\/RomanshornLagerhaeuser-1057x800.jpg 1057w, https:\/\/www.immobilienbusiness.ch\/wp-content\/uploads\/2018\/02\/RomanshornLagerhaeuser-920x696.jpg 920w, https:\/\/www.immobilienbusiness.ch\/wp-content\/uploads\/2018\/02\/RomanshornLagerhaeuser-1400x1059.jpg 1400w, https:\/\/www.immobilienbusiness.ch\/wp-content\/uploads\/2018\/02\/RomanshornLagerhaeuser-1850x1400.jpg 1850w\" sizes=\"auto, (max-width: 680px) 100vw, 680px\" \/><figcaption id=\"caption-attachment-11371\" class=\"wp-caption-text\">Il Kornhaus nel porto di Romanshorn \u00a9 Pingelig, CC-BY-SA 4.0, Wikimedia Commons<\/figcaption><\/figure>\n<p>L'edificio a tre piani, precedentemente utilizzato dalle FFS come magazzino, \u00e8 stato ristrutturato da Kornhaus Romanshorn AG per un costo di circa 40 milioni di franchi.<\/p>\n<p>Su un totale di 9.000 m\u00b2, verranno creati spazi abitativi e spazi per usi pubblici. Ad esempio, al piano terra saranno allestiti un'area espositiva di 1.300 m\u00b2, una sala per eventi per 280 persone, un ristorante e piccoli spazi commerciali.<\/p>\n<p>Al piano superiore \u00e8 in costruzione una pensione con 38 appartamenti. Gli appartamenti da 1,5 a 2,5 stanze, completamente arredati, saranno venduti singolarmente e affittati dai proprietari tramite la Boardinghouse Romanshorn. Sono previsti anche 12 appartamenti mansardati con spazi per gallerie sotto il tetto storico. Tra le altre cose, nel seminterrato verr\u00e0 costruito un parcheggio sotterraneo. La propriet\u00e0 condominiale \u00e8 stata stabilita per l'intera propriet\u00e0.<\/p>\n<p>I lavori di costruzione dovrebbero durare due anni.<\/p>","protected":false},"excerpt":{"rendered":"<p> La suggestiva Kornhaus nel porto di Romanshorn viene trasformata in un edificio residenziale e commerciale. I lavori sono iniziati qualche giorno fa.<\/p>","protected":false},"author":3,"featured_media":11371,"comment_status":"open","ping_status":"open","sticky":false,"template":"","format":"standard","meta":{"_acf_changed":false,"_yoast_wpseo_focuskw":"Kornhaus","_yoast_wpseo_title":"","_yoast_wpseo_metadesc":"Das markante Kornhaus im Hafen von Romanshorn wird zu einem Wohn- und Gewerbehaus umgebaut. Vor wenigen Tagen wurde mit den Arbeiten begonnen.","_yoast_wpseo_linkdex":66,"pgc_sgb_lightbox_settings":"","footnotes":""},"categories":[985],"tags":[1549,1599,1800,1863],"class_list":["post-11370","post","type-post","status-publish","format-standard","has-post-thumbnail","hentry","category-regionen","tag-ostschweiz","tag-projekt-in-bau","tag-umnutzung","tag-wohnimmobilien"],"acf":[],"yoast_head":"<!-- This site is optimized with the Yoast SEO plugin v27.4 - https:\/\/yoast.com\/product\/yoast-seo-wordpress\/ -->\n<title>Romanshorn: Neue Nutzung f\u00fcr Kornhaus am Hafen - IMMOBILIEN Business<\/title>\n<meta name=\"description\" content=\"Das markante Kornhaus im Hafen von Romanshorn wird zu einem Wohn- und Gewerbehaus umgebaut. Vor wenigen Tagen wurde mit den Arbeiten begonnen.\" \/>\n<meta name=\"robots\" content=\"index, follow, max-snippet:-1, max-image-preview:large, max-video-preview:-1\" \/>\n<link rel=\"canonical\" href=\"https:\/\/www.immobilienbusiness.ch\/it\/regionen\/2018-02-16\/romanshorn-kornhaus-am-hafen-wird-umgebaut\/\" \/>\n<meta property=\"og:locale\" content=\"it_IT\" \/>\n<meta property=\"og:type\" content=\"article\" \/>\n<meta property=\"og:title\" content=\"Romanshorn: Neue Nutzung f\u00fcr Kornhaus am Hafen - IMMOBILIEN Business\" \/>\n<meta property=\"og:description\" content=\"Das markante Kornhaus im Hafen von Romanshorn wird zu einem Wohn- und Gewerbehaus umgebaut. Vor wenigen Tagen wurde mit den Arbeiten begonnen.\" \/>\n<meta property=\"og:url\" content=\"https:\/\/www.immobilienbusiness.ch\/it\/regionen\/2018-02-16\/romanshorn-kornhaus-am-hafen-wird-umgebaut\/\" \/>\n<meta property=\"og:site_name\" content=\"IMMOBILIEN Business\" \/>\n<meta property=\"article:publisher\" content=\"https:\/\/www.facebook.com\/immobilienbusiness\/\" \/>\n<meta property=\"article:published_time\" content=\"2018-02-16T07:53:47+00:00\" \/>\n<meta property=\"og:image\" content=\"https:\/\/www.immobilienbusiness.ch\/wp-content\/uploads\/2018\/02\/RomanshornLagerhaeuser-1024x775.jpg\" \/>\n\t<meta property=\"og:image:width\" content=\"1024\" \/>\n\t<meta property=\"og:image:height\" content=\"775\" \/>\n\t<meta property=\"og:image:type\" content=\"image\/jpeg\" \/>\n<meta name=\"author\" content=\"anja.hall\" \/>\n<meta name=\"twitter:card\" content=\"summary_large_image\" \/>\n<meta name=\"twitter:image\" content=\"https:\/\/www.immobilienbusiness.ch\/wp-content\/uploads\/2018\/02\/RomanshornLagerhaeuser.jpg\" \/>\n<script type=\"application\/ld+json\" class=\"yoast-schema-graph\">{\"@context\":\"https:\\\/\\\/schema.org\",\"@graph\":[{\"@type\":\"Article\",\"@id\":\"https:\\\/\\\/www.immobilienbusiness.ch\\\/en\\\/regionen\\\/2018-02-16\\\/romanshorn-kornhaus-am-hafen-wird-umgebaut\\\/#article\",\"isPartOf\":{\"@id\":\"https:\\\/\\\/www.immobilienbusiness.ch\\\/en\\\/regionen\\\/2018-02-16\\\/romanshorn-kornhaus-am-hafen-wird-umgebaut\\\/\"},\"author\":{\"name\":\"anja.hall\",\"@id\":\"https:\\\/\\\/www.immobilienbusiness.ch\\\/#\\\/schema\\\/person\\\/3fc036297b10b9f42d6db5ee932af8c8\"},\"headline\":\"Romanshorn: Neue Nutzung f\u00fcr Kornhaus am Hafen\",\"datePublished\":\"2018-02-16T07:53:47+00:00\",\"mainEntityOfPage\":{\"@id\":\"https:\\\/\\\/www.immobilienbusiness.ch\\\/en\\\/regionen\\\/2018-02-16\\\/romanshorn-kornhaus-am-hafen-wird-umgebaut\\\/\"},\"wordCount\":144,\"commentCount\":0,\"publisher\":{\"@id\":\"https:\\\/\\\/www.immobilienbusiness.ch\\\/#organization\"},\"image\":{\"@id\":\"https:\\\/\\\/www.immobilienbusiness.ch\\\/en\\\/regionen\\\/2018-02-16\\\/romanshorn-kornhaus-am-hafen-wird-umgebaut\\\/#primaryimage\"},\"thumbnailUrl\":\"https:\\\/\\\/www.immobilienbusiness.ch\\\/wp-content\\\/uploads\\\/2018\\\/02\\\/RomanshornLagerhaeuser.jpg\",\"keywords\":[\"Ostschweiz\",\"Projekt in Bau\",\"Umnutzung\",\"Wohnimmobilien\"],\"articleSection\":[\"REGIONEN\"],\"inLanguage\":\"it-IT\"},{\"@type\":\"WebPage\",\"@id\":\"https:\\\/\\\/www.immobilienbusiness.ch\\\/en\\\/regionen\\\/2018-02-16\\\/romanshorn-kornhaus-am-hafen-wird-umgebaut\\\/\",\"url\":\"https:\\\/\\\/www.immobilienbusiness.ch\\\/en\\\/regionen\\\/2018-02-16\\\/romanshorn-kornhaus-am-hafen-wird-umgebaut\\\/\",\"name\":\"Romanshorn: Neue Nutzung f\u00fcr Kornhaus am Hafen - IMMOBILIEN Business\",\"isPartOf\":{\"@id\":\"https:\\\/\\\/www.immobilienbusiness.ch\\\/#website\"},\"primaryImageOfPage\":{\"@id\":\"https:\\\/\\\/www.immobilienbusiness.ch\\\/en\\\/regionen\\\/2018-02-16\\\/romanshorn-kornhaus-am-hafen-wird-umgebaut\\\/#primaryimage\"},\"image\":{\"@id\":\"https:\\\/\\\/www.immobilienbusiness.ch\\\/en\\\/regionen\\\/2018-02-16\\\/romanshorn-kornhaus-am-hafen-wird-umgebaut\\\/#primaryimage\"},\"thumbnailUrl\":\"https:\\\/\\\/www.immobilienbusiness.ch\\\/wp-content\\\/uploads\\\/2018\\\/02\\\/RomanshornLagerhaeuser.jpg\",\"datePublished\":\"2018-02-16T07:53:47+00:00\",\"description\":\"Das markante Kornhaus im Hafen von Romanshorn wird zu einem Wohn- und Gewerbehaus umgebaut. Vor wenigen Tagen wurde mit den Arbeiten begonnen.\",\"breadcrumb\":{\"@id\":\"https:\\\/\\\/www.immobilienbusiness.ch\\\/en\\\/regionen\\\/2018-02-16\\\/romanshorn-kornhaus-am-hafen-wird-umgebaut\\\/#breadcrumb\"},\"inLanguage\":\"it-IT\",\"potentialAction\":[{\"@type\":\"ReadAction\",\"target\":[\"https:\\\/\\\/www.immobilienbusiness.ch\\\/en\\\/regionen\\\/2018-02-16\\\/romanshorn-kornhaus-am-hafen-wird-umgebaut\\\/\"]}]},{\"@type\":\"ImageObject\",\"inLanguage\":\"it-IT\",\"@id\":\"https:\\\/\\\/www.immobilienbusiness.ch\\\/en\\\/regionen\\\/2018-02-16\\\/romanshorn-kornhaus-am-hafen-wird-umgebaut\\\/#primaryimage\",\"url\":\"https:\\\/\\\/www.immobilienbusiness.ch\\\/wp-content\\\/uploads\\\/2018\\\/02\\\/RomanshornLagerhaeuser.jpg\",\"contentUrl\":\"https:\\\/\\\/www.immobilienbusiness.ch\\\/wp-content\\\/uploads\\\/2018\\\/02\\\/RomanshornLagerhaeuser.jpg\",\"width\":2560,\"height\":1937,\"caption\":\"Das Kornhaus im Hafen von Romanshorn\"},{\"@type\":\"BreadcrumbList\",\"@id\":\"https:\\\/\\\/www.immobilienbusiness.ch\\\/en\\\/regionen\\\/2018-02-16\\\/romanshorn-kornhaus-am-hafen-wird-umgebaut\\\/#breadcrumb\",\"itemListElement\":[{\"@type\":\"ListItem\",\"position\":1,\"name\":\"Home\",\"item\":\"https:\\\/\\\/www.immobilienbusiness.ch\\\/\"},{\"@type\":\"ListItem\",\"position\":2,\"name\":\"Romanshorn: Neue Nutzung f\u00fcr Kornhaus am Hafen\"}]},{\"@type\":\"WebSite\",\"@id\":\"https:\\\/\\\/www.immobilienbusiness.ch\\\/#website\",\"url\":\"https:\\\/\\\/www.immobilienbusiness.ch\\\/\",\"name\":\"IMMOBILIEN Business\",\"description\":\"Unabh\u00e4ngiges Schweizer Wirtschaftsmagazin mit Fokus auf Immobilien, Architektur- und Bau sowie Investment- und Finanzierung.\",\"publisher\":{\"@id\":\"https:\\\/\\\/www.immobilienbusiness.ch\\\/#organization\"},\"potentialAction\":[{\"@type\":\"SearchAction\",\"target\":{\"@type\":\"EntryPoint\",\"urlTemplate\":\"https:\\\/\\\/www.immobilienbusiness.ch\\\/?s={search_term_string}\"},\"query-input\":{\"@type\":\"PropertyValueSpecification\",\"valueRequired\":true,\"valueName\":\"search_term_string\"}}],\"inLanguage\":\"it-IT\"},{\"@type\":\"Organization\",\"@id\":\"https:\\\/\\\/www.immobilienbusiness.ch\\\/#organization\",\"name\":\"IMMOBILIEN Business\",\"url\":\"https:\\\/\\\/www.immobilienbusiness.ch\\\/\",\"logo\":{\"@type\":\"ImageObject\",\"inLanguage\":\"it-IT\",\"@id\":\"https:\\\/\\\/www.immobilienbusiness.ch\\\/#\\\/schema\\\/logo\\\/image\\\/\",\"url\":\"https:\\\/\\\/www.immobilienbusiness.ch\\\/wp-content\\\/uploads\\\/2021\\\/07\\\/logo_ib.png\",\"contentUrl\":\"https:\\\/\\\/www.immobilienbusiness.ch\\\/wp-content\\\/uploads\\\/2021\\\/07\\\/logo_ib.png\",\"width\":800,\"height\":181,\"caption\":\"IMMOBILIEN Business\"},\"image\":{\"@id\":\"https:\\\/\\\/www.immobilienbusiness.ch\\\/#\\\/schema\\\/logo\\\/image\\\/\"},\"sameAs\":[\"https:\\\/\\\/www.facebook.com\\\/immobilienbusiness\\\/\"]},{\"@type\":\"Person\",\"@id\":\"https:\\\/\\\/www.immobilienbusiness.ch\\\/#\\\/schema\\\/person\\\/3fc036297b10b9f42d6db5ee932af8c8\",\"name\":\"anja.hall\",\"image\":{\"@type\":\"ImageObject\",\"inLanguage\":\"it-IT\",\"@id\":\"https:\\\/\\\/secure.gravatar.com\\\/avatar\\\/066b5a0d447013502c71a5782f4f3469f03cfe595cc2329fb94652fe47511bfb?s=96&d=mm&r=g\",\"url\":\"https:\\\/\\\/secure.gravatar.com\\\/avatar\\\/066b5a0d447013502c71a5782f4f3469f03cfe595cc2329fb94652fe47511bfb?s=96&d=mm&r=g\",\"contentUrl\":\"https:\\\/\\\/secure.gravatar.com\\\/avatar\\\/066b5a0d447013502c71a5782f4f3469f03cfe595cc2329fb94652fe47511bfb?s=96&d=mm&r=g\",\"caption\":\"anja.hall\"},\"url\":\"https:\\\/\\\/www.immobilienbusiness.ch\\\/it\\\/author\\\/anja-hall\\\/\"}]}<\/script>\n<!-- \/ Yoast SEO plugin. -->","yoast_head_json":{"title":"Romanshorn: Neue Nutzung f\u00fcr Kornhaus am Hafen - IMMOBILIEN Business","description":"La suggestiva Kornhaus nel porto di Romanshorn viene trasformata in un edificio residenziale e commerciale. I lavori sono iniziati qualche giorno fa.","robots":{"index":"index","follow":"follow","max-snippet":"max-snippet:-1","max-image-preview":"max-image-preview:large","max-video-preview":"max-video-preview:-1"},"canonical":"https:\/\/www.immobilienbusiness.ch\/it\/regionen\/2018-02-16\/romanshorn-kornhaus-am-hafen-wird-umgebaut\/","og_locale":"it_IT","og_type":"article","og_title":"Romanshorn: Neue Nutzung f\u00fcr Kornhaus am Hafen - IMMOBILIEN Business","og_description":"Das markante Kornhaus im Hafen von Romanshorn wird zu einem Wohn- und Gewerbehaus umgebaut. Vor wenigen Tagen wurde mit den Arbeiten begonnen.","og_url":"https:\/\/www.immobilienbusiness.ch\/it\/regionen\/2018-02-16\/romanshorn-kornhaus-am-hafen-wird-umgebaut\/","og_site_name":"IMMOBILIEN Business","article_publisher":"https:\/\/www.facebook.com\/immobilienbusiness\/","article_published_time":"2018-02-16T07:53:47+00:00","og_image":[{"width":1024,"height":775,"url":"https:\/\/www.immobilienbusiness.ch\/wp-content\/uploads\/2018\/02\/RomanshornLagerhaeuser-1024x775.jpg","type":"image\/jpeg"}],"author":"anja.hall","twitter_card":"summary_large_image","twitter_image":"https:\/\/www.immobilienbusiness.ch\/wp-content\/uploads\/2018\/02\/RomanshornLagerhaeuser.jpg","schema":{"@context":"https:\/\/schema.org","@graph":[{"@type":"Article","@id":"https:\/\/www.immobilienbusiness.ch\/en\/regionen\/2018-02-16\/romanshorn-kornhaus-am-hafen-wird-umgebaut\/#article","isPartOf":{"@id":"https:\/\/www.immobilienbusiness.ch\/en\/regionen\/2018-02-16\/romanshorn-kornhaus-am-hafen-wird-umgebaut\/"},"author":{"name":"anja.hall","@id":"https:\/\/www.immobilienbusiness.ch\/#\/schema\/person\/3fc036297b10b9f42d6db5ee932af8c8"},"headline":"Romanshorn: Neue Nutzung f\u00fcr Kornhaus am Hafen","datePublished":"2018-02-16T07:53:47+00:00","mainEntityOfPage":{"@id":"https:\/\/www.immobilienbusiness.ch\/en\/regionen\/2018-02-16\/romanshorn-kornhaus-am-hafen-wird-umgebaut\/"},"wordCount":144,"commentCount":0,"publisher":{"@id":"https:\/\/www.immobilienbusiness.ch\/#organization"},"image":{"@id":"https:\/\/www.immobilienbusiness.ch\/en\/regionen\/2018-02-16\/romanshorn-kornhaus-am-hafen-wird-umgebaut\/#primaryimage"},"thumbnailUrl":"https:\/\/www.immobilienbusiness.ch\/wp-content\/uploads\/2018\/02\/RomanshornLagerhaeuser.jpg","keywords":["Ostschweiz","Projekt in Bau","Umnutzung","Wohnimmobilien"],"articleSection":["REGIONEN"],"inLanguage":"it-IT"},{"@type":"WebPage","@id":"https:\/\/www.immobilienbusiness.ch\/en\/regionen\/2018-02-16\/romanshorn-kornhaus-am-hafen-wird-umgebaut\/","url":"https:\/\/www.immobilienbusiness.ch\/en\/regionen\/2018-02-16\/romanshorn-kornhaus-am-hafen-wird-umgebaut\/","name":"Romanshorn: Neue Nutzung f\u00fcr Kornhaus am Hafen - IMMOBILIEN Business","isPartOf":{"@id":"https:\/\/www.immobilienbusiness.ch\/#website"},"primaryImageOfPage":{"@id":"https:\/\/www.immobilienbusiness.ch\/en\/regionen\/2018-02-16\/romanshorn-kornhaus-am-hafen-wird-umgebaut\/#primaryimage"},"image":{"@id":"https:\/\/www.immobilienbusiness.ch\/en\/regionen\/2018-02-16\/romanshorn-kornhaus-am-hafen-wird-umgebaut\/#primaryimage"},"thumbnailUrl":"https:\/\/www.immobilienbusiness.ch\/wp-content\/uploads\/2018\/02\/RomanshornLagerhaeuser.jpg","datePublished":"2018-02-16T07:53:47+00:00","description":"La suggestiva Kornhaus nel porto di Romanshorn viene trasformata in un edificio residenziale e commerciale. I lavori sono iniziati qualche giorno fa.","breadcrumb":{"@id":"https:\/\/www.immobilienbusiness.ch\/en\/regionen\/2018-02-16\/romanshorn-kornhaus-am-hafen-wird-umgebaut\/#breadcrumb"},"inLanguage":"it-IT","potentialAction":[{"@type":"ReadAction","target":["https:\/\/www.immobilienbusiness.ch\/en\/regionen\/2018-02-16\/romanshorn-kornhaus-am-hafen-wird-umgebaut\/"]}]},{"@type":"ImageObject","inLanguage":"it-IT","@id":"https:\/\/www.immobilienbusiness.ch\/en\/regionen\/2018-02-16\/romanshorn-kornhaus-am-hafen-wird-umgebaut\/#primaryimage","url":"https:\/\/www.immobilienbusiness.ch\/wp-content\/uploads\/2018\/02\/RomanshornLagerhaeuser.jpg","contentUrl":"https:\/\/www.immobilienbusiness.ch\/wp-content\/uploads\/2018\/02\/RomanshornLagerhaeuser.jpg","width":2560,"height":1937,"caption":"Das Kornhaus im Hafen von Romanshorn"},{"@type":"BreadcrumbList","@id":"https:\/\/www.immobilienbusiness.ch\/en\/regionen\/2018-02-16\/romanshorn-kornhaus-am-hafen-wird-umgebaut\/#breadcrumb","itemListElement":[{"@type":"ListItem","position":1,"name":"Home","item":"https:\/\/www.immobilienbusiness.ch\/"},{"@type":"ListItem","position":2,"name":"Romanshorn: Neue Nutzung f\u00fcr Kornhaus am Hafen"}]},{"@type":"WebSite","@id":"https:\/\/www.immobilienbusiness.ch\/#website","url":"https:\/\/www.immobilienbusiness.ch\/","name":"Affari immobiliari","description":"Rivista economica indipendente svizzera che si concentra sul settore immobiliare, l'architettura e la costruzione, nonch\u00e9 sugli investimenti e i finanziamenti.","publisher":{"@id":"https:\/\/www.immobilienbusiness.ch\/#organization"},"potentialAction":[{"@type":"SearchAction","target":{"@type":"EntryPoint","urlTemplate":"https:\/\/www.immobilienbusiness.ch\/?s={search_term_string}"},"query-input":{"@type":"PropertyValueSpecification","valueRequired":true,"valueName":"search_term_string"}}],"inLanguage":"it-IT"},{"@type":"Organization","@id":"https:\/\/www.immobilienbusiness.ch\/#organization","name":"Affari immobiliari","url":"https:\/\/www.immobilienbusiness.ch\/","logo":{"@type":"ImageObject","inLanguage":"it-IT","@id":"https:\/\/www.immobilienbusiness.ch\/#\/schema\/logo\/image\/","url":"https:\/\/www.immobilienbusiness.ch\/wp-content\/uploads\/2021\/07\/logo_ib.png","contentUrl":"https:\/\/www.immobilienbusiness.ch\/wp-content\/uploads\/2021\/07\/logo_ib.png","width":800,"height":181,"caption":"IMMOBILIEN Business"},"image":{"@id":"https:\/\/www.immobilienbusiness.ch\/#\/schema\/logo\/image\/"},"sameAs":["https:\/\/www.facebook.com\/immobilienbusiness\/"]},{"@type":"Person","@id":"https:\/\/www.immobilienbusiness.ch\/#\/schema\/person\/3fc036297b10b9f42d6db5ee932af8c8","name":"anja.hall","image":{"@type":"ImageObject","inLanguage":"it-IT","@id":"https:\/\/secure.gravatar.com\/avatar\/066b5a0d447013502c71a5782f4f3469f03cfe595cc2329fb94652fe47511bfb?s=96&d=mm&r=g","url":"https:\/\/secure.gravatar.com\/avatar\/066b5a0d447013502c71a5782f4f3469f03cfe595cc2329fb94652fe47511bfb?s=96&d=mm&r=g","contentUrl":"https:\/\/secure.gravatar.com\/avatar\/066b5a0d447013502c71a5782f4f3469f03cfe595cc2329fb94652fe47511bfb?s=96&d=mm&r=g","caption":"anja.hall"},"url":"https:\/\/www.immobilienbusiness.ch\/it\/author\/anja-hall\/"}]}},"_links":{"self":[{"href":"https:\/\/www.immobilienbusiness.ch\/it\/wp-json\/wp\/v2\/posts\/11370","targetHints":{"allow":["GET"]}}],"collection":[{"href":"https:\/\/www.immobilienbusiness.ch\/it\/wp-json\/wp\/v2\/posts"}],"about":[{"href":"https:\/\/www.immobilienbusiness.ch\/it\/wp-json\/wp\/v2\/types\/post"}],"author":[{"embeddable":true,"href":"https:\/\/www.immobilienbusiness.ch\/it\/wp-json\/wp\/v2\/users\/3"}],"replies":[{"embeddable":true,"href":"https:\/\/www.immobilienbusiness.ch\/it\/wp-json\/wp\/v2\/comments?post=11370"}],"version-history":[{"count":0,"href":"https:\/\/www.immobilienbusiness.ch\/it\/wp-json\/wp\/v2\/posts\/11370\/revisions"}],"wp:featuredmedia":[{"embeddable":true,"href":"https:\/\/www.immobilienbusiness.ch\/it\/wp-json\/wp\/v2\/media\/11371"}],"wp:attachment":[{"href":"https:\/\/www.immobilienbusiness.ch\/it\/wp-json\/wp\/v2\/media?parent=11370"}],"wp:term":[{"taxonomy":"category","embeddable":true,"href":"https:\/\/www.immobilienbusiness.ch\/it\/wp-json\/wp\/v2\/categories?post=11370"},{"taxonomy":"post_tag","embeddable":true,"href":"https:\/\/www.immobilienbusiness.ch\/it\/wp-json\/wp\/v2\/tags?post=11370"}],"curies":[{"name":"wp","href":"https:\/\/api.w.org\/{rel}","templated":true}]}}