{"id":10919,"date":"2018-01-16T08:00:53","date_gmt":"2018-01-16T07:00:53","guid":{"rendered":"https:\/\/www.immobilienbusiness.ch\/?p=10919"},"modified":"2018-01-16T08:00:53","modified_gmt":"2018-01-16T07:00:53","slug":"bern-wohnhaeuser-dalmazirain-30-und-32-werden-saniert","status":"publish","type":"post","link":"https:\/\/www.immobilienbusiness.ch\/it\/regionen\/2018-01-16\/bern-wohnhaeuser-dalmazirain-30-und-32-werden-saniert\/","title":{"rendered":"Berna: ristrutturazione degli edifici residenziali di Dalmazirain 30 e 32"},"content":{"rendered":"<figure id=\"attachment_5042\" aria-describedby=\"caption-attachment-5042\" style=\"width: 680px\" class=\"wp-caption alignnone\"><img loading=\"lazy\" decoding=\"async\" class=\"size-medium wp-image-5042\" src=\"https:\/\/www.immobilienbusiness.ch\/wp-content\/uploads\/2016\/11\/Bern-Gr\u00fcnes-Licht-f\u00fcr-SPS-Wohnprojekt-immobilien-business.jpg\" alt=\"\" width=\"680\" height=\"452\" \/><figcaption id=\"caption-attachment-5042\" class=\"wp-caption-text\">La citt\u00e0 di Berna sta ristrutturando gli immobili residenziali comunali (Foto: Pixabay)<\/figcaption><\/figure>\n<p>Nel corso dei lavori di costruzione di Dalmazirain, saranno rinnovati gli interni, rinnovate le facciate, le finestre e i tetti, installate nuove cucine e locali sanitari, rinnovati gli impianti elettrici e sanitari e installato un sistema di ventilazione meccanica.<\/p>\n<p>Nella propriet\u00e0 Dalmazirain 30, oltre ai cinque appartamenti esistenti da 2,5 a 3 stanze, verr\u00e0 creato un nuovo appartamento da 3,5 stanze grazie alla conversione di locali sottotetto. Nell'edificio Dalmazirain 32 verranno realizzati due nuovi appartamenti in mansarda e un nuovo monolocale al piano terra. Inoltre, un appartamento precedentemente utilizzato come deposito sar\u00e0 restituito all'uso originario. L'offerta di Dalmazirain 32 passer\u00e0 dagli attuali otto a dodici appartamenti da una a quattro stanze.<\/p>\n<p>Finora gli appartamenti di Dalmazirain 30 e 32 sono stati offerti nel segmento \"abitazioni a prezzi accessibili con criteri di locazione (G\u00fcWR)\". I nuovi attici saranno costruiti secondo uno standard di alto livello e saranno affittati a canoni di mercato, riferisce il <em>Alleanza<\/em>. I restanti appartamenti delle due propriet\u00e0 rimangono nel segmento G\u00fcWR.<\/p>","protected":false},"excerpt":{"rendered":"<p>Gli immobili comunali di Dalmazirain 30 e 32 saranno ristrutturati e convertiti per un totale di 6,6 milioni di franchi. Tra l'altro, sono previsti nuovi appartamenti di standard pi\u00f9 elevato, che saranno offerti a canoni di mercato.<\/p>","protected":false},"author":3,"featured_media":5042,"comment_status":"open","ping_status":"open","sticky":false,"template":"","format":"standard","meta":{"_acf_changed":false,"_yoast_wpseo_focuskw":"Dalmazirain","_yoast_wpseo_title":"","_yoast_wpseo_metadesc":"Die st\u00e4dtischen Liegenschaften am Dalmazirain 30 und 32 sollen f\u00fcr insgesamt 6,6 Millionen CHF saniert und umgebaut werden. Geplant sind unter anderem neue Wohnungen im gehobenen Standard, die zu Marktmieten angeboten werden.","_yoast_wpseo_linkdex":43,"pgc_sgb_lightbox_settings":"","footnotes":""},"categories":[985],"tags":[1091,1600,1863],"class_list":["post-10919","post","type-post","status-publish","format-standard","has-post-thumbnail","hentry","category-regionen","tag-bern","tag-projekt-in-planung","tag-wohnimmobilien"],"acf":[],"yoast_head":"<!-- This site is optimized with the Yoast SEO plugin v27.4 - https:\/\/yoast.com\/product\/yoast-seo-wordpress\/ -->\n<title>Bern: Wohnh\u00e4user am Dalmazirain 30 und 32 werden saniert - IMMOBILIEN Business<\/title>\n<meta name=\"description\" content=\"Die st\u00e4dtischen Liegenschaften am Dalmazirain 30 und 32 sollen f\u00fcr insgesamt 6,6 Millionen CHF saniert und umgebaut werden. Geplant sind unter anderem neue Wohnungen im gehobenen Standard, die zu Marktmieten angeboten werden.\" \/>\n<meta name=\"robots\" content=\"index, follow, max-snippet:-1, max-image-preview:large, max-video-preview:-1\" \/>\n<link rel=\"canonical\" href=\"https:\/\/www.immobilienbusiness.ch\/it\/regionen\/2018-01-16\/bern-wohnhaeuser-dalmazirain-30-und-32-werden-saniert\/\" \/>\n<meta property=\"og:locale\" content=\"it_IT\" \/>\n<meta property=\"og:type\" content=\"article\" \/>\n<meta property=\"og:title\" content=\"Bern: Wohnh\u00e4user am Dalmazirain 30 und 32 werden saniert\" \/>\n<meta property=\"og:description\" content=\"Die st\u00e4dtischen Liegenschaften am Dalmazirain 30 und 32 sollen f\u00fcr insgesamt 6,6 Millionen CHF saniert und umgebaut werden. Geplant sind unter anderem neue Wohnungen im gehobenen Standard, die zu Marktmieten angeboten werden.\" \/>\n<meta property=\"og:url\" content=\"https:\/\/www.immobilienbusiness.ch\/it\/regionen\/2018-01-16\/bern-wohnhaeuser-dalmazirain-30-und-32-werden-saniert\/\" \/>\n<meta property=\"og:site_name\" content=\"IMMOBILIEN Business\" \/>\n<meta property=\"article:publisher\" content=\"https:\/\/www.facebook.com\/immobilienbusiness\/\" \/>\n<meta property=\"article:published_time\" content=\"2018-01-16T07:00:53+00:00\" \/>\n<meta property=\"og:image\" content=\"https:\/\/www.immobilienbusiness.ch\/wp-content\/uploads\/2016\/11\/Bern-Gruenes-Licht-fuer-SPS-Wohnprojekt-immobilien-business.jpg\" \/>\n\t<meta property=\"og:image:width\" content=\"1280\" \/>\n\t<meta property=\"og:image:height\" content=\"850\" \/>\n\t<meta property=\"og:image:type\" content=\"image\/jpeg\" \/>\n<meta name=\"author\" content=\"anja.hall\" \/>\n<meta name=\"twitter:card\" content=\"summary_large_image\" \/>\n<meta name=\"twitter:title\" content=\"Bern: Wohnh\u00e4user am Dalmazirain 30 und 32 werden saniert\" \/>\n<meta name=\"twitter:description\" content=\"Die st\u00e4dtischen Liegenschaften am Dalmazirain 30 und 32 sollen f\u00fcr insgesamt 6,6 Millionen CHF saniert und umgebaut werden. Geplant sind unter anderem neue Wohnungen im gehobenen Standard, die zu Marktmieten angeboten werden.\" \/>\n<meta name=\"twitter:image\" content=\"https:\/\/www.immobilienbusiness.ch\/wp-content\/uploads\/2016\/11\/Bern-Gr\u00fcnes-Licht-f\u00fcr-SPS-Wohnprojekt-immobilien-business.jpg\" \/>\n<script type=\"application\/ld+json\" class=\"yoast-schema-graph\">{\"@context\":\"https:\\\/\\\/schema.org\",\"@graph\":[{\"@type\":\"Article\",\"@id\":\"https:\\\/\\\/www.immobilienbusiness.ch\\\/de\\\/regionen\\\/2018-01-16\\\/bern-wohnhaeuser-dalmazirain-30-und-32-werden-saniert\\\/#article\",\"isPartOf\":{\"@id\":\"https:\\\/\\\/www.immobilienbusiness.ch\\\/de\\\/regionen\\\/2018-01-16\\\/bern-wohnhaeuser-dalmazirain-30-und-32-werden-saniert\\\/\"},\"author\":{\"name\":\"anja.hall\",\"@id\":\"https:\\\/\\\/www.immobilienbusiness.ch\\\/#\\\/schema\\\/person\\\/3fc036297b10b9f42d6db5ee932af8c8\"},\"headline\":\"Bern: Wohnh\u00e4user am Dalmazirain 30 und 32 werden saniert\",\"datePublished\":\"2018-01-16T07:00:53+00:00\",\"mainEntityOfPage\":{\"@id\":\"https:\\\/\\\/www.immobilienbusiness.ch\\\/de\\\/regionen\\\/2018-01-16\\\/bern-wohnhaeuser-dalmazirain-30-und-32-werden-saniert\\\/\"},\"wordCount\":180,\"commentCount\":0,\"publisher\":{\"@id\":\"https:\\\/\\\/www.immobilienbusiness.ch\\\/#organization\"},\"image\":{\"@id\":\"https:\\\/\\\/www.immobilienbusiness.ch\\\/de\\\/regionen\\\/2018-01-16\\\/bern-wohnhaeuser-dalmazirain-30-und-32-werden-saniert\\\/#primaryimage\"},\"thumbnailUrl\":\"https:\\\/\\\/www.immobilienbusiness.ch\\\/wp-content\\\/uploads\\\/2016\\\/11\\\/Bern-Gruenes-Licht-fuer-SPS-Wohnprojekt-immobilien-business.jpg\",\"keywords\":[\"Bern\",\"Projekt in Planung\",\"Wohnimmobilien\"],\"articleSection\":[\"REGIONEN\"],\"inLanguage\":\"it-IT\"},{\"@type\":\"WebPage\",\"@id\":\"https:\\\/\\\/www.immobilienbusiness.ch\\\/de\\\/regionen\\\/2018-01-16\\\/bern-wohnhaeuser-dalmazirain-30-und-32-werden-saniert\\\/\",\"url\":\"https:\\\/\\\/www.immobilienbusiness.ch\\\/de\\\/regionen\\\/2018-01-16\\\/bern-wohnhaeuser-dalmazirain-30-und-32-werden-saniert\\\/\",\"name\":\"Bern: Wohnh\u00e4user am Dalmazirain 30 und 32 werden saniert - IMMOBILIEN Business\",\"isPartOf\":{\"@id\":\"https:\\\/\\\/www.immobilienbusiness.ch\\\/#website\"},\"primaryImageOfPage\":{\"@id\":\"https:\\\/\\\/www.immobilienbusiness.ch\\\/de\\\/regionen\\\/2018-01-16\\\/bern-wohnhaeuser-dalmazirain-30-und-32-werden-saniert\\\/#primaryimage\"},\"image\":{\"@id\":\"https:\\\/\\\/www.immobilienbusiness.ch\\\/de\\\/regionen\\\/2018-01-16\\\/bern-wohnhaeuser-dalmazirain-30-und-32-werden-saniert\\\/#primaryimage\"},\"thumbnailUrl\":\"https:\\\/\\\/www.immobilienbusiness.ch\\\/wp-content\\\/uploads\\\/2016\\\/11\\\/Bern-Gruenes-Licht-fuer-SPS-Wohnprojekt-immobilien-business.jpg\",\"datePublished\":\"2018-01-16T07:00:53+00:00\",\"description\":\"Die st\u00e4dtischen Liegenschaften am Dalmazirain 30 und 32 sollen f\u00fcr insgesamt 6,6 Millionen CHF saniert und umgebaut werden. Geplant sind unter anderem neue Wohnungen im gehobenen Standard, die zu Marktmieten angeboten werden.\",\"breadcrumb\":{\"@id\":\"https:\\\/\\\/www.immobilienbusiness.ch\\\/de\\\/regionen\\\/2018-01-16\\\/bern-wohnhaeuser-dalmazirain-30-und-32-werden-saniert\\\/#breadcrumb\"},\"inLanguage\":\"it-IT\",\"potentialAction\":[{\"@type\":\"ReadAction\",\"target\":[\"https:\\\/\\\/www.immobilienbusiness.ch\\\/de\\\/regionen\\\/2018-01-16\\\/bern-wohnhaeuser-dalmazirain-30-und-32-werden-saniert\\\/\"]}]},{\"@type\":\"ImageObject\",\"inLanguage\":\"it-IT\",\"@id\":\"https:\\\/\\\/www.immobilienbusiness.ch\\\/de\\\/regionen\\\/2018-01-16\\\/bern-wohnhaeuser-dalmazirain-30-und-32-werden-saniert\\\/#primaryimage\",\"url\":\"https:\\\/\\\/www.immobilienbusiness.ch\\\/wp-content\\\/uploads\\\/2016\\\/11\\\/Bern-Gruenes-Licht-fuer-SPS-Wohnprojekt-immobilien-business.jpg\",\"contentUrl\":\"https:\\\/\\\/www.immobilienbusiness.ch\\\/wp-content\\\/uploads\\\/2016\\\/11\\\/Bern-Gruenes-Licht-fuer-SPS-Wohnprojekt-immobilien-business.jpg\",\"width\":1280,\"height\":850,\"caption\":\"Die Stadt Bern will das Gaswerk-Areal selbst entwickeln (Foto: Pixabay)\"},{\"@type\":\"BreadcrumbList\",\"@id\":\"https:\\\/\\\/www.immobilienbusiness.ch\\\/de\\\/regionen\\\/2018-01-16\\\/bern-wohnhaeuser-dalmazirain-30-und-32-werden-saniert\\\/#breadcrumb\",\"itemListElement\":[{\"@type\":\"ListItem\",\"position\":1,\"name\":\"Home\",\"item\":\"https:\\\/\\\/www.immobilienbusiness.ch\\\/\"},{\"@type\":\"ListItem\",\"position\":2,\"name\":\"Bern: Wohnh\u00e4user am Dalmazirain 30 und 32 werden saniert\"}]},{\"@type\":\"WebSite\",\"@id\":\"https:\\\/\\\/www.immobilienbusiness.ch\\\/#website\",\"url\":\"https:\\\/\\\/www.immobilienbusiness.ch\\\/\",\"name\":\"IMMOBILIEN Business\",\"description\":\"Unabh\u00e4ngiges Schweizer Wirtschaftsmagazin mit Fokus auf Immobilien, Architektur- und Bau sowie Investment- und Finanzierung.\",\"publisher\":{\"@id\":\"https:\\\/\\\/www.immobilienbusiness.ch\\\/#organization\"},\"potentialAction\":[{\"@type\":\"SearchAction\",\"target\":{\"@type\":\"EntryPoint\",\"urlTemplate\":\"https:\\\/\\\/www.immobilienbusiness.ch\\\/?s={search_term_string}\"},\"query-input\":{\"@type\":\"PropertyValueSpecification\",\"valueRequired\":true,\"valueName\":\"search_term_string\"}}],\"inLanguage\":\"it-IT\"},{\"@type\":\"Organization\",\"@id\":\"https:\\\/\\\/www.immobilienbusiness.ch\\\/#organization\",\"name\":\"IMMOBILIEN Business\",\"url\":\"https:\\\/\\\/www.immobilienbusiness.ch\\\/\",\"logo\":{\"@type\":\"ImageObject\",\"inLanguage\":\"it-IT\",\"@id\":\"https:\\\/\\\/www.immobilienbusiness.ch\\\/#\\\/schema\\\/logo\\\/image\\\/\",\"url\":\"https:\\\/\\\/www.immobilienbusiness.ch\\\/wp-content\\\/uploads\\\/2021\\\/07\\\/logo_ib.png\",\"contentUrl\":\"https:\\\/\\\/www.immobilienbusiness.ch\\\/wp-content\\\/uploads\\\/2021\\\/07\\\/logo_ib.png\",\"width\":800,\"height\":181,\"caption\":\"IMMOBILIEN Business\"},\"image\":{\"@id\":\"https:\\\/\\\/www.immobilienbusiness.ch\\\/#\\\/schema\\\/logo\\\/image\\\/\"},\"sameAs\":[\"https:\\\/\\\/www.facebook.com\\\/immobilienbusiness\\\/\"]},{\"@type\":\"Person\",\"@id\":\"https:\\\/\\\/www.immobilienbusiness.ch\\\/#\\\/schema\\\/person\\\/3fc036297b10b9f42d6db5ee932af8c8\",\"name\":\"anja.hall\",\"image\":{\"@type\":\"ImageObject\",\"inLanguage\":\"it-IT\",\"@id\":\"https:\\\/\\\/secure.gravatar.com\\\/avatar\\\/066b5a0d447013502c71a5782f4f3469f03cfe595cc2329fb94652fe47511bfb?s=96&d=mm&r=g\",\"url\":\"https:\\\/\\\/secure.gravatar.com\\\/avatar\\\/066b5a0d447013502c71a5782f4f3469f03cfe595cc2329fb94652fe47511bfb?s=96&d=mm&r=g\",\"contentUrl\":\"https:\\\/\\\/secure.gravatar.com\\\/avatar\\\/066b5a0d447013502c71a5782f4f3469f03cfe595cc2329fb94652fe47511bfb?s=96&d=mm&r=g\",\"caption\":\"anja.hall\"},\"url\":\"https:\\\/\\\/www.immobilienbusiness.ch\\\/it\\\/author\\\/anja-hall\\\/\"}]}<\/script>\n<!-- \/ Yoast SEO plugin. -->","yoast_head_json":{"title":"Bern: Wohnh\u00e4user am Dalmazirain 30 und 32 werden saniert - IMMOBILIEN Business","description":"Gli immobili comunali di Dalmazirain 30 e 32 saranno ristrutturati e convertiti per un totale di 6,6 milioni di franchi. Tra l'altro, sono previsti nuovi appartamenti di standard pi\u00f9 elevato, che saranno offerti a canoni di mercato.","robots":{"index":"index","follow":"follow","max-snippet":"max-snippet:-1","max-image-preview":"max-image-preview:large","max-video-preview":"max-video-preview:-1"},"canonical":"https:\/\/www.immobilienbusiness.ch\/it\/regionen\/2018-01-16\/bern-wohnhaeuser-dalmazirain-30-und-32-werden-saniert\/","og_locale":"it_IT","og_type":"article","og_title":"Bern: Wohnh\u00e4user am Dalmazirain 30 und 32 werden saniert","og_description":"Die st\u00e4dtischen Liegenschaften am Dalmazirain 30 und 32 sollen f\u00fcr insgesamt 6,6 Millionen CHF saniert und umgebaut werden. Geplant sind unter anderem neue Wohnungen im gehobenen Standard, die zu Marktmieten angeboten werden.","og_url":"https:\/\/www.immobilienbusiness.ch\/it\/regionen\/2018-01-16\/bern-wohnhaeuser-dalmazirain-30-und-32-werden-saniert\/","og_site_name":"IMMOBILIEN Business","article_publisher":"https:\/\/www.facebook.com\/immobilienbusiness\/","article_published_time":"2018-01-16T07:00:53+00:00","og_image":[{"width":1280,"height":850,"url":"https:\/\/www.immobilienbusiness.ch\/wp-content\/uploads\/2016\/11\/Bern-Gruenes-Licht-fuer-SPS-Wohnprojekt-immobilien-business.jpg","type":"image\/jpeg"}],"author":"anja.hall","twitter_card":"summary_large_image","twitter_title":"Bern: Wohnh\u00e4user am Dalmazirain 30 und 32 werden saniert","twitter_description":"Die st\u00e4dtischen Liegenschaften am Dalmazirain 30 und 32 sollen f\u00fcr insgesamt 6,6 Millionen CHF saniert und umgebaut werden. Geplant sind unter anderem neue Wohnungen im gehobenen Standard, die zu Marktmieten angeboten werden.","twitter_image":"https:\/\/www.immobilienbusiness.ch\/wp-content\/uploads\/2016\/11\/Bern-Gr\u00fcnes-Licht-f\u00fcr-SPS-Wohnprojekt-immobilien-business.jpg","schema":{"@context":"https:\/\/schema.org","@graph":[{"@type":"Article","@id":"https:\/\/www.immobilienbusiness.ch\/de\/regionen\/2018-01-16\/bern-wohnhaeuser-dalmazirain-30-und-32-werden-saniert\/#article","isPartOf":{"@id":"https:\/\/www.immobilienbusiness.ch\/de\/regionen\/2018-01-16\/bern-wohnhaeuser-dalmazirain-30-und-32-werden-saniert\/"},"author":{"name":"anja.hall","@id":"https:\/\/www.immobilienbusiness.ch\/#\/schema\/person\/3fc036297b10b9f42d6db5ee932af8c8"},"headline":"Bern: Wohnh\u00e4user am Dalmazirain 30 und 32 werden saniert","datePublished":"2018-01-16T07:00:53+00:00","mainEntityOfPage":{"@id":"https:\/\/www.immobilienbusiness.ch\/de\/regionen\/2018-01-16\/bern-wohnhaeuser-dalmazirain-30-und-32-werden-saniert\/"},"wordCount":180,"commentCount":0,"publisher":{"@id":"https:\/\/www.immobilienbusiness.ch\/#organization"},"image":{"@id":"https:\/\/www.immobilienbusiness.ch\/de\/regionen\/2018-01-16\/bern-wohnhaeuser-dalmazirain-30-und-32-werden-saniert\/#primaryimage"},"thumbnailUrl":"https:\/\/www.immobilienbusiness.ch\/wp-content\/uploads\/2016\/11\/Bern-Gruenes-Licht-fuer-SPS-Wohnprojekt-immobilien-business.jpg","keywords":["Bern","Projekt in Planung","Wohnimmobilien"],"articleSection":["REGIONEN"],"inLanguage":"it-IT"},{"@type":"WebPage","@id":"https:\/\/www.immobilienbusiness.ch\/de\/regionen\/2018-01-16\/bern-wohnhaeuser-dalmazirain-30-und-32-werden-saniert\/","url":"https:\/\/www.immobilienbusiness.ch\/de\/regionen\/2018-01-16\/bern-wohnhaeuser-dalmazirain-30-und-32-werden-saniert\/","name":"Bern: Wohnh\u00e4user am Dalmazirain 30 und 32 werden saniert - IMMOBILIEN Business","isPartOf":{"@id":"https:\/\/www.immobilienbusiness.ch\/#website"},"primaryImageOfPage":{"@id":"https:\/\/www.immobilienbusiness.ch\/de\/regionen\/2018-01-16\/bern-wohnhaeuser-dalmazirain-30-und-32-werden-saniert\/#primaryimage"},"image":{"@id":"https:\/\/www.immobilienbusiness.ch\/de\/regionen\/2018-01-16\/bern-wohnhaeuser-dalmazirain-30-und-32-werden-saniert\/#primaryimage"},"thumbnailUrl":"https:\/\/www.immobilienbusiness.ch\/wp-content\/uploads\/2016\/11\/Bern-Gruenes-Licht-fuer-SPS-Wohnprojekt-immobilien-business.jpg","datePublished":"2018-01-16T07:00:53+00:00","description":"Gli immobili comunali di Dalmazirain 30 e 32 saranno ristrutturati e convertiti per un totale di 6,6 milioni di franchi. Tra l'altro, sono previsti nuovi appartamenti di standard pi\u00f9 elevato, che saranno offerti a canoni di mercato.","breadcrumb":{"@id":"https:\/\/www.immobilienbusiness.ch\/de\/regionen\/2018-01-16\/bern-wohnhaeuser-dalmazirain-30-und-32-werden-saniert\/#breadcrumb"},"inLanguage":"it-IT","potentialAction":[{"@type":"ReadAction","target":["https:\/\/www.immobilienbusiness.ch\/de\/regionen\/2018-01-16\/bern-wohnhaeuser-dalmazirain-30-und-32-werden-saniert\/"]}]},{"@type":"ImageObject","inLanguage":"it-IT","@id":"https:\/\/www.immobilienbusiness.ch\/de\/regionen\/2018-01-16\/bern-wohnhaeuser-dalmazirain-30-und-32-werden-saniert\/#primaryimage","url":"https:\/\/www.immobilienbusiness.ch\/wp-content\/uploads\/2016\/11\/Bern-Gruenes-Licht-fuer-SPS-Wohnprojekt-immobilien-business.jpg","contentUrl":"https:\/\/www.immobilienbusiness.ch\/wp-content\/uploads\/2016\/11\/Bern-Gruenes-Licht-fuer-SPS-Wohnprojekt-immobilien-business.jpg","width":1280,"height":850,"caption":"Die Stadt Bern will das Gaswerk-Areal selbst entwickeln (Foto: Pixabay)"},{"@type":"BreadcrumbList","@id":"https:\/\/www.immobilienbusiness.ch\/de\/regionen\/2018-01-16\/bern-wohnhaeuser-dalmazirain-30-und-32-werden-saniert\/#breadcrumb","itemListElement":[{"@type":"ListItem","position":1,"name":"Home","item":"https:\/\/www.immobilienbusiness.ch\/"},{"@type":"ListItem","position":2,"name":"Bern: Wohnh\u00e4user am Dalmazirain 30 und 32 werden saniert"}]},{"@type":"WebSite","@id":"https:\/\/www.immobilienbusiness.ch\/#website","url":"https:\/\/www.immobilienbusiness.ch\/","name":"Affari immobiliari","description":"Rivista economica indipendente svizzera che si concentra sul settore immobiliare, l'architettura e la costruzione, nonch\u00e9 sugli investimenti e i finanziamenti.","publisher":{"@id":"https:\/\/www.immobilienbusiness.ch\/#organization"},"potentialAction":[{"@type":"SearchAction","target":{"@type":"EntryPoint","urlTemplate":"https:\/\/www.immobilienbusiness.ch\/?s={search_term_string}"},"query-input":{"@type":"PropertyValueSpecification","valueRequired":true,"valueName":"search_term_string"}}],"inLanguage":"it-IT"},{"@type":"Organization","@id":"https:\/\/www.immobilienbusiness.ch\/#organization","name":"Affari immobiliari","url":"https:\/\/www.immobilienbusiness.ch\/","logo":{"@type":"ImageObject","inLanguage":"it-IT","@id":"https:\/\/www.immobilienbusiness.ch\/#\/schema\/logo\/image\/","url":"https:\/\/www.immobilienbusiness.ch\/wp-content\/uploads\/2021\/07\/logo_ib.png","contentUrl":"https:\/\/www.immobilienbusiness.ch\/wp-content\/uploads\/2021\/07\/logo_ib.png","width":800,"height":181,"caption":"IMMOBILIEN Business"},"image":{"@id":"https:\/\/www.immobilienbusiness.ch\/#\/schema\/logo\/image\/"},"sameAs":["https:\/\/www.facebook.com\/immobilienbusiness\/"]},{"@type":"Person","@id":"https:\/\/www.immobilienbusiness.ch\/#\/schema\/person\/3fc036297b10b9f42d6db5ee932af8c8","name":"anja.hall","image":{"@type":"ImageObject","inLanguage":"it-IT","@id":"https:\/\/secure.gravatar.com\/avatar\/066b5a0d447013502c71a5782f4f3469f03cfe595cc2329fb94652fe47511bfb?s=96&d=mm&r=g","url":"https:\/\/secure.gravatar.com\/avatar\/066b5a0d447013502c71a5782f4f3469f03cfe595cc2329fb94652fe47511bfb?s=96&d=mm&r=g","contentUrl":"https:\/\/secure.gravatar.com\/avatar\/066b5a0d447013502c71a5782f4f3469f03cfe595cc2329fb94652fe47511bfb?s=96&d=mm&r=g","caption":"anja.hall"},"url":"https:\/\/www.immobilienbusiness.ch\/it\/author\/anja-hall\/"}]}},"_links":{"self":[{"href":"https:\/\/www.immobilienbusiness.ch\/it\/wp-json\/wp\/v2\/posts\/10919","targetHints":{"allow":["GET"]}}],"collection":[{"href":"https:\/\/www.immobilienbusiness.ch\/it\/wp-json\/wp\/v2\/posts"}],"about":[{"href":"https:\/\/www.immobilienbusiness.ch\/it\/wp-json\/wp\/v2\/types\/post"}],"author":[{"embeddable":true,"href":"https:\/\/www.immobilienbusiness.ch\/it\/wp-json\/wp\/v2\/users\/3"}],"replies":[{"embeddable":true,"href":"https:\/\/www.immobilienbusiness.ch\/it\/wp-json\/wp\/v2\/comments?post=10919"}],"version-history":[{"count":0,"href":"https:\/\/www.immobilienbusiness.ch\/it\/wp-json\/wp\/v2\/posts\/10919\/revisions"}],"wp:featuredmedia":[{"embeddable":true,"href":"https:\/\/www.immobilienbusiness.ch\/it\/wp-json\/wp\/v2\/media\/5042"}],"wp:attachment":[{"href":"https:\/\/www.immobilienbusiness.ch\/it\/wp-json\/wp\/v2\/media?parent=10919"}],"wp:term":[{"taxonomy":"category","embeddable":true,"href":"https:\/\/www.immobilienbusiness.ch\/it\/wp-json\/wp\/v2\/categories?post=10919"},{"taxonomy":"post_tag","embeddable":true,"href":"https:\/\/www.immobilienbusiness.ch\/it\/wp-json\/wp\/v2\/tags?post=10919"}],"curies":[{"name":"wp","href":"https:\/\/api.w.org\/{rel}","templated":true}]}}