{"id":1029,"date":"2016-11-10T08:54:09","date_gmt":"2016-11-10T07:54:09","guid":{"rendered":"http:\/\/dev.immobilienbusiness.ch\/?p=1029"},"modified":"2016-11-10T08:54:09","modified_gmt":"2016-11-10T07:54:09","slug":"intercity-verwaltungs-ag-michael-wildhaber-wird-neuer-ceo","status":"publish","type":"post","link":"https:\/\/www.immobilienbusiness.ch\/it\/allgemein\/2016-11-10\/intercity-verwaltungs-ag-michael-wildhaber-wird-neuer-ceo\/","title":{"rendered":"Intercity Verwaltungs-AG: Michael Wildhaber diventa il nuovo CEO"},"content":{"rendered":"<figure id=\"attachment_5140\" aria-describedby=\"caption-attachment-5140\" style=\"width: 680px\" class=\"wp-caption alignnone\"><img loading=\"lazy\" decoding=\"async\" class=\"wp-image-5140 size-medium\" src=\"https:\/\/immobilienbusiness.ch\/wp-content\/uploads\/2016\/11\/Intercity-Verwaltungs-AG-Michael-Wildhaber-wird-neuer-CEO-immobilien-business.jpg\" width=\"680\" height=\"929\" srcset=\"https:\/\/www.immobilienbusiness.ch\/wp-content\/uploads\/2016\/11\/Intercity-Verwaltungs-AG-Michael-Wildhaber-wird-neuer-CEO-immobilien-business.jpg 951w, https:\/\/www.immobilienbusiness.ch\/wp-content\/uploads\/2016\/11\/Intercity-Verwaltungs-AG-Michael-Wildhaber-wird-neuer-CEO-immobilien-business-220x300.jpg 220w, https:\/\/www.immobilienbusiness.ch\/wp-content\/uploads\/2016\/11\/Intercity-Verwaltungs-AG-Michael-Wildhaber-wird-neuer-CEO-immobilien-business-750x1024.jpg 750w, https:\/\/www.immobilienbusiness.ch\/wp-content\/uploads\/2016\/11\/Intercity-Verwaltungs-AG-Michael-Wildhaber-wird-neuer-CEO-immobilien-business-768x1049.jpg 768w, https:\/\/www.immobilienbusiness.ch\/wp-content\/uploads\/2016\/11\/Intercity-Verwaltungs-AG-Michael-Wildhaber-wird-neuer-CEO-immobilien-business-9x12.jpg 9w, https:\/\/www.immobilienbusiness.ch\/wp-content\/uploads\/2016\/11\/Intercity-Verwaltungs-AG-Michael-Wildhaber-wird-neuer-CEO-immobilien-business-128x175.jpg 128w, https:\/\/www.immobilienbusiness.ch\/wp-content\/uploads\/2016\/11\/Intercity-Verwaltungs-AG-Michael-Wildhaber-wird-neuer-CEO-immobilien-business-256x350.jpg 256w, https:\/\/www.immobilienbusiness.ch\/wp-content\/uploads\/2016\/11\/Intercity-Verwaltungs-AG-Michael-Wildhaber-wird-neuer-CEO-immobilien-business-586x800.jpg 586w, https:\/\/www.immobilienbusiness.ch\/wp-content\/uploads\/2016\/11\/Intercity-Verwaltungs-AG-Michael-Wildhaber-wird-neuer-CEO-immobilien-business-920x1257.jpg 920w, https:\/\/www.immobilienbusiness.ch\/wp-content\/uploads\/2016\/11\/Intercity-Verwaltungs-AG-Michael-Wildhaber-wird-neuer-CEO-immobilien-business-300x410.jpg 300w\" sizes=\"auto, (max-width: 680px) 100vw, 680px\" \/><figcaption id=\"caption-attachment-5140\" class=\"wp-caption-text\">Michael Wildhaber (Foto: Intercity Group)<\/figcaption><\/figure>\n<p>Nella sua nuova funzione, Michael Wildhaber prender\u00e0 anche un posto nel comitato esecutivo del gruppo Intercity.<\/p>\n<p>Robert Hauri rimane comproprietario e CEO di SPG Intercity Zurich AG, nonch\u00e9 vice CEO del gruppo Intercity. Su richiesta di Herbert W\u00fcst, azionista di maggioranza e CEO del Gruppo Intercity, egli diventer\u00e0 anche un delegato del Consiglio di Amministrazione di Intercity Verwaltungs-AG e rimarr\u00e0 quindi parte di questa Direzione.<\/p>\n<p>Il comitato esecutivo di Intercity Verwaltungs-AG \u00e8 ora composto da Michael Wildhaber (CEO, nuovo), Martin Meier (Deputy CEO, precedente), Cornelia H\u00fcrlimann (Group CFO, precedente) e Robert Hauri (delegato del consiglio di amministrazione di Intercity Verwaltungs-AG, precedente).<\/p>\n<p>In Michael Wildhaber, la Intercity Verwaltungs-AG ha trovato il successore ideale di Robert Hauri, scrive un comunicato: \"Il nuovo CEO \u00e8 un manager immobiliare con un diploma federale e un fiduciario immobiliare certificato, ha anche un Master of Advanced Studies in Real Estate Management della HWZ (EMREM) ed \u00e8 membro della Royal Institution of Chartered Surveyors (MRICS).<\/p>\n<p>Tra le altre cose, Wildhaber ha lavorato per sette anni nella gestione immobiliare aziendale presso la Z\u00fcrcher Kantonalbank. Per cinque anni \u00e8 stato comproprietario e socio di una societ\u00e0 di gestione immobiliare. Dopo aver venduto le quote societarie al suo partner commerciale, ha lavorato inizialmente come libero professionista per Intercity Verwaltungs-AG nel 2016. (ah)<\/p>","protected":false},"excerpt":{"rendered":"<p>Michael Wildhaber diventer\u00e0 il nuovo CEO di Intercity Verwaltungs-AG, la societ\u00e0 di gestione del gruppo Intercity, a partire dal 1\u00b0 gennaio 2017. Succede a Robert Hauri, che ha guidato la divisione dal 2014 e passa al Consiglio di amministrazione.<\/p>","protected":false},"author":1,"featured_media":5140,"comment_status":"open","ping_status":"open","sticky":false,"template":"","format":"standard","meta":{"_acf_changed":false,"_yoast_wpseo_focuskw":"Michael Wildhaber","_yoast_wpseo_title":"","_yoast_wpseo_metadesc":"Michael Wildhaber wird ab 1. Januar 2017 neuer CEO der Intercity Verwaltungs-AG, der Bewirtschaftungsfirma der Intercity Group.","_yoast_wpseo_linkdex":67,"pgc_sgb_lightbox_settings":"","footnotes":""},"categories":[1],"tags":[1563],"class_list":["post-1029","post","type-post","status-publish","format-standard","has-post-thumbnail","hentry","category-allgemein","tag-personalia"],"acf":[],"yoast_head":"<!-- This site is optimized with the Yoast SEO plugin v27.5 - https:\/\/yoast.com\/product\/yoast-seo-wordpress\/ -->\n<title>Intercity Verwaltungs-AG: Michael Wildhaber wird neuer CEO - IMMOBILIEN Business<\/title>\n<meta name=\"description\" content=\"Michael Wildhaber wird ab 1. Januar 2017 neuer CEO der Intercity Verwaltungs-AG, der Bewirtschaftungsfirma der Intercity Group.\" \/>\n<meta name=\"robots\" content=\"index, follow, max-snippet:-1, max-image-preview:large, max-video-preview:-1\" \/>\n<link rel=\"canonical\" href=\"https:\/\/www.immobilienbusiness.ch\/it\/allgemein\/2016-11-10\/intercity-verwaltungs-ag-michael-wildhaber-wird-neuer-ceo\/\" \/>\n<meta property=\"og:locale\" content=\"it_IT\" \/>\n<meta property=\"og:type\" content=\"article\" \/>\n<meta property=\"og:title\" content=\"Intercity Verwaltungs-AG: Michael Wildhaber wird neuer CEO\" \/>\n<meta property=\"og:description\" content=\"Michael Wildhaber wird ab 1. Januar 2017 neuer CEO der Intercity Verwaltungs-AG, der Bewirtschaftungsfirma der Intercity Group. Er folgt auf Robert Hauri, der den Bereich seit 2014 gef\u00fchrt hat und in den Verwaltungsrat wechselt.\" \/>\n<meta property=\"og:url\" content=\"https:\/\/www.immobilienbusiness.ch\/it\/allgemein\/2016-11-10\/intercity-verwaltungs-ag-michael-wildhaber-wird-neuer-ceo\/\" \/>\n<meta property=\"og:site_name\" content=\"IMMOBILIEN Business\" \/>\n<meta property=\"article:publisher\" content=\"https:\/\/www.facebook.com\/immobilienbusiness\/\" \/>\n<meta property=\"article:published_time\" content=\"2016-11-10T07:54:09+00:00\" \/>\n<meta name=\"author\" content=\"Redaktion\" \/>\n<meta name=\"twitter:card\" content=\"summary_large_image\" \/>\n<meta name=\"twitter:image\" content=\"https:\/\/www.immobilienbusiness.ch\/wp-content\/uploads\/2016\/11\/Intercity-Verwaltungs-AG-Michael-Wildhaber-wird-neuer-CEO-immobilien-business.jpg\" \/>\n<script type=\"application\/ld+json\" class=\"yoast-schema-graph\">{\"@context\":\"https:\\\/\\\/schema.org\",\"@graph\":[{\"@type\":\"Article\",\"@id\":\"https:\\\/\\\/www.immobilienbusiness.ch\\\/allgemein\\\/2016-11-10\\\/intercity-verwaltungs-ag-michael-wildhaber-wird-neuer-ceo\\\/#article\",\"isPartOf\":{\"@id\":\"https:\\\/\\\/www.immobilienbusiness.ch\\\/allgemein\\\/2016-11-10\\\/intercity-verwaltungs-ag-michael-wildhaber-wird-neuer-ceo\\\/\"},\"author\":{\"name\":\"Redaktion\",\"@id\":\"https:\\\/\\\/www.immobilienbusiness.ch\\\/#\\\/schema\\\/person\\\/aa2bace6c5c5aad60102004a50c4eb1c\"},\"headline\":\"Intercity Verwaltungs-AG: Michael Wildhaber wird neuer CEO\",\"datePublished\":\"2016-11-10T07:54:09+00:00\",\"mainEntityOfPage\":{\"@id\":\"https:\\\/\\\/www.immobilienbusiness.ch\\\/allgemein\\\/2016-11-10\\\/intercity-verwaltungs-ag-michael-wildhaber-wird-neuer-ceo\\\/\"},\"wordCount\":222,\"commentCount\":0,\"publisher\":{\"@id\":\"https:\\\/\\\/www.immobilienbusiness.ch\\\/#organization\"},\"image\":{\"@id\":\"https:\\\/\\\/www.immobilienbusiness.ch\\\/allgemein\\\/2016-11-10\\\/intercity-verwaltungs-ag-michael-wildhaber-wird-neuer-ceo\\\/#primaryimage\"},\"thumbnailUrl\":\"https:\\\/\\\/www.immobilienbusiness.ch\\\/wp-content\\\/uploads\\\/2016\\\/11\\\/Intercity-Verwaltungs-AG-Michael-Wildhaber-wird-neuer-CEO-immobilien-business.jpg\",\"keywords\":[\"Personalia\"],\"articleSection\":[\"Allgemein\"],\"inLanguage\":\"it-IT\"},{\"@type\":\"WebPage\",\"@id\":\"https:\\\/\\\/www.immobilienbusiness.ch\\\/allgemein\\\/2016-11-10\\\/intercity-verwaltungs-ag-michael-wildhaber-wird-neuer-ceo\\\/\",\"url\":\"https:\\\/\\\/www.immobilienbusiness.ch\\\/allgemein\\\/2016-11-10\\\/intercity-verwaltungs-ag-michael-wildhaber-wird-neuer-ceo\\\/\",\"name\":\"Intercity Verwaltungs-AG: Michael Wildhaber wird neuer CEO - IMMOBILIEN Business\",\"isPartOf\":{\"@id\":\"https:\\\/\\\/www.immobilienbusiness.ch\\\/#website\"},\"primaryImageOfPage\":{\"@id\":\"https:\\\/\\\/www.immobilienbusiness.ch\\\/allgemein\\\/2016-11-10\\\/intercity-verwaltungs-ag-michael-wildhaber-wird-neuer-ceo\\\/#primaryimage\"},\"image\":{\"@id\":\"https:\\\/\\\/www.immobilienbusiness.ch\\\/allgemein\\\/2016-11-10\\\/intercity-verwaltungs-ag-michael-wildhaber-wird-neuer-ceo\\\/#primaryimage\"},\"thumbnailUrl\":\"https:\\\/\\\/www.immobilienbusiness.ch\\\/wp-content\\\/uploads\\\/2016\\\/11\\\/Intercity-Verwaltungs-AG-Michael-Wildhaber-wird-neuer-CEO-immobilien-business.jpg\",\"datePublished\":\"2016-11-10T07:54:09+00:00\",\"description\":\"Michael Wildhaber wird ab 1. Januar 2017 neuer CEO der Intercity Verwaltungs-AG, der Bewirtschaftungsfirma der Intercity Group.\",\"breadcrumb\":{\"@id\":\"https:\\\/\\\/www.immobilienbusiness.ch\\\/allgemein\\\/2016-11-10\\\/intercity-verwaltungs-ag-michael-wildhaber-wird-neuer-ceo\\\/#breadcrumb\"},\"inLanguage\":\"it-IT\",\"potentialAction\":[{\"@type\":\"ReadAction\",\"target\":[\"https:\\\/\\\/www.immobilienbusiness.ch\\\/allgemein\\\/2016-11-10\\\/intercity-verwaltungs-ag-michael-wildhaber-wird-neuer-ceo\\\/\"]}]},{\"@type\":\"ImageObject\",\"inLanguage\":\"it-IT\",\"@id\":\"https:\\\/\\\/www.immobilienbusiness.ch\\\/allgemein\\\/2016-11-10\\\/intercity-verwaltungs-ag-michael-wildhaber-wird-neuer-ceo\\\/#primaryimage\",\"url\":\"https:\\\/\\\/www.immobilienbusiness.ch\\\/wp-content\\\/uploads\\\/2016\\\/11\\\/Intercity-Verwaltungs-AG-Michael-Wildhaber-wird-neuer-CEO-immobilien-business.jpg\",\"contentUrl\":\"https:\\\/\\\/www.immobilienbusiness.ch\\\/wp-content\\\/uploads\\\/2016\\\/11\\\/Intercity-Verwaltungs-AG-Michael-Wildhaber-wird-neuer-CEO-immobilien-business.jpg\",\"width\":951,\"height\":1299,\"caption\":\"Michael Wildhaber (Foto: Intercity Group)\"},{\"@type\":\"BreadcrumbList\",\"@id\":\"https:\\\/\\\/www.immobilienbusiness.ch\\\/allgemein\\\/2016-11-10\\\/intercity-verwaltungs-ag-michael-wildhaber-wird-neuer-ceo\\\/#breadcrumb\",\"itemListElement\":[{\"@type\":\"ListItem\",\"position\":1,\"name\":\"Home\",\"item\":\"https:\\\/\\\/www.immobilienbusiness.ch\\\/\"},{\"@type\":\"ListItem\",\"position\":2,\"name\":\"Intercity Verwaltungs-AG: Michael Wildhaber wird neuer CEO\"}]},{\"@type\":\"WebSite\",\"@id\":\"https:\\\/\\\/www.immobilienbusiness.ch\\\/#website\",\"url\":\"https:\\\/\\\/www.immobilienbusiness.ch\\\/\",\"name\":\"IMMOBILIEN Business\",\"description\":\"Unabh\u00e4ngiges Schweizer Wirtschaftsmagazin mit Fokus auf Immobilien, Architektur- und Bau sowie Investment- und Finanzierung.\",\"publisher\":{\"@id\":\"https:\\\/\\\/www.immobilienbusiness.ch\\\/#organization\"},\"potentialAction\":[{\"@type\":\"SearchAction\",\"target\":{\"@type\":\"EntryPoint\",\"urlTemplate\":\"https:\\\/\\\/www.immobilienbusiness.ch\\\/?s={search_term_string}\"},\"query-input\":{\"@type\":\"PropertyValueSpecification\",\"valueRequired\":true,\"valueName\":\"search_term_string\"}}],\"inLanguage\":\"it-IT\"},{\"@type\":\"Organization\",\"@id\":\"https:\\\/\\\/www.immobilienbusiness.ch\\\/#organization\",\"name\":\"IMMOBILIEN Business\",\"url\":\"https:\\\/\\\/www.immobilienbusiness.ch\\\/\",\"logo\":{\"@type\":\"ImageObject\",\"inLanguage\":\"it-IT\",\"@id\":\"https:\\\/\\\/www.immobilienbusiness.ch\\\/#\\\/schema\\\/logo\\\/image\\\/\",\"url\":\"https:\\\/\\\/www.immobilienbusiness.ch\\\/wp-content\\\/uploads\\\/2021\\\/07\\\/logo_ib.png\",\"contentUrl\":\"https:\\\/\\\/www.immobilienbusiness.ch\\\/wp-content\\\/uploads\\\/2021\\\/07\\\/logo_ib.png\",\"width\":800,\"height\":181,\"caption\":\"IMMOBILIEN Business\"},\"image\":{\"@id\":\"https:\\\/\\\/www.immobilienbusiness.ch\\\/#\\\/schema\\\/logo\\\/image\\\/\"},\"sameAs\":[\"https:\\\/\\\/www.facebook.com\\\/immobilienbusiness\\\/\"]},{\"@type\":\"Person\",\"@id\":\"https:\\\/\\\/www.immobilienbusiness.ch\\\/#\\\/schema\\\/person\\\/aa2bace6c5c5aad60102004a50c4eb1c\",\"name\":\"Redaktion\",\"image\":{\"@type\":\"ImageObject\",\"inLanguage\":\"it-IT\",\"@id\":\"https:\\\/\\\/secure.gravatar.com\\\/avatar\\\/ae2f4d718e6c49043e314ce431e7e645d646302a24a5ef5a8bc8e3f5a032e319?s=96&d=mm&r=g\",\"url\":\"https:\\\/\\\/secure.gravatar.com\\\/avatar\\\/ae2f4d718e6c49043e314ce431e7e645d646302a24a5ef5a8bc8e3f5a032e319?s=96&d=mm&r=g\",\"contentUrl\":\"https:\\\/\\\/secure.gravatar.com\\\/avatar\\\/ae2f4d718e6c49043e314ce431e7e645d646302a24a5ef5a8bc8e3f5a032e319?s=96&d=mm&r=g\",\"caption\":\"Redaktion\"},\"sameAs\":[\"http:\\\/\\\/develop.organisator.galledia.ch\"],\"url\":\"https:\\\/\\\/www.immobilienbusiness.ch\\\/it\\\/author\\\/admin\\\/\"}]}<\/script>\n<!-- \/ Yoast SEO plugin. -->","yoast_head_json":{"title":"Intercity Verwaltungs-AG: Michael Wildhaber diventa il nuovo CEO - IMMOBILIEN Business","description":"Michael Wildhaber diventer\u00e0 il nuovo CEO di Intercity Verwaltungs-AG, la societ\u00e0 di gestione del Gruppo Intercity, a partire dal 1\u00b0 gennaio 2017.","robots":{"index":"index","follow":"follow","max-snippet":"max-snippet:-1","max-image-preview":"max-image-preview:large","max-video-preview":"max-video-preview:-1"},"canonical":"https:\/\/www.immobilienbusiness.ch\/it\/allgemein\/2016-11-10\/intercity-verwaltungs-ag-michael-wildhaber-wird-neuer-ceo\/","og_locale":"it_IT","og_type":"article","og_title":"Intercity Verwaltungs-AG: Michael Wildhaber wird neuer CEO","og_description":"Michael Wildhaber wird ab 1. Januar 2017 neuer CEO der Intercity Verwaltungs-AG, der Bewirtschaftungsfirma der Intercity Group. Er folgt auf Robert Hauri, der den Bereich seit 2014 gef\u00fchrt hat und in den Verwaltungsrat wechselt.","og_url":"https:\/\/www.immobilienbusiness.ch\/it\/allgemein\/2016-11-10\/intercity-verwaltungs-ag-michael-wildhaber-wird-neuer-ceo\/","og_site_name":"IMMOBILIEN Business","article_publisher":"https:\/\/www.facebook.com\/immobilienbusiness\/","article_published_time":"2016-11-10T07:54:09+00:00","author":"Redaktion","twitter_card":"summary_large_image","twitter_image":"https:\/\/www.immobilienbusiness.ch\/wp-content\/uploads\/2016\/11\/Intercity-Verwaltungs-AG-Michael-Wildhaber-wird-neuer-CEO-immobilien-business.jpg","schema":{"@context":"https:\/\/schema.org","@graph":[{"@type":"Article","@id":"https:\/\/www.immobilienbusiness.ch\/allgemein\/2016-11-10\/intercity-verwaltungs-ag-michael-wildhaber-wird-neuer-ceo\/#article","isPartOf":{"@id":"https:\/\/www.immobilienbusiness.ch\/allgemein\/2016-11-10\/intercity-verwaltungs-ag-michael-wildhaber-wird-neuer-ceo\/"},"author":{"name":"Redaktion","@id":"https:\/\/www.immobilienbusiness.ch\/#\/schema\/person\/aa2bace6c5c5aad60102004a50c4eb1c"},"headline":"Intercity Verwaltungs-AG: Michael Wildhaber wird neuer CEO","datePublished":"2016-11-10T07:54:09+00:00","mainEntityOfPage":{"@id":"https:\/\/www.immobilienbusiness.ch\/allgemein\/2016-11-10\/intercity-verwaltungs-ag-michael-wildhaber-wird-neuer-ceo\/"},"wordCount":222,"commentCount":0,"publisher":{"@id":"https:\/\/www.immobilienbusiness.ch\/#organization"},"image":{"@id":"https:\/\/www.immobilienbusiness.ch\/allgemein\/2016-11-10\/intercity-verwaltungs-ag-michael-wildhaber-wird-neuer-ceo\/#primaryimage"},"thumbnailUrl":"https:\/\/www.immobilienbusiness.ch\/wp-content\/uploads\/2016\/11\/Intercity-Verwaltungs-AG-Michael-Wildhaber-wird-neuer-CEO-immobilien-business.jpg","keywords":["Personalia"],"articleSection":["Allgemein"],"inLanguage":"it-IT"},{"@type":"WebPage","@id":"https:\/\/www.immobilienbusiness.ch\/allgemein\/2016-11-10\/intercity-verwaltungs-ag-michael-wildhaber-wird-neuer-ceo\/","url":"https:\/\/www.immobilienbusiness.ch\/allgemein\/2016-11-10\/intercity-verwaltungs-ag-michael-wildhaber-wird-neuer-ceo\/","name":"Intercity Verwaltungs-AG: Michael Wildhaber diventa il nuovo CEO - IMMOBILIEN Business","isPartOf":{"@id":"https:\/\/www.immobilienbusiness.ch\/#website"},"primaryImageOfPage":{"@id":"https:\/\/www.immobilienbusiness.ch\/allgemein\/2016-11-10\/intercity-verwaltungs-ag-michael-wildhaber-wird-neuer-ceo\/#primaryimage"},"image":{"@id":"https:\/\/www.immobilienbusiness.ch\/allgemein\/2016-11-10\/intercity-verwaltungs-ag-michael-wildhaber-wird-neuer-ceo\/#primaryimage"},"thumbnailUrl":"https:\/\/www.immobilienbusiness.ch\/wp-content\/uploads\/2016\/11\/Intercity-Verwaltungs-AG-Michael-Wildhaber-wird-neuer-CEO-immobilien-business.jpg","datePublished":"2016-11-10T07:54:09+00:00","description":"Michael Wildhaber diventer\u00e0 il nuovo CEO di Intercity Verwaltungs-AG, la societ\u00e0 di gestione del Gruppo Intercity, a partire dal 1\u00b0 gennaio 2017.","breadcrumb":{"@id":"https:\/\/www.immobilienbusiness.ch\/allgemein\/2016-11-10\/intercity-verwaltungs-ag-michael-wildhaber-wird-neuer-ceo\/#breadcrumb"},"inLanguage":"it-IT","potentialAction":[{"@type":"ReadAction","target":["https:\/\/www.immobilienbusiness.ch\/allgemein\/2016-11-10\/intercity-verwaltungs-ag-michael-wildhaber-wird-neuer-ceo\/"]}]},{"@type":"ImageObject","inLanguage":"it-IT","@id":"https:\/\/www.immobilienbusiness.ch\/allgemein\/2016-11-10\/intercity-verwaltungs-ag-michael-wildhaber-wird-neuer-ceo\/#primaryimage","url":"https:\/\/www.immobilienbusiness.ch\/wp-content\/uploads\/2016\/11\/Intercity-Verwaltungs-AG-Michael-Wildhaber-wird-neuer-CEO-immobilien-business.jpg","contentUrl":"https:\/\/www.immobilienbusiness.ch\/wp-content\/uploads\/2016\/11\/Intercity-Verwaltungs-AG-Michael-Wildhaber-wird-neuer-CEO-immobilien-business.jpg","width":951,"height":1299,"caption":"Michael Wildhaber (Foto: Intercity Group)"},{"@type":"BreadcrumbList","@id":"https:\/\/www.immobilienbusiness.ch\/allgemein\/2016-11-10\/intercity-verwaltungs-ag-michael-wildhaber-wird-neuer-ceo\/#breadcrumb","itemListElement":[{"@type":"ListItem","position":1,"name":"Home","item":"https:\/\/www.immobilienbusiness.ch\/"},{"@type":"ListItem","position":2,"name":"Intercity Verwaltungs-AG: Michael Wildhaber wird neuer CEO"}]},{"@type":"WebSite","@id":"https:\/\/www.immobilienbusiness.ch\/#website","url":"https:\/\/www.immobilienbusiness.ch\/","name":"Affari immobiliari","description":"Rivista economica indipendente svizzera che si concentra sul settore immobiliare, l'architettura e la costruzione, nonch\u00e9 sugli investimenti e i finanziamenti.","publisher":{"@id":"https:\/\/www.immobilienbusiness.ch\/#organization"},"potentialAction":[{"@type":"SearchAction","target":{"@type":"EntryPoint","urlTemplate":"https:\/\/www.immobilienbusiness.ch\/?s={search_term_string}"},"query-input":{"@type":"PropertyValueSpecification","valueRequired":true,"valueName":"search_term_string"}}],"inLanguage":"it-IT"},{"@type":"Organization","@id":"https:\/\/www.immobilienbusiness.ch\/#organization","name":"Affari immobiliari","url":"https:\/\/www.immobilienbusiness.ch\/","logo":{"@type":"ImageObject","inLanguage":"it-IT","@id":"https:\/\/www.immobilienbusiness.ch\/#\/schema\/logo\/image\/","url":"https:\/\/www.immobilienbusiness.ch\/wp-content\/uploads\/2021\/07\/logo_ib.png","contentUrl":"https:\/\/www.immobilienbusiness.ch\/wp-content\/uploads\/2021\/07\/logo_ib.png","width":800,"height":181,"caption":"IMMOBILIEN Business"},"image":{"@id":"https:\/\/www.immobilienbusiness.ch\/#\/schema\/logo\/image\/"},"sameAs":["https:\/\/www.facebook.com\/immobilienbusiness\/"]},{"@type":"Person","@id":"https:\/\/www.immobilienbusiness.ch\/#\/schema\/person\/aa2bace6c5c5aad60102004a50c4eb1c","name":"Editoriale","image":{"@type":"ImageObject","inLanguage":"it-IT","@id":"https:\/\/secure.gravatar.com\/avatar\/ae2f4d718e6c49043e314ce431e7e645d646302a24a5ef5a8bc8e3f5a032e319?s=96&d=mm&r=g","url":"https:\/\/secure.gravatar.com\/avatar\/ae2f4d718e6c49043e314ce431e7e645d646302a24a5ef5a8bc8e3f5a032e319?s=96&d=mm&r=g","contentUrl":"https:\/\/secure.gravatar.com\/avatar\/ae2f4d718e6c49043e314ce431e7e645d646302a24a5ef5a8bc8e3f5a032e319?s=96&d=mm&r=g","caption":"Redaktion"},"sameAs":["http:\/\/develop.organisator.galledia.ch"],"url":"https:\/\/www.immobilienbusiness.ch\/it\/author\/admin\/"}]}},"_links":{"self":[{"href":"https:\/\/www.immobilienbusiness.ch\/it\/wp-json\/wp\/v2\/posts\/1029","targetHints":{"allow":["GET"]}}],"collection":[{"href":"https:\/\/www.immobilienbusiness.ch\/it\/wp-json\/wp\/v2\/posts"}],"about":[{"href":"https:\/\/www.immobilienbusiness.ch\/it\/wp-json\/wp\/v2\/types\/post"}],"author":[{"embeddable":true,"href":"https:\/\/www.immobilienbusiness.ch\/it\/wp-json\/wp\/v2\/users\/1"}],"replies":[{"embeddable":true,"href":"https:\/\/www.immobilienbusiness.ch\/it\/wp-json\/wp\/v2\/comments?post=1029"}],"version-history":[{"count":0,"href":"https:\/\/www.immobilienbusiness.ch\/it\/wp-json\/wp\/v2\/posts\/1029\/revisions"}],"wp:featuredmedia":[{"embeddable":true,"href":"https:\/\/www.immobilienbusiness.ch\/it\/wp-json\/wp\/v2\/media\/5140"}],"wp:attachment":[{"href":"https:\/\/www.immobilienbusiness.ch\/it\/wp-json\/wp\/v2\/media?parent=1029"}],"wp:term":[{"taxonomy":"category","embeddable":true,"href":"https:\/\/www.immobilienbusiness.ch\/it\/wp-json\/wp\/v2\/categories?post=1029"},{"taxonomy":"post_tag","embeddable":true,"href":"https:\/\/www.immobilienbusiness.ch\/it\/wp-json\/wp\/v2\/tags?post=1029"}],"curies":[{"name":"wp","href":"https:\/\/api.w.org\/{rel}","templated":true}]}}