{"id":10187,"date":"2017-11-21T08:12:59","date_gmt":"2017-11-21T07:12:59","guid":{"rendered":"https:\/\/www.immobilienbusiness.ch\/?p=10187"},"modified":"2017-11-21T08:12:59","modified_gmt":"2017-11-21T07:12:59","slug":"kapitalerhoehung-fuer-den-helvetica-swiss-commercial-immobilien-fonds-startet-heute","status":"publish","type":"post","link":"https:\/\/www.immobilienbusiness.ch\/it\/unternehmen\/2017-11-21\/kapitalerhoehung-fuer-den-helvetica-swiss-commercial-immobilien-fonds-startet-heute\/","title":{"rendered":"Aumento di capitale: Helvetica Swiss Commercial vuole raccogliere 65 milioni"},"content":{"rendered":"<figure id=\"attachment_9998\" aria-describedby=\"caption-attachment-9998\" style=\"width: 680px\" class=\"wp-caption alignnone\"><img loading=\"lazy\" decoding=\"async\" class=\"size-medium wp-image-9998\" src=\"https:\/\/www.immobilienbusiness.ch\/wp-content\/uploads\/2017\/11\/IB-News-20171108-Kapitalerh\u00f6hung-Novavest-Real-Estate.png\" alt=\"\" width=\"680\" height=\"452\" \/><figcaption id=\"caption-attachment-9998\" class=\"wp-caption-text\">Il fondo immobiliare Helvetica Swiss Commercial punta a raccogliere circa 65 milioni di franchi svizzeri con il suo aumento di capitale (Immagine: Pixabay)<\/figcaption><\/figure>\n<p>La direzione del fondo intende utilizzare il capitale aggiuntivo per ampliare ulteriormente il portafoglio. L'Helvetica Swiss Commercial - <a href=\"https:\/\/www.immobilienbusiness.ch\/it\/helvetica-property-investors-lanciert-immobilienfonds\/\">a circa un anno dal suo lancio, avvenuto nell'agosto 2016<\/a> - Un portafoglio di 200 milioni di euro che, secondo la societ\u00e0 di gestione del fondo, genera un rendimento effettivo lordo del 5,87%.<\/p>\n<p>Sono attualmente in corso trattative esclusive per l'acquisto di diversi immobili - in particolare in regioni non ancora occupate nel portafoglio - per un volume totale di 50 milioni. Secondo la societ\u00e0 di gestione del fondo, sono in corso trattative avanzate per ulteriori investimenti per un totale di circa 300 milioni.<\/p>\n<p>L'aumento di capitale \u00e8 in corso dal 20 novembre e si concluder\u00e0 il 15 dicembre 2017. Per ogni azione esistente sar\u00e0 assegnato un diritto di sottoscrizione. Due diritti di sottoscrizione danno diritto alla sottoscrizione di una nuova azione. Verranno emesse un massimo di 617.650 azioni al prezzo di 105,11 franchi svizzeri.<\/p>","protected":false},"excerpt":{"rendered":"<p>Il fondo immobiliare Helvetica Swiss Commercial Immobilien intende raccogliere fino a 64,9 milioni di franchi svizzeri nell'ambito del suo aumento di capitale.<\/p>","protected":false},"author":3,"featured_media":9998,"comment_status":"open","ping_status":"open","sticky":false,"template":"","format":"standard","meta":{"_acf_changed":false,"_yoast_wpseo_focuskw":"Helvetica","_yoast_wpseo_title":"","_yoast_wpseo_metadesc":"Der Immobilienfonds\u00a0Helvetica Swiss Commercial Immobilien will im Rahmen seiner Kapitalerh\u00f6hung bis zu 64,9 Millionen CHF einnehmen.","_yoast_wpseo_linkdex":68,"pgc_sgb_lightbox_settings":"","footnotes":""},"categories":[988],"tags":[1344,1412,1807],"class_list":["post-10187","post","type-post","status-publish","format-standard","has-post-thumbnail","hentry","category-unternehmen","tag-immobilienfonds","tag-kapitalerhoehung","tag-unternehmen"],"acf":[],"yoast_head":"<!-- This site is optimized with the Yoast SEO plugin v27.5 - https:\/\/yoast.com\/product\/yoast-seo-wordpress\/ -->\n<title>Kapitalerh\u00f6hung: Helvetica Swiss Commercial will 65 Millionen einsammeln - IMMOBILIEN Business<\/title>\n<meta name=\"description\" content=\"Der Immobilienfonds\u00a0Helvetica Swiss Commercial Immobilien will im Rahmen seiner Kapitalerh\u00f6hung bis zu 64,9 Millionen CHF einnehmen.\" \/>\n<meta name=\"robots\" content=\"index, follow, max-snippet:-1, max-image-preview:large, max-video-preview:-1\" \/>\n<link rel=\"canonical\" href=\"https:\/\/www.immobilienbusiness.ch\/it\/unternehmen\/2017-11-21\/kapitalerhoehung-fuer-den-helvetica-swiss-commercial-immobilien-fonds-startet-heute\/\" \/>\n<meta property=\"og:locale\" content=\"it_IT\" \/>\n<meta property=\"og:type\" content=\"article\" \/>\n<meta property=\"og:title\" content=\"Kapitalerh\u00f6hung: Helvetica Swiss Commercial will 65 Millionen einsammeln\" \/>\n<meta property=\"og:description\" content=\"Der Immobilienfonds\u00a0Helvetica Swiss Commercial Immobilien will im Rahmen seiner Kapitalerh\u00f6hung bis zu 64,9 Millionen CHF einnehmen.\" \/>\n<meta property=\"og:url\" content=\"https:\/\/www.immobilienbusiness.ch\/it\/unternehmen\/2017-11-21\/kapitalerhoehung-fuer-den-helvetica-swiss-commercial-immobilien-fonds-startet-heute\/\" \/>\n<meta property=\"og:site_name\" content=\"IMMOBILIEN Business\" \/>\n<meta property=\"article:publisher\" content=\"https:\/\/www.facebook.com\/immobilienbusiness\/\" \/>\n<meta property=\"article:published_time\" content=\"2017-11-21T07:12:59+00:00\" \/>\n<meta property=\"og:image\" content=\"https:\/\/www.immobilienbusiness.ch\/wp-content\/uploads\/2017\/11\/IB-News-20171108-Kapitalerhoehung-Novavest-Real-Estate.png\" \/>\n\t<meta property=\"og:image:width\" content=\"680\" \/>\n\t<meta property=\"og:image:height\" content=\"452\" \/>\n\t<meta property=\"og:image:type\" content=\"image\/png\" \/>\n<meta name=\"author\" content=\"anja.hall\" \/>\n<meta name=\"twitter:card\" content=\"summary_large_image\" \/>\n<meta name=\"twitter:title\" content=\"Kapitalerh\u00f6hung: Helvetica Swiss Commercial will 65 Millionen einsammeln\" \/>\n<meta name=\"twitter:description\" content=\"Der Immobilienfonds\u00a0Helvetica Swiss Commercial Immobilien will im Rahmen seiner Kapitalerh\u00f6hung bis zu 64,9 Millionen CHF einnehmen.\" \/>\n<meta name=\"twitter:image\" content=\"https:\/\/www.immobilienbusiness.ch\/wp-content\/uploads\/2017\/11\/IB-News-20171108-Kapitalerh\u00f6hung-Novavest-Real-Estate.png\" \/>\n<script type=\"application\/ld+json\" class=\"yoast-schema-graph\">{\"@context\":\"https:\\\/\\\/schema.org\",\"@graph\":[{\"@type\":\"Article\",\"@id\":\"https:\\\/\\\/www.immobilienbusiness.ch\\\/unternehmen\\\/2017-11-21\\\/kapitalerhoehung-fuer-den-helvetica-swiss-commercial-immobilien-fonds-startet-heute\\\/#article\",\"isPartOf\":{\"@id\":\"https:\\\/\\\/www.immobilienbusiness.ch\\\/unternehmen\\\/2017-11-21\\\/kapitalerhoehung-fuer-den-helvetica-swiss-commercial-immobilien-fonds-startet-heute\\\/\"},\"author\":{\"name\":\"anja.hall\",\"@id\":\"https:\\\/\\\/www.immobilienbusiness.ch\\\/#\\\/schema\\\/person\\\/3fc036297b10b9f42d6db5ee932af8c8\"},\"headline\":\"Kapitalerh\u00f6hung: Helvetica Swiss Commercial will 65 Millionen einsammeln\",\"datePublished\":\"2017-11-21T07:12:59+00:00\",\"mainEntityOfPage\":{\"@id\":\"https:\\\/\\\/www.immobilienbusiness.ch\\\/unternehmen\\\/2017-11-21\\\/kapitalerhoehung-fuer-den-helvetica-swiss-commercial-immobilien-fonds-startet-heute\\\/\"},\"wordCount\":156,\"commentCount\":0,\"publisher\":{\"@id\":\"https:\\\/\\\/www.immobilienbusiness.ch\\\/#organization\"},\"image\":{\"@id\":\"https:\\\/\\\/www.immobilienbusiness.ch\\\/unternehmen\\\/2017-11-21\\\/kapitalerhoehung-fuer-den-helvetica-swiss-commercial-immobilien-fonds-startet-heute\\\/#primaryimage\"},\"thumbnailUrl\":\"https:\\\/\\\/www.immobilienbusiness.ch\\\/wp-content\\\/uploads\\\/2017\\\/11\\\/IB-News-20171108-Kapitalerhoehung-Novavest-Real-Estate.png\",\"keywords\":[\"Immobilienfonds\",\"Kapitalerh\u00f6hung\",\"Unternehmen\"],\"articleSection\":[\"UNTERNEHMEN\"],\"inLanguage\":\"it-IT\"},{\"@type\":\"WebPage\",\"@id\":\"https:\\\/\\\/www.immobilienbusiness.ch\\\/unternehmen\\\/2017-11-21\\\/kapitalerhoehung-fuer-den-helvetica-swiss-commercial-immobilien-fonds-startet-heute\\\/\",\"url\":\"https:\\\/\\\/www.immobilienbusiness.ch\\\/unternehmen\\\/2017-11-21\\\/kapitalerhoehung-fuer-den-helvetica-swiss-commercial-immobilien-fonds-startet-heute\\\/\",\"name\":\"Kapitalerh\u00f6hung: Helvetica Swiss Commercial will 65 Millionen einsammeln - IMMOBILIEN Business\",\"isPartOf\":{\"@id\":\"https:\\\/\\\/www.immobilienbusiness.ch\\\/#website\"},\"primaryImageOfPage\":{\"@id\":\"https:\\\/\\\/www.immobilienbusiness.ch\\\/unternehmen\\\/2017-11-21\\\/kapitalerhoehung-fuer-den-helvetica-swiss-commercial-immobilien-fonds-startet-heute\\\/#primaryimage\"},\"image\":{\"@id\":\"https:\\\/\\\/www.immobilienbusiness.ch\\\/unternehmen\\\/2017-11-21\\\/kapitalerhoehung-fuer-den-helvetica-swiss-commercial-immobilien-fonds-startet-heute\\\/#primaryimage\"},\"thumbnailUrl\":\"https:\\\/\\\/www.immobilienbusiness.ch\\\/wp-content\\\/uploads\\\/2017\\\/11\\\/IB-News-20171108-Kapitalerhoehung-Novavest-Real-Estate.png\",\"datePublished\":\"2017-11-21T07:12:59+00:00\",\"description\":\"Der Immobilienfonds\u00a0Helvetica Swiss Commercial Immobilien will im Rahmen seiner Kapitalerh\u00f6hung bis zu 64,9 Millionen CHF einnehmen.\",\"breadcrumb\":{\"@id\":\"https:\\\/\\\/www.immobilienbusiness.ch\\\/unternehmen\\\/2017-11-21\\\/kapitalerhoehung-fuer-den-helvetica-swiss-commercial-immobilien-fonds-startet-heute\\\/#breadcrumb\"},\"inLanguage\":\"it-IT\",\"potentialAction\":[{\"@type\":\"ReadAction\",\"target\":[\"https:\\\/\\\/www.immobilienbusiness.ch\\\/unternehmen\\\/2017-11-21\\\/kapitalerhoehung-fuer-den-helvetica-swiss-commercial-immobilien-fonds-startet-heute\\\/\"]}]},{\"@type\":\"ImageObject\",\"inLanguage\":\"it-IT\",\"@id\":\"https:\\\/\\\/www.immobilienbusiness.ch\\\/unternehmen\\\/2017-11-21\\\/kapitalerhoehung-fuer-den-helvetica-swiss-commercial-immobilien-fonds-startet-heute\\\/#primaryimage\",\"url\":\"https:\\\/\\\/www.immobilienbusiness.ch\\\/wp-content\\\/uploads\\\/2017\\\/11\\\/IB-News-20171108-Kapitalerhoehung-Novavest-Real-Estate.png\",\"contentUrl\":\"https:\\\/\\\/www.immobilienbusiness.ch\\\/wp-content\\\/uploads\\\/2017\\\/11\\\/IB-News-20171108-Kapitalerhoehung-Novavest-Real-Estate.png\",\"width\":680,\"height\":452,\"caption\":\"Die Aufbauphase der Anlagegruppe Swiss Real Estate der Fundamenta Investment Foundation ist nun abgeschlossen (Bild: Pixabay)\"},{\"@type\":\"BreadcrumbList\",\"@id\":\"https:\\\/\\\/www.immobilienbusiness.ch\\\/unternehmen\\\/2017-11-21\\\/kapitalerhoehung-fuer-den-helvetica-swiss-commercial-immobilien-fonds-startet-heute\\\/#breadcrumb\",\"itemListElement\":[{\"@type\":\"ListItem\",\"position\":1,\"name\":\"Home\",\"item\":\"https:\\\/\\\/www.immobilienbusiness.ch\\\/\"},{\"@type\":\"ListItem\",\"position\":2,\"name\":\"Kapitalerh\u00f6hung: Helvetica Swiss Commercial will 65 Millionen einsammeln\"}]},{\"@type\":\"WebSite\",\"@id\":\"https:\\\/\\\/www.immobilienbusiness.ch\\\/#website\",\"url\":\"https:\\\/\\\/www.immobilienbusiness.ch\\\/\",\"name\":\"IMMOBILIEN Business\",\"description\":\"Unabh\u00e4ngiges Schweizer Wirtschaftsmagazin mit Fokus auf Immobilien, Architektur- und Bau sowie Investment- und Finanzierung.\",\"publisher\":{\"@id\":\"https:\\\/\\\/www.immobilienbusiness.ch\\\/#organization\"},\"potentialAction\":[{\"@type\":\"SearchAction\",\"target\":{\"@type\":\"EntryPoint\",\"urlTemplate\":\"https:\\\/\\\/www.immobilienbusiness.ch\\\/?s={search_term_string}\"},\"query-input\":{\"@type\":\"PropertyValueSpecification\",\"valueRequired\":true,\"valueName\":\"search_term_string\"}}],\"inLanguage\":\"it-IT\"},{\"@type\":\"Organization\",\"@id\":\"https:\\\/\\\/www.immobilienbusiness.ch\\\/#organization\",\"name\":\"IMMOBILIEN Business\",\"url\":\"https:\\\/\\\/www.immobilienbusiness.ch\\\/\",\"logo\":{\"@type\":\"ImageObject\",\"inLanguage\":\"it-IT\",\"@id\":\"https:\\\/\\\/www.immobilienbusiness.ch\\\/#\\\/schema\\\/logo\\\/image\\\/\",\"url\":\"https:\\\/\\\/www.immobilienbusiness.ch\\\/wp-content\\\/uploads\\\/2021\\\/07\\\/logo_ib.png\",\"contentUrl\":\"https:\\\/\\\/www.immobilienbusiness.ch\\\/wp-content\\\/uploads\\\/2021\\\/07\\\/logo_ib.png\",\"width\":800,\"height\":181,\"caption\":\"IMMOBILIEN Business\"},\"image\":{\"@id\":\"https:\\\/\\\/www.immobilienbusiness.ch\\\/#\\\/schema\\\/logo\\\/image\\\/\"},\"sameAs\":[\"https:\\\/\\\/www.facebook.com\\\/immobilienbusiness\\\/\"]},{\"@type\":\"Person\",\"@id\":\"https:\\\/\\\/www.immobilienbusiness.ch\\\/#\\\/schema\\\/person\\\/3fc036297b10b9f42d6db5ee932af8c8\",\"name\":\"anja.hall\",\"image\":{\"@type\":\"ImageObject\",\"inLanguage\":\"it-IT\",\"@id\":\"https:\\\/\\\/secure.gravatar.com\\\/avatar\\\/066b5a0d447013502c71a5782f4f3469f03cfe595cc2329fb94652fe47511bfb?s=96&d=mm&r=g\",\"url\":\"https:\\\/\\\/secure.gravatar.com\\\/avatar\\\/066b5a0d447013502c71a5782f4f3469f03cfe595cc2329fb94652fe47511bfb?s=96&d=mm&r=g\",\"contentUrl\":\"https:\\\/\\\/secure.gravatar.com\\\/avatar\\\/066b5a0d447013502c71a5782f4f3469f03cfe595cc2329fb94652fe47511bfb?s=96&d=mm&r=g\",\"caption\":\"anja.hall\"},\"url\":\"https:\\\/\\\/www.immobilienbusiness.ch\\\/it\\\/author\\\/anja-hall\\\/\"}]}<\/script>\n<!-- \/ Yoast SEO plugin. -->","yoast_head_json":{"title":"Kapitalerh\u00f6hung: Helvetica Swiss Commercial will 65 Millionen einsammeln - IMMOBILIEN Business","description":"Il fondo immobiliare Helvetica Swiss Commercial Immobilien intende raccogliere fino a 64,9 milioni di franchi svizzeri nell'ambito del suo aumento di capitale.","robots":{"index":"index","follow":"follow","max-snippet":"max-snippet:-1","max-image-preview":"max-image-preview:large","max-video-preview":"max-video-preview:-1"},"canonical":"https:\/\/www.immobilienbusiness.ch\/it\/unternehmen\/2017-11-21\/kapitalerhoehung-fuer-den-helvetica-swiss-commercial-immobilien-fonds-startet-heute\/","og_locale":"it_IT","og_type":"article","og_title":"Kapitalerh\u00f6hung: Helvetica Swiss Commercial will 65 Millionen einsammeln","og_description":"Der Immobilienfonds\u00a0Helvetica Swiss Commercial Immobilien will im Rahmen seiner Kapitalerh\u00f6hung bis zu 64,9 Millionen CHF einnehmen.","og_url":"https:\/\/www.immobilienbusiness.ch\/it\/unternehmen\/2017-11-21\/kapitalerhoehung-fuer-den-helvetica-swiss-commercial-immobilien-fonds-startet-heute\/","og_site_name":"IMMOBILIEN Business","article_publisher":"https:\/\/www.facebook.com\/immobilienbusiness\/","article_published_time":"2017-11-21T07:12:59+00:00","og_image":[{"width":680,"height":452,"url":"https:\/\/www.immobilienbusiness.ch\/wp-content\/uploads\/2017\/11\/IB-News-20171108-Kapitalerhoehung-Novavest-Real-Estate.png","type":"image\/png"}],"author":"anja.hall","twitter_card":"summary_large_image","twitter_title":"Kapitalerh\u00f6hung: Helvetica Swiss Commercial will 65 Millionen einsammeln","twitter_description":"Der Immobilienfonds\u00a0Helvetica Swiss Commercial Immobilien will im Rahmen seiner Kapitalerh\u00f6hung bis zu 64,9 Millionen CHF einnehmen.","twitter_image":"https:\/\/www.immobilienbusiness.ch\/wp-content\/uploads\/2017\/11\/IB-News-20171108-Kapitalerh\u00f6hung-Novavest-Real-Estate.png","schema":{"@context":"https:\/\/schema.org","@graph":[{"@type":"Article","@id":"https:\/\/www.immobilienbusiness.ch\/unternehmen\/2017-11-21\/kapitalerhoehung-fuer-den-helvetica-swiss-commercial-immobilien-fonds-startet-heute\/#article","isPartOf":{"@id":"https:\/\/www.immobilienbusiness.ch\/unternehmen\/2017-11-21\/kapitalerhoehung-fuer-den-helvetica-swiss-commercial-immobilien-fonds-startet-heute\/"},"author":{"name":"anja.hall","@id":"https:\/\/www.immobilienbusiness.ch\/#\/schema\/person\/3fc036297b10b9f42d6db5ee932af8c8"},"headline":"Kapitalerh\u00f6hung: Helvetica Swiss Commercial will 65 Millionen einsammeln","datePublished":"2017-11-21T07:12:59+00:00","mainEntityOfPage":{"@id":"https:\/\/www.immobilienbusiness.ch\/unternehmen\/2017-11-21\/kapitalerhoehung-fuer-den-helvetica-swiss-commercial-immobilien-fonds-startet-heute\/"},"wordCount":156,"commentCount":0,"publisher":{"@id":"https:\/\/www.immobilienbusiness.ch\/#organization"},"image":{"@id":"https:\/\/www.immobilienbusiness.ch\/unternehmen\/2017-11-21\/kapitalerhoehung-fuer-den-helvetica-swiss-commercial-immobilien-fonds-startet-heute\/#primaryimage"},"thumbnailUrl":"https:\/\/www.immobilienbusiness.ch\/wp-content\/uploads\/2017\/11\/IB-News-20171108-Kapitalerhoehung-Novavest-Real-Estate.png","keywords":["Immobilienfonds","Kapitalerh\u00f6hung","Unternehmen"],"articleSection":["UNTERNEHMEN"],"inLanguage":"it-IT"},{"@type":"WebPage","@id":"https:\/\/www.immobilienbusiness.ch\/unternehmen\/2017-11-21\/kapitalerhoehung-fuer-den-helvetica-swiss-commercial-immobilien-fonds-startet-heute\/","url":"https:\/\/www.immobilienbusiness.ch\/unternehmen\/2017-11-21\/kapitalerhoehung-fuer-den-helvetica-swiss-commercial-immobilien-fonds-startet-heute\/","name":"Kapitalerh\u00f6hung: Helvetica Swiss Commercial will 65 Millionen einsammeln - IMMOBILIEN Business","isPartOf":{"@id":"https:\/\/www.immobilienbusiness.ch\/#website"},"primaryImageOfPage":{"@id":"https:\/\/www.immobilienbusiness.ch\/unternehmen\/2017-11-21\/kapitalerhoehung-fuer-den-helvetica-swiss-commercial-immobilien-fonds-startet-heute\/#primaryimage"},"image":{"@id":"https:\/\/www.immobilienbusiness.ch\/unternehmen\/2017-11-21\/kapitalerhoehung-fuer-den-helvetica-swiss-commercial-immobilien-fonds-startet-heute\/#primaryimage"},"thumbnailUrl":"https:\/\/www.immobilienbusiness.ch\/wp-content\/uploads\/2017\/11\/IB-News-20171108-Kapitalerhoehung-Novavest-Real-Estate.png","datePublished":"2017-11-21T07:12:59+00:00","description":"Il fondo immobiliare Helvetica Swiss Commercial Immobilien intende raccogliere fino a 64,9 milioni di franchi svizzeri nell'ambito del suo aumento di capitale.","breadcrumb":{"@id":"https:\/\/www.immobilienbusiness.ch\/unternehmen\/2017-11-21\/kapitalerhoehung-fuer-den-helvetica-swiss-commercial-immobilien-fonds-startet-heute\/#breadcrumb"},"inLanguage":"it-IT","potentialAction":[{"@type":"ReadAction","target":["https:\/\/www.immobilienbusiness.ch\/unternehmen\/2017-11-21\/kapitalerhoehung-fuer-den-helvetica-swiss-commercial-immobilien-fonds-startet-heute\/"]}]},{"@type":"ImageObject","inLanguage":"it-IT","@id":"https:\/\/www.immobilienbusiness.ch\/unternehmen\/2017-11-21\/kapitalerhoehung-fuer-den-helvetica-swiss-commercial-immobilien-fonds-startet-heute\/#primaryimage","url":"https:\/\/www.immobilienbusiness.ch\/wp-content\/uploads\/2017\/11\/IB-News-20171108-Kapitalerhoehung-Novavest-Real-Estate.png","contentUrl":"https:\/\/www.immobilienbusiness.ch\/wp-content\/uploads\/2017\/11\/IB-News-20171108-Kapitalerhoehung-Novavest-Real-Estate.png","width":680,"height":452,"caption":"Die Aufbauphase der Anlagegruppe Swiss Real Estate der Fundamenta Investment Foundation ist nun abgeschlossen (Bild: Pixabay)"},{"@type":"BreadcrumbList","@id":"https:\/\/www.immobilienbusiness.ch\/unternehmen\/2017-11-21\/kapitalerhoehung-fuer-den-helvetica-swiss-commercial-immobilien-fonds-startet-heute\/#breadcrumb","itemListElement":[{"@type":"ListItem","position":1,"name":"Home","item":"https:\/\/www.immobilienbusiness.ch\/"},{"@type":"ListItem","position":2,"name":"Kapitalerh\u00f6hung: Helvetica Swiss Commercial will 65 Millionen einsammeln"}]},{"@type":"WebSite","@id":"https:\/\/www.immobilienbusiness.ch\/#website","url":"https:\/\/www.immobilienbusiness.ch\/","name":"Affari immobiliari","description":"Rivista economica indipendente svizzera che si concentra sul settore immobiliare, l'architettura e la costruzione, nonch\u00e9 sugli investimenti e i finanziamenti.","publisher":{"@id":"https:\/\/www.immobilienbusiness.ch\/#organization"},"potentialAction":[{"@type":"SearchAction","target":{"@type":"EntryPoint","urlTemplate":"https:\/\/www.immobilienbusiness.ch\/?s={search_term_string}"},"query-input":{"@type":"PropertyValueSpecification","valueRequired":true,"valueName":"search_term_string"}}],"inLanguage":"it-IT"},{"@type":"Organization","@id":"https:\/\/www.immobilienbusiness.ch\/#organization","name":"Affari immobiliari","url":"https:\/\/www.immobilienbusiness.ch\/","logo":{"@type":"ImageObject","inLanguage":"it-IT","@id":"https:\/\/www.immobilienbusiness.ch\/#\/schema\/logo\/image\/","url":"https:\/\/www.immobilienbusiness.ch\/wp-content\/uploads\/2021\/07\/logo_ib.png","contentUrl":"https:\/\/www.immobilienbusiness.ch\/wp-content\/uploads\/2021\/07\/logo_ib.png","width":800,"height":181,"caption":"IMMOBILIEN Business"},"image":{"@id":"https:\/\/www.immobilienbusiness.ch\/#\/schema\/logo\/image\/"},"sameAs":["https:\/\/www.facebook.com\/immobilienbusiness\/"]},{"@type":"Person","@id":"https:\/\/www.immobilienbusiness.ch\/#\/schema\/person\/3fc036297b10b9f42d6db5ee932af8c8","name":"anja.hall","image":{"@type":"ImageObject","inLanguage":"it-IT","@id":"https:\/\/secure.gravatar.com\/avatar\/066b5a0d447013502c71a5782f4f3469f03cfe595cc2329fb94652fe47511bfb?s=96&d=mm&r=g","url":"https:\/\/secure.gravatar.com\/avatar\/066b5a0d447013502c71a5782f4f3469f03cfe595cc2329fb94652fe47511bfb?s=96&d=mm&r=g","contentUrl":"https:\/\/secure.gravatar.com\/avatar\/066b5a0d447013502c71a5782f4f3469f03cfe595cc2329fb94652fe47511bfb?s=96&d=mm&r=g","caption":"anja.hall"},"url":"https:\/\/www.immobilienbusiness.ch\/it\/author\/anja-hall\/"}]}},"_links":{"self":[{"href":"https:\/\/www.immobilienbusiness.ch\/it\/wp-json\/wp\/v2\/posts\/10187","targetHints":{"allow":["GET"]}}],"collection":[{"href":"https:\/\/www.immobilienbusiness.ch\/it\/wp-json\/wp\/v2\/posts"}],"about":[{"href":"https:\/\/www.immobilienbusiness.ch\/it\/wp-json\/wp\/v2\/types\/post"}],"author":[{"embeddable":true,"href":"https:\/\/www.immobilienbusiness.ch\/it\/wp-json\/wp\/v2\/users\/3"}],"replies":[{"embeddable":true,"href":"https:\/\/www.immobilienbusiness.ch\/it\/wp-json\/wp\/v2\/comments?post=10187"}],"version-history":[{"count":0,"href":"https:\/\/www.immobilienbusiness.ch\/it\/wp-json\/wp\/v2\/posts\/10187\/revisions"}],"wp:featuredmedia":[{"embeddable":true,"href":"https:\/\/www.immobilienbusiness.ch\/it\/wp-json\/wp\/v2\/media\/9998"}],"wp:attachment":[{"href":"https:\/\/www.immobilienbusiness.ch\/it\/wp-json\/wp\/v2\/media?parent=10187"}],"wp:term":[{"taxonomy":"category","embeddable":true,"href":"https:\/\/www.immobilienbusiness.ch\/it\/wp-json\/wp\/v2\/categories?post=10187"},{"taxonomy":"post_tag","embeddable":true,"href":"https:\/\/www.immobilienbusiness.ch\/it\/wp-json\/wp\/v2\/tags?post=10187"}],"curies":[{"name":"wp","href":"https:\/\/api.w.org\/{rel}","templated":true}]}}