{"id":10106,"date":"2017-11-14T09:23:14","date_gmt":"2017-11-14T08:23:14","guid":{"rendered":"https:\/\/www.immobilienbusiness.ch\/?p=10106"},"modified":"2017-11-14T09:23:14","modified_gmt":"2017-11-14T08:23:14","slug":"neuer-eigentuemer-fuer-linthpark","status":"publish","type":"post","link":"https:\/\/www.immobilienbusiness.ch\/it\/regionen\/2017-11-14\/neuer-eigentuemer-fuer-linthpark\/","title":{"rendered":"Nuovo proprietario per Linthpark a Uznach"},"content":{"rendered":"<figure id=\"attachment_10119\" aria-describedby=\"caption-attachment-10119\" style=\"width: 573px\" class=\"wp-caption alignnone\"><img loading=\"lazy\" decoding=\"async\" class=\"size-full wp-image-10119\" src=\"https:\/\/www.immobilienbusiness.ch\/wp-content\/uploads\/2017\/11\/IB-News-20171114-Linthpark-Uznach-Verkauf.jpg\" alt=\"\" width=\"573\" height=\"383\" srcset=\"https:\/\/www.immobilienbusiness.ch\/wp-content\/uploads\/2017\/11\/IB-News-20171114-Linthpark-Uznach-Verkauf.jpg 573w, https:\/\/www.immobilienbusiness.ch\/wp-content\/uploads\/2017\/11\/IB-News-20171114-Linthpark-Uznach-Verkauf-300x201.jpg 300w, https:\/\/www.immobilienbusiness.ch\/wp-content\/uploads\/2017\/11\/IB-News-20171114-Linthpark-Uznach-Verkauf-16x12.jpg 16w, https:\/\/www.immobilienbusiness.ch\/wp-content\/uploads\/2017\/11\/IB-News-20171114-Linthpark-Uznach-Verkauf-262x175.jpg 262w, https:\/\/www.immobilienbusiness.ch\/wp-content\/uploads\/2017\/11\/IB-News-20171114-Linthpark-Uznach-Verkauf-524x350.jpg 524w\" sizes=\"auto, (max-width: 573px) 100vw, 573px\" \/><figcaption id=\"caption-attachment-10119\" class=\"wp-caption-text\">Karl V\u00f6gele AG sta vendendo il suo centro commerciale Linthpark a Uznach (Immagine simbolica: Pixabay)<\/figcaption><\/figure>\n<p>Secondo un <a href=\"https:\/\/www.suedostschweiz.ch\/ereignisse\/2017-11-08\/karl-voegele-ag-verkauft-uzner-linthpark-an-zuercher-unternehmen\">Rapporto del <em>S\u00fcdostschweiz<\/em><\/a> La Karl V\u00f6gele AG si \u00e8 separata da Linthpark e dalle propriet\u00e0 Afex e Chemtec. Secondo il rapporto del giornale, il nuovo proprietario, l'Euro Estates Group, specializzato nella pianificazione e nello sviluppo di centri commerciali e propriet\u00e0 commerciali, vuole sviluppare ulteriormente il centro commerciale nella sua posizione attuale.<\/p>\n<p>I contratti di locazione esistenti devono essere continuati; la stessa Karl V\u00f6gele AG intende mantenere la sua sede nella sede di Uznach e affittare gli spazi per l'amministrazione, la vendita e la logistica dal nuovo proprietario.<\/p>\n<p>Il centro commerciale \u00e8 stato aperto 37 anni fa e, secondo il <em>S\u00fcdostschweiz<\/em>\u00a0La propriet\u00e0 \u00e8 caratterizzata da un interessante mix di inquilini e da forti cifre di fatturato.<\/p>\n<p>Secondo JLL, ha agito come consulente finanziario e di transazione esclusivo per il venditore. Secondo la dichiarazione, le propriet\u00e0 vendute includono il centro commerciale regionale locale, spazi per uffici, un'ala logistica e altre due propriet\u00e0 commerciali a uso misto.<\/p>\n<p>&nbsp;<\/p>","protected":false},"excerpt":{"rendered":"<p>La Karl V\u00f6gele AG ha venduto il centro commerciale Linthpark di Uznach (SG) al gruppo Euro Estates di Zurigo.<\/p>","protected":false},"author":3,"featured_media":10119,"comment_status":"open","ping_status":"open","sticky":false,"template":"","format":"standard","meta":{"_acf_changed":false,"_yoast_wpseo_focuskw":"Linthpark","_yoast_wpseo_title":"","_yoast_wpseo_metadesc":"Die Karl V\u00f6gele AG hat das Einkaufszentrum Linthpark in Uznach im Kanton St. Gallen an die Euro Estates Group aus Z\u00fcrich verkauft.","_yoast_wpseo_linkdex":71,"pgc_sgb_lightbox_settings":"","footnotes":""},"categories":[985],"tags":[1187,1549,1629,1643,1830],"class_list":["post-10106","post","type-post","status-publish","format-standard","has-post-thumbnail","hentry","category-regionen","tag-einkaufszentrum","tag-ostschweiz","tag-regionen","tag-retail","tag-verkauf"],"acf":[],"yoast_head":"<!-- This site is optimized with the Yoast SEO plugin v27.4 - https:\/\/yoast.com\/product\/yoast-seo-wordpress\/ -->\n<title>Neuer Eigent\u00fcmer f\u00fcr Linthpark in Uznach - IMMOBILIEN Business<\/title>\n<meta name=\"description\" content=\"Die Karl V\u00f6gele AG hat das Einkaufszentrum Linthpark in Uznach im Kanton St. Gallen an die Euro Estates Group aus Z\u00fcrich verkauft.\" \/>\n<meta name=\"robots\" content=\"index, follow, max-snippet:-1, max-image-preview:large, max-video-preview:-1\" \/>\n<link rel=\"canonical\" href=\"https:\/\/www.immobilienbusiness.ch\/it\/regionen\/2017-11-14\/neuer-eigentuemer-fuer-linthpark\/\" \/>\n<meta property=\"og:locale\" content=\"it_IT\" \/>\n<meta property=\"og:type\" content=\"article\" \/>\n<meta property=\"og:title\" content=\"Neuer Eigent\u00fcmer f\u00fcr Linthpark in Uznach\" \/>\n<meta property=\"og:description\" content=\"Die Karl V\u00f6gele AG hat das Einkaufszentrum Linthpark in Uznach (SG) an die Euro Estates Group aus Z\u00fcrich verkauft.\" \/>\n<meta property=\"og:url\" content=\"https:\/\/www.immobilienbusiness.ch\/it\/regionen\/2017-11-14\/neuer-eigentuemer-fuer-linthpark\/\" \/>\n<meta property=\"og:site_name\" content=\"IMMOBILIEN Business\" \/>\n<meta property=\"article:publisher\" content=\"https:\/\/www.facebook.com\/immobilienbusiness\/\" \/>\n<meta property=\"article:published_time\" content=\"2017-11-14T08:23:14+00:00\" \/>\n<meta property=\"og:image\" content=\"https:\/\/www.immobilienbusiness.ch\/wp-content\/uploads\/2016\/12\/Pax-Anlage-verkauft-Beteiligung-an-Sonnenhof-Immobilien-AG-immobilien-business.jpg\" \/>\n\t<meta property=\"og:image:width\" content=\"1280\" \/>\n\t<meta property=\"og:image:height\" content=\"720\" \/>\n\t<meta property=\"og:image:type\" content=\"image\/jpeg\" \/>\n<meta name=\"author\" content=\"anja.hall\" \/>\n<meta name=\"twitter:card\" content=\"summary_large_image\" \/>\n<meta name=\"twitter:title\" content=\"Neuer Eigent\u00fcmer f\u00fcr Linthpark in Uznach\" \/>\n<meta name=\"twitter:description\" content=\"Die Karl V\u00f6gele AG hat das Einkaufszentrum Linthpark in Uznach (SG) an die Euro Estates Group aus Z\u00fcrich verkauft.\" \/>\n<meta name=\"twitter:image\" content=\"https:\/\/www.immobilienbusiness.ch\/wp-content\/uploads\/2016\/12\/Pax-Anlage-verkauft-Beteiligung-an-Sonnenhof-Immobilien-AG-immobilien-business.jpg\" \/>\n<script type=\"application\/ld+json\" class=\"yoast-schema-graph\">{\"@context\":\"https:\\\/\\\/schema.org\",\"@graph\":[{\"@type\":\"Article\",\"@id\":\"https:\\\/\\\/www.immobilienbusiness.ch\\\/regionen\\\/2017-11-14\\\/neuer-eigentuemer-fuer-linthpark\\\/#article\",\"isPartOf\":{\"@id\":\"https:\\\/\\\/www.immobilienbusiness.ch\\\/regionen\\\/2017-11-14\\\/neuer-eigentuemer-fuer-linthpark\\\/\"},\"author\":{\"name\":\"anja.hall\",\"@id\":\"https:\\\/\\\/www.immobilienbusiness.ch\\\/#\\\/schema\\\/person\\\/3fc036297b10b9f42d6db5ee932af8c8\"},\"headline\":\"Neuer Eigent\u00fcmer f\u00fcr Linthpark in Uznach\",\"datePublished\":\"2017-11-14T08:23:14+00:00\",\"mainEntityOfPage\":{\"@id\":\"https:\\\/\\\/www.immobilienbusiness.ch\\\/regionen\\\/2017-11-14\\\/neuer-eigentuemer-fuer-linthpark\\\/\"},\"wordCount\":169,\"commentCount\":0,\"publisher\":{\"@id\":\"https:\\\/\\\/www.immobilienbusiness.ch\\\/#organization\"},\"image\":{\"@id\":\"https:\\\/\\\/www.immobilienbusiness.ch\\\/regionen\\\/2017-11-14\\\/neuer-eigentuemer-fuer-linthpark\\\/#primaryimage\"},\"thumbnailUrl\":\"https:\\\/\\\/www.immobilienbusiness.ch\\\/wp-content\\\/uploads\\\/2017\\\/11\\\/IB-News-20171114-Linthpark-Uznach-Verkauf.jpg\",\"keywords\":[\"Einkaufszentrum\",\"Ostschweiz\",\"Regionen\",\"Retail\",\"Verkauf\"],\"articleSection\":[\"REGIONEN\"],\"inLanguage\":\"it-IT\"},{\"@type\":\"WebPage\",\"@id\":\"https:\\\/\\\/www.immobilienbusiness.ch\\\/regionen\\\/2017-11-14\\\/neuer-eigentuemer-fuer-linthpark\\\/\",\"url\":\"https:\\\/\\\/www.immobilienbusiness.ch\\\/regionen\\\/2017-11-14\\\/neuer-eigentuemer-fuer-linthpark\\\/\",\"name\":\"Neuer Eigent\u00fcmer f\u00fcr Linthpark in Uznach - IMMOBILIEN Business\",\"isPartOf\":{\"@id\":\"https:\\\/\\\/www.immobilienbusiness.ch\\\/#website\"},\"primaryImageOfPage\":{\"@id\":\"https:\\\/\\\/www.immobilienbusiness.ch\\\/regionen\\\/2017-11-14\\\/neuer-eigentuemer-fuer-linthpark\\\/#primaryimage\"},\"image\":{\"@id\":\"https:\\\/\\\/www.immobilienbusiness.ch\\\/regionen\\\/2017-11-14\\\/neuer-eigentuemer-fuer-linthpark\\\/#primaryimage\"},\"thumbnailUrl\":\"https:\\\/\\\/www.immobilienbusiness.ch\\\/wp-content\\\/uploads\\\/2017\\\/11\\\/IB-News-20171114-Linthpark-Uznach-Verkauf.jpg\",\"datePublished\":\"2017-11-14T08:23:14+00:00\",\"description\":\"Die Karl V\u00f6gele AG hat das Einkaufszentrum Linthpark in Uznach im Kanton St. Gallen an die Euro Estates Group aus Z\u00fcrich verkauft.\",\"breadcrumb\":{\"@id\":\"https:\\\/\\\/www.immobilienbusiness.ch\\\/regionen\\\/2017-11-14\\\/neuer-eigentuemer-fuer-linthpark\\\/#breadcrumb\"},\"inLanguage\":\"it-IT\",\"potentialAction\":[{\"@type\":\"ReadAction\",\"target\":[\"https:\\\/\\\/www.immobilienbusiness.ch\\\/regionen\\\/2017-11-14\\\/neuer-eigentuemer-fuer-linthpark\\\/\"]}]},{\"@type\":\"ImageObject\",\"inLanguage\":\"it-IT\",\"@id\":\"https:\\\/\\\/www.immobilienbusiness.ch\\\/regionen\\\/2017-11-14\\\/neuer-eigentuemer-fuer-linthpark\\\/#primaryimage\",\"url\":\"https:\\\/\\\/www.immobilienbusiness.ch\\\/wp-content\\\/uploads\\\/2017\\\/11\\\/IB-News-20171114-Linthpark-Uznach-Verkauf.jpg\",\"contentUrl\":\"https:\\\/\\\/www.immobilienbusiness.ch\\\/wp-content\\\/uploads\\\/2017\\\/11\\\/IB-News-20171114-Linthpark-Uznach-Verkauf.jpg\",\"width\":573,\"height\":383,\"caption\":\"Swiss Estates hat einen Immobilienverkauf in Z\u00fcrich durchgef\u00fchrt (Symbolbild: Pixabay)\"},{\"@type\":\"BreadcrumbList\",\"@id\":\"https:\\\/\\\/www.immobilienbusiness.ch\\\/regionen\\\/2017-11-14\\\/neuer-eigentuemer-fuer-linthpark\\\/#breadcrumb\",\"itemListElement\":[{\"@type\":\"ListItem\",\"position\":1,\"name\":\"Home\",\"item\":\"https:\\\/\\\/www.immobilienbusiness.ch\\\/\"},{\"@type\":\"ListItem\",\"position\":2,\"name\":\"Neuer Eigent\u00fcmer f\u00fcr Linthpark in Uznach\"}]},{\"@type\":\"WebSite\",\"@id\":\"https:\\\/\\\/www.immobilienbusiness.ch\\\/#website\",\"url\":\"https:\\\/\\\/www.immobilienbusiness.ch\\\/\",\"name\":\"IMMOBILIEN Business\",\"description\":\"Unabh\u00e4ngiges Schweizer Wirtschaftsmagazin mit Fokus auf Immobilien, Architektur- und Bau sowie Investment- und Finanzierung.\",\"publisher\":{\"@id\":\"https:\\\/\\\/www.immobilienbusiness.ch\\\/#organization\"},\"potentialAction\":[{\"@type\":\"SearchAction\",\"target\":{\"@type\":\"EntryPoint\",\"urlTemplate\":\"https:\\\/\\\/www.immobilienbusiness.ch\\\/?s={search_term_string}\"},\"query-input\":{\"@type\":\"PropertyValueSpecification\",\"valueRequired\":true,\"valueName\":\"search_term_string\"}}],\"inLanguage\":\"it-IT\"},{\"@type\":\"Organization\",\"@id\":\"https:\\\/\\\/www.immobilienbusiness.ch\\\/#organization\",\"name\":\"IMMOBILIEN Business\",\"url\":\"https:\\\/\\\/www.immobilienbusiness.ch\\\/\",\"logo\":{\"@type\":\"ImageObject\",\"inLanguage\":\"it-IT\",\"@id\":\"https:\\\/\\\/www.immobilienbusiness.ch\\\/#\\\/schema\\\/logo\\\/image\\\/\",\"url\":\"https:\\\/\\\/www.immobilienbusiness.ch\\\/wp-content\\\/uploads\\\/2021\\\/07\\\/logo_ib.png\",\"contentUrl\":\"https:\\\/\\\/www.immobilienbusiness.ch\\\/wp-content\\\/uploads\\\/2021\\\/07\\\/logo_ib.png\",\"width\":800,\"height\":181,\"caption\":\"IMMOBILIEN Business\"},\"image\":{\"@id\":\"https:\\\/\\\/www.immobilienbusiness.ch\\\/#\\\/schema\\\/logo\\\/image\\\/\"},\"sameAs\":[\"https:\\\/\\\/www.facebook.com\\\/immobilienbusiness\\\/\"]},{\"@type\":\"Person\",\"@id\":\"https:\\\/\\\/www.immobilienbusiness.ch\\\/#\\\/schema\\\/person\\\/3fc036297b10b9f42d6db5ee932af8c8\",\"name\":\"anja.hall\",\"image\":{\"@type\":\"ImageObject\",\"inLanguage\":\"it-IT\",\"@id\":\"https:\\\/\\\/secure.gravatar.com\\\/avatar\\\/066b5a0d447013502c71a5782f4f3469f03cfe595cc2329fb94652fe47511bfb?s=96&d=mm&r=g\",\"url\":\"https:\\\/\\\/secure.gravatar.com\\\/avatar\\\/066b5a0d447013502c71a5782f4f3469f03cfe595cc2329fb94652fe47511bfb?s=96&d=mm&r=g\",\"contentUrl\":\"https:\\\/\\\/secure.gravatar.com\\\/avatar\\\/066b5a0d447013502c71a5782f4f3469f03cfe595cc2329fb94652fe47511bfb?s=96&d=mm&r=g\",\"caption\":\"anja.hall\"},\"url\":\"https:\\\/\\\/www.immobilienbusiness.ch\\\/it\\\/author\\\/anja-hall\\\/\"}]}<\/script>\n<!-- \/ Yoast SEO plugin. -->","yoast_head_json":{"title":"Neuer Eigent\u00fcmer f\u00fcr Linthpark in Uznach - IMMOBILIEN Business","description":"Die Karl V\u00f6gele AG hat das Einkaufszentrum Linthpark in Uznach im Kanton St. Gallen an die Euro Estates Group aus Z\u00fcrich verkauft.","robots":{"index":"index","follow":"follow","max-snippet":"max-snippet:-1","max-image-preview":"max-image-preview:large","max-video-preview":"max-video-preview:-1"},"canonical":"https:\/\/www.immobilienbusiness.ch\/it\/regionen\/2017-11-14\/neuer-eigentuemer-fuer-linthpark\/","og_locale":"it_IT","og_type":"article","og_title":"Neuer Eigent\u00fcmer f\u00fcr Linthpark in Uznach","og_description":"Die Karl V\u00f6gele AG hat das Einkaufszentrum Linthpark in Uznach (SG) an die Euro Estates Group aus Z\u00fcrich verkauft.","og_url":"https:\/\/www.immobilienbusiness.ch\/it\/regionen\/2017-11-14\/neuer-eigentuemer-fuer-linthpark\/","og_site_name":"IMMOBILIEN Business","article_publisher":"https:\/\/www.facebook.com\/immobilienbusiness\/","article_published_time":"2017-11-14T08:23:14+00:00","og_image":[{"width":1280,"height":720,"url":"https:\/\/www.immobilienbusiness.ch\/wp-content\/uploads\/2016\/12\/Pax-Anlage-verkauft-Beteiligung-an-Sonnenhof-Immobilien-AG-immobilien-business.jpg","type":"image\/jpeg"}],"author":"anja.hall","twitter_card":"summary_large_image","twitter_title":"Neuer Eigent\u00fcmer f\u00fcr Linthpark in Uznach","twitter_description":"Die Karl V\u00f6gele AG hat das Einkaufszentrum Linthpark in Uznach (SG) an die Euro Estates Group aus Z\u00fcrich verkauft.","twitter_image":"https:\/\/www.immobilienbusiness.ch\/wp-content\/uploads\/2016\/12\/Pax-Anlage-verkauft-Beteiligung-an-Sonnenhof-Immobilien-AG-immobilien-business.jpg","schema":{"@context":"https:\/\/schema.org","@graph":[{"@type":"Article","@id":"https:\/\/www.immobilienbusiness.ch\/regionen\/2017-11-14\/neuer-eigentuemer-fuer-linthpark\/#article","isPartOf":{"@id":"https:\/\/www.immobilienbusiness.ch\/regionen\/2017-11-14\/neuer-eigentuemer-fuer-linthpark\/"},"author":{"name":"anja.hall","@id":"https:\/\/www.immobilienbusiness.ch\/#\/schema\/person\/3fc036297b10b9f42d6db5ee932af8c8"},"headline":"Neuer Eigent\u00fcmer f\u00fcr Linthpark in Uznach","datePublished":"2017-11-14T08:23:14+00:00","mainEntityOfPage":{"@id":"https:\/\/www.immobilienbusiness.ch\/regionen\/2017-11-14\/neuer-eigentuemer-fuer-linthpark\/"},"wordCount":169,"commentCount":0,"publisher":{"@id":"https:\/\/www.immobilienbusiness.ch\/#organization"},"image":{"@id":"https:\/\/www.immobilienbusiness.ch\/regionen\/2017-11-14\/neuer-eigentuemer-fuer-linthpark\/#primaryimage"},"thumbnailUrl":"https:\/\/www.immobilienbusiness.ch\/wp-content\/uploads\/2017\/11\/IB-News-20171114-Linthpark-Uznach-Verkauf.jpg","keywords":["Einkaufszentrum","Ostschweiz","Regionen","Retail","Verkauf"],"articleSection":["REGIONEN"],"inLanguage":"it-IT"},{"@type":"WebPage","@id":"https:\/\/www.immobilienbusiness.ch\/regionen\/2017-11-14\/neuer-eigentuemer-fuer-linthpark\/","url":"https:\/\/www.immobilienbusiness.ch\/regionen\/2017-11-14\/neuer-eigentuemer-fuer-linthpark\/","name":"Neuer Eigent\u00fcmer f\u00fcr Linthpark in Uznach - IMMOBILIEN Business","isPartOf":{"@id":"https:\/\/www.immobilienbusiness.ch\/#website"},"primaryImageOfPage":{"@id":"https:\/\/www.immobilienbusiness.ch\/regionen\/2017-11-14\/neuer-eigentuemer-fuer-linthpark\/#primaryimage"},"image":{"@id":"https:\/\/www.immobilienbusiness.ch\/regionen\/2017-11-14\/neuer-eigentuemer-fuer-linthpark\/#primaryimage"},"thumbnailUrl":"https:\/\/www.immobilienbusiness.ch\/wp-content\/uploads\/2017\/11\/IB-News-20171114-Linthpark-Uznach-Verkauf.jpg","datePublished":"2017-11-14T08:23:14+00:00","description":"Die Karl V\u00f6gele AG hat das Einkaufszentrum Linthpark in Uznach im Kanton St. Gallen an die Euro Estates Group aus Z\u00fcrich verkauft.","breadcrumb":{"@id":"https:\/\/www.immobilienbusiness.ch\/regionen\/2017-11-14\/neuer-eigentuemer-fuer-linthpark\/#breadcrumb"},"inLanguage":"it-IT","potentialAction":[{"@type":"ReadAction","target":["https:\/\/www.immobilienbusiness.ch\/regionen\/2017-11-14\/neuer-eigentuemer-fuer-linthpark\/"]}]},{"@type":"ImageObject","inLanguage":"it-IT","@id":"https:\/\/www.immobilienbusiness.ch\/regionen\/2017-11-14\/neuer-eigentuemer-fuer-linthpark\/#primaryimage","url":"https:\/\/www.immobilienbusiness.ch\/wp-content\/uploads\/2017\/11\/IB-News-20171114-Linthpark-Uznach-Verkauf.jpg","contentUrl":"https:\/\/www.immobilienbusiness.ch\/wp-content\/uploads\/2017\/11\/IB-News-20171114-Linthpark-Uznach-Verkauf.jpg","width":573,"height":383,"caption":"Swiss Estates hat einen Immobilienverkauf in Z\u00fcrich durchgef\u00fchrt (Symbolbild: Pixabay)"},{"@type":"BreadcrumbList","@id":"https:\/\/www.immobilienbusiness.ch\/regionen\/2017-11-14\/neuer-eigentuemer-fuer-linthpark\/#breadcrumb","itemListElement":[{"@type":"ListItem","position":1,"name":"Home","item":"https:\/\/www.immobilienbusiness.ch\/"},{"@type":"ListItem","position":2,"name":"Neuer Eigent\u00fcmer f\u00fcr Linthpark in Uznach"}]},{"@type":"WebSite","@id":"https:\/\/www.immobilienbusiness.ch\/#website","url":"https:\/\/www.immobilienbusiness.ch\/","name":"Affari immobiliari","description":"Rivista economica indipendente svizzera che si concentra sul settore immobiliare, l'architettura e la costruzione, nonch\u00e9 sugli investimenti e i finanziamenti.","publisher":{"@id":"https:\/\/www.immobilienbusiness.ch\/#organization"},"potentialAction":[{"@type":"SearchAction","target":{"@type":"EntryPoint","urlTemplate":"https:\/\/www.immobilienbusiness.ch\/?s={search_term_string}"},"query-input":{"@type":"PropertyValueSpecification","valueRequired":true,"valueName":"search_term_string"}}],"inLanguage":"it-IT"},{"@type":"Organization","@id":"https:\/\/www.immobilienbusiness.ch\/#organization","name":"Affari immobiliari","url":"https:\/\/www.immobilienbusiness.ch\/","logo":{"@type":"ImageObject","inLanguage":"it-IT","@id":"https:\/\/www.immobilienbusiness.ch\/#\/schema\/logo\/image\/","url":"https:\/\/www.immobilienbusiness.ch\/wp-content\/uploads\/2021\/07\/logo_ib.png","contentUrl":"https:\/\/www.immobilienbusiness.ch\/wp-content\/uploads\/2021\/07\/logo_ib.png","width":800,"height":181,"caption":"IMMOBILIEN Business"},"image":{"@id":"https:\/\/www.immobilienbusiness.ch\/#\/schema\/logo\/image\/"},"sameAs":["https:\/\/www.facebook.com\/immobilienbusiness\/"]},{"@type":"Person","@id":"https:\/\/www.immobilienbusiness.ch\/#\/schema\/person\/3fc036297b10b9f42d6db5ee932af8c8","name":"anja.hall","image":{"@type":"ImageObject","inLanguage":"it-IT","@id":"https:\/\/secure.gravatar.com\/avatar\/066b5a0d447013502c71a5782f4f3469f03cfe595cc2329fb94652fe47511bfb?s=96&d=mm&r=g","url":"https:\/\/secure.gravatar.com\/avatar\/066b5a0d447013502c71a5782f4f3469f03cfe595cc2329fb94652fe47511bfb?s=96&d=mm&r=g","contentUrl":"https:\/\/secure.gravatar.com\/avatar\/066b5a0d447013502c71a5782f4f3469f03cfe595cc2329fb94652fe47511bfb?s=96&d=mm&r=g","caption":"anja.hall"},"url":"https:\/\/www.immobilienbusiness.ch\/it\/author\/anja-hall\/"}]}},"_links":{"self":[{"href":"https:\/\/www.immobilienbusiness.ch\/it\/wp-json\/wp\/v2\/posts\/10106","targetHints":{"allow":["GET"]}}],"collection":[{"href":"https:\/\/www.immobilienbusiness.ch\/it\/wp-json\/wp\/v2\/posts"}],"about":[{"href":"https:\/\/www.immobilienbusiness.ch\/it\/wp-json\/wp\/v2\/types\/post"}],"author":[{"embeddable":true,"href":"https:\/\/www.immobilienbusiness.ch\/it\/wp-json\/wp\/v2\/users\/3"}],"replies":[{"embeddable":true,"href":"https:\/\/www.immobilienbusiness.ch\/it\/wp-json\/wp\/v2\/comments?post=10106"}],"version-history":[{"count":0,"href":"https:\/\/www.immobilienbusiness.ch\/it\/wp-json\/wp\/v2\/posts\/10106\/revisions"}],"wp:featuredmedia":[{"embeddable":true,"href":"https:\/\/www.immobilienbusiness.ch\/it\/wp-json\/wp\/v2\/media\/10119"}],"wp:attachment":[{"href":"https:\/\/www.immobilienbusiness.ch\/it\/wp-json\/wp\/v2\/media?parent=10106"}],"wp:term":[{"taxonomy":"category","embeddable":true,"href":"https:\/\/www.immobilienbusiness.ch\/it\/wp-json\/wp\/v2\/categories?post=10106"},{"taxonomy":"post_tag","embeddable":true,"href":"https:\/\/www.immobilienbusiness.ch\/it\/wp-json\/wp\/v2\/tags?post=10106"}],"curies":[{"name":"wp","href":"https:\/\/api.w.org\/{rel}","templated":true}]}}