{"id":10100,"date":"2017-11-14T09:06:33","date_gmt":"2017-11-14T08:06:33","guid":{"rendered":"https:\/\/www.immobilienbusiness.ch\/?p=10100"},"modified":"2017-11-14T09:06:33","modified_gmt":"2017-11-14T08:06:33","slug":"basel-plaene-fuer-felix-platter-areal","status":"publish","type":"post","link":"https:\/\/www.immobilienbusiness.ch\/it\/regionen\/2017-11-14\/basel-plaene-fuer-felix-platter-areal\/","title":{"rendered":"Basilea: Wohnen &amp; mehr presenta i piani per il sito di Felix Platter"},"content":{"rendered":"<div class=\"page\" title=\"Pagina 2\">\n<div class=\"section\">\n<div class=\"layoutArea\">\n<div class=\"column\">\n<figure id=\"attachment_10121\" aria-describedby=\"caption-attachment-10121\" style=\"width: 680px\" class=\"wp-caption alignnone\"><img loading=\"lazy\" decoding=\"async\" class=\"size-full wp-image-10121\" src=\"https:\/\/www.immobilienbusiness.ch\/wp-content\/uploads\/2017\/11\/IB-News-20171114-Basel-Gr\u00fcnes-Licht-Umnutzung-Felix-Platter-Spital.png\" alt=\"\" width=\"680\" height=\"454\" \/><figcaption id=\"caption-attachment-10121\" class=\"wp-caption-text\">Il sito di Felix Platter a Basilea sar\u00e0 riqualificato dal 2019 (Foto: Felix123 - Opera propria, Pubblico dominio, Wikimedia Commons)<\/figcaption><\/figure>\n<\/div>\n<\/div>\n<\/div>\n<\/div>\n<p>Il progetto vincitore prevede undici edifici interconnessi con 370 appartamenti, progettati in modo diverso, con un massimo di sette piani e raggruppati intorno a un cortile residenziale come un blocco perimetrale. \u00c8 previsto un mix di appartamenti di diverse dimensioni con un massimo di cinque stanze; l'obiettivo principale \u00e8 quello di creare spazi abitativi a prezzi accessibili per famiglie e anziani. Un totale di 10.000 metri quadrati sar\u00e0 utilizzato da piccole imprese, punti vendita di servizi e ristoranti.<\/p>\n<p>I nuovi edifici saranno realizzati in due fasi. Nella prima fase saranno costruite case con 270 appartamenti, seguite da altri edifici con 100 appartamenti. Anche il vecchio edificio dell'ospedale sar\u00e0 riconvertito, e sono previsti altri 130 appartamenti. Un contratto di studio per questo progetto \u00e8 stato lanciato all'inizio di settembre.<\/p>\n<div class=\"page\" title=\"Pagina 4\">\n<div class=\"layoutArea\">\n<div class=\"column\">\n<p>L'ostello per rifugiati di Hegenheimerstrasse, un ex edificio per il personale, continuer\u00e0 a essere utilizzato dall'organizzazione di assistenza sociale di Basilea Citt\u00e0 per diversi anni, dopodich\u00e9 sar\u00e0 demolito. A differenza di quanto previsto inizialmente, il secondo edificio per il personale non sar\u00e0 riutilizzato. Wohnen &amp; mehr intende creare qui spazi abitativi per gli studenti nella seconda fase di costruzione.<\/p>\n<\/div>\n<\/div>\n<\/div>\n<div class=\"page\" title=\"Pagina 7\">\n<div class=\"layoutArea\">\n<div class=\"column\">\n<p>L'inizio della costruzione della prima fase \u00e8 previsto per l'estate 2019, subito dopo il trasferimento dell'ospedale Felix Platter. Gli appartamenti e gli spazi commerciali dovrebbero essere occupati a partire dal 2021\/2022. Nel frattempo, lo sviluppo \u00e8 stato <a href=\"https:\/\/www.wohnen-mehr.ch\/westfeld1\/westfeld\/\">\"Westfeld\"<\/a> ribattezzato. Secondo Wohnen &amp; mehr, il nuovo nome del sito di Felix Platter si riferisce al concetto urbanistico - la grande \"Scholle\" pubblica - e alla posizione geografica nella zona ovest di Basilea.<\/p>\n<div class=\"page\" title=\"Pagina 2\"><\/div>\n<\/div>\n<\/div>\n<\/div>","protected":false},"excerpt":{"rendered":"<p>Das Areal des Felix-Platter-Spitals in Basel wird zu einem Quartier entwickelt. Die Baugenossenschaft Wohnen &#038; mehr hat nun die konkreten Pl\u00e4ne vorgestellt.<\/p>","protected":false},"author":3,"featured_media":10121,"comment_status":"open","ping_status":"open","sticky":false,"template":"","format":"standard","meta":{"_acf_changed":false,"_yoast_wpseo_focuskw":"Platter","_yoast_wpseo_title":"","_yoast_wpseo_metadesc":"Das Areal des Felix-Platter-Spitals in Basel wird zu einem Quartier entwickelt. Die Baugenossenschaft Wohnen & mehr hat nun die konkreten Pl\u00e4ne vorgestellt.","_yoast_wpseo_linkdex":81,"pgc_sgb_lightbox_settings":"","footnotes":""},"categories":[985],"tags":[1069,1600,1800,1863],"class_list":["post-10100","post","type-post","status-publish","format-standard","has-post-thumbnail","hentry","category-regionen","tag-basel","tag-projekt-in-planung","tag-umnutzung","tag-wohnimmobilien"],"acf":[],"yoast_head":"<!-- This site is optimized with the Yoast SEO plugin v27.4 - https:\/\/yoast.com\/product\/yoast-seo-wordpress\/ -->\n<title>Basel: Wohnen &amp; mehr pr\u00e4sentiert Pl\u00e4ne f\u00fcr Felix-Platter-Areal - IMMOBILIEN Business<\/title>\n<meta name=\"description\" content=\"Das Areal des Felix-Platter-Spitals in Basel wird zu einem Quartier entwickelt. Die Baugenossenschaft Wohnen &amp; mehr hat nun die konkreten Pl\u00e4ne vorgestellt.\" \/>\n<meta name=\"robots\" content=\"index, follow, max-snippet:-1, max-image-preview:large, max-video-preview:-1\" \/>\n<link rel=\"canonical\" href=\"https:\/\/www.immobilienbusiness.ch\/it\/regionen\/2017-11-14\/basel-plaene-fuer-felix-platter-areal\/\" \/>\n<meta property=\"og:locale\" content=\"it_IT\" \/>\n<meta property=\"og:type\" content=\"article\" \/>\n<meta property=\"og:title\" content=\"Basel: Wohnen &amp; mehr pr\u00e4sentiert Pl\u00e4ne f\u00fcr Felix-Platter-Areal\" \/>\n<meta property=\"og:description\" content=\"Das Areal des Felix-Platter-Spitals in Basel wird zu einem Quartier entwickelt. Die Baugenossenschaft Wohnen &amp; mehr hat nun die konkreten Pl\u00e4ne vorgestellt.\" \/>\n<meta property=\"og:url\" content=\"https:\/\/www.immobilienbusiness.ch\/it\/regionen\/2017-11-14\/basel-plaene-fuer-felix-platter-areal\/\" \/>\n<meta property=\"og:site_name\" content=\"IMMOBILIEN Business\" \/>\n<meta property=\"article:publisher\" content=\"https:\/\/www.facebook.com\/immobilienbusiness\/\" \/>\n<meta property=\"article:published_time\" content=\"2017-11-14T08:06:33+00:00\" \/>\n<meta name=\"author\" content=\"anja.hall\" \/>\n<meta name=\"twitter:card\" content=\"summary_large_image\" \/>\n<meta name=\"twitter:title\" content=\"Basel: Wohnen &amp; mehr pr\u00e4sentiert Pl\u00e4ne f\u00fcr Felix-Platter-Areal\" \/>\n<meta name=\"twitter:description\" content=\"Das Areal des Felix-Platter-Spitals in Basel wird zu einem Quartier entwickelt. Die Baugenossenschaft Wohnen &amp; mehr hat nun die konkreten Pl\u00e4ne vorgestellt.\" \/>\n<meta name=\"twitter:image\" content=\"https:\/\/www.immobilienbusiness.ch\/wp-content\/uploads\/2017\/01\/Basel-Gr\u00fcnes-Licht-f\u00fcr-Umnutzung-des-Felix-Platter-Spitals-immobilien-business-680x510.jpg\" \/>\n<script type=\"application\/ld+json\" class=\"yoast-schema-graph\">{\"@context\":\"https:\\\/\\\/schema.org\",\"@graph\":[{\"@type\":\"Article\",\"@id\":\"https:\\\/\\\/www.immobilienbusiness.ch\\\/regionen\\\/2017-11-14\\\/basel-plaene-fuer-felix-platter-areal\\\/#article\",\"isPartOf\":{\"@id\":\"https:\\\/\\\/www.immobilienbusiness.ch\\\/regionen\\\/2017-11-14\\\/basel-plaene-fuer-felix-platter-areal\\\/\"},\"author\":{\"name\":\"anja.hall\",\"@id\":\"https:\\\/\\\/www.immobilienbusiness.ch\\\/#\\\/schema\\\/person\\\/3fc036297b10b9f42d6db5ee932af8c8\"},\"headline\":\"Basel: Wohnen &#038; mehr pr\u00e4sentiert Pl\u00e4ne f\u00fcr Felix-Platter-Areal\",\"datePublished\":\"2017-11-14T08:06:33+00:00\",\"mainEntityOfPage\":{\"@id\":\"https:\\\/\\\/www.immobilienbusiness.ch\\\/regionen\\\/2017-11-14\\\/basel-plaene-fuer-felix-platter-areal\\\/\"},\"wordCount\":266,\"commentCount\":0,\"publisher\":{\"@id\":\"https:\\\/\\\/www.immobilienbusiness.ch\\\/#organization\"},\"image\":{\"@id\":\"https:\\\/\\\/www.immobilienbusiness.ch\\\/regionen\\\/2017-11-14\\\/basel-plaene-fuer-felix-platter-areal\\\/#primaryimage\"},\"thumbnailUrl\":\"https:\\\/\\\/www.immobilienbusiness.ch\\\/wp-content\\\/uploads\\\/2017\\\/11\\\/IB-News-20171114-Basel-Gruenes-Licht-Umnutzung-Felix-Platter-Spital.png\",\"keywords\":[\"Basel\",\"Projekt in Planung\",\"Umnutzung\",\"Wohnimmobilien\"],\"articleSection\":[\"REGIONEN\"],\"inLanguage\":\"it-IT\"},{\"@type\":\"WebPage\",\"@id\":\"https:\\\/\\\/www.immobilienbusiness.ch\\\/regionen\\\/2017-11-14\\\/basel-plaene-fuer-felix-platter-areal\\\/\",\"url\":\"https:\\\/\\\/www.immobilienbusiness.ch\\\/regionen\\\/2017-11-14\\\/basel-plaene-fuer-felix-platter-areal\\\/\",\"name\":\"Basel: Wohnen & mehr pr\u00e4sentiert Pl\u00e4ne f\u00fcr Felix-Platter-Areal - IMMOBILIEN Business\",\"isPartOf\":{\"@id\":\"https:\\\/\\\/www.immobilienbusiness.ch\\\/#website\"},\"primaryImageOfPage\":{\"@id\":\"https:\\\/\\\/www.immobilienbusiness.ch\\\/regionen\\\/2017-11-14\\\/basel-plaene-fuer-felix-platter-areal\\\/#primaryimage\"},\"image\":{\"@id\":\"https:\\\/\\\/www.immobilienbusiness.ch\\\/regionen\\\/2017-11-14\\\/basel-plaene-fuer-felix-platter-areal\\\/#primaryimage\"},\"thumbnailUrl\":\"https:\\\/\\\/www.immobilienbusiness.ch\\\/wp-content\\\/uploads\\\/2017\\\/11\\\/IB-News-20171114-Basel-Gruenes-Licht-Umnutzung-Felix-Platter-Spital.png\",\"datePublished\":\"2017-11-14T08:06:33+00:00\",\"description\":\"Das Areal des Felix-Platter-Spitals in Basel wird zu einem Quartier entwickelt. Die Baugenossenschaft Wohnen & mehr hat nun die konkreten Pl\u00e4ne vorgestellt.\",\"breadcrumb\":{\"@id\":\"https:\\\/\\\/www.immobilienbusiness.ch\\\/regionen\\\/2017-11-14\\\/basel-plaene-fuer-felix-platter-areal\\\/#breadcrumb\"},\"inLanguage\":\"it-IT\",\"potentialAction\":[{\"@type\":\"ReadAction\",\"target\":[\"https:\\\/\\\/www.immobilienbusiness.ch\\\/regionen\\\/2017-11-14\\\/basel-plaene-fuer-felix-platter-areal\\\/\"]}]},{\"@type\":\"ImageObject\",\"inLanguage\":\"it-IT\",\"@id\":\"https:\\\/\\\/www.immobilienbusiness.ch\\\/regionen\\\/2017-11-14\\\/basel-plaene-fuer-felix-platter-areal\\\/#primaryimage\",\"url\":\"https:\\\/\\\/www.immobilienbusiness.ch\\\/wp-content\\\/uploads\\\/2017\\\/11\\\/IB-News-20171114-Basel-Gruenes-Licht-Umnutzung-Felix-Platter-Spital.png\",\"contentUrl\":\"https:\\\/\\\/www.immobilienbusiness.ch\\\/wp-content\\\/uploads\\\/2017\\\/11\\\/IB-News-20171114-Basel-Gruenes-Licht-Umnutzung-Felix-Platter-Spital.png\",\"width\":680,\"height\":454,\"caption\":\"Das Felix-Platter-Areal in Basel wird ab 2019 umgenutzt (Foto: Felix123 \u2013 Eigenes Werk, Gemeinfrei, Wikimedia Commons)\"},{\"@type\":\"BreadcrumbList\",\"@id\":\"https:\\\/\\\/www.immobilienbusiness.ch\\\/regionen\\\/2017-11-14\\\/basel-plaene-fuer-felix-platter-areal\\\/#breadcrumb\",\"itemListElement\":[{\"@type\":\"ListItem\",\"position\":1,\"name\":\"Home\",\"item\":\"https:\\\/\\\/www.immobilienbusiness.ch\\\/\"},{\"@type\":\"ListItem\",\"position\":2,\"name\":\"Basel: Wohnen &#038; mehr pr\u00e4sentiert Pl\u00e4ne f\u00fcr Felix-Platter-Areal\"}]},{\"@type\":\"WebSite\",\"@id\":\"https:\\\/\\\/www.immobilienbusiness.ch\\\/#website\",\"url\":\"https:\\\/\\\/www.immobilienbusiness.ch\\\/\",\"name\":\"IMMOBILIEN Business\",\"description\":\"Unabh\u00e4ngiges Schweizer Wirtschaftsmagazin mit Fokus auf Immobilien, Architektur- und Bau sowie Investment- und Finanzierung.\",\"publisher\":{\"@id\":\"https:\\\/\\\/www.immobilienbusiness.ch\\\/#organization\"},\"potentialAction\":[{\"@type\":\"SearchAction\",\"target\":{\"@type\":\"EntryPoint\",\"urlTemplate\":\"https:\\\/\\\/www.immobilienbusiness.ch\\\/?s={search_term_string}\"},\"query-input\":{\"@type\":\"PropertyValueSpecification\",\"valueRequired\":true,\"valueName\":\"search_term_string\"}}],\"inLanguage\":\"it-IT\"},{\"@type\":\"Organization\",\"@id\":\"https:\\\/\\\/www.immobilienbusiness.ch\\\/#organization\",\"name\":\"IMMOBILIEN Business\",\"url\":\"https:\\\/\\\/www.immobilienbusiness.ch\\\/\",\"logo\":{\"@type\":\"ImageObject\",\"inLanguage\":\"it-IT\",\"@id\":\"https:\\\/\\\/www.immobilienbusiness.ch\\\/#\\\/schema\\\/logo\\\/image\\\/\",\"url\":\"https:\\\/\\\/www.immobilienbusiness.ch\\\/wp-content\\\/uploads\\\/2021\\\/07\\\/logo_ib.png\",\"contentUrl\":\"https:\\\/\\\/www.immobilienbusiness.ch\\\/wp-content\\\/uploads\\\/2021\\\/07\\\/logo_ib.png\",\"width\":800,\"height\":181,\"caption\":\"IMMOBILIEN Business\"},\"image\":{\"@id\":\"https:\\\/\\\/www.immobilienbusiness.ch\\\/#\\\/schema\\\/logo\\\/image\\\/\"},\"sameAs\":[\"https:\\\/\\\/www.facebook.com\\\/immobilienbusiness\\\/\"]},{\"@type\":\"Person\",\"@id\":\"https:\\\/\\\/www.immobilienbusiness.ch\\\/#\\\/schema\\\/person\\\/3fc036297b10b9f42d6db5ee932af8c8\",\"name\":\"anja.hall\",\"image\":{\"@type\":\"ImageObject\",\"inLanguage\":\"it-IT\",\"@id\":\"https:\\\/\\\/secure.gravatar.com\\\/avatar\\\/066b5a0d447013502c71a5782f4f3469f03cfe595cc2329fb94652fe47511bfb?s=96&d=mm&r=g\",\"url\":\"https:\\\/\\\/secure.gravatar.com\\\/avatar\\\/066b5a0d447013502c71a5782f4f3469f03cfe595cc2329fb94652fe47511bfb?s=96&d=mm&r=g\",\"contentUrl\":\"https:\\\/\\\/secure.gravatar.com\\\/avatar\\\/066b5a0d447013502c71a5782f4f3469f03cfe595cc2329fb94652fe47511bfb?s=96&d=mm&r=g\",\"caption\":\"anja.hall\"},\"url\":\"https:\\\/\\\/www.immobilienbusiness.ch\\\/it\\\/author\\\/anja-hall\\\/\"}]}<\/script>\n<!-- \/ Yoast SEO plugin. -->","yoast_head_json":{"title":"Basel: Wohnen & mehr pr\u00e4sentiert Pl\u00e4ne f\u00fcr Felix-Platter-Areal - IMMOBILIEN Business","description":"Das Areal des Felix-Platter-Spitals in Basel wird zu einem Quartier entwickelt. Die Baugenossenschaft Wohnen & mehr hat nun die konkreten Pl\u00e4ne vorgestellt.","robots":{"index":"index","follow":"follow","max-snippet":"max-snippet:-1","max-image-preview":"max-image-preview:large","max-video-preview":"max-video-preview:-1"},"canonical":"https:\/\/www.immobilienbusiness.ch\/it\/regionen\/2017-11-14\/basel-plaene-fuer-felix-platter-areal\/","og_locale":"it_IT","og_type":"article","og_title":"Basel: Wohnen & mehr pr\u00e4sentiert Pl\u00e4ne f\u00fcr Felix-Platter-Areal","og_description":"Das Areal des Felix-Platter-Spitals in Basel wird zu einem Quartier entwickelt. Die Baugenossenschaft Wohnen & mehr hat nun die konkreten Pl\u00e4ne vorgestellt.","og_url":"https:\/\/www.immobilienbusiness.ch\/it\/regionen\/2017-11-14\/basel-plaene-fuer-felix-platter-areal\/","og_site_name":"IMMOBILIEN Business","article_publisher":"https:\/\/www.facebook.com\/immobilienbusiness\/","article_published_time":"2017-11-14T08:06:33+00:00","author":"anja.hall","twitter_card":"summary_large_image","twitter_title":"Basel: Wohnen & mehr pr\u00e4sentiert Pl\u00e4ne f\u00fcr Felix-Platter-Areal","twitter_description":"Das Areal des Felix-Platter-Spitals in Basel wird zu einem Quartier entwickelt. Die Baugenossenschaft Wohnen & mehr hat nun die konkreten Pl\u00e4ne vorgestellt.","twitter_image":"https:\/\/www.immobilienbusiness.ch\/wp-content\/uploads\/2017\/01\/Basel-Gr\u00fcnes-Licht-f\u00fcr-Umnutzung-des-Felix-Platter-Spitals-immobilien-business-680x510.jpg","schema":{"@context":"https:\/\/schema.org","@graph":[{"@type":"Article","@id":"https:\/\/www.immobilienbusiness.ch\/regionen\/2017-11-14\/basel-plaene-fuer-felix-platter-areal\/#article","isPartOf":{"@id":"https:\/\/www.immobilienbusiness.ch\/regionen\/2017-11-14\/basel-plaene-fuer-felix-platter-areal\/"},"author":{"name":"anja.hall","@id":"https:\/\/www.immobilienbusiness.ch\/#\/schema\/person\/3fc036297b10b9f42d6db5ee932af8c8"},"headline":"Basel: Wohnen &#038; mehr pr\u00e4sentiert Pl\u00e4ne f\u00fcr Felix-Platter-Areal","datePublished":"2017-11-14T08:06:33+00:00","mainEntityOfPage":{"@id":"https:\/\/www.immobilienbusiness.ch\/regionen\/2017-11-14\/basel-plaene-fuer-felix-platter-areal\/"},"wordCount":266,"commentCount":0,"publisher":{"@id":"https:\/\/www.immobilienbusiness.ch\/#organization"},"image":{"@id":"https:\/\/www.immobilienbusiness.ch\/regionen\/2017-11-14\/basel-plaene-fuer-felix-platter-areal\/#primaryimage"},"thumbnailUrl":"https:\/\/www.immobilienbusiness.ch\/wp-content\/uploads\/2017\/11\/IB-News-20171114-Basel-Gruenes-Licht-Umnutzung-Felix-Platter-Spital.png","keywords":["Basel","Projekt in Planung","Umnutzung","Wohnimmobilien"],"articleSection":["REGIONEN"],"inLanguage":"it-IT"},{"@type":"WebPage","@id":"https:\/\/www.immobilienbusiness.ch\/regionen\/2017-11-14\/basel-plaene-fuer-felix-platter-areal\/","url":"https:\/\/www.immobilienbusiness.ch\/regionen\/2017-11-14\/basel-plaene-fuer-felix-platter-areal\/","name":"Basel: Wohnen & mehr pr\u00e4sentiert Pl\u00e4ne f\u00fcr Felix-Platter-Areal - IMMOBILIEN Business","isPartOf":{"@id":"https:\/\/www.immobilienbusiness.ch\/#website"},"primaryImageOfPage":{"@id":"https:\/\/www.immobilienbusiness.ch\/regionen\/2017-11-14\/basel-plaene-fuer-felix-platter-areal\/#primaryimage"},"image":{"@id":"https:\/\/www.immobilienbusiness.ch\/regionen\/2017-11-14\/basel-plaene-fuer-felix-platter-areal\/#primaryimage"},"thumbnailUrl":"https:\/\/www.immobilienbusiness.ch\/wp-content\/uploads\/2017\/11\/IB-News-20171114-Basel-Gruenes-Licht-Umnutzung-Felix-Platter-Spital.png","datePublished":"2017-11-14T08:06:33+00:00","description":"Das Areal des Felix-Platter-Spitals in Basel wird zu einem Quartier entwickelt. Die Baugenossenschaft Wohnen & mehr hat nun die konkreten Pl\u00e4ne vorgestellt.","breadcrumb":{"@id":"https:\/\/www.immobilienbusiness.ch\/regionen\/2017-11-14\/basel-plaene-fuer-felix-platter-areal\/#breadcrumb"},"inLanguage":"it-IT","potentialAction":[{"@type":"ReadAction","target":["https:\/\/www.immobilienbusiness.ch\/regionen\/2017-11-14\/basel-plaene-fuer-felix-platter-areal\/"]}]},{"@type":"ImageObject","inLanguage":"it-IT","@id":"https:\/\/www.immobilienbusiness.ch\/regionen\/2017-11-14\/basel-plaene-fuer-felix-platter-areal\/#primaryimage","url":"https:\/\/www.immobilienbusiness.ch\/wp-content\/uploads\/2017\/11\/IB-News-20171114-Basel-Gruenes-Licht-Umnutzung-Felix-Platter-Spital.png","contentUrl":"https:\/\/www.immobilienbusiness.ch\/wp-content\/uploads\/2017\/11\/IB-News-20171114-Basel-Gruenes-Licht-Umnutzung-Felix-Platter-Spital.png","width":680,"height":454,"caption":"Das Felix-Platter-Areal in Basel wird ab 2019 umgenutzt (Foto: Felix123 \u2013 Eigenes Werk, Gemeinfrei, Wikimedia Commons)"},{"@type":"BreadcrumbList","@id":"https:\/\/www.immobilienbusiness.ch\/regionen\/2017-11-14\/basel-plaene-fuer-felix-platter-areal\/#breadcrumb","itemListElement":[{"@type":"ListItem","position":1,"name":"Home","item":"https:\/\/www.immobilienbusiness.ch\/"},{"@type":"ListItem","position":2,"name":"Basel: Wohnen &#038; mehr pr\u00e4sentiert Pl\u00e4ne f\u00fcr Felix-Platter-Areal"}]},{"@type":"WebSite","@id":"https:\/\/www.immobilienbusiness.ch\/#website","url":"https:\/\/www.immobilienbusiness.ch\/","name":"Affari immobiliari","description":"Rivista economica indipendente svizzera che si concentra sul settore immobiliare, l'architettura e la costruzione, nonch\u00e9 sugli investimenti e i finanziamenti.","publisher":{"@id":"https:\/\/www.immobilienbusiness.ch\/#organization"},"potentialAction":[{"@type":"SearchAction","target":{"@type":"EntryPoint","urlTemplate":"https:\/\/www.immobilienbusiness.ch\/?s={search_term_string}"},"query-input":{"@type":"PropertyValueSpecification","valueRequired":true,"valueName":"search_term_string"}}],"inLanguage":"it-IT"},{"@type":"Organization","@id":"https:\/\/www.immobilienbusiness.ch\/#organization","name":"Affari immobiliari","url":"https:\/\/www.immobilienbusiness.ch\/","logo":{"@type":"ImageObject","inLanguage":"it-IT","@id":"https:\/\/www.immobilienbusiness.ch\/#\/schema\/logo\/image\/","url":"https:\/\/www.immobilienbusiness.ch\/wp-content\/uploads\/2021\/07\/logo_ib.png","contentUrl":"https:\/\/www.immobilienbusiness.ch\/wp-content\/uploads\/2021\/07\/logo_ib.png","width":800,"height":181,"caption":"IMMOBILIEN Business"},"image":{"@id":"https:\/\/www.immobilienbusiness.ch\/#\/schema\/logo\/image\/"},"sameAs":["https:\/\/www.facebook.com\/immobilienbusiness\/"]},{"@type":"Person","@id":"https:\/\/www.immobilienbusiness.ch\/#\/schema\/person\/3fc036297b10b9f42d6db5ee932af8c8","name":"anja.hall","image":{"@type":"ImageObject","inLanguage":"it-IT","@id":"https:\/\/secure.gravatar.com\/avatar\/066b5a0d447013502c71a5782f4f3469f03cfe595cc2329fb94652fe47511bfb?s=96&d=mm&r=g","url":"https:\/\/secure.gravatar.com\/avatar\/066b5a0d447013502c71a5782f4f3469f03cfe595cc2329fb94652fe47511bfb?s=96&d=mm&r=g","contentUrl":"https:\/\/secure.gravatar.com\/avatar\/066b5a0d447013502c71a5782f4f3469f03cfe595cc2329fb94652fe47511bfb?s=96&d=mm&r=g","caption":"anja.hall"},"url":"https:\/\/www.immobilienbusiness.ch\/it\/author\/anja-hall\/"}]}},"_links":{"self":[{"href":"https:\/\/www.immobilienbusiness.ch\/it\/wp-json\/wp\/v2\/posts\/10100","targetHints":{"allow":["GET"]}}],"collection":[{"href":"https:\/\/www.immobilienbusiness.ch\/it\/wp-json\/wp\/v2\/posts"}],"about":[{"href":"https:\/\/www.immobilienbusiness.ch\/it\/wp-json\/wp\/v2\/types\/post"}],"author":[{"embeddable":true,"href":"https:\/\/www.immobilienbusiness.ch\/it\/wp-json\/wp\/v2\/users\/3"}],"replies":[{"embeddable":true,"href":"https:\/\/www.immobilienbusiness.ch\/it\/wp-json\/wp\/v2\/comments?post=10100"}],"version-history":[{"count":0,"href":"https:\/\/www.immobilienbusiness.ch\/it\/wp-json\/wp\/v2\/posts\/10100\/revisions"}],"wp:featuredmedia":[{"embeddable":true,"href":"https:\/\/www.immobilienbusiness.ch\/it\/wp-json\/wp\/v2\/media\/10121"}],"wp:attachment":[{"href":"https:\/\/www.immobilienbusiness.ch\/it\/wp-json\/wp\/v2\/media?parent=10100"}],"wp:term":[{"taxonomy":"category","embeddable":true,"href":"https:\/\/www.immobilienbusiness.ch\/it\/wp-json\/wp\/v2\/categories?post=10100"},{"taxonomy":"post_tag","embeddable":true,"href":"https:\/\/www.immobilienbusiness.ch\/it\/wp-json\/wp\/v2\/tags?post=10100"}],"curies":[{"name":"wp","href":"https:\/\/api.w.org\/{rel}","templated":true}]}}