{"id":9971,"date":"2017-11-07T08:15:00","date_gmt":"2017-11-07T07:15:00","guid":{"rendered":"https:\/\/www.immobilienbusiness.ch\/?p=9971"},"modified":"2017-11-07T08:15:00","modified_gmt":"2017-11-07T07:15:00","slug":"fundamenta-kapitalerhoehung-herbst-2017","status":"publish","type":"post","link":"https:\/\/www.immobilienbusiness.ch\/fr\/unternehmen\/2017-11-07\/fundamenta-kapitalerhoehung-herbst-2017\/","title":{"rendered":"Fundamenta : une augmentation de capital rapporte pr\u00e8s de 66 millions"},"content":{"rendered":"<figure id=\"attachment_9972\" aria-describedby=\"caption-attachment-9972\" style=\"width: 680px\" class=\"wp-caption alignnone\"><img loading=\"lazy\" decoding=\"async\" class=\"size-full wp-image-9972\" src=\"https:\/\/www.immobilienbusiness.ch\/wp-content\/uploads\/2017\/11\/IB-News-20171107-Fundamenta-Ergebnis-Kapitalerh\u00f6hung-Herbst-2017-c-Pixabay.jpg\" alt=\"\" width=\"680\" height=\"455\" \/><figcaption id=\"caption-attachment-9972\" class=\"wp-caption-text\">Fundamenta Real Estate AG a lev\u00e9 environ 65,8 millions de CHF gr\u00e2ce \u00e0 son augmentation de capital (Image : Pixabay)<\/figcaption><\/figure>\n<p>Selon l'entreprise, l'augmentation de capital a pu \u00eatre \"r\u00e9alis\u00e9e avec succ\u00e8s dans son volume maximal\" avec l'\u00e9mission de 4 730 880 nouvelles actions \u00e0 un prix de souscription de 14,50 CHF par action. La souscription des nouvelles actions s'est faite \u00e0 la fois dans le cadre d'une offre de droits de souscription et d'une prise ferme partielle. Dans le cadre de la reprise ferme partielle, des actionnaires existants ont notamment souscrit de nouvelles actions dans une large mesure. En outre, la soci\u00e9t\u00e9 a r\u00e9ussi \u00e0 \"\u00e9largir sa base d'actionnaires gr\u00e2ce \u00e0 de nouveaux investisseurs de renom\".<\/p>\n<p>Le produit net de l'augmentation de capital doit \u00eatre utilis\u00e9 pour l'acquisition d'autres placements immobiliers conform\u00e9ment au r\u00e8glement de placement, pour des investissements cibl\u00e9s en rapport avec le d\u00e9veloppement des immeubles existants ainsi que pour la consolidation de la structure du bilan.<\/p>\n<p>L'\u00e9mission a \u00e9t\u00e9 r\u00e9alis\u00e9e sous le chef de file de la Banque cantonale de Zurich (ZKB) et avec Fundamenta Group (Suisse) SA en tant que selling agent. Le premier jour de n\u00e9goce des nouvelles actions \u00e0 la BX Berne eXchange est pr\u00e9vu pour le 8 novembre 2017.<\/p>","protected":false},"excerpt":{"rendered":"<p>Fundamenta Real Estate AG a termin\u00e9 son augmentation de capital et a lev\u00e9 environ 65,8 millions de CHF en \u00e9mettant plus de 4,7 millions d'actions.<\/p>","protected":false},"author":4,"featured_media":9972,"comment_status":"open","ping_status":"open","sticky":false,"template":"","format":"standard","meta":{"_acf_changed":false,"_yoast_wpseo_focuskw":"Fundamenta","_yoast_wpseo_title":"","_yoast_wpseo_metadesc":"Die Fundamenta Real Estate AG hat ihre Kapitalerh\u00f6hung abgeschlossen und mit der Ausgabe von \u00fcber 4,7 Millionen Aktien rund 65,8 Millionen CHF eingenommen.","_yoast_wpseo_linkdex":58,"pgc_sgb_lightbox_settings":"","footnotes":""},"categories":[988],"tags":[1252,1412,1807,1884],"class_list":["post-9971","post","type-post","status-publish","format-standard","has-post-thumbnail","hentry","category-unternehmen","tag-fundamenta","tag-kapitalerhoehung","tag-unternehmen","tag-zug"],"acf":[],"yoast_head":"<!-- This site is optimized with the Yoast SEO plugin v27.4 - https:\/\/yoast.com\/product\/yoast-seo-wordpress\/ -->\n<title>Fundamenta: Kapitalerh\u00f6hung bringt knapp 66 Millionen - IMMOBILIEN Business<\/title>\n<meta name=\"description\" content=\"Die Fundamenta Real Estate AG hat ihre Kapitalerh\u00f6hung abgeschlossen und mit der Ausgabe von \u00fcber 4,7 Millionen Aktien rund 65,8 Millionen CHF eingenommen.\" \/>\n<meta name=\"robots\" content=\"index, follow, max-snippet:-1, max-image-preview:large, max-video-preview:-1\" \/>\n<link rel=\"canonical\" href=\"https:\/\/www.immobilienbusiness.ch\/fr\/unternehmen\/2017-11-07\/fundamenta-kapitalerhoehung-herbst-2017\/\" \/>\n<meta property=\"og:locale\" content=\"fr_FR\" \/>\n<meta property=\"og:type\" content=\"article\" \/>\n<meta property=\"og:title\" content=\"Fundamenta: Kapitalerh\u00f6hung bringt knapp 66 Millionen\" \/>\n<meta property=\"og:description\" content=\"Die Fundamenta Real Estate AG hat ihre Kapitalerh\u00f6hung abgeschlossen und mit der Ausgabe von \u00fcber 4,7 Millionen Aktien rund 65,8 Millionen CHF eingenommen.\" \/>\n<meta property=\"og:url\" content=\"https:\/\/www.immobilienbusiness.ch\/fr\/unternehmen\/2017-11-07\/fundamenta-kapitalerhoehung-herbst-2017\/\" \/>\n<meta property=\"og:site_name\" content=\"IMMOBILIEN Business\" \/>\n<meta property=\"article:publisher\" content=\"https:\/\/www.facebook.com\/immobilienbusiness\/\" \/>\n<meta property=\"article:published_time\" content=\"2017-11-07T07:15:00+00:00\" \/>\n<meta property=\"og:image\" content=\"https:\/\/www.immobilienbusiness.ch\/wp-content\/uploads\/2017\/11\/IB-News-20171107-Fundamenta-Ergebnis-Kapitalerhoehung-Herbst-2017-c-Pixabay.jpg\" \/>\n\t<meta property=\"og:image:width\" content=\"680\" \/>\n\t<meta property=\"og:image:height\" content=\"455\" \/>\n\t<meta property=\"og:image:type\" content=\"image\/jpeg\" \/>\n<meta name=\"author\" content=\"mathias.rinka\" \/>\n<meta name=\"twitter:card\" content=\"summary_large_image\" \/>\n<meta name=\"twitter:title\" content=\"Fundamenta: Kapitalerh\u00f6hung bringt knapp 66 Millionen\" \/>\n<meta name=\"twitter:description\" content=\"Die Fundamenta Real Estate AG hat ihre Kapitalerh\u00f6hung abgeschlossen und mit der Ausgabe von \u00fcber 4,7 Millionen Aktien rund 65,8 Millionen CHF eingenommen.\" \/>\n<script type=\"application\/ld+json\" class=\"yoast-schema-graph\">{\"@context\":\"https:\\\/\\\/schema.org\",\"@graph\":[{\"@type\":\"Article\",\"@id\":\"https:\\\/\\\/www.immobilienbusiness.ch\\\/de\\\/unternehmen\\\/2017-11-07\\\/fundamenta-kapitalerhoehung-herbst-2017\\\/#article\",\"isPartOf\":{\"@id\":\"https:\\\/\\\/www.immobilienbusiness.ch\\\/de\\\/unternehmen\\\/2017-11-07\\\/fundamenta-kapitalerhoehung-herbst-2017\\\/\"},\"author\":{\"name\":\"mathias.rinka\",\"@id\":\"https:\\\/\\\/www.immobilienbusiness.ch\\\/#\\\/schema\\\/person\\\/31be7383261ea656cfe52cad71fdc211\"},\"headline\":\"Fundamenta: Kapitalerh\u00f6hung bringt knapp 66 Millionen\",\"datePublished\":\"2017-11-07T07:15:00+00:00\",\"mainEntityOfPage\":{\"@id\":\"https:\\\/\\\/www.immobilienbusiness.ch\\\/de\\\/unternehmen\\\/2017-11-07\\\/fundamenta-kapitalerhoehung-herbst-2017\\\/\"},\"wordCount\":181,\"commentCount\":0,\"publisher\":{\"@id\":\"https:\\\/\\\/www.immobilienbusiness.ch\\\/#organization\"},\"image\":{\"@id\":\"https:\\\/\\\/www.immobilienbusiness.ch\\\/de\\\/unternehmen\\\/2017-11-07\\\/fundamenta-kapitalerhoehung-herbst-2017\\\/#primaryimage\"},\"thumbnailUrl\":\"https:\\\/\\\/www.immobilienbusiness.ch\\\/wp-content\\\/uploads\\\/2017\\\/11\\\/IB-News-20171107-Fundamenta-Ergebnis-Kapitalerhoehung-Herbst-2017-c-Pixabay.jpg\",\"keywords\":[\"Fundamenta\",\"Kapitalerh\u00f6hung\",\"Unternehmen\",\"Zug\"],\"articleSection\":[\"UNTERNEHMEN\"],\"inLanguage\":\"fr-FR\"},{\"@type\":\"WebPage\",\"@id\":\"https:\\\/\\\/www.immobilienbusiness.ch\\\/de\\\/unternehmen\\\/2017-11-07\\\/fundamenta-kapitalerhoehung-herbst-2017\\\/\",\"url\":\"https:\\\/\\\/www.immobilienbusiness.ch\\\/de\\\/unternehmen\\\/2017-11-07\\\/fundamenta-kapitalerhoehung-herbst-2017\\\/\",\"name\":\"Fundamenta: Kapitalerh\u00f6hung bringt knapp 66 Millionen - IMMOBILIEN Business\",\"isPartOf\":{\"@id\":\"https:\\\/\\\/www.immobilienbusiness.ch\\\/#website\"},\"primaryImageOfPage\":{\"@id\":\"https:\\\/\\\/www.immobilienbusiness.ch\\\/de\\\/unternehmen\\\/2017-11-07\\\/fundamenta-kapitalerhoehung-herbst-2017\\\/#primaryimage\"},\"image\":{\"@id\":\"https:\\\/\\\/www.immobilienbusiness.ch\\\/de\\\/unternehmen\\\/2017-11-07\\\/fundamenta-kapitalerhoehung-herbst-2017\\\/#primaryimage\"},\"thumbnailUrl\":\"https:\\\/\\\/www.immobilienbusiness.ch\\\/wp-content\\\/uploads\\\/2017\\\/11\\\/IB-News-20171107-Fundamenta-Ergebnis-Kapitalerhoehung-Herbst-2017-c-Pixabay.jpg\",\"datePublished\":\"2017-11-07T07:15:00+00:00\",\"description\":\"Die Fundamenta Real Estate AG hat ihre Kapitalerh\u00f6hung abgeschlossen und mit der Ausgabe von \u00fcber 4,7 Millionen Aktien rund 65,8 Millionen CHF eingenommen.\",\"breadcrumb\":{\"@id\":\"https:\\\/\\\/www.immobilienbusiness.ch\\\/de\\\/unternehmen\\\/2017-11-07\\\/fundamenta-kapitalerhoehung-herbst-2017\\\/#breadcrumb\"},\"inLanguage\":\"fr-FR\",\"potentialAction\":[{\"@type\":\"ReadAction\",\"target\":[\"https:\\\/\\\/www.immobilienbusiness.ch\\\/de\\\/unternehmen\\\/2017-11-07\\\/fundamenta-kapitalerhoehung-herbst-2017\\\/\"]}]},{\"@type\":\"ImageObject\",\"inLanguage\":\"fr-FR\",\"@id\":\"https:\\\/\\\/www.immobilienbusiness.ch\\\/de\\\/unternehmen\\\/2017-11-07\\\/fundamenta-kapitalerhoehung-herbst-2017\\\/#primaryimage\",\"url\":\"https:\\\/\\\/www.immobilienbusiness.ch\\\/wp-content\\\/uploads\\\/2017\\\/11\\\/IB-News-20171107-Fundamenta-Ergebnis-Kapitalerhoehung-Herbst-2017-c-Pixabay.jpg\",\"contentUrl\":\"https:\\\/\\\/www.immobilienbusiness.ch\\\/wp-content\\\/uploads\\\/2017\\\/11\\\/IB-News-20171107-Fundamenta-Ergebnis-Kapitalerhoehung-Herbst-2017-c-Pixabay.jpg\",\"width\":680,\"height\":455,\"caption\":\"Die Fundamenta Real Estate AG hat mit ihrer Kapitalerh\u00f6hung rund 65,8 Millionen CHF eingenommen (Bild: Pixabay)\"},{\"@type\":\"BreadcrumbList\",\"@id\":\"https:\\\/\\\/www.immobilienbusiness.ch\\\/de\\\/unternehmen\\\/2017-11-07\\\/fundamenta-kapitalerhoehung-herbst-2017\\\/#breadcrumb\",\"itemListElement\":[{\"@type\":\"ListItem\",\"position\":1,\"name\":\"Home\",\"item\":\"https:\\\/\\\/www.immobilienbusiness.ch\\\/\"},{\"@type\":\"ListItem\",\"position\":2,\"name\":\"Fundamenta: Kapitalerh\u00f6hung bringt knapp 66 Millionen\"}]},{\"@type\":\"WebSite\",\"@id\":\"https:\\\/\\\/www.immobilienbusiness.ch\\\/#website\",\"url\":\"https:\\\/\\\/www.immobilienbusiness.ch\\\/\",\"name\":\"IMMOBILIEN Business\",\"description\":\"Unabh\u00e4ngiges Schweizer Wirtschaftsmagazin mit Fokus auf Immobilien, Architektur- und Bau sowie Investment- und Finanzierung.\",\"publisher\":{\"@id\":\"https:\\\/\\\/www.immobilienbusiness.ch\\\/#organization\"},\"potentialAction\":[{\"@type\":\"SearchAction\",\"target\":{\"@type\":\"EntryPoint\",\"urlTemplate\":\"https:\\\/\\\/www.immobilienbusiness.ch\\\/?s={search_term_string}\"},\"query-input\":{\"@type\":\"PropertyValueSpecification\",\"valueRequired\":true,\"valueName\":\"search_term_string\"}}],\"inLanguage\":\"fr-FR\"},{\"@type\":\"Organization\",\"@id\":\"https:\\\/\\\/www.immobilienbusiness.ch\\\/#organization\",\"name\":\"IMMOBILIEN Business\",\"url\":\"https:\\\/\\\/www.immobilienbusiness.ch\\\/\",\"logo\":{\"@type\":\"ImageObject\",\"inLanguage\":\"fr-FR\",\"@id\":\"https:\\\/\\\/www.immobilienbusiness.ch\\\/#\\\/schema\\\/logo\\\/image\\\/\",\"url\":\"https:\\\/\\\/www.immobilienbusiness.ch\\\/wp-content\\\/uploads\\\/2021\\\/07\\\/logo_ib.png\",\"contentUrl\":\"https:\\\/\\\/www.immobilienbusiness.ch\\\/wp-content\\\/uploads\\\/2021\\\/07\\\/logo_ib.png\",\"width\":800,\"height\":181,\"caption\":\"IMMOBILIEN Business\"},\"image\":{\"@id\":\"https:\\\/\\\/www.immobilienbusiness.ch\\\/#\\\/schema\\\/logo\\\/image\\\/\"},\"sameAs\":[\"https:\\\/\\\/www.facebook.com\\\/immobilienbusiness\\\/\"]},{\"@type\":\"Person\",\"@id\":\"https:\\\/\\\/www.immobilienbusiness.ch\\\/#\\\/schema\\\/person\\\/31be7383261ea656cfe52cad71fdc211\",\"name\":\"mathias.rinka\",\"image\":{\"@type\":\"ImageObject\",\"inLanguage\":\"fr-FR\",\"@id\":\"https:\\\/\\\/secure.gravatar.com\\\/avatar\\\/?s=96&d=mm&r=g\",\"url\":\"https:\\\/\\\/secure.gravatar.com\\\/avatar\\\/?s=96&d=mm&r=g\",\"contentUrl\":\"https:\\\/\\\/secure.gravatar.com\\\/avatar\\\/?s=96&d=mm&r=g\",\"caption\":\"mathias.rinka\"},\"url\":\"https:\\\/\\\/www.immobilienbusiness.ch\\\/fr\\\/author\\\/mathias-rinka\\\/\"}]}<\/script>\n<!-- \/ Yoast SEO plugin. -->","yoast_head_json":{"title":"Fundamenta: Kapitalerh\u00f6hung bringt knapp 66 Millionen - IMMOBILIEN Business","description":"Fundamenta Real Estate AG a termin\u00e9 son augmentation de capital et a lev\u00e9 environ 65,8 millions de CHF en \u00e9mettant plus de 4,7 millions d'actions.","robots":{"index":"index","follow":"follow","max-snippet":"max-snippet:-1","max-image-preview":"max-image-preview:large","max-video-preview":"max-video-preview:-1"},"canonical":"https:\/\/www.immobilienbusiness.ch\/fr\/unternehmen\/2017-11-07\/fundamenta-kapitalerhoehung-herbst-2017\/","og_locale":"fr_FR","og_type":"article","og_title":"Fundamenta: Kapitalerh\u00f6hung bringt knapp 66 Millionen","og_description":"Die Fundamenta Real Estate AG hat ihre Kapitalerh\u00f6hung abgeschlossen und mit der Ausgabe von \u00fcber 4,7 Millionen Aktien rund 65,8 Millionen CHF eingenommen.","og_url":"https:\/\/www.immobilienbusiness.ch\/fr\/unternehmen\/2017-11-07\/fundamenta-kapitalerhoehung-herbst-2017\/","og_site_name":"IMMOBILIEN Business","article_publisher":"https:\/\/www.facebook.com\/immobilienbusiness\/","article_published_time":"2017-11-07T07:15:00+00:00","og_image":[{"width":680,"height":455,"url":"https:\/\/www.immobilienbusiness.ch\/wp-content\/uploads\/2017\/11\/IB-News-20171107-Fundamenta-Ergebnis-Kapitalerhoehung-Herbst-2017-c-Pixabay.jpg","type":"image\/jpeg"}],"author":"mathias.rinka","twitter_card":"summary_large_image","twitter_title":"Fundamenta: Kapitalerh\u00f6hung bringt knapp 66 Millionen","twitter_description":"Die Fundamenta Real Estate AG hat ihre Kapitalerh\u00f6hung abgeschlossen und mit der Ausgabe von \u00fcber 4,7 Millionen Aktien rund 65,8 Millionen CHF eingenommen.","schema":{"@context":"https:\/\/schema.org","@graph":[{"@type":"Article","@id":"https:\/\/www.immobilienbusiness.ch\/de\/unternehmen\/2017-11-07\/fundamenta-kapitalerhoehung-herbst-2017\/#article","isPartOf":{"@id":"https:\/\/www.immobilienbusiness.ch\/de\/unternehmen\/2017-11-07\/fundamenta-kapitalerhoehung-herbst-2017\/"},"author":{"name":"mathias.rinka","@id":"https:\/\/www.immobilienbusiness.ch\/#\/schema\/person\/31be7383261ea656cfe52cad71fdc211"},"headline":"Fundamenta: Kapitalerh\u00f6hung bringt knapp 66 Millionen","datePublished":"2017-11-07T07:15:00+00:00","mainEntityOfPage":{"@id":"https:\/\/www.immobilienbusiness.ch\/de\/unternehmen\/2017-11-07\/fundamenta-kapitalerhoehung-herbst-2017\/"},"wordCount":181,"commentCount":0,"publisher":{"@id":"https:\/\/www.immobilienbusiness.ch\/#organization"},"image":{"@id":"https:\/\/www.immobilienbusiness.ch\/de\/unternehmen\/2017-11-07\/fundamenta-kapitalerhoehung-herbst-2017\/#primaryimage"},"thumbnailUrl":"https:\/\/www.immobilienbusiness.ch\/wp-content\/uploads\/2017\/11\/IB-News-20171107-Fundamenta-Ergebnis-Kapitalerhoehung-Herbst-2017-c-Pixabay.jpg","keywords":["Fundamenta","Kapitalerh\u00f6hung","Unternehmen","Zug"],"articleSection":["UNTERNEHMEN"],"inLanguage":"fr-FR"},{"@type":"WebPage","@id":"https:\/\/www.immobilienbusiness.ch\/de\/unternehmen\/2017-11-07\/fundamenta-kapitalerhoehung-herbst-2017\/","url":"https:\/\/www.immobilienbusiness.ch\/de\/unternehmen\/2017-11-07\/fundamenta-kapitalerhoehung-herbst-2017\/","name":"Fundamenta: Kapitalerh\u00f6hung bringt knapp 66 Millionen - IMMOBILIEN Business","isPartOf":{"@id":"https:\/\/www.immobilienbusiness.ch\/#website"},"primaryImageOfPage":{"@id":"https:\/\/www.immobilienbusiness.ch\/de\/unternehmen\/2017-11-07\/fundamenta-kapitalerhoehung-herbst-2017\/#primaryimage"},"image":{"@id":"https:\/\/www.immobilienbusiness.ch\/de\/unternehmen\/2017-11-07\/fundamenta-kapitalerhoehung-herbst-2017\/#primaryimage"},"thumbnailUrl":"https:\/\/www.immobilienbusiness.ch\/wp-content\/uploads\/2017\/11\/IB-News-20171107-Fundamenta-Ergebnis-Kapitalerhoehung-Herbst-2017-c-Pixabay.jpg","datePublished":"2017-11-07T07:15:00+00:00","description":"Fundamenta Real Estate AG a termin\u00e9 son augmentation de capital et a lev\u00e9 environ 65,8 millions de CHF en \u00e9mettant plus de 4,7 millions d'actions.","breadcrumb":{"@id":"https:\/\/www.immobilienbusiness.ch\/de\/unternehmen\/2017-11-07\/fundamenta-kapitalerhoehung-herbst-2017\/#breadcrumb"},"inLanguage":"fr-FR","potentialAction":[{"@type":"ReadAction","target":["https:\/\/www.immobilienbusiness.ch\/de\/unternehmen\/2017-11-07\/fundamenta-kapitalerhoehung-herbst-2017\/"]}]},{"@type":"ImageObject","inLanguage":"fr-FR","@id":"https:\/\/www.immobilienbusiness.ch\/de\/unternehmen\/2017-11-07\/fundamenta-kapitalerhoehung-herbst-2017\/#primaryimage","url":"https:\/\/www.immobilienbusiness.ch\/wp-content\/uploads\/2017\/11\/IB-News-20171107-Fundamenta-Ergebnis-Kapitalerhoehung-Herbst-2017-c-Pixabay.jpg","contentUrl":"https:\/\/www.immobilienbusiness.ch\/wp-content\/uploads\/2017\/11\/IB-News-20171107-Fundamenta-Ergebnis-Kapitalerhoehung-Herbst-2017-c-Pixabay.jpg","width":680,"height":455,"caption":"Die Fundamenta Real Estate AG hat mit ihrer Kapitalerh\u00f6hung rund 65,8 Millionen CHF eingenommen (Bild: Pixabay)"},{"@type":"BreadcrumbList","@id":"https:\/\/www.immobilienbusiness.ch\/de\/unternehmen\/2017-11-07\/fundamenta-kapitalerhoehung-herbst-2017\/#breadcrumb","itemListElement":[{"@type":"ListItem","position":1,"name":"Home","item":"https:\/\/www.immobilienbusiness.ch\/"},{"@type":"ListItem","position":2,"name":"Fundamenta: Kapitalerh\u00f6hung bringt knapp 66 Millionen"}]},{"@type":"WebSite","@id":"https:\/\/www.immobilienbusiness.ch\/#website","url":"https:\/\/www.immobilienbusiness.ch\/","name":"IMMOBILIER Business","description":"Magazine \u00e9conomique suisse ind\u00e9pendant ax\u00e9 sur l'immobilier, l'architecture et la construction ainsi que sur les investissements et le financement.","publisher":{"@id":"https:\/\/www.immobilienbusiness.ch\/#organization"},"potentialAction":[{"@type":"SearchAction","target":{"@type":"EntryPoint","urlTemplate":"https:\/\/www.immobilienbusiness.ch\/?s={search_term_string}"},"query-input":{"@type":"PropertyValueSpecification","valueRequired":true,"valueName":"search_term_string"}}],"inLanguage":"fr-FR"},{"@type":"Organization","@id":"https:\/\/www.immobilienbusiness.ch\/#organization","name":"IMMOBILIER Business","url":"https:\/\/www.immobilienbusiness.ch\/","logo":{"@type":"ImageObject","inLanguage":"fr-FR","@id":"https:\/\/www.immobilienbusiness.ch\/#\/schema\/logo\/image\/","url":"https:\/\/www.immobilienbusiness.ch\/wp-content\/uploads\/2021\/07\/logo_ib.png","contentUrl":"https:\/\/www.immobilienbusiness.ch\/wp-content\/uploads\/2021\/07\/logo_ib.png","width":800,"height":181,"caption":"IMMOBILIEN Business"},"image":{"@id":"https:\/\/www.immobilienbusiness.ch\/#\/schema\/logo\/image\/"},"sameAs":["https:\/\/www.facebook.com\/immobilienbusiness\/"]},{"@type":"Person","@id":"https:\/\/www.immobilienbusiness.ch\/#\/schema\/person\/31be7383261ea656cfe52cad71fdc211","name":"mathias.rinka","image":{"@type":"ImageObject","inLanguage":"fr-FR","@id":"https:\/\/secure.gravatar.com\/avatar\/?s=96&d=mm&r=g","url":"https:\/\/secure.gravatar.com\/avatar\/?s=96&d=mm&r=g","contentUrl":"https:\/\/secure.gravatar.com\/avatar\/?s=96&d=mm&r=g","caption":"mathias.rinka"},"url":"https:\/\/www.immobilienbusiness.ch\/fr\/author\/mathias-rinka\/"}]}},"_links":{"self":[{"href":"https:\/\/www.immobilienbusiness.ch\/fr\/wp-json\/wp\/v2\/posts\/9971","targetHints":{"allow":["GET"]}}],"collection":[{"href":"https:\/\/www.immobilienbusiness.ch\/fr\/wp-json\/wp\/v2\/posts"}],"about":[{"href":"https:\/\/www.immobilienbusiness.ch\/fr\/wp-json\/wp\/v2\/types\/post"}],"author":[{"embeddable":true,"href":"https:\/\/www.immobilienbusiness.ch\/fr\/wp-json\/wp\/v2\/users\/4"}],"replies":[{"embeddable":true,"href":"https:\/\/www.immobilienbusiness.ch\/fr\/wp-json\/wp\/v2\/comments?post=9971"}],"version-history":[{"count":0,"href":"https:\/\/www.immobilienbusiness.ch\/fr\/wp-json\/wp\/v2\/posts\/9971\/revisions"}],"wp:featuredmedia":[{"embeddable":true,"href":"https:\/\/www.immobilienbusiness.ch\/fr\/wp-json\/wp\/v2\/media\/9972"}],"wp:attachment":[{"href":"https:\/\/www.immobilienbusiness.ch\/fr\/wp-json\/wp\/v2\/media?parent=9971"}],"wp:term":[{"taxonomy":"category","embeddable":true,"href":"https:\/\/www.immobilienbusiness.ch\/fr\/wp-json\/wp\/v2\/categories?post=9971"},{"taxonomy":"post_tag","embeddable":true,"href":"https:\/\/www.immobilienbusiness.ch\/fr\/wp-json\/wp\/v2\/tags?post=9971"}],"curies":[{"name":"wp","href":"https:\/\/api.w.org\/{rel}","templated":true}]}}