{"id":974,"date":"2015-10-07T09:15:37","date_gmt":"2015-10-07T07:15:37","guid":{"rendered":"http:\/\/dev.immobilienbusiness.ch\/?p=974"},"modified":"2015-10-07T09:15:37","modified_gmt":"2015-10-07T07:15:37","slug":"mobimo-beteiligt-sich-an-drei","status":"publish","type":"post","link":"https:\/\/www.immobilienbusiness.ch\/fr\/unternehmen\/2015-10-07\/mobimo-beteiligt-sich-an-drei\/","title":{"rendered":"Mobimo prend une participation dans DREI"},"content":{"rendered":"<p><img loading=\"lazy\" decoding=\"async\" class=\"alignnone wp-image-4908 size-medium\" src=\"https:\/\/immobilienbusiness.ch\/wp-content\/uploads\/2015\/10\/Mobimo-beteiligt-sich-an-DREI-immobilien-business.jpg\" width=\"680\" height=\"452\" srcset=\"https:\/\/www.immobilienbusiness.ch\/wp-content\/uploads\/2015\/10\/Mobimo-beteiligt-sich-an-DREI-immobilien-business.jpg 1280w, https:\/\/www.immobilienbusiness.ch\/wp-content\/uploads\/2015\/10\/Mobimo-beteiligt-sich-an-DREI-immobilien-business-300x199.jpg 300w, https:\/\/www.immobilienbusiness.ch\/wp-content\/uploads\/2015\/10\/Mobimo-beteiligt-sich-an-DREI-immobilien-business-1024x680.jpg 1024w, https:\/\/www.immobilienbusiness.ch\/wp-content\/uploads\/2015\/10\/Mobimo-beteiligt-sich-an-DREI-immobilien-business-768x510.jpg 768w, https:\/\/www.immobilienbusiness.ch\/wp-content\/uploads\/2015\/10\/Mobimo-beteiligt-sich-an-DREI-immobilien-business-16x12.jpg 16w, https:\/\/www.immobilienbusiness.ch\/wp-content\/uploads\/2015\/10\/Mobimo-beteiligt-sich-an-DREI-immobilien-business-264x175.jpg 264w, https:\/\/www.immobilienbusiness.ch\/wp-content\/uploads\/2015\/10\/Mobimo-beteiligt-sich-an-DREI-immobilien-business-527x350.jpg 527w, https:\/\/www.immobilienbusiness.ch\/wp-content\/uploads\/2015\/10\/Mobimo-beteiligt-sich-an-DREI-immobilien-business-1205x800.jpg 1205w, https:\/\/www.immobilienbusiness.ch\/wp-content\/uploads\/2015\/10\/Mobimo-beteiligt-sich-an-DREI-immobilien-business-920x611.jpg 920w\" sizes=\"auto, (max-width: 680px) 100vw, 680px\" \/><\/p>\n<p>Dual investit dans des immeubles d'habitation et des immeubles \u00e0 usage mixte dans le segment des loyers bas et moyens dans le canton de Gen\u00e8ve. Les revenus locatifs proviennent \u00e0 82 pour cent d'affectations r\u00e9sidentielles, les immeubles repr\u00e9sentent une valeur v\u00e9nale estim\u00e9e \u00e0 244 millions de CHF, \u00e9crit Mobimo dans un communiqu\u00e9. Avec l'acquisition de cette participation, 29 immeubles \u00e0 Gen\u00e8ve viennent s'ajouter au portefeuille de Mobimo.<\/p>\n<p>Le prix d'achat s'\u00e9l\u00e8ve \u00e0 environ 65 millions de CHF et sera financ\u00e9 par des fonds libres. M\u00eame apr\u00e8s l'achat de la participation, la part de fonds propres de Mobimo restera sup\u00e9rieure au seuil strat\u00e9gique minimal de 40 pour cent, ajoute le communiqu\u00e9. L'ex\u00e9cution du contrat d'achat et la fixation d\u00e9finitive du prix d'achat d\u00e9pendent de certaines conditions r\u00e9glementaires. (ah)<\/p>","protected":false},"excerpt":{"rendered":"<p>Mobimo Holding AG acquiert une participation majoritaire dans Dual Real Estate Investment AG (DREI). Cette participation \u00e9tait jusqu'\u00e0 pr\u00e9sent entre les mains de Dual Holding SA Fribourg. Avec cet achat, Mobimo fait son entr\u00e9e sur le march\u00e9 immobilier genevois et renforce sa position en Suisse romande.<\/p>","protected":false},"author":1,"featured_media":4908,"comment_status":"open","ping_status":"open","sticky":false,"template":"","format":"standard","meta":{"_acf_changed":false,"_yoast_wpseo_focuskw":"Mobimo Immobilienbeteiligung","_yoast_wpseo_title":"Mobimo: Beteiligung an 29 Immobilien in Genf","_yoast_wpseo_metadesc":"Mobimo investiert in Wohn- und Mischnutzungs-Immobilien im Kanton Genf. Die Beteiligung umfasst 29 Objekte mit einem Wert von 244 Mio. CHF.","_yoast_wpseo_linkdex":56,"pgc_sgb_lightbox_settings":"","footnotes":""},"categories":[988],"tags":[1807],"class_list":["post-974","post","type-post","status-publish","format-standard","has-post-thumbnail","hentry","category-unternehmen","tag-unternehmen"],"acf":[],"yoast_head":"<!-- This site is optimized with the Yoast SEO plugin v27.4 - https:\/\/yoast.com\/product\/yoast-seo-wordpress\/ -->\n<title>Mobimo: Beteiligung an 29 Immobilien in Genf<\/title>\n<meta name=\"description\" content=\"Mobimo investiert in Wohn- und Mischnutzungs-Immobilien im Kanton Genf. Die Beteiligung umfasst 29 Objekte mit einem Wert von 244 Mio. CHF.\" \/>\n<meta name=\"robots\" content=\"index, follow, max-snippet:-1, max-image-preview:large, max-video-preview:-1\" \/>\n<link rel=\"canonical\" href=\"https:\/\/www.immobilienbusiness.ch\/fr\/unternehmen\/2015-10-07\/mobimo-beteiligt-sich-an-drei\/\" \/>\n<meta property=\"og:locale\" content=\"fr_FR\" \/>\n<meta property=\"og:type\" content=\"article\" \/>\n<meta property=\"og:title\" content=\"Mobimo beteiligt sich an DREI\" \/>\n<meta property=\"og:description\" content=\"Die Mobimo Holding AG erwirbt eine Mehrheitsbeteiligung an der Dual Real Estate Investment AG (DREI). Die Beteiligung lag bisher in H\u00e4nden der Dual Holding SA Fribourg. Mit diesem Kauf tritt Mobimo in den Genfer Immobilienmarkt ein und baut ihre Position in der Westschweiz weiter aus.\" \/>\n<meta property=\"og:url\" content=\"https:\/\/www.immobilienbusiness.ch\/fr\/unternehmen\/2015-10-07\/mobimo-beteiligt-sich-an-drei\/\" \/>\n<meta property=\"og:site_name\" content=\"IMMOBILIEN Business\" \/>\n<meta property=\"article:publisher\" content=\"https:\/\/www.facebook.com\/immobilienbusiness\/\" \/>\n<meta property=\"article:published_time\" content=\"2015-10-07T07:15:37+00:00\" \/>\n<meta name=\"author\" content=\"Redaktion\" \/>\n<meta name=\"twitter:card\" content=\"summary_large_image\" \/>\n<meta name=\"twitter:image\" content=\"https:\/\/www.immobilienbusiness.ch\/wp-content\/uploads\/2015\/10\/Mobimo-beteiligt-sich-an-DREI-immobilien-business.jpg\" \/>\n<script type=\"application\/ld+json\" class=\"yoast-schema-graph\">{\"@context\":\"https:\\\/\\\/schema.org\",\"@graph\":[{\"@type\":\"Article\",\"@id\":\"https:\\\/\\\/www.immobilienbusiness.ch\\\/unternehmen\\\/2015-10-07\\\/mobimo-beteiligt-sich-an-drei\\\/#article\",\"isPartOf\":{\"@id\":\"https:\\\/\\\/www.immobilienbusiness.ch\\\/unternehmen\\\/2015-10-07\\\/mobimo-beteiligt-sich-an-drei\\\/\"},\"author\":{\"name\":\"Redaktion\",\"@id\":\"https:\\\/\\\/www.immobilienbusiness.ch\\\/#\\\/schema\\\/person\\\/aa2bace6c5c5aad60102004a50c4eb1c\"},\"headline\":\"Mobimo beteiligt sich an DREI\",\"datePublished\":\"2015-10-07T07:15:37+00:00\",\"mainEntityOfPage\":{\"@id\":\"https:\\\/\\\/www.immobilienbusiness.ch\\\/unternehmen\\\/2015-10-07\\\/mobimo-beteiligt-sich-an-drei\\\/\"},\"wordCount\":110,\"commentCount\":0,\"publisher\":{\"@id\":\"https:\\\/\\\/www.immobilienbusiness.ch\\\/#organization\"},\"image\":{\"@id\":\"https:\\\/\\\/www.immobilienbusiness.ch\\\/unternehmen\\\/2015-10-07\\\/mobimo-beteiligt-sich-an-drei\\\/#primaryimage\"},\"thumbnailUrl\":\"https:\\\/\\\/www.immobilienbusiness.ch\\\/wp-content\\\/uploads\\\/2015\\\/10\\\/Mobimo-beteiligt-sich-an-DREI-immobilien-business.jpg\",\"keywords\":[\"Unternehmen\"],\"articleSection\":[\"UNTERNEHMEN\"],\"inLanguage\":\"fr-FR\"},{\"@type\":\"WebPage\",\"@id\":\"https:\\\/\\\/www.immobilienbusiness.ch\\\/unternehmen\\\/2015-10-07\\\/mobimo-beteiligt-sich-an-drei\\\/\",\"url\":\"https:\\\/\\\/www.immobilienbusiness.ch\\\/unternehmen\\\/2015-10-07\\\/mobimo-beteiligt-sich-an-drei\\\/\",\"name\":\"Mobimo: Beteiligung an 29 Immobilien in Genf\",\"isPartOf\":{\"@id\":\"https:\\\/\\\/www.immobilienbusiness.ch\\\/#website\"},\"primaryImageOfPage\":{\"@id\":\"https:\\\/\\\/www.immobilienbusiness.ch\\\/unternehmen\\\/2015-10-07\\\/mobimo-beteiligt-sich-an-drei\\\/#primaryimage\"},\"image\":{\"@id\":\"https:\\\/\\\/www.immobilienbusiness.ch\\\/unternehmen\\\/2015-10-07\\\/mobimo-beteiligt-sich-an-drei\\\/#primaryimage\"},\"thumbnailUrl\":\"https:\\\/\\\/www.immobilienbusiness.ch\\\/wp-content\\\/uploads\\\/2015\\\/10\\\/Mobimo-beteiligt-sich-an-DREI-immobilien-business.jpg\",\"datePublished\":\"2015-10-07T07:15:37+00:00\",\"description\":\"Mobimo investiert in Wohn- und Mischnutzungs-Immobilien im Kanton Genf. Die Beteiligung umfasst 29 Objekte mit einem Wert von 244 Mio. CHF.\",\"breadcrumb\":{\"@id\":\"https:\\\/\\\/www.immobilienbusiness.ch\\\/unternehmen\\\/2015-10-07\\\/mobimo-beteiligt-sich-an-drei\\\/#breadcrumb\"},\"inLanguage\":\"fr-FR\",\"potentialAction\":[{\"@type\":\"ReadAction\",\"target\":[\"https:\\\/\\\/www.immobilienbusiness.ch\\\/unternehmen\\\/2015-10-07\\\/mobimo-beteiligt-sich-an-drei\\\/\"]}]},{\"@type\":\"ImageObject\",\"inLanguage\":\"fr-FR\",\"@id\":\"https:\\\/\\\/www.immobilienbusiness.ch\\\/unternehmen\\\/2015-10-07\\\/mobimo-beteiligt-sich-an-drei\\\/#primaryimage\",\"url\":\"https:\\\/\\\/www.immobilienbusiness.ch\\\/wp-content\\\/uploads\\\/2015\\\/10\\\/Mobimo-beteiligt-sich-an-DREI-immobilien-business.jpg\",\"contentUrl\":\"https:\\\/\\\/www.immobilienbusiness.ch\\\/wp-content\\\/uploads\\\/2015\\\/10\\\/Mobimo-beteiligt-sich-an-DREI-immobilien-business.jpg\",\"width\":1280,\"height\":850},{\"@type\":\"BreadcrumbList\",\"@id\":\"https:\\\/\\\/www.immobilienbusiness.ch\\\/unternehmen\\\/2015-10-07\\\/mobimo-beteiligt-sich-an-drei\\\/#breadcrumb\",\"itemListElement\":[{\"@type\":\"ListItem\",\"position\":1,\"name\":\"Home\",\"item\":\"https:\\\/\\\/www.immobilienbusiness.ch\\\/\"},{\"@type\":\"ListItem\",\"position\":2,\"name\":\"Mobimo beteiligt sich an DREI\"}]},{\"@type\":\"WebSite\",\"@id\":\"https:\\\/\\\/www.immobilienbusiness.ch\\\/#website\",\"url\":\"https:\\\/\\\/www.immobilienbusiness.ch\\\/\",\"name\":\"IMMOBILIEN Business\",\"description\":\"Unabh\u00e4ngiges Schweizer Wirtschaftsmagazin mit Fokus auf Immobilien, Architektur- und Bau sowie Investment- und Finanzierung.\",\"publisher\":{\"@id\":\"https:\\\/\\\/www.immobilienbusiness.ch\\\/#organization\"},\"potentialAction\":[{\"@type\":\"SearchAction\",\"target\":{\"@type\":\"EntryPoint\",\"urlTemplate\":\"https:\\\/\\\/www.immobilienbusiness.ch\\\/?s={search_term_string}\"},\"query-input\":{\"@type\":\"PropertyValueSpecification\",\"valueRequired\":true,\"valueName\":\"search_term_string\"}}],\"inLanguage\":\"fr-FR\"},{\"@type\":\"Organization\",\"@id\":\"https:\\\/\\\/www.immobilienbusiness.ch\\\/#organization\",\"name\":\"IMMOBILIEN Business\",\"url\":\"https:\\\/\\\/www.immobilienbusiness.ch\\\/\",\"logo\":{\"@type\":\"ImageObject\",\"inLanguage\":\"fr-FR\",\"@id\":\"https:\\\/\\\/www.immobilienbusiness.ch\\\/#\\\/schema\\\/logo\\\/image\\\/\",\"url\":\"https:\\\/\\\/www.immobilienbusiness.ch\\\/wp-content\\\/uploads\\\/2021\\\/07\\\/logo_ib.png\",\"contentUrl\":\"https:\\\/\\\/www.immobilienbusiness.ch\\\/wp-content\\\/uploads\\\/2021\\\/07\\\/logo_ib.png\",\"width\":800,\"height\":181,\"caption\":\"IMMOBILIEN Business\"},\"image\":{\"@id\":\"https:\\\/\\\/www.immobilienbusiness.ch\\\/#\\\/schema\\\/logo\\\/image\\\/\"},\"sameAs\":[\"https:\\\/\\\/www.facebook.com\\\/immobilienbusiness\\\/\"]},{\"@type\":\"Person\",\"@id\":\"https:\\\/\\\/www.immobilienbusiness.ch\\\/#\\\/schema\\\/person\\\/aa2bace6c5c5aad60102004a50c4eb1c\",\"name\":\"Redaktion\",\"image\":{\"@type\":\"ImageObject\",\"inLanguage\":\"fr-FR\",\"@id\":\"https:\\\/\\\/secure.gravatar.com\\\/avatar\\\/ae2f4d718e6c49043e314ce431e7e645d646302a24a5ef5a8bc8e3f5a032e319?s=96&d=mm&r=g\",\"url\":\"https:\\\/\\\/secure.gravatar.com\\\/avatar\\\/ae2f4d718e6c49043e314ce431e7e645d646302a24a5ef5a8bc8e3f5a032e319?s=96&d=mm&r=g\",\"contentUrl\":\"https:\\\/\\\/secure.gravatar.com\\\/avatar\\\/ae2f4d718e6c49043e314ce431e7e645d646302a24a5ef5a8bc8e3f5a032e319?s=96&d=mm&r=g\",\"caption\":\"Redaktion\"},\"sameAs\":[\"http:\\\/\\\/develop.organisator.galledia.ch\"],\"url\":\"https:\\\/\\\/www.immobilienbusiness.ch\\\/fr\\\/author\\\/admin\\\/\"}]}<\/script>\n<!-- \/ Yoast SEO plugin. -->","yoast_head_json":{"title":"Mobimo: Beteiligung an 29 Immobilien in Genf","description":"Mobimo investiert in Wohn- und Mischnutzungs-Immobilien im Kanton Genf. Die Beteiligung umfasst 29 Objekte mit einem Wert von 244 Mio. CHF.","robots":{"index":"index","follow":"follow","max-snippet":"max-snippet:-1","max-image-preview":"max-image-preview:large","max-video-preview":"max-video-preview:-1"},"canonical":"https:\/\/www.immobilienbusiness.ch\/fr\/unternehmen\/2015-10-07\/mobimo-beteiligt-sich-an-drei\/","og_locale":"fr_FR","og_type":"article","og_title":"Mobimo beteiligt sich an DREI","og_description":"Die Mobimo Holding AG erwirbt eine Mehrheitsbeteiligung an der Dual Real Estate Investment AG (DREI). Die Beteiligung lag bisher in H\u00e4nden der Dual Holding SA Fribourg. Mit diesem Kauf tritt Mobimo in den Genfer Immobilienmarkt ein und baut ihre Position in der Westschweiz weiter aus.","og_url":"https:\/\/www.immobilienbusiness.ch\/fr\/unternehmen\/2015-10-07\/mobimo-beteiligt-sich-an-drei\/","og_site_name":"IMMOBILIEN Business","article_publisher":"https:\/\/www.facebook.com\/immobilienbusiness\/","article_published_time":"2015-10-07T07:15:37+00:00","author":"Redaktion","twitter_card":"summary_large_image","twitter_image":"https:\/\/www.immobilienbusiness.ch\/wp-content\/uploads\/2015\/10\/Mobimo-beteiligt-sich-an-DREI-immobilien-business.jpg","schema":{"@context":"https:\/\/schema.org","@graph":[{"@type":"Article","@id":"https:\/\/www.immobilienbusiness.ch\/unternehmen\/2015-10-07\/mobimo-beteiligt-sich-an-drei\/#article","isPartOf":{"@id":"https:\/\/www.immobilienbusiness.ch\/unternehmen\/2015-10-07\/mobimo-beteiligt-sich-an-drei\/"},"author":{"name":"Redaktion","@id":"https:\/\/www.immobilienbusiness.ch\/#\/schema\/person\/aa2bace6c5c5aad60102004a50c4eb1c"},"headline":"Mobimo beteiligt sich an DREI","datePublished":"2015-10-07T07:15:37+00:00","mainEntityOfPage":{"@id":"https:\/\/www.immobilienbusiness.ch\/unternehmen\/2015-10-07\/mobimo-beteiligt-sich-an-drei\/"},"wordCount":110,"commentCount":0,"publisher":{"@id":"https:\/\/www.immobilienbusiness.ch\/#organization"},"image":{"@id":"https:\/\/www.immobilienbusiness.ch\/unternehmen\/2015-10-07\/mobimo-beteiligt-sich-an-drei\/#primaryimage"},"thumbnailUrl":"https:\/\/www.immobilienbusiness.ch\/wp-content\/uploads\/2015\/10\/Mobimo-beteiligt-sich-an-DREI-immobilien-business.jpg","keywords":["Unternehmen"],"articleSection":["UNTERNEHMEN"],"inLanguage":"fr-FR"},{"@type":"WebPage","@id":"https:\/\/www.immobilienbusiness.ch\/unternehmen\/2015-10-07\/mobimo-beteiligt-sich-an-drei\/","url":"https:\/\/www.immobilienbusiness.ch\/unternehmen\/2015-10-07\/mobimo-beteiligt-sich-an-drei\/","name":"Mobimo: Beteiligung an 29 Immobilien in Genf","isPartOf":{"@id":"https:\/\/www.immobilienbusiness.ch\/#website"},"primaryImageOfPage":{"@id":"https:\/\/www.immobilienbusiness.ch\/unternehmen\/2015-10-07\/mobimo-beteiligt-sich-an-drei\/#primaryimage"},"image":{"@id":"https:\/\/www.immobilienbusiness.ch\/unternehmen\/2015-10-07\/mobimo-beteiligt-sich-an-drei\/#primaryimage"},"thumbnailUrl":"https:\/\/www.immobilienbusiness.ch\/wp-content\/uploads\/2015\/10\/Mobimo-beteiligt-sich-an-DREI-immobilien-business.jpg","datePublished":"2015-10-07T07:15:37+00:00","description":"Mobimo investiert in Wohn- und Mischnutzungs-Immobilien im Kanton Genf. Die Beteiligung umfasst 29 Objekte mit einem Wert von 244 Mio. CHF.","breadcrumb":{"@id":"https:\/\/www.immobilienbusiness.ch\/unternehmen\/2015-10-07\/mobimo-beteiligt-sich-an-drei\/#breadcrumb"},"inLanguage":"fr-FR","potentialAction":[{"@type":"ReadAction","target":["https:\/\/www.immobilienbusiness.ch\/unternehmen\/2015-10-07\/mobimo-beteiligt-sich-an-drei\/"]}]},{"@type":"ImageObject","inLanguage":"fr-FR","@id":"https:\/\/www.immobilienbusiness.ch\/unternehmen\/2015-10-07\/mobimo-beteiligt-sich-an-drei\/#primaryimage","url":"https:\/\/www.immobilienbusiness.ch\/wp-content\/uploads\/2015\/10\/Mobimo-beteiligt-sich-an-DREI-immobilien-business.jpg","contentUrl":"https:\/\/www.immobilienbusiness.ch\/wp-content\/uploads\/2015\/10\/Mobimo-beteiligt-sich-an-DREI-immobilien-business.jpg","width":1280,"height":850},{"@type":"BreadcrumbList","@id":"https:\/\/www.immobilienbusiness.ch\/unternehmen\/2015-10-07\/mobimo-beteiligt-sich-an-drei\/#breadcrumb","itemListElement":[{"@type":"ListItem","position":1,"name":"Home","item":"https:\/\/www.immobilienbusiness.ch\/"},{"@type":"ListItem","position":2,"name":"Mobimo beteiligt sich an DREI"}]},{"@type":"WebSite","@id":"https:\/\/www.immobilienbusiness.ch\/#website","url":"https:\/\/www.immobilienbusiness.ch\/","name":"IMMOBILIER Business","description":"Magazine \u00e9conomique suisse ind\u00e9pendant ax\u00e9 sur l'immobilier, l'architecture et la construction ainsi que sur les investissements et le financement.","publisher":{"@id":"https:\/\/www.immobilienbusiness.ch\/#organization"},"potentialAction":[{"@type":"SearchAction","target":{"@type":"EntryPoint","urlTemplate":"https:\/\/www.immobilienbusiness.ch\/?s={search_term_string}"},"query-input":{"@type":"PropertyValueSpecification","valueRequired":true,"valueName":"search_term_string"}}],"inLanguage":"fr-FR"},{"@type":"Organization","@id":"https:\/\/www.immobilienbusiness.ch\/#organization","name":"IMMOBILIER Business","url":"https:\/\/www.immobilienbusiness.ch\/","logo":{"@type":"ImageObject","inLanguage":"fr-FR","@id":"https:\/\/www.immobilienbusiness.ch\/#\/schema\/logo\/image\/","url":"https:\/\/www.immobilienbusiness.ch\/wp-content\/uploads\/2021\/07\/logo_ib.png","contentUrl":"https:\/\/www.immobilienbusiness.ch\/wp-content\/uploads\/2021\/07\/logo_ib.png","width":800,"height":181,"caption":"IMMOBILIEN Business"},"image":{"@id":"https:\/\/www.immobilienbusiness.ch\/#\/schema\/logo\/image\/"},"sameAs":["https:\/\/www.facebook.com\/immobilienbusiness\/"]},{"@type":"Person","@id":"https:\/\/www.immobilienbusiness.ch\/#\/schema\/person\/aa2bace6c5c5aad60102004a50c4eb1c","name":"Editorial","image":{"@type":"ImageObject","inLanguage":"fr-FR","@id":"https:\/\/secure.gravatar.com\/avatar\/ae2f4d718e6c49043e314ce431e7e645d646302a24a5ef5a8bc8e3f5a032e319?s=96&d=mm&r=g","url":"https:\/\/secure.gravatar.com\/avatar\/ae2f4d718e6c49043e314ce431e7e645d646302a24a5ef5a8bc8e3f5a032e319?s=96&d=mm&r=g","contentUrl":"https:\/\/secure.gravatar.com\/avatar\/ae2f4d718e6c49043e314ce431e7e645d646302a24a5ef5a8bc8e3f5a032e319?s=96&d=mm&r=g","caption":"Redaktion"},"sameAs":["http:\/\/develop.organisator.galledia.ch"],"url":"https:\/\/www.immobilienbusiness.ch\/fr\/author\/admin\/"}]}},"_links":{"self":[{"href":"https:\/\/www.immobilienbusiness.ch\/fr\/wp-json\/wp\/v2\/posts\/974","targetHints":{"allow":["GET"]}}],"collection":[{"href":"https:\/\/www.immobilienbusiness.ch\/fr\/wp-json\/wp\/v2\/posts"}],"about":[{"href":"https:\/\/www.immobilienbusiness.ch\/fr\/wp-json\/wp\/v2\/types\/post"}],"author":[{"embeddable":true,"href":"https:\/\/www.immobilienbusiness.ch\/fr\/wp-json\/wp\/v2\/users\/1"}],"replies":[{"embeddable":true,"href":"https:\/\/www.immobilienbusiness.ch\/fr\/wp-json\/wp\/v2\/comments?post=974"}],"version-history":[{"count":0,"href":"https:\/\/www.immobilienbusiness.ch\/fr\/wp-json\/wp\/v2\/posts\/974\/revisions"}],"wp:featuredmedia":[{"embeddable":true,"href":"https:\/\/www.immobilienbusiness.ch\/fr\/wp-json\/wp\/v2\/media\/4908"}],"wp:attachment":[{"href":"https:\/\/www.immobilienbusiness.ch\/fr\/wp-json\/wp\/v2\/media?parent=974"}],"wp:term":[{"taxonomy":"category","embeddable":true,"href":"https:\/\/www.immobilienbusiness.ch\/fr\/wp-json\/wp\/v2\/categories?post=974"},{"taxonomy":"post_tag","embeddable":true,"href":"https:\/\/www.immobilienbusiness.ch\/fr\/wp-json\/wp\/v2\/tags?post=974"}],"curies":[{"name":"wp","href":"https:\/\/api.w.org\/{rel}","templated":true}]}}