{"id":969,"date":"2015-10-07T08:53:37","date_gmt":"2015-10-07T06:53:37","guid":{"rendered":"http:\/\/dev.immobilienbusiness.ch\/?p=969"},"modified":"2015-10-07T08:53:37","modified_gmt":"2015-10-07T06:53:37","slug":"redevco-und-hermes-gruenden-joint-venture","status":"publish","type":"post","link":"https:\/\/www.immobilienbusiness.ch\/fr\/retail\/2015-10-07\/redevco-und-hermes-gruenden-joint-venture\/","title":{"rendered":"Redevco et Hermes cr\u00e9ent une entreprise commune"},"content":{"rendered":"<p><img loading=\"lazy\" decoding=\"async\" class=\"alignnone wp-image-4905 size-medium\" src=\"https:\/\/immobilienbusiness.ch\/wp-content\/uploads\/2015\/10\/Redevco-und-Hermes-gr\u00fcnden-Joint-Venture-immobilien-business.jpg\" width=\"680\" height=\"631\" \/><\/p>\n<p>La joint-venture, dans laquelle Redevco et Hermes d\u00e9tiennent chacune la moiti\u00e9 des parts, investira dans des immeubles de grande hauteur, des centres commerciaux et des centres commerciaux sp\u00e9cialis\u00e9s. Les march\u00e9s vis\u00e9s sont, selon les entreprises, l'Allemagne, la France, les pays du Benelux ainsi que les pays nordiques.<\/p>\n<p>Les investissements se concentreront sur des biens Core+\/Value-Add avec un profil de risque mod\u00e9r\u00e9. Redevco joue un r\u00f4le de conseil dans l'acquisition des biens et g\u00e9rera en outre le portefeuille.<\/p>\n<p>Hermes Investment Management, gestionnaire d'actifs bas\u00e9 \u00e0 Londres, g\u00e8re 29,8 milliards de livres sterling d'actifs.<\/p>\n<p>Redevco, soci\u00e9t\u00e9 de gestion d'investissements immobiliers paneurop\u00e9enne sp\u00e9cialis\u00e9e dans le commerce de d\u00e9tail, d\u00e9tient un portefeuille d'environ 420 biens dans les principaux sites de vente au d\u00e9tail en Allemagne, en Autriche, en Belgique, en Espagne, en France, en Hongrie, au Luxembourg, aux Pays-Bas, au Portugal et en Suisse. (ah)<\/p>","protected":false},"excerpt":{"rendered":"<p>Redevco et le gestionnaire d'actifs Hermes Investment Management veulent investir ensemble 250 millions d'euros dans l'immobilier de d\u00e9tail europ\u00e9en.<\/p>","protected":false},"author":1,"featured_media":4905,"comment_status":"open","ping_status":"open","sticky":false,"template":"","format":"standard","meta":{"_acf_changed":false,"_yoast_wpseo_focuskw":"Immobilien Joint Venture","_yoast_wpseo_title":"Immobilien Joint Venture: Redevco und Hermes investieren gemeinsam","_yoast_wpseo_metadesc":"Angesichts wachsender M\u00e4rkte gr\u00fcndet Redevco zusammen mit Hermes ein Joint Venture in Highstreet-Objekten und Shopping Centern in Europa.","_yoast_wpseo_linkdex":58,"pgc_sgb_lightbox_settings":"","footnotes":""},"categories":[987,988],"tags":[1047,1643,1807],"class_list":["post-969","post","type-post","status-publish","format-standard","has-post-thumbnail","hentry","category-retail","category-unternehmen","tag-assetportfolio-management","tag-retail","tag-unternehmen"],"acf":[],"yoast_head":"<!-- This site is optimized with the Yoast SEO plugin v27.4 - https:\/\/yoast.com\/product\/yoast-seo-wordpress\/ -->\n<title>Immobilien Joint Venture: Redevco und Hermes investieren gemeinsam<\/title>\n<meta name=\"description\" content=\"Angesichts wachsender M\u00e4rkte gr\u00fcndet Redevco zusammen mit Hermes ein Joint Venture in Highstreet-Objekten und Shopping Centern in Europa.\" \/>\n<meta name=\"robots\" content=\"index, follow, max-snippet:-1, max-image-preview:large, max-video-preview:-1\" \/>\n<link rel=\"canonical\" href=\"https:\/\/www.immobilienbusiness.ch\/fr\/retail\/2015-10-07\/redevco-und-hermes-gruenden-joint-venture\/\" \/>\n<meta property=\"og:locale\" content=\"fr_FR\" \/>\n<meta property=\"og:type\" content=\"article\" \/>\n<meta property=\"og:title\" content=\"Redevco und Hermes gr\u00fcnden Joint Venture\" \/>\n<meta property=\"og:description\" content=\"Redevco und der Asset Manager Hermes Investment Management wollen gemeinsam 250 Millionen Euro in europ\u00e4ische Retailimmobilien investieren.\" \/>\n<meta property=\"og:url\" content=\"https:\/\/www.immobilienbusiness.ch\/fr\/retail\/2015-10-07\/redevco-und-hermes-gruenden-joint-venture\/\" \/>\n<meta property=\"og:site_name\" content=\"IMMOBILIEN Business\" \/>\n<meta property=\"article:publisher\" content=\"https:\/\/www.facebook.com\/immobilienbusiness\/\" \/>\n<meta property=\"article:published_time\" content=\"2015-10-07T06:53:37+00:00\" \/>\n<meta name=\"author\" content=\"Redaktion\" \/>\n<meta name=\"twitter:card\" content=\"summary_large_image\" \/>\n<meta name=\"twitter:image\" content=\"https:\/\/www.immobilienbusiness.ch\/wp-content\/uploads\/2015\/10\/Redevco-und-Hermes-gruenden-Joint-Venture-immobilien-business.jpg\" \/>\n<script type=\"application\/ld+json\" class=\"yoast-schema-graph\">{\"@context\":\"https:\\\/\\\/schema.org\",\"@graph\":[{\"@type\":\"Article\",\"@id\":\"https:\\\/\\\/www.immobilienbusiness.ch\\\/retail\\\/2015-10-07\\\/redevco-und-hermes-gruenden-joint-venture\\\/#article\",\"isPartOf\":{\"@id\":\"https:\\\/\\\/www.immobilienbusiness.ch\\\/retail\\\/2015-10-07\\\/redevco-und-hermes-gruenden-joint-venture\\\/\"},\"author\":{\"name\":\"Redaktion\",\"@id\":\"https:\\\/\\\/www.immobilienbusiness.ch\\\/#\\\/schema\\\/person\\\/aa2bace6c5c5aad60102004a50c4eb1c\"},\"headline\":\"Redevco und Hermes gr\u00fcnden Joint Venture\",\"datePublished\":\"2015-10-07T06:53:37+00:00\",\"mainEntityOfPage\":{\"@id\":\"https:\\\/\\\/www.immobilienbusiness.ch\\\/retail\\\/2015-10-07\\\/redevco-und-hermes-gruenden-joint-venture\\\/\"},\"wordCount\":133,\"commentCount\":0,\"publisher\":{\"@id\":\"https:\\\/\\\/www.immobilienbusiness.ch\\\/#organization\"},\"image\":{\"@id\":\"https:\\\/\\\/www.immobilienbusiness.ch\\\/retail\\\/2015-10-07\\\/redevco-und-hermes-gruenden-joint-venture\\\/#primaryimage\"},\"thumbnailUrl\":\"https:\\\/\\\/www.immobilienbusiness.ch\\\/wp-content\\\/uploads\\\/2015\\\/10\\\/Redevco-und-Hermes-gruenden-Joint-Venture-immobilien-business.jpg\",\"keywords\":[\"Asset\\\/Portfolio Management\",\"Retail\",\"Unternehmen\"],\"articleSection\":[\"RETAIL\",\"UNTERNEHMEN\"],\"inLanguage\":\"fr-FR\"},{\"@type\":\"WebPage\",\"@id\":\"https:\\\/\\\/www.immobilienbusiness.ch\\\/retail\\\/2015-10-07\\\/redevco-und-hermes-gruenden-joint-venture\\\/\",\"url\":\"https:\\\/\\\/www.immobilienbusiness.ch\\\/retail\\\/2015-10-07\\\/redevco-und-hermes-gruenden-joint-venture\\\/\",\"name\":\"Immobilien Joint Venture: Redevco und Hermes investieren gemeinsam\",\"isPartOf\":{\"@id\":\"https:\\\/\\\/www.immobilienbusiness.ch\\\/#website\"},\"primaryImageOfPage\":{\"@id\":\"https:\\\/\\\/www.immobilienbusiness.ch\\\/retail\\\/2015-10-07\\\/redevco-und-hermes-gruenden-joint-venture\\\/#primaryimage\"},\"image\":{\"@id\":\"https:\\\/\\\/www.immobilienbusiness.ch\\\/retail\\\/2015-10-07\\\/redevco-und-hermes-gruenden-joint-venture\\\/#primaryimage\"},\"thumbnailUrl\":\"https:\\\/\\\/www.immobilienbusiness.ch\\\/wp-content\\\/uploads\\\/2015\\\/10\\\/Redevco-und-Hermes-gruenden-Joint-Venture-immobilien-business.jpg\",\"datePublished\":\"2015-10-07T06:53:37+00:00\",\"description\":\"Angesichts wachsender M\u00e4rkte gr\u00fcndet Redevco zusammen mit Hermes ein Joint Venture in Highstreet-Objekten und Shopping Centern in Europa.\",\"breadcrumb\":{\"@id\":\"https:\\\/\\\/www.immobilienbusiness.ch\\\/retail\\\/2015-10-07\\\/redevco-und-hermes-gruenden-joint-venture\\\/#breadcrumb\"},\"inLanguage\":\"fr-FR\",\"potentialAction\":[{\"@type\":\"ReadAction\",\"target\":[\"https:\\\/\\\/www.immobilienbusiness.ch\\\/retail\\\/2015-10-07\\\/redevco-und-hermes-gruenden-joint-venture\\\/\"]}]},{\"@type\":\"ImageObject\",\"inLanguage\":\"fr-FR\",\"@id\":\"https:\\\/\\\/www.immobilienbusiness.ch\\\/retail\\\/2015-10-07\\\/redevco-und-hermes-gruenden-joint-venture\\\/#primaryimage\",\"url\":\"https:\\\/\\\/www.immobilienbusiness.ch\\\/wp-content\\\/uploads\\\/2015\\\/10\\\/Redevco-und-Hermes-gruenden-Joint-Venture-immobilien-business.jpg\",\"contentUrl\":\"https:\\\/\\\/www.immobilienbusiness.ch\\\/wp-content\\\/uploads\\\/2015\\\/10\\\/Redevco-und-Hermes-gruenden-Joint-Venture-immobilien-business.jpg\",\"width\":1104,\"height\":1025},{\"@type\":\"BreadcrumbList\",\"@id\":\"https:\\\/\\\/www.immobilienbusiness.ch\\\/retail\\\/2015-10-07\\\/redevco-und-hermes-gruenden-joint-venture\\\/#breadcrumb\",\"itemListElement\":[{\"@type\":\"ListItem\",\"position\":1,\"name\":\"Home\",\"item\":\"https:\\\/\\\/www.immobilienbusiness.ch\\\/\"},{\"@type\":\"ListItem\",\"position\":2,\"name\":\"Redevco und Hermes gr\u00fcnden Joint Venture\"}]},{\"@type\":\"WebSite\",\"@id\":\"https:\\\/\\\/www.immobilienbusiness.ch\\\/#website\",\"url\":\"https:\\\/\\\/www.immobilienbusiness.ch\\\/\",\"name\":\"IMMOBILIEN Business\",\"description\":\"Unabh\u00e4ngiges Schweizer Wirtschaftsmagazin mit Fokus auf Immobilien, Architektur- und Bau sowie Investment- und Finanzierung.\",\"publisher\":{\"@id\":\"https:\\\/\\\/www.immobilienbusiness.ch\\\/#organization\"},\"potentialAction\":[{\"@type\":\"SearchAction\",\"target\":{\"@type\":\"EntryPoint\",\"urlTemplate\":\"https:\\\/\\\/www.immobilienbusiness.ch\\\/?s={search_term_string}\"},\"query-input\":{\"@type\":\"PropertyValueSpecification\",\"valueRequired\":true,\"valueName\":\"search_term_string\"}}],\"inLanguage\":\"fr-FR\"},{\"@type\":\"Organization\",\"@id\":\"https:\\\/\\\/www.immobilienbusiness.ch\\\/#organization\",\"name\":\"IMMOBILIEN Business\",\"url\":\"https:\\\/\\\/www.immobilienbusiness.ch\\\/\",\"logo\":{\"@type\":\"ImageObject\",\"inLanguage\":\"fr-FR\",\"@id\":\"https:\\\/\\\/www.immobilienbusiness.ch\\\/#\\\/schema\\\/logo\\\/image\\\/\",\"url\":\"https:\\\/\\\/www.immobilienbusiness.ch\\\/wp-content\\\/uploads\\\/2021\\\/07\\\/logo_ib.png\",\"contentUrl\":\"https:\\\/\\\/www.immobilienbusiness.ch\\\/wp-content\\\/uploads\\\/2021\\\/07\\\/logo_ib.png\",\"width\":800,\"height\":181,\"caption\":\"IMMOBILIEN Business\"},\"image\":{\"@id\":\"https:\\\/\\\/www.immobilienbusiness.ch\\\/#\\\/schema\\\/logo\\\/image\\\/\"},\"sameAs\":[\"https:\\\/\\\/www.facebook.com\\\/immobilienbusiness\\\/\"]},{\"@type\":\"Person\",\"@id\":\"https:\\\/\\\/www.immobilienbusiness.ch\\\/#\\\/schema\\\/person\\\/aa2bace6c5c5aad60102004a50c4eb1c\",\"name\":\"Redaktion\",\"image\":{\"@type\":\"ImageObject\",\"inLanguage\":\"fr-FR\",\"@id\":\"https:\\\/\\\/secure.gravatar.com\\\/avatar\\\/ae2f4d718e6c49043e314ce431e7e645d646302a24a5ef5a8bc8e3f5a032e319?s=96&d=mm&r=g\",\"url\":\"https:\\\/\\\/secure.gravatar.com\\\/avatar\\\/ae2f4d718e6c49043e314ce431e7e645d646302a24a5ef5a8bc8e3f5a032e319?s=96&d=mm&r=g\",\"contentUrl\":\"https:\\\/\\\/secure.gravatar.com\\\/avatar\\\/ae2f4d718e6c49043e314ce431e7e645d646302a24a5ef5a8bc8e3f5a032e319?s=96&d=mm&r=g\",\"caption\":\"Redaktion\"},\"sameAs\":[\"http:\\\/\\\/develop.organisator.galledia.ch\"],\"url\":\"https:\\\/\\\/www.immobilienbusiness.ch\\\/fr\\\/author\\\/admin\\\/\"}]}<\/script>\n<!-- \/ Yoast SEO plugin. -->","yoast_head_json":{"title":"Immobilien Joint Venture: Redevco und Hermes investieren gemeinsam","description":"Angesichts wachsender M\u00e4rkte gr\u00fcndet Redevco zusammen mit Hermes ein Joint Venture in Highstreet-Objekten und Shopping Centern in Europa.","robots":{"index":"index","follow":"follow","max-snippet":"max-snippet:-1","max-image-preview":"max-image-preview:large","max-video-preview":"max-video-preview:-1"},"canonical":"https:\/\/www.immobilienbusiness.ch\/fr\/retail\/2015-10-07\/redevco-und-hermes-gruenden-joint-venture\/","og_locale":"fr_FR","og_type":"article","og_title":"Redevco und Hermes gr\u00fcnden Joint Venture","og_description":"Redevco und der Asset Manager Hermes Investment Management wollen gemeinsam 250 Millionen Euro in europ\u00e4ische Retailimmobilien investieren.","og_url":"https:\/\/www.immobilienbusiness.ch\/fr\/retail\/2015-10-07\/redevco-und-hermes-gruenden-joint-venture\/","og_site_name":"IMMOBILIEN Business","article_publisher":"https:\/\/www.facebook.com\/immobilienbusiness\/","article_published_time":"2015-10-07T06:53:37+00:00","author":"Redaktion","twitter_card":"summary_large_image","twitter_image":"https:\/\/www.immobilienbusiness.ch\/wp-content\/uploads\/2015\/10\/Redevco-und-Hermes-gruenden-Joint-Venture-immobilien-business.jpg","schema":{"@context":"https:\/\/schema.org","@graph":[{"@type":"Article","@id":"https:\/\/www.immobilienbusiness.ch\/retail\/2015-10-07\/redevco-und-hermes-gruenden-joint-venture\/#article","isPartOf":{"@id":"https:\/\/www.immobilienbusiness.ch\/retail\/2015-10-07\/redevco-und-hermes-gruenden-joint-venture\/"},"author":{"name":"Redaktion","@id":"https:\/\/www.immobilienbusiness.ch\/#\/schema\/person\/aa2bace6c5c5aad60102004a50c4eb1c"},"headline":"Redevco und Hermes gr\u00fcnden Joint Venture","datePublished":"2015-10-07T06:53:37+00:00","mainEntityOfPage":{"@id":"https:\/\/www.immobilienbusiness.ch\/retail\/2015-10-07\/redevco-und-hermes-gruenden-joint-venture\/"},"wordCount":133,"commentCount":0,"publisher":{"@id":"https:\/\/www.immobilienbusiness.ch\/#organization"},"image":{"@id":"https:\/\/www.immobilienbusiness.ch\/retail\/2015-10-07\/redevco-und-hermes-gruenden-joint-venture\/#primaryimage"},"thumbnailUrl":"https:\/\/www.immobilienbusiness.ch\/wp-content\/uploads\/2015\/10\/Redevco-und-Hermes-gruenden-Joint-Venture-immobilien-business.jpg","keywords":["Asset\/Portfolio Management","Retail","Unternehmen"],"articleSection":["RETAIL","UNTERNEHMEN"],"inLanguage":"fr-FR"},{"@type":"WebPage","@id":"https:\/\/www.immobilienbusiness.ch\/retail\/2015-10-07\/redevco-und-hermes-gruenden-joint-venture\/","url":"https:\/\/www.immobilienbusiness.ch\/retail\/2015-10-07\/redevco-und-hermes-gruenden-joint-venture\/","name":"Immobilien Joint Venture: Redevco und Hermes investieren gemeinsam","isPartOf":{"@id":"https:\/\/www.immobilienbusiness.ch\/#website"},"primaryImageOfPage":{"@id":"https:\/\/www.immobilienbusiness.ch\/retail\/2015-10-07\/redevco-und-hermes-gruenden-joint-venture\/#primaryimage"},"image":{"@id":"https:\/\/www.immobilienbusiness.ch\/retail\/2015-10-07\/redevco-und-hermes-gruenden-joint-venture\/#primaryimage"},"thumbnailUrl":"https:\/\/www.immobilienbusiness.ch\/wp-content\/uploads\/2015\/10\/Redevco-und-Hermes-gruenden-Joint-Venture-immobilien-business.jpg","datePublished":"2015-10-07T06:53:37+00:00","description":"Angesichts wachsender M\u00e4rkte gr\u00fcndet Redevco zusammen mit Hermes ein Joint Venture in Highstreet-Objekten und Shopping Centern in Europa.","breadcrumb":{"@id":"https:\/\/www.immobilienbusiness.ch\/retail\/2015-10-07\/redevco-und-hermes-gruenden-joint-venture\/#breadcrumb"},"inLanguage":"fr-FR","potentialAction":[{"@type":"ReadAction","target":["https:\/\/www.immobilienbusiness.ch\/retail\/2015-10-07\/redevco-und-hermes-gruenden-joint-venture\/"]}]},{"@type":"ImageObject","inLanguage":"fr-FR","@id":"https:\/\/www.immobilienbusiness.ch\/retail\/2015-10-07\/redevco-und-hermes-gruenden-joint-venture\/#primaryimage","url":"https:\/\/www.immobilienbusiness.ch\/wp-content\/uploads\/2015\/10\/Redevco-und-Hermes-gruenden-Joint-Venture-immobilien-business.jpg","contentUrl":"https:\/\/www.immobilienbusiness.ch\/wp-content\/uploads\/2015\/10\/Redevco-und-Hermes-gruenden-Joint-Venture-immobilien-business.jpg","width":1104,"height":1025},{"@type":"BreadcrumbList","@id":"https:\/\/www.immobilienbusiness.ch\/retail\/2015-10-07\/redevco-und-hermes-gruenden-joint-venture\/#breadcrumb","itemListElement":[{"@type":"ListItem","position":1,"name":"Home","item":"https:\/\/www.immobilienbusiness.ch\/"},{"@type":"ListItem","position":2,"name":"Redevco und Hermes gr\u00fcnden Joint Venture"}]},{"@type":"WebSite","@id":"https:\/\/www.immobilienbusiness.ch\/#website","url":"https:\/\/www.immobilienbusiness.ch\/","name":"IMMOBILIER Business","description":"Magazine \u00e9conomique suisse ind\u00e9pendant ax\u00e9 sur l'immobilier, l'architecture et la construction ainsi que sur les investissements et le financement.","publisher":{"@id":"https:\/\/www.immobilienbusiness.ch\/#organization"},"potentialAction":[{"@type":"SearchAction","target":{"@type":"EntryPoint","urlTemplate":"https:\/\/www.immobilienbusiness.ch\/?s={search_term_string}"},"query-input":{"@type":"PropertyValueSpecification","valueRequired":true,"valueName":"search_term_string"}}],"inLanguage":"fr-FR"},{"@type":"Organization","@id":"https:\/\/www.immobilienbusiness.ch\/#organization","name":"IMMOBILIER Business","url":"https:\/\/www.immobilienbusiness.ch\/","logo":{"@type":"ImageObject","inLanguage":"fr-FR","@id":"https:\/\/www.immobilienbusiness.ch\/#\/schema\/logo\/image\/","url":"https:\/\/www.immobilienbusiness.ch\/wp-content\/uploads\/2021\/07\/logo_ib.png","contentUrl":"https:\/\/www.immobilienbusiness.ch\/wp-content\/uploads\/2021\/07\/logo_ib.png","width":800,"height":181,"caption":"IMMOBILIEN Business"},"image":{"@id":"https:\/\/www.immobilienbusiness.ch\/#\/schema\/logo\/image\/"},"sameAs":["https:\/\/www.facebook.com\/immobilienbusiness\/"]},{"@type":"Person","@id":"https:\/\/www.immobilienbusiness.ch\/#\/schema\/person\/aa2bace6c5c5aad60102004a50c4eb1c","name":"Editorial","image":{"@type":"ImageObject","inLanguage":"fr-FR","@id":"https:\/\/secure.gravatar.com\/avatar\/ae2f4d718e6c49043e314ce431e7e645d646302a24a5ef5a8bc8e3f5a032e319?s=96&d=mm&r=g","url":"https:\/\/secure.gravatar.com\/avatar\/ae2f4d718e6c49043e314ce431e7e645d646302a24a5ef5a8bc8e3f5a032e319?s=96&d=mm&r=g","contentUrl":"https:\/\/secure.gravatar.com\/avatar\/ae2f4d718e6c49043e314ce431e7e645d646302a24a5ef5a8bc8e3f5a032e319?s=96&d=mm&r=g","caption":"Redaktion"},"sameAs":["http:\/\/develop.organisator.galledia.ch"],"url":"https:\/\/www.immobilienbusiness.ch\/fr\/author\/admin\/"}]}},"_links":{"self":[{"href":"https:\/\/www.immobilienbusiness.ch\/fr\/wp-json\/wp\/v2\/posts\/969","targetHints":{"allow":["GET"]}}],"collection":[{"href":"https:\/\/www.immobilienbusiness.ch\/fr\/wp-json\/wp\/v2\/posts"}],"about":[{"href":"https:\/\/www.immobilienbusiness.ch\/fr\/wp-json\/wp\/v2\/types\/post"}],"author":[{"embeddable":true,"href":"https:\/\/www.immobilienbusiness.ch\/fr\/wp-json\/wp\/v2\/users\/1"}],"replies":[{"embeddable":true,"href":"https:\/\/www.immobilienbusiness.ch\/fr\/wp-json\/wp\/v2\/comments?post=969"}],"version-history":[{"count":0,"href":"https:\/\/www.immobilienbusiness.ch\/fr\/wp-json\/wp\/v2\/posts\/969\/revisions"}],"wp:featuredmedia":[{"embeddable":true,"href":"https:\/\/www.immobilienbusiness.ch\/fr\/wp-json\/wp\/v2\/media\/4905"}],"wp:attachment":[{"href":"https:\/\/www.immobilienbusiness.ch\/fr\/wp-json\/wp\/v2\/media?parent=969"}],"wp:term":[{"taxonomy":"category","embeddable":true,"href":"https:\/\/www.immobilienbusiness.ch\/fr\/wp-json\/wp\/v2\/categories?post=969"},{"taxonomy":"post_tag","embeddable":true,"href":"https:\/\/www.immobilienbusiness.ch\/fr\/wp-json\/wp\/v2\/tags?post=969"}],"curies":[{"name":"wp","href":"https:\/\/api.w.org\/{rel}","templated":true}]}}