{"id":966,"date":"2020-11-30T08:18:51","date_gmt":"2020-11-30T07:18:51","guid":{"rendered":"https:\/\/develop.immobilienbusiness.ch\/de\/allgemein\/2020-11-30\/emmen-wohnuberbauung-am-bahnhof-emmenbrucke-geplant\/"},"modified":"2023-07-06T18:58:58","modified_gmt":"2023-07-06T16:58:58","slug":"emmen-wohnuberbauung-am-bahnhof-emmenbrucke-geplant","status":"publish","type":"post","link":"https:\/\/www.immobilienbusiness.ch\/fr\/ib\/2020-11-30\/emmen-wohnuberbauung-am-bahnhof-emmenbrucke-geplant\/","title":{"rendered":"Emmen : D\u00e9veloppement r\u00e9sidentiel pr\u00e9vu \u00e0 la gare d'Emmenbr\u00fccke"},"content":{"rendered":"<div class=\"swpm-post-not-logged-in-msg\">Vous devez \u00eatre connect\u00e9 pour voir ce contenu. Veuillez consulter <a class=\"swpm-login-link\" href=\"https:\/\/www.immobilienbusiness.ch\/fr\/login\/?swpm_redirect_to=https%3A%2F%2Fwww.immobilienbusiness.ch%2Ffr%2Fwp-json%2Fwp%2Fv2%2Fposts%2F966\">Connexion<\/a>. Vous n'\u00eates pas membre ? <a href=\"https:\/\/www.immobilienbusiness.ch\/fr\/registrieren\/\">Nous Rejoindre<\/a><\/div>","protected":false},"excerpt":{"rendered":"<p><span><span><span>Dans la banlieue lucernoise d'Emmen, le quartier d'Emmenbaum doit \u00eatre d\u00e9velopp\u00e9 et densifi\u00e9. Il est pr\u00e9vu d'y am\u00e9nager environ 3.000 m2 de surfaces commerciales et de services ainsi que quelque 120 logements. <\/span><\/span><\/span><\/p>","protected":false},"author":3,"featured_media":0,"comment_status":"closed","ping_status":"closed","sticky":false,"template":"","format":"standard","meta":{"_acf_changed":false,"_yoast_wpseo_focuskw":"Perimeter","_yoast_wpseo_title":"","_yoast_wpseo_metadesc":"Im Luzerner Vorort Emmen soll das Quartier Emmenbaum entwickelt und verdichtet werden. Geplant sind rund 3.000 qm Gewerbe- und Dienstleistungsfl\u00e4chen sowie etwa 120 Wohnungen.","_yoast_wpseo_linkdex":48,"pgc_sgb_lightbox_settings":"","footnotes":""},"categories":[1951],"tags":[1957,1958,1962,1989],"class_list":["post-966","post","type-post","status-publish","format-standard","hentry","category-ib","tag-in-planung","tag-lu","tag-verfugbare-flache","tag-wohn-und-gewerbeimmobilie"],"acf":[],"yoast_head":"<!-- This site is optimized with the Yoast SEO plugin v27.4 - https:\/\/yoast.com\/product\/yoast-seo-wordpress\/ -->\n<title>Emmen: Wohn\u00fcberbauung am Bahnhof Emmenbr\u00fccke geplant - IMMOBILIEN Business<\/title>\n<meta name=\"description\" content=\"Im Luzerner Vorort Emmen soll das Quartier Emmenbaum entwickelt und verdichtet werden. Geplant sind rund 3.000 qm Gewerbe- und Dienstleistungsfl\u00e4chen sowie etwa 120 Wohnungen.\" \/>\n<meta name=\"robots\" content=\"index, follow, max-snippet:-1, max-image-preview:large, max-video-preview:-1\" \/>\n<link rel=\"canonical\" href=\"https:\/\/www.immobilienbusiness.ch\/fr\/ib\/2020-11-30\/emmen-wohnuberbauung-am-bahnhof-emmenbrucke-geplant\/\" \/>\n<meta property=\"og:locale\" content=\"fr_FR\" \/>\n<meta property=\"og:type\" content=\"article\" \/>\n<meta property=\"og:title\" content=\"Emmen: Wohn\u00fcberbauung am Bahnhof Emmenbr\u00fccke geplant - IMMOBILIEN Business\" \/>\n<meta property=\"og:description\" content=\"Im Luzerner Vorort Emmen soll das Quartier Emmenbaum entwickelt und verdichtet werden. Geplant sind rund 3.000 qm Gewerbe- und Dienstleistungsfl\u00e4chen sowie etwa 120 Wohnungen.\" \/>\n<meta property=\"og:url\" content=\"https:\/\/www.immobilienbusiness.ch\/fr\/ib\/2020-11-30\/emmen-wohnuberbauung-am-bahnhof-emmenbrucke-geplant\/\" \/>\n<meta property=\"og:site_name\" content=\"IMMOBILIEN Business\" \/>\n<meta property=\"article:publisher\" content=\"https:\/\/www.facebook.com\/immobilienbusiness\/\" \/>\n<meta property=\"article:published_time\" content=\"2020-11-30T07:18:51+00:00\" \/>\n<meta property=\"article:modified_time\" content=\"2023-07-06T16:58:58+00:00\" \/>\n<meta name=\"author\" content=\"anja.hall\" \/>\n<meta name=\"twitter:card\" content=\"summary_large_image\" \/>\n<script type=\"application\/ld+json\" class=\"yoast-schema-graph\">{\"@context\":\"https:\\\/\\\/schema.org\",\"@graph\":[{\"@type\":\"Article\",\"@id\":\"https:\\\/\\\/www.immobilienbusiness.ch\\\/ib\\\/2020-11-30\\\/emmen-wohnuberbauung-am-bahnhof-emmenbrucke-geplant\\\/#article\",\"isPartOf\":{\"@id\":\"https:\\\/\\\/www.immobilienbusiness.ch\\\/ib\\\/2020-11-30\\\/emmen-wohnuberbauung-am-bahnhof-emmenbrucke-geplant\\\/\"},\"author\":{\"name\":\"anja.hall\",\"@id\":\"https:\\\/\\\/www.immobilienbusiness.ch\\\/#\\\/schema\\\/person\\\/3fc036297b10b9f42d6db5ee932af8c8\"},\"headline\":\"Emmen: Wohn\u00fcberbauung am Bahnhof Emmenbr\u00fccke geplant\",\"datePublished\":\"2020-11-30T07:18:51+00:00\",\"dateModified\":\"2023-07-06T16:58:58+00:00\",\"mainEntityOfPage\":{\"@id\":\"https:\\\/\\\/www.immobilienbusiness.ch\\\/ib\\\/2020-11-30\\\/emmen-wohnuberbauung-am-bahnhof-emmenbrucke-geplant\\\/\"},\"wordCount\":234,\"publisher\":{\"@id\":\"https:\\\/\\\/www.immobilienbusiness.ch\\\/#organization\"},\"keywords\":[\"in Planung\",\"LU\",\"verf\u00fcgbare Fl\u00e4che\",\"Wohn- und Gewerbeimmobilie\"],\"articleSection\":[\"IB+\"],\"inLanguage\":\"fr-FR\"},{\"@type\":\"WebPage\",\"@id\":\"https:\\\/\\\/www.immobilienbusiness.ch\\\/ib\\\/2020-11-30\\\/emmen-wohnuberbauung-am-bahnhof-emmenbrucke-geplant\\\/\",\"url\":\"https:\\\/\\\/www.immobilienbusiness.ch\\\/ib\\\/2020-11-30\\\/emmen-wohnuberbauung-am-bahnhof-emmenbrucke-geplant\\\/\",\"name\":\"Emmen: Wohn\u00fcberbauung am Bahnhof Emmenbr\u00fccke geplant - IMMOBILIEN Business\",\"isPartOf\":{\"@id\":\"https:\\\/\\\/www.immobilienbusiness.ch\\\/#website\"},\"datePublished\":\"2020-11-30T07:18:51+00:00\",\"dateModified\":\"2023-07-06T16:58:58+00:00\",\"description\":\"Im Luzerner Vorort Emmen soll das Quartier Emmenbaum entwickelt und verdichtet werden. Geplant sind rund 3.000 qm Gewerbe- und Dienstleistungsfl\u00e4chen sowie etwa 120 Wohnungen.\",\"breadcrumb\":{\"@id\":\"https:\\\/\\\/www.immobilienbusiness.ch\\\/ib\\\/2020-11-30\\\/emmen-wohnuberbauung-am-bahnhof-emmenbrucke-geplant\\\/#breadcrumb\"},\"inLanguage\":\"fr-FR\",\"potentialAction\":[{\"@type\":\"ReadAction\",\"target\":[\"https:\\\/\\\/www.immobilienbusiness.ch\\\/ib\\\/2020-11-30\\\/emmen-wohnuberbauung-am-bahnhof-emmenbrucke-geplant\\\/\"]}]},{\"@type\":\"BreadcrumbList\",\"@id\":\"https:\\\/\\\/www.immobilienbusiness.ch\\\/ib\\\/2020-11-30\\\/emmen-wohnuberbauung-am-bahnhof-emmenbrucke-geplant\\\/#breadcrumb\",\"itemListElement\":[{\"@type\":\"ListItem\",\"position\":1,\"name\":\"Home\",\"item\":\"https:\\\/\\\/www.immobilienbusiness.ch\\\/\"},{\"@type\":\"ListItem\",\"position\":2,\"name\":\"Emmen: Wohn\u00fcberbauung am Bahnhof Emmenbr\u00fccke geplant\"}]},{\"@type\":\"WebSite\",\"@id\":\"https:\\\/\\\/www.immobilienbusiness.ch\\\/#website\",\"url\":\"https:\\\/\\\/www.immobilienbusiness.ch\\\/\",\"name\":\"IMMOBILIEN Business\",\"description\":\"Unabh\u00e4ngiges Schweizer Wirtschaftsmagazin mit Fokus auf Immobilien, Architektur- und Bau sowie Investment- und Finanzierung.\",\"publisher\":{\"@id\":\"https:\\\/\\\/www.immobilienbusiness.ch\\\/#organization\"},\"potentialAction\":[{\"@type\":\"SearchAction\",\"target\":{\"@type\":\"EntryPoint\",\"urlTemplate\":\"https:\\\/\\\/www.immobilienbusiness.ch\\\/?s={search_term_string}\"},\"query-input\":{\"@type\":\"PropertyValueSpecification\",\"valueRequired\":true,\"valueName\":\"search_term_string\"}}],\"inLanguage\":\"fr-FR\"},{\"@type\":\"Organization\",\"@id\":\"https:\\\/\\\/www.immobilienbusiness.ch\\\/#organization\",\"name\":\"IMMOBILIEN Business\",\"url\":\"https:\\\/\\\/www.immobilienbusiness.ch\\\/\",\"logo\":{\"@type\":\"ImageObject\",\"inLanguage\":\"fr-FR\",\"@id\":\"https:\\\/\\\/www.immobilienbusiness.ch\\\/#\\\/schema\\\/logo\\\/image\\\/\",\"url\":\"https:\\\/\\\/www.immobilienbusiness.ch\\\/wp-content\\\/uploads\\\/2021\\\/07\\\/logo_ib.png\",\"contentUrl\":\"https:\\\/\\\/www.immobilienbusiness.ch\\\/wp-content\\\/uploads\\\/2021\\\/07\\\/logo_ib.png\",\"width\":800,\"height\":181,\"caption\":\"IMMOBILIEN Business\"},\"image\":{\"@id\":\"https:\\\/\\\/www.immobilienbusiness.ch\\\/#\\\/schema\\\/logo\\\/image\\\/\"},\"sameAs\":[\"https:\\\/\\\/www.facebook.com\\\/immobilienbusiness\\\/\"]},{\"@type\":\"Person\",\"@id\":\"https:\\\/\\\/www.immobilienbusiness.ch\\\/#\\\/schema\\\/person\\\/3fc036297b10b9f42d6db5ee932af8c8\",\"name\":\"anja.hall\",\"image\":{\"@type\":\"ImageObject\",\"inLanguage\":\"fr-FR\",\"@id\":\"https:\\\/\\\/secure.gravatar.com\\\/avatar\\\/066b5a0d447013502c71a5782f4f3469f03cfe595cc2329fb94652fe47511bfb?s=96&d=mm&r=g\",\"url\":\"https:\\\/\\\/secure.gravatar.com\\\/avatar\\\/066b5a0d447013502c71a5782f4f3469f03cfe595cc2329fb94652fe47511bfb?s=96&d=mm&r=g\",\"contentUrl\":\"https:\\\/\\\/secure.gravatar.com\\\/avatar\\\/066b5a0d447013502c71a5782f4f3469f03cfe595cc2329fb94652fe47511bfb?s=96&d=mm&r=g\",\"caption\":\"anja.hall\"},\"url\":\"https:\\\/\\\/www.immobilienbusiness.ch\\\/fr\\\/author\\\/anja-hall\\\/\"}]}<\/script>\n<!-- \/ Yoast SEO plugin. -->","yoast_head_json":{"title":"Emmen: Wohn\u00fcberbauung am Bahnhof Emmenbr\u00fccke geplant - IMMOBILIEN Business","description":"Dans la banlieue lucernoise d'Emmen, le quartier d'Emmenbaum doit \u00eatre d\u00e9velopp\u00e9 et densifi\u00e9. Il est pr\u00e9vu d'y am\u00e9nager environ 3.000 m2 de surfaces commerciales et de services ainsi que quelque 120 logements.","robots":{"index":"index","follow":"follow","max-snippet":"max-snippet:-1","max-image-preview":"max-image-preview:large","max-video-preview":"max-video-preview:-1"},"canonical":"https:\/\/www.immobilienbusiness.ch\/fr\/ib\/2020-11-30\/emmen-wohnuberbauung-am-bahnhof-emmenbrucke-geplant\/","og_locale":"fr_FR","og_type":"article","og_title":"Emmen: Wohn\u00fcberbauung am Bahnhof Emmenbr\u00fccke geplant - IMMOBILIEN Business","og_description":"Im Luzerner Vorort Emmen soll das Quartier Emmenbaum entwickelt und verdichtet werden. Geplant sind rund 3.000 qm Gewerbe- und Dienstleistungsfl\u00e4chen sowie etwa 120 Wohnungen.","og_url":"https:\/\/www.immobilienbusiness.ch\/fr\/ib\/2020-11-30\/emmen-wohnuberbauung-am-bahnhof-emmenbrucke-geplant\/","og_site_name":"IMMOBILIEN Business","article_publisher":"https:\/\/www.facebook.com\/immobilienbusiness\/","article_published_time":"2020-11-30T07:18:51+00:00","article_modified_time":"2023-07-06T16:58:58+00:00","author":"anja.hall","twitter_card":"summary_large_image","schema":{"@context":"https:\/\/schema.org","@graph":[{"@type":"Article","@id":"https:\/\/www.immobilienbusiness.ch\/ib\/2020-11-30\/emmen-wohnuberbauung-am-bahnhof-emmenbrucke-geplant\/#article","isPartOf":{"@id":"https:\/\/www.immobilienbusiness.ch\/ib\/2020-11-30\/emmen-wohnuberbauung-am-bahnhof-emmenbrucke-geplant\/"},"author":{"name":"anja.hall","@id":"https:\/\/www.immobilienbusiness.ch\/#\/schema\/person\/3fc036297b10b9f42d6db5ee932af8c8"},"headline":"Emmen: Wohn\u00fcberbauung am Bahnhof Emmenbr\u00fccke geplant","datePublished":"2020-11-30T07:18:51+00:00","dateModified":"2023-07-06T16:58:58+00:00","mainEntityOfPage":{"@id":"https:\/\/www.immobilienbusiness.ch\/ib\/2020-11-30\/emmen-wohnuberbauung-am-bahnhof-emmenbrucke-geplant\/"},"wordCount":234,"publisher":{"@id":"https:\/\/www.immobilienbusiness.ch\/#organization"},"keywords":["in Planung","LU","verf\u00fcgbare Fl\u00e4che","Wohn- und Gewerbeimmobilie"],"articleSection":["IB+"],"inLanguage":"fr-FR"},{"@type":"WebPage","@id":"https:\/\/www.immobilienbusiness.ch\/ib\/2020-11-30\/emmen-wohnuberbauung-am-bahnhof-emmenbrucke-geplant\/","url":"https:\/\/www.immobilienbusiness.ch\/ib\/2020-11-30\/emmen-wohnuberbauung-am-bahnhof-emmenbrucke-geplant\/","name":"Emmen: Wohn\u00fcberbauung am Bahnhof Emmenbr\u00fccke geplant - IMMOBILIEN Business","isPartOf":{"@id":"https:\/\/www.immobilienbusiness.ch\/#website"},"datePublished":"2020-11-30T07:18:51+00:00","dateModified":"2023-07-06T16:58:58+00:00","description":"Dans la banlieue lucernoise d'Emmen, le quartier d'Emmenbaum doit \u00eatre d\u00e9velopp\u00e9 et densifi\u00e9. Il est pr\u00e9vu d'y am\u00e9nager environ 3.000 m2 de surfaces commerciales et de services ainsi que quelque 120 logements.","breadcrumb":{"@id":"https:\/\/www.immobilienbusiness.ch\/ib\/2020-11-30\/emmen-wohnuberbauung-am-bahnhof-emmenbrucke-geplant\/#breadcrumb"},"inLanguage":"fr-FR","potentialAction":[{"@type":"ReadAction","target":["https:\/\/www.immobilienbusiness.ch\/ib\/2020-11-30\/emmen-wohnuberbauung-am-bahnhof-emmenbrucke-geplant\/"]}]},{"@type":"BreadcrumbList","@id":"https:\/\/www.immobilienbusiness.ch\/ib\/2020-11-30\/emmen-wohnuberbauung-am-bahnhof-emmenbrucke-geplant\/#breadcrumb","itemListElement":[{"@type":"ListItem","position":1,"name":"Home","item":"https:\/\/www.immobilienbusiness.ch\/"},{"@type":"ListItem","position":2,"name":"Emmen: Wohn\u00fcberbauung am Bahnhof Emmenbr\u00fccke geplant"}]},{"@type":"WebSite","@id":"https:\/\/www.immobilienbusiness.ch\/#website","url":"https:\/\/www.immobilienbusiness.ch\/","name":"IMMOBILIER Business","description":"Magazine \u00e9conomique suisse ind\u00e9pendant ax\u00e9 sur l'immobilier, l'architecture et la construction ainsi que sur les investissements et le financement.","publisher":{"@id":"https:\/\/www.immobilienbusiness.ch\/#organization"},"potentialAction":[{"@type":"SearchAction","target":{"@type":"EntryPoint","urlTemplate":"https:\/\/www.immobilienbusiness.ch\/?s={search_term_string}"},"query-input":{"@type":"PropertyValueSpecification","valueRequired":true,"valueName":"search_term_string"}}],"inLanguage":"fr-FR"},{"@type":"Organization","@id":"https:\/\/www.immobilienbusiness.ch\/#organization","name":"IMMOBILIER Business","url":"https:\/\/www.immobilienbusiness.ch\/","logo":{"@type":"ImageObject","inLanguage":"fr-FR","@id":"https:\/\/www.immobilienbusiness.ch\/#\/schema\/logo\/image\/","url":"https:\/\/www.immobilienbusiness.ch\/wp-content\/uploads\/2021\/07\/logo_ib.png","contentUrl":"https:\/\/www.immobilienbusiness.ch\/wp-content\/uploads\/2021\/07\/logo_ib.png","width":800,"height":181,"caption":"IMMOBILIEN Business"},"image":{"@id":"https:\/\/www.immobilienbusiness.ch\/#\/schema\/logo\/image\/"},"sameAs":["https:\/\/www.facebook.com\/immobilienbusiness\/"]},{"@type":"Person","@id":"https:\/\/www.immobilienbusiness.ch\/#\/schema\/person\/3fc036297b10b9f42d6db5ee932af8c8","name":"anja.hall","image":{"@type":"ImageObject","inLanguage":"fr-FR","@id":"https:\/\/secure.gravatar.com\/avatar\/066b5a0d447013502c71a5782f4f3469f03cfe595cc2329fb94652fe47511bfb?s=96&d=mm&r=g","url":"https:\/\/secure.gravatar.com\/avatar\/066b5a0d447013502c71a5782f4f3469f03cfe595cc2329fb94652fe47511bfb?s=96&d=mm&r=g","contentUrl":"https:\/\/secure.gravatar.com\/avatar\/066b5a0d447013502c71a5782f4f3469f03cfe595cc2329fb94652fe47511bfb?s=96&d=mm&r=g","caption":"anja.hall"},"url":"https:\/\/www.immobilienbusiness.ch\/fr\/author\/anja-hall\/"}]}},"_links":{"self":[{"href":"https:\/\/www.immobilienbusiness.ch\/fr\/wp-json\/wp\/v2\/posts\/966","targetHints":{"allow":["GET"]}}],"collection":[{"href":"https:\/\/www.immobilienbusiness.ch\/fr\/wp-json\/wp\/v2\/posts"}],"about":[{"href":"https:\/\/www.immobilienbusiness.ch\/fr\/wp-json\/wp\/v2\/types\/post"}],"author":[{"embeddable":true,"href":"https:\/\/www.immobilienbusiness.ch\/fr\/wp-json\/wp\/v2\/users\/3"}],"replies":[{"embeddable":true,"href":"https:\/\/www.immobilienbusiness.ch\/fr\/wp-json\/wp\/v2\/comments?post=966"}],"version-history":[{"count":1,"href":"https:\/\/www.immobilienbusiness.ch\/fr\/wp-json\/wp\/v2\/posts\/966\/revisions"}],"predecessor-version":[{"id":50113,"href":"https:\/\/www.immobilienbusiness.ch\/fr\/wp-json\/wp\/v2\/posts\/966\/revisions\/50113"}],"wp:attachment":[{"href":"https:\/\/www.immobilienbusiness.ch\/fr\/wp-json\/wp\/v2\/media?parent=966"}],"wp:term":[{"taxonomy":"category","embeddable":true,"href":"https:\/\/www.immobilienbusiness.ch\/fr\/wp-json\/wp\/v2\/categories?post=966"},{"taxonomy":"post_tag","embeddable":true,"href":"https:\/\/www.immobilienbusiness.ch\/fr\/wp-json\/wp\/v2\/tags?post=966"}],"curies":[{"name":"wp","href":"https:\/\/api.w.org\/{rel}","templated":true}]}}