{"id":9613,"date":"2017-10-18T08:42:39","date_gmt":"2017-10-18T06:42:39","guid":{"rendered":"https:\/\/www.immobilienbusiness.ch\/?p=9613"},"modified":"2017-10-18T08:42:39","modified_gmt":"2017-10-18T06:42:39","slug":"suurstoffi-mobilezone-wird-ankermieter-im-holzhochhaus","status":"publish","type":"post","link":"https:\/\/www.immobilienbusiness.ch\/fr\/regionen\/2017-10-18\/suurstoffi-mobilezone-wird-ankermieter-im-holzhochhaus\/","title":{"rendered":"Suurstoffi : Mobilezone devient le locataire principal de la tour en bois"},"content":{"rendered":"<figure id=\"attachment_9615\" aria-describedby=\"caption-attachment-9615\" style=\"width: 680px\" class=\"wp-caption alignnone\"><img loading=\"lazy\" decoding=\"async\" class=\"size-medium wp-image-9615\" src=\"https:\/\/www.immobilienbusiness.ch\/wp-content\/uploads\/2017\/10\/Aussenbild_Suurstoffi-22.jpg\" alt=\"\" width=\"680\" height=\"453\" srcset=\"https:\/\/www.immobilienbusiness.ch\/wp-content\/uploads\/2017\/10\/Aussenbild_Suurstoffi-22.jpg 2560w, https:\/\/www.immobilienbusiness.ch\/wp-content\/uploads\/2017\/10\/Aussenbild_Suurstoffi-22-300x200.jpg 300w, https:\/\/www.immobilienbusiness.ch\/wp-content\/uploads\/2017\/10\/Aussenbild_Suurstoffi-22-1024x683.jpg 1024w, https:\/\/www.immobilienbusiness.ch\/wp-content\/uploads\/2017\/10\/Aussenbild_Suurstoffi-22-768x512.jpg 768w, https:\/\/www.immobilienbusiness.ch\/wp-content\/uploads\/2017\/10\/Aussenbild_Suurstoffi-22-1536x1024.jpg 1536w, https:\/\/www.immobilienbusiness.ch\/wp-content\/uploads\/2017\/10\/Aussenbild_Suurstoffi-22-2048x1365.jpg 2048w, https:\/\/www.immobilienbusiness.ch\/wp-content\/uploads\/2017\/10\/Aussenbild_Suurstoffi-22-16x12.jpg 16w, https:\/\/www.immobilienbusiness.ch\/wp-content\/uploads\/2017\/10\/Aussenbild_Suurstoffi-22-263x175.jpg 263w, https:\/\/www.immobilienbusiness.ch\/wp-content\/uploads\/2017\/10\/Aussenbild_Suurstoffi-22-525x350.jpg 525w, https:\/\/www.immobilienbusiness.ch\/wp-content\/uploads\/2017\/10\/Aussenbild_Suurstoffi-22-1200x800.jpg 1200w, https:\/\/www.immobilienbusiness.ch\/wp-content\/uploads\/2017\/10\/Aussenbild_Suurstoffi-22-920x613.jpg 920w, https:\/\/www.immobilienbusiness.ch\/wp-content\/uploads\/2017\/10\/Aussenbild_Suurstoffi-22-1400x933.jpg 1400w\" sizes=\"auto, (max-width: 680px) 100vw, 680px\" \/><figcaption id=\"caption-attachment-9615\" class=\"wp-caption-text\">La tour en bois Suurstoffi 22 (visualisation : Zug Estates)<\/figcaption><\/figure>\n<p>Zug Estates a d\u00e9clar\u00e9 avoir conclu un contrat de dix ans avec Mobilezone. L'entreprise transf\u00e8re son si\u00e8ge social de Regensdorf (ZH) \u00e0 la Suurstoffi au 1er novembre 2018. Une centaine de collaborateurs travailleront \u00e0 l'avenir au Suurstoffi 22, la premi\u00e8re tour en bois de Suisse.<\/p>\n<p>Selon Markus Bernhard, CEO du groupe Mobilezone, la d\u00e9cision a \u00e9t\u00e9 prise en particulier en raison de la situation en mati\u00e8re de transports et du bon rapport co\u00fbt-efficacit\u00e9, communique Zug Estates.<\/p>\n<p>Avec Arval (Suisse) SA et OSR Enterprises GmbH, deux autres entreprises ont annonc\u00e9 leur d\u00e9m\u00e9nagement \u00e0 Suurstoffi au cours des derniers mois.<\/p>","protected":false},"excerpt":{"rendered":"<p>L'ann\u00e9e prochaine, Mobilezone d\u00e9placera son si\u00e8ge social sur le site de Suurstoffi \u00e0 Risch Rotkreuz. L'entreprise de t\u00e9l\u00e9communications sera le locataire principal de la tour en bois Suurstoffi 22.<\/p>","protected":false},"author":3,"featured_media":9615,"comment_status":"open","ping_status":"open","sticky":false,"template":"","format":"standard","meta":{"_acf_changed":false,"_yoast_wpseo_focuskw":"Mobilezone","_yoast_wpseo_title":"","_yoast_wpseo_metadesc":"Mobilezone verlagert seinen Hauptsitz im kommenden Jahr ins Suurstoffi-Areal in Risch Rotkreuz. Das Telekommunikationsunternehmen mietet im Holzhochhaus.","_yoast_wpseo_linkdex":46,"pgc_sgb_lightbox_settings":"","footnotes":""},"categories":[985],"tags":[1119,1629,1747,1832,1884],"class_list":["post-9613","post","type-post","status-publish","format-standard","has-post-thumbnail","hentry","category-regionen","tag-bueroimmobilien","tag-regionen","tag-suurstoffi","tag-vermietung","tag-zug"],"acf":[],"yoast_head":"<!-- This site is optimized with the Yoast SEO plugin v27.5 - https:\/\/yoast.com\/product\/yoast-seo-wordpress\/ -->\n<title>Suurstoffi: Mobilezone wird Ankermieter im Holzhochhaus - IMMOBILIEN Business<\/title>\n<meta name=\"description\" content=\"Mobilezone verlagert seinen Hauptsitz im kommenden Jahr ins Suurstoffi-Areal in Risch Rotkreuz. Das Telekommunikationsunternehmen mietet im Holzhochhaus.\" \/>\n<meta name=\"robots\" content=\"index, follow, max-snippet:-1, max-image-preview:large, max-video-preview:-1\" \/>\n<link rel=\"canonical\" href=\"https:\/\/www.immobilienbusiness.ch\/fr\/regionen\/2017-10-18\/suurstoffi-mobilezone-wird-ankermieter-im-holzhochhaus\/\" \/>\n<meta property=\"og:locale\" content=\"fr_FR\" \/>\n<meta property=\"og:type\" content=\"article\" \/>\n<meta property=\"og:title\" content=\"Suurstoffi: mobilezone wird Ankermieter im Holzhochhaus\" \/>\n<meta property=\"og:description\" content=\"Mobilezone verlagert seinen Hauptsitz im kommenden Jahr ins Suurstoffi-Areal in Risch Rotkreuz. Das Telekommunikationsunternehmen mietet im Holzhochhaus.\" \/>\n<meta property=\"og:url\" content=\"https:\/\/www.immobilienbusiness.ch\/fr\/regionen\/2017-10-18\/suurstoffi-mobilezone-wird-ankermieter-im-holzhochhaus\/\" \/>\n<meta property=\"og:site_name\" content=\"IMMOBILIEN Business\" \/>\n<meta property=\"article:publisher\" content=\"https:\/\/www.facebook.com\/immobilienbusiness\/\" \/>\n<meta property=\"article:published_time\" content=\"2017-10-18T06:42:39+00:00\" \/>\n<meta property=\"og:image\" content=\"https:\/\/www.immobilienbusiness.ch\/wp-content\/uploads\/2017\/10\/Aussenbild_Suurstoffi-22-1024x683.jpg\" \/>\n\t<meta property=\"og:image:width\" content=\"1024\" \/>\n\t<meta property=\"og:image:height\" content=\"683\" \/>\n\t<meta property=\"og:image:type\" content=\"image\/jpeg\" \/>\n<meta name=\"author\" content=\"anja.hall\" \/>\n<meta name=\"twitter:card\" content=\"summary_large_image\" \/>\n<meta name=\"twitter:title\" content=\"Suurstoffi: mobilezone wird Ankermieter im Holzhochhaus\" \/>\n<meta name=\"twitter:description\" content=\"Mobilezone verlagert seinen Hauptsitz im kommenden Jahr ins Suurstoffi-Areal in Risch Rotkreuz. Das Telekommunikationsunternehmen mietet im Holzhochhaus.\" \/>\n<meta name=\"twitter:image\" content=\"https:\/\/www.immobilienbusiness.ch\/wp-content\/uploads\/2017\/10\/Aussenbild_Suurstoffi-22.jpg\" \/>\n<script type=\"application\/ld+json\" class=\"yoast-schema-graph\">{\"@context\":\"https:\\\/\\\/schema.org\",\"@graph\":[{\"@type\":\"Article\",\"@id\":\"https:\\\/\\\/www.immobilienbusiness.ch\\\/fr\\\/regionen\\\/2017-10-18\\\/suurstoffi-mobilezone-wird-ankermieter-im-holzhochhaus\\\/#article\",\"isPartOf\":{\"@id\":\"https:\\\/\\\/www.immobilienbusiness.ch\\\/fr\\\/regionen\\\/2017-10-18\\\/suurstoffi-mobilezone-wird-ankermieter-im-holzhochhaus\\\/\"},\"author\":{\"name\":\"anja.hall\",\"@id\":\"https:\\\/\\\/www.immobilienbusiness.ch\\\/#\\\/schema\\\/person\\\/3fc036297b10b9f42d6db5ee932af8c8\"},\"headline\":\"Suurstoffi: Mobilezone wird Ankermieter im Holzhochhaus\",\"datePublished\":\"2017-10-18T06:42:39+00:00\",\"mainEntityOfPage\":{\"@id\":\"https:\\\/\\\/www.immobilienbusiness.ch\\\/fr\\\/regionen\\\/2017-10-18\\\/suurstoffi-mobilezone-wird-ankermieter-im-holzhochhaus\\\/\"},\"wordCount\":109,\"commentCount\":0,\"publisher\":{\"@id\":\"https:\\\/\\\/www.immobilienbusiness.ch\\\/#organization\"},\"image\":{\"@id\":\"https:\\\/\\\/www.immobilienbusiness.ch\\\/fr\\\/regionen\\\/2017-10-18\\\/suurstoffi-mobilezone-wird-ankermieter-im-holzhochhaus\\\/#primaryimage\"},\"thumbnailUrl\":\"https:\\\/\\\/www.immobilienbusiness.ch\\\/wp-content\\\/uploads\\\/2017\\\/10\\\/Aussenbild_Suurstoffi-22.jpg\",\"keywords\":[\"B\u00fcroimmobilien\",\"Regionen\",\"Suurstoffi\",\"Vermietung\",\"Zug\"],\"articleSection\":[\"REGIONEN\"],\"inLanguage\":\"fr-FR\"},{\"@type\":\"WebPage\",\"@id\":\"https:\\\/\\\/www.immobilienbusiness.ch\\\/fr\\\/regionen\\\/2017-10-18\\\/suurstoffi-mobilezone-wird-ankermieter-im-holzhochhaus\\\/\",\"url\":\"https:\\\/\\\/www.immobilienbusiness.ch\\\/fr\\\/regionen\\\/2017-10-18\\\/suurstoffi-mobilezone-wird-ankermieter-im-holzhochhaus\\\/\",\"name\":\"Suurstoffi: Mobilezone wird Ankermieter im Holzhochhaus - IMMOBILIEN Business\",\"isPartOf\":{\"@id\":\"https:\\\/\\\/www.immobilienbusiness.ch\\\/#website\"},\"primaryImageOfPage\":{\"@id\":\"https:\\\/\\\/www.immobilienbusiness.ch\\\/fr\\\/regionen\\\/2017-10-18\\\/suurstoffi-mobilezone-wird-ankermieter-im-holzhochhaus\\\/#primaryimage\"},\"image\":{\"@id\":\"https:\\\/\\\/www.immobilienbusiness.ch\\\/fr\\\/regionen\\\/2017-10-18\\\/suurstoffi-mobilezone-wird-ankermieter-im-holzhochhaus\\\/#primaryimage\"},\"thumbnailUrl\":\"https:\\\/\\\/www.immobilienbusiness.ch\\\/wp-content\\\/uploads\\\/2017\\\/10\\\/Aussenbild_Suurstoffi-22.jpg\",\"datePublished\":\"2017-10-18T06:42:39+00:00\",\"description\":\"Mobilezone verlagert seinen Hauptsitz im kommenden Jahr ins Suurstoffi-Areal in Risch Rotkreuz. Das Telekommunikationsunternehmen mietet im Holzhochhaus.\",\"breadcrumb\":{\"@id\":\"https:\\\/\\\/www.immobilienbusiness.ch\\\/fr\\\/regionen\\\/2017-10-18\\\/suurstoffi-mobilezone-wird-ankermieter-im-holzhochhaus\\\/#breadcrumb\"},\"inLanguage\":\"fr-FR\",\"potentialAction\":[{\"@type\":\"ReadAction\",\"target\":[\"https:\\\/\\\/www.immobilienbusiness.ch\\\/fr\\\/regionen\\\/2017-10-18\\\/suurstoffi-mobilezone-wird-ankermieter-im-holzhochhaus\\\/\"]}]},{\"@type\":\"ImageObject\",\"inLanguage\":\"fr-FR\",\"@id\":\"https:\\\/\\\/www.immobilienbusiness.ch\\\/fr\\\/regionen\\\/2017-10-18\\\/suurstoffi-mobilezone-wird-ankermieter-im-holzhochhaus\\\/#primaryimage\",\"url\":\"https:\\\/\\\/www.immobilienbusiness.ch\\\/wp-content\\\/uploads\\\/2017\\\/10\\\/Aussenbild_Suurstoffi-22.jpg\",\"contentUrl\":\"https:\\\/\\\/www.immobilienbusiness.ch\\\/wp-content\\\/uploads\\\/2017\\\/10\\\/Aussenbild_Suurstoffi-22.jpg\",\"width\":2560,\"height\":1707,\"caption\":\"Das Holzhochhaus Suurstoffi 22 (Visualisierung: Zug Estates)\"},{\"@type\":\"BreadcrumbList\",\"@id\":\"https:\\\/\\\/www.immobilienbusiness.ch\\\/fr\\\/regionen\\\/2017-10-18\\\/suurstoffi-mobilezone-wird-ankermieter-im-holzhochhaus\\\/#breadcrumb\",\"itemListElement\":[{\"@type\":\"ListItem\",\"position\":1,\"name\":\"Home\",\"item\":\"https:\\\/\\\/www.immobilienbusiness.ch\\\/\"},{\"@type\":\"ListItem\",\"position\":2,\"name\":\"Suurstoffi: Mobilezone wird Ankermieter im Holzhochhaus\"}]},{\"@type\":\"WebSite\",\"@id\":\"https:\\\/\\\/www.immobilienbusiness.ch\\\/#website\",\"url\":\"https:\\\/\\\/www.immobilienbusiness.ch\\\/\",\"name\":\"IMMOBILIEN Business\",\"description\":\"Unabh\u00e4ngiges Schweizer Wirtschaftsmagazin mit Fokus auf Immobilien, Architektur- und Bau sowie Investment- und Finanzierung.\",\"publisher\":{\"@id\":\"https:\\\/\\\/www.immobilienbusiness.ch\\\/#organization\"},\"potentialAction\":[{\"@type\":\"SearchAction\",\"target\":{\"@type\":\"EntryPoint\",\"urlTemplate\":\"https:\\\/\\\/www.immobilienbusiness.ch\\\/?s={search_term_string}\"},\"query-input\":{\"@type\":\"PropertyValueSpecification\",\"valueRequired\":true,\"valueName\":\"search_term_string\"}}],\"inLanguage\":\"fr-FR\"},{\"@type\":\"Organization\",\"@id\":\"https:\\\/\\\/www.immobilienbusiness.ch\\\/#organization\",\"name\":\"IMMOBILIEN Business\",\"url\":\"https:\\\/\\\/www.immobilienbusiness.ch\\\/\",\"logo\":{\"@type\":\"ImageObject\",\"inLanguage\":\"fr-FR\",\"@id\":\"https:\\\/\\\/www.immobilienbusiness.ch\\\/#\\\/schema\\\/logo\\\/image\\\/\",\"url\":\"https:\\\/\\\/www.immobilienbusiness.ch\\\/wp-content\\\/uploads\\\/2021\\\/07\\\/logo_ib.png\",\"contentUrl\":\"https:\\\/\\\/www.immobilienbusiness.ch\\\/wp-content\\\/uploads\\\/2021\\\/07\\\/logo_ib.png\",\"width\":800,\"height\":181,\"caption\":\"IMMOBILIEN Business\"},\"image\":{\"@id\":\"https:\\\/\\\/www.immobilienbusiness.ch\\\/#\\\/schema\\\/logo\\\/image\\\/\"},\"sameAs\":[\"https:\\\/\\\/www.facebook.com\\\/immobilienbusiness\\\/\"]},{\"@type\":\"Person\",\"@id\":\"https:\\\/\\\/www.immobilienbusiness.ch\\\/#\\\/schema\\\/person\\\/3fc036297b10b9f42d6db5ee932af8c8\",\"name\":\"anja.hall\",\"image\":{\"@type\":\"ImageObject\",\"inLanguage\":\"fr-FR\",\"@id\":\"https:\\\/\\\/secure.gravatar.com\\\/avatar\\\/066b5a0d447013502c71a5782f4f3469f03cfe595cc2329fb94652fe47511bfb?s=96&d=mm&r=g\",\"url\":\"https:\\\/\\\/secure.gravatar.com\\\/avatar\\\/066b5a0d447013502c71a5782f4f3469f03cfe595cc2329fb94652fe47511bfb?s=96&d=mm&r=g\",\"contentUrl\":\"https:\\\/\\\/secure.gravatar.com\\\/avatar\\\/066b5a0d447013502c71a5782f4f3469f03cfe595cc2329fb94652fe47511bfb?s=96&d=mm&r=g\",\"caption\":\"anja.hall\"},\"url\":\"https:\\\/\\\/www.immobilienbusiness.ch\\\/fr\\\/author\\\/anja-hall\\\/\"}]}<\/script>\n<!-- \/ Yoast SEO plugin. -->","yoast_head_json":{"title":"Suurstoffi: Mobilezone wird Ankermieter im Holzhochhaus - IMMOBILIEN Business","description":"Mobilezone verlagert seinen Hauptsitz im kommenden Jahr ins Suurstoffi-Areal in Risch Rotkreuz. Das Telekommunikationsunternehmen mietet im Holzhochhaus.","robots":{"index":"index","follow":"follow","max-snippet":"max-snippet:-1","max-image-preview":"max-image-preview:large","max-video-preview":"max-video-preview:-1"},"canonical":"https:\/\/www.immobilienbusiness.ch\/fr\/regionen\/2017-10-18\/suurstoffi-mobilezone-wird-ankermieter-im-holzhochhaus\/","og_locale":"fr_FR","og_type":"article","og_title":"Suurstoffi: mobilezone wird Ankermieter im Holzhochhaus","og_description":"Mobilezone verlagert seinen Hauptsitz im kommenden Jahr ins Suurstoffi-Areal in Risch Rotkreuz. Das Telekommunikationsunternehmen mietet im Holzhochhaus.","og_url":"https:\/\/www.immobilienbusiness.ch\/fr\/regionen\/2017-10-18\/suurstoffi-mobilezone-wird-ankermieter-im-holzhochhaus\/","og_site_name":"IMMOBILIEN Business","article_publisher":"https:\/\/www.facebook.com\/immobilienbusiness\/","article_published_time":"2017-10-18T06:42:39+00:00","og_image":[{"width":1024,"height":683,"url":"https:\/\/www.immobilienbusiness.ch\/wp-content\/uploads\/2017\/10\/Aussenbild_Suurstoffi-22-1024x683.jpg","type":"image\/jpeg"}],"author":"anja.hall","twitter_card":"summary_large_image","twitter_title":"Suurstoffi: mobilezone wird Ankermieter im Holzhochhaus","twitter_description":"Mobilezone verlagert seinen Hauptsitz im kommenden Jahr ins Suurstoffi-Areal in Risch Rotkreuz. Das Telekommunikationsunternehmen mietet im Holzhochhaus.","twitter_image":"https:\/\/www.immobilienbusiness.ch\/wp-content\/uploads\/2017\/10\/Aussenbild_Suurstoffi-22.jpg","schema":{"@context":"https:\/\/schema.org","@graph":[{"@type":"Article","@id":"https:\/\/www.immobilienbusiness.ch\/fr\/regionen\/2017-10-18\/suurstoffi-mobilezone-wird-ankermieter-im-holzhochhaus\/#article","isPartOf":{"@id":"https:\/\/www.immobilienbusiness.ch\/fr\/regionen\/2017-10-18\/suurstoffi-mobilezone-wird-ankermieter-im-holzhochhaus\/"},"author":{"name":"anja.hall","@id":"https:\/\/www.immobilienbusiness.ch\/#\/schema\/person\/3fc036297b10b9f42d6db5ee932af8c8"},"headline":"Suurstoffi: Mobilezone wird Ankermieter im Holzhochhaus","datePublished":"2017-10-18T06:42:39+00:00","mainEntityOfPage":{"@id":"https:\/\/www.immobilienbusiness.ch\/fr\/regionen\/2017-10-18\/suurstoffi-mobilezone-wird-ankermieter-im-holzhochhaus\/"},"wordCount":109,"commentCount":0,"publisher":{"@id":"https:\/\/www.immobilienbusiness.ch\/#organization"},"image":{"@id":"https:\/\/www.immobilienbusiness.ch\/fr\/regionen\/2017-10-18\/suurstoffi-mobilezone-wird-ankermieter-im-holzhochhaus\/#primaryimage"},"thumbnailUrl":"https:\/\/www.immobilienbusiness.ch\/wp-content\/uploads\/2017\/10\/Aussenbild_Suurstoffi-22.jpg","keywords":["B\u00fcroimmobilien","Regionen","Suurstoffi","Vermietung","Zug"],"articleSection":["REGIONEN"],"inLanguage":"fr-FR"},{"@type":"WebPage","@id":"https:\/\/www.immobilienbusiness.ch\/fr\/regionen\/2017-10-18\/suurstoffi-mobilezone-wird-ankermieter-im-holzhochhaus\/","url":"https:\/\/www.immobilienbusiness.ch\/fr\/regionen\/2017-10-18\/suurstoffi-mobilezone-wird-ankermieter-im-holzhochhaus\/","name":"Suurstoffi: Mobilezone wird Ankermieter im Holzhochhaus - IMMOBILIEN Business","isPartOf":{"@id":"https:\/\/www.immobilienbusiness.ch\/#website"},"primaryImageOfPage":{"@id":"https:\/\/www.immobilienbusiness.ch\/fr\/regionen\/2017-10-18\/suurstoffi-mobilezone-wird-ankermieter-im-holzhochhaus\/#primaryimage"},"image":{"@id":"https:\/\/www.immobilienbusiness.ch\/fr\/regionen\/2017-10-18\/suurstoffi-mobilezone-wird-ankermieter-im-holzhochhaus\/#primaryimage"},"thumbnailUrl":"https:\/\/www.immobilienbusiness.ch\/wp-content\/uploads\/2017\/10\/Aussenbild_Suurstoffi-22.jpg","datePublished":"2017-10-18T06:42:39+00:00","description":"Mobilezone verlagert seinen Hauptsitz im kommenden Jahr ins Suurstoffi-Areal in Risch Rotkreuz. Das Telekommunikationsunternehmen mietet im Holzhochhaus.","breadcrumb":{"@id":"https:\/\/www.immobilienbusiness.ch\/fr\/regionen\/2017-10-18\/suurstoffi-mobilezone-wird-ankermieter-im-holzhochhaus\/#breadcrumb"},"inLanguage":"fr-FR","potentialAction":[{"@type":"ReadAction","target":["https:\/\/www.immobilienbusiness.ch\/fr\/regionen\/2017-10-18\/suurstoffi-mobilezone-wird-ankermieter-im-holzhochhaus\/"]}]},{"@type":"ImageObject","inLanguage":"fr-FR","@id":"https:\/\/www.immobilienbusiness.ch\/fr\/regionen\/2017-10-18\/suurstoffi-mobilezone-wird-ankermieter-im-holzhochhaus\/#primaryimage","url":"https:\/\/www.immobilienbusiness.ch\/wp-content\/uploads\/2017\/10\/Aussenbild_Suurstoffi-22.jpg","contentUrl":"https:\/\/www.immobilienbusiness.ch\/wp-content\/uploads\/2017\/10\/Aussenbild_Suurstoffi-22.jpg","width":2560,"height":1707,"caption":"Das Holzhochhaus Suurstoffi 22 (Visualisierung: Zug Estates)"},{"@type":"BreadcrumbList","@id":"https:\/\/www.immobilienbusiness.ch\/fr\/regionen\/2017-10-18\/suurstoffi-mobilezone-wird-ankermieter-im-holzhochhaus\/#breadcrumb","itemListElement":[{"@type":"ListItem","position":1,"name":"Home","item":"https:\/\/www.immobilienbusiness.ch\/"},{"@type":"ListItem","position":2,"name":"Suurstoffi: Mobilezone wird Ankermieter im Holzhochhaus"}]},{"@type":"WebSite","@id":"https:\/\/www.immobilienbusiness.ch\/#website","url":"https:\/\/www.immobilienbusiness.ch\/","name":"IMMOBILIER Business","description":"Magazine \u00e9conomique suisse ind\u00e9pendant ax\u00e9 sur l'immobilier, l'architecture et la construction ainsi que sur les investissements et le financement.","publisher":{"@id":"https:\/\/www.immobilienbusiness.ch\/#organization"},"potentialAction":[{"@type":"SearchAction","target":{"@type":"EntryPoint","urlTemplate":"https:\/\/www.immobilienbusiness.ch\/?s={search_term_string}"},"query-input":{"@type":"PropertyValueSpecification","valueRequired":true,"valueName":"search_term_string"}}],"inLanguage":"fr-FR"},{"@type":"Organization","@id":"https:\/\/www.immobilienbusiness.ch\/#organization","name":"IMMOBILIER Business","url":"https:\/\/www.immobilienbusiness.ch\/","logo":{"@type":"ImageObject","inLanguage":"fr-FR","@id":"https:\/\/www.immobilienbusiness.ch\/#\/schema\/logo\/image\/","url":"https:\/\/www.immobilienbusiness.ch\/wp-content\/uploads\/2021\/07\/logo_ib.png","contentUrl":"https:\/\/www.immobilienbusiness.ch\/wp-content\/uploads\/2021\/07\/logo_ib.png","width":800,"height":181,"caption":"IMMOBILIEN Business"},"image":{"@id":"https:\/\/www.immobilienbusiness.ch\/#\/schema\/logo\/image\/"},"sameAs":["https:\/\/www.facebook.com\/immobilienbusiness\/"]},{"@type":"Person","@id":"https:\/\/www.immobilienbusiness.ch\/#\/schema\/person\/3fc036297b10b9f42d6db5ee932af8c8","name":"anja.hall","image":{"@type":"ImageObject","inLanguage":"fr-FR","@id":"https:\/\/secure.gravatar.com\/avatar\/066b5a0d447013502c71a5782f4f3469f03cfe595cc2329fb94652fe47511bfb?s=96&d=mm&r=g","url":"https:\/\/secure.gravatar.com\/avatar\/066b5a0d447013502c71a5782f4f3469f03cfe595cc2329fb94652fe47511bfb?s=96&d=mm&r=g","contentUrl":"https:\/\/secure.gravatar.com\/avatar\/066b5a0d447013502c71a5782f4f3469f03cfe595cc2329fb94652fe47511bfb?s=96&d=mm&r=g","caption":"anja.hall"},"url":"https:\/\/www.immobilienbusiness.ch\/fr\/author\/anja-hall\/"}]}},"_links":{"self":[{"href":"https:\/\/www.immobilienbusiness.ch\/fr\/wp-json\/wp\/v2\/posts\/9613","targetHints":{"allow":["GET"]}}],"collection":[{"href":"https:\/\/www.immobilienbusiness.ch\/fr\/wp-json\/wp\/v2\/posts"}],"about":[{"href":"https:\/\/www.immobilienbusiness.ch\/fr\/wp-json\/wp\/v2\/types\/post"}],"author":[{"embeddable":true,"href":"https:\/\/www.immobilienbusiness.ch\/fr\/wp-json\/wp\/v2\/users\/3"}],"replies":[{"embeddable":true,"href":"https:\/\/www.immobilienbusiness.ch\/fr\/wp-json\/wp\/v2\/comments?post=9613"}],"version-history":[{"count":0,"href":"https:\/\/www.immobilienbusiness.ch\/fr\/wp-json\/wp\/v2\/posts\/9613\/revisions"}],"wp:featuredmedia":[{"embeddable":true,"href":"https:\/\/www.immobilienbusiness.ch\/fr\/wp-json\/wp\/v2\/media\/9615"}],"wp:attachment":[{"href":"https:\/\/www.immobilienbusiness.ch\/fr\/wp-json\/wp\/v2\/media?parent=9613"}],"wp:term":[{"taxonomy":"category","embeddable":true,"href":"https:\/\/www.immobilienbusiness.ch\/fr\/wp-json\/wp\/v2\/categories?post=9613"},{"taxonomy":"post_tag","embeddable":true,"href":"https:\/\/www.immobilienbusiness.ch\/fr\/wp-json\/wp\/v2\/tags?post=9613"}],"curies":[{"name":"wp","href":"https:\/\/api.w.org\/{rel}","templated":true}]}}