{"id":9538,"date":"2017-10-12T09:44:18","date_gmt":"2017-10-12T07:44:18","guid":{"rendered":"https:\/\/www.immobilienbusiness.ch\/?p=9538"},"modified":"2017-10-12T09:44:18","modified_gmt":"2017-10-12T07:44:18","slug":"basel-mediamarkt-verlaesst-das-stuecki","status":"publish","type":"post","link":"https:\/\/www.immobilienbusiness.ch\/fr\/retail\/2017-10-12\/basel-mediamarkt-verlaesst-das-stuecki\/","title":{"rendered":"B\u00e2le : MediaMarkt quitte le St\u00fccki"},"content":{"rendered":"<figure id=\"attachment_9539\" aria-describedby=\"caption-attachment-9539\" style=\"width: 680px\" class=\"wp-caption alignnone\"><img loading=\"lazy\" decoding=\"async\" class=\"size-medium wp-image-9539\" src=\"https:\/\/www.immobilienbusiness.ch\/wp-content\/uploads\/2017\/10\/Pressebild_Stuecki_08.jpg\" alt=\"\" width=\"680\" height=\"453\" srcset=\"https:\/\/www.immobilienbusiness.ch\/wp-content\/uploads\/2017\/10\/Pressebild_Stuecki_08.jpg 1170w, https:\/\/www.immobilienbusiness.ch\/wp-content\/uploads\/2017\/10\/Pressebild_Stuecki_08-300x200.jpg 300w, https:\/\/www.immobilienbusiness.ch\/wp-content\/uploads\/2017\/10\/Pressebild_Stuecki_08-1024x683.jpg 1024w, https:\/\/www.immobilienbusiness.ch\/wp-content\/uploads\/2017\/10\/Pressebild_Stuecki_08-768x512.jpg 768w, https:\/\/www.immobilienbusiness.ch\/wp-content\/uploads\/2017\/10\/Pressebild_Stuecki_08-16x12.jpg 16w, https:\/\/www.immobilienbusiness.ch\/wp-content\/uploads\/2017\/10\/Pressebild_Stuecki_08-263x175.jpg 263w, https:\/\/www.immobilienbusiness.ch\/wp-content\/uploads\/2017\/10\/Pressebild_Stuecki_08-525x350.jpg 525w, https:\/\/www.immobilienbusiness.ch\/wp-content\/uploads\/2017\/10\/Pressebild_Stuecki_08-920x613.jpg 920w\" sizes=\"auto, (max-width: 680px) 100vw, 680px\" \/><figcaption id=\"caption-attachment-9539\" class=\"wp-caption-text\">MediaMarkt abandonne son emplacement dans le centre commercial de B\u00e2le (photo : St\u00fccki Shoppingcenter)<\/figcaption><\/figure>\n<p>Comment <em>SRF<\/em> MediaMarkt fermera sa filiale du St\u00fccki en ao\u00fbt 2018. <a href=\"https:\/\/www.immobilienbusiness.ch\/fr\/neuausrichtung-fuer-stuecki-shopping-center\/\">Le centre commercial proche de la fronti\u00e8re se repositionne en misant davantage sur les offres de loisirs.<\/a> Un complexe de cin\u00e9ma sera notamment int\u00e9gr\u00e9 \u00e0 la structure existante, mais il y aura moins de magasins \u00e0 l'avenir.<\/p>\n<p>Comme l'indique le rapport, la surface de vente de MediaMarkt se serait d\u00e9plac\u00e9e et serait devenue plus petite. \"C'est aussi une des raisons pour lesquelles nous avons d\u00e9m\u00e9nag\u00e9. Mais la raison principale est clairement que le St\u00fccki, dans sa nouvelle forme, ne serait plus l'environnement que nous souhaitons\", cite <em>SRF<\/em> a d\u00e9clar\u00e9 Sacha Wigdorovits, porte-parole de MediaMarkt. On cherche maintenant un nouveau site \u00e0 B\u00e2le.<\/p>\n<p>Migros, qui exploite un supermarch\u00e9 et un restaurant dans le centre commercial, continuera \u00e0 les exploiter m\u00eame apr\u00e8s le repositionnement du centre, indique le <em>SRF<\/em>-Le rapport continue.<\/p>\n<p>Selon un rapport de l <em>Basler Zeitung<\/em> la cha\u00eene de mode Hallhuber et la filiale de fournitures de bureau Office World ont d\u00e9j\u00e0 quitt\u00e9 leurs boutiques du St\u00fccki. Selon des sources non confirm\u00e9es, Swarovski, H&amp;M, Toys 'R' Us, la confiserie L\u00e4derach, Esprit et sa cha\u00eene de v\u00eatements edc et Herren Globus quitteront \u00e9galement le centre commercial l'ann\u00e9e prochaine.<\/p>","protected":false},"excerpt":{"rendered":"<p>La cha\u00eene d'\u00e9lectronique MediaMarkt, jusqu'ici l'un des plus gros locataires du centre commercial b\u00e2lois St\u00fccki, abandonne le site. La raison en est le repositionnement du centre commercial.<\/p>","protected":false},"author":3,"featured_media":9539,"comment_status":"open","ping_status":"open","sticky":false,"template":"","format":"standard","meta":{"_acf_changed":false,"_yoast_wpseo_focuskw":"St\u00fccki","_yoast_wpseo_title":"","_yoast_wpseo_metadesc":"MediaMarkt, bislang einer der gr\u00f6ssten Mieter im Basler Shopping-Center St\u00fccki, gibt den Standort auf - wegen der Neupositionierung der Mall.","_yoast_wpseo_linkdex":84,"pgc_sgb_lightbox_settings":"","footnotes":""},"categories":[987],"tags":[1069,1643,1697],"class_list":["post-9538","post","type-post","status-publish","format-standard","has-post-thumbnail","hentry","category-retail","tag-basel","tag-retail","tag-shopping-center"],"acf":[],"yoast_head":"<!-- This site is optimized with the Yoast SEO plugin v27.4 - https:\/\/yoast.com\/product\/yoast-seo-wordpress\/ -->\n<title>Basel: MediaMarkt verl\u00e4sst das St\u00fccki - IMMOBILIEN Business<\/title>\n<meta name=\"description\" content=\"MediaMarkt, bislang einer der gr\u00f6ssten Mieter im Basler Shopping-Center St\u00fccki, gibt den Standort auf - wegen der Neupositionierung der Mall.\" \/>\n<meta name=\"robots\" content=\"index, follow, max-snippet:-1, max-image-preview:large, max-video-preview:-1\" \/>\n<link rel=\"canonical\" href=\"https:\/\/www.immobilienbusiness.ch\/fr\/retail\/2017-10-12\/basel-mediamarkt-verlaesst-das-stuecki\/\" \/>\n<meta property=\"og:locale\" content=\"fr_FR\" \/>\n<meta property=\"og:type\" content=\"article\" \/>\n<meta property=\"og:title\" content=\"Basel: MediaMarkt verl\u00e4sst das St\u00fccki\" \/>\n<meta property=\"og:description\" content=\"MediaMarkt, bislang einer der gr\u00f6ssten Mieter im Basler Shopping-Center St\u00fccki, gibt den Standort auf - wegen der Neupositionierung der Mall.\" \/>\n<meta property=\"og:url\" content=\"https:\/\/www.immobilienbusiness.ch\/fr\/retail\/2017-10-12\/basel-mediamarkt-verlaesst-das-stuecki\/\" \/>\n<meta property=\"og:site_name\" content=\"IMMOBILIEN Business\" \/>\n<meta property=\"article:publisher\" content=\"https:\/\/www.facebook.com\/immobilienbusiness\/\" \/>\n<meta property=\"article:published_time\" content=\"2017-10-12T07:44:18+00:00\" \/>\n<meta property=\"og:image\" content=\"https:\/\/www.immobilienbusiness.ch\/wp-content\/uploads\/2017\/10\/Pressebild_Stuecki_08.jpg\" \/>\n\t<meta property=\"og:image:width\" content=\"1170\" \/>\n\t<meta property=\"og:image:height\" content=\"780\" \/>\n\t<meta property=\"og:image:type\" content=\"image\/jpeg\" \/>\n<meta name=\"author\" content=\"anja.hall\" \/>\n<meta name=\"twitter:card\" content=\"summary_large_image\" \/>\n<meta name=\"twitter:title\" content=\"Basel: MediaMarkt verl\u00e4sst das St\u00fccki\" \/>\n<meta name=\"twitter:description\" content=\"MediaMarkt, bislang einer der gr\u00f6ssten Mieter im Basler Shopping-Center St\u00fccki, gibt den Standort auf - wegen der Neupositionierung der Mall.\" \/>\n<meta name=\"twitter:image\" content=\"https:\/\/www.immobilienbusiness.ch\/wp-content\/uploads\/2017\/10\/Pressebild_Stuecki_08.jpg\" \/>\n<script type=\"application\/ld+json\" class=\"yoast-schema-graph\">{\"@context\":\"https:\\\/\\\/schema.org\",\"@graph\":[{\"@type\":\"Article\",\"@id\":\"https:\\\/\\\/www.immobilienbusiness.ch\\\/de\\\/retail\\\/2017-10-12\\\/basel-mediamarkt-verlaesst-das-stuecki\\\/#article\",\"isPartOf\":{\"@id\":\"https:\\\/\\\/www.immobilienbusiness.ch\\\/de\\\/retail\\\/2017-10-12\\\/basel-mediamarkt-verlaesst-das-stuecki\\\/\"},\"author\":{\"name\":\"anja.hall\",\"@id\":\"https:\\\/\\\/www.immobilienbusiness.ch\\\/#\\\/schema\\\/person\\\/3fc036297b10b9f42d6db5ee932af8c8\"},\"headline\":\"Basel: MediaMarkt verl\u00e4sst das St\u00fccki\",\"datePublished\":\"2017-10-12T07:44:18+00:00\",\"mainEntityOfPage\":{\"@id\":\"https:\\\/\\\/www.immobilienbusiness.ch\\\/de\\\/retail\\\/2017-10-12\\\/basel-mediamarkt-verlaesst-das-stuecki\\\/\"},\"wordCount\":235,\"commentCount\":0,\"publisher\":{\"@id\":\"https:\\\/\\\/www.immobilienbusiness.ch\\\/#organization\"},\"image\":{\"@id\":\"https:\\\/\\\/www.immobilienbusiness.ch\\\/de\\\/retail\\\/2017-10-12\\\/basel-mediamarkt-verlaesst-das-stuecki\\\/#primaryimage\"},\"thumbnailUrl\":\"https:\\\/\\\/www.immobilienbusiness.ch\\\/wp-content\\\/uploads\\\/2017\\\/10\\\/Pressebild_Stuecki_08.jpg\",\"keywords\":[\"Basel\",\"Retail\",\"Shopping Center\"],\"articleSection\":[\"RETAIL\"],\"inLanguage\":\"fr-FR\"},{\"@type\":\"WebPage\",\"@id\":\"https:\\\/\\\/www.immobilienbusiness.ch\\\/de\\\/retail\\\/2017-10-12\\\/basel-mediamarkt-verlaesst-das-stuecki\\\/\",\"url\":\"https:\\\/\\\/www.immobilienbusiness.ch\\\/de\\\/retail\\\/2017-10-12\\\/basel-mediamarkt-verlaesst-das-stuecki\\\/\",\"name\":\"Basel: MediaMarkt verl\u00e4sst das St\u00fccki - IMMOBILIEN Business\",\"isPartOf\":{\"@id\":\"https:\\\/\\\/www.immobilienbusiness.ch\\\/#website\"},\"primaryImageOfPage\":{\"@id\":\"https:\\\/\\\/www.immobilienbusiness.ch\\\/de\\\/retail\\\/2017-10-12\\\/basel-mediamarkt-verlaesst-das-stuecki\\\/#primaryimage\"},\"image\":{\"@id\":\"https:\\\/\\\/www.immobilienbusiness.ch\\\/de\\\/retail\\\/2017-10-12\\\/basel-mediamarkt-verlaesst-das-stuecki\\\/#primaryimage\"},\"thumbnailUrl\":\"https:\\\/\\\/www.immobilienbusiness.ch\\\/wp-content\\\/uploads\\\/2017\\\/10\\\/Pressebild_Stuecki_08.jpg\",\"datePublished\":\"2017-10-12T07:44:18+00:00\",\"description\":\"MediaMarkt, bislang einer der gr\u00f6ssten Mieter im Basler Shopping-Center St\u00fccki, gibt den Standort auf - wegen der Neupositionierung der Mall.\",\"breadcrumb\":{\"@id\":\"https:\\\/\\\/www.immobilienbusiness.ch\\\/de\\\/retail\\\/2017-10-12\\\/basel-mediamarkt-verlaesst-das-stuecki\\\/#breadcrumb\"},\"inLanguage\":\"fr-FR\",\"potentialAction\":[{\"@type\":\"ReadAction\",\"target\":[\"https:\\\/\\\/www.immobilienbusiness.ch\\\/de\\\/retail\\\/2017-10-12\\\/basel-mediamarkt-verlaesst-das-stuecki\\\/\"]}]},{\"@type\":\"ImageObject\",\"inLanguage\":\"fr-FR\",\"@id\":\"https:\\\/\\\/www.immobilienbusiness.ch\\\/de\\\/retail\\\/2017-10-12\\\/basel-mediamarkt-verlaesst-das-stuecki\\\/#primaryimage\",\"url\":\"https:\\\/\\\/www.immobilienbusiness.ch\\\/wp-content\\\/uploads\\\/2017\\\/10\\\/Pressebild_Stuecki_08.jpg\",\"contentUrl\":\"https:\\\/\\\/www.immobilienbusiness.ch\\\/wp-content\\\/uploads\\\/2017\\\/10\\\/Pressebild_Stuecki_08.jpg\",\"width\":1170,\"height\":780,\"caption\":\"MediaMarkt gibt den Standort in der Basler Mall auf (Bild: St\u00fccki)\"},{\"@type\":\"BreadcrumbList\",\"@id\":\"https:\\\/\\\/www.immobilienbusiness.ch\\\/de\\\/retail\\\/2017-10-12\\\/basel-mediamarkt-verlaesst-das-stuecki\\\/#breadcrumb\",\"itemListElement\":[{\"@type\":\"ListItem\",\"position\":1,\"name\":\"Home\",\"item\":\"https:\\\/\\\/www.immobilienbusiness.ch\\\/\"},{\"@type\":\"ListItem\",\"position\":2,\"name\":\"Basel: MediaMarkt verl\u00e4sst das St\u00fccki\"}]},{\"@type\":\"WebSite\",\"@id\":\"https:\\\/\\\/www.immobilienbusiness.ch\\\/#website\",\"url\":\"https:\\\/\\\/www.immobilienbusiness.ch\\\/\",\"name\":\"IMMOBILIEN Business\",\"description\":\"Unabh\u00e4ngiges Schweizer Wirtschaftsmagazin mit Fokus auf Immobilien, Architektur- und Bau sowie Investment- und Finanzierung.\",\"publisher\":{\"@id\":\"https:\\\/\\\/www.immobilienbusiness.ch\\\/#organization\"},\"potentialAction\":[{\"@type\":\"SearchAction\",\"target\":{\"@type\":\"EntryPoint\",\"urlTemplate\":\"https:\\\/\\\/www.immobilienbusiness.ch\\\/?s={search_term_string}\"},\"query-input\":{\"@type\":\"PropertyValueSpecification\",\"valueRequired\":true,\"valueName\":\"search_term_string\"}}],\"inLanguage\":\"fr-FR\"},{\"@type\":\"Organization\",\"@id\":\"https:\\\/\\\/www.immobilienbusiness.ch\\\/#organization\",\"name\":\"IMMOBILIEN Business\",\"url\":\"https:\\\/\\\/www.immobilienbusiness.ch\\\/\",\"logo\":{\"@type\":\"ImageObject\",\"inLanguage\":\"fr-FR\",\"@id\":\"https:\\\/\\\/www.immobilienbusiness.ch\\\/#\\\/schema\\\/logo\\\/image\\\/\",\"url\":\"https:\\\/\\\/www.immobilienbusiness.ch\\\/wp-content\\\/uploads\\\/2021\\\/07\\\/logo_ib.png\",\"contentUrl\":\"https:\\\/\\\/www.immobilienbusiness.ch\\\/wp-content\\\/uploads\\\/2021\\\/07\\\/logo_ib.png\",\"width\":800,\"height\":181,\"caption\":\"IMMOBILIEN Business\"},\"image\":{\"@id\":\"https:\\\/\\\/www.immobilienbusiness.ch\\\/#\\\/schema\\\/logo\\\/image\\\/\"},\"sameAs\":[\"https:\\\/\\\/www.facebook.com\\\/immobilienbusiness\\\/\"]},{\"@type\":\"Person\",\"@id\":\"https:\\\/\\\/www.immobilienbusiness.ch\\\/#\\\/schema\\\/person\\\/3fc036297b10b9f42d6db5ee932af8c8\",\"name\":\"anja.hall\",\"image\":{\"@type\":\"ImageObject\",\"inLanguage\":\"fr-FR\",\"@id\":\"https:\\\/\\\/secure.gravatar.com\\\/avatar\\\/066b5a0d447013502c71a5782f4f3469f03cfe595cc2329fb94652fe47511bfb?s=96&d=mm&r=g\",\"url\":\"https:\\\/\\\/secure.gravatar.com\\\/avatar\\\/066b5a0d447013502c71a5782f4f3469f03cfe595cc2329fb94652fe47511bfb?s=96&d=mm&r=g\",\"contentUrl\":\"https:\\\/\\\/secure.gravatar.com\\\/avatar\\\/066b5a0d447013502c71a5782f4f3469f03cfe595cc2329fb94652fe47511bfb?s=96&d=mm&r=g\",\"caption\":\"anja.hall\"},\"url\":\"https:\\\/\\\/www.immobilienbusiness.ch\\\/fr\\\/author\\\/anja-hall\\\/\"}]}<\/script>\n<!-- \/ Yoast SEO plugin. -->","yoast_head_json":{"title":"B\u00e2le : MediaMarkt quitte le St\u00fccki - IMMOBILIER Business","description":"MediaMarkt, jusqu'\u00e0 pr\u00e9sent l'un des plus gros locataires du centre commercial b\u00e2lois St\u00fccki, abandonne le site - en raison du repositionnement du centre commercial.","robots":{"index":"index","follow":"follow","max-snippet":"max-snippet:-1","max-image-preview":"max-image-preview:large","max-video-preview":"max-video-preview:-1"},"canonical":"https:\/\/www.immobilienbusiness.ch\/fr\/retail\/2017-10-12\/basel-mediamarkt-verlaesst-das-stuecki\/","og_locale":"fr_FR","og_type":"article","og_title":"Basel: MediaMarkt verl\u00e4sst das St\u00fccki","og_description":"MediaMarkt, bislang einer der gr\u00f6ssten Mieter im Basler Shopping-Center St\u00fccki, gibt den Standort auf - wegen der Neupositionierung der Mall.","og_url":"https:\/\/www.immobilienbusiness.ch\/fr\/retail\/2017-10-12\/basel-mediamarkt-verlaesst-das-stuecki\/","og_site_name":"IMMOBILIEN Business","article_publisher":"https:\/\/www.facebook.com\/immobilienbusiness\/","article_published_time":"2017-10-12T07:44:18+00:00","og_image":[{"width":1170,"height":780,"url":"https:\/\/www.immobilienbusiness.ch\/wp-content\/uploads\/2017\/10\/Pressebild_Stuecki_08.jpg","type":"image\/jpeg"}],"author":"anja.hall","twitter_card":"summary_large_image","twitter_title":"Basel: MediaMarkt verl\u00e4sst das St\u00fccki","twitter_description":"MediaMarkt, bislang einer der gr\u00f6ssten Mieter im Basler Shopping-Center St\u00fccki, gibt den Standort auf - wegen der Neupositionierung der Mall.","twitter_image":"https:\/\/www.immobilienbusiness.ch\/wp-content\/uploads\/2017\/10\/Pressebild_Stuecki_08.jpg","schema":{"@context":"https:\/\/schema.org","@graph":[{"@type":"Article","@id":"https:\/\/www.immobilienbusiness.ch\/de\/retail\/2017-10-12\/basel-mediamarkt-verlaesst-das-stuecki\/#article","isPartOf":{"@id":"https:\/\/www.immobilienbusiness.ch\/de\/retail\/2017-10-12\/basel-mediamarkt-verlaesst-das-stuecki\/"},"author":{"name":"anja.hall","@id":"https:\/\/www.immobilienbusiness.ch\/#\/schema\/person\/3fc036297b10b9f42d6db5ee932af8c8"},"headline":"Basel: MediaMarkt verl\u00e4sst das St\u00fccki","datePublished":"2017-10-12T07:44:18+00:00","mainEntityOfPage":{"@id":"https:\/\/www.immobilienbusiness.ch\/de\/retail\/2017-10-12\/basel-mediamarkt-verlaesst-das-stuecki\/"},"wordCount":235,"commentCount":0,"publisher":{"@id":"https:\/\/www.immobilienbusiness.ch\/#organization"},"image":{"@id":"https:\/\/www.immobilienbusiness.ch\/de\/retail\/2017-10-12\/basel-mediamarkt-verlaesst-das-stuecki\/#primaryimage"},"thumbnailUrl":"https:\/\/www.immobilienbusiness.ch\/wp-content\/uploads\/2017\/10\/Pressebild_Stuecki_08.jpg","keywords":["Basel","Retail","Shopping Center"],"articleSection":["RETAIL"],"inLanguage":"fr-FR"},{"@type":"WebPage","@id":"https:\/\/www.immobilienbusiness.ch\/de\/retail\/2017-10-12\/basel-mediamarkt-verlaesst-das-stuecki\/","url":"https:\/\/www.immobilienbusiness.ch\/de\/retail\/2017-10-12\/basel-mediamarkt-verlaesst-das-stuecki\/","name":"B\u00e2le : MediaMarkt quitte le St\u00fccki - IMMOBILIER Business","isPartOf":{"@id":"https:\/\/www.immobilienbusiness.ch\/#website"},"primaryImageOfPage":{"@id":"https:\/\/www.immobilienbusiness.ch\/de\/retail\/2017-10-12\/basel-mediamarkt-verlaesst-das-stuecki\/#primaryimage"},"image":{"@id":"https:\/\/www.immobilienbusiness.ch\/de\/retail\/2017-10-12\/basel-mediamarkt-verlaesst-das-stuecki\/#primaryimage"},"thumbnailUrl":"https:\/\/www.immobilienbusiness.ch\/wp-content\/uploads\/2017\/10\/Pressebild_Stuecki_08.jpg","datePublished":"2017-10-12T07:44:18+00:00","description":"MediaMarkt, jusqu'\u00e0 pr\u00e9sent l'un des plus gros locataires du centre commercial b\u00e2lois St\u00fccki, abandonne le site - en raison du repositionnement du centre commercial.","breadcrumb":{"@id":"https:\/\/www.immobilienbusiness.ch\/de\/retail\/2017-10-12\/basel-mediamarkt-verlaesst-das-stuecki\/#breadcrumb"},"inLanguage":"fr-FR","potentialAction":[{"@type":"ReadAction","target":["https:\/\/www.immobilienbusiness.ch\/de\/retail\/2017-10-12\/basel-mediamarkt-verlaesst-das-stuecki\/"]}]},{"@type":"ImageObject","inLanguage":"fr-FR","@id":"https:\/\/www.immobilienbusiness.ch\/de\/retail\/2017-10-12\/basel-mediamarkt-verlaesst-das-stuecki\/#primaryimage","url":"https:\/\/www.immobilienbusiness.ch\/wp-content\/uploads\/2017\/10\/Pressebild_Stuecki_08.jpg","contentUrl":"https:\/\/www.immobilienbusiness.ch\/wp-content\/uploads\/2017\/10\/Pressebild_Stuecki_08.jpg","width":1170,"height":780,"caption":"MediaMarkt gibt den Standort in der Basler Mall auf (Bild: St\u00fccki)"},{"@type":"BreadcrumbList","@id":"https:\/\/www.immobilienbusiness.ch\/de\/retail\/2017-10-12\/basel-mediamarkt-verlaesst-das-stuecki\/#breadcrumb","itemListElement":[{"@type":"ListItem","position":1,"name":"Home","item":"https:\/\/www.immobilienbusiness.ch\/"},{"@type":"ListItem","position":2,"name":"Basel: MediaMarkt verl\u00e4sst das St\u00fccki"}]},{"@type":"WebSite","@id":"https:\/\/www.immobilienbusiness.ch\/#website","url":"https:\/\/www.immobilienbusiness.ch\/","name":"IMMOBILIER Business","description":"Magazine \u00e9conomique suisse ind\u00e9pendant ax\u00e9 sur l'immobilier, l'architecture et la construction ainsi que sur les investissements et le financement.","publisher":{"@id":"https:\/\/www.immobilienbusiness.ch\/#organization"},"potentialAction":[{"@type":"SearchAction","target":{"@type":"EntryPoint","urlTemplate":"https:\/\/www.immobilienbusiness.ch\/?s={search_term_string}"},"query-input":{"@type":"PropertyValueSpecification","valueRequired":true,"valueName":"search_term_string"}}],"inLanguage":"fr-FR"},{"@type":"Organization","@id":"https:\/\/www.immobilienbusiness.ch\/#organization","name":"IMMOBILIER Business","url":"https:\/\/www.immobilienbusiness.ch\/","logo":{"@type":"ImageObject","inLanguage":"fr-FR","@id":"https:\/\/www.immobilienbusiness.ch\/#\/schema\/logo\/image\/","url":"https:\/\/www.immobilienbusiness.ch\/wp-content\/uploads\/2021\/07\/logo_ib.png","contentUrl":"https:\/\/www.immobilienbusiness.ch\/wp-content\/uploads\/2021\/07\/logo_ib.png","width":800,"height":181,"caption":"IMMOBILIEN Business"},"image":{"@id":"https:\/\/www.immobilienbusiness.ch\/#\/schema\/logo\/image\/"},"sameAs":["https:\/\/www.facebook.com\/immobilienbusiness\/"]},{"@type":"Person","@id":"https:\/\/www.immobilienbusiness.ch\/#\/schema\/person\/3fc036297b10b9f42d6db5ee932af8c8","name":"anja.hall","image":{"@type":"ImageObject","inLanguage":"fr-FR","@id":"https:\/\/secure.gravatar.com\/avatar\/066b5a0d447013502c71a5782f4f3469f03cfe595cc2329fb94652fe47511bfb?s=96&d=mm&r=g","url":"https:\/\/secure.gravatar.com\/avatar\/066b5a0d447013502c71a5782f4f3469f03cfe595cc2329fb94652fe47511bfb?s=96&d=mm&r=g","contentUrl":"https:\/\/secure.gravatar.com\/avatar\/066b5a0d447013502c71a5782f4f3469f03cfe595cc2329fb94652fe47511bfb?s=96&d=mm&r=g","caption":"anja.hall"},"url":"https:\/\/www.immobilienbusiness.ch\/fr\/author\/anja-hall\/"}]}},"_links":{"self":[{"href":"https:\/\/www.immobilienbusiness.ch\/fr\/wp-json\/wp\/v2\/posts\/9538","targetHints":{"allow":["GET"]}}],"collection":[{"href":"https:\/\/www.immobilienbusiness.ch\/fr\/wp-json\/wp\/v2\/posts"}],"about":[{"href":"https:\/\/www.immobilienbusiness.ch\/fr\/wp-json\/wp\/v2\/types\/post"}],"author":[{"embeddable":true,"href":"https:\/\/www.immobilienbusiness.ch\/fr\/wp-json\/wp\/v2\/users\/3"}],"replies":[{"embeddable":true,"href":"https:\/\/www.immobilienbusiness.ch\/fr\/wp-json\/wp\/v2\/comments?post=9538"}],"version-history":[{"count":0,"href":"https:\/\/www.immobilienbusiness.ch\/fr\/wp-json\/wp\/v2\/posts\/9538\/revisions"}],"wp:featuredmedia":[{"embeddable":true,"href":"https:\/\/www.immobilienbusiness.ch\/fr\/wp-json\/wp\/v2\/media\/9539"}],"wp:attachment":[{"href":"https:\/\/www.immobilienbusiness.ch\/fr\/wp-json\/wp\/v2\/media?parent=9538"}],"wp:term":[{"taxonomy":"category","embeddable":true,"href":"https:\/\/www.immobilienbusiness.ch\/fr\/wp-json\/wp\/v2\/categories?post=9538"},{"taxonomy":"post_tag","embeddable":true,"href":"https:\/\/www.immobilienbusiness.ch\/fr\/wp-json\/wp\/v2\/tags?post=9538"}],"curies":[{"name":"wp","href":"https:\/\/api.w.org\/{rel}","templated":true}]}}