{"id":9516,"date":"2017-10-11T09:08:08","date_gmt":"2017-10-11T07:08:08","guid":{"rendered":"https:\/\/www.immobilienbusiness.ch\/?p=9516"},"modified":"2017-10-11T09:08:08","modified_gmt":"2017-10-11T07:08:08","slug":"grundsteinlegung-projekt-p9-meinier","status":"publish","type":"post","link":"https:\/\/www.immobilienbusiness.ch\/fr\/regionen\/2017-10-11\/grundsteinlegung-projekt-p9-meinier\/","title":{"rendered":"R\u00e9gion de Gen\u00e8ve : pose de la premi\u00e8re pierre du projet P9 \u00e0 Meinier"},"content":{"rendered":"<figure id=\"attachment_9517\" aria-describedby=\"caption-attachment-9517\" style=\"width: 450px\" class=\"wp-caption alignnone\"><img loading=\"lazy\" decoding=\"async\" class=\"size-full wp-image-9517\" src=\"https:\/\/www.immobilienbusiness.ch\/wp-content\/uploads\/2017\/10\/IB-News-20171011-Meinier-Grundsteinlegung-P9-Fondation-de-la-Pallanterie-HRS-Real-Estate.jpg\" alt=\"\" width=\"450\" height=\"299\" srcset=\"https:\/\/www.immobilienbusiness.ch\/wp-content\/uploads\/2017\/10\/IB-News-20171011-Meinier-Grundsteinlegung-P9-Fondation-de-la-Pallanterie-HRS-Real-Estate.jpg 450w, https:\/\/www.immobilienbusiness.ch\/wp-content\/uploads\/2017\/10\/IB-News-20171011-Meinier-Grundsteinlegung-P9-Fondation-de-la-Pallanterie-HRS-Real-Estate-300x199.jpg 300w, https:\/\/www.immobilienbusiness.ch\/wp-content\/uploads\/2017\/10\/IB-News-20171011-Meinier-Grundsteinlegung-P9-Fondation-de-la-Pallanterie-HRS-Real-Estate-16x12.jpg 16w, https:\/\/www.immobilienbusiness.ch\/wp-content\/uploads\/2017\/10\/IB-News-20171011-Meinier-Grundsteinlegung-P9-Fondation-de-la-Pallanterie-HRS-Real-Estate-263x175.jpg 263w\" sizes=\"auto, (max-width: 450px) 100vw, 450px\" \/><figcaption id=\"caption-attachment-9517\" class=\"wp-caption-text\">La premi\u00e8re pierre du b\u00e2timent P9 dans la zone industrielle et commerciale de la Pallanterie \u00e0 Meinier a \u00e9t\u00e9 pos\u00e9e (Visualisation : HRS)<\/figcaption><\/figure>\n<p>Le b\u00e2timent polyvalent pour l'industrie et le commerce, situ\u00e9 sur un terrain d'environ 4.000 m\u00b2, comprendra deux sous-sols ainsi que quatre \u00e9tages en surface (y compris un \u00e9tage interm\u00e9diaire et un \u00e9tage en attique) pour une surface brute de 11.500 m\u00b2.<\/p>\n<p>L'ach\u00e8vement est pr\u00e9vu pour l'\u00e9t\u00e9 2018. HRS Real Estate SA a \u00e9t\u00e9 mandat\u00e9e par la Fondation de la Pallanterie en tant qu'entreprise totale pour la construction du b\u00e2timent polyvalent. Les mesures pr\u00e9paratoires \u00e0 la construction avaient \u00e9t\u00e9 lanc\u00e9es en janvier 2017.<\/p>","protected":false},"excerpt":{"rendered":"<p>Fin septembre, la Fondation de la Pallanterie, ma\u00eetre d'ouvrage, a c\u00e9l\u00e9br\u00e9 la pose de la premi\u00e8re pierre du b\u00e2timent P9 dans la zone industrielle et commerciale de la Pallanterie des communes genevoises de Meinier et Collonge-Bellerive.<\/p>","protected":false},"author":4,"featured_media":9517,"comment_status":"open","ping_status":"open","sticky":false,"template":"","format":"standard","meta":{"_acf_changed":false,"_yoast_wpseo_focuskw":"Meinier","_yoast_wpseo_title":"","_yoast_wpseo_metadesc":"Die Fondation de la Pallanterie und HRS Real Estate haben die Grundsteinlegung f\u00fcr das Geb\u00e4ude P9 im Gewerbegebiet La Pallanterie in Meinier gefeiert.","_yoast_wpseo_linkdex":54,"pgc_sgb_lightbox_settings":"","footnotes":""},"categories":[985],"tags":[1260,1272,1318,1363,1480,1599,1601],"class_list":["post-9516","post","type-post","status-publish","format-standard","has-post-thumbnail","hentry","category-regionen","tag-genf","tag-gewerbeimmobilien","tag-hrs-real-estate","tag-industrie-immobilien","tag-meirin","tag-projekt-in-bau","tag-projektentwicklung"],"acf":[],"yoast_head":"<!-- This site is optimized with the Yoast SEO plugin v27.5 - https:\/\/yoast.com\/product\/yoast-seo-wordpress\/ -->\n<title>Region Genf: Grundsteinlegung f\u00fcr Projekt P9 in Meinier - IMMOBILIEN Business<\/title>\n<meta name=\"description\" content=\"Die Fondation de la Pallanterie und HRS Real Estate haben die Grundsteinlegung f\u00fcr das Geb\u00e4ude P9 im Gewerbegebiet La Pallanterie in Meinier gefeiert.\" \/>\n<meta name=\"robots\" content=\"index, follow, max-snippet:-1, max-image-preview:large, max-video-preview:-1\" \/>\n<link rel=\"canonical\" href=\"https:\/\/www.immobilienbusiness.ch\/fr\/regionen\/2017-10-11\/grundsteinlegung-projekt-p9-meinier\/\" \/>\n<meta property=\"og:locale\" content=\"fr_FR\" \/>\n<meta property=\"og:type\" content=\"article\" \/>\n<meta property=\"og:title\" content=\"Region Genf: Grundsteinlegung f\u00fcr Projekt P9 in Meinier\" \/>\n<meta property=\"og:description\" content=\"Die Fondation de la Pallanterie und HRS Real Estate haben die Grundsteinlegung f\u00fcr das Geb\u00e4ude P9 im Industrie- und Gewerbegebiet La Pallanterie gefeiert.\" \/>\n<meta property=\"og:url\" content=\"https:\/\/www.immobilienbusiness.ch\/fr\/regionen\/2017-10-11\/grundsteinlegung-projekt-p9-meinier\/\" \/>\n<meta property=\"og:site_name\" content=\"IMMOBILIEN Business\" \/>\n<meta property=\"article:publisher\" content=\"https:\/\/www.facebook.com\/immobilienbusiness\/\" \/>\n<meta property=\"article:published_time\" content=\"2017-10-11T07:08:08+00:00\" \/>\n<meta property=\"og:image\" content=\"https:\/\/www.immobilienbusiness.ch\/wp-content\/uploads\/2017\/10\/IB-News-20171011-Meinier-Grundsteinlegung-P9-Fondation-de-la-Pallanterie-HRS-Real-Estate.jpg\" \/>\n\t<meta property=\"og:image:width\" content=\"450\" \/>\n\t<meta property=\"og:image:height\" content=\"299\" \/>\n\t<meta property=\"og:image:type\" content=\"image\/jpeg\" \/>\n<meta name=\"author\" content=\"mathias.rinka\" \/>\n<meta name=\"twitter:card\" content=\"summary_large_image\" \/>\n<meta name=\"twitter:title\" content=\"Region Genf: Grundsteinlegung f\u00fcr Projekt P9 in Meinier\" \/>\n<meta name=\"twitter:description\" content=\"Die Fondation de la Pallanterie und HRS Real Estate haben die Grundsteinlegung f\u00fcr das Geb\u00e4ude P9 im Industrie- und Gewerbegebiet La Pallanterie gefeiert.\" \/>\n<script type=\"application\/ld+json\" class=\"yoast-schema-graph\">{\"@context\":\"https:\\\/\\\/schema.org\",\"@graph\":[{\"@type\":\"Article\",\"@id\":\"https:\\\/\\\/www.immobilienbusiness.ch\\\/regionen\\\/2017-10-11\\\/grundsteinlegung-projekt-p9-meinier\\\/#article\",\"isPartOf\":{\"@id\":\"https:\\\/\\\/www.immobilienbusiness.ch\\\/regionen\\\/2017-10-11\\\/grundsteinlegung-projekt-p9-meinier\\\/\"},\"author\":{\"name\":\"mathias.rinka\",\"@id\":\"https:\\\/\\\/www.immobilienbusiness.ch\\\/#\\\/schema\\\/person\\\/31be7383261ea656cfe52cad71fdc211\"},\"headline\":\"Region Genf: Grundsteinlegung f\u00fcr Projekt P9 in Meinier\",\"datePublished\":\"2017-10-11T07:08:08+00:00\",\"mainEntityOfPage\":{\"@id\":\"https:\\\/\\\/www.immobilienbusiness.ch\\\/regionen\\\/2017-10-11\\\/grundsteinlegung-projekt-p9-meinier\\\/\"},\"wordCount\":105,\"commentCount\":0,\"publisher\":{\"@id\":\"https:\\\/\\\/www.immobilienbusiness.ch\\\/#organization\"},\"image\":{\"@id\":\"https:\\\/\\\/www.immobilienbusiness.ch\\\/regionen\\\/2017-10-11\\\/grundsteinlegung-projekt-p9-meinier\\\/#primaryimage\"},\"thumbnailUrl\":\"https:\\\/\\\/www.immobilienbusiness.ch\\\/wp-content\\\/uploads\\\/2017\\\/10\\\/IB-News-20171011-Meinier-Grundsteinlegung-P9-Fondation-de-la-Pallanterie-HRS-Real-Estate.jpg\",\"keywords\":[\"Genf\",\"Gewerbeimmobilien\",\"HRS Real Estate\",\"Industrie-Immobilien\",\"Meirin\",\"Projekt in Bau\",\"Projektentwicklung\"],\"articleSection\":[\"REGIONEN\"],\"inLanguage\":\"fr-FR\"},{\"@type\":\"WebPage\",\"@id\":\"https:\\\/\\\/www.immobilienbusiness.ch\\\/regionen\\\/2017-10-11\\\/grundsteinlegung-projekt-p9-meinier\\\/\",\"url\":\"https:\\\/\\\/www.immobilienbusiness.ch\\\/regionen\\\/2017-10-11\\\/grundsteinlegung-projekt-p9-meinier\\\/\",\"name\":\"Region Genf: Grundsteinlegung f\u00fcr Projekt P9 in Meinier - IMMOBILIEN Business\",\"isPartOf\":{\"@id\":\"https:\\\/\\\/www.immobilienbusiness.ch\\\/#website\"},\"primaryImageOfPage\":{\"@id\":\"https:\\\/\\\/www.immobilienbusiness.ch\\\/regionen\\\/2017-10-11\\\/grundsteinlegung-projekt-p9-meinier\\\/#primaryimage\"},\"image\":{\"@id\":\"https:\\\/\\\/www.immobilienbusiness.ch\\\/regionen\\\/2017-10-11\\\/grundsteinlegung-projekt-p9-meinier\\\/#primaryimage\"},\"thumbnailUrl\":\"https:\\\/\\\/www.immobilienbusiness.ch\\\/wp-content\\\/uploads\\\/2017\\\/10\\\/IB-News-20171011-Meinier-Grundsteinlegung-P9-Fondation-de-la-Pallanterie-HRS-Real-Estate.jpg\",\"datePublished\":\"2017-10-11T07:08:08+00:00\",\"description\":\"Die Fondation de la Pallanterie und HRS Real Estate haben die Grundsteinlegung f\u00fcr das Geb\u00e4ude P9 im Gewerbegebiet La Pallanterie in Meinier gefeiert.\",\"breadcrumb\":{\"@id\":\"https:\\\/\\\/www.immobilienbusiness.ch\\\/regionen\\\/2017-10-11\\\/grundsteinlegung-projekt-p9-meinier\\\/#breadcrumb\"},\"inLanguage\":\"fr-FR\",\"potentialAction\":[{\"@type\":\"ReadAction\",\"target\":[\"https:\\\/\\\/www.immobilienbusiness.ch\\\/regionen\\\/2017-10-11\\\/grundsteinlegung-projekt-p9-meinier\\\/\"]}]},{\"@type\":\"ImageObject\",\"inLanguage\":\"fr-FR\",\"@id\":\"https:\\\/\\\/www.immobilienbusiness.ch\\\/regionen\\\/2017-10-11\\\/grundsteinlegung-projekt-p9-meinier\\\/#primaryimage\",\"url\":\"https:\\\/\\\/www.immobilienbusiness.ch\\\/wp-content\\\/uploads\\\/2017\\\/10\\\/IB-News-20171011-Meinier-Grundsteinlegung-P9-Fondation-de-la-Pallanterie-HRS-Real-Estate.jpg\",\"contentUrl\":\"https:\\\/\\\/www.immobilienbusiness.ch\\\/wp-content\\\/uploads\\\/2017\\\/10\\\/IB-News-20171011-Meinier-Grundsteinlegung-P9-Fondation-de-la-Pallanterie-HRS-Real-Estate.jpg\",\"width\":450,\"height\":299,\"caption\":\"F\u00fcr das Geb\u00e4ude P9 im Industrie- und Gewerbegebiet La Pallanterie ist der Grundstein gelegt worden (Visualisierung: HRS)\"},{\"@type\":\"BreadcrumbList\",\"@id\":\"https:\\\/\\\/www.immobilienbusiness.ch\\\/regionen\\\/2017-10-11\\\/grundsteinlegung-projekt-p9-meinier\\\/#breadcrumb\",\"itemListElement\":[{\"@type\":\"ListItem\",\"position\":1,\"name\":\"Home\",\"item\":\"https:\\\/\\\/www.immobilienbusiness.ch\\\/\"},{\"@type\":\"ListItem\",\"position\":2,\"name\":\"Region Genf: Grundsteinlegung f\u00fcr Projekt P9 in Meinier\"}]},{\"@type\":\"WebSite\",\"@id\":\"https:\\\/\\\/www.immobilienbusiness.ch\\\/#website\",\"url\":\"https:\\\/\\\/www.immobilienbusiness.ch\\\/\",\"name\":\"IMMOBILIEN Business\",\"description\":\"Unabh\u00e4ngiges Schweizer Wirtschaftsmagazin mit Fokus auf Immobilien, Architektur- und Bau sowie Investment- und Finanzierung.\",\"publisher\":{\"@id\":\"https:\\\/\\\/www.immobilienbusiness.ch\\\/#organization\"},\"potentialAction\":[{\"@type\":\"SearchAction\",\"target\":{\"@type\":\"EntryPoint\",\"urlTemplate\":\"https:\\\/\\\/www.immobilienbusiness.ch\\\/?s={search_term_string}\"},\"query-input\":{\"@type\":\"PropertyValueSpecification\",\"valueRequired\":true,\"valueName\":\"search_term_string\"}}],\"inLanguage\":\"fr-FR\"},{\"@type\":\"Organization\",\"@id\":\"https:\\\/\\\/www.immobilienbusiness.ch\\\/#organization\",\"name\":\"IMMOBILIEN Business\",\"url\":\"https:\\\/\\\/www.immobilienbusiness.ch\\\/\",\"logo\":{\"@type\":\"ImageObject\",\"inLanguage\":\"fr-FR\",\"@id\":\"https:\\\/\\\/www.immobilienbusiness.ch\\\/#\\\/schema\\\/logo\\\/image\\\/\",\"url\":\"https:\\\/\\\/www.immobilienbusiness.ch\\\/wp-content\\\/uploads\\\/2021\\\/07\\\/logo_ib.png\",\"contentUrl\":\"https:\\\/\\\/www.immobilienbusiness.ch\\\/wp-content\\\/uploads\\\/2021\\\/07\\\/logo_ib.png\",\"width\":800,\"height\":181,\"caption\":\"IMMOBILIEN Business\"},\"image\":{\"@id\":\"https:\\\/\\\/www.immobilienbusiness.ch\\\/#\\\/schema\\\/logo\\\/image\\\/\"},\"sameAs\":[\"https:\\\/\\\/www.facebook.com\\\/immobilienbusiness\\\/\"]},{\"@type\":\"Person\",\"@id\":\"https:\\\/\\\/www.immobilienbusiness.ch\\\/#\\\/schema\\\/person\\\/31be7383261ea656cfe52cad71fdc211\",\"name\":\"mathias.rinka\",\"image\":{\"@type\":\"ImageObject\",\"inLanguage\":\"fr-FR\",\"@id\":\"https:\\\/\\\/secure.gravatar.com\\\/avatar\\\/?s=96&d=mm&r=g\",\"url\":\"https:\\\/\\\/secure.gravatar.com\\\/avatar\\\/?s=96&d=mm&r=g\",\"contentUrl\":\"https:\\\/\\\/secure.gravatar.com\\\/avatar\\\/?s=96&d=mm&r=g\",\"caption\":\"mathias.rinka\"},\"url\":\"https:\\\/\\\/www.immobilienbusiness.ch\\\/fr\\\/author\\\/mathias-rinka\\\/\"}]}<\/script>\n<!-- \/ Yoast SEO plugin. -->","yoast_head_json":{"title":"Region Genf: Grundsteinlegung f\u00fcr Projekt P9 in Meinier - IMMOBILIEN Business","description":"Die Fondation de la Pallanterie und HRS Real Estate haben die Grundsteinlegung f\u00fcr das Geb\u00e4ude P9 im Gewerbegebiet La Pallanterie in Meinier gefeiert.","robots":{"index":"index","follow":"follow","max-snippet":"max-snippet:-1","max-image-preview":"max-image-preview:large","max-video-preview":"max-video-preview:-1"},"canonical":"https:\/\/www.immobilienbusiness.ch\/fr\/regionen\/2017-10-11\/grundsteinlegung-projekt-p9-meinier\/","og_locale":"fr_FR","og_type":"article","og_title":"Region Genf: Grundsteinlegung f\u00fcr Projekt P9 in Meinier","og_description":"Die Fondation de la Pallanterie und HRS Real Estate haben die Grundsteinlegung f\u00fcr das Geb\u00e4ude P9 im Industrie- und Gewerbegebiet La Pallanterie gefeiert.","og_url":"https:\/\/www.immobilienbusiness.ch\/fr\/regionen\/2017-10-11\/grundsteinlegung-projekt-p9-meinier\/","og_site_name":"IMMOBILIEN Business","article_publisher":"https:\/\/www.facebook.com\/immobilienbusiness\/","article_published_time":"2017-10-11T07:08:08+00:00","og_image":[{"width":450,"height":299,"url":"https:\/\/www.immobilienbusiness.ch\/wp-content\/uploads\/2017\/10\/IB-News-20171011-Meinier-Grundsteinlegung-P9-Fondation-de-la-Pallanterie-HRS-Real-Estate.jpg","type":"image\/jpeg"}],"author":"mathias.rinka","twitter_card":"summary_large_image","twitter_title":"Region Genf: Grundsteinlegung f\u00fcr Projekt P9 in Meinier","twitter_description":"Die Fondation de la Pallanterie und HRS Real Estate haben die Grundsteinlegung f\u00fcr das Geb\u00e4ude P9 im Industrie- und Gewerbegebiet La Pallanterie gefeiert.","schema":{"@context":"https:\/\/schema.org","@graph":[{"@type":"Article","@id":"https:\/\/www.immobilienbusiness.ch\/regionen\/2017-10-11\/grundsteinlegung-projekt-p9-meinier\/#article","isPartOf":{"@id":"https:\/\/www.immobilienbusiness.ch\/regionen\/2017-10-11\/grundsteinlegung-projekt-p9-meinier\/"},"author":{"name":"mathias.rinka","@id":"https:\/\/www.immobilienbusiness.ch\/#\/schema\/person\/31be7383261ea656cfe52cad71fdc211"},"headline":"Region Genf: Grundsteinlegung f\u00fcr Projekt P9 in Meinier","datePublished":"2017-10-11T07:08:08+00:00","mainEntityOfPage":{"@id":"https:\/\/www.immobilienbusiness.ch\/regionen\/2017-10-11\/grundsteinlegung-projekt-p9-meinier\/"},"wordCount":105,"commentCount":0,"publisher":{"@id":"https:\/\/www.immobilienbusiness.ch\/#organization"},"image":{"@id":"https:\/\/www.immobilienbusiness.ch\/regionen\/2017-10-11\/grundsteinlegung-projekt-p9-meinier\/#primaryimage"},"thumbnailUrl":"https:\/\/www.immobilienbusiness.ch\/wp-content\/uploads\/2017\/10\/IB-News-20171011-Meinier-Grundsteinlegung-P9-Fondation-de-la-Pallanterie-HRS-Real-Estate.jpg","keywords":["Genf","Gewerbeimmobilien","HRS Real Estate","Industrie-Immobilien","Meirin","Projekt in Bau","Projektentwicklung"],"articleSection":["REGIONEN"],"inLanguage":"fr-FR"},{"@type":"WebPage","@id":"https:\/\/www.immobilienbusiness.ch\/regionen\/2017-10-11\/grundsteinlegung-projekt-p9-meinier\/","url":"https:\/\/www.immobilienbusiness.ch\/regionen\/2017-10-11\/grundsteinlegung-projekt-p9-meinier\/","name":"Region Genf: Grundsteinlegung f\u00fcr Projekt P9 in Meinier - IMMOBILIEN Business","isPartOf":{"@id":"https:\/\/www.immobilienbusiness.ch\/#website"},"primaryImageOfPage":{"@id":"https:\/\/www.immobilienbusiness.ch\/regionen\/2017-10-11\/grundsteinlegung-projekt-p9-meinier\/#primaryimage"},"image":{"@id":"https:\/\/www.immobilienbusiness.ch\/regionen\/2017-10-11\/grundsteinlegung-projekt-p9-meinier\/#primaryimage"},"thumbnailUrl":"https:\/\/www.immobilienbusiness.ch\/wp-content\/uploads\/2017\/10\/IB-News-20171011-Meinier-Grundsteinlegung-P9-Fondation-de-la-Pallanterie-HRS-Real-Estate.jpg","datePublished":"2017-10-11T07:08:08+00:00","description":"Die Fondation de la Pallanterie und HRS Real Estate haben die Grundsteinlegung f\u00fcr das Geb\u00e4ude P9 im Gewerbegebiet La Pallanterie in Meinier gefeiert.","breadcrumb":{"@id":"https:\/\/www.immobilienbusiness.ch\/regionen\/2017-10-11\/grundsteinlegung-projekt-p9-meinier\/#breadcrumb"},"inLanguage":"fr-FR","potentialAction":[{"@type":"ReadAction","target":["https:\/\/www.immobilienbusiness.ch\/regionen\/2017-10-11\/grundsteinlegung-projekt-p9-meinier\/"]}]},{"@type":"ImageObject","inLanguage":"fr-FR","@id":"https:\/\/www.immobilienbusiness.ch\/regionen\/2017-10-11\/grundsteinlegung-projekt-p9-meinier\/#primaryimage","url":"https:\/\/www.immobilienbusiness.ch\/wp-content\/uploads\/2017\/10\/IB-News-20171011-Meinier-Grundsteinlegung-P9-Fondation-de-la-Pallanterie-HRS-Real-Estate.jpg","contentUrl":"https:\/\/www.immobilienbusiness.ch\/wp-content\/uploads\/2017\/10\/IB-News-20171011-Meinier-Grundsteinlegung-P9-Fondation-de-la-Pallanterie-HRS-Real-Estate.jpg","width":450,"height":299,"caption":"F\u00fcr das Geb\u00e4ude P9 im Industrie- und Gewerbegebiet La Pallanterie ist der Grundstein gelegt worden (Visualisierung: HRS)"},{"@type":"BreadcrumbList","@id":"https:\/\/www.immobilienbusiness.ch\/regionen\/2017-10-11\/grundsteinlegung-projekt-p9-meinier\/#breadcrumb","itemListElement":[{"@type":"ListItem","position":1,"name":"Home","item":"https:\/\/www.immobilienbusiness.ch\/"},{"@type":"ListItem","position":2,"name":"Region Genf: Grundsteinlegung f\u00fcr Projekt P9 in Meinier"}]},{"@type":"WebSite","@id":"https:\/\/www.immobilienbusiness.ch\/#website","url":"https:\/\/www.immobilienbusiness.ch\/","name":"IMMOBILIER Business","description":"Magazine \u00e9conomique suisse ind\u00e9pendant ax\u00e9 sur l'immobilier, l'architecture et la construction ainsi que sur les investissements et le financement.","publisher":{"@id":"https:\/\/www.immobilienbusiness.ch\/#organization"},"potentialAction":[{"@type":"SearchAction","target":{"@type":"EntryPoint","urlTemplate":"https:\/\/www.immobilienbusiness.ch\/?s={search_term_string}"},"query-input":{"@type":"PropertyValueSpecification","valueRequired":true,"valueName":"search_term_string"}}],"inLanguage":"fr-FR"},{"@type":"Organization","@id":"https:\/\/www.immobilienbusiness.ch\/#organization","name":"IMMOBILIER Business","url":"https:\/\/www.immobilienbusiness.ch\/","logo":{"@type":"ImageObject","inLanguage":"fr-FR","@id":"https:\/\/www.immobilienbusiness.ch\/#\/schema\/logo\/image\/","url":"https:\/\/www.immobilienbusiness.ch\/wp-content\/uploads\/2021\/07\/logo_ib.png","contentUrl":"https:\/\/www.immobilienbusiness.ch\/wp-content\/uploads\/2021\/07\/logo_ib.png","width":800,"height":181,"caption":"IMMOBILIEN Business"},"image":{"@id":"https:\/\/www.immobilienbusiness.ch\/#\/schema\/logo\/image\/"},"sameAs":["https:\/\/www.facebook.com\/immobilienbusiness\/"]},{"@type":"Person","@id":"https:\/\/www.immobilienbusiness.ch\/#\/schema\/person\/31be7383261ea656cfe52cad71fdc211","name":"mathias.rinka","image":{"@type":"ImageObject","inLanguage":"fr-FR","@id":"https:\/\/secure.gravatar.com\/avatar\/?s=96&d=mm&r=g","url":"https:\/\/secure.gravatar.com\/avatar\/?s=96&d=mm&r=g","contentUrl":"https:\/\/secure.gravatar.com\/avatar\/?s=96&d=mm&r=g","caption":"mathias.rinka"},"url":"https:\/\/www.immobilienbusiness.ch\/fr\/author\/mathias-rinka\/"}]}},"_links":{"self":[{"href":"https:\/\/www.immobilienbusiness.ch\/fr\/wp-json\/wp\/v2\/posts\/9516","targetHints":{"allow":["GET"]}}],"collection":[{"href":"https:\/\/www.immobilienbusiness.ch\/fr\/wp-json\/wp\/v2\/posts"}],"about":[{"href":"https:\/\/www.immobilienbusiness.ch\/fr\/wp-json\/wp\/v2\/types\/post"}],"author":[{"embeddable":true,"href":"https:\/\/www.immobilienbusiness.ch\/fr\/wp-json\/wp\/v2\/users\/4"}],"replies":[{"embeddable":true,"href":"https:\/\/www.immobilienbusiness.ch\/fr\/wp-json\/wp\/v2\/comments?post=9516"}],"version-history":[{"count":0,"href":"https:\/\/www.immobilienbusiness.ch\/fr\/wp-json\/wp\/v2\/posts\/9516\/revisions"}],"wp:featuredmedia":[{"embeddable":true,"href":"https:\/\/www.immobilienbusiness.ch\/fr\/wp-json\/wp\/v2\/media\/9517"}],"wp:attachment":[{"href":"https:\/\/www.immobilienbusiness.ch\/fr\/wp-json\/wp\/v2\/media?parent=9516"}],"wp:term":[{"taxonomy":"category","embeddable":true,"href":"https:\/\/www.immobilienbusiness.ch\/fr\/wp-json\/wp\/v2\/categories?post=9516"},{"taxonomy":"post_tag","embeddable":true,"href":"https:\/\/www.immobilienbusiness.ch\/fr\/wp-json\/wp\/v2\/tags?post=9516"}],"curies":[{"name":"wp","href":"https:\/\/api.w.org\/{rel}","templated":true}]}}