{"id":9407,"date":"2017-10-04T08:29:10","date_gmt":"2017-10-04T06:29:10","guid":{"rendered":"https:\/\/www.immobilienbusiness.ch\/?p=9407"},"modified":"2017-10-04T08:29:10","modified_gmt":"2017-10-04T06:29:10","slug":"walde-partner-sabina-furler-wird-neue-ceo","status":"publish","type":"post","link":"https:\/\/www.immobilienbusiness.ch\/fr\/unternehmen\/2017-10-04\/walde-partner-sabina-furler-wird-neue-ceo\/","title":{"rendered":"Walde &amp; Partner : Sabina Furler devient la nouvelle CEO"},"content":{"rendered":"<figure id=\"attachment_9408\" aria-describedby=\"caption-attachment-9408\" style=\"width: 680px\" class=\"wp-caption alignnone\"><img loading=\"lazy\" decoding=\"async\" class=\"size-medium wp-image-9408\" src=\"https:\/\/www.immobilienbusiness.ch\/wp-content\/uploads\/2017\/10\/walde-ceo.jpg\" alt=\"\" width=\"680\" height=\"453\" srcset=\"https:\/\/www.immobilienbusiness.ch\/wp-content\/uploads\/2017\/10\/walde-ceo.jpg 2560w, https:\/\/www.immobilienbusiness.ch\/wp-content\/uploads\/2017\/10\/walde-ceo-300x200.jpg 300w, https:\/\/www.immobilienbusiness.ch\/wp-content\/uploads\/2017\/10\/walde-ceo-1024x682.jpg 1024w, https:\/\/www.immobilienbusiness.ch\/wp-content\/uploads\/2017\/10\/walde-ceo-768x511.jpg 768w, https:\/\/www.immobilienbusiness.ch\/wp-content\/uploads\/2017\/10\/walde-ceo-1536x1022.jpg 1536w, https:\/\/www.immobilienbusiness.ch\/wp-content\/uploads\/2017\/10\/walde-ceo-2048x1363.jpg 2048w, https:\/\/www.immobilienbusiness.ch\/wp-content\/uploads\/2017\/10\/walde-ceo-16x12.jpg 16w, https:\/\/www.immobilienbusiness.ch\/wp-content\/uploads\/2017\/10\/walde-ceo-263x175.jpg 263w, https:\/\/www.immobilienbusiness.ch\/wp-content\/uploads\/2017\/10\/walde-ceo-526x350.jpg 526w, https:\/\/www.immobilienbusiness.ch\/wp-content\/uploads\/2017\/10\/walde-ceo-1202x800.jpg 1202w, https:\/\/www.immobilienbusiness.ch\/wp-content\/uploads\/2017\/10\/walde-ceo-920x612.jpg 920w, https:\/\/www.immobilienbusiness.ch\/wp-content\/uploads\/2017\/10\/walde-ceo-1400x932.jpg 1400w\" sizes=\"auto, (max-width: 680px) 100vw, 680px\" \/><figcaption id=\"caption-attachment-9408\" class=\"wp-caption-text\">La CEO d\u00e9sign\u00e9e Sabina Furler (Photo : Walde &amp; Partner Immobilien AG)<\/figcaption><\/figure>\n<p>Le passage de t\u00e9moin a lieu dans le cadre de la planification \u00e0 long terme de la succession de Walde &amp; Partner Immobilien, communique l'entreprise. Gerhard E. Walde (63 ans) a fond\u00e9 le prestataire de services immobiliers il y a 32 ans avec sa femme Marianne, qui reste en charge des affaires courantes. Aujourd'hui, Walde &amp; Partner emploie plus de 50 collaborateurs sur six sites dans l'agglom\u00e9ration de Zurich et Lucerne ainsi qu'en Argovie.<\/p>\n<p>La nouvelle CEO Sabina Furler (53 ans) a d'abord \u00e9t\u00e9 conseill\u00e8re d'entreprise chez McKinsey, puis elle a travaill\u00e9 comme directrice du marketing et des ventes chez Swissair et chez Kuoni Italie. Elle est ensuite pass\u00e9e au secteur de l'horlogerie et de la bijouterie, o\u00f9 elle a notamment \u00e9t\u00e9 responsable des ventes internationales chez IWC Schaffhausen. En 2008, elle est devenue CEO de l'entreprise de lingerie et de maillots de bain Beldona, o\u00f9 elle a \u00e9galement dirig\u00e9 pendant de nombreuses ann\u00e9es les secteurs du marketing et des ventes en union personnelle. Furler si\u00e8ge \u00e9galement au conseil consultatif de la cha\u00eene de magasins de mode allemande E. Breuninger GmbH &amp; Co \u00e0 Stuttgart.<\/p>\n<p>Gerhard E. Walde veut se concentrer sur les questions strat\u00e9giques de l'entreprise immobili\u00e8re en tant que pr\u00e9sident du conseil d'administration \u00e0 partir de d\u00e9but 2018. \"Je suis tr\u00e8s heureux que nous ayons pu convaincre Sabina Furler de me succ\u00e9der\", d\u00e9clare-t-il. \"Elle est non seulement parfaitement qualifi\u00e9e en tant qu'entrepreneuse exp\u00e9riment\u00e9e dot\u00e9e d'excellentes qualit\u00e9s de direction, mais elle est \u00e9galement la personne id\u00e9ale pour nous gr\u00e2ce \u00e0 sa nature gagnante ainsi qu'\u00e0 ses origines professionnelles dans l'industrie du voyage, de l'horlogerie et de la mode. Comme pour l'immobilier r\u00e9sidentiel, il s'agissait avant tout d'\u00e9motions et de confiance\".<\/p>\n<p>La direction de Walde &amp; Partner est toujours compos\u00e9e de Thomas Moser, responsable de l'immobilier de placement, et de Stefan Felber, responsable du site de Lucerne. Le conseil d'administration se compose du pr\u00e9sident Gerhard E. Walde ainsi que des membres Marianne Walde, Dr. Markus D\u00f6rig et Andreas Widmer.<\/p>","protected":false},"excerpt":{"rendered":"<p>Un changement \u00e0 la t\u00eate de Walde &amp; Partner Immobilien aura lieu \u00e0 la fin de l'ann\u00e9e : Gerhard E. Walde quittera la direction op\u00e9rationnelle et se concentrera sur ses t\u00e2ches de pr\u00e9sident du conseil d'administration. Sabina Furler, derni\u00e8rement CEO de Beldona, devient la nouvelle pr\u00e9sidente de la direction.<\/p>","protected":false},"author":3,"featured_media":9408,"comment_status":"open","ping_status":"open","sticky":false,"template":"","format":"standard","meta":{"_acf_changed":false,"_yoast_wpseo_focuskw":"Sabina Furler","_yoast_wpseo_title":"","_yoast_wpseo_metadesc":"Gerhard E. Walde gibt per Jahresende die operative Gesch\u00e4ftsleitung bei Walde & Partner ab. Neue Vorsitzende der Gesch\u00e4ftsleitung wird Sabina Furler.","_yoast_wpseo_linkdex":78,"pgc_sgb_lightbox_settings":"","footnotes":""},"categories":[988],"tags":[1563,1807],"class_list":["post-9407","post","type-post","status-publish","format-standard","has-post-thumbnail","hentry","category-unternehmen","tag-personalia","tag-unternehmen"],"acf":[],"yoast_head":"<!-- This site is optimized with the Yoast SEO plugin v27.4 - https:\/\/yoast.com\/product\/yoast-seo-wordpress\/ -->\n<title>Walde &amp; Partner: Sabina Furler wird neue CEO - IMMOBILIEN Business<\/title>\n<meta name=\"description\" content=\"Gerhard E. Walde gibt per Jahresende die operative Gesch\u00e4ftsleitung bei Walde &amp; Partner ab. Neue Vorsitzende der Gesch\u00e4ftsleitung wird Sabina Furler.\" \/>\n<meta name=\"robots\" content=\"index, follow, max-snippet:-1, max-image-preview:large, max-video-preview:-1\" \/>\n<link rel=\"canonical\" href=\"https:\/\/www.immobilienbusiness.ch\/fr\/unternehmen\/2017-10-04\/walde-partner-sabina-furler-wird-neue-ceo\/\" \/>\n<meta property=\"og:locale\" content=\"fr_FR\" \/>\n<meta property=\"og:type\" content=\"article\" \/>\n<meta property=\"og:title\" content=\"Walde &amp; Partner: Sabina Furler wird neue CEO\" \/>\n<meta property=\"og:description\" content=\"Gerhard E. Walde gibt per Jahresende die operative Gesch\u00e4ftsleitung bei Walde &amp; Partner ab. Neue Vorsitzende der Gesch\u00e4ftsleitung wird Sabina Furler.\" \/>\n<meta property=\"og:url\" content=\"https:\/\/www.immobilienbusiness.ch\/fr\/unternehmen\/2017-10-04\/walde-partner-sabina-furler-wird-neue-ceo\/\" \/>\n<meta property=\"og:site_name\" content=\"IMMOBILIEN Business\" \/>\n<meta property=\"article:publisher\" content=\"https:\/\/www.facebook.com\/immobilienbusiness\/\" \/>\n<meta property=\"article:published_time\" content=\"2017-10-04T06:29:10+00:00\" \/>\n<meta property=\"og:image\" content=\"https:\/\/www.immobilienbusiness.ch\/wp-content\/uploads\/2017\/10\/walde-ceo-1024x682.jpg\" \/>\n\t<meta property=\"og:image:width\" content=\"1024\" \/>\n\t<meta property=\"og:image:height\" content=\"682\" \/>\n\t<meta property=\"og:image:type\" content=\"image\/jpeg\" \/>\n<meta name=\"author\" content=\"anja.hall\" \/>\n<meta name=\"twitter:card\" content=\"summary_large_image\" \/>\n<meta name=\"twitter:title\" content=\"Walde &amp; Partner: Sabina Furler wird neue CEO\" \/>\n<meta name=\"twitter:description\" content=\"Gerhard E. Walde gibt per Jahresende die operative Gesch\u00e4ftsleitung bei Walde &amp; Partner ab. Neue Vorsitzende der Gesch\u00e4ftsleitung wird Sabina Furler.\" \/>\n<meta name=\"twitter:image\" content=\"https:\/\/www.immobilienbusiness.ch\/wp-content\/uploads\/2017\/10\/walde-ceo.jpg\" \/>\n<script type=\"application\/ld+json\" class=\"yoast-schema-graph\">{\"@context\":\"https:\\\/\\\/schema.org\",\"@graph\":[{\"@type\":\"Article\",\"@id\":\"https:\\\/\\\/www.immobilienbusiness.ch\\\/de\\\/unternehmen\\\/2017-10-04\\\/walde-partner-sabina-furler-wird-neue-ceo\\\/#article\",\"isPartOf\":{\"@id\":\"https:\\\/\\\/www.immobilienbusiness.ch\\\/de\\\/unternehmen\\\/2017-10-04\\\/walde-partner-sabina-furler-wird-neue-ceo\\\/\"},\"author\":{\"name\":\"anja.hall\",\"@id\":\"https:\\\/\\\/www.immobilienbusiness.ch\\\/#\\\/schema\\\/person\\\/3fc036297b10b9f42d6db5ee932af8c8\"},\"headline\":\"Walde &#038; Partner: Sabina Furler wird neue CEO\",\"datePublished\":\"2017-10-04T06:29:10+00:00\",\"mainEntityOfPage\":{\"@id\":\"https:\\\/\\\/www.immobilienbusiness.ch\\\/de\\\/unternehmen\\\/2017-10-04\\\/walde-partner-sabina-furler-wird-neue-ceo\\\/\"},\"wordCount\":295,\"commentCount\":0,\"publisher\":{\"@id\":\"https:\\\/\\\/www.immobilienbusiness.ch\\\/#organization\"},\"image\":{\"@id\":\"https:\\\/\\\/www.immobilienbusiness.ch\\\/de\\\/unternehmen\\\/2017-10-04\\\/walde-partner-sabina-furler-wird-neue-ceo\\\/#primaryimage\"},\"thumbnailUrl\":\"https:\\\/\\\/www.immobilienbusiness.ch\\\/wp-content\\\/uploads\\\/2017\\\/10\\\/walde-ceo.jpg\",\"keywords\":[\"Personalia\",\"Unternehmen\"],\"articleSection\":[\"UNTERNEHMEN\"],\"inLanguage\":\"fr-FR\"},{\"@type\":\"WebPage\",\"@id\":\"https:\\\/\\\/www.immobilienbusiness.ch\\\/de\\\/unternehmen\\\/2017-10-04\\\/walde-partner-sabina-furler-wird-neue-ceo\\\/\",\"url\":\"https:\\\/\\\/www.immobilienbusiness.ch\\\/de\\\/unternehmen\\\/2017-10-04\\\/walde-partner-sabina-furler-wird-neue-ceo\\\/\",\"name\":\"Walde & Partner: Sabina Furler wird neue CEO - IMMOBILIEN Business\",\"isPartOf\":{\"@id\":\"https:\\\/\\\/www.immobilienbusiness.ch\\\/#website\"},\"primaryImageOfPage\":{\"@id\":\"https:\\\/\\\/www.immobilienbusiness.ch\\\/de\\\/unternehmen\\\/2017-10-04\\\/walde-partner-sabina-furler-wird-neue-ceo\\\/#primaryimage\"},\"image\":{\"@id\":\"https:\\\/\\\/www.immobilienbusiness.ch\\\/de\\\/unternehmen\\\/2017-10-04\\\/walde-partner-sabina-furler-wird-neue-ceo\\\/#primaryimage\"},\"thumbnailUrl\":\"https:\\\/\\\/www.immobilienbusiness.ch\\\/wp-content\\\/uploads\\\/2017\\\/10\\\/walde-ceo.jpg\",\"datePublished\":\"2017-10-04T06:29:10+00:00\",\"description\":\"Gerhard E. Walde gibt per Jahresende die operative Gesch\u00e4ftsleitung bei Walde & Partner ab. Neue Vorsitzende der Gesch\u00e4ftsleitung wird Sabina Furler.\",\"breadcrumb\":{\"@id\":\"https:\\\/\\\/www.immobilienbusiness.ch\\\/de\\\/unternehmen\\\/2017-10-04\\\/walde-partner-sabina-furler-wird-neue-ceo\\\/#breadcrumb\"},\"inLanguage\":\"fr-FR\",\"potentialAction\":[{\"@type\":\"ReadAction\",\"target\":[\"https:\\\/\\\/www.immobilienbusiness.ch\\\/de\\\/unternehmen\\\/2017-10-04\\\/walde-partner-sabina-furler-wird-neue-ceo\\\/\"]}]},{\"@type\":\"ImageObject\",\"inLanguage\":\"fr-FR\",\"@id\":\"https:\\\/\\\/www.immobilienbusiness.ch\\\/de\\\/unternehmen\\\/2017-10-04\\\/walde-partner-sabina-furler-wird-neue-ceo\\\/#primaryimage\",\"url\":\"https:\\\/\\\/www.immobilienbusiness.ch\\\/wp-content\\\/uploads\\\/2017\\\/10\\\/walde-ceo.jpg\",\"contentUrl\":\"https:\\\/\\\/www.immobilienbusiness.ch\\\/wp-content\\\/uploads\\\/2017\\\/10\\\/walde-ceo.jpg\",\"width\":2560,\"height\":1704,\"caption\":\"Die designierte CEO Sabina Furler (Foto: Walde & Partner Immobilien AG)\"},{\"@type\":\"BreadcrumbList\",\"@id\":\"https:\\\/\\\/www.immobilienbusiness.ch\\\/de\\\/unternehmen\\\/2017-10-04\\\/walde-partner-sabina-furler-wird-neue-ceo\\\/#breadcrumb\",\"itemListElement\":[{\"@type\":\"ListItem\",\"position\":1,\"name\":\"Home\",\"item\":\"https:\\\/\\\/www.immobilienbusiness.ch\\\/\"},{\"@type\":\"ListItem\",\"position\":2,\"name\":\"Walde &#038; Partner: Sabina Furler wird neue CEO\"}]},{\"@type\":\"WebSite\",\"@id\":\"https:\\\/\\\/www.immobilienbusiness.ch\\\/#website\",\"url\":\"https:\\\/\\\/www.immobilienbusiness.ch\\\/\",\"name\":\"IMMOBILIEN Business\",\"description\":\"Unabh\u00e4ngiges Schweizer Wirtschaftsmagazin mit Fokus auf Immobilien, Architektur- und Bau sowie Investment- und Finanzierung.\",\"publisher\":{\"@id\":\"https:\\\/\\\/www.immobilienbusiness.ch\\\/#organization\"},\"potentialAction\":[{\"@type\":\"SearchAction\",\"target\":{\"@type\":\"EntryPoint\",\"urlTemplate\":\"https:\\\/\\\/www.immobilienbusiness.ch\\\/?s={search_term_string}\"},\"query-input\":{\"@type\":\"PropertyValueSpecification\",\"valueRequired\":true,\"valueName\":\"search_term_string\"}}],\"inLanguage\":\"fr-FR\"},{\"@type\":\"Organization\",\"@id\":\"https:\\\/\\\/www.immobilienbusiness.ch\\\/#organization\",\"name\":\"IMMOBILIEN Business\",\"url\":\"https:\\\/\\\/www.immobilienbusiness.ch\\\/\",\"logo\":{\"@type\":\"ImageObject\",\"inLanguage\":\"fr-FR\",\"@id\":\"https:\\\/\\\/www.immobilienbusiness.ch\\\/#\\\/schema\\\/logo\\\/image\\\/\",\"url\":\"https:\\\/\\\/www.immobilienbusiness.ch\\\/wp-content\\\/uploads\\\/2021\\\/07\\\/logo_ib.png\",\"contentUrl\":\"https:\\\/\\\/www.immobilienbusiness.ch\\\/wp-content\\\/uploads\\\/2021\\\/07\\\/logo_ib.png\",\"width\":800,\"height\":181,\"caption\":\"IMMOBILIEN Business\"},\"image\":{\"@id\":\"https:\\\/\\\/www.immobilienbusiness.ch\\\/#\\\/schema\\\/logo\\\/image\\\/\"},\"sameAs\":[\"https:\\\/\\\/www.facebook.com\\\/immobilienbusiness\\\/\"]},{\"@type\":\"Person\",\"@id\":\"https:\\\/\\\/www.immobilienbusiness.ch\\\/#\\\/schema\\\/person\\\/3fc036297b10b9f42d6db5ee932af8c8\",\"name\":\"anja.hall\",\"image\":{\"@type\":\"ImageObject\",\"inLanguage\":\"fr-FR\",\"@id\":\"https:\\\/\\\/secure.gravatar.com\\\/avatar\\\/066b5a0d447013502c71a5782f4f3469f03cfe595cc2329fb94652fe47511bfb?s=96&d=mm&r=g\",\"url\":\"https:\\\/\\\/secure.gravatar.com\\\/avatar\\\/066b5a0d447013502c71a5782f4f3469f03cfe595cc2329fb94652fe47511bfb?s=96&d=mm&r=g\",\"contentUrl\":\"https:\\\/\\\/secure.gravatar.com\\\/avatar\\\/066b5a0d447013502c71a5782f4f3469f03cfe595cc2329fb94652fe47511bfb?s=96&d=mm&r=g\",\"caption\":\"anja.hall\"},\"url\":\"https:\\\/\\\/www.immobilienbusiness.ch\\\/fr\\\/author\\\/anja-hall\\\/\"}]}<\/script>\n<!-- \/ Yoast SEO plugin. -->","yoast_head_json":{"title":"Walde &amp; Partner : Sabina Furler devient la nouvelle CEO - IMMOBILIER Business","description":"Gerhard E. Walde quittera la direction op\u00e9rationnelle de Walde &amp; Partner \u00e0 la fin de l'ann\u00e9e. Sabina Furler devient la nouvelle pr\u00e9sidente de la direction.","robots":{"index":"index","follow":"follow","max-snippet":"max-snippet:-1","max-image-preview":"max-image-preview:large","max-video-preview":"max-video-preview:-1"},"canonical":"https:\/\/www.immobilienbusiness.ch\/fr\/unternehmen\/2017-10-04\/walde-partner-sabina-furler-wird-neue-ceo\/","og_locale":"fr_FR","og_type":"article","og_title":"Walde & Partner: Sabina Furler wird neue CEO","og_description":"Gerhard E. Walde gibt per Jahresende die operative Gesch\u00e4ftsleitung bei Walde & Partner ab. Neue Vorsitzende der Gesch\u00e4ftsleitung wird Sabina Furler.","og_url":"https:\/\/www.immobilienbusiness.ch\/fr\/unternehmen\/2017-10-04\/walde-partner-sabina-furler-wird-neue-ceo\/","og_site_name":"IMMOBILIEN Business","article_publisher":"https:\/\/www.facebook.com\/immobilienbusiness\/","article_published_time":"2017-10-04T06:29:10+00:00","og_image":[{"width":1024,"height":682,"url":"https:\/\/www.immobilienbusiness.ch\/wp-content\/uploads\/2017\/10\/walde-ceo-1024x682.jpg","type":"image\/jpeg"}],"author":"anja.hall","twitter_card":"summary_large_image","twitter_title":"Walde & Partner: Sabina Furler wird neue CEO","twitter_description":"Gerhard E. Walde gibt per Jahresende die operative Gesch\u00e4ftsleitung bei Walde & Partner ab. Neue Vorsitzende der Gesch\u00e4ftsleitung wird Sabina Furler.","twitter_image":"https:\/\/www.immobilienbusiness.ch\/wp-content\/uploads\/2017\/10\/walde-ceo.jpg","schema":{"@context":"https:\/\/schema.org","@graph":[{"@type":"Article","@id":"https:\/\/www.immobilienbusiness.ch\/de\/unternehmen\/2017-10-04\/walde-partner-sabina-furler-wird-neue-ceo\/#article","isPartOf":{"@id":"https:\/\/www.immobilienbusiness.ch\/de\/unternehmen\/2017-10-04\/walde-partner-sabina-furler-wird-neue-ceo\/"},"author":{"name":"anja.hall","@id":"https:\/\/www.immobilienbusiness.ch\/#\/schema\/person\/3fc036297b10b9f42d6db5ee932af8c8"},"headline":"Walde &#038; Partner: Sabina Furler wird neue CEO","datePublished":"2017-10-04T06:29:10+00:00","mainEntityOfPage":{"@id":"https:\/\/www.immobilienbusiness.ch\/de\/unternehmen\/2017-10-04\/walde-partner-sabina-furler-wird-neue-ceo\/"},"wordCount":295,"commentCount":0,"publisher":{"@id":"https:\/\/www.immobilienbusiness.ch\/#organization"},"image":{"@id":"https:\/\/www.immobilienbusiness.ch\/de\/unternehmen\/2017-10-04\/walde-partner-sabina-furler-wird-neue-ceo\/#primaryimage"},"thumbnailUrl":"https:\/\/www.immobilienbusiness.ch\/wp-content\/uploads\/2017\/10\/walde-ceo.jpg","keywords":["Personalia","Unternehmen"],"articleSection":["UNTERNEHMEN"],"inLanguage":"fr-FR"},{"@type":"WebPage","@id":"https:\/\/www.immobilienbusiness.ch\/de\/unternehmen\/2017-10-04\/walde-partner-sabina-furler-wird-neue-ceo\/","url":"https:\/\/www.immobilienbusiness.ch\/de\/unternehmen\/2017-10-04\/walde-partner-sabina-furler-wird-neue-ceo\/","name":"Walde &amp; Partner : Sabina Furler devient la nouvelle CEO - IMMOBILIER Business","isPartOf":{"@id":"https:\/\/www.immobilienbusiness.ch\/#website"},"primaryImageOfPage":{"@id":"https:\/\/www.immobilienbusiness.ch\/de\/unternehmen\/2017-10-04\/walde-partner-sabina-furler-wird-neue-ceo\/#primaryimage"},"image":{"@id":"https:\/\/www.immobilienbusiness.ch\/de\/unternehmen\/2017-10-04\/walde-partner-sabina-furler-wird-neue-ceo\/#primaryimage"},"thumbnailUrl":"https:\/\/www.immobilienbusiness.ch\/wp-content\/uploads\/2017\/10\/walde-ceo.jpg","datePublished":"2017-10-04T06:29:10+00:00","description":"Gerhard E. Walde quittera la direction op\u00e9rationnelle de Walde &amp; Partner \u00e0 la fin de l'ann\u00e9e. Sabina Furler devient la nouvelle pr\u00e9sidente de la direction.","breadcrumb":{"@id":"https:\/\/www.immobilienbusiness.ch\/de\/unternehmen\/2017-10-04\/walde-partner-sabina-furler-wird-neue-ceo\/#breadcrumb"},"inLanguage":"fr-FR","potentialAction":[{"@type":"ReadAction","target":["https:\/\/www.immobilienbusiness.ch\/de\/unternehmen\/2017-10-04\/walde-partner-sabina-furler-wird-neue-ceo\/"]}]},{"@type":"ImageObject","inLanguage":"fr-FR","@id":"https:\/\/www.immobilienbusiness.ch\/de\/unternehmen\/2017-10-04\/walde-partner-sabina-furler-wird-neue-ceo\/#primaryimage","url":"https:\/\/www.immobilienbusiness.ch\/wp-content\/uploads\/2017\/10\/walde-ceo.jpg","contentUrl":"https:\/\/www.immobilienbusiness.ch\/wp-content\/uploads\/2017\/10\/walde-ceo.jpg","width":2560,"height":1704,"caption":"Die designierte CEO Sabina Furler (Foto: Walde & Partner Immobilien AG)"},{"@type":"BreadcrumbList","@id":"https:\/\/www.immobilienbusiness.ch\/de\/unternehmen\/2017-10-04\/walde-partner-sabina-furler-wird-neue-ceo\/#breadcrumb","itemListElement":[{"@type":"ListItem","position":1,"name":"Home","item":"https:\/\/www.immobilienbusiness.ch\/"},{"@type":"ListItem","position":2,"name":"Walde &#038; Partner: Sabina Furler wird neue CEO"}]},{"@type":"WebSite","@id":"https:\/\/www.immobilienbusiness.ch\/#website","url":"https:\/\/www.immobilienbusiness.ch\/","name":"IMMOBILIER Business","description":"Magazine \u00e9conomique suisse ind\u00e9pendant ax\u00e9 sur l'immobilier, l'architecture et la construction ainsi que sur les investissements et le financement.","publisher":{"@id":"https:\/\/www.immobilienbusiness.ch\/#organization"},"potentialAction":[{"@type":"SearchAction","target":{"@type":"EntryPoint","urlTemplate":"https:\/\/www.immobilienbusiness.ch\/?s={search_term_string}"},"query-input":{"@type":"PropertyValueSpecification","valueRequired":true,"valueName":"search_term_string"}}],"inLanguage":"fr-FR"},{"@type":"Organization","@id":"https:\/\/www.immobilienbusiness.ch\/#organization","name":"IMMOBILIER Business","url":"https:\/\/www.immobilienbusiness.ch\/","logo":{"@type":"ImageObject","inLanguage":"fr-FR","@id":"https:\/\/www.immobilienbusiness.ch\/#\/schema\/logo\/image\/","url":"https:\/\/www.immobilienbusiness.ch\/wp-content\/uploads\/2021\/07\/logo_ib.png","contentUrl":"https:\/\/www.immobilienbusiness.ch\/wp-content\/uploads\/2021\/07\/logo_ib.png","width":800,"height":181,"caption":"IMMOBILIEN Business"},"image":{"@id":"https:\/\/www.immobilienbusiness.ch\/#\/schema\/logo\/image\/"},"sameAs":["https:\/\/www.facebook.com\/immobilienbusiness\/"]},{"@type":"Person","@id":"https:\/\/www.immobilienbusiness.ch\/#\/schema\/person\/3fc036297b10b9f42d6db5ee932af8c8","name":"anja.hall","image":{"@type":"ImageObject","inLanguage":"fr-FR","@id":"https:\/\/secure.gravatar.com\/avatar\/066b5a0d447013502c71a5782f4f3469f03cfe595cc2329fb94652fe47511bfb?s=96&d=mm&r=g","url":"https:\/\/secure.gravatar.com\/avatar\/066b5a0d447013502c71a5782f4f3469f03cfe595cc2329fb94652fe47511bfb?s=96&d=mm&r=g","contentUrl":"https:\/\/secure.gravatar.com\/avatar\/066b5a0d447013502c71a5782f4f3469f03cfe595cc2329fb94652fe47511bfb?s=96&d=mm&r=g","caption":"anja.hall"},"url":"https:\/\/www.immobilienbusiness.ch\/fr\/author\/anja-hall\/"}]}},"_links":{"self":[{"href":"https:\/\/www.immobilienbusiness.ch\/fr\/wp-json\/wp\/v2\/posts\/9407","targetHints":{"allow":["GET"]}}],"collection":[{"href":"https:\/\/www.immobilienbusiness.ch\/fr\/wp-json\/wp\/v2\/posts"}],"about":[{"href":"https:\/\/www.immobilienbusiness.ch\/fr\/wp-json\/wp\/v2\/types\/post"}],"author":[{"embeddable":true,"href":"https:\/\/www.immobilienbusiness.ch\/fr\/wp-json\/wp\/v2\/users\/3"}],"replies":[{"embeddable":true,"href":"https:\/\/www.immobilienbusiness.ch\/fr\/wp-json\/wp\/v2\/comments?post=9407"}],"version-history":[{"count":0,"href":"https:\/\/www.immobilienbusiness.ch\/fr\/wp-json\/wp\/v2\/posts\/9407\/revisions"}],"wp:featuredmedia":[{"embeddable":true,"href":"https:\/\/www.immobilienbusiness.ch\/fr\/wp-json\/wp\/v2\/media\/9408"}],"wp:attachment":[{"href":"https:\/\/www.immobilienbusiness.ch\/fr\/wp-json\/wp\/v2\/media?parent=9407"}],"wp:term":[{"taxonomy":"category","embeddable":true,"href":"https:\/\/www.immobilienbusiness.ch\/fr\/wp-json\/wp\/v2\/categories?post=9407"},{"taxonomy":"post_tag","embeddable":true,"href":"https:\/\/www.immobilienbusiness.ch\/fr\/wp-json\/wp\/v2\/tags?post=9407"}],"curies":[{"name":"wp","href":"https:\/\/api.w.org\/{rel}","templated":true}]}}