{"id":9342,"date":"2017-09-27T09:08:09","date_gmt":"2017-09-27T07:08:09","guid":{"rendered":"https:\/\/www.immobilienbusiness.ch\/?p=9342"},"modified":"2017-09-27T09:08:09","modified_gmt":"2017-09-27T07:08:09","slug":"procimmo-fonds-managerwechsel","status":"publish","type":"post","link":"https:\/\/www.immobilienbusiness.ch\/fr\/unternehmen\/2017-09-27\/procimmo-fonds-managerwechsel\/","title":{"rendered":"Fonds Procimmo : changement de gestionnaire et augmentation du dividende"},"content":{"rendered":"<figure id=\"attachment_9343\" aria-describedby=\"caption-attachment-9343\" style=\"width: 680px\" class=\"wp-caption alignnone\"><img loading=\"lazy\" decoding=\"async\" class=\"size-full wp-image-9343\" src=\"https:\/\/www.immobilienbusiness.ch\/wp-content\/uploads\/2017\/09\/IB-News-20170927-Procimmo-Fonds-Dividende-Managerwechsel_Gajus-Images-\u2013-depositphotos.jpg\" alt=\"\" width=\"680\" height=\"449\" srcset=\"https:\/\/www.immobilienbusiness.ch\/wp-content\/uploads\/2017\/09\/IB-News-20170927-Procimmo-Fonds-Dividende-Managerwechsel_Gajus-Images-\u2013-depositphotos.jpg 680w, https:\/\/www.immobilienbusiness.ch\/wp-content\/uploads\/2017\/09\/IB-News-20170927-Procimmo-Fonds-Dividende-Managerwechsel_Gajus-Images-\u2013-depositphotos-300x198.jpg 300w, https:\/\/www.immobilienbusiness.ch\/wp-content\/uploads\/2017\/09\/IB-News-20170927-Procimmo-Fonds-Dividende-Managerwechsel_Gajus-Images-\u2013-depositphotos-16x12.jpg 16w, https:\/\/www.immobilienbusiness.ch\/wp-content\/uploads\/2017\/09\/IB-News-20170927-Procimmo-Fonds-Dividende-Managerwechsel_Gajus-Images-\u2013-depositphotos-265x175.jpg 265w, https:\/\/www.immobilienbusiness.ch\/wp-content\/uploads\/2017\/09\/IB-News-20170927-Procimmo-Fonds-Dividende-Managerwechsel_Gajus-Images-\u2013-depositphotos-530x350.jpg 530w\" sizes=\"auto, (max-width: 680px) 100vw, 680px\" \/><figcaption id=\"caption-attachment-9343\" class=\"wp-caption-text\">Le \"Procimmo Swiss Commercial Fund\" pr\u00e9sente ses chiffres et accueille un nouveau gestionnaire de fonds (Image : Gajus-Images-depositphotos)<\/figcaption><\/figure>\n<p>Le fonds pr\u00e9voit donc de verser cet automne un dividende de 5,30 CHF par part (hors imp\u00f4t direct et hors imp\u00f4t anticip\u00e9). L'ann\u00e9e pr\u00e9c\u00e9dente, le dividende vers\u00e9 aux investisseurs en octobre 2016 s'\u00e9tait \u00e9lev\u00e9 \u00e0 5,20 CHF. Selon les indications de Procimmo, le fonds immobilier a r\u00e9alis\u00e9 au cours du dernier exercice 2016\/2017 un rendement des placements de 7,11 pour cent (2015\/2016 : 6,51%), le r\u00e9sultat total a augment\u00e9 \u00e0 44,3 (39,7) millions. Au 30 juin 2017, la valeur nette d'inventaire s'\u00e9levait \u00e0 134,85 (130,90) CHF par part. Les revenus locatifs du fonds se sont \u00e9lev\u00e9s \u00e0 52,6 (55,2) millions. Les charges se sont \u00e9lev\u00e9es \u00e0 environ 31,05 (31,81) millions et le r\u00e9sultat total a augment\u00e9 \u00e0 44,3 (39,7) millions.<\/p>\n<p><strong>Le total des actifs du fonds d\u00e9passe 900 millions d'euros<\/strong><\/p>\n<p>Le \"Procimmo Swiss Commercial Fund\" investit principalement dans des immeubles commerciaux, des b\u00e2timents industriels, artisanaux et administratifs. Selon les indications de l'entreprise, la strat\u00e9gie du fonds consiste \u00e0 \"investir en dehors des centres urbains dans des immeubles pr\u00e9sentant un fort potentiel de plus-value\". Au 30 juin 2017, les fonds propres du fonds s'\u00e9levaient \u00e0 un peu plus de 651 millions et la fortune totale \u00e0 pr\u00e8s de 905 millions.<\/p>\n<p>Alors que la fortune nette du fonds a nettement augment\u00e9 par rapport \u00e0 l'ann\u00e9e pr\u00e9c\u00e9dente pour atteindre environ 632 millions, la fortune totale a l\u00e9g\u00e8rement diminu\u00e9 pour atteindre 910 millions. En ce qui concerne les projections actuelles pour les trois prochaines ann\u00e9es, Johny Rodrigues, gestionnaire du fonds \"Procimmo Swiss Commercial Fund\", explique que l'objectif est de garantir \u00e0 long terme une distribution de dividendes sup\u00e9rieure \u00e0 5 CHF par part.<\/p>\n<p><strong>Alexandre Monney sera d\u00e9sormais responsable de la gestion du fonds<\/strong><\/p>\n<p>Rodrigues quittera l'entreprise \u00e0 la fin de l'ann\u00e9e. Son successeur au poste de gestionnaire de fonds sera Alexandre Monney MRICS \u00e0 partir du 1er d\u00e9cembre 2017. Il a travaill\u00e9 en dernier lieu chez UBS SA \u00e0 Gen\u00e8ve en tant que directeur pour le d\u00e9partement \"Real Estate Customized Mandates\" et dispose d'une longue exp\u00e9rience dans le domaine de l'immobilier, notamment dans l'asset management, les transactions, l'analyse immobili\u00e8re, l'\u00e9valuation et la gestion d'immeubles. Monney travaillera pour l'entreprise au Mont-sur-Lausanne.<\/p>","protected":false},"excerpt":{"rendered":"<p>Le \"Procimmo Swiss Commercial Fund\" a cl\u00f4tur\u00e9 son exercice \u00e0 fin juin 2017 avec un r\u00e9sultat r\u00e9alis\u00e9 de 28,52 millions de CHF. Cela correspond \u00e0 un b\u00e9n\u00e9fice de 5,90 CHF par part.<\/p>","protected":false},"author":4,"featured_media":9343,"comment_status":"open","ping_status":"open","sticky":false,"template":"","format":"standard","meta":{"_acf_changed":false,"_yoast_wpseo_focuskw":"Procimmo","_yoast_wpseo_title":"","_yoast_wpseo_metadesc":"Der \u00abProcimmo Swiss Commercial Fund\u00bb hat sein Gesch\u00e4ftsjahr per Ende Juni 2017 mit einem realisierten Erfolg von 28,52 Millionen CHF abgeschlossen.","_yoast_wpseo_linkdex":77,"pgc_sgb_lightbox_settings":"","footnotes":""},"categories":[988],"tags":[1119,1266,1272,1344,1363,1563,1597,1643],"class_list":["post-9342","post","type-post","status-publish","format-standard","has-post-thumbnail","hentry","category-unternehmen","tag-bueroimmobilien","tag-geschaeftszahlen","tag-gewerbeimmobilien","tag-immobilienfonds","tag-industrie-immobilien","tag-personalia","tag-procimmo","tag-retail"],"acf":[],"yoast_head":"<!-- This site is optimized with the Yoast SEO plugin v27.4 - https:\/\/yoast.com\/product\/yoast-seo-wordpress\/ -->\n<title>Procimmo-Fonds: Managerwechsel und h\u00f6here Dividende - IMMOBILIEN Business<\/title>\n<meta name=\"description\" content=\"Der \u00abProcimmo Swiss Commercial Fund\u00bb hat sein Gesch\u00e4ftsjahr per Ende Juni 2017 mit einem realisierten Erfolg von 28,52 Millionen CHF abgeschlossen.\" \/>\n<meta name=\"robots\" content=\"index, follow, max-snippet:-1, max-image-preview:large, max-video-preview:-1\" \/>\n<link rel=\"canonical\" href=\"https:\/\/www.immobilienbusiness.ch\/fr\/unternehmen\/2017-09-27\/procimmo-fonds-managerwechsel\/\" \/>\n<meta property=\"og:locale\" content=\"fr_FR\" \/>\n<meta property=\"og:type\" content=\"article\" \/>\n<meta property=\"og:title\" content=\"Procimmo-Fonds: H\u00f6here Dividende und Managerwechsel\" \/>\n<meta property=\"og:description\" content=\"Der \u00abProcimmo Swiss Commercial Fund\u00bb hat sein Gesch\u00e4ftsjahr per Ende Juni 2017 mit einem realisierten Erfolg von 28,52 Millionen CHF abgeschlossen.\" \/>\n<meta property=\"og:url\" content=\"https:\/\/www.immobilienbusiness.ch\/fr\/unternehmen\/2017-09-27\/procimmo-fonds-managerwechsel\/\" \/>\n<meta property=\"og:site_name\" content=\"IMMOBILIEN Business\" \/>\n<meta property=\"article:publisher\" content=\"https:\/\/www.facebook.com\/immobilienbusiness\/\" \/>\n<meta property=\"article:published_time\" content=\"2017-09-27T07:08:09+00:00\" \/>\n<meta property=\"og:image\" content=\"https:\/\/www.immobilienbusiness.ch\/wp-content\/uploads\/2017\/09\/IB-News-20170927-Procimmo-Fonds-Dividende-Managerwechsel_Gajus-Images-\u2013-depositphotos.jpg\" \/>\n\t<meta property=\"og:image:width\" content=\"680\" \/>\n\t<meta property=\"og:image:height\" content=\"449\" \/>\n\t<meta property=\"og:image:type\" content=\"image\/jpeg\" \/>\n<meta name=\"author\" content=\"mathias.rinka\" \/>\n<meta name=\"twitter:card\" content=\"summary_large_image\" \/>\n<meta name=\"twitter:title\" content=\"Procimmo-Fonds: H\u00f6here Dividende und Managerwechsel\" \/>\n<meta name=\"twitter:description\" content=\"Der \u00abProcimmo Swiss Commercial Fund\u00bb hat sein Gesch\u00e4ftsjahr per Ende Juni 2017 mit einem realisierten Erfolg von 28,52 Millionen CHF abgeschlossen.\" \/>\n<script type=\"application\/ld+json\" class=\"yoast-schema-graph\">{\"@context\":\"https:\\\/\\\/schema.org\",\"@graph\":[{\"@type\":\"Article\",\"@id\":\"https:\\\/\\\/www.immobilienbusiness.ch\\\/en\\\/unternehmen\\\/2017-09-27\\\/procimmo-fonds-managerwechsel\\\/#article\",\"isPartOf\":{\"@id\":\"https:\\\/\\\/www.immobilienbusiness.ch\\\/en\\\/unternehmen\\\/2017-09-27\\\/procimmo-fonds-managerwechsel\\\/\"},\"author\":{\"name\":\"mathias.rinka\",\"@id\":\"https:\\\/\\\/www.immobilienbusiness.ch\\\/#\\\/schema\\\/person\\\/31be7383261ea656cfe52cad71fdc211\"},\"headline\":\"Procimmo-Fonds: Managerwechsel und h\u00f6here Dividende\",\"datePublished\":\"2017-09-27T07:08:09+00:00\",\"mainEntityOfPage\":{\"@id\":\"https:\\\/\\\/www.immobilienbusiness.ch\\\/en\\\/unternehmen\\\/2017-09-27\\\/procimmo-fonds-managerwechsel\\\/\"},\"wordCount\":312,\"commentCount\":0,\"publisher\":{\"@id\":\"https:\\\/\\\/www.immobilienbusiness.ch\\\/#organization\"},\"image\":{\"@id\":\"https:\\\/\\\/www.immobilienbusiness.ch\\\/en\\\/unternehmen\\\/2017-09-27\\\/procimmo-fonds-managerwechsel\\\/#primaryimage\"},\"thumbnailUrl\":\"https:\\\/\\\/www.immobilienbusiness.ch\\\/wp-content\\\/uploads\\\/2017\\\/09\\\/IB-News-20170927-Procimmo-Fonds-Dividende-Managerwechsel_Gajus-Images-\u2013-depositphotos.jpg\",\"keywords\":[\"B\u00fcroimmobilien\",\"Gesch\u00e4ftszahlen\",\"Gewerbeimmobilien\",\"Immobilienfonds\",\"Industrie-Immobilien\",\"Personalia\",\"Procimmo\",\"Retail\"],\"articleSection\":[\"UNTERNEHMEN\"],\"inLanguage\":\"fr-FR\"},{\"@type\":\"WebPage\",\"@id\":\"https:\\\/\\\/www.immobilienbusiness.ch\\\/en\\\/unternehmen\\\/2017-09-27\\\/procimmo-fonds-managerwechsel\\\/\",\"url\":\"https:\\\/\\\/www.immobilienbusiness.ch\\\/en\\\/unternehmen\\\/2017-09-27\\\/procimmo-fonds-managerwechsel\\\/\",\"name\":\"Procimmo-Fonds: Managerwechsel und h\u00f6here Dividende - IMMOBILIEN Business\",\"isPartOf\":{\"@id\":\"https:\\\/\\\/www.immobilienbusiness.ch\\\/#website\"},\"primaryImageOfPage\":{\"@id\":\"https:\\\/\\\/www.immobilienbusiness.ch\\\/en\\\/unternehmen\\\/2017-09-27\\\/procimmo-fonds-managerwechsel\\\/#primaryimage\"},\"image\":{\"@id\":\"https:\\\/\\\/www.immobilienbusiness.ch\\\/en\\\/unternehmen\\\/2017-09-27\\\/procimmo-fonds-managerwechsel\\\/#primaryimage\"},\"thumbnailUrl\":\"https:\\\/\\\/www.immobilienbusiness.ch\\\/wp-content\\\/uploads\\\/2017\\\/09\\\/IB-News-20170927-Procimmo-Fonds-Dividende-Managerwechsel_Gajus-Images-\u2013-depositphotos.jpg\",\"datePublished\":\"2017-09-27T07:08:09+00:00\",\"description\":\"Der \u00abProcimmo Swiss Commercial Fund\u00bb hat sein Gesch\u00e4ftsjahr per Ende Juni 2017 mit einem realisierten Erfolg von 28,52 Millionen CHF abgeschlossen.\",\"breadcrumb\":{\"@id\":\"https:\\\/\\\/www.immobilienbusiness.ch\\\/en\\\/unternehmen\\\/2017-09-27\\\/procimmo-fonds-managerwechsel\\\/#breadcrumb\"},\"inLanguage\":\"fr-FR\",\"potentialAction\":[{\"@type\":\"ReadAction\",\"target\":[\"https:\\\/\\\/www.immobilienbusiness.ch\\\/en\\\/unternehmen\\\/2017-09-27\\\/procimmo-fonds-managerwechsel\\\/\"]}]},{\"@type\":\"ImageObject\",\"inLanguage\":\"fr-FR\",\"@id\":\"https:\\\/\\\/www.immobilienbusiness.ch\\\/en\\\/unternehmen\\\/2017-09-27\\\/procimmo-fonds-managerwechsel\\\/#primaryimage\",\"url\":\"https:\\\/\\\/www.immobilienbusiness.ch\\\/wp-content\\\/uploads\\\/2017\\\/09\\\/IB-News-20170927-Procimmo-Fonds-Dividende-Managerwechsel_Gajus-Images-\u2013-depositphotos.jpg\",\"contentUrl\":\"https:\\\/\\\/www.immobilienbusiness.ch\\\/wp-content\\\/uploads\\\/2017\\\/09\\\/IB-News-20170927-Procimmo-Fonds-Dividende-Managerwechsel_Gajus-Images-\u2013-depositphotos.jpg\",\"width\":680,\"height\":449,\"caption\":\"Der \u00abProcimmo Swiss Commercial Fund\u00bb legt Zahlen vor und erh\u00e4lt einen neuen Fondsmanager (Bild: Gajus-Images-depositphotos)\"},{\"@type\":\"BreadcrumbList\",\"@id\":\"https:\\\/\\\/www.immobilienbusiness.ch\\\/en\\\/unternehmen\\\/2017-09-27\\\/procimmo-fonds-managerwechsel\\\/#breadcrumb\",\"itemListElement\":[{\"@type\":\"ListItem\",\"position\":1,\"name\":\"Home\",\"item\":\"https:\\\/\\\/www.immobilienbusiness.ch\\\/\"},{\"@type\":\"ListItem\",\"position\":2,\"name\":\"Procimmo-Fonds: Managerwechsel und h\u00f6here Dividende\"}]},{\"@type\":\"WebSite\",\"@id\":\"https:\\\/\\\/www.immobilienbusiness.ch\\\/#website\",\"url\":\"https:\\\/\\\/www.immobilienbusiness.ch\\\/\",\"name\":\"IMMOBILIEN Business\",\"description\":\"Unabh\u00e4ngiges Schweizer Wirtschaftsmagazin mit Fokus auf Immobilien, Architektur- und Bau sowie Investment- und Finanzierung.\",\"publisher\":{\"@id\":\"https:\\\/\\\/www.immobilienbusiness.ch\\\/#organization\"},\"potentialAction\":[{\"@type\":\"SearchAction\",\"target\":{\"@type\":\"EntryPoint\",\"urlTemplate\":\"https:\\\/\\\/www.immobilienbusiness.ch\\\/?s={search_term_string}\"},\"query-input\":{\"@type\":\"PropertyValueSpecification\",\"valueRequired\":true,\"valueName\":\"search_term_string\"}}],\"inLanguage\":\"fr-FR\"},{\"@type\":\"Organization\",\"@id\":\"https:\\\/\\\/www.immobilienbusiness.ch\\\/#organization\",\"name\":\"IMMOBILIEN Business\",\"url\":\"https:\\\/\\\/www.immobilienbusiness.ch\\\/\",\"logo\":{\"@type\":\"ImageObject\",\"inLanguage\":\"fr-FR\",\"@id\":\"https:\\\/\\\/www.immobilienbusiness.ch\\\/#\\\/schema\\\/logo\\\/image\\\/\",\"url\":\"https:\\\/\\\/www.immobilienbusiness.ch\\\/wp-content\\\/uploads\\\/2021\\\/07\\\/logo_ib.png\",\"contentUrl\":\"https:\\\/\\\/www.immobilienbusiness.ch\\\/wp-content\\\/uploads\\\/2021\\\/07\\\/logo_ib.png\",\"width\":800,\"height\":181,\"caption\":\"IMMOBILIEN Business\"},\"image\":{\"@id\":\"https:\\\/\\\/www.immobilienbusiness.ch\\\/#\\\/schema\\\/logo\\\/image\\\/\"},\"sameAs\":[\"https:\\\/\\\/www.facebook.com\\\/immobilienbusiness\\\/\"]},{\"@type\":\"Person\",\"@id\":\"https:\\\/\\\/www.immobilienbusiness.ch\\\/#\\\/schema\\\/person\\\/31be7383261ea656cfe52cad71fdc211\",\"name\":\"mathias.rinka\",\"image\":{\"@type\":\"ImageObject\",\"inLanguage\":\"fr-FR\",\"@id\":\"https:\\\/\\\/secure.gravatar.com\\\/avatar\\\/?s=96&d=mm&r=g\",\"url\":\"https:\\\/\\\/secure.gravatar.com\\\/avatar\\\/?s=96&d=mm&r=g\",\"contentUrl\":\"https:\\\/\\\/secure.gravatar.com\\\/avatar\\\/?s=96&d=mm&r=g\",\"caption\":\"mathias.rinka\"},\"url\":\"https:\\\/\\\/www.immobilienbusiness.ch\\\/fr\\\/author\\\/mathias-rinka\\\/\"}]}<\/script>\n<!-- \/ Yoast SEO plugin. -->","yoast_head_json":{"title":"Fonds Procimmo : changement de g\u00e9rant et dividende en hausse - IMMOBILIER Business","description":"Le \"Procimmo Swiss Commercial Fund\" a cl\u00f4tur\u00e9 son exercice \u00e0 fin juin 2017 avec un r\u00e9sultat r\u00e9alis\u00e9 de CHF 28,52 millions.","robots":{"index":"index","follow":"follow","max-snippet":"max-snippet:-1","max-image-preview":"max-image-preview:large","max-video-preview":"max-video-preview:-1"},"canonical":"https:\/\/www.immobilienbusiness.ch\/fr\/unternehmen\/2017-09-27\/procimmo-fonds-managerwechsel\/","og_locale":"fr_FR","og_type":"article","og_title":"Procimmo-Fonds: H\u00f6here Dividende und Managerwechsel","og_description":"Der \u00abProcimmo Swiss Commercial Fund\u00bb hat sein Gesch\u00e4ftsjahr per Ende Juni 2017 mit einem realisierten Erfolg von 28,52 Millionen CHF abgeschlossen.","og_url":"https:\/\/www.immobilienbusiness.ch\/fr\/unternehmen\/2017-09-27\/procimmo-fonds-managerwechsel\/","og_site_name":"IMMOBILIEN Business","article_publisher":"https:\/\/www.facebook.com\/immobilienbusiness\/","article_published_time":"2017-09-27T07:08:09+00:00","og_image":[{"width":680,"height":449,"url":"https:\/\/www.immobilienbusiness.ch\/wp-content\/uploads\/2017\/09\/IB-News-20170927-Procimmo-Fonds-Dividende-Managerwechsel_Gajus-Images-\u2013-depositphotos.jpg","type":"image\/jpeg"}],"author":"mathias.rinka","twitter_card":"summary_large_image","twitter_title":"Procimmo-Fonds: H\u00f6here Dividende und Managerwechsel","twitter_description":"Der \u00abProcimmo Swiss Commercial Fund\u00bb hat sein Gesch\u00e4ftsjahr per Ende Juni 2017 mit einem realisierten Erfolg von 28,52 Millionen CHF abgeschlossen.","schema":{"@context":"https:\/\/schema.org","@graph":[{"@type":"Article","@id":"https:\/\/www.immobilienbusiness.ch\/en\/unternehmen\/2017-09-27\/procimmo-fonds-managerwechsel\/#article","isPartOf":{"@id":"https:\/\/www.immobilienbusiness.ch\/en\/unternehmen\/2017-09-27\/procimmo-fonds-managerwechsel\/"},"author":{"name":"mathias.rinka","@id":"https:\/\/www.immobilienbusiness.ch\/#\/schema\/person\/31be7383261ea656cfe52cad71fdc211"},"headline":"Procimmo-Fonds: Managerwechsel und h\u00f6here Dividende","datePublished":"2017-09-27T07:08:09+00:00","mainEntityOfPage":{"@id":"https:\/\/www.immobilienbusiness.ch\/en\/unternehmen\/2017-09-27\/procimmo-fonds-managerwechsel\/"},"wordCount":312,"commentCount":0,"publisher":{"@id":"https:\/\/www.immobilienbusiness.ch\/#organization"},"image":{"@id":"https:\/\/www.immobilienbusiness.ch\/en\/unternehmen\/2017-09-27\/procimmo-fonds-managerwechsel\/#primaryimage"},"thumbnailUrl":"https:\/\/www.immobilienbusiness.ch\/wp-content\/uploads\/2017\/09\/IB-News-20170927-Procimmo-Fonds-Dividende-Managerwechsel_Gajus-Images-\u2013-depositphotos.jpg","keywords":["B\u00fcroimmobilien","Gesch\u00e4ftszahlen","Gewerbeimmobilien","Immobilienfonds","Industrie-Immobilien","Personalia","Procimmo","Retail"],"articleSection":["UNTERNEHMEN"],"inLanguage":"fr-FR"},{"@type":"WebPage","@id":"https:\/\/www.immobilienbusiness.ch\/en\/unternehmen\/2017-09-27\/procimmo-fonds-managerwechsel\/","url":"https:\/\/www.immobilienbusiness.ch\/en\/unternehmen\/2017-09-27\/procimmo-fonds-managerwechsel\/","name":"Fonds Procimmo : changement de g\u00e9rant et dividende en hausse - IMMOBILIER Business","isPartOf":{"@id":"https:\/\/www.immobilienbusiness.ch\/#website"},"primaryImageOfPage":{"@id":"https:\/\/www.immobilienbusiness.ch\/en\/unternehmen\/2017-09-27\/procimmo-fonds-managerwechsel\/#primaryimage"},"image":{"@id":"https:\/\/www.immobilienbusiness.ch\/en\/unternehmen\/2017-09-27\/procimmo-fonds-managerwechsel\/#primaryimage"},"thumbnailUrl":"https:\/\/www.immobilienbusiness.ch\/wp-content\/uploads\/2017\/09\/IB-News-20170927-Procimmo-Fonds-Dividende-Managerwechsel_Gajus-Images-\u2013-depositphotos.jpg","datePublished":"2017-09-27T07:08:09+00:00","description":"Le \"Procimmo Swiss Commercial Fund\" a cl\u00f4tur\u00e9 son exercice \u00e0 fin juin 2017 avec un r\u00e9sultat r\u00e9alis\u00e9 de CHF 28,52 millions.","breadcrumb":{"@id":"https:\/\/www.immobilienbusiness.ch\/en\/unternehmen\/2017-09-27\/procimmo-fonds-managerwechsel\/#breadcrumb"},"inLanguage":"fr-FR","potentialAction":[{"@type":"ReadAction","target":["https:\/\/www.immobilienbusiness.ch\/en\/unternehmen\/2017-09-27\/procimmo-fonds-managerwechsel\/"]}]},{"@type":"ImageObject","inLanguage":"fr-FR","@id":"https:\/\/www.immobilienbusiness.ch\/en\/unternehmen\/2017-09-27\/procimmo-fonds-managerwechsel\/#primaryimage","url":"https:\/\/www.immobilienbusiness.ch\/wp-content\/uploads\/2017\/09\/IB-News-20170927-Procimmo-Fonds-Dividende-Managerwechsel_Gajus-Images-\u2013-depositphotos.jpg","contentUrl":"https:\/\/www.immobilienbusiness.ch\/wp-content\/uploads\/2017\/09\/IB-News-20170927-Procimmo-Fonds-Dividende-Managerwechsel_Gajus-Images-\u2013-depositphotos.jpg","width":680,"height":449,"caption":"Der \u00abProcimmo Swiss Commercial Fund\u00bb legt Zahlen vor und erh\u00e4lt einen neuen Fondsmanager (Bild: Gajus-Images-depositphotos)"},{"@type":"BreadcrumbList","@id":"https:\/\/www.immobilienbusiness.ch\/en\/unternehmen\/2017-09-27\/procimmo-fonds-managerwechsel\/#breadcrumb","itemListElement":[{"@type":"ListItem","position":1,"name":"Home","item":"https:\/\/www.immobilienbusiness.ch\/"},{"@type":"ListItem","position":2,"name":"Procimmo-Fonds: Managerwechsel und h\u00f6here Dividende"}]},{"@type":"WebSite","@id":"https:\/\/www.immobilienbusiness.ch\/#website","url":"https:\/\/www.immobilienbusiness.ch\/","name":"IMMOBILIER Business","description":"Magazine \u00e9conomique suisse ind\u00e9pendant ax\u00e9 sur l'immobilier, l'architecture et la construction ainsi que sur les investissements et le financement.","publisher":{"@id":"https:\/\/www.immobilienbusiness.ch\/#organization"},"potentialAction":[{"@type":"SearchAction","target":{"@type":"EntryPoint","urlTemplate":"https:\/\/www.immobilienbusiness.ch\/?s={search_term_string}"},"query-input":{"@type":"PropertyValueSpecification","valueRequired":true,"valueName":"search_term_string"}}],"inLanguage":"fr-FR"},{"@type":"Organization","@id":"https:\/\/www.immobilienbusiness.ch\/#organization","name":"IMMOBILIER Business","url":"https:\/\/www.immobilienbusiness.ch\/","logo":{"@type":"ImageObject","inLanguage":"fr-FR","@id":"https:\/\/www.immobilienbusiness.ch\/#\/schema\/logo\/image\/","url":"https:\/\/www.immobilienbusiness.ch\/wp-content\/uploads\/2021\/07\/logo_ib.png","contentUrl":"https:\/\/www.immobilienbusiness.ch\/wp-content\/uploads\/2021\/07\/logo_ib.png","width":800,"height":181,"caption":"IMMOBILIEN Business"},"image":{"@id":"https:\/\/www.immobilienbusiness.ch\/#\/schema\/logo\/image\/"},"sameAs":["https:\/\/www.facebook.com\/immobilienbusiness\/"]},{"@type":"Person","@id":"https:\/\/www.immobilienbusiness.ch\/#\/schema\/person\/31be7383261ea656cfe52cad71fdc211","name":"mathias.rinka","image":{"@type":"ImageObject","inLanguage":"fr-FR","@id":"https:\/\/secure.gravatar.com\/avatar\/?s=96&d=mm&r=g","url":"https:\/\/secure.gravatar.com\/avatar\/?s=96&d=mm&r=g","contentUrl":"https:\/\/secure.gravatar.com\/avatar\/?s=96&d=mm&r=g","caption":"mathias.rinka"},"url":"https:\/\/www.immobilienbusiness.ch\/fr\/author\/mathias-rinka\/"}]}},"_links":{"self":[{"href":"https:\/\/www.immobilienbusiness.ch\/fr\/wp-json\/wp\/v2\/posts\/9342","targetHints":{"allow":["GET"]}}],"collection":[{"href":"https:\/\/www.immobilienbusiness.ch\/fr\/wp-json\/wp\/v2\/posts"}],"about":[{"href":"https:\/\/www.immobilienbusiness.ch\/fr\/wp-json\/wp\/v2\/types\/post"}],"author":[{"embeddable":true,"href":"https:\/\/www.immobilienbusiness.ch\/fr\/wp-json\/wp\/v2\/users\/4"}],"replies":[{"embeddable":true,"href":"https:\/\/www.immobilienbusiness.ch\/fr\/wp-json\/wp\/v2\/comments?post=9342"}],"version-history":[{"count":0,"href":"https:\/\/www.immobilienbusiness.ch\/fr\/wp-json\/wp\/v2\/posts\/9342\/revisions"}],"wp:featuredmedia":[{"embeddable":true,"href":"https:\/\/www.immobilienbusiness.ch\/fr\/wp-json\/wp\/v2\/media\/9343"}],"wp:attachment":[{"href":"https:\/\/www.immobilienbusiness.ch\/fr\/wp-json\/wp\/v2\/media?parent=9342"}],"wp:term":[{"taxonomy":"category","embeddable":true,"href":"https:\/\/www.immobilienbusiness.ch\/fr\/wp-json\/wp\/v2\/categories?post=9342"},{"taxonomy":"post_tag","embeddable":true,"href":"https:\/\/www.immobilienbusiness.ch\/fr\/wp-json\/wp\/v2\/tags?post=9342"}],"curies":[{"name":"wp","href":"https:\/\/api.w.org\/{rel}","templated":true}]}}