{"id":9306,"date":"2017-09-25T09:30:05","date_gmt":"2017-09-25T07:30:05","guid":{"rendered":"https:\/\/www.immobilienbusiness.ch\/?p=9306"},"modified":"2017-09-25T09:30:05","modified_gmt":"2017-09-25T07:30:05","slug":"pax-anlage-veraenderung-in-der-geschaeftsleitung","status":"publish","type":"post","link":"https:\/\/www.immobilienbusiness.ch\/fr\/unternehmen\/2017-09-25\/pax-anlage-veraenderung-in-der-geschaeftsleitung\/","title":{"rendered":"Pax Anlage : changement au sein de la direction"},"content":{"rendered":"<figure id=\"attachment_9307\" aria-describedby=\"caption-attachment-9307\" style=\"width: 749px\" class=\"wp-caption alignnone\"><img loading=\"lazy\" decoding=\"async\" class=\"size-full wp-image-9307\" src=\"https:\/\/www.immobilienbusiness.ch\/wp-content\/uploads\/2017\/09\/IB-News-20170925-Neuer-CEO-bei-Pax-Anlage-AG-c-Pixabay_shaking-hands.png\" alt=\"\" width=\"749\" height=\"499\" srcset=\"https:\/\/www.immobilienbusiness.ch\/wp-content\/uploads\/2017\/09\/IB-News-20170925-Neuer-CEO-bei-Pax-Anlage-AG-c-Pixabay_shaking-hands.png 749w, https:\/\/www.immobilienbusiness.ch\/wp-content\/uploads\/2017\/09\/IB-News-20170925-Neuer-CEO-bei-Pax-Anlage-AG-c-Pixabay_shaking-hands-300x200.png 300w, https:\/\/www.immobilienbusiness.ch\/wp-content\/uploads\/2017\/09\/IB-News-20170925-Neuer-CEO-bei-Pax-Anlage-AG-c-Pixabay_shaking-hands-16x12.png 16w, https:\/\/www.immobilienbusiness.ch\/wp-content\/uploads\/2017\/09\/IB-News-20170925-Neuer-CEO-bei-Pax-Anlage-AG-c-Pixabay_shaking-hands-263x175.png 263w, https:\/\/www.immobilienbusiness.ch\/wp-content\/uploads\/2017\/09\/IB-News-20170925-Neuer-CEO-bei-Pax-Anlage-AG-c-Pixabay_shaking-hands-525x350.png 525w\" sizes=\"auto, (max-width: 749px) 100vw, 749px\" \/><figcaption id=\"caption-attachment-9307\" class=\"wp-caption-text\">Thomas Hasse Biniasch a remplac\u00e9 Paul-Henri Guinand au poste de CEO de la SA (Image : Pixabay)<\/figcaption><\/figure>\n<p>Thomas Hasse Biniasch - <a href=\"https:\/\/www.immobilienbusiness.ch\/fr\/baloise-forciert-immobiliengeschaeft\/\">depuis le 1er ao\u00fbt 2017, responsable de la gestion de portefeuille immobilier aux Assurances B\u00e2loise<\/a> - remplace d\u00e9sormais Paul-Henri Guinand en tant que CEO de Pax Anlage AG, poste qu'il occupait depuis le 1er mai 2017. Guinand reste membre du conseil d'administration de la soci\u00e9t\u00e9.<\/p>\n<p>Biniasch \u00e9tait auparavant responsable de la gestion de portefeuille et membre de la direction de Post Immobilien und Management Services AG pendant quatre ans. Auparavant, il a travaill\u00e9 pendant 14 ans chez Nationale Suisse en tant que responsable de la gestion de portefeuille immobilier et responsable de l'immobilier.<\/p>\n<p>La soci\u00e9t\u00e9 Pax Anlage AG, domicili\u00e9e \u00e0 B\u00e2le, est majoritairement d\u00e9tenue par la B\u00e2loise Vie SA et participe \u00e0 100 pour cent \u00e0 la Baloise Wohnbauten AG (B\u00e2le). Elle forme avec cette participation le groupe Pax Anlage.<\/p>","protected":false},"excerpt":{"rendered":"<p>Le conseil d'administration de Pax Anlage AG a nomm\u00e9 Thomas Hasse Biniasch au poste de CEO \u00e0 compter du 20 septembre 2017.<\/p>","protected":false},"author":4,"featured_media":9307,"comment_status":"open","ping_status":"open","sticky":false,"template":"","format":"standard","meta":{"_acf_changed":false,"_yoast_wpseo_focuskw":"Pax Anlage","_yoast_wpseo_title":"","_yoast_wpseo_metadesc":"Der Verwaltungsrat der Pax Anlage AG hat als Nachfolger von Paul-Henri Guinand Herrn Thomas Hasse Biniasch zum neuen CEO per 20. September 2017 ernannt.","_yoast_wpseo_linkdex":60,"pgc_sgb_lightbox_settings":"","footnotes":""},"categories":[988],"tags":[1069,1557,1563,1807,1864],"class_list":["post-9306","post","type-post","status-publish","format-standard","has-post-thumbnail","hentry","category-unternehmen","tag-basel","tag-pax-anlage","tag-personalia","tag-unternehmen","tag-wohnliegenschaften"],"acf":[],"yoast_head":"<!-- This site is optimized with the Yoast SEO plugin v27.4 - https:\/\/yoast.com\/product\/yoast-seo-wordpress\/ -->\n<title>Pax Anlage: Ver\u00e4nderung in der Gesch\u00e4ftsleitung - IMMOBILIEN Business<\/title>\n<meta name=\"description\" content=\"Der Verwaltungsrat der Pax Anlage AG hat als Nachfolger von Paul-Henri Guinand Herrn Thomas Hasse Biniasch zum neuen CEO per 20. September 2017 ernannt.\" \/>\n<meta name=\"robots\" content=\"index, follow, max-snippet:-1, max-image-preview:large, max-video-preview:-1\" \/>\n<link rel=\"canonical\" href=\"https:\/\/www.immobilienbusiness.ch\/fr\/unternehmen\/2017-09-25\/pax-anlage-veraenderung-in-der-geschaeftsleitung\/\" \/>\n<meta property=\"og:locale\" content=\"fr_FR\" \/>\n<meta property=\"og:type\" content=\"article\" \/>\n<meta property=\"og:title\" content=\"Pax Anlage: Ver\u00e4nderung in der Gesch\u00e4ftsleitung\" \/>\n<meta property=\"og:description\" content=\"Der Verwaltungsrat der Pax Anlage AG hat als Nachfolger von Paul-Henri Guinand Herrn Thomas Hasse Biniasch zum neuen CEO per 20. September 2017 ernannt.\" \/>\n<meta property=\"og:url\" content=\"https:\/\/www.immobilienbusiness.ch\/fr\/unternehmen\/2017-09-25\/pax-anlage-veraenderung-in-der-geschaeftsleitung\/\" \/>\n<meta property=\"og:site_name\" content=\"IMMOBILIEN Business\" \/>\n<meta property=\"article:publisher\" content=\"https:\/\/www.facebook.com\/immobilienbusiness\/\" \/>\n<meta property=\"article:published_time\" content=\"2017-09-25T07:30:05+00:00\" \/>\n<meta property=\"og:image\" content=\"https:\/\/www.immobilienbusiness.ch\/wp-content\/uploads\/2017\/09\/IB-News-20170925-Neuer-CEO-bei-Pax-Anlage-AG-c-Pixabay_shaking-hands.png\" \/>\n\t<meta property=\"og:image:width\" content=\"749\" \/>\n\t<meta property=\"og:image:height\" content=\"499\" \/>\n\t<meta property=\"og:image:type\" content=\"image\/png\" \/>\n<meta name=\"author\" content=\"mathias.rinka\" \/>\n<meta name=\"twitter:card\" content=\"summary_large_image\" \/>\n<meta name=\"twitter:title\" content=\"Pax Anlage: Ver\u00e4nderung in der Gesch\u00e4ftsleitung\" \/>\n<meta name=\"twitter:description\" content=\"Der Verwaltungsrat der Pax Anlage AG hat als Nachfolger von Paul-Henri Guinand Herrn Thomas Hasse Biniasch zum neuen CEO per 20. September 2017 ernannt.\" \/>\n<script type=\"application\/ld+json\" class=\"yoast-schema-graph\">{\"@context\":\"https:\\\/\\\/schema.org\",\"@graph\":[{\"@type\":\"Article\",\"@id\":\"https:\\\/\\\/www.immobilienbusiness.ch\\\/it\\\/unternehmen\\\/2017-09-25\\\/pax-anlage-veraenderung-in-der-geschaeftsleitung\\\/#article\",\"isPartOf\":{\"@id\":\"https:\\\/\\\/www.immobilienbusiness.ch\\\/it\\\/unternehmen\\\/2017-09-25\\\/pax-anlage-veraenderung-in-der-geschaeftsleitung\\\/\"},\"author\":{\"name\":\"mathias.rinka\",\"@id\":\"https:\\\/\\\/www.immobilienbusiness.ch\\\/#\\\/schema\\\/person\\\/31be7383261ea656cfe52cad71fdc211\"},\"headline\":\"Pax Anlage: Ver\u00e4nderung in der Gesch\u00e4ftsleitung\",\"datePublished\":\"2017-09-25T07:30:05+00:00\",\"mainEntityOfPage\":{\"@id\":\"https:\\\/\\\/www.immobilienbusiness.ch\\\/it\\\/unternehmen\\\/2017-09-25\\\/pax-anlage-veraenderung-in-der-geschaeftsleitung\\\/\"},\"wordCount\":139,\"commentCount\":0,\"publisher\":{\"@id\":\"https:\\\/\\\/www.immobilienbusiness.ch\\\/#organization\"},\"image\":{\"@id\":\"https:\\\/\\\/www.immobilienbusiness.ch\\\/it\\\/unternehmen\\\/2017-09-25\\\/pax-anlage-veraenderung-in-der-geschaeftsleitung\\\/#primaryimage\"},\"thumbnailUrl\":\"https:\\\/\\\/www.immobilienbusiness.ch\\\/wp-content\\\/uploads\\\/2017\\\/09\\\/IB-News-20170925-Neuer-CEO-bei-Pax-Anlage-AG-c-Pixabay_shaking-hands.png\",\"keywords\":[\"Basel\",\"Pax Anlage\",\"Personalia\",\"Unternehmen\",\"Wohnliegenschaften\"],\"articleSection\":[\"UNTERNEHMEN\"],\"inLanguage\":\"fr-FR\"},{\"@type\":\"WebPage\",\"@id\":\"https:\\\/\\\/www.immobilienbusiness.ch\\\/it\\\/unternehmen\\\/2017-09-25\\\/pax-anlage-veraenderung-in-der-geschaeftsleitung\\\/\",\"url\":\"https:\\\/\\\/www.immobilienbusiness.ch\\\/it\\\/unternehmen\\\/2017-09-25\\\/pax-anlage-veraenderung-in-der-geschaeftsleitung\\\/\",\"name\":\"Pax Anlage: Ver\u00e4nderung in der Gesch\u00e4ftsleitung - IMMOBILIEN Business\",\"isPartOf\":{\"@id\":\"https:\\\/\\\/www.immobilienbusiness.ch\\\/#website\"},\"primaryImageOfPage\":{\"@id\":\"https:\\\/\\\/www.immobilienbusiness.ch\\\/it\\\/unternehmen\\\/2017-09-25\\\/pax-anlage-veraenderung-in-der-geschaeftsleitung\\\/#primaryimage\"},\"image\":{\"@id\":\"https:\\\/\\\/www.immobilienbusiness.ch\\\/it\\\/unternehmen\\\/2017-09-25\\\/pax-anlage-veraenderung-in-der-geschaeftsleitung\\\/#primaryimage\"},\"thumbnailUrl\":\"https:\\\/\\\/www.immobilienbusiness.ch\\\/wp-content\\\/uploads\\\/2017\\\/09\\\/IB-News-20170925-Neuer-CEO-bei-Pax-Anlage-AG-c-Pixabay_shaking-hands.png\",\"datePublished\":\"2017-09-25T07:30:05+00:00\",\"description\":\"Der Verwaltungsrat der Pax Anlage AG hat als Nachfolger von Paul-Henri Guinand Herrn Thomas Hasse Biniasch zum neuen CEO per 20. September 2017 ernannt.\",\"breadcrumb\":{\"@id\":\"https:\\\/\\\/www.immobilienbusiness.ch\\\/it\\\/unternehmen\\\/2017-09-25\\\/pax-anlage-veraenderung-in-der-geschaeftsleitung\\\/#breadcrumb\"},\"inLanguage\":\"fr-FR\",\"potentialAction\":[{\"@type\":\"ReadAction\",\"target\":[\"https:\\\/\\\/www.immobilienbusiness.ch\\\/it\\\/unternehmen\\\/2017-09-25\\\/pax-anlage-veraenderung-in-der-geschaeftsleitung\\\/\"]}]},{\"@type\":\"ImageObject\",\"inLanguage\":\"fr-FR\",\"@id\":\"https:\\\/\\\/www.immobilienbusiness.ch\\\/it\\\/unternehmen\\\/2017-09-25\\\/pax-anlage-veraenderung-in-der-geschaeftsleitung\\\/#primaryimage\",\"url\":\"https:\\\/\\\/www.immobilienbusiness.ch\\\/wp-content\\\/uploads\\\/2017\\\/09\\\/IB-News-20170925-Neuer-CEO-bei-Pax-Anlage-AG-c-Pixabay_shaking-hands.png\",\"contentUrl\":\"https:\\\/\\\/www.immobilienbusiness.ch\\\/wp-content\\\/uploads\\\/2017\\\/09\\\/IB-News-20170925-Neuer-CEO-bei-Pax-Anlage-AG-c-Pixabay_shaking-hands.png\",\"width\":749,\"height\":499,\"caption\":\"Thomas Hasse Biniasch hat per 20. September 2017 Paul-Henri Guinand als CEO der Pax Anlage AG abgel\u00f6st (Bild: Pixabay)\"},{\"@type\":\"BreadcrumbList\",\"@id\":\"https:\\\/\\\/www.immobilienbusiness.ch\\\/it\\\/unternehmen\\\/2017-09-25\\\/pax-anlage-veraenderung-in-der-geschaeftsleitung\\\/#breadcrumb\",\"itemListElement\":[{\"@type\":\"ListItem\",\"position\":1,\"name\":\"Home\",\"item\":\"https:\\\/\\\/www.immobilienbusiness.ch\\\/\"},{\"@type\":\"ListItem\",\"position\":2,\"name\":\"Pax Anlage: Ver\u00e4nderung in der Gesch\u00e4ftsleitung\"}]},{\"@type\":\"WebSite\",\"@id\":\"https:\\\/\\\/www.immobilienbusiness.ch\\\/#website\",\"url\":\"https:\\\/\\\/www.immobilienbusiness.ch\\\/\",\"name\":\"IMMOBILIEN Business\",\"description\":\"Unabh\u00e4ngiges Schweizer Wirtschaftsmagazin mit Fokus auf Immobilien, Architektur- und Bau sowie Investment- und Finanzierung.\",\"publisher\":{\"@id\":\"https:\\\/\\\/www.immobilienbusiness.ch\\\/#organization\"},\"potentialAction\":[{\"@type\":\"SearchAction\",\"target\":{\"@type\":\"EntryPoint\",\"urlTemplate\":\"https:\\\/\\\/www.immobilienbusiness.ch\\\/?s={search_term_string}\"},\"query-input\":{\"@type\":\"PropertyValueSpecification\",\"valueRequired\":true,\"valueName\":\"search_term_string\"}}],\"inLanguage\":\"fr-FR\"},{\"@type\":\"Organization\",\"@id\":\"https:\\\/\\\/www.immobilienbusiness.ch\\\/#organization\",\"name\":\"IMMOBILIEN Business\",\"url\":\"https:\\\/\\\/www.immobilienbusiness.ch\\\/\",\"logo\":{\"@type\":\"ImageObject\",\"inLanguage\":\"fr-FR\",\"@id\":\"https:\\\/\\\/www.immobilienbusiness.ch\\\/#\\\/schema\\\/logo\\\/image\\\/\",\"url\":\"https:\\\/\\\/www.immobilienbusiness.ch\\\/wp-content\\\/uploads\\\/2021\\\/07\\\/logo_ib.png\",\"contentUrl\":\"https:\\\/\\\/www.immobilienbusiness.ch\\\/wp-content\\\/uploads\\\/2021\\\/07\\\/logo_ib.png\",\"width\":800,\"height\":181,\"caption\":\"IMMOBILIEN Business\"},\"image\":{\"@id\":\"https:\\\/\\\/www.immobilienbusiness.ch\\\/#\\\/schema\\\/logo\\\/image\\\/\"},\"sameAs\":[\"https:\\\/\\\/www.facebook.com\\\/immobilienbusiness\\\/\"]},{\"@type\":\"Person\",\"@id\":\"https:\\\/\\\/www.immobilienbusiness.ch\\\/#\\\/schema\\\/person\\\/31be7383261ea656cfe52cad71fdc211\",\"name\":\"mathias.rinka\",\"image\":{\"@type\":\"ImageObject\",\"inLanguage\":\"fr-FR\",\"@id\":\"https:\\\/\\\/secure.gravatar.com\\\/avatar\\\/?s=96&d=mm&r=g\",\"url\":\"https:\\\/\\\/secure.gravatar.com\\\/avatar\\\/?s=96&d=mm&r=g\",\"contentUrl\":\"https:\\\/\\\/secure.gravatar.com\\\/avatar\\\/?s=96&d=mm&r=g\",\"caption\":\"mathias.rinka\"},\"url\":\"https:\\\/\\\/www.immobilienbusiness.ch\\\/fr\\\/author\\\/mathias-rinka\\\/\"}]}<\/script>\n<!-- \/ Yoast SEO plugin. -->","yoast_head_json":{"title":"Pax Anlage: Ver\u00e4nderung in der Gesch\u00e4ftsleitung - IMMOBILIEN Business","description":"Der Verwaltungsrat der Pax Anlage AG hat als Nachfolger von Paul-Henri Guinand Herrn Thomas Hasse Biniasch zum neuen CEO per 20. September 2017 ernannt.","robots":{"index":"index","follow":"follow","max-snippet":"max-snippet:-1","max-image-preview":"max-image-preview:large","max-video-preview":"max-video-preview:-1"},"canonical":"https:\/\/www.immobilienbusiness.ch\/fr\/unternehmen\/2017-09-25\/pax-anlage-veraenderung-in-der-geschaeftsleitung\/","og_locale":"fr_FR","og_type":"article","og_title":"Pax Anlage: Ver\u00e4nderung in der Gesch\u00e4ftsleitung","og_description":"Der Verwaltungsrat der Pax Anlage AG hat als Nachfolger von Paul-Henri Guinand Herrn Thomas Hasse Biniasch zum neuen CEO per 20. September 2017 ernannt.","og_url":"https:\/\/www.immobilienbusiness.ch\/fr\/unternehmen\/2017-09-25\/pax-anlage-veraenderung-in-der-geschaeftsleitung\/","og_site_name":"IMMOBILIEN Business","article_publisher":"https:\/\/www.facebook.com\/immobilienbusiness\/","article_published_time":"2017-09-25T07:30:05+00:00","og_image":[{"width":749,"height":499,"url":"https:\/\/www.immobilienbusiness.ch\/wp-content\/uploads\/2017\/09\/IB-News-20170925-Neuer-CEO-bei-Pax-Anlage-AG-c-Pixabay_shaking-hands.png","type":"image\/png"}],"author":"mathias.rinka","twitter_card":"summary_large_image","twitter_title":"Pax Anlage: Ver\u00e4nderung in der Gesch\u00e4ftsleitung","twitter_description":"Der Verwaltungsrat der Pax Anlage AG hat als Nachfolger von Paul-Henri Guinand Herrn Thomas Hasse Biniasch zum neuen CEO per 20. September 2017 ernannt.","schema":{"@context":"https:\/\/schema.org","@graph":[{"@type":"Article","@id":"https:\/\/www.immobilienbusiness.ch\/it\/unternehmen\/2017-09-25\/pax-anlage-veraenderung-in-der-geschaeftsleitung\/#article","isPartOf":{"@id":"https:\/\/www.immobilienbusiness.ch\/it\/unternehmen\/2017-09-25\/pax-anlage-veraenderung-in-der-geschaeftsleitung\/"},"author":{"name":"mathias.rinka","@id":"https:\/\/www.immobilienbusiness.ch\/#\/schema\/person\/31be7383261ea656cfe52cad71fdc211"},"headline":"Pax Anlage: Ver\u00e4nderung in der Gesch\u00e4ftsleitung","datePublished":"2017-09-25T07:30:05+00:00","mainEntityOfPage":{"@id":"https:\/\/www.immobilienbusiness.ch\/it\/unternehmen\/2017-09-25\/pax-anlage-veraenderung-in-der-geschaeftsleitung\/"},"wordCount":139,"commentCount":0,"publisher":{"@id":"https:\/\/www.immobilienbusiness.ch\/#organization"},"image":{"@id":"https:\/\/www.immobilienbusiness.ch\/it\/unternehmen\/2017-09-25\/pax-anlage-veraenderung-in-der-geschaeftsleitung\/#primaryimage"},"thumbnailUrl":"https:\/\/www.immobilienbusiness.ch\/wp-content\/uploads\/2017\/09\/IB-News-20170925-Neuer-CEO-bei-Pax-Anlage-AG-c-Pixabay_shaking-hands.png","keywords":["Basel","Pax Anlage","Personalia","Unternehmen","Wohnliegenschaften"],"articleSection":["UNTERNEHMEN"],"inLanguage":"fr-FR"},{"@type":"WebPage","@id":"https:\/\/www.immobilienbusiness.ch\/it\/unternehmen\/2017-09-25\/pax-anlage-veraenderung-in-der-geschaeftsleitung\/","url":"https:\/\/www.immobilienbusiness.ch\/it\/unternehmen\/2017-09-25\/pax-anlage-veraenderung-in-der-geschaeftsleitung\/","name":"Pax Anlage: Ver\u00e4nderung in der Gesch\u00e4ftsleitung - IMMOBILIEN Business","isPartOf":{"@id":"https:\/\/www.immobilienbusiness.ch\/#website"},"primaryImageOfPage":{"@id":"https:\/\/www.immobilienbusiness.ch\/it\/unternehmen\/2017-09-25\/pax-anlage-veraenderung-in-der-geschaeftsleitung\/#primaryimage"},"image":{"@id":"https:\/\/www.immobilienbusiness.ch\/it\/unternehmen\/2017-09-25\/pax-anlage-veraenderung-in-der-geschaeftsleitung\/#primaryimage"},"thumbnailUrl":"https:\/\/www.immobilienbusiness.ch\/wp-content\/uploads\/2017\/09\/IB-News-20170925-Neuer-CEO-bei-Pax-Anlage-AG-c-Pixabay_shaking-hands.png","datePublished":"2017-09-25T07:30:05+00:00","description":"Der Verwaltungsrat der Pax Anlage AG hat als Nachfolger von Paul-Henri Guinand Herrn Thomas Hasse Biniasch zum neuen CEO per 20. September 2017 ernannt.","breadcrumb":{"@id":"https:\/\/www.immobilienbusiness.ch\/it\/unternehmen\/2017-09-25\/pax-anlage-veraenderung-in-der-geschaeftsleitung\/#breadcrumb"},"inLanguage":"fr-FR","potentialAction":[{"@type":"ReadAction","target":["https:\/\/www.immobilienbusiness.ch\/it\/unternehmen\/2017-09-25\/pax-anlage-veraenderung-in-der-geschaeftsleitung\/"]}]},{"@type":"ImageObject","inLanguage":"fr-FR","@id":"https:\/\/www.immobilienbusiness.ch\/it\/unternehmen\/2017-09-25\/pax-anlage-veraenderung-in-der-geschaeftsleitung\/#primaryimage","url":"https:\/\/www.immobilienbusiness.ch\/wp-content\/uploads\/2017\/09\/IB-News-20170925-Neuer-CEO-bei-Pax-Anlage-AG-c-Pixabay_shaking-hands.png","contentUrl":"https:\/\/www.immobilienbusiness.ch\/wp-content\/uploads\/2017\/09\/IB-News-20170925-Neuer-CEO-bei-Pax-Anlage-AG-c-Pixabay_shaking-hands.png","width":749,"height":499,"caption":"Thomas Hasse Biniasch hat per 20. September 2017 Paul-Henri Guinand als CEO der Pax Anlage AG abgel\u00f6st (Bild: Pixabay)"},{"@type":"BreadcrumbList","@id":"https:\/\/www.immobilienbusiness.ch\/it\/unternehmen\/2017-09-25\/pax-anlage-veraenderung-in-der-geschaeftsleitung\/#breadcrumb","itemListElement":[{"@type":"ListItem","position":1,"name":"Home","item":"https:\/\/www.immobilienbusiness.ch\/"},{"@type":"ListItem","position":2,"name":"Pax Anlage: Ver\u00e4nderung in der Gesch\u00e4ftsleitung"}]},{"@type":"WebSite","@id":"https:\/\/www.immobilienbusiness.ch\/#website","url":"https:\/\/www.immobilienbusiness.ch\/","name":"IMMOBILIER Business","description":"Magazine \u00e9conomique suisse ind\u00e9pendant ax\u00e9 sur l'immobilier, l'architecture et la construction ainsi que sur les investissements et le financement.","publisher":{"@id":"https:\/\/www.immobilienbusiness.ch\/#organization"},"potentialAction":[{"@type":"SearchAction","target":{"@type":"EntryPoint","urlTemplate":"https:\/\/www.immobilienbusiness.ch\/?s={search_term_string}"},"query-input":{"@type":"PropertyValueSpecification","valueRequired":true,"valueName":"search_term_string"}}],"inLanguage":"fr-FR"},{"@type":"Organization","@id":"https:\/\/www.immobilienbusiness.ch\/#organization","name":"IMMOBILIER Business","url":"https:\/\/www.immobilienbusiness.ch\/","logo":{"@type":"ImageObject","inLanguage":"fr-FR","@id":"https:\/\/www.immobilienbusiness.ch\/#\/schema\/logo\/image\/","url":"https:\/\/www.immobilienbusiness.ch\/wp-content\/uploads\/2021\/07\/logo_ib.png","contentUrl":"https:\/\/www.immobilienbusiness.ch\/wp-content\/uploads\/2021\/07\/logo_ib.png","width":800,"height":181,"caption":"IMMOBILIEN Business"},"image":{"@id":"https:\/\/www.immobilienbusiness.ch\/#\/schema\/logo\/image\/"},"sameAs":["https:\/\/www.facebook.com\/immobilienbusiness\/"]},{"@type":"Person","@id":"https:\/\/www.immobilienbusiness.ch\/#\/schema\/person\/31be7383261ea656cfe52cad71fdc211","name":"mathias.rinka","image":{"@type":"ImageObject","inLanguage":"fr-FR","@id":"https:\/\/secure.gravatar.com\/avatar\/?s=96&d=mm&r=g","url":"https:\/\/secure.gravatar.com\/avatar\/?s=96&d=mm&r=g","contentUrl":"https:\/\/secure.gravatar.com\/avatar\/?s=96&d=mm&r=g","caption":"mathias.rinka"},"url":"https:\/\/www.immobilienbusiness.ch\/fr\/author\/mathias-rinka\/"}]}},"_links":{"self":[{"href":"https:\/\/www.immobilienbusiness.ch\/fr\/wp-json\/wp\/v2\/posts\/9306","targetHints":{"allow":["GET"]}}],"collection":[{"href":"https:\/\/www.immobilienbusiness.ch\/fr\/wp-json\/wp\/v2\/posts"}],"about":[{"href":"https:\/\/www.immobilienbusiness.ch\/fr\/wp-json\/wp\/v2\/types\/post"}],"author":[{"embeddable":true,"href":"https:\/\/www.immobilienbusiness.ch\/fr\/wp-json\/wp\/v2\/users\/4"}],"replies":[{"embeddable":true,"href":"https:\/\/www.immobilienbusiness.ch\/fr\/wp-json\/wp\/v2\/comments?post=9306"}],"version-history":[{"count":0,"href":"https:\/\/www.immobilienbusiness.ch\/fr\/wp-json\/wp\/v2\/posts\/9306\/revisions"}],"wp:featuredmedia":[{"embeddable":true,"href":"https:\/\/www.immobilienbusiness.ch\/fr\/wp-json\/wp\/v2\/media\/9307"}],"wp:attachment":[{"href":"https:\/\/www.immobilienbusiness.ch\/fr\/wp-json\/wp\/v2\/media?parent=9306"}],"wp:term":[{"taxonomy":"category","embeddable":true,"href":"https:\/\/www.immobilienbusiness.ch\/fr\/wp-json\/wp\/v2\/categories?post=9306"},{"taxonomy":"post_tag","embeddable":true,"href":"https:\/\/www.immobilienbusiness.ch\/fr\/wp-json\/wp\/v2\/tags?post=9306"}],"curies":[{"name":"wp","href":"https:\/\/api.w.org\/{rel}","templated":true}]}}