{"id":9205,"date":"2017-09-18T09:07:48","date_gmt":"2017-09-18T07:07:48","guid":{"rendered":"https:\/\/www.immobilienbusiness.ch\/?p=9205"},"modified":"2017-09-18T09:07:48","modified_gmt":"2017-09-18T07:07:48","slug":"winterthur-richtfest-fuer-suetil","status":"publish","type":"post","link":"https:\/\/www.immobilienbusiness.ch\/fr\/regionen\/2017-09-18\/winterthur-richtfest-fuer-suetil\/","title":{"rendered":"Winterthur : f\u00eate de l'ach\u00e8vement du gros \u0153uvre pour \"sue&amp;til"},"content":{"rendered":"<figure id=\"attachment_9206\" aria-describedby=\"caption-attachment-9206\" style=\"width: 3264px\" class=\"wp-caption alignnone\"><img loading=\"lazy\" decoding=\"async\" class=\"size-full wp-image-9206\" src=\"https:\/\/www.immobilienbusiness.ch\/wp-content\/uploads\/2017\/09\/IB-News-20170918-suetil-Aufrichte-Implenia.jpg\" alt=\"\" width=\"3264\" height=\"2448\" srcset=\"https:\/\/www.immobilienbusiness.ch\/wp-content\/uploads\/2017\/09\/IB-News-20170918-suetil-Aufrichte-Implenia.jpg 2560w, https:\/\/www.immobilienbusiness.ch\/wp-content\/uploads\/2017\/09\/IB-News-20170918-suetil-Aufrichte-Implenia-300x225.jpg 300w, https:\/\/www.immobilienbusiness.ch\/wp-content\/uploads\/2017\/09\/IB-News-20170918-suetil-Aufrichte-Implenia-1024x768.jpg 1024w, https:\/\/www.immobilienbusiness.ch\/wp-content\/uploads\/2017\/09\/IB-News-20170918-suetil-Aufrichte-Implenia-768x576.jpg 768w, https:\/\/www.immobilienbusiness.ch\/wp-content\/uploads\/2017\/09\/IB-News-20170918-suetil-Aufrichte-Implenia-1536x1152.jpg 1536w, https:\/\/www.immobilienbusiness.ch\/wp-content\/uploads\/2017\/09\/IB-News-20170918-suetil-Aufrichte-Implenia-2048x1536.jpg 2048w, https:\/\/www.immobilienbusiness.ch\/wp-content\/uploads\/2017\/09\/IB-News-20170918-suetil-Aufrichte-Implenia-16x12.jpg 16w, https:\/\/www.immobilienbusiness.ch\/wp-content\/uploads\/2017\/09\/IB-News-20170918-suetil-Aufrichte-Implenia-233x175.jpg 233w, https:\/\/www.immobilienbusiness.ch\/wp-content\/uploads\/2017\/09\/IB-News-20170918-suetil-Aufrichte-Implenia-467x350.jpg 467w, https:\/\/www.immobilienbusiness.ch\/wp-content\/uploads\/2017\/09\/IB-News-20170918-suetil-Aufrichte-Implenia-1067x800.jpg 1067w, https:\/\/www.immobilienbusiness.ch\/wp-content\/uploads\/2017\/09\/IB-News-20170918-suetil-Aufrichte-Implenia-920x690.jpg 920w, https:\/\/www.immobilienbusiness.ch\/wp-content\/uploads\/2017\/09\/IB-News-20170918-suetil-Aufrichte-Implenia-1400x1050.jpg 1400w, https:\/\/www.immobilienbusiness.ch\/wp-content\/uploads\/2017\/09\/IB-News-20170918-suetil-Aufrichte-Implenia-1867x1400.jpg 1867w\" sizes=\"auto, (max-width: 3264px) 100vw, 3264px\" \/><figcaption id=\"caption-attachment-9206\" class=\"wp-caption-text\">Martin Kaleja (\u00e0 gauche), CEO d'Allianz Suisse Immobilien AG, et Jens Vollmar (\u00e0 droite), directeur de la division Implenia Buildings, scient ensemble une poutre en bois \u00e0 l'occasion de la lev\u00e9e du rideau \u00e0 Oberwinterthur (photo : Implenia).<\/figcaption><\/figure>\n<p>Sur une surface de 17 800 m\u00b2, des b\u00e2timents de cinq \u00e0 six \u00e9tages comprenant plus de 300 appartements en propri\u00e9t\u00e9 et en location seront r\u00e9alis\u00e9s sur un ancien site de Sulzer \u00e0 Winterthur-Neuhegi. Il s'agit du plus grand lotissement en bois de Suisse. Les rez-de-chauss\u00e9e sont destin\u00e9s au public.<\/p>\n<p>Selon Implenia, 18 des 20 b\u00e2timents ont \u00e9t\u00e9 \u00e9rig\u00e9s et les premi\u00e8res maisons sont sur le point d'\u00eatre achev\u00e9es. Les premiers appartements devraient \u00eatre disponibles en d\u00e9cembre 2017. Dans les autres immeubles, les emm\u00e9nagements se feront par \u00e9tapes jusqu'en septembre 2018.<\/p>\n<p>En tant que propri\u00e9taire du terrain, Implenia a d\u00e9velopp\u00e9, en coop\u00e9ration avec la ville de Winterthur, le projet issu d'un mandat d'\u00e9tude. Le lotissement est construit selon la norme Minergie et r\u00e9pond aux objectifs de la soci\u00e9t\u00e9 \u00e0 2000 watts (selon les Objectifs de performance \u00e9nerg\u00e9tique MB 2040 de la SIA).<\/p>","protected":false},"excerpt":{"rendered":"<p>Le 14 septembre, le groupe de construction Implenia a c\u00e9l\u00e9br\u00e9, avec Allianz Suisse comme investisseur, la lev\u00e9e du rideau sur le complexe r\u00e9sidentiel et commercial \"sue&amp;til\" \u00e0 Winterthour.<\/p>","protected":false},"author":4,"featured_media":9206,"comment_status":"open","ping_status":"open","sticky":false,"template":"","format":"standard","meta":{"_acf_changed":false,"_yoast_wpseo_focuskw":"sue&til","_yoast_wpseo_title":"","_yoast_wpseo_metadesc":"Der Baukonzern Implenia hat mit Allianz Suisse als Investor die Aufrichte f\u00fcr die Wohn- und Gewerbe\u00fcberbauung \u00absue&til\u00bb in Winterthur gefeiert.","_yoast_wpseo_linkdex":53,"pgc_sgb_lightbox_settings":"","footnotes":""},"categories":[985],"tags":[1012,1359,1599,1643,1858,1863],"class_list":["post-9205","post","type-post","status-publish","format-standard","has-post-thumbnail","hentry","category-regionen","tag-allianz-suisse","tag-implenia","tag-projekt-in-bau","tag-retail","tag-winterthur","tag-wohnimmobilien"],"acf":[],"yoast_head":"<!-- This site is optimized with the Yoast SEO plugin v27.4 - https:\/\/yoast.com\/product\/yoast-seo-wordpress\/ -->\n<title>Winterthur: Richtfest f\u00fcr \u00absue&amp;til\u00bb - IMMOBILIEN Business<\/title>\n<meta name=\"description\" content=\"Der Baukonzern Implenia hat mit Allianz Suisse als Investor die Aufrichte f\u00fcr die Wohn- und Gewerbe\u00fcberbauung \u00absue&amp;til\u00bb in Winterthur gefeiert.\" \/>\n<meta name=\"robots\" content=\"index, follow, max-snippet:-1, max-image-preview:large, max-video-preview:-1\" \/>\n<link rel=\"canonical\" href=\"https:\/\/www.immobilienbusiness.ch\/fr\/regionen\/2017-09-18\/winterthur-richtfest-fuer-suetil\/\" \/>\n<meta property=\"og:locale\" content=\"fr_FR\" \/>\n<meta property=\"og:type\" content=\"article\" \/>\n<meta property=\"og:title\" content=\"Winterthur: Richtfest f\u00fcr \u00absue&amp;til\u00bb\" \/>\n<meta property=\"og:description\" content=\"Der Baukonzern Implenia hat mit Allianz Suisse als Investor die Aufrichte f\u00fcr die Wohn- und Gewerbe\u00fcberbauung \u00absue&amp;til\u00bb in Winterthur gefeiert.\" \/>\n<meta property=\"og:url\" content=\"https:\/\/www.immobilienbusiness.ch\/fr\/regionen\/2017-09-18\/winterthur-richtfest-fuer-suetil\/\" \/>\n<meta property=\"og:site_name\" content=\"IMMOBILIEN Business\" \/>\n<meta property=\"article:publisher\" content=\"https:\/\/www.facebook.com\/immobilienbusiness\/\" \/>\n<meta property=\"article:published_time\" content=\"2017-09-18T07:07:48+00:00\" \/>\n<meta property=\"og:image\" content=\"https:\/\/www.immobilienbusiness.ch\/wp-content\/uploads\/2017\/09\/IB-News-20170918-suetil-Aufrichte-Implenia-1024x768.jpg\" \/>\n\t<meta property=\"og:image:width\" content=\"1024\" \/>\n\t<meta property=\"og:image:height\" content=\"768\" \/>\n\t<meta property=\"og:image:type\" content=\"image\/jpeg\" \/>\n<meta name=\"author\" content=\"mathias.rinka\" \/>\n<meta name=\"twitter:card\" content=\"summary_large_image\" \/>\n<meta name=\"twitter:title\" content=\"Winterthur: Richtfest f\u00fcr \u00absue&amp;til\u00bb\" \/>\n<meta name=\"twitter:description\" content=\"Der Baukonzern Implenia hat mit Allianz Suisse als Investor die Aufrichte f\u00fcr die Wohn- und Gewerbe\u00fcberbauung \u00absue&amp;til\u00bb in Winterthur gefeiert.\" \/>\n<script type=\"application\/ld+json\" class=\"yoast-schema-graph\">{\"@context\":\"https:\\\/\\\/schema.org\",\"@graph\":[{\"@type\":\"Article\",\"@id\":\"https:\\\/\\\/www.immobilienbusiness.ch\\\/regionen\\\/2017-09-18\\\/winterthur-richtfest-fuer-suetil\\\/#article\",\"isPartOf\":{\"@id\":\"https:\\\/\\\/www.immobilienbusiness.ch\\\/regionen\\\/2017-09-18\\\/winterthur-richtfest-fuer-suetil\\\/\"},\"author\":{\"name\":\"mathias.rinka\",\"@id\":\"https:\\\/\\\/www.immobilienbusiness.ch\\\/#\\\/schema\\\/person\\\/31be7383261ea656cfe52cad71fdc211\"},\"headline\":\"Winterthur: Richtfest f\u00fcr \u00absue&#038;til\u00bb\",\"datePublished\":\"2017-09-18T07:07:48+00:00\",\"mainEntityOfPage\":{\"@id\":\"https:\\\/\\\/www.immobilienbusiness.ch\\\/regionen\\\/2017-09-18\\\/winterthur-richtfest-fuer-suetil\\\/\"},\"wordCount\":161,\"commentCount\":0,\"publisher\":{\"@id\":\"https:\\\/\\\/www.immobilienbusiness.ch\\\/#organization\"},\"image\":{\"@id\":\"https:\\\/\\\/www.immobilienbusiness.ch\\\/regionen\\\/2017-09-18\\\/winterthur-richtfest-fuer-suetil\\\/#primaryimage\"},\"thumbnailUrl\":\"https:\\\/\\\/www.immobilienbusiness.ch\\\/wp-content\\\/uploads\\\/2017\\\/09\\\/IB-News-20170918-suetil-Aufrichte-Implenia.jpg\",\"keywords\":[\"Allianz Suisse\",\"Implenia\",\"Projekt in Bau\",\"Retail\",\"Winterthur\",\"Wohnimmobilien\"],\"articleSection\":[\"REGIONEN\"],\"inLanguage\":\"fr-FR\"},{\"@type\":\"WebPage\",\"@id\":\"https:\\\/\\\/www.immobilienbusiness.ch\\\/regionen\\\/2017-09-18\\\/winterthur-richtfest-fuer-suetil\\\/\",\"url\":\"https:\\\/\\\/www.immobilienbusiness.ch\\\/regionen\\\/2017-09-18\\\/winterthur-richtfest-fuer-suetil\\\/\",\"name\":\"Winterthur: Richtfest f\u00fcr \u00absue&til\u00bb - IMMOBILIEN Business\",\"isPartOf\":{\"@id\":\"https:\\\/\\\/www.immobilienbusiness.ch\\\/#website\"},\"primaryImageOfPage\":{\"@id\":\"https:\\\/\\\/www.immobilienbusiness.ch\\\/regionen\\\/2017-09-18\\\/winterthur-richtfest-fuer-suetil\\\/#primaryimage\"},\"image\":{\"@id\":\"https:\\\/\\\/www.immobilienbusiness.ch\\\/regionen\\\/2017-09-18\\\/winterthur-richtfest-fuer-suetil\\\/#primaryimage\"},\"thumbnailUrl\":\"https:\\\/\\\/www.immobilienbusiness.ch\\\/wp-content\\\/uploads\\\/2017\\\/09\\\/IB-News-20170918-suetil-Aufrichte-Implenia.jpg\",\"datePublished\":\"2017-09-18T07:07:48+00:00\",\"description\":\"Der Baukonzern Implenia hat mit Allianz Suisse als Investor die Aufrichte f\u00fcr die Wohn- und Gewerbe\u00fcberbauung \u00absue&til\u00bb in Winterthur gefeiert.\",\"breadcrumb\":{\"@id\":\"https:\\\/\\\/www.immobilienbusiness.ch\\\/regionen\\\/2017-09-18\\\/winterthur-richtfest-fuer-suetil\\\/#breadcrumb\"},\"inLanguage\":\"fr-FR\",\"potentialAction\":[{\"@type\":\"ReadAction\",\"target\":[\"https:\\\/\\\/www.immobilienbusiness.ch\\\/regionen\\\/2017-09-18\\\/winterthur-richtfest-fuer-suetil\\\/\"]}]},{\"@type\":\"ImageObject\",\"inLanguage\":\"fr-FR\",\"@id\":\"https:\\\/\\\/www.immobilienbusiness.ch\\\/regionen\\\/2017-09-18\\\/winterthur-richtfest-fuer-suetil\\\/#primaryimage\",\"url\":\"https:\\\/\\\/www.immobilienbusiness.ch\\\/wp-content\\\/uploads\\\/2017\\\/09\\\/IB-News-20170918-suetil-Aufrichte-Implenia.jpg\",\"contentUrl\":\"https:\\\/\\\/www.immobilienbusiness.ch\\\/wp-content\\\/uploads\\\/2017\\\/09\\\/IB-News-20170918-suetil-Aufrichte-Implenia.jpg\",\"width\":2560,\"height\":1920,\"caption\":\"Dr. Martin Kaleja (links), CEO der Allianz Suisse Immobilien AG, und Dr. Jens Vollmar (rechts), Gesch\u00e4ftsbereichsleiter Implenia Buildings, zers\u00e4gen anl\u00e4sslich der Aufrichte in Oberwinterthur gemeinsam einen Holzbalken (Bild: Implenia)\"},{\"@type\":\"BreadcrumbList\",\"@id\":\"https:\\\/\\\/www.immobilienbusiness.ch\\\/regionen\\\/2017-09-18\\\/winterthur-richtfest-fuer-suetil\\\/#breadcrumb\",\"itemListElement\":[{\"@type\":\"ListItem\",\"position\":1,\"name\":\"Home\",\"item\":\"https:\\\/\\\/www.immobilienbusiness.ch\\\/\"},{\"@type\":\"ListItem\",\"position\":2,\"name\":\"Winterthur: Richtfest f\u00fcr \u00absue&#038;til\u00bb\"}]},{\"@type\":\"WebSite\",\"@id\":\"https:\\\/\\\/www.immobilienbusiness.ch\\\/#website\",\"url\":\"https:\\\/\\\/www.immobilienbusiness.ch\\\/\",\"name\":\"IMMOBILIEN Business\",\"description\":\"Unabh\u00e4ngiges Schweizer Wirtschaftsmagazin mit Fokus auf Immobilien, Architektur- und Bau sowie Investment- und Finanzierung.\",\"publisher\":{\"@id\":\"https:\\\/\\\/www.immobilienbusiness.ch\\\/#organization\"},\"potentialAction\":[{\"@type\":\"SearchAction\",\"target\":{\"@type\":\"EntryPoint\",\"urlTemplate\":\"https:\\\/\\\/www.immobilienbusiness.ch\\\/?s={search_term_string}\"},\"query-input\":{\"@type\":\"PropertyValueSpecification\",\"valueRequired\":true,\"valueName\":\"search_term_string\"}}],\"inLanguage\":\"fr-FR\"},{\"@type\":\"Organization\",\"@id\":\"https:\\\/\\\/www.immobilienbusiness.ch\\\/#organization\",\"name\":\"IMMOBILIEN Business\",\"url\":\"https:\\\/\\\/www.immobilienbusiness.ch\\\/\",\"logo\":{\"@type\":\"ImageObject\",\"inLanguage\":\"fr-FR\",\"@id\":\"https:\\\/\\\/www.immobilienbusiness.ch\\\/#\\\/schema\\\/logo\\\/image\\\/\",\"url\":\"https:\\\/\\\/www.immobilienbusiness.ch\\\/wp-content\\\/uploads\\\/2021\\\/07\\\/logo_ib.png\",\"contentUrl\":\"https:\\\/\\\/www.immobilienbusiness.ch\\\/wp-content\\\/uploads\\\/2021\\\/07\\\/logo_ib.png\",\"width\":800,\"height\":181,\"caption\":\"IMMOBILIEN Business\"},\"image\":{\"@id\":\"https:\\\/\\\/www.immobilienbusiness.ch\\\/#\\\/schema\\\/logo\\\/image\\\/\"},\"sameAs\":[\"https:\\\/\\\/www.facebook.com\\\/immobilienbusiness\\\/\"]},{\"@type\":\"Person\",\"@id\":\"https:\\\/\\\/www.immobilienbusiness.ch\\\/#\\\/schema\\\/person\\\/31be7383261ea656cfe52cad71fdc211\",\"name\":\"mathias.rinka\",\"image\":{\"@type\":\"ImageObject\",\"inLanguage\":\"fr-FR\",\"@id\":\"https:\\\/\\\/secure.gravatar.com\\\/avatar\\\/?s=96&d=mm&r=g\",\"url\":\"https:\\\/\\\/secure.gravatar.com\\\/avatar\\\/?s=96&d=mm&r=g\",\"contentUrl\":\"https:\\\/\\\/secure.gravatar.com\\\/avatar\\\/?s=96&d=mm&r=g\",\"caption\":\"mathias.rinka\"},\"url\":\"https:\\\/\\\/www.immobilienbusiness.ch\\\/fr\\\/author\\\/mathias-rinka\\\/\"}]}<\/script>\n<!-- \/ Yoast SEO plugin. -->","yoast_head_json":{"title":"Winterthur : f\u00eate du bouquet pour \"sue&amp;til\" - IMMOBILIER Business","description":"Le groupe de construction Implenia a c\u00e9l\u00e9br\u00e9, avec Allianz Suisse comme investisseur, la lev\u00e9e du rideau sur le complexe r\u00e9sidentiel et commercial \"sue&amp;til\" \u00e0 Winterthour.","robots":{"index":"index","follow":"follow","max-snippet":"max-snippet:-1","max-image-preview":"max-image-preview:large","max-video-preview":"max-video-preview:-1"},"canonical":"https:\/\/www.immobilienbusiness.ch\/fr\/regionen\/2017-09-18\/winterthur-richtfest-fuer-suetil\/","og_locale":"fr_FR","og_type":"article","og_title":"Winterthur: Richtfest f\u00fcr \u00absue&til\u00bb","og_description":"Der Baukonzern Implenia hat mit Allianz Suisse als Investor die Aufrichte f\u00fcr die Wohn- und Gewerbe\u00fcberbauung \u00absue&til\u00bb in Winterthur gefeiert.","og_url":"https:\/\/www.immobilienbusiness.ch\/fr\/regionen\/2017-09-18\/winterthur-richtfest-fuer-suetil\/","og_site_name":"IMMOBILIEN Business","article_publisher":"https:\/\/www.facebook.com\/immobilienbusiness\/","article_published_time":"2017-09-18T07:07:48+00:00","og_image":[{"width":1024,"height":768,"url":"https:\/\/www.immobilienbusiness.ch\/wp-content\/uploads\/2017\/09\/IB-News-20170918-suetil-Aufrichte-Implenia-1024x768.jpg","type":"image\/jpeg"}],"author":"mathias.rinka","twitter_card":"summary_large_image","twitter_title":"Winterthur: Richtfest f\u00fcr \u00absue&til\u00bb","twitter_description":"Der Baukonzern Implenia hat mit Allianz Suisse als Investor die Aufrichte f\u00fcr die Wohn- und Gewerbe\u00fcberbauung \u00absue&til\u00bb in Winterthur gefeiert.","schema":{"@context":"https:\/\/schema.org","@graph":[{"@type":"Article","@id":"https:\/\/www.immobilienbusiness.ch\/regionen\/2017-09-18\/winterthur-richtfest-fuer-suetil\/#article","isPartOf":{"@id":"https:\/\/www.immobilienbusiness.ch\/regionen\/2017-09-18\/winterthur-richtfest-fuer-suetil\/"},"author":{"name":"mathias.rinka","@id":"https:\/\/www.immobilienbusiness.ch\/#\/schema\/person\/31be7383261ea656cfe52cad71fdc211"},"headline":"Winterthur: Richtfest f\u00fcr \u00absue&#038;til\u00bb","datePublished":"2017-09-18T07:07:48+00:00","mainEntityOfPage":{"@id":"https:\/\/www.immobilienbusiness.ch\/regionen\/2017-09-18\/winterthur-richtfest-fuer-suetil\/"},"wordCount":161,"commentCount":0,"publisher":{"@id":"https:\/\/www.immobilienbusiness.ch\/#organization"},"image":{"@id":"https:\/\/www.immobilienbusiness.ch\/regionen\/2017-09-18\/winterthur-richtfest-fuer-suetil\/#primaryimage"},"thumbnailUrl":"https:\/\/www.immobilienbusiness.ch\/wp-content\/uploads\/2017\/09\/IB-News-20170918-suetil-Aufrichte-Implenia.jpg","keywords":["Allianz Suisse","Implenia","Projekt in Bau","Retail","Winterthur","Wohnimmobilien"],"articleSection":["REGIONEN"],"inLanguage":"fr-FR"},{"@type":"WebPage","@id":"https:\/\/www.immobilienbusiness.ch\/regionen\/2017-09-18\/winterthur-richtfest-fuer-suetil\/","url":"https:\/\/www.immobilienbusiness.ch\/regionen\/2017-09-18\/winterthur-richtfest-fuer-suetil\/","name":"Winterthur : f\u00eate du bouquet pour \"sue&amp;til\" - IMMOBILIER Business","isPartOf":{"@id":"https:\/\/www.immobilienbusiness.ch\/#website"},"primaryImageOfPage":{"@id":"https:\/\/www.immobilienbusiness.ch\/regionen\/2017-09-18\/winterthur-richtfest-fuer-suetil\/#primaryimage"},"image":{"@id":"https:\/\/www.immobilienbusiness.ch\/regionen\/2017-09-18\/winterthur-richtfest-fuer-suetil\/#primaryimage"},"thumbnailUrl":"https:\/\/www.immobilienbusiness.ch\/wp-content\/uploads\/2017\/09\/IB-News-20170918-suetil-Aufrichte-Implenia.jpg","datePublished":"2017-09-18T07:07:48+00:00","description":"Le groupe de construction Implenia a c\u00e9l\u00e9br\u00e9, avec Allianz Suisse comme investisseur, la lev\u00e9e du rideau sur le complexe r\u00e9sidentiel et commercial \"sue&amp;til\" \u00e0 Winterthour.","breadcrumb":{"@id":"https:\/\/www.immobilienbusiness.ch\/regionen\/2017-09-18\/winterthur-richtfest-fuer-suetil\/#breadcrumb"},"inLanguage":"fr-FR","potentialAction":[{"@type":"ReadAction","target":["https:\/\/www.immobilienbusiness.ch\/regionen\/2017-09-18\/winterthur-richtfest-fuer-suetil\/"]}]},{"@type":"ImageObject","inLanguage":"fr-FR","@id":"https:\/\/www.immobilienbusiness.ch\/regionen\/2017-09-18\/winterthur-richtfest-fuer-suetil\/#primaryimage","url":"https:\/\/www.immobilienbusiness.ch\/wp-content\/uploads\/2017\/09\/IB-News-20170918-suetil-Aufrichte-Implenia.jpg","contentUrl":"https:\/\/www.immobilienbusiness.ch\/wp-content\/uploads\/2017\/09\/IB-News-20170918-suetil-Aufrichte-Implenia.jpg","width":2560,"height":1920,"caption":"Dr. Martin Kaleja (links), CEO der Allianz Suisse Immobilien AG, und Dr. Jens Vollmar (rechts), Gesch\u00e4ftsbereichsleiter Implenia Buildings, zers\u00e4gen anl\u00e4sslich der Aufrichte in Oberwinterthur gemeinsam einen Holzbalken (Bild: Implenia)"},{"@type":"BreadcrumbList","@id":"https:\/\/www.immobilienbusiness.ch\/regionen\/2017-09-18\/winterthur-richtfest-fuer-suetil\/#breadcrumb","itemListElement":[{"@type":"ListItem","position":1,"name":"Home","item":"https:\/\/www.immobilienbusiness.ch\/"},{"@type":"ListItem","position":2,"name":"Winterthur: Richtfest f\u00fcr \u00absue&#038;til\u00bb"}]},{"@type":"WebSite","@id":"https:\/\/www.immobilienbusiness.ch\/#website","url":"https:\/\/www.immobilienbusiness.ch\/","name":"IMMOBILIER Business","description":"Magazine \u00e9conomique suisse ind\u00e9pendant ax\u00e9 sur l'immobilier, l'architecture et la construction ainsi que sur les investissements et le financement.","publisher":{"@id":"https:\/\/www.immobilienbusiness.ch\/#organization"},"potentialAction":[{"@type":"SearchAction","target":{"@type":"EntryPoint","urlTemplate":"https:\/\/www.immobilienbusiness.ch\/?s={search_term_string}"},"query-input":{"@type":"PropertyValueSpecification","valueRequired":true,"valueName":"search_term_string"}}],"inLanguage":"fr-FR"},{"@type":"Organization","@id":"https:\/\/www.immobilienbusiness.ch\/#organization","name":"IMMOBILIER Business","url":"https:\/\/www.immobilienbusiness.ch\/","logo":{"@type":"ImageObject","inLanguage":"fr-FR","@id":"https:\/\/www.immobilienbusiness.ch\/#\/schema\/logo\/image\/","url":"https:\/\/www.immobilienbusiness.ch\/wp-content\/uploads\/2021\/07\/logo_ib.png","contentUrl":"https:\/\/www.immobilienbusiness.ch\/wp-content\/uploads\/2021\/07\/logo_ib.png","width":800,"height":181,"caption":"IMMOBILIEN Business"},"image":{"@id":"https:\/\/www.immobilienbusiness.ch\/#\/schema\/logo\/image\/"},"sameAs":["https:\/\/www.facebook.com\/immobilienbusiness\/"]},{"@type":"Person","@id":"https:\/\/www.immobilienbusiness.ch\/#\/schema\/person\/31be7383261ea656cfe52cad71fdc211","name":"mathias.rinka","image":{"@type":"ImageObject","inLanguage":"fr-FR","@id":"https:\/\/secure.gravatar.com\/avatar\/?s=96&d=mm&r=g","url":"https:\/\/secure.gravatar.com\/avatar\/?s=96&d=mm&r=g","contentUrl":"https:\/\/secure.gravatar.com\/avatar\/?s=96&d=mm&r=g","caption":"mathias.rinka"},"url":"https:\/\/www.immobilienbusiness.ch\/fr\/author\/mathias-rinka\/"}]}},"_links":{"self":[{"href":"https:\/\/www.immobilienbusiness.ch\/fr\/wp-json\/wp\/v2\/posts\/9205","targetHints":{"allow":["GET"]}}],"collection":[{"href":"https:\/\/www.immobilienbusiness.ch\/fr\/wp-json\/wp\/v2\/posts"}],"about":[{"href":"https:\/\/www.immobilienbusiness.ch\/fr\/wp-json\/wp\/v2\/types\/post"}],"author":[{"embeddable":true,"href":"https:\/\/www.immobilienbusiness.ch\/fr\/wp-json\/wp\/v2\/users\/4"}],"replies":[{"embeddable":true,"href":"https:\/\/www.immobilienbusiness.ch\/fr\/wp-json\/wp\/v2\/comments?post=9205"}],"version-history":[{"count":0,"href":"https:\/\/www.immobilienbusiness.ch\/fr\/wp-json\/wp\/v2\/posts\/9205\/revisions"}],"wp:featuredmedia":[{"embeddable":true,"href":"https:\/\/www.immobilienbusiness.ch\/fr\/wp-json\/wp\/v2\/media\/9206"}],"wp:attachment":[{"href":"https:\/\/www.immobilienbusiness.ch\/fr\/wp-json\/wp\/v2\/media?parent=9205"}],"wp:term":[{"taxonomy":"category","embeddable":true,"href":"https:\/\/www.immobilienbusiness.ch\/fr\/wp-json\/wp\/v2\/categories?post=9205"},{"taxonomy":"post_tag","embeddable":true,"href":"https:\/\/www.immobilienbusiness.ch\/fr\/wp-json\/wp\/v2\/tags?post=9205"}],"curies":[{"name":"wp","href":"https:\/\/api.w.org\/{rel}","templated":true}]}}