{"id":9111,"date":"2017-09-13T08:23:03","date_gmt":"2017-09-13T06:23:03","guid":{"rendered":"https:\/\/www.immobilienbusiness.ch\/?p=9111"},"modified":"2017-09-13T08:23:03","modified_gmt":"2017-09-13T06:23:03","slug":"st-gallen-namics-bezieht-neuen-buerobau-im-zentrum","status":"publish","type":"post","link":"https:\/\/www.immobilienbusiness.ch\/fr\/regionen\/2017-09-13\/st-gallen-namics-bezieht-neuen-buerobau-im-zentrum\/","title":{"rendered":"Saint-Gall, en Suisse : Namics s'installe dans de nouveaux bureaux au centre-ville"},"content":{"rendered":"<figure id=\"attachment_9112\" aria-describedby=\"caption-attachment-9112\" style=\"width: 680px\" class=\"wp-caption alignnone\"><img loading=\"lazy\" decoding=\"async\" class=\"size-medium wp-image-9112\" src=\"https:\/\/www.immobilienbusiness.ch\/wp-content\/uploads\/2017\/09\/Rendering_Neubau.jpg\" alt=\"\" width=\"680\" height=\"468\" srcset=\"https:\/\/www.immobilienbusiness.ch\/wp-content\/uploads\/2017\/09\/Rendering_Neubau.jpg 2432w, https:\/\/www.immobilienbusiness.ch\/wp-content\/uploads\/2017\/09\/Rendering_Neubau-300x206.jpg 300w, https:\/\/www.immobilienbusiness.ch\/wp-content\/uploads\/2017\/09\/Rendering_Neubau-1024x704.jpg 1024w, https:\/\/www.immobilienbusiness.ch\/wp-content\/uploads\/2017\/09\/Rendering_Neubau-768x528.jpg 768w, https:\/\/www.immobilienbusiness.ch\/wp-content\/uploads\/2017\/09\/Rendering_Neubau-1536x1056.jpg 1536w, https:\/\/www.immobilienbusiness.ch\/wp-content\/uploads\/2017\/09\/Rendering_Neubau-2048x1408.jpg 2048w, https:\/\/www.immobilienbusiness.ch\/wp-content\/uploads\/2017\/09\/Rendering_Neubau-16x12.jpg 16w, https:\/\/www.immobilienbusiness.ch\/wp-content\/uploads\/2017\/09\/Rendering_Neubau-255x175.jpg 255w, https:\/\/www.immobilienbusiness.ch\/wp-content\/uploads\/2017\/09\/Rendering_Neubau-509x350.jpg 509w, https:\/\/www.immobilienbusiness.ch\/wp-content\/uploads\/2017\/09\/Rendering_Neubau-1164x800.jpg 1164w, https:\/\/www.immobilienbusiness.ch\/wp-content\/uploads\/2017\/09\/Rendering_Neubau-920x633.jpg 920w, https:\/\/www.immobilienbusiness.ch\/wp-content\/uploads\/2017\/09\/Rendering_Neubau-1400x963.jpg 1400w, https:\/\/www.immobilienbusiness.ch\/wp-content\/uploads\/2017\/09\/Rendering_Neubau-2036x1400.jpg 2036w\" sizes=\"auto, (max-width: 680px) 100vw, 680px\" \/><figcaption id=\"caption-attachment-9112\" class=\"wp-caption-text\">Le nouveau b\u00e2timent de Namics \u00e0 Saint-Gall (Rendering : Arge Mein Ammann \/ Namics)<\/figcaption><\/figure>\n<p>Sur une surface d'environ 3 300 m\u00e8tres carr\u00e9s, le bureau offre \u00e0 250 collaborateurs suffisamment d'espace pour d\u00e9velopper de nouveaux projets num\u00e9riques de mani\u00e8re interdisciplinaire. Le projet de construction est financ\u00e9 et r\u00e9alis\u00e9 par la coop\u00e9rative ASGA Pensionskasse, la plus grande institution de pr\u00e9voyance commune ind\u00e9pendante de Suisse. La construction a \u00e9t\u00e9 r\u00e9alis\u00e9e selon les plans du bureau d'architectes Arge Menn Ammann, qui s'est impos\u00e9 lors du concours d'architecture.<\/p>\n<p>Pour Roland Sch\u00f6nholzer, pr\u00e9sident du conseil d'administration et partenaire de Namics, Saint-Gall est l'un des sites les plus attractifs de Suisse pour les entreprises, notamment en raison du d\u00e9veloppement r\u00e9ussi du site : \"Chez Namics, nous voulons contribuer \u00e0 renforcer la r\u00e9gion et \u00e0 accentuer l'orientation num\u00e9rique. Pour cela, nous investissons non seulement dans un immeuble de bureaux plus grand, mais aussi dans de nombreuses initiatives telles que Digital Switzerland et IT St.Gallen rockt\".<\/p>\n<p>Selon lui, Saint-Gall offre un excellent environnement pour d\u00e9velopper Namics en tant qu'agence num\u00e9rique \u00e0 service complet. \"Nous pouvons par exemple profiter de la proximit\u00e9 de l'universit\u00e9 de Saint-Gall et des hautes \u00e9coles techniques pour enthousiasmer et attirer de nouveaux talents dans notre travail\".<\/p>","protected":false},"excerpt":{"rendered":"<p>Apr\u00e8s environ deux ans de travaux, Namics, une agence num\u00e9rique offrant un service complet, a inaugur\u00e9 son nouvel immeuble de bureaux \u00e0 Saint-Gall. Il se trouve dans l'Unterstrasse 12 - au centre de la ville. <\/p>","protected":false},"author":3,"featured_media":9112,"comment_status":"open","ping_status":"open","sticky":false,"template":"","format":"standard","meta":{"_acf_changed":false,"_yoast_wpseo_focuskw":"Namics","_yoast_wpseo_title":"","_yoast_wpseo_metadesc":"Nach rund zwei Jahren Bauzeit hat Namics, eine Fullservice-Digitalagentur, im Zentrum von St. Gallen ihr neues B\u00fcrogeb\u00e4ude eingeweiht.","_yoast_wpseo_linkdex":51,"pgc_sgb_lightbox_settings":"","footnotes":""},"categories":[985],"tags":[1119,1549,1722],"class_list":["post-9111","post","type-post","status-publish","format-standard","has-post-thumbnail","hentry","category-regionen","tag-bueroimmobilien","tag-ostschweiz","tag-st-gallen"],"acf":[],"yoast_head":"<!-- This site is optimized with the Yoast SEO plugin v27.4 - https:\/\/yoast.com\/product\/yoast-seo-wordpress\/ -->\n<title>St.Gallen: Namics bezieht neuen B\u00fcrobau im Zentrum - IMMOBILIEN Business<\/title>\n<meta name=\"description\" content=\"Nach rund zwei Jahren Bauzeit hat Namics, eine Fullservice-Digitalagentur, im Zentrum von St. Gallen ihr neues B\u00fcrogeb\u00e4ude eingeweiht.\" \/>\n<meta name=\"robots\" content=\"index, follow, max-snippet:-1, max-image-preview:large, max-video-preview:-1\" \/>\n<link rel=\"canonical\" href=\"https:\/\/www.immobilienbusiness.ch\/fr\/regionen\/2017-09-13\/st-gallen-namics-bezieht-neuen-buerobau-im-zentrum\/\" \/>\n<meta property=\"og:locale\" content=\"fr_FR\" \/>\n<meta property=\"og:type\" content=\"article\" \/>\n<meta property=\"og:title\" content=\"St.Gallen: Namics bezieht neuen B\u00fcrobau im Zentrum\" \/>\n<meta property=\"og:description\" content=\"Nach rund zwei Jahren Bauzeit hat Namics, eine Fullservice-Digitalagentur, im Zentrum von St. Gallen ihr neues B\u00fcrogeb\u00e4ude eingeweiht.\" \/>\n<meta property=\"og:url\" content=\"https:\/\/www.immobilienbusiness.ch\/fr\/regionen\/2017-09-13\/st-gallen-namics-bezieht-neuen-buerobau-im-zentrum\/\" \/>\n<meta property=\"og:site_name\" content=\"IMMOBILIEN Business\" \/>\n<meta property=\"article:publisher\" content=\"https:\/\/www.facebook.com\/immobilienbusiness\/\" \/>\n<meta property=\"article:published_time\" content=\"2017-09-13T06:23:03+00:00\" \/>\n<meta property=\"og:image\" content=\"https:\/\/www.immobilienbusiness.ch\/wp-content\/uploads\/2017\/09\/Rendering_Neubau.jpg\" \/>\n\t<meta property=\"og:image:width\" content=\"2432\" \/>\n\t<meta property=\"og:image:height\" content=\"1672\" \/>\n\t<meta property=\"og:image:type\" content=\"image\/jpeg\" \/>\n<meta name=\"author\" content=\"anja.hall\" \/>\n<meta name=\"twitter:card\" content=\"summary_large_image\" \/>\n<meta name=\"twitter:title\" content=\"St.Gallen: Namics bezieht neuen B\u00fcrobau im Zentrum\" \/>\n<meta name=\"twitter:description\" content=\"Nach rund zwei Jahren Bauzeit hat Namics, eine Fullservice-Digitalagentur, im Zentrum von St. Gallen ihr neues B\u00fcrogeb\u00e4ude eingeweiht.\" \/>\n<meta name=\"twitter:image\" content=\"https:\/\/www.immobilienbusiness.ch\/wp-content\/uploads\/2017\/09\/Rendering_Neubau.jpg\" \/>\n<script type=\"application\/ld+json\" class=\"yoast-schema-graph\">{\"@context\":\"https:\\\/\\\/schema.org\",\"@graph\":[{\"@type\":\"Article\",\"@id\":\"https:\\\/\\\/www.immobilienbusiness.ch\\\/regionen\\\/2017-09-13\\\/st-gallen-namics-bezieht-neuen-buerobau-im-zentrum\\\/#article\",\"isPartOf\":{\"@id\":\"https:\\\/\\\/www.immobilienbusiness.ch\\\/regionen\\\/2017-09-13\\\/st-gallen-namics-bezieht-neuen-buerobau-im-zentrum\\\/\"},\"author\":{\"name\":\"anja.hall\",\"@id\":\"https:\\\/\\\/www.immobilienbusiness.ch\\\/#\\\/schema\\\/person\\\/3fc036297b10b9f42d6db5ee932af8c8\"},\"headline\":\"St.Gallen: Namics bezieht neuen B\u00fcrobau im Zentrum\",\"datePublished\":\"2017-09-13T06:23:03+00:00\",\"mainEntityOfPage\":{\"@id\":\"https:\\\/\\\/www.immobilienbusiness.ch\\\/regionen\\\/2017-09-13\\\/st-gallen-namics-bezieht-neuen-buerobau-im-zentrum\\\/\"},\"wordCount\":195,\"commentCount\":0,\"publisher\":{\"@id\":\"https:\\\/\\\/www.immobilienbusiness.ch\\\/#organization\"},\"image\":{\"@id\":\"https:\\\/\\\/www.immobilienbusiness.ch\\\/regionen\\\/2017-09-13\\\/st-gallen-namics-bezieht-neuen-buerobau-im-zentrum\\\/#primaryimage\"},\"thumbnailUrl\":\"https:\\\/\\\/www.immobilienbusiness.ch\\\/wp-content\\\/uploads\\\/2017\\\/09\\\/Rendering_Neubau.jpg\",\"keywords\":[\"B\u00fcroimmobilien\",\"Ostschweiz\",\"St. Gallen\"],\"articleSection\":[\"REGIONEN\"],\"inLanguage\":\"fr-FR\"},{\"@type\":\"WebPage\",\"@id\":\"https:\\\/\\\/www.immobilienbusiness.ch\\\/regionen\\\/2017-09-13\\\/st-gallen-namics-bezieht-neuen-buerobau-im-zentrum\\\/\",\"url\":\"https:\\\/\\\/www.immobilienbusiness.ch\\\/regionen\\\/2017-09-13\\\/st-gallen-namics-bezieht-neuen-buerobau-im-zentrum\\\/\",\"name\":\"St.Gallen: Namics bezieht neuen B\u00fcrobau im Zentrum - IMMOBILIEN Business\",\"isPartOf\":{\"@id\":\"https:\\\/\\\/www.immobilienbusiness.ch\\\/#website\"},\"primaryImageOfPage\":{\"@id\":\"https:\\\/\\\/www.immobilienbusiness.ch\\\/regionen\\\/2017-09-13\\\/st-gallen-namics-bezieht-neuen-buerobau-im-zentrum\\\/#primaryimage\"},\"image\":{\"@id\":\"https:\\\/\\\/www.immobilienbusiness.ch\\\/regionen\\\/2017-09-13\\\/st-gallen-namics-bezieht-neuen-buerobau-im-zentrum\\\/#primaryimage\"},\"thumbnailUrl\":\"https:\\\/\\\/www.immobilienbusiness.ch\\\/wp-content\\\/uploads\\\/2017\\\/09\\\/Rendering_Neubau.jpg\",\"datePublished\":\"2017-09-13T06:23:03+00:00\",\"description\":\"Nach rund zwei Jahren Bauzeit hat Namics, eine Fullservice-Digitalagentur, im Zentrum von St. Gallen ihr neues B\u00fcrogeb\u00e4ude eingeweiht.\",\"breadcrumb\":{\"@id\":\"https:\\\/\\\/www.immobilienbusiness.ch\\\/regionen\\\/2017-09-13\\\/st-gallen-namics-bezieht-neuen-buerobau-im-zentrum\\\/#breadcrumb\"},\"inLanguage\":\"fr-FR\",\"potentialAction\":[{\"@type\":\"ReadAction\",\"target\":[\"https:\\\/\\\/www.immobilienbusiness.ch\\\/regionen\\\/2017-09-13\\\/st-gallen-namics-bezieht-neuen-buerobau-im-zentrum\\\/\"]}]},{\"@type\":\"ImageObject\",\"inLanguage\":\"fr-FR\",\"@id\":\"https:\\\/\\\/www.immobilienbusiness.ch\\\/regionen\\\/2017-09-13\\\/st-gallen-namics-bezieht-neuen-buerobau-im-zentrum\\\/#primaryimage\",\"url\":\"https:\\\/\\\/www.immobilienbusiness.ch\\\/wp-content\\\/uploads\\\/2017\\\/09\\\/Rendering_Neubau.jpg\",\"contentUrl\":\"https:\\\/\\\/www.immobilienbusiness.ch\\\/wp-content\\\/uploads\\\/2017\\\/09\\\/Rendering_Neubau.jpg\",\"width\":2432,\"height\":1672,\"caption\":\"Der Neubau des IT-Unternehmens Namics in St.Gallen (Rendering:\"},{\"@type\":\"BreadcrumbList\",\"@id\":\"https:\\\/\\\/www.immobilienbusiness.ch\\\/regionen\\\/2017-09-13\\\/st-gallen-namics-bezieht-neuen-buerobau-im-zentrum\\\/#breadcrumb\",\"itemListElement\":[{\"@type\":\"ListItem\",\"position\":1,\"name\":\"Home\",\"item\":\"https:\\\/\\\/www.immobilienbusiness.ch\\\/\"},{\"@type\":\"ListItem\",\"position\":2,\"name\":\"St.Gallen: Namics bezieht neuen B\u00fcrobau im Zentrum\"}]},{\"@type\":\"WebSite\",\"@id\":\"https:\\\/\\\/www.immobilienbusiness.ch\\\/#website\",\"url\":\"https:\\\/\\\/www.immobilienbusiness.ch\\\/\",\"name\":\"IMMOBILIEN Business\",\"description\":\"Unabh\u00e4ngiges Schweizer Wirtschaftsmagazin mit Fokus auf Immobilien, Architektur- und Bau sowie Investment- und Finanzierung.\",\"publisher\":{\"@id\":\"https:\\\/\\\/www.immobilienbusiness.ch\\\/#organization\"},\"potentialAction\":[{\"@type\":\"SearchAction\",\"target\":{\"@type\":\"EntryPoint\",\"urlTemplate\":\"https:\\\/\\\/www.immobilienbusiness.ch\\\/?s={search_term_string}\"},\"query-input\":{\"@type\":\"PropertyValueSpecification\",\"valueRequired\":true,\"valueName\":\"search_term_string\"}}],\"inLanguage\":\"fr-FR\"},{\"@type\":\"Organization\",\"@id\":\"https:\\\/\\\/www.immobilienbusiness.ch\\\/#organization\",\"name\":\"IMMOBILIEN Business\",\"url\":\"https:\\\/\\\/www.immobilienbusiness.ch\\\/\",\"logo\":{\"@type\":\"ImageObject\",\"inLanguage\":\"fr-FR\",\"@id\":\"https:\\\/\\\/www.immobilienbusiness.ch\\\/#\\\/schema\\\/logo\\\/image\\\/\",\"url\":\"https:\\\/\\\/www.immobilienbusiness.ch\\\/wp-content\\\/uploads\\\/2021\\\/07\\\/logo_ib.png\",\"contentUrl\":\"https:\\\/\\\/www.immobilienbusiness.ch\\\/wp-content\\\/uploads\\\/2021\\\/07\\\/logo_ib.png\",\"width\":800,\"height\":181,\"caption\":\"IMMOBILIEN Business\"},\"image\":{\"@id\":\"https:\\\/\\\/www.immobilienbusiness.ch\\\/#\\\/schema\\\/logo\\\/image\\\/\"},\"sameAs\":[\"https:\\\/\\\/www.facebook.com\\\/immobilienbusiness\\\/\"]},{\"@type\":\"Person\",\"@id\":\"https:\\\/\\\/www.immobilienbusiness.ch\\\/#\\\/schema\\\/person\\\/3fc036297b10b9f42d6db5ee932af8c8\",\"name\":\"anja.hall\",\"image\":{\"@type\":\"ImageObject\",\"inLanguage\":\"fr-FR\",\"@id\":\"https:\\\/\\\/secure.gravatar.com\\\/avatar\\\/066b5a0d447013502c71a5782f4f3469f03cfe595cc2329fb94652fe47511bfb?s=96&d=mm&r=g\",\"url\":\"https:\\\/\\\/secure.gravatar.com\\\/avatar\\\/066b5a0d447013502c71a5782f4f3469f03cfe595cc2329fb94652fe47511bfb?s=96&d=mm&r=g\",\"contentUrl\":\"https:\\\/\\\/secure.gravatar.com\\\/avatar\\\/066b5a0d447013502c71a5782f4f3469f03cfe595cc2329fb94652fe47511bfb?s=96&d=mm&r=g\",\"caption\":\"anja.hall\"},\"url\":\"https:\\\/\\\/www.immobilienbusiness.ch\\\/fr\\\/author\\\/anja-hall\\\/\"}]}<\/script>\n<!-- \/ Yoast SEO plugin. -->","yoast_head_json":{"title":"St.Gallen: Namics bezieht neuen B\u00fcrobau im Zentrum - IMMOBILIEN Business","description":"Nach rund zwei Jahren Bauzeit hat Namics, eine Fullservice-Digitalagentur, im Zentrum von St. Gallen ihr neues B\u00fcrogeb\u00e4ude eingeweiht.","robots":{"index":"index","follow":"follow","max-snippet":"max-snippet:-1","max-image-preview":"max-image-preview:large","max-video-preview":"max-video-preview:-1"},"canonical":"https:\/\/www.immobilienbusiness.ch\/fr\/regionen\/2017-09-13\/st-gallen-namics-bezieht-neuen-buerobau-im-zentrum\/","og_locale":"fr_FR","og_type":"article","og_title":"St.Gallen: Namics bezieht neuen B\u00fcrobau im Zentrum","og_description":"Nach rund zwei Jahren Bauzeit hat Namics, eine Fullservice-Digitalagentur, im Zentrum von St. Gallen ihr neues B\u00fcrogeb\u00e4ude eingeweiht.","og_url":"https:\/\/www.immobilienbusiness.ch\/fr\/regionen\/2017-09-13\/st-gallen-namics-bezieht-neuen-buerobau-im-zentrum\/","og_site_name":"IMMOBILIEN Business","article_publisher":"https:\/\/www.facebook.com\/immobilienbusiness\/","article_published_time":"2017-09-13T06:23:03+00:00","og_image":[{"width":2432,"height":1672,"url":"https:\/\/www.immobilienbusiness.ch\/wp-content\/uploads\/2017\/09\/Rendering_Neubau.jpg","type":"image\/jpeg"}],"author":"anja.hall","twitter_card":"summary_large_image","twitter_title":"St.Gallen: Namics bezieht neuen B\u00fcrobau im Zentrum","twitter_description":"Nach rund zwei Jahren Bauzeit hat Namics, eine Fullservice-Digitalagentur, im Zentrum von St. Gallen ihr neues B\u00fcrogeb\u00e4ude eingeweiht.","twitter_image":"https:\/\/www.immobilienbusiness.ch\/wp-content\/uploads\/2017\/09\/Rendering_Neubau.jpg","schema":{"@context":"https:\/\/schema.org","@graph":[{"@type":"Article","@id":"https:\/\/www.immobilienbusiness.ch\/regionen\/2017-09-13\/st-gallen-namics-bezieht-neuen-buerobau-im-zentrum\/#article","isPartOf":{"@id":"https:\/\/www.immobilienbusiness.ch\/regionen\/2017-09-13\/st-gallen-namics-bezieht-neuen-buerobau-im-zentrum\/"},"author":{"name":"anja.hall","@id":"https:\/\/www.immobilienbusiness.ch\/#\/schema\/person\/3fc036297b10b9f42d6db5ee932af8c8"},"headline":"St.Gallen: Namics bezieht neuen B\u00fcrobau im Zentrum","datePublished":"2017-09-13T06:23:03+00:00","mainEntityOfPage":{"@id":"https:\/\/www.immobilienbusiness.ch\/regionen\/2017-09-13\/st-gallen-namics-bezieht-neuen-buerobau-im-zentrum\/"},"wordCount":195,"commentCount":0,"publisher":{"@id":"https:\/\/www.immobilienbusiness.ch\/#organization"},"image":{"@id":"https:\/\/www.immobilienbusiness.ch\/regionen\/2017-09-13\/st-gallen-namics-bezieht-neuen-buerobau-im-zentrum\/#primaryimage"},"thumbnailUrl":"https:\/\/www.immobilienbusiness.ch\/wp-content\/uploads\/2017\/09\/Rendering_Neubau.jpg","keywords":["B\u00fcroimmobilien","Ostschweiz","St. Gallen"],"articleSection":["REGIONEN"],"inLanguage":"fr-FR"},{"@type":"WebPage","@id":"https:\/\/www.immobilienbusiness.ch\/regionen\/2017-09-13\/st-gallen-namics-bezieht-neuen-buerobau-im-zentrum\/","url":"https:\/\/www.immobilienbusiness.ch\/regionen\/2017-09-13\/st-gallen-namics-bezieht-neuen-buerobau-im-zentrum\/","name":"St.Gallen: Namics bezieht neuen B\u00fcrobau im Zentrum - IMMOBILIEN Business","isPartOf":{"@id":"https:\/\/www.immobilienbusiness.ch\/#website"},"primaryImageOfPage":{"@id":"https:\/\/www.immobilienbusiness.ch\/regionen\/2017-09-13\/st-gallen-namics-bezieht-neuen-buerobau-im-zentrum\/#primaryimage"},"image":{"@id":"https:\/\/www.immobilienbusiness.ch\/regionen\/2017-09-13\/st-gallen-namics-bezieht-neuen-buerobau-im-zentrum\/#primaryimage"},"thumbnailUrl":"https:\/\/www.immobilienbusiness.ch\/wp-content\/uploads\/2017\/09\/Rendering_Neubau.jpg","datePublished":"2017-09-13T06:23:03+00:00","description":"Nach rund zwei Jahren Bauzeit hat Namics, eine Fullservice-Digitalagentur, im Zentrum von St. Gallen ihr neues B\u00fcrogeb\u00e4ude eingeweiht.","breadcrumb":{"@id":"https:\/\/www.immobilienbusiness.ch\/regionen\/2017-09-13\/st-gallen-namics-bezieht-neuen-buerobau-im-zentrum\/#breadcrumb"},"inLanguage":"fr-FR","potentialAction":[{"@type":"ReadAction","target":["https:\/\/www.immobilienbusiness.ch\/regionen\/2017-09-13\/st-gallen-namics-bezieht-neuen-buerobau-im-zentrum\/"]}]},{"@type":"ImageObject","inLanguage":"fr-FR","@id":"https:\/\/www.immobilienbusiness.ch\/regionen\/2017-09-13\/st-gallen-namics-bezieht-neuen-buerobau-im-zentrum\/#primaryimage","url":"https:\/\/www.immobilienbusiness.ch\/wp-content\/uploads\/2017\/09\/Rendering_Neubau.jpg","contentUrl":"https:\/\/www.immobilienbusiness.ch\/wp-content\/uploads\/2017\/09\/Rendering_Neubau.jpg","width":2432,"height":1672,"caption":"Der Neubau des IT-Unternehmens Namics in St.Gallen (Rendering:"},{"@type":"BreadcrumbList","@id":"https:\/\/www.immobilienbusiness.ch\/regionen\/2017-09-13\/st-gallen-namics-bezieht-neuen-buerobau-im-zentrum\/#breadcrumb","itemListElement":[{"@type":"ListItem","position":1,"name":"Home","item":"https:\/\/www.immobilienbusiness.ch\/"},{"@type":"ListItem","position":2,"name":"St.Gallen: Namics bezieht neuen B\u00fcrobau im Zentrum"}]},{"@type":"WebSite","@id":"https:\/\/www.immobilienbusiness.ch\/#website","url":"https:\/\/www.immobilienbusiness.ch\/","name":"IMMOBILIER Business","description":"Magazine \u00e9conomique suisse ind\u00e9pendant ax\u00e9 sur l'immobilier, l'architecture et la construction ainsi que sur les investissements et le financement.","publisher":{"@id":"https:\/\/www.immobilienbusiness.ch\/#organization"},"potentialAction":[{"@type":"SearchAction","target":{"@type":"EntryPoint","urlTemplate":"https:\/\/www.immobilienbusiness.ch\/?s={search_term_string}"},"query-input":{"@type":"PropertyValueSpecification","valueRequired":true,"valueName":"search_term_string"}}],"inLanguage":"fr-FR"},{"@type":"Organization","@id":"https:\/\/www.immobilienbusiness.ch\/#organization","name":"IMMOBILIER Business","url":"https:\/\/www.immobilienbusiness.ch\/","logo":{"@type":"ImageObject","inLanguage":"fr-FR","@id":"https:\/\/www.immobilienbusiness.ch\/#\/schema\/logo\/image\/","url":"https:\/\/www.immobilienbusiness.ch\/wp-content\/uploads\/2021\/07\/logo_ib.png","contentUrl":"https:\/\/www.immobilienbusiness.ch\/wp-content\/uploads\/2021\/07\/logo_ib.png","width":800,"height":181,"caption":"IMMOBILIEN Business"},"image":{"@id":"https:\/\/www.immobilienbusiness.ch\/#\/schema\/logo\/image\/"},"sameAs":["https:\/\/www.facebook.com\/immobilienbusiness\/"]},{"@type":"Person","@id":"https:\/\/www.immobilienbusiness.ch\/#\/schema\/person\/3fc036297b10b9f42d6db5ee932af8c8","name":"anja.hall","image":{"@type":"ImageObject","inLanguage":"fr-FR","@id":"https:\/\/secure.gravatar.com\/avatar\/066b5a0d447013502c71a5782f4f3469f03cfe595cc2329fb94652fe47511bfb?s=96&d=mm&r=g","url":"https:\/\/secure.gravatar.com\/avatar\/066b5a0d447013502c71a5782f4f3469f03cfe595cc2329fb94652fe47511bfb?s=96&d=mm&r=g","contentUrl":"https:\/\/secure.gravatar.com\/avatar\/066b5a0d447013502c71a5782f4f3469f03cfe595cc2329fb94652fe47511bfb?s=96&d=mm&r=g","caption":"anja.hall"},"url":"https:\/\/www.immobilienbusiness.ch\/fr\/author\/anja-hall\/"}]}},"_links":{"self":[{"href":"https:\/\/www.immobilienbusiness.ch\/fr\/wp-json\/wp\/v2\/posts\/9111","targetHints":{"allow":["GET"]}}],"collection":[{"href":"https:\/\/www.immobilienbusiness.ch\/fr\/wp-json\/wp\/v2\/posts"}],"about":[{"href":"https:\/\/www.immobilienbusiness.ch\/fr\/wp-json\/wp\/v2\/types\/post"}],"author":[{"embeddable":true,"href":"https:\/\/www.immobilienbusiness.ch\/fr\/wp-json\/wp\/v2\/users\/3"}],"replies":[{"embeddable":true,"href":"https:\/\/www.immobilienbusiness.ch\/fr\/wp-json\/wp\/v2\/comments?post=9111"}],"version-history":[{"count":0,"href":"https:\/\/www.immobilienbusiness.ch\/fr\/wp-json\/wp\/v2\/posts\/9111\/revisions"}],"wp:featuredmedia":[{"embeddable":true,"href":"https:\/\/www.immobilienbusiness.ch\/fr\/wp-json\/wp\/v2\/media\/9112"}],"wp:attachment":[{"href":"https:\/\/www.immobilienbusiness.ch\/fr\/wp-json\/wp\/v2\/media?parent=9111"}],"wp:term":[{"taxonomy":"category","embeddable":true,"href":"https:\/\/www.immobilienbusiness.ch\/fr\/wp-json\/wp\/v2\/categories?post=9111"},{"taxonomy":"post_tag","embeddable":true,"href":"https:\/\/www.immobilienbusiness.ch\/fr\/wp-json\/wp\/v2\/tags?post=9111"}],"curies":[{"name":"wp","href":"https:\/\/api.w.org\/{rel}","templated":true}]}}