{"id":9038,"date":"2017-09-11T08:22:01","date_gmt":"2017-09-11T06:22:01","guid":{"rendered":"https:\/\/www.immobilienbusiness.ch\/?p=9038"},"modified":"2017-09-11T08:22:01","modified_gmt":"2017-09-11T06:22:01","slug":"winterthur-werk-1-heisst-jetzt-lokstadt","status":"publish","type":"post","link":"https:\/\/www.immobilienbusiness.ch\/fr\/regionen\/2017-09-11\/winterthur-werk-1-heisst-jetzt-lokstadt\/","title":{"rendered":"Winterthur : l'usine 1 s'appelle d\u00e9sormais Lokstadt"},"content":{"rendered":"<figure id=\"attachment_9040\" aria-describedby=\"caption-attachment-9040\" style=\"width: 680px\" class=\"wp-caption alignnone\"><img loading=\"lazy\" decoding=\"async\" class=\"size-medium wp-image-9040\" src=\"https:\/\/www.immobilienbusiness.ch\/wp-content\/uploads\/2017\/09\/Abendlicher_Treffpunkt_am_Dialogplatz_beim_Habersack_Bildcredit_Implenia.jpg\" alt=\"\" width=\"680\" height=\"481\" srcset=\"https:\/\/www.immobilienbusiness.ch\/wp-content\/uploads\/2017\/09\/Abendlicher_Treffpunkt_am_Dialogplatz_beim_Habersack_Bildcredit_Implenia.jpg 1754w, https:\/\/www.immobilienbusiness.ch\/wp-content\/uploads\/2017\/09\/Abendlicher_Treffpunkt_am_Dialogplatz_beim_Habersack_Bildcredit_Implenia-300x212.jpg 300w, https:\/\/www.immobilienbusiness.ch\/wp-content\/uploads\/2017\/09\/Abendlicher_Treffpunkt_am_Dialogplatz_beim_Habersack_Bildcredit_Implenia-1024x724.jpg 1024w, https:\/\/www.immobilienbusiness.ch\/wp-content\/uploads\/2017\/09\/Abendlicher_Treffpunkt_am_Dialogplatz_beim_Habersack_Bildcredit_Implenia-768x543.jpg 768w, https:\/\/www.immobilienbusiness.ch\/wp-content\/uploads\/2017\/09\/Abendlicher_Treffpunkt_am_Dialogplatz_beim_Habersack_Bildcredit_Implenia-1536x1086.jpg 1536w, https:\/\/www.immobilienbusiness.ch\/wp-content\/uploads\/2017\/09\/Abendlicher_Treffpunkt_am_Dialogplatz_beim_Habersack_Bildcredit_Implenia-16x12.jpg 16w, https:\/\/www.immobilienbusiness.ch\/wp-content\/uploads\/2017\/09\/Abendlicher_Treffpunkt_am_Dialogplatz_beim_Habersack_Bildcredit_Implenia-248x175.jpg 248w, https:\/\/www.immobilienbusiness.ch\/wp-content\/uploads\/2017\/09\/Abendlicher_Treffpunkt_am_Dialogplatz_beim_Habersack_Bildcredit_Implenia-495x350.jpg 495w, https:\/\/www.immobilienbusiness.ch\/wp-content\/uploads\/2017\/09\/Abendlicher_Treffpunkt_am_Dialogplatz_beim_Habersack_Bildcredit_Implenia-1132x800.jpg 1132w, https:\/\/www.immobilienbusiness.ch\/wp-content\/uploads\/2017\/09\/Abendlicher_Treffpunkt_am_Dialogplatz_beim_Habersack_Bildcredit_Implenia-920x650.jpg 920w, https:\/\/www.immobilienbusiness.ch\/wp-content\/uploads\/2017\/09\/Abendlicher_Treffpunkt_am_Dialogplatz_beim_Habersack_Bildcredit_Implenia-1400x990.jpg 1400w\" sizes=\"auto, (max-width: 680px) 100vw, 680px\" \/><figcaption id=\"caption-attachment-9040\" class=\"wp-caption-text\">La place de dialogue au centre de la ville des locomotives avec l'ancienne grande halle de fabrication Habersack. (Visualisation : Implenia)<\/figcaption><\/figure>\n<p>Des repr\u00e9sentants de la ville de Winterthour et d'Implenia ont baptis\u00e9 le nouveau quartier en cours de cr\u00e9ation, bas\u00e9 sur le plan d'am\u00e9nagement public \"Sulzerareal Werk 1\", du nom de Lokstadt. Ce nouveau nom doit \u00e9galement marquer symboliquement le d\u00e9but du transfert du site vers l'avenir, fait savoir Implenia.<\/p>\n<p>\"Le nom de Lokstadt r\u00e9unit le pass\u00e9 et l'avenir de ce site. C'est ici que des locomotives mondialement connues ont \u00e9t\u00e9 construites et que l'histoire de l'industrie s'est \u00e9crite\", explique Michael K\u00fcnzle, maire de Winterthour, pour justifier le choix du nom.<\/p>\n<p>Le complexe sera construit en plusieurs \u00e9tapes sur une p\u00e9riode d'environ dix ans. \u00c0 terme, il offrira aux quelque 1 500 futurs habitants un espace d'environ 120 000 m\u00b2 pour vivre et travailler, et il est \u00e9galement pr\u00e9vu d'y installer des restaurants et des activit\u00e9s culturelles. <a href=\"https:\/\/www.immobilienbusiness.ch\/fr\/winterthur-startschuss-werk-1\/\">La construction du premier projet devrait commencer l'ann\u00e9e prochaine.<\/a><\/p>\n<p>Au total, plus de 750 logements seront construits, 30 % des surfaces habitables \u00e9tant r\u00e9serv\u00e9es \u00e0 des logements \u00e0 prix mod\u00e9r\u00e9s. Cinq places, de la place centrale de dialogue de 6.000 m\u00b2 aux pocket parks, serviront d'espaces de d\u00e9tente et de rencontre. La Lokstadt sera le premier site \u00e0 2.000 watts de Winterthur.<\/p>","protected":false},"excerpt":{"rendered":"<p>Le nouveau quartier de Winterthur, situ\u00e9 sur l'ancien site industriel Werk 1, a \u00e9t\u00e9 rebaptis\u00e9 Lokstadt. Ce nom est cens\u00e9 rappeler les origines du site en tant que forge de locomotives. <\/p>","protected":false},"author":3,"featured_media":9040,"comment_status":"open","ping_status":"open","sticky":false,"template":"","format":"standard","meta":{"_acf_changed":false,"_yoast_wpseo_focuskw":"Lokstadt","_yoast_wpseo_title":"","_yoast_wpseo_metadesc":"Winterthurs neuer Stadtteil auf dem ehemaligen Industrieareal Werk 1 wurde in Lokstadt umbenannt, um an die urspr\u00fcngliche Nutzung des Areals zu erinnern.","_yoast_wpseo_linkdex":71,"pgc_sgb_lightbox_settings":"","footnotes":""},"categories":[985],"tags":[1600,1601,1744,1858,1863],"class_list":["post-9038","post","type-post","status-publish","format-standard","has-post-thumbnail","hentry","category-regionen","tag-projekt-in-planung","tag-projektentwicklung","tag-sulzerareal","tag-winterthur","tag-wohnimmobilien"],"acf":[],"yoast_head":"<!-- This site is optimized with the Yoast SEO plugin v27.4 - https:\/\/yoast.com\/product\/yoast-seo-wordpress\/ -->\n<title>Winterthur: Werk 1 heisst jetzt Lokstadt - IMMOBILIEN Business<\/title>\n<meta name=\"description\" content=\"Winterthurs neuer Stadtteil auf dem ehemaligen Industrieareal Werk 1 wurde in Lokstadt umbenannt, um an die urspr\u00fcngliche Nutzung des Areals zu erinnern.\" \/>\n<meta name=\"robots\" content=\"index, follow, max-snippet:-1, max-image-preview:large, max-video-preview:-1\" \/>\n<link rel=\"canonical\" href=\"https:\/\/www.immobilienbusiness.ch\/fr\/regionen\/2017-09-11\/winterthur-werk-1-heisst-jetzt-lokstadt\/\" \/>\n<meta property=\"og:locale\" content=\"fr_FR\" \/>\n<meta property=\"og:type\" content=\"article\" \/>\n<meta property=\"og:title\" content=\"Winterthur: Werk 1 heisst jetzt Lokstadt\" \/>\n<meta property=\"og:description\" content=\"Winterthurs neuer Stadtteil auf dem ehemaligen Industrieareal Werk 1 wurde in Lokstadt umbenannt, um an die urspr\u00fcngliche Nutzung des Areals zu erinnern.\" \/>\n<meta property=\"og:url\" content=\"https:\/\/www.immobilienbusiness.ch\/fr\/regionen\/2017-09-11\/winterthur-werk-1-heisst-jetzt-lokstadt\/\" \/>\n<meta property=\"og:site_name\" content=\"IMMOBILIEN Business\" \/>\n<meta property=\"article:publisher\" content=\"https:\/\/www.facebook.com\/immobilienbusiness\/\" \/>\n<meta property=\"article:published_time\" content=\"2017-09-11T06:22:01+00:00\" \/>\n<meta property=\"og:image\" content=\"https:\/\/www.immobilienbusiness.ch\/wp-content\/uploads\/2017\/09\/Abendlicher_Treffpunkt_am_Dialogplatz_beim_Habersack_Bildcredit_Implenia.jpg\" \/>\n\t<meta property=\"og:image:width\" content=\"1754\" \/>\n\t<meta property=\"og:image:height\" content=\"1240\" \/>\n\t<meta property=\"og:image:type\" content=\"image\/jpeg\" \/>\n<meta name=\"author\" content=\"anja.hall\" \/>\n<meta name=\"twitter:card\" content=\"summary_large_image\" \/>\n<meta name=\"twitter:title\" content=\"Winterthur: Werk 1 heisst jetzt Lokstadt\" \/>\n<meta name=\"twitter:description\" content=\"Winterthurs neuer Stadtteil auf dem ehemaligen Industrieareal Werk 1 wurde in Lokstadt umbenannt, um an die urspr\u00fcngliche Nutzung des Areals zu erinnern.\" \/>\n<meta name=\"twitter:image\" content=\"https:\/\/www.immobilienbusiness.ch\/wp-content\/uploads\/2017\/09\/Abendlicher_Treffpunkt_am_Dialogplatz_beim_Habersack_Bildcredit_Implenia.jpg\" \/>\n<script type=\"application\/ld+json\" class=\"yoast-schema-graph\">{\"@context\":\"https:\\\/\\\/schema.org\",\"@graph\":[{\"@type\":\"Article\",\"@id\":\"https:\\\/\\\/www.immobilienbusiness.ch\\\/en\\\/regionen\\\/2017-09-11\\\/winterthur-werk-1-heisst-jetzt-lokstadt\\\/#article\",\"isPartOf\":{\"@id\":\"https:\\\/\\\/www.immobilienbusiness.ch\\\/en\\\/regionen\\\/2017-09-11\\\/winterthur-werk-1-heisst-jetzt-lokstadt\\\/\"},\"author\":{\"name\":\"anja.hall\",\"@id\":\"https:\\\/\\\/www.immobilienbusiness.ch\\\/#\\\/schema\\\/person\\\/3fc036297b10b9f42d6db5ee932af8c8\"},\"headline\":\"Winterthur: Werk 1 heisst jetzt Lokstadt\",\"datePublished\":\"2017-09-11T06:22:01+00:00\",\"mainEntityOfPage\":{\"@id\":\"https:\\\/\\\/www.immobilienbusiness.ch\\\/en\\\/regionen\\\/2017-09-11\\\/winterthur-werk-1-heisst-jetzt-lokstadt\\\/\"},\"wordCount\":193,\"commentCount\":0,\"publisher\":{\"@id\":\"https:\\\/\\\/www.immobilienbusiness.ch\\\/#organization\"},\"image\":{\"@id\":\"https:\\\/\\\/www.immobilienbusiness.ch\\\/en\\\/regionen\\\/2017-09-11\\\/winterthur-werk-1-heisst-jetzt-lokstadt\\\/#primaryimage\"},\"thumbnailUrl\":\"https:\\\/\\\/www.immobilienbusiness.ch\\\/wp-content\\\/uploads\\\/2017\\\/09\\\/Abendlicher_Treffpunkt_am_Dialogplatz_beim_Habersack_Bildcredit_Implenia.jpg\",\"keywords\":[\"Projekt in Planung\",\"Projektentwicklung\",\"Sulzerareal\",\"Winterthur\",\"Wohnimmobilien\"],\"articleSection\":[\"REGIONEN\"],\"inLanguage\":\"fr-FR\"},{\"@type\":\"WebPage\",\"@id\":\"https:\\\/\\\/www.immobilienbusiness.ch\\\/en\\\/regionen\\\/2017-09-11\\\/winterthur-werk-1-heisst-jetzt-lokstadt\\\/\",\"url\":\"https:\\\/\\\/www.immobilienbusiness.ch\\\/en\\\/regionen\\\/2017-09-11\\\/winterthur-werk-1-heisst-jetzt-lokstadt\\\/\",\"name\":\"Winterthur: Werk 1 heisst jetzt Lokstadt - IMMOBILIEN Business\",\"isPartOf\":{\"@id\":\"https:\\\/\\\/www.immobilienbusiness.ch\\\/#website\"},\"primaryImageOfPage\":{\"@id\":\"https:\\\/\\\/www.immobilienbusiness.ch\\\/en\\\/regionen\\\/2017-09-11\\\/winterthur-werk-1-heisst-jetzt-lokstadt\\\/#primaryimage\"},\"image\":{\"@id\":\"https:\\\/\\\/www.immobilienbusiness.ch\\\/en\\\/regionen\\\/2017-09-11\\\/winterthur-werk-1-heisst-jetzt-lokstadt\\\/#primaryimage\"},\"thumbnailUrl\":\"https:\\\/\\\/www.immobilienbusiness.ch\\\/wp-content\\\/uploads\\\/2017\\\/09\\\/Abendlicher_Treffpunkt_am_Dialogplatz_beim_Habersack_Bildcredit_Implenia.jpg\",\"datePublished\":\"2017-09-11T06:22:01+00:00\",\"description\":\"Winterthurs neuer Stadtteil auf dem ehemaligen Industrieareal Werk 1 wurde in Lokstadt umbenannt, um an die urspr\u00fcngliche Nutzung des Areals zu erinnern.\",\"breadcrumb\":{\"@id\":\"https:\\\/\\\/www.immobilienbusiness.ch\\\/en\\\/regionen\\\/2017-09-11\\\/winterthur-werk-1-heisst-jetzt-lokstadt\\\/#breadcrumb\"},\"inLanguage\":\"fr-FR\",\"potentialAction\":[{\"@type\":\"ReadAction\",\"target\":[\"https:\\\/\\\/www.immobilienbusiness.ch\\\/en\\\/regionen\\\/2017-09-11\\\/winterthur-werk-1-heisst-jetzt-lokstadt\\\/\"]}]},{\"@type\":\"ImageObject\",\"inLanguage\":\"fr-FR\",\"@id\":\"https:\\\/\\\/www.immobilienbusiness.ch\\\/en\\\/regionen\\\/2017-09-11\\\/winterthur-werk-1-heisst-jetzt-lokstadt\\\/#primaryimage\",\"url\":\"https:\\\/\\\/www.immobilienbusiness.ch\\\/wp-content\\\/uploads\\\/2017\\\/09\\\/Abendlicher_Treffpunkt_am_Dialogplatz_beim_Habersack_Bildcredit_Implenia.jpg\",\"contentUrl\":\"https:\\\/\\\/www.immobilienbusiness.ch\\\/wp-content\\\/uploads\\\/2017\\\/09\\\/Abendlicher_Treffpunkt_am_Dialogplatz_beim_Habersack_Bildcredit_Implenia.jpg\",\"width\":1754,\"height\":1240,\"caption\":\"Der Dialogplatz bei der grossen, ehemaligen Fabrikationshalle Habersack, die vollst\u00e4ndig erhalten bleibt. (Visualisierung: Implenia)\"},{\"@type\":\"BreadcrumbList\",\"@id\":\"https:\\\/\\\/www.immobilienbusiness.ch\\\/en\\\/regionen\\\/2017-09-11\\\/winterthur-werk-1-heisst-jetzt-lokstadt\\\/#breadcrumb\",\"itemListElement\":[{\"@type\":\"ListItem\",\"position\":1,\"name\":\"Home\",\"item\":\"https:\\\/\\\/www.immobilienbusiness.ch\\\/\"},{\"@type\":\"ListItem\",\"position\":2,\"name\":\"Winterthur: Werk 1 heisst jetzt Lokstadt\"}]},{\"@type\":\"WebSite\",\"@id\":\"https:\\\/\\\/www.immobilienbusiness.ch\\\/#website\",\"url\":\"https:\\\/\\\/www.immobilienbusiness.ch\\\/\",\"name\":\"IMMOBILIEN Business\",\"description\":\"Unabh\u00e4ngiges Schweizer Wirtschaftsmagazin mit Fokus auf Immobilien, Architektur- und Bau sowie Investment- und Finanzierung.\",\"publisher\":{\"@id\":\"https:\\\/\\\/www.immobilienbusiness.ch\\\/#organization\"},\"potentialAction\":[{\"@type\":\"SearchAction\",\"target\":{\"@type\":\"EntryPoint\",\"urlTemplate\":\"https:\\\/\\\/www.immobilienbusiness.ch\\\/?s={search_term_string}\"},\"query-input\":{\"@type\":\"PropertyValueSpecification\",\"valueRequired\":true,\"valueName\":\"search_term_string\"}}],\"inLanguage\":\"fr-FR\"},{\"@type\":\"Organization\",\"@id\":\"https:\\\/\\\/www.immobilienbusiness.ch\\\/#organization\",\"name\":\"IMMOBILIEN Business\",\"url\":\"https:\\\/\\\/www.immobilienbusiness.ch\\\/\",\"logo\":{\"@type\":\"ImageObject\",\"inLanguage\":\"fr-FR\",\"@id\":\"https:\\\/\\\/www.immobilienbusiness.ch\\\/#\\\/schema\\\/logo\\\/image\\\/\",\"url\":\"https:\\\/\\\/www.immobilienbusiness.ch\\\/wp-content\\\/uploads\\\/2021\\\/07\\\/logo_ib.png\",\"contentUrl\":\"https:\\\/\\\/www.immobilienbusiness.ch\\\/wp-content\\\/uploads\\\/2021\\\/07\\\/logo_ib.png\",\"width\":800,\"height\":181,\"caption\":\"IMMOBILIEN Business\"},\"image\":{\"@id\":\"https:\\\/\\\/www.immobilienbusiness.ch\\\/#\\\/schema\\\/logo\\\/image\\\/\"},\"sameAs\":[\"https:\\\/\\\/www.facebook.com\\\/immobilienbusiness\\\/\"]},{\"@type\":\"Person\",\"@id\":\"https:\\\/\\\/www.immobilienbusiness.ch\\\/#\\\/schema\\\/person\\\/3fc036297b10b9f42d6db5ee932af8c8\",\"name\":\"anja.hall\",\"image\":{\"@type\":\"ImageObject\",\"inLanguage\":\"fr-FR\",\"@id\":\"https:\\\/\\\/secure.gravatar.com\\\/avatar\\\/066b5a0d447013502c71a5782f4f3469f03cfe595cc2329fb94652fe47511bfb?s=96&d=mm&r=g\",\"url\":\"https:\\\/\\\/secure.gravatar.com\\\/avatar\\\/066b5a0d447013502c71a5782f4f3469f03cfe595cc2329fb94652fe47511bfb?s=96&d=mm&r=g\",\"contentUrl\":\"https:\\\/\\\/secure.gravatar.com\\\/avatar\\\/066b5a0d447013502c71a5782f4f3469f03cfe595cc2329fb94652fe47511bfb?s=96&d=mm&r=g\",\"caption\":\"anja.hall\"},\"url\":\"https:\\\/\\\/www.immobilienbusiness.ch\\\/fr\\\/author\\\/anja-hall\\\/\"}]}<\/script>\n<!-- \/ Yoast SEO plugin. -->","yoast_head_json":{"title":"Winterthur: Werk 1 heisst jetzt Lokstadt - IMMOBILIEN Business","description":"Winterthurs neuer Stadtteil auf dem ehemaligen Industrieareal Werk 1 wurde in Lokstadt umbenannt, um an die urspr\u00fcngliche Nutzung des Areals zu erinnern.","robots":{"index":"index","follow":"follow","max-snippet":"max-snippet:-1","max-image-preview":"max-image-preview:large","max-video-preview":"max-video-preview:-1"},"canonical":"https:\/\/www.immobilienbusiness.ch\/fr\/regionen\/2017-09-11\/winterthur-werk-1-heisst-jetzt-lokstadt\/","og_locale":"fr_FR","og_type":"article","og_title":"Winterthur: Werk 1 heisst jetzt Lokstadt","og_description":"Winterthurs neuer Stadtteil auf dem ehemaligen Industrieareal Werk 1 wurde in Lokstadt umbenannt, um an die urspr\u00fcngliche Nutzung des Areals zu erinnern.","og_url":"https:\/\/www.immobilienbusiness.ch\/fr\/regionen\/2017-09-11\/winterthur-werk-1-heisst-jetzt-lokstadt\/","og_site_name":"IMMOBILIEN Business","article_publisher":"https:\/\/www.facebook.com\/immobilienbusiness\/","article_published_time":"2017-09-11T06:22:01+00:00","og_image":[{"width":1754,"height":1240,"url":"https:\/\/www.immobilienbusiness.ch\/wp-content\/uploads\/2017\/09\/Abendlicher_Treffpunkt_am_Dialogplatz_beim_Habersack_Bildcredit_Implenia.jpg","type":"image\/jpeg"}],"author":"anja.hall","twitter_card":"summary_large_image","twitter_title":"Winterthur: Werk 1 heisst jetzt Lokstadt","twitter_description":"Winterthurs neuer Stadtteil auf dem ehemaligen Industrieareal Werk 1 wurde in Lokstadt umbenannt, um an die urspr\u00fcngliche Nutzung des Areals zu erinnern.","twitter_image":"https:\/\/www.immobilienbusiness.ch\/wp-content\/uploads\/2017\/09\/Abendlicher_Treffpunkt_am_Dialogplatz_beim_Habersack_Bildcredit_Implenia.jpg","schema":{"@context":"https:\/\/schema.org","@graph":[{"@type":"Article","@id":"https:\/\/www.immobilienbusiness.ch\/en\/regionen\/2017-09-11\/winterthur-werk-1-heisst-jetzt-lokstadt\/#article","isPartOf":{"@id":"https:\/\/www.immobilienbusiness.ch\/en\/regionen\/2017-09-11\/winterthur-werk-1-heisst-jetzt-lokstadt\/"},"author":{"name":"anja.hall","@id":"https:\/\/www.immobilienbusiness.ch\/#\/schema\/person\/3fc036297b10b9f42d6db5ee932af8c8"},"headline":"Winterthur: Werk 1 heisst jetzt Lokstadt","datePublished":"2017-09-11T06:22:01+00:00","mainEntityOfPage":{"@id":"https:\/\/www.immobilienbusiness.ch\/en\/regionen\/2017-09-11\/winterthur-werk-1-heisst-jetzt-lokstadt\/"},"wordCount":193,"commentCount":0,"publisher":{"@id":"https:\/\/www.immobilienbusiness.ch\/#organization"},"image":{"@id":"https:\/\/www.immobilienbusiness.ch\/en\/regionen\/2017-09-11\/winterthur-werk-1-heisst-jetzt-lokstadt\/#primaryimage"},"thumbnailUrl":"https:\/\/www.immobilienbusiness.ch\/wp-content\/uploads\/2017\/09\/Abendlicher_Treffpunkt_am_Dialogplatz_beim_Habersack_Bildcredit_Implenia.jpg","keywords":["Projekt in Planung","Projektentwicklung","Sulzerareal","Winterthur","Wohnimmobilien"],"articleSection":["REGIONEN"],"inLanguage":"fr-FR"},{"@type":"WebPage","@id":"https:\/\/www.immobilienbusiness.ch\/en\/regionen\/2017-09-11\/winterthur-werk-1-heisst-jetzt-lokstadt\/","url":"https:\/\/www.immobilienbusiness.ch\/en\/regionen\/2017-09-11\/winterthur-werk-1-heisst-jetzt-lokstadt\/","name":"Winterthur: Werk 1 heisst jetzt Lokstadt - IMMOBILIEN Business","isPartOf":{"@id":"https:\/\/www.immobilienbusiness.ch\/#website"},"primaryImageOfPage":{"@id":"https:\/\/www.immobilienbusiness.ch\/en\/regionen\/2017-09-11\/winterthur-werk-1-heisst-jetzt-lokstadt\/#primaryimage"},"image":{"@id":"https:\/\/www.immobilienbusiness.ch\/en\/regionen\/2017-09-11\/winterthur-werk-1-heisst-jetzt-lokstadt\/#primaryimage"},"thumbnailUrl":"https:\/\/www.immobilienbusiness.ch\/wp-content\/uploads\/2017\/09\/Abendlicher_Treffpunkt_am_Dialogplatz_beim_Habersack_Bildcredit_Implenia.jpg","datePublished":"2017-09-11T06:22:01+00:00","description":"Winterthurs neuer Stadtteil auf dem ehemaligen Industrieareal Werk 1 wurde in Lokstadt umbenannt, um an die urspr\u00fcngliche Nutzung des Areals zu erinnern.","breadcrumb":{"@id":"https:\/\/www.immobilienbusiness.ch\/en\/regionen\/2017-09-11\/winterthur-werk-1-heisst-jetzt-lokstadt\/#breadcrumb"},"inLanguage":"fr-FR","potentialAction":[{"@type":"ReadAction","target":["https:\/\/www.immobilienbusiness.ch\/en\/regionen\/2017-09-11\/winterthur-werk-1-heisst-jetzt-lokstadt\/"]}]},{"@type":"ImageObject","inLanguage":"fr-FR","@id":"https:\/\/www.immobilienbusiness.ch\/en\/regionen\/2017-09-11\/winterthur-werk-1-heisst-jetzt-lokstadt\/#primaryimage","url":"https:\/\/www.immobilienbusiness.ch\/wp-content\/uploads\/2017\/09\/Abendlicher_Treffpunkt_am_Dialogplatz_beim_Habersack_Bildcredit_Implenia.jpg","contentUrl":"https:\/\/www.immobilienbusiness.ch\/wp-content\/uploads\/2017\/09\/Abendlicher_Treffpunkt_am_Dialogplatz_beim_Habersack_Bildcredit_Implenia.jpg","width":1754,"height":1240,"caption":"Der Dialogplatz bei der grossen, ehemaligen Fabrikationshalle Habersack, die vollst\u00e4ndig erhalten bleibt. (Visualisierung: Implenia)"},{"@type":"BreadcrumbList","@id":"https:\/\/www.immobilienbusiness.ch\/en\/regionen\/2017-09-11\/winterthur-werk-1-heisst-jetzt-lokstadt\/#breadcrumb","itemListElement":[{"@type":"ListItem","position":1,"name":"Home","item":"https:\/\/www.immobilienbusiness.ch\/"},{"@type":"ListItem","position":2,"name":"Winterthur: Werk 1 heisst jetzt Lokstadt"}]},{"@type":"WebSite","@id":"https:\/\/www.immobilienbusiness.ch\/#website","url":"https:\/\/www.immobilienbusiness.ch\/","name":"IMMOBILIER Business","description":"Magazine \u00e9conomique suisse ind\u00e9pendant ax\u00e9 sur l'immobilier, l'architecture et la construction ainsi que sur les investissements et le financement.","publisher":{"@id":"https:\/\/www.immobilienbusiness.ch\/#organization"},"potentialAction":[{"@type":"SearchAction","target":{"@type":"EntryPoint","urlTemplate":"https:\/\/www.immobilienbusiness.ch\/?s={search_term_string}"},"query-input":{"@type":"PropertyValueSpecification","valueRequired":true,"valueName":"search_term_string"}}],"inLanguage":"fr-FR"},{"@type":"Organization","@id":"https:\/\/www.immobilienbusiness.ch\/#organization","name":"IMMOBILIER Business","url":"https:\/\/www.immobilienbusiness.ch\/","logo":{"@type":"ImageObject","inLanguage":"fr-FR","@id":"https:\/\/www.immobilienbusiness.ch\/#\/schema\/logo\/image\/","url":"https:\/\/www.immobilienbusiness.ch\/wp-content\/uploads\/2021\/07\/logo_ib.png","contentUrl":"https:\/\/www.immobilienbusiness.ch\/wp-content\/uploads\/2021\/07\/logo_ib.png","width":800,"height":181,"caption":"IMMOBILIEN Business"},"image":{"@id":"https:\/\/www.immobilienbusiness.ch\/#\/schema\/logo\/image\/"},"sameAs":["https:\/\/www.facebook.com\/immobilienbusiness\/"]},{"@type":"Person","@id":"https:\/\/www.immobilienbusiness.ch\/#\/schema\/person\/3fc036297b10b9f42d6db5ee932af8c8","name":"anja.hall","image":{"@type":"ImageObject","inLanguage":"fr-FR","@id":"https:\/\/secure.gravatar.com\/avatar\/066b5a0d447013502c71a5782f4f3469f03cfe595cc2329fb94652fe47511bfb?s=96&d=mm&r=g","url":"https:\/\/secure.gravatar.com\/avatar\/066b5a0d447013502c71a5782f4f3469f03cfe595cc2329fb94652fe47511bfb?s=96&d=mm&r=g","contentUrl":"https:\/\/secure.gravatar.com\/avatar\/066b5a0d447013502c71a5782f4f3469f03cfe595cc2329fb94652fe47511bfb?s=96&d=mm&r=g","caption":"anja.hall"},"url":"https:\/\/www.immobilienbusiness.ch\/fr\/author\/anja-hall\/"}]}},"_links":{"self":[{"href":"https:\/\/www.immobilienbusiness.ch\/fr\/wp-json\/wp\/v2\/posts\/9038","targetHints":{"allow":["GET"]}}],"collection":[{"href":"https:\/\/www.immobilienbusiness.ch\/fr\/wp-json\/wp\/v2\/posts"}],"about":[{"href":"https:\/\/www.immobilienbusiness.ch\/fr\/wp-json\/wp\/v2\/types\/post"}],"author":[{"embeddable":true,"href":"https:\/\/www.immobilienbusiness.ch\/fr\/wp-json\/wp\/v2\/users\/3"}],"replies":[{"embeddable":true,"href":"https:\/\/www.immobilienbusiness.ch\/fr\/wp-json\/wp\/v2\/comments?post=9038"}],"version-history":[{"count":0,"href":"https:\/\/www.immobilienbusiness.ch\/fr\/wp-json\/wp\/v2\/posts\/9038\/revisions"}],"wp:featuredmedia":[{"embeddable":true,"href":"https:\/\/www.immobilienbusiness.ch\/fr\/wp-json\/wp\/v2\/media\/9040"}],"wp:attachment":[{"href":"https:\/\/www.immobilienbusiness.ch\/fr\/wp-json\/wp\/v2\/media?parent=9038"}],"wp:term":[{"taxonomy":"category","embeddable":true,"href":"https:\/\/www.immobilienbusiness.ch\/fr\/wp-json\/wp\/v2\/categories?post=9038"},{"taxonomy":"post_tag","embeddable":true,"href":"https:\/\/www.immobilienbusiness.ch\/fr\/wp-json\/wp\/v2\/tags?post=9038"}],"curies":[{"name":"wp","href":"https:\/\/api.w.org\/{rel}","templated":true}]}}