{"id":8910,"date":"2017-08-31T09:55:28","date_gmt":"2017-08-31T07:55:28","guid":{"rendered":"https:\/\/www.immobilienbusiness.ch\/?p=8910"},"modified":"2017-08-31T09:55:28","modified_gmt":"2017-08-31T07:55:28","slug":"pax-anlage-verlust-im-ersten-halbjahr","status":"publish","type":"post","link":"https:\/\/www.immobilienbusiness.ch\/fr\/unternehmen\/2017-08-31\/pax-anlage-verlust-im-ersten-halbjahr\/","title":{"rendered":"Pax Anlage : perte au premier semestre"},"content":{"rendered":"<figure id=\"attachment_7370\" aria-describedby=\"caption-attachment-7370\" style=\"width: 680px\" class=\"wp-caption alignnone\"><img loading=\"lazy\" decoding=\"async\" class=\"size-medium wp-image-7370\" src=\"https:\/\/www.immobilienbusiness.ch\/wp-content\/uploads\/2017\/05\/Depositphotos_11070119_l-2015.jpg\" alt=\"\" width=\"680\" height=\"453\" srcset=\"https:\/\/www.immobilienbusiness.ch\/wp-content\/uploads\/2017\/05\/Depositphotos_11070119_l-2015.jpg 2000w, https:\/\/www.immobilienbusiness.ch\/wp-content\/uploads\/2017\/05\/Depositphotos_11070119_l-2015-300x200.jpg 300w, https:\/\/www.immobilienbusiness.ch\/wp-content\/uploads\/2017\/05\/Depositphotos_11070119_l-2015-1024x682.jpg 1024w, https:\/\/www.immobilienbusiness.ch\/wp-content\/uploads\/2017\/05\/Depositphotos_11070119_l-2015-768x512.jpg 768w, https:\/\/www.immobilienbusiness.ch\/wp-content\/uploads\/2017\/05\/Depositphotos_11070119_l-2015-1536x1024.jpg 1536w, https:\/\/www.immobilienbusiness.ch\/wp-content\/uploads\/2017\/05\/Depositphotos_11070119_l-2015-16x12.jpg 16w, https:\/\/www.immobilienbusiness.ch\/wp-content\/uploads\/2017\/05\/Depositphotos_11070119_l-2015-263x175.jpg 263w, https:\/\/www.immobilienbusiness.ch\/wp-content\/uploads\/2017\/05\/Depositphotos_11070119_l-2015-525x350.jpg 525w, https:\/\/www.immobilienbusiness.ch\/wp-content\/uploads\/2017\/05\/Depositphotos_11070119_l-2015-1200x800.jpg 1200w, https:\/\/www.immobilienbusiness.ch\/wp-content\/uploads\/2017\/05\/Depositphotos_11070119_l-2015-920x613.jpg 920w, https:\/\/www.immobilienbusiness.ch\/wp-content\/uploads\/2017\/05\/Depositphotos_11070119_l-2015-1400x933.jpg 1400w\" sizes=\"auto, (max-width: 680px) 100vw, 680px\" \/><figcaption id=\"caption-attachment-7370\" class=\"wp-caption-text\">Pax Anlage enregistre une perte au premier semestre (photo : OtnaYdur - depositphotos)<\/figcaption><\/figure>\n<p>L'activit\u00e9 op\u00e9rationnelle de Pax Anlage AG a \u00e9t\u00e9 positive au premier semestre 2017 : elle a r\u00e9alis\u00e9 un r\u00e9sultat net de CHF 6,2 millions avant r\u00e9\u00e9valuations des segments poursuivis des immeubles en portefeuille et des immeubles en d\u00e9veloppement. Les r\u00e9\u00e9valuations effectu\u00e9es sur les biens immobiliers ont toutefois entra\u00een\u00e9 des corrections de valeur nettes de -15,9 millions, ce qui s'est traduit par une perte consolid\u00e9e de 10,9 millions au premier semestre 2017.<\/p>\n<h2>La r\u00e9\u00e9valuation du portefeuille d'actifs entra\u00eene une forte correction de valeur<\/h2>\n<p>Dans le segment des immeubles en portefeuille, le produit des locations a augment\u00e9 de 40,1% par rapport au premier semestre 2016, pour atteindre 4,2 millions. Cela s'explique principalement par l'acquisition de quatre immeubles l'ann\u00e9e pr\u00e9c\u00e9dente, indique Pax Anlage. Avec une l\u00e9g\u00e8re r\u00e9duction des charges directes de location, la soci\u00e9t\u00e9 a r\u00e9alis\u00e9 un r\u00e9sultat sectoriel de 3,5 millions (ann\u00e9e pr\u00e9c\u00e9dente : 2,1 millions). Le rendement brut g\u00e9n\u00e9r\u00e9 au premier semestre 2017 s'est \u00e9lev\u00e9 \u00e0 6,6 pour cent, contre 6,2 pour cent pour la m\u00eame p\u00e9riode de l'ann\u00e9e pr\u00e9c\u00e9dente. Le taux d'inoccupation mesur\u00e9 par rapport aux revenus locatifs th\u00e9oriques \u00e9tait de huit pour cent au 30 juin 2017 sans les immeubles en premi\u00e8re location (fin 2016 : 8,8 %) et de 18,8 pour cent en tenant compte de la premi\u00e8re location (fin 2016 : 22,8 %).<\/p>\n<p>La r\u00e9\u00e9valuation effectu\u00e9e par PwC (ann\u00e9e pr\u00e9c\u00e9dente : W\u00fcest Partner) a entra\u00een\u00e9 une correction de valeur du portefeuille existant de 23,8 \u00e0 161,1 millions de CHF (fin 2016 : 184,9 millions). Le groupe Pax Anlage n'a ni acquis ni vendu d'immeubles en portefeuille au cours de la p\u00e9riode sous revue.<\/p>\n<h2>Le segment des immeubles en d\u00e9veloppement affiche un r\u00e9sultat plus \u00e9lev\u00e9<\/h2>\n<p>Au cours de la p\u00e9riode sous revue, Pax Anlage a sign\u00e9 des contrats de vente de propri\u00e9t\u00e9s par \u00e9tage pour un volume de transactions de 70,3 millions, dont 31,1 millions avec entr\u00e9e en possession au premier semestre et 39,2 millions avec entr\u00e9e en possession au deuxi\u00e8me semestre de cette ann\u00e9e. Au total, la soci\u00e9t\u00e9 a r\u00e9duit le nombre de biens invendus de 338 \u00e0 la fin 2016 \u00e0 283 unit\u00e9s au 30 juin 2017. Le produit de la vente d'immeubles en d\u00e9veloppement avec prise de possession au cours de la p\u00e9riode sous revue a augment\u00e9 de 53 millions par rapport au premier semestre 2016 pour atteindre 87,4 millions. Le r\u00e9sultat sectoriel r\u00e9alis\u00e9 au premier semestre 2017 s'est \u00e9lev\u00e9 \u00e0 2,7 millions (ann\u00e9e pr\u00e9c\u00e9dente : 1,5 million).<\/p>\n<p>La r\u00e9\u00e9valuation des immeubles en d\u00e9veloppement a entra\u00een\u00e9 des reprises de corrections de valeur pour un montant net de huit millions.<\/p>\n<h2>R\u00e9duction du taux de vacance et vente de propri\u00e9t\u00e9s par \u00e9tage<\/h2>\n<p>Le groupe Pax Anlage veut continuer \u00e0 se concentrer sur la vente de propri\u00e9t\u00e9s par \u00e9tage de son portefeuille d'immeubles en d\u00e9veloppement. Dans la mesure o\u00f9 les immeubles en d\u00e9veloppement ne sont pas encore achev\u00e9s ou qu'aucune unit\u00e9 n'a encore \u00e9t\u00e9 vendue, la possibilit\u00e9 de les transf\u00e9rer dans le portefeuille d'immeubles existants et de les louer sera examin\u00e9e. En ce qui concerne les immeubles existants, les efforts visant \u00e0 r\u00e9duire le taux de vacance trop \u00e9lev\u00e9 sont au premier plan, indique l'entreprise.<\/p>\n<p>Entre-temps, la SIX Swiss Exchange a approuv\u00e9 la demande de d\u00e9cotation des actions nominatives de Pax Anlage AG. La d\u00e9cotation des actions aura donc lieu le 10 octobre 2017, le dernier jour de n\u00e9goce des actions Pax Anlage \u00e9tant le 9 octobre.<\/p>","protected":false},"excerpt":{"rendered":"<p>Pax Anlage doit enregistrer une perte de pr\u00e8s de onze millions de CHF au premier semestre. La raison en est des corrections de valeur dues \u00e0 la r\u00e9\u00e9valuation de biens immobiliers, indique l'entreprise.<\/p>","protected":false},"author":3,"featured_media":7370,"comment_status":"open","ping_status":"open","sticky":false,"template":"","format":"standard","meta":{"_acf_changed":false,"_yoast_wpseo_focuskw":"Pax Anlage","_yoast_wpseo_title":"","_yoast_wpseo_metadesc":"Pax Anlage muss im ersten Halbjahr einen Verlust von fast 11 Millionen CHF verbuchen. Grund seien Wortkorrekturen durch die Neubewertung von Liegenschaften.","_yoast_wpseo_linkdex":79,"pgc_sgb_lightbox_settings":"","footnotes":""},"categories":[988],"tags":[1266,1329,1807],"class_list":["post-8910","post","type-post","status-publish","format-standard","has-post-thumbnail","hentry","category-unternehmen","tag-geschaeftszahlen","tag-immobilien-ag","tag-unternehmen"],"acf":[],"yoast_head":"<!-- This site is optimized with the Yoast SEO plugin v27.4 - https:\/\/yoast.com\/product\/yoast-seo-wordpress\/ -->\n<title>Pax Anlage: Verlust im ersten Halbjahr - IMMOBILIEN Business<\/title>\n<meta name=\"description\" content=\"Pax Anlage muss im ersten Halbjahr einen Verlust von fast 11 Millionen CHF verbuchen. Grund seien Wortkorrekturen durch die Neubewertung von Liegenschaften.\" \/>\n<meta name=\"robots\" content=\"index, follow, max-snippet:-1, max-image-preview:large, max-video-preview:-1\" \/>\n<link rel=\"canonical\" href=\"https:\/\/www.immobilienbusiness.ch\/fr\/unternehmen\/2017-08-31\/pax-anlage-verlust-im-ersten-halbjahr\/\" \/>\n<meta property=\"og:locale\" content=\"fr_FR\" \/>\n<meta property=\"og:type\" content=\"article\" \/>\n<meta property=\"og:title\" content=\"Pax Anlage: Verlust im ersten Halbjahr\" \/>\n<meta property=\"og:description\" content=\"Pax Anlage muss im ersten Halbjahr einen Verlust von fast 11 Millionen CHF verbuchen. Grund seien Wortkorrekturen durch die Neubewertung von Liegenschaften.\" \/>\n<meta property=\"og:url\" content=\"https:\/\/www.immobilienbusiness.ch\/fr\/unternehmen\/2017-08-31\/pax-anlage-verlust-im-ersten-halbjahr\/\" \/>\n<meta property=\"og:site_name\" content=\"IMMOBILIEN Business\" \/>\n<meta property=\"article:publisher\" content=\"https:\/\/www.facebook.com\/immobilienbusiness\/\" \/>\n<meta property=\"article:published_time\" content=\"2017-08-31T07:55:28+00:00\" \/>\n<meta property=\"og:image\" content=\"https:\/\/www.immobilienbusiness.ch\/wp-content\/uploads\/2017\/05\/Depositphotos_11070119_l-2015-1024x682.jpg\" \/>\n\t<meta property=\"og:image:width\" content=\"1024\" \/>\n\t<meta property=\"og:image:height\" content=\"682\" \/>\n\t<meta property=\"og:image:type\" content=\"image\/jpeg\" \/>\n<meta name=\"author\" content=\"anja.hall\" \/>\n<meta name=\"twitter:card\" content=\"summary_large_image\" \/>\n<meta name=\"twitter:title\" content=\"Pax Anlage: Verlust im ersten Halbjahr\" \/>\n<meta name=\"twitter:description\" content=\"Pax Anlage muss im ersten Halbjahr einen Verlust von fast 11 Millionen CHF verbuchen. Grund seien Wortkorrekturen durch die Neubewertung von Liegenschaften.\" \/>\n<meta name=\"twitter:image\" content=\"https:\/\/www.immobilienbusiness.ch\/wp-content\/uploads\/2017\/05\/Depositphotos_11070119_l-2015.jpg\" \/>\n<script type=\"application\/ld+json\" class=\"yoast-schema-graph\">{\"@context\":\"https:\\\/\\\/schema.org\",\"@graph\":[{\"@type\":\"Article\",\"@id\":\"https:\\\/\\\/www.immobilienbusiness.ch\\\/de\\\/unternehmen\\\/2017-08-31\\\/pax-anlage-verlust-im-ersten-halbjahr\\\/#article\",\"isPartOf\":{\"@id\":\"https:\\\/\\\/www.immobilienbusiness.ch\\\/de\\\/unternehmen\\\/2017-08-31\\\/pax-anlage-verlust-im-ersten-halbjahr\\\/\"},\"author\":{\"name\":\"anja.hall\",\"@id\":\"https:\\\/\\\/www.immobilienbusiness.ch\\\/#\\\/schema\\\/person\\\/3fc036297b10b9f42d6db5ee932af8c8\"},\"headline\":\"Pax Anlage: Verlust im ersten Halbjahr\",\"datePublished\":\"2017-08-31T07:55:28+00:00\",\"mainEntityOfPage\":{\"@id\":\"https:\\\/\\\/www.immobilienbusiness.ch\\\/de\\\/unternehmen\\\/2017-08-31\\\/pax-anlage-verlust-im-ersten-halbjahr\\\/\"},\"wordCount\":426,\"commentCount\":0,\"publisher\":{\"@id\":\"https:\\\/\\\/www.immobilienbusiness.ch\\\/#organization\"},\"image\":{\"@id\":\"https:\\\/\\\/www.immobilienbusiness.ch\\\/de\\\/unternehmen\\\/2017-08-31\\\/pax-anlage-verlust-im-ersten-halbjahr\\\/#primaryimage\"},\"thumbnailUrl\":\"https:\\\/\\\/www.immobilienbusiness.ch\\\/wp-content\\\/uploads\\\/2017\\\/05\\\/Depositphotos_11070119_l-2015.jpg\",\"keywords\":[\"Gesch\u00e4ftszahlen\",\"Immobilien-AG\",\"Unternehmen\"],\"articleSection\":[\"UNTERNEHMEN\"],\"inLanguage\":\"fr-FR\"},{\"@type\":\"WebPage\",\"@id\":\"https:\\\/\\\/www.immobilienbusiness.ch\\\/de\\\/unternehmen\\\/2017-08-31\\\/pax-anlage-verlust-im-ersten-halbjahr\\\/\",\"url\":\"https:\\\/\\\/www.immobilienbusiness.ch\\\/de\\\/unternehmen\\\/2017-08-31\\\/pax-anlage-verlust-im-ersten-halbjahr\\\/\",\"name\":\"Pax Anlage: Verlust im ersten Halbjahr - IMMOBILIEN Business\",\"isPartOf\":{\"@id\":\"https:\\\/\\\/www.immobilienbusiness.ch\\\/#website\"},\"primaryImageOfPage\":{\"@id\":\"https:\\\/\\\/www.immobilienbusiness.ch\\\/de\\\/unternehmen\\\/2017-08-31\\\/pax-anlage-verlust-im-ersten-halbjahr\\\/#primaryimage\"},\"image\":{\"@id\":\"https:\\\/\\\/www.immobilienbusiness.ch\\\/de\\\/unternehmen\\\/2017-08-31\\\/pax-anlage-verlust-im-ersten-halbjahr\\\/#primaryimage\"},\"thumbnailUrl\":\"https:\\\/\\\/www.immobilienbusiness.ch\\\/wp-content\\\/uploads\\\/2017\\\/05\\\/Depositphotos_11070119_l-2015.jpg\",\"datePublished\":\"2017-08-31T07:55:28+00:00\",\"description\":\"Pax Anlage muss im ersten Halbjahr einen Verlust von fast 11 Millionen CHF verbuchen. Grund seien Wortkorrekturen durch die Neubewertung von Liegenschaften.\",\"breadcrumb\":{\"@id\":\"https:\\\/\\\/www.immobilienbusiness.ch\\\/de\\\/unternehmen\\\/2017-08-31\\\/pax-anlage-verlust-im-ersten-halbjahr\\\/#breadcrumb\"},\"inLanguage\":\"fr-FR\",\"potentialAction\":[{\"@type\":\"ReadAction\",\"target\":[\"https:\\\/\\\/www.immobilienbusiness.ch\\\/de\\\/unternehmen\\\/2017-08-31\\\/pax-anlage-verlust-im-ersten-halbjahr\\\/\"]}]},{\"@type\":\"ImageObject\",\"inLanguage\":\"fr-FR\",\"@id\":\"https:\\\/\\\/www.immobilienbusiness.ch\\\/de\\\/unternehmen\\\/2017-08-31\\\/pax-anlage-verlust-im-ersten-halbjahr\\\/#primaryimage\",\"url\":\"https:\\\/\\\/www.immobilienbusiness.ch\\\/wp-content\\\/uploads\\\/2017\\\/05\\\/Depositphotos_11070119_l-2015.jpg\",\"contentUrl\":\"https:\\\/\\\/www.immobilienbusiness.ch\\\/wp-content\\\/uploads\\\/2017\\\/05\\\/Depositphotos_11070119_l-2015.jpg\",\"width\":2000,\"height\":1333,\"caption\":\"SE Swiss Estatees rutscht in die Verlustzone (Foto: OtnaYdur - depositphotos)\"},{\"@type\":\"BreadcrumbList\",\"@id\":\"https:\\\/\\\/www.immobilienbusiness.ch\\\/de\\\/unternehmen\\\/2017-08-31\\\/pax-anlage-verlust-im-ersten-halbjahr\\\/#breadcrumb\",\"itemListElement\":[{\"@type\":\"ListItem\",\"position\":1,\"name\":\"Home\",\"item\":\"https:\\\/\\\/www.immobilienbusiness.ch\\\/\"},{\"@type\":\"ListItem\",\"position\":2,\"name\":\"Pax Anlage: Verlust im ersten Halbjahr\"}]},{\"@type\":\"WebSite\",\"@id\":\"https:\\\/\\\/www.immobilienbusiness.ch\\\/#website\",\"url\":\"https:\\\/\\\/www.immobilienbusiness.ch\\\/\",\"name\":\"IMMOBILIEN Business\",\"description\":\"Unabh\u00e4ngiges Schweizer Wirtschaftsmagazin mit Fokus auf Immobilien, Architektur- und Bau sowie Investment- und Finanzierung.\",\"publisher\":{\"@id\":\"https:\\\/\\\/www.immobilienbusiness.ch\\\/#organization\"},\"potentialAction\":[{\"@type\":\"SearchAction\",\"target\":{\"@type\":\"EntryPoint\",\"urlTemplate\":\"https:\\\/\\\/www.immobilienbusiness.ch\\\/?s={search_term_string}\"},\"query-input\":{\"@type\":\"PropertyValueSpecification\",\"valueRequired\":true,\"valueName\":\"search_term_string\"}}],\"inLanguage\":\"fr-FR\"},{\"@type\":\"Organization\",\"@id\":\"https:\\\/\\\/www.immobilienbusiness.ch\\\/#organization\",\"name\":\"IMMOBILIEN Business\",\"url\":\"https:\\\/\\\/www.immobilienbusiness.ch\\\/\",\"logo\":{\"@type\":\"ImageObject\",\"inLanguage\":\"fr-FR\",\"@id\":\"https:\\\/\\\/www.immobilienbusiness.ch\\\/#\\\/schema\\\/logo\\\/image\\\/\",\"url\":\"https:\\\/\\\/www.immobilienbusiness.ch\\\/wp-content\\\/uploads\\\/2021\\\/07\\\/logo_ib.png\",\"contentUrl\":\"https:\\\/\\\/www.immobilienbusiness.ch\\\/wp-content\\\/uploads\\\/2021\\\/07\\\/logo_ib.png\",\"width\":800,\"height\":181,\"caption\":\"IMMOBILIEN Business\"},\"image\":{\"@id\":\"https:\\\/\\\/www.immobilienbusiness.ch\\\/#\\\/schema\\\/logo\\\/image\\\/\"},\"sameAs\":[\"https:\\\/\\\/www.facebook.com\\\/immobilienbusiness\\\/\"]},{\"@type\":\"Person\",\"@id\":\"https:\\\/\\\/www.immobilienbusiness.ch\\\/#\\\/schema\\\/person\\\/3fc036297b10b9f42d6db5ee932af8c8\",\"name\":\"anja.hall\",\"image\":{\"@type\":\"ImageObject\",\"inLanguage\":\"fr-FR\",\"@id\":\"https:\\\/\\\/secure.gravatar.com\\\/avatar\\\/066b5a0d447013502c71a5782f4f3469f03cfe595cc2329fb94652fe47511bfb?s=96&d=mm&r=g\",\"url\":\"https:\\\/\\\/secure.gravatar.com\\\/avatar\\\/066b5a0d447013502c71a5782f4f3469f03cfe595cc2329fb94652fe47511bfb?s=96&d=mm&r=g\",\"contentUrl\":\"https:\\\/\\\/secure.gravatar.com\\\/avatar\\\/066b5a0d447013502c71a5782f4f3469f03cfe595cc2329fb94652fe47511bfb?s=96&d=mm&r=g\",\"caption\":\"anja.hall\"},\"url\":\"https:\\\/\\\/www.immobilienbusiness.ch\\\/fr\\\/author\\\/anja-hall\\\/\"}]}<\/script>\n<!-- \/ Yoast SEO plugin. -->","yoast_head_json":{"title":"Pax Anlage : perte au premier semestre - IMMOBILIER Business","description":"Pax Anlage doit enregistrer une perte de pr\u00e8s de 11 millions de CHF au premier semestre. La raison en serait des corrections de mots dues \u00e0 la r\u00e9\u00e9valuation de biens immobiliers.","robots":{"index":"index","follow":"follow","max-snippet":"max-snippet:-1","max-image-preview":"max-image-preview:large","max-video-preview":"max-video-preview:-1"},"canonical":"https:\/\/www.immobilienbusiness.ch\/fr\/unternehmen\/2017-08-31\/pax-anlage-verlust-im-ersten-halbjahr\/","og_locale":"fr_FR","og_type":"article","og_title":"Pax Anlage: Verlust im ersten Halbjahr","og_description":"Pax Anlage muss im ersten Halbjahr einen Verlust von fast 11 Millionen CHF verbuchen. Grund seien Wortkorrekturen durch die Neubewertung von Liegenschaften.","og_url":"https:\/\/www.immobilienbusiness.ch\/fr\/unternehmen\/2017-08-31\/pax-anlage-verlust-im-ersten-halbjahr\/","og_site_name":"IMMOBILIEN Business","article_publisher":"https:\/\/www.facebook.com\/immobilienbusiness\/","article_published_time":"2017-08-31T07:55:28+00:00","og_image":[{"width":1024,"height":682,"url":"https:\/\/www.immobilienbusiness.ch\/wp-content\/uploads\/2017\/05\/Depositphotos_11070119_l-2015-1024x682.jpg","type":"image\/jpeg"}],"author":"anja.hall","twitter_card":"summary_large_image","twitter_title":"Pax Anlage: Verlust im ersten Halbjahr","twitter_description":"Pax Anlage muss im ersten Halbjahr einen Verlust von fast 11 Millionen CHF verbuchen. Grund seien Wortkorrekturen durch die Neubewertung von Liegenschaften.","twitter_image":"https:\/\/www.immobilienbusiness.ch\/wp-content\/uploads\/2017\/05\/Depositphotos_11070119_l-2015.jpg","schema":{"@context":"https:\/\/schema.org","@graph":[{"@type":"Article","@id":"https:\/\/www.immobilienbusiness.ch\/de\/unternehmen\/2017-08-31\/pax-anlage-verlust-im-ersten-halbjahr\/#article","isPartOf":{"@id":"https:\/\/www.immobilienbusiness.ch\/de\/unternehmen\/2017-08-31\/pax-anlage-verlust-im-ersten-halbjahr\/"},"author":{"name":"anja.hall","@id":"https:\/\/www.immobilienbusiness.ch\/#\/schema\/person\/3fc036297b10b9f42d6db5ee932af8c8"},"headline":"Pax Anlage: Verlust im ersten Halbjahr","datePublished":"2017-08-31T07:55:28+00:00","mainEntityOfPage":{"@id":"https:\/\/www.immobilienbusiness.ch\/de\/unternehmen\/2017-08-31\/pax-anlage-verlust-im-ersten-halbjahr\/"},"wordCount":426,"commentCount":0,"publisher":{"@id":"https:\/\/www.immobilienbusiness.ch\/#organization"},"image":{"@id":"https:\/\/www.immobilienbusiness.ch\/de\/unternehmen\/2017-08-31\/pax-anlage-verlust-im-ersten-halbjahr\/#primaryimage"},"thumbnailUrl":"https:\/\/www.immobilienbusiness.ch\/wp-content\/uploads\/2017\/05\/Depositphotos_11070119_l-2015.jpg","keywords":["Gesch\u00e4ftszahlen","Immobilien-AG","Unternehmen"],"articleSection":["UNTERNEHMEN"],"inLanguage":"fr-FR"},{"@type":"WebPage","@id":"https:\/\/www.immobilienbusiness.ch\/de\/unternehmen\/2017-08-31\/pax-anlage-verlust-im-ersten-halbjahr\/","url":"https:\/\/www.immobilienbusiness.ch\/de\/unternehmen\/2017-08-31\/pax-anlage-verlust-im-ersten-halbjahr\/","name":"Pax Anlage : perte au premier semestre - IMMOBILIER Business","isPartOf":{"@id":"https:\/\/www.immobilienbusiness.ch\/#website"},"primaryImageOfPage":{"@id":"https:\/\/www.immobilienbusiness.ch\/de\/unternehmen\/2017-08-31\/pax-anlage-verlust-im-ersten-halbjahr\/#primaryimage"},"image":{"@id":"https:\/\/www.immobilienbusiness.ch\/de\/unternehmen\/2017-08-31\/pax-anlage-verlust-im-ersten-halbjahr\/#primaryimage"},"thumbnailUrl":"https:\/\/www.immobilienbusiness.ch\/wp-content\/uploads\/2017\/05\/Depositphotos_11070119_l-2015.jpg","datePublished":"2017-08-31T07:55:28+00:00","description":"Pax Anlage doit enregistrer une perte de pr\u00e8s de 11 millions de CHF au premier semestre. La raison en serait des corrections de mots dues \u00e0 la r\u00e9\u00e9valuation de biens immobiliers.","breadcrumb":{"@id":"https:\/\/www.immobilienbusiness.ch\/de\/unternehmen\/2017-08-31\/pax-anlage-verlust-im-ersten-halbjahr\/#breadcrumb"},"inLanguage":"fr-FR","potentialAction":[{"@type":"ReadAction","target":["https:\/\/www.immobilienbusiness.ch\/de\/unternehmen\/2017-08-31\/pax-anlage-verlust-im-ersten-halbjahr\/"]}]},{"@type":"ImageObject","inLanguage":"fr-FR","@id":"https:\/\/www.immobilienbusiness.ch\/de\/unternehmen\/2017-08-31\/pax-anlage-verlust-im-ersten-halbjahr\/#primaryimage","url":"https:\/\/www.immobilienbusiness.ch\/wp-content\/uploads\/2017\/05\/Depositphotos_11070119_l-2015.jpg","contentUrl":"https:\/\/www.immobilienbusiness.ch\/wp-content\/uploads\/2017\/05\/Depositphotos_11070119_l-2015.jpg","width":2000,"height":1333,"caption":"SE Swiss Estatees rutscht in die Verlustzone (Foto: OtnaYdur - depositphotos)"},{"@type":"BreadcrumbList","@id":"https:\/\/www.immobilienbusiness.ch\/de\/unternehmen\/2017-08-31\/pax-anlage-verlust-im-ersten-halbjahr\/#breadcrumb","itemListElement":[{"@type":"ListItem","position":1,"name":"Home","item":"https:\/\/www.immobilienbusiness.ch\/"},{"@type":"ListItem","position":2,"name":"Pax Anlage: Verlust im ersten Halbjahr"}]},{"@type":"WebSite","@id":"https:\/\/www.immobilienbusiness.ch\/#website","url":"https:\/\/www.immobilienbusiness.ch\/","name":"IMMOBILIER Business","description":"Magazine \u00e9conomique suisse ind\u00e9pendant ax\u00e9 sur l'immobilier, l'architecture et la construction ainsi que sur les investissements et le financement.","publisher":{"@id":"https:\/\/www.immobilienbusiness.ch\/#organization"},"potentialAction":[{"@type":"SearchAction","target":{"@type":"EntryPoint","urlTemplate":"https:\/\/www.immobilienbusiness.ch\/?s={search_term_string}"},"query-input":{"@type":"PropertyValueSpecification","valueRequired":true,"valueName":"search_term_string"}}],"inLanguage":"fr-FR"},{"@type":"Organization","@id":"https:\/\/www.immobilienbusiness.ch\/#organization","name":"IMMOBILIER Business","url":"https:\/\/www.immobilienbusiness.ch\/","logo":{"@type":"ImageObject","inLanguage":"fr-FR","@id":"https:\/\/www.immobilienbusiness.ch\/#\/schema\/logo\/image\/","url":"https:\/\/www.immobilienbusiness.ch\/wp-content\/uploads\/2021\/07\/logo_ib.png","contentUrl":"https:\/\/www.immobilienbusiness.ch\/wp-content\/uploads\/2021\/07\/logo_ib.png","width":800,"height":181,"caption":"IMMOBILIEN Business"},"image":{"@id":"https:\/\/www.immobilienbusiness.ch\/#\/schema\/logo\/image\/"},"sameAs":["https:\/\/www.facebook.com\/immobilienbusiness\/"]},{"@type":"Person","@id":"https:\/\/www.immobilienbusiness.ch\/#\/schema\/person\/3fc036297b10b9f42d6db5ee932af8c8","name":"anja.hall","image":{"@type":"ImageObject","inLanguage":"fr-FR","@id":"https:\/\/secure.gravatar.com\/avatar\/066b5a0d447013502c71a5782f4f3469f03cfe595cc2329fb94652fe47511bfb?s=96&d=mm&r=g","url":"https:\/\/secure.gravatar.com\/avatar\/066b5a0d447013502c71a5782f4f3469f03cfe595cc2329fb94652fe47511bfb?s=96&d=mm&r=g","contentUrl":"https:\/\/secure.gravatar.com\/avatar\/066b5a0d447013502c71a5782f4f3469f03cfe595cc2329fb94652fe47511bfb?s=96&d=mm&r=g","caption":"anja.hall"},"url":"https:\/\/www.immobilienbusiness.ch\/fr\/author\/anja-hall\/"}]}},"_links":{"self":[{"href":"https:\/\/www.immobilienbusiness.ch\/fr\/wp-json\/wp\/v2\/posts\/8910","targetHints":{"allow":["GET"]}}],"collection":[{"href":"https:\/\/www.immobilienbusiness.ch\/fr\/wp-json\/wp\/v2\/posts"}],"about":[{"href":"https:\/\/www.immobilienbusiness.ch\/fr\/wp-json\/wp\/v2\/types\/post"}],"author":[{"embeddable":true,"href":"https:\/\/www.immobilienbusiness.ch\/fr\/wp-json\/wp\/v2\/users\/3"}],"replies":[{"embeddable":true,"href":"https:\/\/www.immobilienbusiness.ch\/fr\/wp-json\/wp\/v2\/comments?post=8910"}],"version-history":[{"count":0,"href":"https:\/\/www.immobilienbusiness.ch\/fr\/wp-json\/wp\/v2\/posts\/8910\/revisions"}],"wp:featuredmedia":[{"embeddable":true,"href":"https:\/\/www.immobilienbusiness.ch\/fr\/wp-json\/wp\/v2\/media\/7370"}],"wp:attachment":[{"href":"https:\/\/www.immobilienbusiness.ch\/fr\/wp-json\/wp\/v2\/media?parent=8910"}],"wp:term":[{"taxonomy":"category","embeddable":true,"href":"https:\/\/www.immobilienbusiness.ch\/fr\/wp-json\/wp\/v2\/categories?post=8910"},{"taxonomy":"post_tag","embeddable":true,"href":"https:\/\/www.immobilienbusiness.ch\/fr\/wp-json\/wp\/v2\/tags?post=8910"}],"curies":[{"name":"wp","href":"https:\/\/api.w.org\/{rel}","templated":true}]}}