{"id":8853,"date":"2017-08-25T08:54:46","date_gmt":"2017-08-25T06:54:46","guid":{"rendered":"https:\/\/www.immobilienbusiness.ch\/?p=8853"},"modified":"2017-08-25T08:54:46","modified_gmt":"2017-08-25T06:54:46","slug":"winterthur-lupk-und-halter-planen-wohnueberbauung","status":"publish","type":"post","link":"https:\/\/www.immobilienbusiness.ch\/fr\/regionen\/2017-08-25\/winterthur-lupk-und-halter-planen-wohnueberbauung\/","title":{"rendered":"Winterthur : LUPK et Halter planifient un ensemble r\u00e9sidentiel"},"content":{"rendered":"<figure id=\"attachment_8854\" aria-describedby=\"caption-attachment-8854\" style=\"width: 680px\" class=\"wp-caption alignnone\"><img loading=\"lazy\" decoding=\"async\" class=\"size-medium wp-image-8854\" src=\"https:\/\/www.immobilienbusiness.ch\/wp-content\/uploads\/2017\/08\/Toessfeldstrasse_Winterthur-Toess.jpg\" alt=\"\" width=\"680\" height=\"471\" srcset=\"https:\/\/www.immobilienbusiness.ch\/wp-content\/uploads\/2017\/08\/Toessfeldstrasse_Winterthur-Toess.jpg 2560w, https:\/\/www.immobilienbusiness.ch\/wp-content\/uploads\/2017\/08\/Toessfeldstrasse_Winterthur-Toess-300x208.jpg 300w, https:\/\/www.immobilienbusiness.ch\/wp-content\/uploads\/2017\/08\/Toessfeldstrasse_Winterthur-Toess-1024x710.jpg 1024w, https:\/\/www.immobilienbusiness.ch\/wp-content\/uploads\/2017\/08\/Toessfeldstrasse_Winterthur-Toess-768x533.jpg 768w, https:\/\/www.immobilienbusiness.ch\/wp-content\/uploads\/2017\/08\/Toessfeldstrasse_Winterthur-Toess-1536x1065.jpg 1536w, https:\/\/www.immobilienbusiness.ch\/wp-content\/uploads\/2017\/08\/Toessfeldstrasse_Winterthur-Toess-2048x1420.jpg 2048w, https:\/\/www.immobilienbusiness.ch\/wp-content\/uploads\/2017\/08\/Toessfeldstrasse_Winterthur-Toess-16x12.jpg 16w, https:\/\/www.immobilienbusiness.ch\/wp-content\/uploads\/2017\/08\/Toessfeldstrasse_Winterthur-Toess-252x175.jpg 252w, https:\/\/www.immobilienbusiness.ch\/wp-content\/uploads\/2017\/08\/Toessfeldstrasse_Winterthur-Toess-505x350.jpg 505w, https:\/\/www.immobilienbusiness.ch\/wp-content\/uploads\/2017\/08\/Toessfeldstrasse_Winterthur-Toess-1154x800.jpg 1154w, https:\/\/www.immobilienbusiness.ch\/wp-content\/uploads\/2017\/08\/Toessfeldstrasse_Winterthur-Toess-920x638.jpg 920w, https:\/\/www.immobilienbusiness.ch\/wp-content\/uploads\/2017\/08\/Toessfeldstrasse_Winterthur-Toess-1400x971.jpg 1400w, https:\/\/www.immobilienbusiness.ch\/wp-content\/uploads\/2017\/08\/Toessfeldstrasse_Winterthur-Toess-2019x1400.jpg 2019w\" sizes=\"auto, (max-width: 680px) 100vw, 680px\" \/><figcaption id=\"caption-attachment-8854\" class=\"wp-caption-text\">Le projet \"Wegerich\" directement \u00e0 la gare de Winterthur-T\u00f6ss (Visualisation : KilgaPopp Architekten AG)<\/figcaption><\/figure>\n<p>Le jury a d\u00e9sign\u00e9 \u00e0 l'unanimit\u00e9 le projet \"Wegerich\" de KilgaPopp Architekten de Winterthour comme vainqueur. Il a convaincu par son concept et son apparence globale, ses diff\u00e9rents plans et son int\u00e9gration dans la zone de la gare de T\u00f6ss, selon les explications fournies.<\/p>\n<p>Le concours d'\u00e9tudes pour la parcelle situ\u00e9e sur le site de la gare de Winterthur-T\u00f6ss, entre la T\u00f6ssfeldstrasse au nord, les voies ferr\u00e9es au sud et la place de la gare \u00e0 l'ouest, pr\u00e9voyait que le projet de nouvelle construction tienne compte des b\u00e2timents dignes de protection - la maisonnette de la gare et la remise \u00e0 marchandises. Une autre exigence \u00e9tait de cr\u00e9er un lien entre le b\u00e2timent et l'espace ext\u00e9rieur.<\/p>\n<p>Le projet \"Wegerich\" pr\u00e9voit un b\u00e2timent tout en longueur qui, avec les b\u00e2timents dignes de protection sur le site de la gare, forme un nouvel ensemble. Une place publique est cr\u00e9\u00e9e entre le front du b\u00e2timent de la gare et le nouveau b\u00e2timent. Cette nouvelle place de quartier s'ouvre au sud-est sur l'avant du nouveau b\u00e2timent et int\u00e8gre ainsi \u00e9galement le chemin de quai pr\u00e9vu, qui sera cr\u00e9\u00e9 \u00e0 la place de la voie 1.<\/p>\n<p>Le b\u00e2timent abritera 49 petits appartements locatifs de 1,5, 2,5 ou 3,5 pi\u00e8ces ainsi qu'environ 530 m\u00b2 d'espace commercial. Chaque appartement dispose soit d'une terrasse, soit d'un balcon. L'acc\u00e8s du b\u00e2timent au site de la gare ainsi qu'au quartier r\u00e9sidentiel le long de la T\u00f6ssfeldstrasse est organis\u00e9 par des escaliers ouverts et des terrasses de desserte. Le b\u00e2timent dispose de quatre c\u00f4t\u00e9s caract\u00e9ristiques : vers le sud avec des vitrages, vers le nord avec des marches et des terrasses de jardin, vers l'est avec une route d'acc\u00e8s et vers l'ouest avec le raccordement \u00e0 la place de la gare.<\/p>\n<p>Le projet de construction doit maintenant \u00eatre finalis\u00e9 afin que la proc\u00e9dure de permis de construire puisse \u00eatre lanc\u00e9e \u00e0 l'automne de cette ann\u00e9e. Selon la planification actuelle, la construction devrait d\u00e9buter au printemps 2018.<\/p>","protected":false},"excerpt":{"rendered":"<p>La caisse de pension lucernoise (LUPK) et la soci\u00e9t\u00e9 Halter AG veulent construire un nouveau b\u00e2timent avec des logements et des surfaces commerciales sur la parcelle en friche situ\u00e9e entre la T\u00f6ssfeldstrasse et les voies ferr\u00e9es \u00e0 Winterthour-T\u00f6ss. Le concours d'architecture est d\u00e9sormais termin\u00e9.<\/p>","protected":false},"author":3,"featured_media":8854,"comment_status":"open","ping_status":"open","sticky":false,"template":"","format":"standard","meta":{"_acf_changed":false,"_yoast_wpseo_focuskw":"Winterthur","_yoast_wpseo_title":"","_yoast_wpseo_metadesc":"Die Luzerner Pensionskasse und die Halter AG planen beim Bahnhof Winterthur-T\u00f6ss ein Wohngeb\u00e4ude errichten. Der Architekturwettbewerb ist jetzt entschieden.","_yoast_wpseo_linkdex":73,"pgc_sgb_lightbox_settings":"","footnotes":""},"categories":[985],"tags":[1600,1858,1863],"class_list":["post-8853","post","type-post","status-publish","format-standard","has-post-thumbnail","hentry","category-regionen","tag-projekt-in-planung","tag-winterthur","tag-wohnimmobilien"],"acf":[],"yoast_head":"<!-- This site is optimized with the Yoast SEO plugin v27.4 - https:\/\/yoast.com\/product\/yoast-seo-wordpress\/ -->\n<title>Winterthur: LUPK und Halter planen Wohn\u00fcberbauung - IMMOBILIEN Business<\/title>\n<meta name=\"description\" content=\"Die Luzerner Pensionskasse und die Halter AG planen beim Bahnhof Winterthur-T\u00f6ss ein Wohngeb\u00e4ude errichten. Der Architekturwettbewerb ist jetzt entschieden.\" \/>\n<meta name=\"robots\" content=\"index, follow, max-snippet:-1, max-image-preview:large, max-video-preview:-1\" \/>\n<link rel=\"canonical\" href=\"https:\/\/www.immobilienbusiness.ch\/fr\/regionen\/2017-08-25\/winterthur-lupk-und-halter-planen-wohnueberbauung\/\" \/>\n<meta property=\"og:locale\" content=\"fr_FR\" \/>\n<meta property=\"og:type\" content=\"article\" \/>\n<meta property=\"og:title\" content=\"Winterthur: LUPK und Halter planen Wohn\u00fcberbauung\" \/>\n<meta property=\"og:description\" content=\"Die Luzerner Pensionskasse und die Halter AG planen beim Bahnhof Winterthur-T\u00f6ss ein Wohngeb\u00e4ude errichten. Der Architekturwettbewerb ist jetzt entschieden.\" \/>\n<meta property=\"og:url\" content=\"https:\/\/www.immobilienbusiness.ch\/fr\/regionen\/2017-08-25\/winterthur-lupk-und-halter-planen-wohnueberbauung\/\" \/>\n<meta property=\"og:site_name\" content=\"IMMOBILIEN Business\" \/>\n<meta property=\"article:publisher\" content=\"https:\/\/www.facebook.com\/immobilienbusiness\/\" \/>\n<meta property=\"article:published_time\" content=\"2017-08-25T06:54:46+00:00\" \/>\n<meta property=\"og:image\" content=\"https:\/\/www.immobilienbusiness.ch\/wp-content\/uploads\/2017\/08\/Toessfeldstrasse_Winterthur-Toess-1024x710.jpg\" \/>\n\t<meta property=\"og:image:width\" content=\"1024\" \/>\n\t<meta property=\"og:image:height\" content=\"710\" \/>\n\t<meta property=\"og:image:type\" content=\"image\/jpeg\" \/>\n<meta name=\"author\" content=\"anja.hall\" \/>\n<meta name=\"twitter:card\" content=\"summary_large_image\" \/>\n<meta name=\"twitter:title\" content=\"Winterthur: LUPK und Halter planen Wohn\u00fcberbauung\" \/>\n<meta name=\"twitter:description\" content=\"Die Luzerner Pensionskasse und die Halter AG planen beim Bahnhof Winterthur-T\u00f6ss ein Wohngeb\u00e4ude errichten. Der Architekturwettbewerb ist jetzt entschieden.\" \/>\n<meta name=\"twitter:image\" content=\"https:\/\/www.immobilienbusiness.ch\/wp-content\/uploads\/2017\/08\/Toessfeldstrasse_Winterthur-Toess.jpg\" \/>\n<script type=\"application\/ld+json\" class=\"yoast-schema-graph\">{\"@context\":\"https:\\\/\\\/schema.org\",\"@graph\":[{\"@type\":\"Article\",\"@id\":\"https:\\\/\\\/www.immobilienbusiness.ch\\\/regionen\\\/2017-08-25\\\/winterthur-lupk-und-halter-planen-wohnueberbauung\\\/#article\",\"isPartOf\":{\"@id\":\"https:\\\/\\\/www.immobilienbusiness.ch\\\/regionen\\\/2017-08-25\\\/winterthur-lupk-und-halter-planen-wohnueberbauung\\\/\"},\"author\":{\"name\":\"anja.hall\",\"@id\":\"https:\\\/\\\/www.immobilienbusiness.ch\\\/#\\\/schema\\\/person\\\/3fc036297b10b9f42d6db5ee932af8c8\"},\"headline\":\"Winterthur: LUPK und Halter planen Wohn\u00fcberbauung\",\"datePublished\":\"2017-08-25T06:54:46+00:00\",\"mainEntityOfPage\":{\"@id\":\"https:\\\/\\\/www.immobilienbusiness.ch\\\/regionen\\\/2017-08-25\\\/winterthur-lupk-und-halter-planen-wohnueberbauung\\\/\"},\"wordCount\":294,\"commentCount\":0,\"publisher\":{\"@id\":\"https:\\\/\\\/www.immobilienbusiness.ch\\\/#organization\"},\"image\":{\"@id\":\"https:\\\/\\\/www.immobilienbusiness.ch\\\/regionen\\\/2017-08-25\\\/winterthur-lupk-und-halter-planen-wohnueberbauung\\\/#primaryimage\"},\"thumbnailUrl\":\"https:\\\/\\\/www.immobilienbusiness.ch\\\/wp-content\\\/uploads\\\/2017\\\/08\\\/Toessfeldstrasse_Winterthur-Toess.jpg\",\"keywords\":[\"Projekt in Planung\",\"Winterthur\",\"Wohnimmobilien\"],\"articleSection\":[\"REGIONEN\"],\"inLanguage\":\"fr-FR\"},{\"@type\":\"WebPage\",\"@id\":\"https:\\\/\\\/www.immobilienbusiness.ch\\\/regionen\\\/2017-08-25\\\/winterthur-lupk-und-halter-planen-wohnueberbauung\\\/\",\"url\":\"https:\\\/\\\/www.immobilienbusiness.ch\\\/regionen\\\/2017-08-25\\\/winterthur-lupk-und-halter-planen-wohnueberbauung\\\/\",\"name\":\"Winterthur: LUPK und Halter planen Wohn\u00fcberbauung - IMMOBILIEN Business\",\"isPartOf\":{\"@id\":\"https:\\\/\\\/www.immobilienbusiness.ch\\\/#website\"},\"primaryImageOfPage\":{\"@id\":\"https:\\\/\\\/www.immobilienbusiness.ch\\\/regionen\\\/2017-08-25\\\/winterthur-lupk-und-halter-planen-wohnueberbauung\\\/#primaryimage\"},\"image\":{\"@id\":\"https:\\\/\\\/www.immobilienbusiness.ch\\\/regionen\\\/2017-08-25\\\/winterthur-lupk-und-halter-planen-wohnueberbauung\\\/#primaryimage\"},\"thumbnailUrl\":\"https:\\\/\\\/www.immobilienbusiness.ch\\\/wp-content\\\/uploads\\\/2017\\\/08\\\/Toessfeldstrasse_Winterthur-Toess.jpg\",\"datePublished\":\"2017-08-25T06:54:46+00:00\",\"description\":\"Die Luzerner Pensionskasse und die Halter AG planen beim Bahnhof Winterthur-T\u00f6ss ein Wohngeb\u00e4ude errichten. Der Architekturwettbewerb ist jetzt entschieden.\",\"breadcrumb\":{\"@id\":\"https:\\\/\\\/www.immobilienbusiness.ch\\\/regionen\\\/2017-08-25\\\/winterthur-lupk-und-halter-planen-wohnueberbauung\\\/#breadcrumb\"},\"inLanguage\":\"fr-FR\",\"potentialAction\":[{\"@type\":\"ReadAction\",\"target\":[\"https:\\\/\\\/www.immobilienbusiness.ch\\\/regionen\\\/2017-08-25\\\/winterthur-lupk-und-halter-planen-wohnueberbauung\\\/\"]}]},{\"@type\":\"ImageObject\",\"inLanguage\":\"fr-FR\",\"@id\":\"https:\\\/\\\/www.immobilienbusiness.ch\\\/regionen\\\/2017-08-25\\\/winterthur-lupk-und-halter-planen-wohnueberbauung\\\/#primaryimage\",\"url\":\"https:\\\/\\\/www.immobilienbusiness.ch\\\/wp-content\\\/uploads\\\/2017\\\/08\\\/Toessfeldstrasse_Winterthur-Toess.jpg\",\"contentUrl\":\"https:\\\/\\\/www.immobilienbusiness.ch\\\/wp-content\\\/uploads\\\/2017\\\/08\\\/Toessfeldstrasse_Winterthur-Toess.jpg\",\"width\":2560,\"height\":1775,\"caption\":\"(Visualisierung: KilgaPopp Architekten AG)\"},{\"@type\":\"BreadcrumbList\",\"@id\":\"https:\\\/\\\/www.immobilienbusiness.ch\\\/regionen\\\/2017-08-25\\\/winterthur-lupk-und-halter-planen-wohnueberbauung\\\/#breadcrumb\",\"itemListElement\":[{\"@type\":\"ListItem\",\"position\":1,\"name\":\"Home\",\"item\":\"https:\\\/\\\/www.immobilienbusiness.ch\\\/\"},{\"@type\":\"ListItem\",\"position\":2,\"name\":\"Winterthur: LUPK und Halter planen Wohn\u00fcberbauung\"}]},{\"@type\":\"WebSite\",\"@id\":\"https:\\\/\\\/www.immobilienbusiness.ch\\\/#website\",\"url\":\"https:\\\/\\\/www.immobilienbusiness.ch\\\/\",\"name\":\"IMMOBILIEN Business\",\"description\":\"Unabh\u00e4ngiges Schweizer Wirtschaftsmagazin mit Fokus auf Immobilien, Architektur- und Bau sowie Investment- und Finanzierung.\",\"publisher\":{\"@id\":\"https:\\\/\\\/www.immobilienbusiness.ch\\\/#organization\"},\"potentialAction\":[{\"@type\":\"SearchAction\",\"target\":{\"@type\":\"EntryPoint\",\"urlTemplate\":\"https:\\\/\\\/www.immobilienbusiness.ch\\\/?s={search_term_string}\"},\"query-input\":{\"@type\":\"PropertyValueSpecification\",\"valueRequired\":true,\"valueName\":\"search_term_string\"}}],\"inLanguage\":\"fr-FR\"},{\"@type\":\"Organization\",\"@id\":\"https:\\\/\\\/www.immobilienbusiness.ch\\\/#organization\",\"name\":\"IMMOBILIEN Business\",\"url\":\"https:\\\/\\\/www.immobilienbusiness.ch\\\/\",\"logo\":{\"@type\":\"ImageObject\",\"inLanguage\":\"fr-FR\",\"@id\":\"https:\\\/\\\/www.immobilienbusiness.ch\\\/#\\\/schema\\\/logo\\\/image\\\/\",\"url\":\"https:\\\/\\\/www.immobilienbusiness.ch\\\/wp-content\\\/uploads\\\/2021\\\/07\\\/logo_ib.png\",\"contentUrl\":\"https:\\\/\\\/www.immobilienbusiness.ch\\\/wp-content\\\/uploads\\\/2021\\\/07\\\/logo_ib.png\",\"width\":800,\"height\":181,\"caption\":\"IMMOBILIEN Business\"},\"image\":{\"@id\":\"https:\\\/\\\/www.immobilienbusiness.ch\\\/#\\\/schema\\\/logo\\\/image\\\/\"},\"sameAs\":[\"https:\\\/\\\/www.facebook.com\\\/immobilienbusiness\\\/\"]},{\"@type\":\"Person\",\"@id\":\"https:\\\/\\\/www.immobilienbusiness.ch\\\/#\\\/schema\\\/person\\\/3fc036297b10b9f42d6db5ee932af8c8\",\"name\":\"anja.hall\",\"image\":{\"@type\":\"ImageObject\",\"inLanguage\":\"fr-FR\",\"@id\":\"https:\\\/\\\/secure.gravatar.com\\\/avatar\\\/066b5a0d447013502c71a5782f4f3469f03cfe595cc2329fb94652fe47511bfb?s=96&d=mm&r=g\",\"url\":\"https:\\\/\\\/secure.gravatar.com\\\/avatar\\\/066b5a0d447013502c71a5782f4f3469f03cfe595cc2329fb94652fe47511bfb?s=96&d=mm&r=g\",\"contentUrl\":\"https:\\\/\\\/secure.gravatar.com\\\/avatar\\\/066b5a0d447013502c71a5782f4f3469f03cfe595cc2329fb94652fe47511bfb?s=96&d=mm&r=g\",\"caption\":\"anja.hall\"},\"url\":\"https:\\\/\\\/www.immobilienbusiness.ch\\\/fr\\\/author\\\/anja-hall\\\/\"}]}<\/script>\n<!-- \/ Yoast SEO plugin. -->","yoast_head_json":{"title":"Winterthur: LUPK und Halter planen Wohn\u00fcberbauung - IMMOBILIEN Business","description":"Die Luzerner Pensionskasse und die Halter AG planen beim Bahnhof Winterthur-T\u00f6ss ein Wohngeb\u00e4ude errichten. Der Architekturwettbewerb ist jetzt entschieden.","robots":{"index":"index","follow":"follow","max-snippet":"max-snippet:-1","max-image-preview":"max-image-preview:large","max-video-preview":"max-video-preview:-1"},"canonical":"https:\/\/www.immobilienbusiness.ch\/fr\/regionen\/2017-08-25\/winterthur-lupk-und-halter-planen-wohnueberbauung\/","og_locale":"fr_FR","og_type":"article","og_title":"Winterthur: LUPK und Halter planen Wohn\u00fcberbauung","og_description":"Die Luzerner Pensionskasse und die Halter AG planen beim Bahnhof Winterthur-T\u00f6ss ein Wohngeb\u00e4ude errichten. Der Architekturwettbewerb ist jetzt entschieden.","og_url":"https:\/\/www.immobilienbusiness.ch\/fr\/regionen\/2017-08-25\/winterthur-lupk-und-halter-planen-wohnueberbauung\/","og_site_name":"IMMOBILIEN Business","article_publisher":"https:\/\/www.facebook.com\/immobilienbusiness\/","article_published_time":"2017-08-25T06:54:46+00:00","og_image":[{"width":1024,"height":710,"url":"https:\/\/www.immobilienbusiness.ch\/wp-content\/uploads\/2017\/08\/Toessfeldstrasse_Winterthur-Toess-1024x710.jpg","type":"image\/jpeg"}],"author":"anja.hall","twitter_card":"summary_large_image","twitter_title":"Winterthur: LUPK und Halter planen Wohn\u00fcberbauung","twitter_description":"Die Luzerner Pensionskasse und die Halter AG planen beim Bahnhof Winterthur-T\u00f6ss ein Wohngeb\u00e4ude errichten. Der Architekturwettbewerb ist jetzt entschieden.","twitter_image":"https:\/\/www.immobilienbusiness.ch\/wp-content\/uploads\/2017\/08\/Toessfeldstrasse_Winterthur-Toess.jpg","schema":{"@context":"https:\/\/schema.org","@graph":[{"@type":"Article","@id":"https:\/\/www.immobilienbusiness.ch\/regionen\/2017-08-25\/winterthur-lupk-und-halter-planen-wohnueberbauung\/#article","isPartOf":{"@id":"https:\/\/www.immobilienbusiness.ch\/regionen\/2017-08-25\/winterthur-lupk-und-halter-planen-wohnueberbauung\/"},"author":{"name":"anja.hall","@id":"https:\/\/www.immobilienbusiness.ch\/#\/schema\/person\/3fc036297b10b9f42d6db5ee932af8c8"},"headline":"Winterthur: LUPK und Halter planen Wohn\u00fcberbauung","datePublished":"2017-08-25T06:54:46+00:00","mainEntityOfPage":{"@id":"https:\/\/www.immobilienbusiness.ch\/regionen\/2017-08-25\/winterthur-lupk-und-halter-planen-wohnueberbauung\/"},"wordCount":294,"commentCount":0,"publisher":{"@id":"https:\/\/www.immobilienbusiness.ch\/#organization"},"image":{"@id":"https:\/\/www.immobilienbusiness.ch\/regionen\/2017-08-25\/winterthur-lupk-und-halter-planen-wohnueberbauung\/#primaryimage"},"thumbnailUrl":"https:\/\/www.immobilienbusiness.ch\/wp-content\/uploads\/2017\/08\/Toessfeldstrasse_Winterthur-Toess.jpg","keywords":["Projekt in Planung","Winterthur","Wohnimmobilien"],"articleSection":["REGIONEN"],"inLanguage":"fr-FR"},{"@type":"WebPage","@id":"https:\/\/www.immobilienbusiness.ch\/regionen\/2017-08-25\/winterthur-lupk-und-halter-planen-wohnueberbauung\/","url":"https:\/\/www.immobilienbusiness.ch\/regionen\/2017-08-25\/winterthur-lupk-und-halter-planen-wohnueberbauung\/","name":"Winterthur: LUPK und Halter planen Wohn\u00fcberbauung - IMMOBILIEN Business","isPartOf":{"@id":"https:\/\/www.immobilienbusiness.ch\/#website"},"primaryImageOfPage":{"@id":"https:\/\/www.immobilienbusiness.ch\/regionen\/2017-08-25\/winterthur-lupk-und-halter-planen-wohnueberbauung\/#primaryimage"},"image":{"@id":"https:\/\/www.immobilienbusiness.ch\/regionen\/2017-08-25\/winterthur-lupk-und-halter-planen-wohnueberbauung\/#primaryimage"},"thumbnailUrl":"https:\/\/www.immobilienbusiness.ch\/wp-content\/uploads\/2017\/08\/Toessfeldstrasse_Winterthur-Toess.jpg","datePublished":"2017-08-25T06:54:46+00:00","description":"Die Luzerner Pensionskasse und die Halter AG planen beim Bahnhof Winterthur-T\u00f6ss ein Wohngeb\u00e4ude errichten. Der Architekturwettbewerb ist jetzt entschieden.","breadcrumb":{"@id":"https:\/\/www.immobilienbusiness.ch\/regionen\/2017-08-25\/winterthur-lupk-und-halter-planen-wohnueberbauung\/#breadcrumb"},"inLanguage":"fr-FR","potentialAction":[{"@type":"ReadAction","target":["https:\/\/www.immobilienbusiness.ch\/regionen\/2017-08-25\/winterthur-lupk-und-halter-planen-wohnueberbauung\/"]}]},{"@type":"ImageObject","inLanguage":"fr-FR","@id":"https:\/\/www.immobilienbusiness.ch\/regionen\/2017-08-25\/winterthur-lupk-und-halter-planen-wohnueberbauung\/#primaryimage","url":"https:\/\/www.immobilienbusiness.ch\/wp-content\/uploads\/2017\/08\/Toessfeldstrasse_Winterthur-Toess.jpg","contentUrl":"https:\/\/www.immobilienbusiness.ch\/wp-content\/uploads\/2017\/08\/Toessfeldstrasse_Winterthur-Toess.jpg","width":2560,"height":1775,"caption":"(Visualisierung: KilgaPopp Architekten AG)"},{"@type":"BreadcrumbList","@id":"https:\/\/www.immobilienbusiness.ch\/regionen\/2017-08-25\/winterthur-lupk-und-halter-planen-wohnueberbauung\/#breadcrumb","itemListElement":[{"@type":"ListItem","position":1,"name":"Home","item":"https:\/\/www.immobilienbusiness.ch\/"},{"@type":"ListItem","position":2,"name":"Winterthur: LUPK und Halter planen Wohn\u00fcberbauung"}]},{"@type":"WebSite","@id":"https:\/\/www.immobilienbusiness.ch\/#website","url":"https:\/\/www.immobilienbusiness.ch\/","name":"IMMOBILIER Business","description":"Magazine \u00e9conomique suisse ind\u00e9pendant ax\u00e9 sur l'immobilier, l'architecture et la construction ainsi que sur les investissements et le financement.","publisher":{"@id":"https:\/\/www.immobilienbusiness.ch\/#organization"},"potentialAction":[{"@type":"SearchAction","target":{"@type":"EntryPoint","urlTemplate":"https:\/\/www.immobilienbusiness.ch\/?s={search_term_string}"},"query-input":{"@type":"PropertyValueSpecification","valueRequired":true,"valueName":"search_term_string"}}],"inLanguage":"fr-FR"},{"@type":"Organization","@id":"https:\/\/www.immobilienbusiness.ch\/#organization","name":"IMMOBILIER Business","url":"https:\/\/www.immobilienbusiness.ch\/","logo":{"@type":"ImageObject","inLanguage":"fr-FR","@id":"https:\/\/www.immobilienbusiness.ch\/#\/schema\/logo\/image\/","url":"https:\/\/www.immobilienbusiness.ch\/wp-content\/uploads\/2021\/07\/logo_ib.png","contentUrl":"https:\/\/www.immobilienbusiness.ch\/wp-content\/uploads\/2021\/07\/logo_ib.png","width":800,"height":181,"caption":"IMMOBILIEN Business"},"image":{"@id":"https:\/\/www.immobilienbusiness.ch\/#\/schema\/logo\/image\/"},"sameAs":["https:\/\/www.facebook.com\/immobilienbusiness\/"]},{"@type":"Person","@id":"https:\/\/www.immobilienbusiness.ch\/#\/schema\/person\/3fc036297b10b9f42d6db5ee932af8c8","name":"anja.hall","image":{"@type":"ImageObject","inLanguage":"fr-FR","@id":"https:\/\/secure.gravatar.com\/avatar\/066b5a0d447013502c71a5782f4f3469f03cfe595cc2329fb94652fe47511bfb?s=96&d=mm&r=g","url":"https:\/\/secure.gravatar.com\/avatar\/066b5a0d447013502c71a5782f4f3469f03cfe595cc2329fb94652fe47511bfb?s=96&d=mm&r=g","contentUrl":"https:\/\/secure.gravatar.com\/avatar\/066b5a0d447013502c71a5782f4f3469f03cfe595cc2329fb94652fe47511bfb?s=96&d=mm&r=g","caption":"anja.hall"},"url":"https:\/\/www.immobilienbusiness.ch\/fr\/author\/anja-hall\/"}]}},"_links":{"self":[{"href":"https:\/\/www.immobilienbusiness.ch\/fr\/wp-json\/wp\/v2\/posts\/8853","targetHints":{"allow":["GET"]}}],"collection":[{"href":"https:\/\/www.immobilienbusiness.ch\/fr\/wp-json\/wp\/v2\/posts"}],"about":[{"href":"https:\/\/www.immobilienbusiness.ch\/fr\/wp-json\/wp\/v2\/types\/post"}],"author":[{"embeddable":true,"href":"https:\/\/www.immobilienbusiness.ch\/fr\/wp-json\/wp\/v2\/users\/3"}],"replies":[{"embeddable":true,"href":"https:\/\/www.immobilienbusiness.ch\/fr\/wp-json\/wp\/v2\/comments?post=8853"}],"version-history":[{"count":0,"href":"https:\/\/www.immobilienbusiness.ch\/fr\/wp-json\/wp\/v2\/posts\/8853\/revisions"}],"wp:featuredmedia":[{"embeddable":true,"href":"https:\/\/www.immobilienbusiness.ch\/fr\/wp-json\/wp\/v2\/media\/8854"}],"wp:attachment":[{"href":"https:\/\/www.immobilienbusiness.ch\/fr\/wp-json\/wp\/v2\/media?parent=8853"}],"wp:term":[{"taxonomy":"category","embeddable":true,"href":"https:\/\/www.immobilienbusiness.ch\/fr\/wp-json\/wp\/v2\/categories?post=8853"},{"taxonomy":"post_tag","embeddable":true,"href":"https:\/\/www.immobilienbusiness.ch\/fr\/wp-json\/wp\/v2\/tags?post=8853"}],"curies":[{"name":"wp","href":"https:\/\/api.w.org\/{rel}","templated":true}]}}