{"id":8834,"date":"2017-08-24T09:59:30","date_gmt":"2017-08-24T07:59:30","guid":{"rendered":"https:\/\/www.immobilienbusiness.ch\/?p=8834"},"modified":"2017-08-24T09:59:30","modified_gmt":"2017-08-24T07:59:30","slug":"implenia-verlust-im-ersten-halbjahr","status":"publish","type":"post","link":"https:\/\/www.immobilienbusiness.ch\/fr\/unternehmen\/2017-08-24\/implenia-verlust-im-ersten-halbjahr\/","title":{"rendered":"Implenia : perte au premier semestre"},"content":{"rendered":"<figure id=\"attachment_6428\" aria-describedby=\"caption-attachment-6428\" style=\"width: 680px\" class=\"wp-caption alignnone\"><img loading=\"lazy\" decoding=\"async\" class=\"size-medium wp-image-6428\" src=\"https:\/\/www.immobilienbusiness.ch\/wp-content\/uploads\/2017\/02\/swissmill-kran_1.jpg\" alt=\"\" width=\"680\" height=\"383\" srcset=\"https:\/\/www.immobilienbusiness.ch\/wp-content\/uploads\/2017\/02\/swissmill-kran_1.jpg 2560w, https:\/\/www.immobilienbusiness.ch\/wp-content\/uploads\/2017\/02\/swissmill-kran_1-300x169.jpg 300w, https:\/\/www.immobilienbusiness.ch\/wp-content\/uploads\/2017\/02\/swissmill-kran_1-1024x576.jpg 1024w, https:\/\/www.immobilienbusiness.ch\/wp-content\/uploads\/2017\/02\/swissmill-kran_1-768x432.jpg 768w, https:\/\/www.immobilienbusiness.ch\/wp-content\/uploads\/2017\/02\/swissmill-kran_1-1536x864.jpg 1536w, https:\/\/www.immobilienbusiness.ch\/wp-content\/uploads\/2017\/02\/swissmill-kran_1-2048x1152.jpg 2048w, https:\/\/www.immobilienbusiness.ch\/wp-content\/uploads\/2017\/02\/swissmill-kran_1-16x9.jpg 16w, https:\/\/www.immobilienbusiness.ch\/wp-content\/uploads\/2017\/02\/swissmill-kran_1-311x175.jpg 311w, https:\/\/www.immobilienbusiness.ch\/wp-content\/uploads\/2017\/02\/swissmill-kran_1-622x350.jpg 622w, https:\/\/www.immobilienbusiness.ch\/wp-content\/uploads\/2017\/02\/swissmill-kran_1-1422x800.jpg 1422w, https:\/\/www.immobilienbusiness.ch\/wp-content\/uploads\/2017\/02\/swissmill-kran_1-920x518.jpg 920w, https:\/\/www.immobilienbusiness.ch\/wp-content\/uploads\/2017\/02\/swissmill-kran_1-1400x788.jpg 1400w\" sizes=\"auto, (max-width: 680px) 100vw, 680px\" \/><figcaption id=\"caption-attachment-6428\" class=\"wp-caption-text\">Implenia enregistre des pertes au premier semestre 2017 (Photo : Implenia)<\/figcaption><\/figure>\n<p>Au premier semestre de cette ann\u00e9e, le chiffre d'affaires d'Implenia a atteint CHF 1,69 milliard, contre CHF 1,57 milliard \u00e0 la m\u00eame p\u00e9riode de l'ann\u00e9e pr\u00e9c\u00e9dente. Au niveau de l'EBITDA, le Groupe a r\u00e9alis\u00e9 un r\u00e9sultat de 34,5 millions (ann\u00e9e pr\u00e9c\u00e9dente : 53,8 millions). Si l'on exclut les co\u00fbts d'amortissement des actifs incorporels (PPA) acquis dans le cadre des rachats de Bilfinger Construction et Bilfinger Hochbau, l'EBIT des secteurs d'activit\u00e9 se situe \u00e0 0,1 million (ann\u00e9e pr\u00e9c\u00e9dente retrait\u00e9 : 31,5 millions).<\/p>\n<p>Le r\u00e9sultat op\u00e9rationnel (y compris PPA) s'est \u00e9tabli \u00e0 -9,6 millions, alors que ce chiffre \u00e9tait encore de 19,5 millions l'ann\u00e9e pr\u00e9c\u00e9dente. Au final, le r\u00e9sultat du groupe est n\u00e9gatif de 11,9 millions, alors qu'Implenia avait r\u00e9alis\u00e9 un b\u00e9n\u00e9fice de 9,2 millions l'ann\u00e9e pr\u00e9c\u00e9dente. Sans les ajustements financiers, le r\u00e9sultat consolid\u00e9 s'\u00e9l\u00e8ve \u00e0 15,8 millions.<\/p>\n<p>Parmi les raisons de cette perte, Implenia cite les ajustements apport\u00e9s au portefeuille de projets en Norv\u00e8ge ainsi que les cr\u00e9ances li\u00e9es aux proc\u00e9dures en suspens concernant le stade du Letzigrund. En outre, les mesures d'optimisation prises dans le secteur des surfaces en Suisse ont \u00e9t\u00e9 acc\u00e9l\u00e9r\u00e9es.<\/p>\n<p>Malgr\u00e9 les difficult\u00e9s, Implenia se dit \"confiante pour les mois \u00e0 venir et au-del\u00e0\". Les autres secteurs d'activit\u00e9 sont sur la bonne voie et affichent des r\u00e9sultats bons \u00e0 tr\u00e8s bons pour le premier semestre. A fin juin 2017, le carnet de commandes s'\u00e9levait \u00e0 6,1 milliards, soit nettement plus que les 5,2 milliards de l'ann\u00e9e pr\u00e9c\u00e9dente.<\/p>\n<p>Pour l'ann\u00e9e en cours, Implenia s'attend \u00e0 un EBIT des secteurs d'activit\u00e9 l\u00e9g\u00e8rement inf\u00e9rieur \u00e0 100 millions. L'entreprise maintient ses objectifs \u00e0 moyen terme, \u00e0 savoir un volume top line d'environ cinq milliards et une marge EBITDA comprise entre 5,25% et 5,75%.<\/p>","protected":false},"excerpt":{"rendered":"<p>Au premier semestre 2017, Implenia a certes augment\u00e9 son chiffre d'affaires, mais doit enregistrer une perte de CHF 11,9 millions. Les raisons en sont des probl\u00e8mes dans les affaires norv\u00e9giennes et des cr\u00e9ances li\u00e9es aux proc\u00e9dures en suspens concernant le stade du Letzigrund.<\/p>","protected":false},"author":3,"featured_media":4675,"comment_status":"open","ping_status":"open","sticky":false,"template":"","format":"standard","meta":{"_acf_changed":false,"_yoast_wpseo_focuskw":"Implenia","_yoast_wpseo_title":"","_yoast_wpseo_metadesc":"Implenia hat im ersten Halbjahr 2017 zwar den Umsatz gesteigert, muss aber einen Verlust von 11,9 Millionen CHF verbuchen.","_yoast_wpseo_linkdex":55,"pgc_sgb_lightbox_settings":"","footnotes":""},"categories":[988],"tags":[1266,1807],"class_list":["post-8834","post","type-post","status-publish","format-standard","has-post-thumbnail","hentry","category-unternehmen","tag-geschaeftszahlen","tag-unternehmen"],"acf":[],"yoast_head":"<!-- This site is optimized with the Yoast SEO plugin v27.5 - https:\/\/yoast.com\/product\/yoast-seo-wordpress\/ -->\n<title>Implenia: Verlust im ersten Halbjahr - IMMOBILIEN Business<\/title>\n<meta name=\"description\" content=\"Implenia hat im ersten Halbjahr 2017 zwar den Umsatz gesteigert, muss aber einen Verlust von 11,9 Millionen CHF verbuchen.\" \/>\n<meta name=\"robots\" content=\"index, follow, max-snippet:-1, max-image-preview:large, max-video-preview:-1\" \/>\n<link rel=\"canonical\" href=\"https:\/\/www.immobilienbusiness.ch\/fr\/unternehmen\/2017-08-24\/implenia-verlust-im-ersten-halbjahr\/\" \/>\n<meta property=\"og:locale\" content=\"fr_FR\" \/>\n<meta property=\"og:type\" content=\"article\" \/>\n<meta property=\"og:title\" content=\"Implenia: Verlust im ersten Halbjahr\" \/>\n<meta property=\"og:description\" content=\"Implenia hat im ersten Halbjahr 2017 zwar den Umsatz gesteigert, muss aber einen Verlust von 11,9 Millionen CHF verbuchen.\" \/>\n<meta property=\"og:url\" content=\"https:\/\/www.immobilienbusiness.ch\/fr\/unternehmen\/2017-08-24\/implenia-verlust-im-ersten-halbjahr\/\" \/>\n<meta property=\"og:site_name\" content=\"IMMOBILIEN Business\" \/>\n<meta property=\"article:publisher\" content=\"https:\/\/www.facebook.com\/immobilienbusiness\/\" \/>\n<meta property=\"article:published_time\" content=\"2017-08-24T07:59:30+00:00\" \/>\n<meta property=\"og:image\" content=\"https:\/\/www.immobilienbusiness.ch\/wp-content\/uploads\/2015\/08\/Implenia-macht-mehr-Umsatz-aber-weniger-Gewinn-immobilien-business-1024x576.jpg\" \/>\n\t<meta property=\"og:image:width\" content=\"1024\" \/>\n\t<meta property=\"og:image:height\" content=\"576\" \/>\n\t<meta property=\"og:image:type\" content=\"image\/jpeg\" \/>\n<meta name=\"author\" content=\"anja.hall\" \/>\n<meta name=\"twitter:card\" content=\"summary_large_image\" \/>\n<meta name=\"twitter:title\" content=\"Implenia: Verlust im ersten Halbjahr\" \/>\n<meta name=\"twitter:description\" content=\"Implenia hat im ersten Halbjahr 2017 zwar den Umsatz gesteigert, muss aber einen Verlust von 11,9 Millionen CHF verbuchen.\" \/>\n<meta name=\"twitter:image\" content=\"https:\/\/www.immobilienbusiness.ch\/wp-content\/uploads\/2015\/08\/Implenia-macht-mehr-Umsatz-aber-weniger-Gewinn-immobilien-business.jpg\" \/>\n<script type=\"application\/ld+json\" class=\"yoast-schema-graph\">{\"@context\":\"https:\\\/\\\/schema.org\",\"@graph\":[{\"@type\":\"Article\",\"@id\":\"https:\\\/\\\/www.immobilienbusiness.ch\\\/unternehmen\\\/2017-08-24\\\/implenia-verlust-im-ersten-halbjahr\\\/#article\",\"isPartOf\":{\"@id\":\"https:\\\/\\\/www.immobilienbusiness.ch\\\/unternehmen\\\/2017-08-24\\\/implenia-verlust-im-ersten-halbjahr\\\/\"},\"author\":{\"name\":\"anja.hall\",\"@id\":\"https:\\\/\\\/www.immobilienbusiness.ch\\\/#\\\/schema\\\/person\\\/3fc036297b10b9f42d6db5ee932af8c8\"},\"headline\":\"Implenia: Verlust im ersten Halbjahr\",\"datePublished\":\"2017-08-24T07:59:30+00:00\",\"mainEntityOfPage\":{\"@id\":\"https:\\\/\\\/www.immobilienbusiness.ch\\\/unternehmen\\\/2017-08-24\\\/implenia-verlust-im-ersten-halbjahr\\\/\"},\"wordCount\":256,\"commentCount\":0,\"publisher\":{\"@id\":\"https:\\\/\\\/www.immobilienbusiness.ch\\\/#organization\"},\"image\":{\"@id\":\"https:\\\/\\\/www.immobilienbusiness.ch\\\/unternehmen\\\/2017-08-24\\\/implenia-verlust-im-ersten-halbjahr\\\/#primaryimage\"},\"thumbnailUrl\":\"https:\\\/\\\/www.immobilienbusiness.ch\\\/wp-content\\\/uploads\\\/2015\\\/08\\\/Implenia-macht-mehr-Umsatz-aber-weniger-Gewinn-immobilien-business.jpg\",\"keywords\":[\"Gesch\u00e4ftszahlen\",\"Unternehmen\"],\"articleSection\":[\"UNTERNEHMEN\"],\"inLanguage\":\"fr-FR\"},{\"@type\":\"WebPage\",\"@id\":\"https:\\\/\\\/www.immobilienbusiness.ch\\\/unternehmen\\\/2017-08-24\\\/implenia-verlust-im-ersten-halbjahr\\\/\",\"url\":\"https:\\\/\\\/www.immobilienbusiness.ch\\\/unternehmen\\\/2017-08-24\\\/implenia-verlust-im-ersten-halbjahr\\\/\",\"name\":\"Implenia: Verlust im ersten Halbjahr - IMMOBILIEN Business\",\"isPartOf\":{\"@id\":\"https:\\\/\\\/www.immobilienbusiness.ch\\\/#website\"},\"primaryImageOfPage\":{\"@id\":\"https:\\\/\\\/www.immobilienbusiness.ch\\\/unternehmen\\\/2017-08-24\\\/implenia-verlust-im-ersten-halbjahr\\\/#primaryimage\"},\"image\":{\"@id\":\"https:\\\/\\\/www.immobilienbusiness.ch\\\/unternehmen\\\/2017-08-24\\\/implenia-verlust-im-ersten-halbjahr\\\/#primaryimage\"},\"thumbnailUrl\":\"https:\\\/\\\/www.immobilienbusiness.ch\\\/wp-content\\\/uploads\\\/2015\\\/08\\\/Implenia-macht-mehr-Umsatz-aber-weniger-Gewinn-immobilien-business.jpg\",\"datePublished\":\"2017-08-24T07:59:30+00:00\",\"description\":\"Implenia hat im ersten Halbjahr 2017 zwar den Umsatz gesteigert, muss aber einen Verlust von 11,9 Millionen CHF verbuchen.\",\"breadcrumb\":{\"@id\":\"https:\\\/\\\/www.immobilienbusiness.ch\\\/unternehmen\\\/2017-08-24\\\/implenia-verlust-im-ersten-halbjahr\\\/#breadcrumb\"},\"inLanguage\":\"fr-FR\",\"potentialAction\":[{\"@type\":\"ReadAction\",\"target\":[\"https:\\\/\\\/www.immobilienbusiness.ch\\\/unternehmen\\\/2017-08-24\\\/implenia-verlust-im-ersten-halbjahr\\\/\"]}]},{\"@type\":\"ImageObject\",\"inLanguage\":\"fr-FR\",\"@id\":\"https:\\\/\\\/www.immobilienbusiness.ch\\\/unternehmen\\\/2017-08-24\\\/implenia-verlust-im-ersten-halbjahr\\\/#primaryimage\",\"url\":\"https:\\\/\\\/www.immobilienbusiness.ch\\\/wp-content\\\/uploads\\\/2015\\\/08\\\/Implenia-macht-mehr-Umsatz-aber-weniger-Gewinn-immobilien-business.jpg\",\"contentUrl\":\"https:\\\/\\\/www.immobilienbusiness.ch\\\/wp-content\\\/uploads\\\/2015\\\/08\\\/Implenia-macht-mehr-Umsatz-aber-weniger-Gewinn-immobilien-business.jpg\",\"width\":2560,\"height\":1440,\"caption\":\"(Foto: Implenia AG)\"},{\"@type\":\"BreadcrumbList\",\"@id\":\"https:\\\/\\\/www.immobilienbusiness.ch\\\/unternehmen\\\/2017-08-24\\\/implenia-verlust-im-ersten-halbjahr\\\/#breadcrumb\",\"itemListElement\":[{\"@type\":\"ListItem\",\"position\":1,\"name\":\"Home\",\"item\":\"https:\\\/\\\/www.immobilienbusiness.ch\\\/\"},{\"@type\":\"ListItem\",\"position\":2,\"name\":\"Implenia: Verlust im ersten Halbjahr\"}]},{\"@type\":\"WebSite\",\"@id\":\"https:\\\/\\\/www.immobilienbusiness.ch\\\/#website\",\"url\":\"https:\\\/\\\/www.immobilienbusiness.ch\\\/\",\"name\":\"IMMOBILIEN Business\",\"description\":\"Unabh\u00e4ngiges Schweizer Wirtschaftsmagazin mit Fokus auf Immobilien, Architektur- und Bau sowie Investment- und Finanzierung.\",\"publisher\":{\"@id\":\"https:\\\/\\\/www.immobilienbusiness.ch\\\/#organization\"},\"potentialAction\":[{\"@type\":\"SearchAction\",\"target\":{\"@type\":\"EntryPoint\",\"urlTemplate\":\"https:\\\/\\\/www.immobilienbusiness.ch\\\/?s={search_term_string}\"},\"query-input\":{\"@type\":\"PropertyValueSpecification\",\"valueRequired\":true,\"valueName\":\"search_term_string\"}}],\"inLanguage\":\"fr-FR\"},{\"@type\":\"Organization\",\"@id\":\"https:\\\/\\\/www.immobilienbusiness.ch\\\/#organization\",\"name\":\"IMMOBILIEN Business\",\"url\":\"https:\\\/\\\/www.immobilienbusiness.ch\\\/\",\"logo\":{\"@type\":\"ImageObject\",\"inLanguage\":\"fr-FR\",\"@id\":\"https:\\\/\\\/www.immobilienbusiness.ch\\\/#\\\/schema\\\/logo\\\/image\\\/\",\"url\":\"https:\\\/\\\/www.immobilienbusiness.ch\\\/wp-content\\\/uploads\\\/2021\\\/07\\\/logo_ib.png\",\"contentUrl\":\"https:\\\/\\\/www.immobilienbusiness.ch\\\/wp-content\\\/uploads\\\/2021\\\/07\\\/logo_ib.png\",\"width\":800,\"height\":181,\"caption\":\"IMMOBILIEN Business\"},\"image\":{\"@id\":\"https:\\\/\\\/www.immobilienbusiness.ch\\\/#\\\/schema\\\/logo\\\/image\\\/\"},\"sameAs\":[\"https:\\\/\\\/www.facebook.com\\\/immobilienbusiness\\\/\"]},{\"@type\":\"Person\",\"@id\":\"https:\\\/\\\/www.immobilienbusiness.ch\\\/#\\\/schema\\\/person\\\/3fc036297b10b9f42d6db5ee932af8c8\",\"name\":\"anja.hall\",\"image\":{\"@type\":\"ImageObject\",\"inLanguage\":\"fr-FR\",\"@id\":\"https:\\\/\\\/secure.gravatar.com\\\/avatar\\\/066b5a0d447013502c71a5782f4f3469f03cfe595cc2329fb94652fe47511bfb?s=96&d=mm&r=g\",\"url\":\"https:\\\/\\\/secure.gravatar.com\\\/avatar\\\/066b5a0d447013502c71a5782f4f3469f03cfe595cc2329fb94652fe47511bfb?s=96&d=mm&r=g\",\"contentUrl\":\"https:\\\/\\\/secure.gravatar.com\\\/avatar\\\/066b5a0d447013502c71a5782f4f3469f03cfe595cc2329fb94652fe47511bfb?s=96&d=mm&r=g\",\"caption\":\"anja.hall\"},\"url\":\"https:\\\/\\\/www.immobilienbusiness.ch\\\/fr\\\/author\\\/anja-hall\\\/\"}]}<\/script>\n<!-- \/ Yoast SEO plugin. -->","yoast_head_json":{"title":"Implenia : perte au premier semestre - IMMOBILIER Business","description":"Au premier semestre 2017, Implenia a certes augment\u00e9 son chiffre d'affaires, mais doit enregistrer une perte de CHF 11,9 millions.","robots":{"index":"index","follow":"follow","max-snippet":"max-snippet:-1","max-image-preview":"max-image-preview:large","max-video-preview":"max-video-preview:-1"},"canonical":"https:\/\/www.immobilienbusiness.ch\/fr\/unternehmen\/2017-08-24\/implenia-verlust-im-ersten-halbjahr\/","og_locale":"fr_FR","og_type":"article","og_title":"Implenia: Verlust im ersten Halbjahr","og_description":"Implenia hat im ersten Halbjahr 2017 zwar den Umsatz gesteigert, muss aber einen Verlust von 11,9 Millionen CHF verbuchen.","og_url":"https:\/\/www.immobilienbusiness.ch\/fr\/unternehmen\/2017-08-24\/implenia-verlust-im-ersten-halbjahr\/","og_site_name":"IMMOBILIEN Business","article_publisher":"https:\/\/www.facebook.com\/immobilienbusiness\/","article_published_time":"2017-08-24T07:59:30+00:00","og_image":[{"width":1024,"height":576,"url":"https:\/\/www.immobilienbusiness.ch\/wp-content\/uploads\/2015\/08\/Implenia-macht-mehr-Umsatz-aber-weniger-Gewinn-immobilien-business-1024x576.jpg","type":"image\/jpeg"}],"author":"anja.hall","twitter_card":"summary_large_image","twitter_title":"Implenia: Verlust im ersten Halbjahr","twitter_description":"Implenia hat im ersten Halbjahr 2017 zwar den Umsatz gesteigert, muss aber einen Verlust von 11,9 Millionen CHF verbuchen.","twitter_image":"https:\/\/www.immobilienbusiness.ch\/wp-content\/uploads\/2015\/08\/Implenia-macht-mehr-Umsatz-aber-weniger-Gewinn-immobilien-business.jpg","schema":{"@context":"https:\/\/schema.org","@graph":[{"@type":"Article","@id":"https:\/\/www.immobilienbusiness.ch\/unternehmen\/2017-08-24\/implenia-verlust-im-ersten-halbjahr\/#article","isPartOf":{"@id":"https:\/\/www.immobilienbusiness.ch\/unternehmen\/2017-08-24\/implenia-verlust-im-ersten-halbjahr\/"},"author":{"name":"anja.hall","@id":"https:\/\/www.immobilienbusiness.ch\/#\/schema\/person\/3fc036297b10b9f42d6db5ee932af8c8"},"headline":"Implenia: Verlust im ersten Halbjahr","datePublished":"2017-08-24T07:59:30+00:00","mainEntityOfPage":{"@id":"https:\/\/www.immobilienbusiness.ch\/unternehmen\/2017-08-24\/implenia-verlust-im-ersten-halbjahr\/"},"wordCount":256,"commentCount":0,"publisher":{"@id":"https:\/\/www.immobilienbusiness.ch\/#organization"},"image":{"@id":"https:\/\/www.immobilienbusiness.ch\/unternehmen\/2017-08-24\/implenia-verlust-im-ersten-halbjahr\/#primaryimage"},"thumbnailUrl":"https:\/\/www.immobilienbusiness.ch\/wp-content\/uploads\/2015\/08\/Implenia-macht-mehr-Umsatz-aber-weniger-Gewinn-immobilien-business.jpg","keywords":["Gesch\u00e4ftszahlen","Unternehmen"],"articleSection":["UNTERNEHMEN"],"inLanguage":"fr-FR"},{"@type":"WebPage","@id":"https:\/\/www.immobilienbusiness.ch\/unternehmen\/2017-08-24\/implenia-verlust-im-ersten-halbjahr\/","url":"https:\/\/www.immobilienbusiness.ch\/unternehmen\/2017-08-24\/implenia-verlust-im-ersten-halbjahr\/","name":"Implenia : perte au premier semestre - IMMOBILIER Business","isPartOf":{"@id":"https:\/\/www.immobilienbusiness.ch\/#website"},"primaryImageOfPage":{"@id":"https:\/\/www.immobilienbusiness.ch\/unternehmen\/2017-08-24\/implenia-verlust-im-ersten-halbjahr\/#primaryimage"},"image":{"@id":"https:\/\/www.immobilienbusiness.ch\/unternehmen\/2017-08-24\/implenia-verlust-im-ersten-halbjahr\/#primaryimage"},"thumbnailUrl":"https:\/\/www.immobilienbusiness.ch\/wp-content\/uploads\/2015\/08\/Implenia-macht-mehr-Umsatz-aber-weniger-Gewinn-immobilien-business.jpg","datePublished":"2017-08-24T07:59:30+00:00","description":"Au premier semestre 2017, Implenia a certes augment\u00e9 son chiffre d'affaires, mais doit enregistrer une perte de CHF 11,9 millions.","breadcrumb":{"@id":"https:\/\/www.immobilienbusiness.ch\/unternehmen\/2017-08-24\/implenia-verlust-im-ersten-halbjahr\/#breadcrumb"},"inLanguage":"fr-FR","potentialAction":[{"@type":"ReadAction","target":["https:\/\/www.immobilienbusiness.ch\/unternehmen\/2017-08-24\/implenia-verlust-im-ersten-halbjahr\/"]}]},{"@type":"ImageObject","inLanguage":"fr-FR","@id":"https:\/\/www.immobilienbusiness.ch\/unternehmen\/2017-08-24\/implenia-verlust-im-ersten-halbjahr\/#primaryimage","url":"https:\/\/www.immobilienbusiness.ch\/wp-content\/uploads\/2015\/08\/Implenia-macht-mehr-Umsatz-aber-weniger-Gewinn-immobilien-business.jpg","contentUrl":"https:\/\/www.immobilienbusiness.ch\/wp-content\/uploads\/2015\/08\/Implenia-macht-mehr-Umsatz-aber-weniger-Gewinn-immobilien-business.jpg","width":2560,"height":1440,"caption":"(Foto: Implenia AG)"},{"@type":"BreadcrumbList","@id":"https:\/\/www.immobilienbusiness.ch\/unternehmen\/2017-08-24\/implenia-verlust-im-ersten-halbjahr\/#breadcrumb","itemListElement":[{"@type":"ListItem","position":1,"name":"Home","item":"https:\/\/www.immobilienbusiness.ch\/"},{"@type":"ListItem","position":2,"name":"Implenia: Verlust im ersten Halbjahr"}]},{"@type":"WebSite","@id":"https:\/\/www.immobilienbusiness.ch\/#website","url":"https:\/\/www.immobilienbusiness.ch\/","name":"IMMOBILIER Business","description":"Magazine \u00e9conomique suisse ind\u00e9pendant ax\u00e9 sur l'immobilier, l'architecture et la construction ainsi que sur les investissements et le financement.","publisher":{"@id":"https:\/\/www.immobilienbusiness.ch\/#organization"},"potentialAction":[{"@type":"SearchAction","target":{"@type":"EntryPoint","urlTemplate":"https:\/\/www.immobilienbusiness.ch\/?s={search_term_string}"},"query-input":{"@type":"PropertyValueSpecification","valueRequired":true,"valueName":"search_term_string"}}],"inLanguage":"fr-FR"},{"@type":"Organization","@id":"https:\/\/www.immobilienbusiness.ch\/#organization","name":"IMMOBILIER Business","url":"https:\/\/www.immobilienbusiness.ch\/","logo":{"@type":"ImageObject","inLanguage":"fr-FR","@id":"https:\/\/www.immobilienbusiness.ch\/#\/schema\/logo\/image\/","url":"https:\/\/www.immobilienbusiness.ch\/wp-content\/uploads\/2021\/07\/logo_ib.png","contentUrl":"https:\/\/www.immobilienbusiness.ch\/wp-content\/uploads\/2021\/07\/logo_ib.png","width":800,"height":181,"caption":"IMMOBILIEN Business"},"image":{"@id":"https:\/\/www.immobilienbusiness.ch\/#\/schema\/logo\/image\/"},"sameAs":["https:\/\/www.facebook.com\/immobilienbusiness\/"]},{"@type":"Person","@id":"https:\/\/www.immobilienbusiness.ch\/#\/schema\/person\/3fc036297b10b9f42d6db5ee932af8c8","name":"anja.hall","image":{"@type":"ImageObject","inLanguage":"fr-FR","@id":"https:\/\/secure.gravatar.com\/avatar\/066b5a0d447013502c71a5782f4f3469f03cfe595cc2329fb94652fe47511bfb?s=96&d=mm&r=g","url":"https:\/\/secure.gravatar.com\/avatar\/066b5a0d447013502c71a5782f4f3469f03cfe595cc2329fb94652fe47511bfb?s=96&d=mm&r=g","contentUrl":"https:\/\/secure.gravatar.com\/avatar\/066b5a0d447013502c71a5782f4f3469f03cfe595cc2329fb94652fe47511bfb?s=96&d=mm&r=g","caption":"anja.hall"},"url":"https:\/\/www.immobilienbusiness.ch\/fr\/author\/anja-hall\/"}]}},"_links":{"self":[{"href":"https:\/\/www.immobilienbusiness.ch\/fr\/wp-json\/wp\/v2\/posts\/8834","targetHints":{"allow":["GET"]}}],"collection":[{"href":"https:\/\/www.immobilienbusiness.ch\/fr\/wp-json\/wp\/v2\/posts"}],"about":[{"href":"https:\/\/www.immobilienbusiness.ch\/fr\/wp-json\/wp\/v2\/types\/post"}],"author":[{"embeddable":true,"href":"https:\/\/www.immobilienbusiness.ch\/fr\/wp-json\/wp\/v2\/users\/3"}],"replies":[{"embeddable":true,"href":"https:\/\/www.immobilienbusiness.ch\/fr\/wp-json\/wp\/v2\/comments?post=8834"}],"version-history":[{"count":0,"href":"https:\/\/www.immobilienbusiness.ch\/fr\/wp-json\/wp\/v2\/posts\/8834\/revisions"}],"wp:featuredmedia":[{"embeddable":true,"href":"https:\/\/www.immobilienbusiness.ch\/fr\/wp-json\/wp\/v2\/media\/4675"}],"wp:attachment":[{"href":"https:\/\/www.immobilienbusiness.ch\/fr\/wp-json\/wp\/v2\/media?parent=8834"}],"wp:term":[{"taxonomy":"category","embeddable":true,"href":"https:\/\/www.immobilienbusiness.ch\/fr\/wp-json\/wp\/v2\/categories?post=8834"},{"taxonomy":"post_tag","embeddable":true,"href":"https:\/\/www.immobilienbusiness.ch\/fr\/wp-json\/wp\/v2\/tags?post=8834"}],"curies":[{"name":"wp","href":"https:\/\/api.w.org\/{rel}","templated":true}]}}