{"id":8670,"date":"2017-08-14T08:50:21","date_gmt":"2017-08-14T06:50:21","guid":{"rendered":"https:\/\/www.immobilienbusiness.ch\/?p=8670"},"modified":"2017-08-14T08:50:21","modified_gmt":"2017-08-14T06:50:21","slug":"arbonia-mit-deutlichem-umsatzplus","status":"publish","type":"post","link":"https:\/\/www.immobilienbusiness.ch\/fr\/unternehmen\/2017-08-14\/arbonia-mit-deutlichem-umsatzplus\/","title":{"rendered":"Arbonia affiche une nette hausse de son chiffre d'affaires"},"content":{"rendered":"<figure id=\"attachment_7124\" aria-describedby=\"caption-attachment-7124\" style=\"width: 640px\" class=\"wp-caption alignnone\"><img loading=\"lazy\" decoding=\"async\" class=\"size-full wp-image-7124\" src=\"https:\/\/www.immobilienbusiness.ch\/wp-content\/uploads\/2017\/04\/IB-News-10042017-UBS-Kapitalerh\u00f6hung-Fonds-Swissreal.jpg\" alt=\"\" width=\"640\" height=\"426\" \/><figcaption id=\"caption-attachment-7124\" class=\"wp-caption-text\">Le fournisseur du b\u00e2timent Arbonia annonce une hausse de 36% de son chiffre d'affaires (Image : Pixabay)<\/figcaption><\/figure>\n<p>Comme l'indique Arbonia, l'\u00e9volution positive a \u00e9t\u00e9 influenc\u00e9e de mani\u00e8re d\u00e9terminante par les soci\u00e9t\u00e9s du groupe Looser - Pr\u00fcm, Garant et Invado - reprises fin 2016, ainsi que par le groupe Koralle, consolid\u00e9 depuis octobre 2016. La croissance organique, c'est-\u00e0-dire sans les contributions de Looser et de Koralle, a \u00e9t\u00e9 n\u00e9gative avec -1,8 pour cent.<\/p>\n<p>Au premier semestre, l'EBITDA est pass\u00e9 de 27,3 millions de CHF l'ann\u00e9e pr\u00e9c\u00e9dente \u00e0 44,6 millions ; corrig\u00e9 des effets exceptionnels, il est pass\u00e9 de 23,3 \u00e0 45,9 millions. L'EBIT est pass\u00e9 de 5,7 \u00e0 12,6 millions (apr\u00e8s ajustement : de 4,2 \u00e0 13,2 millions).<\/p>\n<p>Avec les activit\u00e9s poursuivies, Arbonia a r\u00e9alis\u00e9 un r\u00e9sultat apr\u00e8s imp\u00f4ts de 5,4 millions, respectivement de 6,2 millions sans les effets exceptionnels. L'ann\u00e9e pr\u00e9c\u00e9dente, une perte de -3,5 millions (corrig\u00e9e : -5,3 millions) avait encore \u00e9t\u00e9 enregistr\u00e9e. Le taux de fonds propres a augment\u00e9 par rapport \u00e0 la fin de l'ann\u00e9e 2016, passant de 47,9% \u00e0 49%.<\/p>\n<p>Jusqu'\u00e0 pr\u00e9sent, la Suisse \u00e9tait le march\u00e9 le plus important d'Arbonia, mais cela a chang\u00e9 suite \u00e0 la reprise des soci\u00e9t\u00e9s Looser : Le plus grand march\u00e9 de l'entreprise est d\u00e9sormais l'Allemagne, suivie de la Suisse, de la Pologne ainsi que de la Slovaquie et de la R\u00e9publique tch\u00e8que. Sur ces march\u00e9s cl\u00e9s, Arbonia a r\u00e9alis\u00e9 environ 80 pour cent de tous ses chiffres d'affaires au premier semestre 2017.<\/p>\n<p>Pour l'ensemble de l'ann\u00e9e 2017, Arbonia - y compris le groupe Condecta - table sur un chiffre d'affaires net de l'ordre de 1,3 milliard et un EBITDA de plus de 110 millions. Le taux de fonds propres devrait se situer autour de 50 pour cent fin 2017. En cas de vente du groupe Condecta durant l'exercice en cours, l'endettement net devrait \u00eatre inf\u00e9rieur \u00e0 100 millions.<\/p>\n<p>En 2018, Arbonia veut atteindre un chiffre d'affaires net d'environ 1,4 milliard et un EBITDA de 150 millions. Une vente du groupe Condecta pourrait r\u00e9duire l'EBITDA de l'ordre de 15 \u00e0 20 millions. Au plus tard \u00e0 partir de 2019, l'entreprise veut \u00e0 nouveau g\u00e9n\u00e9rer un free cash-flow positif durable et distribuer \u00e0 nouveau un dividende.<\/p>","protected":false},"excerpt":{"rendered":"<p>Au premier semestre 2017, le fournisseur du b\u00e2timent Arbonia a augment\u00e9 son chiffre d'affaires consolid\u00e9 de 36% \u00e0 624,4 millions. Les responsables de cette croissance sont avant tout les rachats des groupes Looser et Koralle.<\/p>","protected":false},"author":3,"featured_media":7124,"comment_status":"open","ping_status":"open","sticky":false,"template":"","format":"standard","meta":{"_acf_changed":false,"_yoast_wpseo_focuskw":"Arbonia","_yoast_wpseo_title":"","_yoast_wpseo_metadesc":"Der Bauzulieferer Arbonia hat im ersten Halbjahr 2017 seinen Umsatz um 36 Prozent auf 624,4 Millionen gesteigert - dank der Zuk\u00e4ufe von Looser und Koralle.","_yoast_wpseo_linkdex":85,"pgc_sgb_lightbox_settings":"","footnotes":""},"categories":[988],"tags":[1083,1266,1807],"class_list":["post-8670","post","type-post","status-publish","format-standard","has-post-thumbnail","hentry","category-unternehmen","tag-bauzulieferer","tag-geschaeftszahlen","tag-unternehmen"],"acf":[],"yoast_head":"<!-- This site is optimized with the Yoast SEO plugin v27.5 - https:\/\/yoast.com\/product\/yoast-seo-wordpress\/ -->\n<title>Arbonia mit deutlichem Umsatzplus - IMMOBILIEN Business<\/title>\n<meta name=\"description\" content=\"Der Bauzulieferer Arbonia hat im ersten Halbjahr 2017 seinen Umsatz um 36 Prozent auf 624,4 Millionen gesteigert - dank der Zuk\u00e4ufe von Looser und Koralle.\" \/>\n<meta name=\"robots\" content=\"index, follow, max-snippet:-1, max-image-preview:large, max-video-preview:-1\" \/>\n<link rel=\"canonical\" href=\"https:\/\/www.immobilienbusiness.ch\/fr\/unternehmen\/2017-08-14\/arbonia-mit-deutlichem-umsatzplus\/\" \/>\n<meta property=\"og:locale\" content=\"fr_FR\" \/>\n<meta property=\"og:type\" content=\"article\" \/>\n<meta property=\"og:title\" content=\"Arbonia mit deutlichem Umsatzplus\" \/>\n<meta property=\"og:description\" content=\"Der Bauzulieferer Arbonia hat im ersten Halbjahr 2017 seinen Umsatz um 36 Prozent auf 624,4 Millionen gesteigert - dank der Zuk\u00e4ufe von Looser und Koralle.\" \/>\n<meta property=\"og:url\" content=\"https:\/\/www.immobilienbusiness.ch\/fr\/unternehmen\/2017-08-14\/arbonia-mit-deutlichem-umsatzplus\/\" \/>\n<meta property=\"og:site_name\" content=\"IMMOBILIEN Business\" \/>\n<meta property=\"article:publisher\" content=\"https:\/\/www.facebook.com\/immobilienbusiness\/\" \/>\n<meta property=\"article:published_time\" content=\"2017-08-14T06:50:21+00:00\" \/>\n<meta property=\"og:image\" content=\"https:\/\/www.immobilienbusiness.ch\/wp-content\/uploads\/2017\/04\/IB-News-10042017-UBS-Kapitalerhoehung-Fonds-Swissreal.jpg\" \/>\n\t<meta property=\"og:image:width\" content=\"640\" \/>\n\t<meta property=\"og:image:height\" content=\"426\" \/>\n\t<meta property=\"og:image:type\" content=\"image\/jpeg\" \/>\n<meta name=\"author\" content=\"anja.hall\" \/>\n<meta name=\"twitter:card\" content=\"summary_large_image\" \/>\n<meta name=\"twitter:title\" content=\"Arbonia mit deutlichem Umsatzplus\" \/>\n<meta name=\"twitter:description\" content=\"Der Bauzulieferer Arbonia hat im ersten Halbjahr 2017 seinen Umsatz um 36 Prozent auf 624,4 Millionen gesteigert - dank der Zuk\u00e4ufe von Looser und Koralle.\" \/>\n<meta name=\"twitter:image\" content=\"https:\/\/www.immobilienbusiness.ch\/wp-content\/uploads\/2017\/04\/IB-News-10042017-UBS-Kapitalerh\u00f6hung-Fonds-Swissreal.jpg\" \/>\n<script type=\"application\/ld+json\" class=\"yoast-schema-graph\">{\"@context\":\"https:\\\/\\\/schema.org\",\"@graph\":[{\"@type\":\"Article\",\"@id\":\"https:\\\/\\\/www.immobilienbusiness.ch\\\/unternehmen\\\/2017-08-14\\\/arbonia-mit-deutlichem-umsatzplus\\\/#article\",\"isPartOf\":{\"@id\":\"https:\\\/\\\/www.immobilienbusiness.ch\\\/unternehmen\\\/2017-08-14\\\/arbonia-mit-deutlichem-umsatzplus\\\/\"},\"author\":{\"name\":\"anja.hall\",\"@id\":\"https:\\\/\\\/www.immobilienbusiness.ch\\\/#\\\/schema\\\/person\\\/3fc036297b10b9f42d6db5ee932af8c8\"},\"headline\":\"Arbonia mit deutlichem Umsatzplus\",\"datePublished\":\"2017-08-14T06:50:21+00:00\",\"mainEntityOfPage\":{\"@id\":\"https:\\\/\\\/www.immobilienbusiness.ch\\\/unternehmen\\\/2017-08-14\\\/arbonia-mit-deutlichem-umsatzplus\\\/\"},\"wordCount\":294,\"commentCount\":0,\"publisher\":{\"@id\":\"https:\\\/\\\/www.immobilienbusiness.ch\\\/#organization\"},\"image\":{\"@id\":\"https:\\\/\\\/www.immobilienbusiness.ch\\\/unternehmen\\\/2017-08-14\\\/arbonia-mit-deutlichem-umsatzplus\\\/#primaryimage\"},\"thumbnailUrl\":\"https:\\\/\\\/www.immobilienbusiness.ch\\\/wp-content\\\/uploads\\\/2017\\\/04\\\/IB-News-10042017-UBS-Kapitalerhoehung-Fonds-Swissreal.jpg\",\"keywords\":[\"Bauzulieferer\",\"Gesch\u00e4ftszahlen\",\"Unternehmen\"],\"articleSection\":[\"UNTERNEHMEN\"],\"inLanguage\":\"fr-FR\"},{\"@type\":\"WebPage\",\"@id\":\"https:\\\/\\\/www.immobilienbusiness.ch\\\/unternehmen\\\/2017-08-14\\\/arbonia-mit-deutlichem-umsatzplus\\\/\",\"url\":\"https:\\\/\\\/www.immobilienbusiness.ch\\\/unternehmen\\\/2017-08-14\\\/arbonia-mit-deutlichem-umsatzplus\\\/\",\"name\":\"Arbonia mit deutlichem Umsatzplus - IMMOBILIEN Business\",\"isPartOf\":{\"@id\":\"https:\\\/\\\/www.immobilienbusiness.ch\\\/#website\"},\"primaryImageOfPage\":{\"@id\":\"https:\\\/\\\/www.immobilienbusiness.ch\\\/unternehmen\\\/2017-08-14\\\/arbonia-mit-deutlichem-umsatzplus\\\/#primaryimage\"},\"image\":{\"@id\":\"https:\\\/\\\/www.immobilienbusiness.ch\\\/unternehmen\\\/2017-08-14\\\/arbonia-mit-deutlichem-umsatzplus\\\/#primaryimage\"},\"thumbnailUrl\":\"https:\\\/\\\/www.immobilienbusiness.ch\\\/wp-content\\\/uploads\\\/2017\\\/04\\\/IB-News-10042017-UBS-Kapitalerhoehung-Fonds-Swissreal.jpg\",\"datePublished\":\"2017-08-14T06:50:21+00:00\",\"description\":\"Der Bauzulieferer Arbonia hat im ersten Halbjahr 2017 seinen Umsatz um 36 Prozent auf 624,4 Millionen gesteigert - dank der Zuk\u00e4ufe von Looser und Koralle.\",\"breadcrumb\":{\"@id\":\"https:\\\/\\\/www.immobilienbusiness.ch\\\/unternehmen\\\/2017-08-14\\\/arbonia-mit-deutlichem-umsatzplus\\\/#breadcrumb\"},\"inLanguage\":\"fr-FR\",\"potentialAction\":[{\"@type\":\"ReadAction\",\"target\":[\"https:\\\/\\\/www.immobilienbusiness.ch\\\/unternehmen\\\/2017-08-14\\\/arbonia-mit-deutlichem-umsatzplus\\\/\"]}]},{\"@type\":\"ImageObject\",\"inLanguage\":\"fr-FR\",\"@id\":\"https:\\\/\\\/www.immobilienbusiness.ch\\\/unternehmen\\\/2017-08-14\\\/arbonia-mit-deutlichem-umsatzplus\\\/#primaryimage\",\"url\":\"https:\\\/\\\/www.immobilienbusiness.ch\\\/wp-content\\\/uploads\\\/2017\\\/04\\\/IB-News-10042017-UBS-Kapitalerhoehung-Fonds-Swissreal.jpg\",\"contentUrl\":\"https:\\\/\\\/www.immobilienbusiness.ch\\\/wp-content\\\/uploads\\\/2017\\\/04\\\/IB-News-10042017-UBS-Kapitalerhoehung-Fonds-Swissreal.jpg\",\"width\":640,\"height\":426,\"caption\":\"Der auf Gewerbeimmobilien spezialisierte Fonds ERRES-CI von Edmond de Rothschild kann zukaufen (Bild: Pixabay)\"},{\"@type\":\"BreadcrumbList\",\"@id\":\"https:\\\/\\\/www.immobilienbusiness.ch\\\/unternehmen\\\/2017-08-14\\\/arbonia-mit-deutlichem-umsatzplus\\\/#breadcrumb\",\"itemListElement\":[{\"@type\":\"ListItem\",\"position\":1,\"name\":\"Home\",\"item\":\"https:\\\/\\\/www.immobilienbusiness.ch\\\/\"},{\"@type\":\"ListItem\",\"position\":2,\"name\":\"Arbonia mit deutlichem Umsatzplus\"}]},{\"@type\":\"WebSite\",\"@id\":\"https:\\\/\\\/www.immobilienbusiness.ch\\\/#website\",\"url\":\"https:\\\/\\\/www.immobilienbusiness.ch\\\/\",\"name\":\"IMMOBILIEN Business\",\"description\":\"Unabh\u00e4ngiges Schweizer Wirtschaftsmagazin mit Fokus auf Immobilien, Architektur- und Bau sowie Investment- und Finanzierung.\",\"publisher\":{\"@id\":\"https:\\\/\\\/www.immobilienbusiness.ch\\\/#organization\"},\"potentialAction\":[{\"@type\":\"SearchAction\",\"target\":{\"@type\":\"EntryPoint\",\"urlTemplate\":\"https:\\\/\\\/www.immobilienbusiness.ch\\\/?s={search_term_string}\"},\"query-input\":{\"@type\":\"PropertyValueSpecification\",\"valueRequired\":true,\"valueName\":\"search_term_string\"}}],\"inLanguage\":\"fr-FR\"},{\"@type\":\"Organization\",\"@id\":\"https:\\\/\\\/www.immobilienbusiness.ch\\\/#organization\",\"name\":\"IMMOBILIEN Business\",\"url\":\"https:\\\/\\\/www.immobilienbusiness.ch\\\/\",\"logo\":{\"@type\":\"ImageObject\",\"inLanguage\":\"fr-FR\",\"@id\":\"https:\\\/\\\/www.immobilienbusiness.ch\\\/#\\\/schema\\\/logo\\\/image\\\/\",\"url\":\"https:\\\/\\\/www.immobilienbusiness.ch\\\/wp-content\\\/uploads\\\/2021\\\/07\\\/logo_ib.png\",\"contentUrl\":\"https:\\\/\\\/www.immobilienbusiness.ch\\\/wp-content\\\/uploads\\\/2021\\\/07\\\/logo_ib.png\",\"width\":800,\"height\":181,\"caption\":\"IMMOBILIEN Business\"},\"image\":{\"@id\":\"https:\\\/\\\/www.immobilienbusiness.ch\\\/#\\\/schema\\\/logo\\\/image\\\/\"},\"sameAs\":[\"https:\\\/\\\/www.facebook.com\\\/immobilienbusiness\\\/\"]},{\"@type\":\"Person\",\"@id\":\"https:\\\/\\\/www.immobilienbusiness.ch\\\/#\\\/schema\\\/person\\\/3fc036297b10b9f42d6db5ee932af8c8\",\"name\":\"anja.hall\",\"image\":{\"@type\":\"ImageObject\",\"inLanguage\":\"fr-FR\",\"@id\":\"https:\\\/\\\/secure.gravatar.com\\\/avatar\\\/066b5a0d447013502c71a5782f4f3469f03cfe595cc2329fb94652fe47511bfb?s=96&d=mm&r=g\",\"url\":\"https:\\\/\\\/secure.gravatar.com\\\/avatar\\\/066b5a0d447013502c71a5782f4f3469f03cfe595cc2329fb94652fe47511bfb?s=96&d=mm&r=g\",\"contentUrl\":\"https:\\\/\\\/secure.gravatar.com\\\/avatar\\\/066b5a0d447013502c71a5782f4f3469f03cfe595cc2329fb94652fe47511bfb?s=96&d=mm&r=g\",\"caption\":\"anja.hall\"},\"url\":\"https:\\\/\\\/www.immobilienbusiness.ch\\\/fr\\\/author\\\/anja-hall\\\/\"}]}<\/script>\n<!-- \/ Yoast SEO plugin. -->","yoast_head_json":{"title":"Arbonia affiche une nette hausse de son chiffre d'affaires - IMMOBILIER Business","description":"Le fournisseur du b\u00e2timent Arbonia a augment\u00e9 son chiffre d'affaires de 36 pour cent au premier semestre 2017, \u00e0 624,4 millions, gr\u00e2ce aux rachats de Looser et de Koralle.","robots":{"index":"index","follow":"follow","max-snippet":"max-snippet:-1","max-image-preview":"max-image-preview:large","max-video-preview":"max-video-preview:-1"},"canonical":"https:\/\/www.immobilienbusiness.ch\/fr\/unternehmen\/2017-08-14\/arbonia-mit-deutlichem-umsatzplus\/","og_locale":"fr_FR","og_type":"article","og_title":"Arbonia mit deutlichem Umsatzplus","og_description":"Der Bauzulieferer Arbonia hat im ersten Halbjahr 2017 seinen Umsatz um 36 Prozent auf 624,4 Millionen gesteigert - dank der Zuk\u00e4ufe von Looser und Koralle.","og_url":"https:\/\/www.immobilienbusiness.ch\/fr\/unternehmen\/2017-08-14\/arbonia-mit-deutlichem-umsatzplus\/","og_site_name":"IMMOBILIEN Business","article_publisher":"https:\/\/www.facebook.com\/immobilienbusiness\/","article_published_time":"2017-08-14T06:50:21+00:00","og_image":[{"width":640,"height":426,"url":"https:\/\/www.immobilienbusiness.ch\/wp-content\/uploads\/2017\/04\/IB-News-10042017-UBS-Kapitalerhoehung-Fonds-Swissreal.jpg","type":"image\/jpeg"}],"author":"anja.hall","twitter_card":"summary_large_image","twitter_title":"Arbonia mit deutlichem Umsatzplus","twitter_description":"Der Bauzulieferer Arbonia hat im ersten Halbjahr 2017 seinen Umsatz um 36 Prozent auf 624,4 Millionen gesteigert - dank der Zuk\u00e4ufe von Looser und Koralle.","twitter_image":"https:\/\/www.immobilienbusiness.ch\/wp-content\/uploads\/2017\/04\/IB-News-10042017-UBS-Kapitalerh\u00f6hung-Fonds-Swissreal.jpg","schema":{"@context":"https:\/\/schema.org","@graph":[{"@type":"Article","@id":"https:\/\/www.immobilienbusiness.ch\/unternehmen\/2017-08-14\/arbonia-mit-deutlichem-umsatzplus\/#article","isPartOf":{"@id":"https:\/\/www.immobilienbusiness.ch\/unternehmen\/2017-08-14\/arbonia-mit-deutlichem-umsatzplus\/"},"author":{"name":"anja.hall","@id":"https:\/\/www.immobilienbusiness.ch\/#\/schema\/person\/3fc036297b10b9f42d6db5ee932af8c8"},"headline":"Arbonia mit deutlichem Umsatzplus","datePublished":"2017-08-14T06:50:21+00:00","mainEntityOfPage":{"@id":"https:\/\/www.immobilienbusiness.ch\/unternehmen\/2017-08-14\/arbonia-mit-deutlichem-umsatzplus\/"},"wordCount":294,"commentCount":0,"publisher":{"@id":"https:\/\/www.immobilienbusiness.ch\/#organization"},"image":{"@id":"https:\/\/www.immobilienbusiness.ch\/unternehmen\/2017-08-14\/arbonia-mit-deutlichem-umsatzplus\/#primaryimage"},"thumbnailUrl":"https:\/\/www.immobilienbusiness.ch\/wp-content\/uploads\/2017\/04\/IB-News-10042017-UBS-Kapitalerhoehung-Fonds-Swissreal.jpg","keywords":["Bauzulieferer","Gesch\u00e4ftszahlen","Unternehmen"],"articleSection":["UNTERNEHMEN"],"inLanguage":"fr-FR"},{"@type":"WebPage","@id":"https:\/\/www.immobilienbusiness.ch\/unternehmen\/2017-08-14\/arbonia-mit-deutlichem-umsatzplus\/","url":"https:\/\/www.immobilienbusiness.ch\/unternehmen\/2017-08-14\/arbonia-mit-deutlichem-umsatzplus\/","name":"Arbonia affiche une nette hausse de son chiffre d'affaires - IMMOBILIER Business","isPartOf":{"@id":"https:\/\/www.immobilienbusiness.ch\/#website"},"primaryImageOfPage":{"@id":"https:\/\/www.immobilienbusiness.ch\/unternehmen\/2017-08-14\/arbonia-mit-deutlichem-umsatzplus\/#primaryimage"},"image":{"@id":"https:\/\/www.immobilienbusiness.ch\/unternehmen\/2017-08-14\/arbonia-mit-deutlichem-umsatzplus\/#primaryimage"},"thumbnailUrl":"https:\/\/www.immobilienbusiness.ch\/wp-content\/uploads\/2017\/04\/IB-News-10042017-UBS-Kapitalerhoehung-Fonds-Swissreal.jpg","datePublished":"2017-08-14T06:50:21+00:00","description":"Le fournisseur du b\u00e2timent Arbonia a augment\u00e9 son chiffre d'affaires de 36 pour cent au premier semestre 2017, \u00e0 624,4 millions, gr\u00e2ce aux rachats de Looser et de Koralle.","breadcrumb":{"@id":"https:\/\/www.immobilienbusiness.ch\/unternehmen\/2017-08-14\/arbonia-mit-deutlichem-umsatzplus\/#breadcrumb"},"inLanguage":"fr-FR","potentialAction":[{"@type":"ReadAction","target":["https:\/\/www.immobilienbusiness.ch\/unternehmen\/2017-08-14\/arbonia-mit-deutlichem-umsatzplus\/"]}]},{"@type":"ImageObject","inLanguage":"fr-FR","@id":"https:\/\/www.immobilienbusiness.ch\/unternehmen\/2017-08-14\/arbonia-mit-deutlichem-umsatzplus\/#primaryimage","url":"https:\/\/www.immobilienbusiness.ch\/wp-content\/uploads\/2017\/04\/IB-News-10042017-UBS-Kapitalerhoehung-Fonds-Swissreal.jpg","contentUrl":"https:\/\/www.immobilienbusiness.ch\/wp-content\/uploads\/2017\/04\/IB-News-10042017-UBS-Kapitalerhoehung-Fonds-Swissreal.jpg","width":640,"height":426,"caption":"Der auf Gewerbeimmobilien spezialisierte Fonds ERRES-CI von Edmond de Rothschild kann zukaufen (Bild: Pixabay)"},{"@type":"BreadcrumbList","@id":"https:\/\/www.immobilienbusiness.ch\/unternehmen\/2017-08-14\/arbonia-mit-deutlichem-umsatzplus\/#breadcrumb","itemListElement":[{"@type":"ListItem","position":1,"name":"Home","item":"https:\/\/www.immobilienbusiness.ch\/"},{"@type":"ListItem","position":2,"name":"Arbonia mit deutlichem Umsatzplus"}]},{"@type":"WebSite","@id":"https:\/\/www.immobilienbusiness.ch\/#website","url":"https:\/\/www.immobilienbusiness.ch\/","name":"IMMOBILIER Business","description":"Magazine \u00e9conomique suisse ind\u00e9pendant ax\u00e9 sur l'immobilier, l'architecture et la construction ainsi que sur les investissements et le financement.","publisher":{"@id":"https:\/\/www.immobilienbusiness.ch\/#organization"},"potentialAction":[{"@type":"SearchAction","target":{"@type":"EntryPoint","urlTemplate":"https:\/\/www.immobilienbusiness.ch\/?s={search_term_string}"},"query-input":{"@type":"PropertyValueSpecification","valueRequired":true,"valueName":"search_term_string"}}],"inLanguage":"fr-FR"},{"@type":"Organization","@id":"https:\/\/www.immobilienbusiness.ch\/#organization","name":"IMMOBILIER Business","url":"https:\/\/www.immobilienbusiness.ch\/","logo":{"@type":"ImageObject","inLanguage":"fr-FR","@id":"https:\/\/www.immobilienbusiness.ch\/#\/schema\/logo\/image\/","url":"https:\/\/www.immobilienbusiness.ch\/wp-content\/uploads\/2021\/07\/logo_ib.png","contentUrl":"https:\/\/www.immobilienbusiness.ch\/wp-content\/uploads\/2021\/07\/logo_ib.png","width":800,"height":181,"caption":"IMMOBILIEN Business"},"image":{"@id":"https:\/\/www.immobilienbusiness.ch\/#\/schema\/logo\/image\/"},"sameAs":["https:\/\/www.facebook.com\/immobilienbusiness\/"]},{"@type":"Person","@id":"https:\/\/www.immobilienbusiness.ch\/#\/schema\/person\/3fc036297b10b9f42d6db5ee932af8c8","name":"anja.hall","image":{"@type":"ImageObject","inLanguage":"fr-FR","@id":"https:\/\/secure.gravatar.com\/avatar\/066b5a0d447013502c71a5782f4f3469f03cfe595cc2329fb94652fe47511bfb?s=96&d=mm&r=g","url":"https:\/\/secure.gravatar.com\/avatar\/066b5a0d447013502c71a5782f4f3469f03cfe595cc2329fb94652fe47511bfb?s=96&d=mm&r=g","contentUrl":"https:\/\/secure.gravatar.com\/avatar\/066b5a0d447013502c71a5782f4f3469f03cfe595cc2329fb94652fe47511bfb?s=96&d=mm&r=g","caption":"anja.hall"},"url":"https:\/\/www.immobilienbusiness.ch\/fr\/author\/anja-hall\/"}]}},"_links":{"self":[{"href":"https:\/\/www.immobilienbusiness.ch\/fr\/wp-json\/wp\/v2\/posts\/8670","targetHints":{"allow":["GET"]}}],"collection":[{"href":"https:\/\/www.immobilienbusiness.ch\/fr\/wp-json\/wp\/v2\/posts"}],"about":[{"href":"https:\/\/www.immobilienbusiness.ch\/fr\/wp-json\/wp\/v2\/types\/post"}],"author":[{"embeddable":true,"href":"https:\/\/www.immobilienbusiness.ch\/fr\/wp-json\/wp\/v2\/users\/3"}],"replies":[{"embeddable":true,"href":"https:\/\/www.immobilienbusiness.ch\/fr\/wp-json\/wp\/v2\/comments?post=8670"}],"version-history":[{"count":0,"href":"https:\/\/www.immobilienbusiness.ch\/fr\/wp-json\/wp\/v2\/posts\/8670\/revisions"}],"wp:featuredmedia":[{"embeddable":true,"href":"https:\/\/www.immobilienbusiness.ch\/fr\/wp-json\/wp\/v2\/media\/7124"}],"wp:attachment":[{"href":"https:\/\/www.immobilienbusiness.ch\/fr\/wp-json\/wp\/v2\/media?parent=8670"}],"wp:term":[{"taxonomy":"category","embeddable":true,"href":"https:\/\/www.immobilienbusiness.ch\/fr\/wp-json\/wp\/v2\/categories?post=8670"},{"taxonomy":"post_tag","embeddable":true,"href":"https:\/\/www.immobilienbusiness.ch\/fr\/wp-json\/wp\/v2\/tags?post=8670"}],"curies":[{"name":"wp","href":"https:\/\/api.w.org\/{rel}","templated":true}]}}