{"id":8632,"date":"2017-08-10T09:07:03","date_gmt":"2017-08-10T07:07:03","guid":{"rendered":"https:\/\/www.immobilienbusiness.ch\/?p=8632"},"modified":"2017-08-10T09:07:03","modified_gmt":"2017-08-10T07:07:03","slug":"zuerich-ubs-erweitert-james-ueberbauung","status":"publish","type":"post","link":"https:\/\/www.immobilienbusiness.ch\/fr\/regionen\/2017-08-10\/zuerich-ubs-erweitert-james-ueberbauung\/","title":{"rendered":"Zurich : UBS agrandit le complexe immobilier \"James"},"content":{"rendered":"<figure id=\"attachment_8087\" aria-describedby=\"caption-attachment-8087\" style=\"width: 680px\" class=\"wp-caption alignnone\"><img loading=\"lazy\" decoding=\"async\" class=\"size-medium wp-image-8087\" src=\"https:\/\/www.immobilienbusiness.ch\/wp-content\/uploads\/2017\/06\/Depositphotos_20949867_m-2015.jpg\" alt=\"\" width=\"680\" height=\"454\" srcset=\"https:\/\/www.immobilienbusiness.ch\/wp-content\/uploads\/2017\/06\/Depositphotos_20949867_m-2015.jpg 1000w, https:\/\/www.immobilienbusiness.ch\/wp-content\/uploads\/2017\/06\/Depositphotos_20949867_m-2015-300x200.jpg 300w, https:\/\/www.immobilienbusiness.ch\/wp-content\/uploads\/2017\/06\/Depositphotos_20949867_m-2015-768x512.jpg 768w, https:\/\/www.immobilienbusiness.ch\/wp-content\/uploads\/2017\/06\/Depositphotos_20949867_m-2015-16x12.jpg 16w, https:\/\/www.immobilienbusiness.ch\/wp-content\/uploads\/2017\/06\/Depositphotos_20949867_m-2015-262x175.jpg 262w, https:\/\/www.immobilienbusiness.ch\/wp-content\/uploads\/2017\/06\/Depositphotos_20949867_m-2015-525x350.jpg 525w, https:\/\/www.immobilienbusiness.ch\/wp-content\/uploads\/2017\/06\/Depositphotos_20949867_m-2015-920x614.jpg 920w\" sizes=\"auto, (max-width: 680px) 100vw, 680px\" \/><figcaption id=\"caption-attachment-8087\" class=\"wp-caption-text\">UBS agrandit son lotissement \"James\" \u00e0 Zurich-Albisrieden (image symbolique : lagereek - depositphotos)<\/figcaption><\/figure>\n<p>Comment <a href=\"http:\/\/www.20min.ch\/schweiz\/zuerich\/story\/Hinter-diesen-Buerofenstern-wird-bald-gewohnt-11212315\"><em>20 minutes<\/em><\/a> a d'abord rapport\u00e9, l'immeuble de bureaux de huit \u00e9tages situ\u00e9 \u00e0 l'Anemonenstrasse 42 \u00e0 Zurich-Albisrieden sera sur\u00e9lev\u00e9 d'un \u00e9tage et transform\u00e9 en immeuble d'habitation. Au total, 72 appartements d'une \u00e0 trois pi\u00e8ces devraient voir le jour. Un appel d'offres pour la construction a \u00e9t\u00e9 lanc\u00e9 en <em>Journal de la ville de Zurich<\/em> publi\u00e9.<\/p>\n<p>Comme l'objet se trouve juste \u00e0 c\u00f4t\u00e9 du lotissement \"James\", qui appartient \u00e9galement au fonds Sima de l'UBS, l'infrastructure de ce dernier devrait \u00e9galement \u00eatre utilis\u00e9e pour les nouveaux logements, selon l'article de presse.<\/p>\n<p>La particularit\u00e9 de ce concept d'habitation est un service de conciergerie pour les habitants. L'UBS a d\u00e9velopp\u00e9 ce concept en 2007 pour le lotissement de 284 appartements sur l'ancien site industriel d'Albisrieden. Entre-temps, \"James\" existe \u00e9galement \u00e0 Lausanne et Winterthour. Selon l'UBS, d'autres lotissements sont pr\u00e9vus dans chaque grande ville suisse.<\/p>","protected":false},"excerpt":{"rendered":"<p>Le fonds Sima d'UBS va agrandir son lotissement \"James\" \u00e0 Zurich-Albisrieden. Un immeuble de bureaux voisin sera r\u00e9affect\u00e9 \u00e0 cet effet. <\/p>","protected":false},"author":3,"featured_media":8087,"comment_status":"open","ping_status":"open","sticky":false,"template":"","format":"standard","meta":{"_acf_changed":false,"_yoast_wpseo_focuskw":"James","_yoast_wpseo_title":"","_yoast_wpseo_metadesc":"Die UBS wird ihre Wohn\u00fcberbauung \u00abJames\u00bb in Z\u00fcrich-Albisrieden erweitern. Ein benachbartes B\u00fcrogeb\u00e4ude wird dazu umgenutzt.","_yoast_wpseo_linkdex":71,"pgc_sgb_lightbox_settings":"","footnotes":""},"categories":[985],"tags":[1332,1600,1639,1800,1863,1888],"class_list":["post-8632","post","type-post","status-publish","format-standard","has-post-thumbnail","hentry","category-regionen","tag-immobilien-fonds","tag-projekt-in-planung","tag-residential","tag-umnutzung","tag-wohnimmobilien","tag-zuerich"],"acf":[],"yoast_head":"<!-- This site is optimized with the Yoast SEO plugin v27.4 - https:\/\/yoast.com\/product\/yoast-seo-wordpress\/ -->\n<title>Z\u00fcrich: UBS erweitert \u00abJames\u00bb-\u00dcberbauung - IMMOBILIEN Business<\/title>\n<meta name=\"description\" content=\"Die UBS wird ihre Wohn\u00fcberbauung \u00abJames\u00bb in Z\u00fcrich-Albisrieden erweitern. Ein benachbartes B\u00fcrogeb\u00e4ude wird dazu umgenutzt.\" \/>\n<meta name=\"robots\" content=\"index, follow, max-snippet:-1, max-image-preview:large, max-video-preview:-1\" \/>\n<link rel=\"canonical\" href=\"https:\/\/www.immobilienbusiness.ch\/fr\/regionen\/2017-08-10\/zuerich-ubs-erweitert-james-ueberbauung\/\" \/>\n<meta property=\"og:locale\" content=\"fr_FR\" \/>\n<meta property=\"og:type\" content=\"article\" \/>\n<meta property=\"og:title\" content=\"Z\u00fcrich: UBS erweitert James-\u00dcberbauung\" \/>\n<meta property=\"og:description\" content=\"Die UBS wird ihre Wohn\u00fcberbauung \u00abJames\u00bb in Z\u00fcrich-Albisrieden erweitern. Ein benachbartes B\u00fcrogeb\u00e4ude wird dazu umgenutzt.\" \/>\n<meta property=\"og:url\" content=\"https:\/\/www.immobilienbusiness.ch\/fr\/regionen\/2017-08-10\/zuerich-ubs-erweitert-james-ueberbauung\/\" \/>\n<meta property=\"og:site_name\" content=\"IMMOBILIEN Business\" \/>\n<meta property=\"article:publisher\" content=\"https:\/\/www.facebook.com\/immobilienbusiness\/\" \/>\n<meta property=\"article:published_time\" content=\"2017-08-10T07:07:03+00:00\" \/>\n<meta property=\"og:image\" content=\"https:\/\/www.immobilienbusiness.ch\/wp-content\/uploads\/2017\/06\/Depositphotos_20949867_m-2015.jpg\" \/>\n\t<meta property=\"og:image:width\" content=\"1000\" \/>\n\t<meta property=\"og:image:height\" content=\"667\" \/>\n\t<meta property=\"og:image:type\" content=\"image\/jpeg\" \/>\n<meta name=\"author\" content=\"anja.hall\" \/>\n<meta name=\"twitter:card\" content=\"summary_large_image\" \/>\n<meta name=\"twitter:title\" content=\"Z\u00fcrich: UBS erweitert James-\u00dcberbauung\" \/>\n<meta name=\"twitter:description\" content=\"Die UBS wird ihre Wohn\u00fcberbauung \u00abJames\u00bb in Z\u00fcrich-Albisrieden erweitern. Ein benachbartes B\u00fcrogeb\u00e4ude wird dazu umgenutzt.\" \/>\n<meta name=\"twitter:image\" content=\"https:\/\/www.immobilienbusiness.ch\/wp-content\/uploads\/2017\/06\/Depositphotos_20949867_m-2015.jpg\" \/>\n<script type=\"application\/ld+json\" class=\"yoast-schema-graph\">{\"@context\":\"https:\\\/\\\/schema.org\",\"@graph\":[{\"@type\":\"Article\",\"@id\":\"https:\\\/\\\/www.immobilienbusiness.ch\\\/regionen\\\/2017-08-10\\\/zuerich-ubs-erweitert-james-ueberbauung\\\/#article\",\"isPartOf\":{\"@id\":\"https:\\\/\\\/www.immobilienbusiness.ch\\\/regionen\\\/2017-08-10\\\/zuerich-ubs-erweitert-james-ueberbauung\\\/\"},\"author\":{\"name\":\"anja.hall\",\"@id\":\"https:\\\/\\\/www.immobilienbusiness.ch\\\/#\\\/schema\\\/person\\\/3fc036297b10b9f42d6db5ee932af8c8\"},\"headline\":\"Z\u00fcrich: UBS erweitert \u00abJames\u00bb-\u00dcberbauung\",\"datePublished\":\"2017-08-10T07:07:03+00:00\",\"mainEntityOfPage\":{\"@id\":\"https:\\\/\\\/www.immobilienbusiness.ch\\\/regionen\\\/2017-08-10\\\/zuerich-ubs-erweitert-james-ueberbauung\\\/\"},\"wordCount\":157,\"commentCount\":0,\"publisher\":{\"@id\":\"https:\\\/\\\/www.immobilienbusiness.ch\\\/#organization\"},\"image\":{\"@id\":\"https:\\\/\\\/www.immobilienbusiness.ch\\\/regionen\\\/2017-08-10\\\/zuerich-ubs-erweitert-james-ueberbauung\\\/#primaryimage\"},\"thumbnailUrl\":\"https:\\\/\\\/www.immobilienbusiness.ch\\\/wp-content\\\/uploads\\\/2017\\\/06\\\/Depositphotos_20949867_m-2015.jpg\",\"keywords\":[\"Immobilien-Fonds\",\"Projekt in Planung\",\"Residential\",\"Umnutzung\",\"Wohnimmobilien\",\"Z\u00fcrich\"],\"articleSection\":[\"REGIONEN\"],\"inLanguage\":\"fr-FR\"},{\"@type\":\"WebPage\",\"@id\":\"https:\\\/\\\/www.immobilienbusiness.ch\\\/regionen\\\/2017-08-10\\\/zuerich-ubs-erweitert-james-ueberbauung\\\/\",\"url\":\"https:\\\/\\\/www.immobilienbusiness.ch\\\/regionen\\\/2017-08-10\\\/zuerich-ubs-erweitert-james-ueberbauung\\\/\",\"name\":\"Z\u00fcrich: UBS erweitert \u00abJames\u00bb-\u00dcberbauung - IMMOBILIEN Business\",\"isPartOf\":{\"@id\":\"https:\\\/\\\/www.immobilienbusiness.ch\\\/#website\"},\"primaryImageOfPage\":{\"@id\":\"https:\\\/\\\/www.immobilienbusiness.ch\\\/regionen\\\/2017-08-10\\\/zuerich-ubs-erweitert-james-ueberbauung\\\/#primaryimage\"},\"image\":{\"@id\":\"https:\\\/\\\/www.immobilienbusiness.ch\\\/regionen\\\/2017-08-10\\\/zuerich-ubs-erweitert-james-ueberbauung\\\/#primaryimage\"},\"thumbnailUrl\":\"https:\\\/\\\/www.immobilienbusiness.ch\\\/wp-content\\\/uploads\\\/2017\\\/06\\\/Depositphotos_20949867_m-2015.jpg\",\"datePublished\":\"2017-08-10T07:07:03+00:00\",\"description\":\"Die UBS wird ihre Wohn\u00fcberbauung \u00abJames\u00bb in Z\u00fcrich-Albisrieden erweitern. Ein benachbartes B\u00fcrogeb\u00e4ude wird dazu umgenutzt.\",\"breadcrumb\":{\"@id\":\"https:\\\/\\\/www.immobilienbusiness.ch\\\/regionen\\\/2017-08-10\\\/zuerich-ubs-erweitert-james-ueberbauung\\\/#breadcrumb\"},\"inLanguage\":\"fr-FR\",\"potentialAction\":[{\"@type\":\"ReadAction\",\"target\":[\"https:\\\/\\\/www.immobilienbusiness.ch\\\/regionen\\\/2017-08-10\\\/zuerich-ubs-erweitert-james-ueberbauung\\\/\"]}]},{\"@type\":\"ImageObject\",\"inLanguage\":\"fr-FR\",\"@id\":\"https:\\\/\\\/www.immobilienbusiness.ch\\\/regionen\\\/2017-08-10\\\/zuerich-ubs-erweitert-james-ueberbauung\\\/#primaryimage\",\"url\":\"https:\\\/\\\/www.immobilienbusiness.ch\\\/wp-content\\\/uploads\\\/2017\\\/06\\\/Depositphotos_20949867_m-2015.jpg\",\"contentUrl\":\"https:\\\/\\\/www.immobilienbusiness.ch\\\/wp-content\\\/uploads\\\/2017\\\/06\\\/Depositphotos_20949867_m-2015.jpg\",\"width\":1000,\"height\":667,\"caption\":\"Von Oktober 2016 bis April 2017 sind die Baupreise im Hochbau gesunken (Foto: lagereek - depositphotos)\"},{\"@type\":\"BreadcrumbList\",\"@id\":\"https:\\\/\\\/www.immobilienbusiness.ch\\\/regionen\\\/2017-08-10\\\/zuerich-ubs-erweitert-james-ueberbauung\\\/#breadcrumb\",\"itemListElement\":[{\"@type\":\"ListItem\",\"position\":1,\"name\":\"Home\",\"item\":\"https:\\\/\\\/www.immobilienbusiness.ch\\\/\"},{\"@type\":\"ListItem\",\"position\":2,\"name\":\"Z\u00fcrich: UBS erweitert \u00abJames\u00bb-\u00dcberbauung\"}]},{\"@type\":\"WebSite\",\"@id\":\"https:\\\/\\\/www.immobilienbusiness.ch\\\/#website\",\"url\":\"https:\\\/\\\/www.immobilienbusiness.ch\\\/\",\"name\":\"IMMOBILIEN Business\",\"description\":\"Unabh\u00e4ngiges Schweizer Wirtschaftsmagazin mit Fokus auf Immobilien, Architektur- und Bau sowie Investment- und Finanzierung.\",\"publisher\":{\"@id\":\"https:\\\/\\\/www.immobilienbusiness.ch\\\/#organization\"},\"potentialAction\":[{\"@type\":\"SearchAction\",\"target\":{\"@type\":\"EntryPoint\",\"urlTemplate\":\"https:\\\/\\\/www.immobilienbusiness.ch\\\/?s={search_term_string}\"},\"query-input\":{\"@type\":\"PropertyValueSpecification\",\"valueRequired\":true,\"valueName\":\"search_term_string\"}}],\"inLanguage\":\"fr-FR\"},{\"@type\":\"Organization\",\"@id\":\"https:\\\/\\\/www.immobilienbusiness.ch\\\/#organization\",\"name\":\"IMMOBILIEN Business\",\"url\":\"https:\\\/\\\/www.immobilienbusiness.ch\\\/\",\"logo\":{\"@type\":\"ImageObject\",\"inLanguage\":\"fr-FR\",\"@id\":\"https:\\\/\\\/www.immobilienbusiness.ch\\\/#\\\/schema\\\/logo\\\/image\\\/\",\"url\":\"https:\\\/\\\/www.immobilienbusiness.ch\\\/wp-content\\\/uploads\\\/2021\\\/07\\\/logo_ib.png\",\"contentUrl\":\"https:\\\/\\\/www.immobilienbusiness.ch\\\/wp-content\\\/uploads\\\/2021\\\/07\\\/logo_ib.png\",\"width\":800,\"height\":181,\"caption\":\"IMMOBILIEN Business\"},\"image\":{\"@id\":\"https:\\\/\\\/www.immobilienbusiness.ch\\\/#\\\/schema\\\/logo\\\/image\\\/\"},\"sameAs\":[\"https:\\\/\\\/www.facebook.com\\\/immobilienbusiness\\\/\"]},{\"@type\":\"Person\",\"@id\":\"https:\\\/\\\/www.immobilienbusiness.ch\\\/#\\\/schema\\\/person\\\/3fc036297b10b9f42d6db5ee932af8c8\",\"name\":\"anja.hall\",\"image\":{\"@type\":\"ImageObject\",\"inLanguage\":\"fr-FR\",\"@id\":\"https:\\\/\\\/secure.gravatar.com\\\/avatar\\\/066b5a0d447013502c71a5782f4f3469f03cfe595cc2329fb94652fe47511bfb?s=96&d=mm&r=g\",\"url\":\"https:\\\/\\\/secure.gravatar.com\\\/avatar\\\/066b5a0d447013502c71a5782f4f3469f03cfe595cc2329fb94652fe47511bfb?s=96&d=mm&r=g\",\"contentUrl\":\"https:\\\/\\\/secure.gravatar.com\\\/avatar\\\/066b5a0d447013502c71a5782f4f3469f03cfe595cc2329fb94652fe47511bfb?s=96&d=mm&r=g\",\"caption\":\"anja.hall\"},\"url\":\"https:\\\/\\\/www.immobilienbusiness.ch\\\/fr\\\/author\\\/anja-hall\\\/\"}]}<\/script>\n<!-- \/ Yoast SEO plugin. -->","yoast_head_json":{"title":"Z\u00fcrich: UBS erweitert \u00abJames\u00bb-\u00dcberbauung - IMMOBILIEN Business","description":"Die UBS wird ihre Wohn\u00fcberbauung \u00abJames\u00bb in Z\u00fcrich-Albisrieden erweitern. Ein benachbartes B\u00fcrogeb\u00e4ude wird dazu umgenutzt.","robots":{"index":"index","follow":"follow","max-snippet":"max-snippet:-1","max-image-preview":"max-image-preview:large","max-video-preview":"max-video-preview:-1"},"canonical":"https:\/\/www.immobilienbusiness.ch\/fr\/regionen\/2017-08-10\/zuerich-ubs-erweitert-james-ueberbauung\/","og_locale":"fr_FR","og_type":"article","og_title":"Z\u00fcrich: UBS erweitert James-\u00dcberbauung","og_description":"Die UBS wird ihre Wohn\u00fcberbauung \u00abJames\u00bb in Z\u00fcrich-Albisrieden erweitern. Ein benachbartes B\u00fcrogeb\u00e4ude wird dazu umgenutzt.","og_url":"https:\/\/www.immobilienbusiness.ch\/fr\/regionen\/2017-08-10\/zuerich-ubs-erweitert-james-ueberbauung\/","og_site_name":"IMMOBILIEN Business","article_publisher":"https:\/\/www.facebook.com\/immobilienbusiness\/","article_published_time":"2017-08-10T07:07:03+00:00","og_image":[{"width":1000,"height":667,"url":"https:\/\/www.immobilienbusiness.ch\/wp-content\/uploads\/2017\/06\/Depositphotos_20949867_m-2015.jpg","type":"image\/jpeg"}],"author":"anja.hall","twitter_card":"summary_large_image","twitter_title":"Z\u00fcrich: UBS erweitert James-\u00dcberbauung","twitter_description":"Die UBS wird ihre Wohn\u00fcberbauung \u00abJames\u00bb in Z\u00fcrich-Albisrieden erweitern. Ein benachbartes B\u00fcrogeb\u00e4ude wird dazu umgenutzt.","twitter_image":"https:\/\/www.immobilienbusiness.ch\/wp-content\/uploads\/2017\/06\/Depositphotos_20949867_m-2015.jpg","schema":{"@context":"https:\/\/schema.org","@graph":[{"@type":"Article","@id":"https:\/\/www.immobilienbusiness.ch\/regionen\/2017-08-10\/zuerich-ubs-erweitert-james-ueberbauung\/#article","isPartOf":{"@id":"https:\/\/www.immobilienbusiness.ch\/regionen\/2017-08-10\/zuerich-ubs-erweitert-james-ueberbauung\/"},"author":{"name":"anja.hall","@id":"https:\/\/www.immobilienbusiness.ch\/#\/schema\/person\/3fc036297b10b9f42d6db5ee932af8c8"},"headline":"Z\u00fcrich: UBS erweitert \u00abJames\u00bb-\u00dcberbauung","datePublished":"2017-08-10T07:07:03+00:00","mainEntityOfPage":{"@id":"https:\/\/www.immobilienbusiness.ch\/regionen\/2017-08-10\/zuerich-ubs-erweitert-james-ueberbauung\/"},"wordCount":157,"commentCount":0,"publisher":{"@id":"https:\/\/www.immobilienbusiness.ch\/#organization"},"image":{"@id":"https:\/\/www.immobilienbusiness.ch\/regionen\/2017-08-10\/zuerich-ubs-erweitert-james-ueberbauung\/#primaryimage"},"thumbnailUrl":"https:\/\/www.immobilienbusiness.ch\/wp-content\/uploads\/2017\/06\/Depositphotos_20949867_m-2015.jpg","keywords":["Immobilien-Fonds","Projekt in Planung","Residential","Umnutzung","Wohnimmobilien","Z\u00fcrich"],"articleSection":["REGIONEN"],"inLanguage":"fr-FR"},{"@type":"WebPage","@id":"https:\/\/www.immobilienbusiness.ch\/regionen\/2017-08-10\/zuerich-ubs-erweitert-james-ueberbauung\/","url":"https:\/\/www.immobilienbusiness.ch\/regionen\/2017-08-10\/zuerich-ubs-erweitert-james-ueberbauung\/","name":"Z\u00fcrich: UBS erweitert \u00abJames\u00bb-\u00dcberbauung - IMMOBILIEN Business","isPartOf":{"@id":"https:\/\/www.immobilienbusiness.ch\/#website"},"primaryImageOfPage":{"@id":"https:\/\/www.immobilienbusiness.ch\/regionen\/2017-08-10\/zuerich-ubs-erweitert-james-ueberbauung\/#primaryimage"},"image":{"@id":"https:\/\/www.immobilienbusiness.ch\/regionen\/2017-08-10\/zuerich-ubs-erweitert-james-ueberbauung\/#primaryimage"},"thumbnailUrl":"https:\/\/www.immobilienbusiness.ch\/wp-content\/uploads\/2017\/06\/Depositphotos_20949867_m-2015.jpg","datePublished":"2017-08-10T07:07:03+00:00","description":"Die UBS wird ihre Wohn\u00fcberbauung \u00abJames\u00bb in Z\u00fcrich-Albisrieden erweitern. Ein benachbartes B\u00fcrogeb\u00e4ude wird dazu umgenutzt.","breadcrumb":{"@id":"https:\/\/www.immobilienbusiness.ch\/regionen\/2017-08-10\/zuerich-ubs-erweitert-james-ueberbauung\/#breadcrumb"},"inLanguage":"fr-FR","potentialAction":[{"@type":"ReadAction","target":["https:\/\/www.immobilienbusiness.ch\/regionen\/2017-08-10\/zuerich-ubs-erweitert-james-ueberbauung\/"]}]},{"@type":"ImageObject","inLanguage":"fr-FR","@id":"https:\/\/www.immobilienbusiness.ch\/regionen\/2017-08-10\/zuerich-ubs-erweitert-james-ueberbauung\/#primaryimage","url":"https:\/\/www.immobilienbusiness.ch\/wp-content\/uploads\/2017\/06\/Depositphotos_20949867_m-2015.jpg","contentUrl":"https:\/\/www.immobilienbusiness.ch\/wp-content\/uploads\/2017\/06\/Depositphotos_20949867_m-2015.jpg","width":1000,"height":667,"caption":"Von Oktober 2016 bis April 2017 sind die Baupreise im Hochbau gesunken (Foto: lagereek - depositphotos)"},{"@type":"BreadcrumbList","@id":"https:\/\/www.immobilienbusiness.ch\/regionen\/2017-08-10\/zuerich-ubs-erweitert-james-ueberbauung\/#breadcrumb","itemListElement":[{"@type":"ListItem","position":1,"name":"Home","item":"https:\/\/www.immobilienbusiness.ch\/"},{"@type":"ListItem","position":2,"name":"Z\u00fcrich: UBS erweitert \u00abJames\u00bb-\u00dcberbauung"}]},{"@type":"WebSite","@id":"https:\/\/www.immobilienbusiness.ch\/#website","url":"https:\/\/www.immobilienbusiness.ch\/","name":"IMMOBILIER Business","description":"Magazine \u00e9conomique suisse ind\u00e9pendant ax\u00e9 sur l'immobilier, l'architecture et la construction ainsi que sur les investissements et le financement.","publisher":{"@id":"https:\/\/www.immobilienbusiness.ch\/#organization"},"potentialAction":[{"@type":"SearchAction","target":{"@type":"EntryPoint","urlTemplate":"https:\/\/www.immobilienbusiness.ch\/?s={search_term_string}"},"query-input":{"@type":"PropertyValueSpecification","valueRequired":true,"valueName":"search_term_string"}}],"inLanguage":"fr-FR"},{"@type":"Organization","@id":"https:\/\/www.immobilienbusiness.ch\/#organization","name":"IMMOBILIER Business","url":"https:\/\/www.immobilienbusiness.ch\/","logo":{"@type":"ImageObject","inLanguage":"fr-FR","@id":"https:\/\/www.immobilienbusiness.ch\/#\/schema\/logo\/image\/","url":"https:\/\/www.immobilienbusiness.ch\/wp-content\/uploads\/2021\/07\/logo_ib.png","contentUrl":"https:\/\/www.immobilienbusiness.ch\/wp-content\/uploads\/2021\/07\/logo_ib.png","width":800,"height":181,"caption":"IMMOBILIEN Business"},"image":{"@id":"https:\/\/www.immobilienbusiness.ch\/#\/schema\/logo\/image\/"},"sameAs":["https:\/\/www.facebook.com\/immobilienbusiness\/"]},{"@type":"Person","@id":"https:\/\/www.immobilienbusiness.ch\/#\/schema\/person\/3fc036297b10b9f42d6db5ee932af8c8","name":"anja.hall","image":{"@type":"ImageObject","inLanguage":"fr-FR","@id":"https:\/\/secure.gravatar.com\/avatar\/066b5a0d447013502c71a5782f4f3469f03cfe595cc2329fb94652fe47511bfb?s=96&d=mm&r=g","url":"https:\/\/secure.gravatar.com\/avatar\/066b5a0d447013502c71a5782f4f3469f03cfe595cc2329fb94652fe47511bfb?s=96&d=mm&r=g","contentUrl":"https:\/\/secure.gravatar.com\/avatar\/066b5a0d447013502c71a5782f4f3469f03cfe595cc2329fb94652fe47511bfb?s=96&d=mm&r=g","caption":"anja.hall"},"url":"https:\/\/www.immobilienbusiness.ch\/fr\/author\/anja-hall\/"}]}},"_links":{"self":[{"href":"https:\/\/www.immobilienbusiness.ch\/fr\/wp-json\/wp\/v2\/posts\/8632","targetHints":{"allow":["GET"]}}],"collection":[{"href":"https:\/\/www.immobilienbusiness.ch\/fr\/wp-json\/wp\/v2\/posts"}],"about":[{"href":"https:\/\/www.immobilienbusiness.ch\/fr\/wp-json\/wp\/v2\/types\/post"}],"author":[{"embeddable":true,"href":"https:\/\/www.immobilienbusiness.ch\/fr\/wp-json\/wp\/v2\/users\/3"}],"replies":[{"embeddable":true,"href":"https:\/\/www.immobilienbusiness.ch\/fr\/wp-json\/wp\/v2\/comments?post=8632"}],"version-history":[{"count":0,"href":"https:\/\/www.immobilienbusiness.ch\/fr\/wp-json\/wp\/v2\/posts\/8632\/revisions"}],"wp:featuredmedia":[{"embeddable":true,"href":"https:\/\/www.immobilienbusiness.ch\/fr\/wp-json\/wp\/v2\/media\/8087"}],"wp:attachment":[{"href":"https:\/\/www.immobilienbusiness.ch\/fr\/wp-json\/wp\/v2\/media?parent=8632"}],"wp:term":[{"taxonomy":"category","embeddable":true,"href":"https:\/\/www.immobilienbusiness.ch\/fr\/wp-json\/wp\/v2\/categories?post=8632"},{"taxonomy":"post_tag","embeddable":true,"href":"https:\/\/www.immobilienbusiness.ch\/fr\/wp-json\/wp\/v2\/tags?post=8632"}],"curies":[{"name":"wp","href":"https:\/\/api.w.org\/{rel}","templated":true}]}}