{"id":8419,"date":"2017-07-20T09:34:25","date_gmt":"2017-07-20T07:34:25","guid":{"rendered":"https:\/\/www.immobilienbusiness.ch\/?p=8419"},"modified":"2017-07-20T09:34:25","modified_gmt":"2017-07-20T07:34:25","slug":"gabriela-theus-wird-leiterin-des-immofonds","status":"publish","type":"post","link":"https:\/\/www.immobilienbusiness.ch\/fr\/unternehmen\/2017-07-20\/gabriela-theus-wird-leiterin-des-immofonds\/","title":{"rendered":"Gabriela Theus dirigera d\u00e9sormais IMMOFONDS"},"content":{"rendered":"<figure id=\"attachment_8421\" aria-describedby=\"caption-attachment-8421\" style=\"width: 680px\" class=\"wp-caption alignnone\"><img loading=\"lazy\" decoding=\"async\" class=\"size-medium wp-image-8421\" src=\"https:\/\/www.immobilienbusiness.ch\/wp-content\/uploads\/2017\/07\/Theus.jpg\" alt=\"\" width=\"680\" height=\"509\" srcset=\"https:\/\/www.immobilienbusiness.ch\/wp-content\/uploads\/2017\/07\/Theus.jpg 939w, https:\/\/www.immobilienbusiness.ch\/wp-content\/uploads\/2017\/07\/Theus-300x225.jpg 300w, https:\/\/www.immobilienbusiness.ch\/wp-content\/uploads\/2017\/07\/Theus-768x575.jpg 768w, https:\/\/www.immobilienbusiness.ch\/wp-content\/uploads\/2017\/07\/Theus-16x12.jpg 16w, https:\/\/www.immobilienbusiness.ch\/wp-content\/uploads\/2017\/07\/Theus-234x175.jpg 234w, https:\/\/www.immobilienbusiness.ch\/wp-content\/uploads\/2017\/07\/Theus-467x350.jpg 467w, https:\/\/www.immobilienbusiness.ch\/wp-content\/uploads\/2017\/07\/Theus-920x689.jpg 920w\" sizes=\"auto, (max-width: 680px) 100vw, 680px\" \/><figcaption id=\"caption-attachment-8421\" class=\"wp-caption-text\">Gabriela Theus (Photo : AG f\u00fcr Fondsverwaltung)<\/figcaption><\/figure>\n<p>Gabriela Theus succ\u00e8de \u00e0 Dominik Weber \u00e0 son nouveau poste, <a href=\"https:\/\/www.immobilienbusiness.ch\/fr\/immofonds-dominik-weber-scheidet-aus\/\">qui avait annonc\u00e9 en mars qu'il quitterait la SA pour l'administration de fonds \u00e0 la fin du mois de septembre.<\/a><\/p>\n<p>Theus a travaill\u00e9 ces sept derni\u00e8res ann\u00e9es pour la Zug Estates Holding ou son pr\u00e9d\u00e9cesseur MZ-Immobilien. Depuis 2012, en tant que Chief Financial Officer (CFO), elle \u00e9tait notamment responsable de la gestion financi\u00e8re, du personnel et de la communication d'entreprise de la soci\u00e9t\u00e9 immobili\u00e8re cot\u00e9e. <a href=\"https:\/\/www.immobilienbusiness.ch\/fr\/zug-estates-cfo-gabriela-theus-verlaesst-die-ag\/\">Elle a quitt\u00e9 l'entreprise \u00e0 la fin du mois de mars.<\/a><\/p>\n<p>Gabriela Theus est membre de la Royal Institution of Chartered Surveyors (RICS). Elle a \u00e9tudi\u00e9 l'\u00e9conomie d'entreprise \u00e0 l'universit\u00e9 de Saint-Gall et a commenc\u00e9 sa carri\u00e8re professionnelle en 1999 chez Knorr Capital Partners. Elle a ensuite travaill\u00e9 au sein du d\u00e9partement Real Estate Corporate Finance d'Ernst &amp; Young avant de devenir vice-pr\u00e9sidente de Sal. Oppenheim Corporate Finance, o\u00f9 elle \u00e9tait responsable des \u00e9valuations et des transactions immobili\u00e8res.<\/p>\n<p>IMMOFONDS a \u00e9t\u00e9 fond\u00e9 en 1955 et fait partie des dix plus grands fonds immobiliers cot\u00e9s en bourse de Suisse. Le fonds investit dans des valeurs immobili\u00e8res suisses, en premier lieu dans des immeubles d'habitation situ\u00e9s dans les centres urbains et les agglom\u00e9rations.<\/p>","protected":false},"excerpt":{"rendered":"<p>Le 1er octobre, Gabriela Theus deviendra pr\u00e9sidente de la direction de la SA pour l'administration des fonds et nouvelle directrice d'IMMOFONDS. Elle a \u00e9t\u00e9 directrice financi\u00e8re de Zug Estates Holding au cours des cinq derni\u00e8res ann\u00e9es.<\/p>","protected":false},"author":3,"featured_media":8421,"comment_status":"open","ping_status":"open","sticky":false,"template":"","format":"standard","meta":{"_acf_changed":false,"_yoast_wpseo_focuskw":"Gabriela Theus","_yoast_wpseo_title":"","_yoast_wpseo_metadesc":"Zum Oktober wird Gabriela Theus Vorsitzende der Gesch\u00e4ftsleitung der AG f\u00fcr Fondsverwaltung und Leiterin des IMMOFONDS. Sie war zuletzt CFO bei Zug Estates.","_yoast_wpseo_linkdex":73,"pgc_sgb_lightbox_settings":"","footnotes":""},"categories":[988],"tags":[1344,1563,1807],"class_list":["post-8419","post","type-post","status-publish","format-standard","has-post-thumbnail","hentry","category-unternehmen","tag-immobilienfonds","tag-personalia","tag-unternehmen"],"acf":[],"yoast_head":"<!-- This site is optimized with the Yoast SEO plugin v27.4 - https:\/\/yoast.com\/product\/yoast-seo-wordpress\/ -->\n<title>Gabriela Theus leitet k\u00fcnftig den IMMOFONDS - IMMOBILIEN Business<\/title>\n<meta name=\"description\" content=\"Zum Oktober wird Gabriela Theus Vorsitzende der Gesch\u00e4ftsleitung der AG f\u00fcr Fondsverwaltung und Leiterin des IMMOFONDS. Sie war zuletzt CFO bei Zug Estates.\" \/>\n<meta name=\"robots\" content=\"index, follow, max-snippet:-1, max-image-preview:large, max-video-preview:-1\" \/>\n<link rel=\"canonical\" href=\"https:\/\/www.immobilienbusiness.ch\/fr\/unternehmen\/2017-07-20\/gabriela-theus-wird-leiterin-des-immofonds\/\" \/>\n<meta property=\"og:locale\" content=\"fr_FR\" \/>\n<meta property=\"og:type\" content=\"article\" \/>\n<meta property=\"og:title\" content=\"Gabriela Theus wird Leiterin des IMMOFONDS\" \/>\n<meta property=\"og:description\" content=\"Zum Oktober wird Gabriela Theus Vorsitzende der Gesch\u00e4ftsleitung der AG f\u00fcr Fondsverwaltung und Leiterin des IMMOFONDS. Sie war zuletzt CFO bei Zug Estates.\" \/>\n<meta property=\"og:url\" content=\"https:\/\/www.immobilienbusiness.ch\/fr\/unternehmen\/2017-07-20\/gabriela-theus-wird-leiterin-des-immofonds\/\" \/>\n<meta property=\"og:site_name\" content=\"IMMOBILIEN Business\" \/>\n<meta property=\"article:publisher\" content=\"https:\/\/www.facebook.com\/immobilienbusiness\/\" \/>\n<meta property=\"article:published_time\" content=\"2017-07-20T07:34:25+00:00\" \/>\n<meta property=\"og:image\" content=\"https:\/\/www.immobilienbusiness.ch\/wp-content\/uploads\/2017\/07\/Theus.jpg\" \/>\n\t<meta property=\"og:image:width\" content=\"939\" \/>\n\t<meta property=\"og:image:height\" content=\"703\" \/>\n\t<meta property=\"og:image:type\" content=\"image\/jpeg\" \/>\n<meta name=\"author\" content=\"anja.hall\" \/>\n<meta name=\"twitter:card\" content=\"summary_large_image\" \/>\n<meta name=\"twitter:title\" content=\"Gabriela Theus wird Leiterin des IMMOFONDS\" \/>\n<meta name=\"twitter:description\" content=\"Zum Oktober wird Gabriela Theus Vorsitzende der Gesch\u00e4ftsleitung der AG f\u00fcr Fondsverwaltung und Leiterin des IMMOFONDS. Sie war zuletzt CFO bei Zug Estates.\" \/>\n<meta name=\"twitter:image\" content=\"https:\/\/www.immobilienbusiness.ch\/wp-content\/uploads\/2017\/07\/Theus.jpg\" \/>\n<script type=\"application\/ld+json\" class=\"yoast-schema-graph\">{\"@context\":\"https:\\\/\\\/schema.org\",\"@graph\":[{\"@type\":\"Article\",\"@id\":\"https:\\\/\\\/www.immobilienbusiness.ch\\\/unternehmen\\\/2017-07-20\\\/gabriela-theus-wird-leiterin-des-immofonds\\\/#article\",\"isPartOf\":{\"@id\":\"https:\\\/\\\/www.immobilienbusiness.ch\\\/unternehmen\\\/2017-07-20\\\/gabriela-theus-wird-leiterin-des-immofonds\\\/\"},\"author\":{\"name\":\"anja.hall\",\"@id\":\"https:\\\/\\\/www.immobilienbusiness.ch\\\/#\\\/schema\\\/person\\\/3fc036297b10b9f42d6db5ee932af8c8\"},\"headline\":\"Gabriela Theus leitet k\u00fcnftig den IMMOFONDS\",\"datePublished\":\"2017-07-20T07:34:25+00:00\",\"mainEntityOfPage\":{\"@id\":\"https:\\\/\\\/www.immobilienbusiness.ch\\\/unternehmen\\\/2017-07-20\\\/gabriela-theus-wird-leiterin-des-immofonds\\\/\"},\"wordCount\":202,\"commentCount\":0,\"publisher\":{\"@id\":\"https:\\\/\\\/www.immobilienbusiness.ch\\\/#organization\"},\"image\":{\"@id\":\"https:\\\/\\\/www.immobilienbusiness.ch\\\/unternehmen\\\/2017-07-20\\\/gabriela-theus-wird-leiterin-des-immofonds\\\/#primaryimage\"},\"thumbnailUrl\":\"https:\\\/\\\/www.immobilienbusiness.ch\\\/wp-content\\\/uploads\\\/2017\\\/07\\\/Theus.jpg\",\"keywords\":[\"Immobilienfonds\",\"Personalia\",\"Unternehmen\"],\"articleSection\":[\"UNTERNEHMEN\"],\"inLanguage\":\"fr-FR\"},{\"@type\":\"WebPage\",\"@id\":\"https:\\\/\\\/www.immobilienbusiness.ch\\\/unternehmen\\\/2017-07-20\\\/gabriela-theus-wird-leiterin-des-immofonds\\\/\",\"url\":\"https:\\\/\\\/www.immobilienbusiness.ch\\\/unternehmen\\\/2017-07-20\\\/gabriela-theus-wird-leiterin-des-immofonds\\\/\",\"name\":\"Gabriela Theus leitet k\u00fcnftig den IMMOFONDS - IMMOBILIEN Business\",\"isPartOf\":{\"@id\":\"https:\\\/\\\/www.immobilienbusiness.ch\\\/#website\"},\"primaryImageOfPage\":{\"@id\":\"https:\\\/\\\/www.immobilienbusiness.ch\\\/unternehmen\\\/2017-07-20\\\/gabriela-theus-wird-leiterin-des-immofonds\\\/#primaryimage\"},\"image\":{\"@id\":\"https:\\\/\\\/www.immobilienbusiness.ch\\\/unternehmen\\\/2017-07-20\\\/gabriela-theus-wird-leiterin-des-immofonds\\\/#primaryimage\"},\"thumbnailUrl\":\"https:\\\/\\\/www.immobilienbusiness.ch\\\/wp-content\\\/uploads\\\/2017\\\/07\\\/Theus.jpg\",\"datePublished\":\"2017-07-20T07:34:25+00:00\",\"description\":\"Zum Oktober wird Gabriela Theus Vorsitzende der Gesch\u00e4ftsleitung der AG f\u00fcr Fondsverwaltung und Leiterin des IMMOFONDS. Sie war zuletzt CFO bei Zug Estates.\",\"breadcrumb\":{\"@id\":\"https:\\\/\\\/www.immobilienbusiness.ch\\\/unternehmen\\\/2017-07-20\\\/gabriela-theus-wird-leiterin-des-immofonds\\\/#breadcrumb\"},\"inLanguage\":\"fr-FR\",\"potentialAction\":[{\"@type\":\"ReadAction\",\"target\":[\"https:\\\/\\\/www.immobilienbusiness.ch\\\/unternehmen\\\/2017-07-20\\\/gabriela-theus-wird-leiterin-des-immofonds\\\/\"]}]},{\"@type\":\"ImageObject\",\"inLanguage\":\"fr-FR\",\"@id\":\"https:\\\/\\\/www.immobilienbusiness.ch\\\/unternehmen\\\/2017-07-20\\\/gabriela-theus-wird-leiterin-des-immofonds\\\/#primaryimage\",\"url\":\"https:\\\/\\\/www.immobilienbusiness.ch\\\/wp-content\\\/uploads\\\/2017\\\/07\\\/Theus.jpg\",\"contentUrl\":\"https:\\\/\\\/www.immobilienbusiness.ch\\\/wp-content\\\/uploads\\\/2017\\\/07\\\/Theus.jpg\",\"width\":939,\"height\":703,\"caption\":\"Gabriela Theus (Foto: AG f\u00fcr Fondsverwaltung)\"},{\"@type\":\"BreadcrumbList\",\"@id\":\"https:\\\/\\\/www.immobilienbusiness.ch\\\/unternehmen\\\/2017-07-20\\\/gabriela-theus-wird-leiterin-des-immofonds\\\/#breadcrumb\",\"itemListElement\":[{\"@type\":\"ListItem\",\"position\":1,\"name\":\"Home\",\"item\":\"https:\\\/\\\/www.immobilienbusiness.ch\\\/\"},{\"@type\":\"ListItem\",\"position\":2,\"name\":\"Gabriela Theus leitet k\u00fcnftig den IMMOFONDS\"}]},{\"@type\":\"WebSite\",\"@id\":\"https:\\\/\\\/www.immobilienbusiness.ch\\\/#website\",\"url\":\"https:\\\/\\\/www.immobilienbusiness.ch\\\/\",\"name\":\"IMMOBILIEN Business\",\"description\":\"Unabh\u00e4ngiges Schweizer Wirtschaftsmagazin mit Fokus auf Immobilien, Architektur- und Bau sowie Investment- und Finanzierung.\",\"publisher\":{\"@id\":\"https:\\\/\\\/www.immobilienbusiness.ch\\\/#organization\"},\"potentialAction\":[{\"@type\":\"SearchAction\",\"target\":{\"@type\":\"EntryPoint\",\"urlTemplate\":\"https:\\\/\\\/www.immobilienbusiness.ch\\\/?s={search_term_string}\"},\"query-input\":{\"@type\":\"PropertyValueSpecification\",\"valueRequired\":true,\"valueName\":\"search_term_string\"}}],\"inLanguage\":\"fr-FR\"},{\"@type\":\"Organization\",\"@id\":\"https:\\\/\\\/www.immobilienbusiness.ch\\\/#organization\",\"name\":\"IMMOBILIEN Business\",\"url\":\"https:\\\/\\\/www.immobilienbusiness.ch\\\/\",\"logo\":{\"@type\":\"ImageObject\",\"inLanguage\":\"fr-FR\",\"@id\":\"https:\\\/\\\/www.immobilienbusiness.ch\\\/#\\\/schema\\\/logo\\\/image\\\/\",\"url\":\"https:\\\/\\\/www.immobilienbusiness.ch\\\/wp-content\\\/uploads\\\/2021\\\/07\\\/logo_ib.png\",\"contentUrl\":\"https:\\\/\\\/www.immobilienbusiness.ch\\\/wp-content\\\/uploads\\\/2021\\\/07\\\/logo_ib.png\",\"width\":800,\"height\":181,\"caption\":\"IMMOBILIEN Business\"},\"image\":{\"@id\":\"https:\\\/\\\/www.immobilienbusiness.ch\\\/#\\\/schema\\\/logo\\\/image\\\/\"},\"sameAs\":[\"https:\\\/\\\/www.facebook.com\\\/immobilienbusiness\\\/\"]},{\"@type\":\"Person\",\"@id\":\"https:\\\/\\\/www.immobilienbusiness.ch\\\/#\\\/schema\\\/person\\\/3fc036297b10b9f42d6db5ee932af8c8\",\"name\":\"anja.hall\",\"image\":{\"@type\":\"ImageObject\",\"inLanguage\":\"fr-FR\",\"@id\":\"https:\\\/\\\/secure.gravatar.com\\\/avatar\\\/066b5a0d447013502c71a5782f4f3469f03cfe595cc2329fb94652fe47511bfb?s=96&d=mm&r=g\",\"url\":\"https:\\\/\\\/secure.gravatar.com\\\/avatar\\\/066b5a0d447013502c71a5782f4f3469f03cfe595cc2329fb94652fe47511bfb?s=96&d=mm&r=g\",\"contentUrl\":\"https:\\\/\\\/secure.gravatar.com\\\/avatar\\\/066b5a0d447013502c71a5782f4f3469f03cfe595cc2329fb94652fe47511bfb?s=96&d=mm&r=g\",\"caption\":\"anja.hall\"},\"url\":\"https:\\\/\\\/www.immobilienbusiness.ch\\\/fr\\\/author\\\/anja-hall\\\/\"}]}<\/script>\n<!-- \/ Yoast SEO plugin. -->","yoast_head_json":{"title":"Gabriela Theus dirigera d\u00e9sormais IMMOFONDS - IMMOBILIEN Business","description":"A partir du mois d'octobre, Gabriela Theus sera pr\u00e9sidente de la direction de la SA pour l'administration des fonds et directrice d'IMMOFONDS. Elle \u00e9tait derni\u00e8rement CFO chez Zug Estates.","robots":{"index":"index","follow":"follow","max-snippet":"max-snippet:-1","max-image-preview":"max-image-preview:large","max-video-preview":"max-video-preview:-1"},"canonical":"https:\/\/www.immobilienbusiness.ch\/fr\/unternehmen\/2017-07-20\/gabriela-theus-wird-leiterin-des-immofonds\/","og_locale":"fr_FR","og_type":"article","og_title":"Gabriela Theus wird Leiterin des IMMOFONDS","og_description":"Zum Oktober wird Gabriela Theus Vorsitzende der Gesch\u00e4ftsleitung der AG f\u00fcr Fondsverwaltung und Leiterin des IMMOFONDS. Sie war zuletzt CFO bei Zug Estates.","og_url":"https:\/\/www.immobilienbusiness.ch\/fr\/unternehmen\/2017-07-20\/gabriela-theus-wird-leiterin-des-immofonds\/","og_site_name":"IMMOBILIEN Business","article_publisher":"https:\/\/www.facebook.com\/immobilienbusiness\/","article_published_time":"2017-07-20T07:34:25+00:00","og_image":[{"width":939,"height":703,"url":"https:\/\/www.immobilienbusiness.ch\/wp-content\/uploads\/2017\/07\/Theus.jpg","type":"image\/jpeg"}],"author":"anja.hall","twitter_card":"summary_large_image","twitter_title":"Gabriela Theus wird Leiterin des IMMOFONDS","twitter_description":"Zum Oktober wird Gabriela Theus Vorsitzende der Gesch\u00e4ftsleitung der AG f\u00fcr Fondsverwaltung und Leiterin des IMMOFONDS. Sie war zuletzt CFO bei Zug Estates.","twitter_image":"https:\/\/www.immobilienbusiness.ch\/wp-content\/uploads\/2017\/07\/Theus.jpg","schema":{"@context":"https:\/\/schema.org","@graph":[{"@type":"Article","@id":"https:\/\/www.immobilienbusiness.ch\/unternehmen\/2017-07-20\/gabriela-theus-wird-leiterin-des-immofonds\/#article","isPartOf":{"@id":"https:\/\/www.immobilienbusiness.ch\/unternehmen\/2017-07-20\/gabriela-theus-wird-leiterin-des-immofonds\/"},"author":{"name":"anja.hall","@id":"https:\/\/www.immobilienbusiness.ch\/#\/schema\/person\/3fc036297b10b9f42d6db5ee932af8c8"},"headline":"Gabriela Theus leitet k\u00fcnftig den IMMOFONDS","datePublished":"2017-07-20T07:34:25+00:00","mainEntityOfPage":{"@id":"https:\/\/www.immobilienbusiness.ch\/unternehmen\/2017-07-20\/gabriela-theus-wird-leiterin-des-immofonds\/"},"wordCount":202,"commentCount":0,"publisher":{"@id":"https:\/\/www.immobilienbusiness.ch\/#organization"},"image":{"@id":"https:\/\/www.immobilienbusiness.ch\/unternehmen\/2017-07-20\/gabriela-theus-wird-leiterin-des-immofonds\/#primaryimage"},"thumbnailUrl":"https:\/\/www.immobilienbusiness.ch\/wp-content\/uploads\/2017\/07\/Theus.jpg","keywords":["Immobilienfonds","Personalia","Unternehmen"],"articleSection":["UNTERNEHMEN"],"inLanguage":"fr-FR"},{"@type":"WebPage","@id":"https:\/\/www.immobilienbusiness.ch\/unternehmen\/2017-07-20\/gabriela-theus-wird-leiterin-des-immofonds\/","url":"https:\/\/www.immobilienbusiness.ch\/unternehmen\/2017-07-20\/gabriela-theus-wird-leiterin-des-immofonds\/","name":"Gabriela Theus dirigera d\u00e9sormais IMMOFONDS - IMMOBILIEN Business","isPartOf":{"@id":"https:\/\/www.immobilienbusiness.ch\/#website"},"primaryImageOfPage":{"@id":"https:\/\/www.immobilienbusiness.ch\/unternehmen\/2017-07-20\/gabriela-theus-wird-leiterin-des-immofonds\/#primaryimage"},"image":{"@id":"https:\/\/www.immobilienbusiness.ch\/unternehmen\/2017-07-20\/gabriela-theus-wird-leiterin-des-immofonds\/#primaryimage"},"thumbnailUrl":"https:\/\/www.immobilienbusiness.ch\/wp-content\/uploads\/2017\/07\/Theus.jpg","datePublished":"2017-07-20T07:34:25+00:00","description":"A partir du mois d'octobre, Gabriela Theus sera pr\u00e9sidente de la direction de la SA pour l'administration des fonds et directrice d'IMMOFONDS. Elle \u00e9tait derni\u00e8rement CFO chez Zug Estates.","breadcrumb":{"@id":"https:\/\/www.immobilienbusiness.ch\/unternehmen\/2017-07-20\/gabriela-theus-wird-leiterin-des-immofonds\/#breadcrumb"},"inLanguage":"fr-FR","potentialAction":[{"@type":"ReadAction","target":["https:\/\/www.immobilienbusiness.ch\/unternehmen\/2017-07-20\/gabriela-theus-wird-leiterin-des-immofonds\/"]}]},{"@type":"ImageObject","inLanguage":"fr-FR","@id":"https:\/\/www.immobilienbusiness.ch\/unternehmen\/2017-07-20\/gabriela-theus-wird-leiterin-des-immofonds\/#primaryimage","url":"https:\/\/www.immobilienbusiness.ch\/wp-content\/uploads\/2017\/07\/Theus.jpg","contentUrl":"https:\/\/www.immobilienbusiness.ch\/wp-content\/uploads\/2017\/07\/Theus.jpg","width":939,"height":703,"caption":"Gabriela Theus (Foto: AG f\u00fcr Fondsverwaltung)"},{"@type":"BreadcrumbList","@id":"https:\/\/www.immobilienbusiness.ch\/unternehmen\/2017-07-20\/gabriela-theus-wird-leiterin-des-immofonds\/#breadcrumb","itemListElement":[{"@type":"ListItem","position":1,"name":"Home","item":"https:\/\/www.immobilienbusiness.ch\/"},{"@type":"ListItem","position":2,"name":"Gabriela Theus leitet k\u00fcnftig den IMMOFONDS"}]},{"@type":"WebSite","@id":"https:\/\/www.immobilienbusiness.ch\/#website","url":"https:\/\/www.immobilienbusiness.ch\/","name":"IMMOBILIER Business","description":"Magazine \u00e9conomique suisse ind\u00e9pendant ax\u00e9 sur l'immobilier, l'architecture et la construction ainsi que sur les investissements et le financement.","publisher":{"@id":"https:\/\/www.immobilienbusiness.ch\/#organization"},"potentialAction":[{"@type":"SearchAction","target":{"@type":"EntryPoint","urlTemplate":"https:\/\/www.immobilienbusiness.ch\/?s={search_term_string}"},"query-input":{"@type":"PropertyValueSpecification","valueRequired":true,"valueName":"search_term_string"}}],"inLanguage":"fr-FR"},{"@type":"Organization","@id":"https:\/\/www.immobilienbusiness.ch\/#organization","name":"IMMOBILIER Business","url":"https:\/\/www.immobilienbusiness.ch\/","logo":{"@type":"ImageObject","inLanguage":"fr-FR","@id":"https:\/\/www.immobilienbusiness.ch\/#\/schema\/logo\/image\/","url":"https:\/\/www.immobilienbusiness.ch\/wp-content\/uploads\/2021\/07\/logo_ib.png","contentUrl":"https:\/\/www.immobilienbusiness.ch\/wp-content\/uploads\/2021\/07\/logo_ib.png","width":800,"height":181,"caption":"IMMOBILIEN Business"},"image":{"@id":"https:\/\/www.immobilienbusiness.ch\/#\/schema\/logo\/image\/"},"sameAs":["https:\/\/www.facebook.com\/immobilienbusiness\/"]},{"@type":"Person","@id":"https:\/\/www.immobilienbusiness.ch\/#\/schema\/person\/3fc036297b10b9f42d6db5ee932af8c8","name":"anja.hall","image":{"@type":"ImageObject","inLanguage":"fr-FR","@id":"https:\/\/secure.gravatar.com\/avatar\/066b5a0d447013502c71a5782f4f3469f03cfe595cc2329fb94652fe47511bfb?s=96&d=mm&r=g","url":"https:\/\/secure.gravatar.com\/avatar\/066b5a0d447013502c71a5782f4f3469f03cfe595cc2329fb94652fe47511bfb?s=96&d=mm&r=g","contentUrl":"https:\/\/secure.gravatar.com\/avatar\/066b5a0d447013502c71a5782f4f3469f03cfe595cc2329fb94652fe47511bfb?s=96&d=mm&r=g","caption":"anja.hall"},"url":"https:\/\/www.immobilienbusiness.ch\/fr\/author\/anja-hall\/"}]}},"_links":{"self":[{"href":"https:\/\/www.immobilienbusiness.ch\/fr\/wp-json\/wp\/v2\/posts\/8419","targetHints":{"allow":["GET"]}}],"collection":[{"href":"https:\/\/www.immobilienbusiness.ch\/fr\/wp-json\/wp\/v2\/posts"}],"about":[{"href":"https:\/\/www.immobilienbusiness.ch\/fr\/wp-json\/wp\/v2\/types\/post"}],"author":[{"embeddable":true,"href":"https:\/\/www.immobilienbusiness.ch\/fr\/wp-json\/wp\/v2\/users\/3"}],"replies":[{"embeddable":true,"href":"https:\/\/www.immobilienbusiness.ch\/fr\/wp-json\/wp\/v2\/comments?post=8419"}],"version-history":[{"count":0,"href":"https:\/\/www.immobilienbusiness.ch\/fr\/wp-json\/wp\/v2\/posts\/8419\/revisions"}],"wp:featuredmedia":[{"embeddable":true,"href":"https:\/\/www.immobilienbusiness.ch\/fr\/wp-json\/wp\/v2\/media\/8421"}],"wp:attachment":[{"href":"https:\/\/www.immobilienbusiness.ch\/fr\/wp-json\/wp\/v2\/media?parent=8419"}],"wp:term":[{"taxonomy":"category","embeddable":true,"href":"https:\/\/www.immobilienbusiness.ch\/fr\/wp-json\/wp\/v2\/categories?post=8419"},{"taxonomy":"post_tag","embeddable":true,"href":"https:\/\/www.immobilienbusiness.ch\/fr\/wp-json\/wp\/v2\/tags?post=8419"}],"curies":[{"name":"wp","href":"https:\/\/api.w.org\/{rel}","templated":true}]}}