{"id":8416,"date":"2017-07-20T09:18:30","date_gmt":"2017-07-20T07:18:30","guid":{"rendered":"https:\/\/www.immobilienbusiness.ch\/?p=8416"},"modified":"2017-07-20T09:18:30","modified_gmt":"2017-07-20T07:18:30","slug":"oerlikon-einkaufszentrum-neumarkt-revitalisierung","status":"publish","type":"post","link":"https:\/\/www.immobilienbusiness.ch\/fr\/retail\/2017-07-20\/oerlikon-einkaufszentrum-neumarkt-revitalisierung\/","title":{"rendered":"Oerlikon : Le centre commercial de Neumarkt va \u00eatre revitalis\u00e9"},"content":{"rendered":"<figure id=\"attachment_8417\" aria-describedby=\"caption-attachment-8417\" style=\"width: 680px\" class=\"wp-caption alignnone\"><img loading=\"lazy\" decoding=\"async\" class=\"size-medium wp-image-8417\" src=\"https:\/\/www.immobilienbusiness.ch\/wp-content\/uploads\/2017\/07\/Neumarkt_2_Oerlikon_-_2014-08-24.jpg\" alt=\"\" width=\"680\" height=\"452\" srcset=\"https:\/\/www.immobilienbusiness.ch\/wp-content\/uploads\/2017\/07\/Neumarkt_2_Oerlikon_-_2014-08-24.jpg 2560w, https:\/\/www.immobilienbusiness.ch\/wp-content\/uploads\/2017\/07\/Neumarkt_2_Oerlikon_-_2014-08-24-300x199.jpg 300w, https:\/\/www.immobilienbusiness.ch\/wp-content\/uploads\/2017\/07\/Neumarkt_2_Oerlikon_-_2014-08-24-1024x680.jpg 1024w, https:\/\/www.immobilienbusiness.ch\/wp-content\/uploads\/2017\/07\/Neumarkt_2_Oerlikon_-_2014-08-24-768x510.jpg 768w, https:\/\/www.immobilienbusiness.ch\/wp-content\/uploads\/2017\/07\/Neumarkt_2_Oerlikon_-_2014-08-24-1536x1020.jpg 1536w, https:\/\/www.immobilienbusiness.ch\/wp-content\/uploads\/2017\/07\/Neumarkt_2_Oerlikon_-_2014-08-24-2048x1360.jpg 2048w, https:\/\/www.immobilienbusiness.ch\/wp-content\/uploads\/2017\/07\/Neumarkt_2_Oerlikon_-_2014-08-24-16x12.jpg 16w, https:\/\/www.immobilienbusiness.ch\/wp-content\/uploads\/2017\/07\/Neumarkt_2_Oerlikon_-_2014-08-24-263x175.jpg 263w, https:\/\/www.immobilienbusiness.ch\/wp-content\/uploads\/2017\/07\/Neumarkt_2_Oerlikon_-_2014-08-24-527x350.jpg 527w, https:\/\/www.immobilienbusiness.ch\/wp-content\/uploads\/2017\/07\/Neumarkt_2_Oerlikon_-_2014-08-24-1204x800.jpg 1204w, https:\/\/www.immobilienbusiness.ch\/wp-content\/uploads\/2017\/07\/Neumarkt_2_Oerlikon_-_2014-08-24-920x611.jpg 920w, https:\/\/www.immobilienbusiness.ch\/wp-content\/uploads\/2017\/07\/Neumarkt_2_Oerlikon_-_2014-08-24-1400x930.jpg 1400w\" sizes=\"auto, (max-width: 680px) 100vw, 680px\" \/><figcaption id=\"caption-attachment-8417\" class=\"wp-caption-text\">Le Neumarkt d'Oerlikon va \u00eatre revitalis\u00e9 (Photo : Micha L. Rieser, Attribution, Wikimedia Commons)<\/figcaption><\/figure>\n<p>Le Neumarkt \u00e0 Oerlikon a \u00e9t\u00e9 construit de 1978 \u00e0 1981 et doit maintenant, apr\u00e8s 36 ans, \u00eatre r\u00e9nov\u00e9 en profondeur. Le complexe de b\u00e2timents se compose de deux \u00e9tages de parking (3e et 2e sous-sol), d'\u00e9tages de vente et de restauration (du 1er sous-sol au 2e \u00e9tage) et de deux tours \u00e0 usage de bureaux et d'habitation. En mars de cette ann\u00e9e, une connexion \u00e0 la <a href=\"https:\/\/www.immobilienbusiness.ch\/fr\/zuerich-bahnhof-oerlikon-offiziell-eingeweiht\/\">Passage de la nouvelle gare d'Oerlikon<\/a> a ouvert ses portes.<\/p>\n<p>Comme l'indique Privera, les travaux de revitalisation comprennent entre autres un assainissement de la fa\u00e7ade et la r\u00e9novation de la zone de vente au d\u00e9tail : l'installation d'escaliers roulants et les fa\u00e7ades des magasins seront repositionn\u00e9es et la fa\u00e7ade sera r\u00e9nov\u00e9e du rez-de-chauss\u00e9e au deuxi\u00e8me \u00e9tage. En outre, des mesures de r\u00e9novation et d'entretien seront prises dans le domaine de la technique du b\u00e2timent.<\/p>\n<p>La coop\u00e9rative Migros Zurich, un grand locataire du Neumarkt Oerlikon, veut r\u00e9nover son supermarch\u00e9 au premier \u00e9tage dans le cadre des travaux.<\/p>\n<p>Les travaux devraient commencer en 2019 et durer jusqu'en novembre 2020. Pendant cette p\u00e9riode, le Neumarkt restera ouvert, fait savoir Privera. L'entreprise met en \u0153uvre le projet de revitalisation en collaboration avec le bureau d'architectes Walker Architekten de Brugg.<\/p>","protected":false},"excerpt":{"rendered":"<p>Le Neumarkt d'Oerlikon sera r\u00e9nov\u00e9 d'ici 2020. Les travaux comprennent entre autres le r\u00e9am\u00e9nagement du centre commercial et la r\u00e9novation de la fa\u00e7ade.<\/p>","protected":false},"author":3,"featured_media":8417,"comment_status":"open","ping_status":"open","sticky":false,"template":"","format":"standard","meta":{"_acf_changed":false,"_yoast_wpseo_focuskw":"Neumarkt","_yoast_wpseo_title":"","_yoast_wpseo_metadesc":"Der Neumarkt in Oerlikon wird bis 2020 erneuert. Die Arbeiten umfassen u.a. die Neugestaltung des Shoppingcenters und die Erneuerung der Fassade.","_yoast_wpseo_linkdex":70,"pgc_sgb_lightbox_settings":"","footnotes":""},"categories":[987],"tags":[1627,1629,1643,1697,1888],"class_list":["post-8416","post","type-post","status-publish","format-standard","has-post-thumbnail","hentry","category-retail","tag-refurbishment","tag-regionen","tag-retail","tag-shopping-center","tag-zuerich"],"acf":[],"yoast_head":"<!-- This site is optimized with the Yoast SEO plugin v27.5 - https:\/\/yoast.com\/product\/yoast-seo-wordpress\/ -->\n<title>Oerlikon: Einkaufszentrum Neumarkt wird revitalisiert - IMMOBILIEN Business<\/title>\n<meta name=\"description\" content=\"Der Neumarkt in Oerlikon wird bis 2020 erneuert. Die Arbeiten umfassen u.a. die Neugestaltung des Shoppingcenters und die Erneuerung der Fassade.\" \/>\n<meta name=\"robots\" content=\"index, follow, max-snippet:-1, max-image-preview:large, max-video-preview:-1\" \/>\n<link rel=\"canonical\" href=\"https:\/\/www.immobilienbusiness.ch\/fr\/retail\/2017-07-20\/oerlikon-einkaufszentrum-neumarkt-revitalisierung\/\" \/>\n<meta property=\"og:locale\" content=\"fr_FR\" \/>\n<meta property=\"og:type\" content=\"article\" \/>\n<meta property=\"og:title\" content=\"Oerlikon: Einkaufszentrum Neumarkt wird revitalisiert\" \/>\n<meta property=\"og:description\" content=\"Der Neumarkt in Oerlikon wird bis 2020 erneuert. Die Arbeiten umfassen u.a. die Neugestaltung des Shoppingcenters und die Erneuerung der Fassade.\" \/>\n<meta property=\"og:url\" content=\"https:\/\/www.immobilienbusiness.ch\/fr\/retail\/2017-07-20\/oerlikon-einkaufszentrum-neumarkt-revitalisierung\/\" \/>\n<meta property=\"og:site_name\" content=\"IMMOBILIEN Business\" \/>\n<meta property=\"article:publisher\" content=\"https:\/\/www.facebook.com\/immobilienbusiness\/\" \/>\n<meta property=\"article:published_time\" content=\"2017-07-20T07:18:30+00:00\" \/>\n<meta property=\"og:image\" content=\"https:\/\/www.immobilienbusiness.ch\/wp-content\/uploads\/2017\/07\/Neumarkt_2_Oerlikon_-_2014-08-24-1024x680.jpg\" \/>\n\t<meta property=\"og:image:width\" content=\"1024\" \/>\n\t<meta property=\"og:image:height\" content=\"680\" \/>\n\t<meta property=\"og:image:type\" content=\"image\/jpeg\" \/>\n<meta name=\"author\" content=\"anja.hall\" \/>\n<meta name=\"twitter:card\" content=\"summary_large_image\" \/>\n<meta name=\"twitter:title\" content=\"Oerlikon: Einkaufszentrum Neumarkt wird revitalisiert\" \/>\n<meta name=\"twitter:description\" content=\"Der Neumarkt in Oerlikon wird bis 2020 erneuert. Die Arbeiten umfassen u.a. die Neugestaltung des Shoppingcenters und die Erneuerung der Fassade.\" \/>\n<meta name=\"twitter:image\" content=\"https:\/\/www.immobilienbusiness.ch\/wp-content\/uploads\/2017\/07\/Neumarkt_2_Oerlikon_-_2014-08-24.jpg\" \/>\n<script type=\"application\/ld+json\" class=\"yoast-schema-graph\">{\"@context\":\"https:\\\/\\\/schema.org\",\"@graph\":[{\"@type\":\"Article\",\"@id\":\"https:\\\/\\\/www.immobilienbusiness.ch\\\/en\\\/retail\\\/2017-07-20\\\/oerlikon-einkaufszentrum-neumarkt-revitalisierung\\\/#article\",\"isPartOf\":{\"@id\":\"https:\\\/\\\/www.immobilienbusiness.ch\\\/en\\\/retail\\\/2017-07-20\\\/oerlikon-einkaufszentrum-neumarkt-revitalisierung\\\/\"},\"author\":{\"name\":\"anja.hall\",\"@id\":\"https:\\\/\\\/www.immobilienbusiness.ch\\\/#\\\/schema\\\/person\\\/3fc036297b10b9f42d6db5ee932af8c8\"},\"headline\":\"Oerlikon: Einkaufszentrum Neumarkt wird revitalisiert\",\"datePublished\":\"2017-07-20T07:18:30+00:00\",\"mainEntityOfPage\":{\"@id\":\"https:\\\/\\\/www.immobilienbusiness.ch\\\/en\\\/retail\\\/2017-07-20\\\/oerlikon-einkaufszentrum-neumarkt-revitalisierung\\\/\"},\"wordCount\":188,\"commentCount\":0,\"publisher\":{\"@id\":\"https:\\\/\\\/www.immobilienbusiness.ch\\\/#organization\"},\"image\":{\"@id\":\"https:\\\/\\\/www.immobilienbusiness.ch\\\/en\\\/retail\\\/2017-07-20\\\/oerlikon-einkaufszentrum-neumarkt-revitalisierung\\\/#primaryimage\"},\"thumbnailUrl\":\"https:\\\/\\\/www.immobilienbusiness.ch\\\/wp-content\\\/uploads\\\/2017\\\/07\\\/Neumarkt_2_Oerlikon_-_2014-08-24.jpg\",\"keywords\":[\"Refurbishment\",\"Regionen\",\"Retail\",\"Shopping Center\",\"Z\u00fcrich\"],\"articleSection\":[\"RETAIL\"],\"inLanguage\":\"fr-FR\"},{\"@type\":\"WebPage\",\"@id\":\"https:\\\/\\\/www.immobilienbusiness.ch\\\/en\\\/retail\\\/2017-07-20\\\/oerlikon-einkaufszentrum-neumarkt-revitalisierung\\\/\",\"url\":\"https:\\\/\\\/www.immobilienbusiness.ch\\\/en\\\/retail\\\/2017-07-20\\\/oerlikon-einkaufszentrum-neumarkt-revitalisierung\\\/\",\"name\":\"Oerlikon: Einkaufszentrum Neumarkt wird revitalisiert - IMMOBILIEN Business\",\"isPartOf\":{\"@id\":\"https:\\\/\\\/www.immobilienbusiness.ch\\\/#website\"},\"primaryImageOfPage\":{\"@id\":\"https:\\\/\\\/www.immobilienbusiness.ch\\\/en\\\/retail\\\/2017-07-20\\\/oerlikon-einkaufszentrum-neumarkt-revitalisierung\\\/#primaryimage\"},\"image\":{\"@id\":\"https:\\\/\\\/www.immobilienbusiness.ch\\\/en\\\/retail\\\/2017-07-20\\\/oerlikon-einkaufszentrum-neumarkt-revitalisierung\\\/#primaryimage\"},\"thumbnailUrl\":\"https:\\\/\\\/www.immobilienbusiness.ch\\\/wp-content\\\/uploads\\\/2017\\\/07\\\/Neumarkt_2_Oerlikon_-_2014-08-24.jpg\",\"datePublished\":\"2017-07-20T07:18:30+00:00\",\"description\":\"Der Neumarkt in Oerlikon wird bis 2020 erneuert. Die Arbeiten umfassen u.a. die Neugestaltung des Shoppingcenters und die Erneuerung der Fassade.\",\"breadcrumb\":{\"@id\":\"https:\\\/\\\/www.immobilienbusiness.ch\\\/en\\\/retail\\\/2017-07-20\\\/oerlikon-einkaufszentrum-neumarkt-revitalisierung\\\/#breadcrumb\"},\"inLanguage\":\"fr-FR\",\"potentialAction\":[{\"@type\":\"ReadAction\",\"target\":[\"https:\\\/\\\/www.immobilienbusiness.ch\\\/en\\\/retail\\\/2017-07-20\\\/oerlikon-einkaufszentrum-neumarkt-revitalisierung\\\/\"]}]},{\"@type\":\"ImageObject\",\"inLanguage\":\"fr-FR\",\"@id\":\"https:\\\/\\\/www.immobilienbusiness.ch\\\/en\\\/retail\\\/2017-07-20\\\/oerlikon-einkaufszentrum-neumarkt-revitalisierung\\\/#primaryimage\",\"url\":\"https:\\\/\\\/www.immobilienbusiness.ch\\\/wp-content\\\/uploads\\\/2017\\\/07\\\/Neumarkt_2_Oerlikon_-_2014-08-24.jpg\",\"contentUrl\":\"https:\\\/\\\/www.immobilienbusiness.ch\\\/wp-content\\\/uploads\\\/2017\\\/07\\\/Neumarkt_2_Oerlikon_-_2014-08-24.jpg\",\"width\":2560,\"height\":1700,\"caption\":\"Neumarkt Oerlikon Von Micha L. Rieser, Attribution, https:\\\/\\\/commons.wikimedia.org\\\/w\\\/index.php?curid=35116066\"},{\"@type\":\"BreadcrumbList\",\"@id\":\"https:\\\/\\\/www.immobilienbusiness.ch\\\/en\\\/retail\\\/2017-07-20\\\/oerlikon-einkaufszentrum-neumarkt-revitalisierung\\\/#breadcrumb\",\"itemListElement\":[{\"@type\":\"ListItem\",\"position\":1,\"name\":\"Home\",\"item\":\"https:\\\/\\\/www.immobilienbusiness.ch\\\/\"},{\"@type\":\"ListItem\",\"position\":2,\"name\":\"Oerlikon: Einkaufszentrum Neumarkt wird revitalisiert\"}]},{\"@type\":\"WebSite\",\"@id\":\"https:\\\/\\\/www.immobilienbusiness.ch\\\/#website\",\"url\":\"https:\\\/\\\/www.immobilienbusiness.ch\\\/\",\"name\":\"IMMOBILIEN Business\",\"description\":\"Unabh\u00e4ngiges Schweizer Wirtschaftsmagazin mit Fokus auf Immobilien, Architektur- und Bau sowie Investment- und Finanzierung.\",\"publisher\":{\"@id\":\"https:\\\/\\\/www.immobilienbusiness.ch\\\/#organization\"},\"potentialAction\":[{\"@type\":\"SearchAction\",\"target\":{\"@type\":\"EntryPoint\",\"urlTemplate\":\"https:\\\/\\\/www.immobilienbusiness.ch\\\/?s={search_term_string}\"},\"query-input\":{\"@type\":\"PropertyValueSpecification\",\"valueRequired\":true,\"valueName\":\"search_term_string\"}}],\"inLanguage\":\"fr-FR\"},{\"@type\":\"Organization\",\"@id\":\"https:\\\/\\\/www.immobilienbusiness.ch\\\/#organization\",\"name\":\"IMMOBILIEN Business\",\"url\":\"https:\\\/\\\/www.immobilienbusiness.ch\\\/\",\"logo\":{\"@type\":\"ImageObject\",\"inLanguage\":\"fr-FR\",\"@id\":\"https:\\\/\\\/www.immobilienbusiness.ch\\\/#\\\/schema\\\/logo\\\/image\\\/\",\"url\":\"https:\\\/\\\/www.immobilienbusiness.ch\\\/wp-content\\\/uploads\\\/2021\\\/07\\\/logo_ib.png\",\"contentUrl\":\"https:\\\/\\\/www.immobilienbusiness.ch\\\/wp-content\\\/uploads\\\/2021\\\/07\\\/logo_ib.png\",\"width\":800,\"height\":181,\"caption\":\"IMMOBILIEN Business\"},\"image\":{\"@id\":\"https:\\\/\\\/www.immobilienbusiness.ch\\\/#\\\/schema\\\/logo\\\/image\\\/\"},\"sameAs\":[\"https:\\\/\\\/www.facebook.com\\\/immobilienbusiness\\\/\"]},{\"@type\":\"Person\",\"@id\":\"https:\\\/\\\/www.immobilienbusiness.ch\\\/#\\\/schema\\\/person\\\/3fc036297b10b9f42d6db5ee932af8c8\",\"name\":\"anja.hall\",\"image\":{\"@type\":\"ImageObject\",\"inLanguage\":\"fr-FR\",\"@id\":\"https:\\\/\\\/secure.gravatar.com\\\/avatar\\\/066b5a0d447013502c71a5782f4f3469f03cfe595cc2329fb94652fe47511bfb?s=96&d=mm&r=g\",\"url\":\"https:\\\/\\\/secure.gravatar.com\\\/avatar\\\/066b5a0d447013502c71a5782f4f3469f03cfe595cc2329fb94652fe47511bfb?s=96&d=mm&r=g\",\"contentUrl\":\"https:\\\/\\\/secure.gravatar.com\\\/avatar\\\/066b5a0d447013502c71a5782f4f3469f03cfe595cc2329fb94652fe47511bfb?s=96&d=mm&r=g\",\"caption\":\"anja.hall\"},\"url\":\"https:\\\/\\\/www.immobilienbusiness.ch\\\/fr\\\/author\\\/anja-hall\\\/\"}]}<\/script>\n<!-- \/ Yoast SEO plugin. -->","yoast_head_json":{"title":"Oerlikon: Einkaufszentrum Neumarkt wird revitalisiert - IMMOBILIEN Business","description":"Der Neumarkt in Oerlikon wird bis 2020 erneuert. Die Arbeiten umfassen u.a. die Neugestaltung des Shoppingcenters und die Erneuerung der Fassade.","robots":{"index":"index","follow":"follow","max-snippet":"max-snippet:-1","max-image-preview":"max-image-preview:large","max-video-preview":"max-video-preview:-1"},"canonical":"https:\/\/www.immobilienbusiness.ch\/fr\/retail\/2017-07-20\/oerlikon-einkaufszentrum-neumarkt-revitalisierung\/","og_locale":"fr_FR","og_type":"article","og_title":"Oerlikon: Einkaufszentrum Neumarkt wird revitalisiert","og_description":"Der Neumarkt in Oerlikon wird bis 2020 erneuert. Die Arbeiten umfassen u.a. die Neugestaltung des Shoppingcenters und die Erneuerung der Fassade.","og_url":"https:\/\/www.immobilienbusiness.ch\/fr\/retail\/2017-07-20\/oerlikon-einkaufszentrum-neumarkt-revitalisierung\/","og_site_name":"IMMOBILIEN Business","article_publisher":"https:\/\/www.facebook.com\/immobilienbusiness\/","article_published_time":"2017-07-20T07:18:30+00:00","og_image":[{"width":1024,"height":680,"url":"https:\/\/www.immobilienbusiness.ch\/wp-content\/uploads\/2017\/07\/Neumarkt_2_Oerlikon_-_2014-08-24-1024x680.jpg","type":"image\/jpeg"}],"author":"anja.hall","twitter_card":"summary_large_image","twitter_title":"Oerlikon: Einkaufszentrum Neumarkt wird revitalisiert","twitter_description":"Der Neumarkt in Oerlikon wird bis 2020 erneuert. Die Arbeiten umfassen u.a. die Neugestaltung des Shoppingcenters und die Erneuerung der Fassade.","twitter_image":"https:\/\/www.immobilienbusiness.ch\/wp-content\/uploads\/2017\/07\/Neumarkt_2_Oerlikon_-_2014-08-24.jpg","schema":{"@context":"https:\/\/schema.org","@graph":[{"@type":"Article","@id":"https:\/\/www.immobilienbusiness.ch\/en\/retail\/2017-07-20\/oerlikon-einkaufszentrum-neumarkt-revitalisierung\/#article","isPartOf":{"@id":"https:\/\/www.immobilienbusiness.ch\/en\/retail\/2017-07-20\/oerlikon-einkaufszentrum-neumarkt-revitalisierung\/"},"author":{"name":"anja.hall","@id":"https:\/\/www.immobilienbusiness.ch\/#\/schema\/person\/3fc036297b10b9f42d6db5ee932af8c8"},"headline":"Oerlikon: Einkaufszentrum Neumarkt wird revitalisiert","datePublished":"2017-07-20T07:18:30+00:00","mainEntityOfPage":{"@id":"https:\/\/www.immobilienbusiness.ch\/en\/retail\/2017-07-20\/oerlikon-einkaufszentrum-neumarkt-revitalisierung\/"},"wordCount":188,"commentCount":0,"publisher":{"@id":"https:\/\/www.immobilienbusiness.ch\/#organization"},"image":{"@id":"https:\/\/www.immobilienbusiness.ch\/en\/retail\/2017-07-20\/oerlikon-einkaufszentrum-neumarkt-revitalisierung\/#primaryimage"},"thumbnailUrl":"https:\/\/www.immobilienbusiness.ch\/wp-content\/uploads\/2017\/07\/Neumarkt_2_Oerlikon_-_2014-08-24.jpg","keywords":["Refurbishment","Regionen","Retail","Shopping Center","Z\u00fcrich"],"articleSection":["RETAIL"],"inLanguage":"fr-FR"},{"@type":"WebPage","@id":"https:\/\/www.immobilienbusiness.ch\/en\/retail\/2017-07-20\/oerlikon-einkaufszentrum-neumarkt-revitalisierung\/","url":"https:\/\/www.immobilienbusiness.ch\/en\/retail\/2017-07-20\/oerlikon-einkaufszentrum-neumarkt-revitalisierung\/","name":"Oerlikon: Einkaufszentrum Neumarkt wird revitalisiert - IMMOBILIEN Business","isPartOf":{"@id":"https:\/\/www.immobilienbusiness.ch\/#website"},"primaryImageOfPage":{"@id":"https:\/\/www.immobilienbusiness.ch\/en\/retail\/2017-07-20\/oerlikon-einkaufszentrum-neumarkt-revitalisierung\/#primaryimage"},"image":{"@id":"https:\/\/www.immobilienbusiness.ch\/en\/retail\/2017-07-20\/oerlikon-einkaufszentrum-neumarkt-revitalisierung\/#primaryimage"},"thumbnailUrl":"https:\/\/www.immobilienbusiness.ch\/wp-content\/uploads\/2017\/07\/Neumarkt_2_Oerlikon_-_2014-08-24.jpg","datePublished":"2017-07-20T07:18:30+00:00","description":"Der Neumarkt in Oerlikon wird bis 2020 erneuert. Die Arbeiten umfassen u.a. die Neugestaltung des Shoppingcenters und die Erneuerung der Fassade.","breadcrumb":{"@id":"https:\/\/www.immobilienbusiness.ch\/en\/retail\/2017-07-20\/oerlikon-einkaufszentrum-neumarkt-revitalisierung\/#breadcrumb"},"inLanguage":"fr-FR","potentialAction":[{"@type":"ReadAction","target":["https:\/\/www.immobilienbusiness.ch\/en\/retail\/2017-07-20\/oerlikon-einkaufszentrum-neumarkt-revitalisierung\/"]}]},{"@type":"ImageObject","inLanguage":"fr-FR","@id":"https:\/\/www.immobilienbusiness.ch\/en\/retail\/2017-07-20\/oerlikon-einkaufszentrum-neumarkt-revitalisierung\/#primaryimage","url":"https:\/\/www.immobilienbusiness.ch\/wp-content\/uploads\/2017\/07\/Neumarkt_2_Oerlikon_-_2014-08-24.jpg","contentUrl":"https:\/\/www.immobilienbusiness.ch\/wp-content\/uploads\/2017\/07\/Neumarkt_2_Oerlikon_-_2014-08-24.jpg","width":2560,"height":1700,"caption":"Neumarkt Oerlikon Von Micha L. Rieser, Attribution, https:\/\/commons.wikimedia.org\/w\/index.php?curid=35116066"},{"@type":"BreadcrumbList","@id":"https:\/\/www.immobilienbusiness.ch\/en\/retail\/2017-07-20\/oerlikon-einkaufszentrum-neumarkt-revitalisierung\/#breadcrumb","itemListElement":[{"@type":"ListItem","position":1,"name":"Home","item":"https:\/\/www.immobilienbusiness.ch\/"},{"@type":"ListItem","position":2,"name":"Oerlikon: Einkaufszentrum Neumarkt wird revitalisiert"}]},{"@type":"WebSite","@id":"https:\/\/www.immobilienbusiness.ch\/#website","url":"https:\/\/www.immobilienbusiness.ch\/","name":"IMMOBILIER Business","description":"Magazine \u00e9conomique suisse ind\u00e9pendant ax\u00e9 sur l'immobilier, l'architecture et la construction ainsi que sur les investissements et le financement.","publisher":{"@id":"https:\/\/www.immobilienbusiness.ch\/#organization"},"potentialAction":[{"@type":"SearchAction","target":{"@type":"EntryPoint","urlTemplate":"https:\/\/www.immobilienbusiness.ch\/?s={search_term_string}"},"query-input":{"@type":"PropertyValueSpecification","valueRequired":true,"valueName":"search_term_string"}}],"inLanguage":"fr-FR"},{"@type":"Organization","@id":"https:\/\/www.immobilienbusiness.ch\/#organization","name":"IMMOBILIER Business","url":"https:\/\/www.immobilienbusiness.ch\/","logo":{"@type":"ImageObject","inLanguage":"fr-FR","@id":"https:\/\/www.immobilienbusiness.ch\/#\/schema\/logo\/image\/","url":"https:\/\/www.immobilienbusiness.ch\/wp-content\/uploads\/2021\/07\/logo_ib.png","contentUrl":"https:\/\/www.immobilienbusiness.ch\/wp-content\/uploads\/2021\/07\/logo_ib.png","width":800,"height":181,"caption":"IMMOBILIEN Business"},"image":{"@id":"https:\/\/www.immobilienbusiness.ch\/#\/schema\/logo\/image\/"},"sameAs":["https:\/\/www.facebook.com\/immobilienbusiness\/"]},{"@type":"Person","@id":"https:\/\/www.immobilienbusiness.ch\/#\/schema\/person\/3fc036297b10b9f42d6db5ee932af8c8","name":"anja.hall","image":{"@type":"ImageObject","inLanguage":"fr-FR","@id":"https:\/\/secure.gravatar.com\/avatar\/066b5a0d447013502c71a5782f4f3469f03cfe595cc2329fb94652fe47511bfb?s=96&d=mm&r=g","url":"https:\/\/secure.gravatar.com\/avatar\/066b5a0d447013502c71a5782f4f3469f03cfe595cc2329fb94652fe47511bfb?s=96&d=mm&r=g","contentUrl":"https:\/\/secure.gravatar.com\/avatar\/066b5a0d447013502c71a5782f4f3469f03cfe595cc2329fb94652fe47511bfb?s=96&d=mm&r=g","caption":"anja.hall"},"url":"https:\/\/www.immobilienbusiness.ch\/fr\/author\/anja-hall\/"}]}},"_links":{"self":[{"href":"https:\/\/www.immobilienbusiness.ch\/fr\/wp-json\/wp\/v2\/posts\/8416","targetHints":{"allow":["GET"]}}],"collection":[{"href":"https:\/\/www.immobilienbusiness.ch\/fr\/wp-json\/wp\/v2\/posts"}],"about":[{"href":"https:\/\/www.immobilienbusiness.ch\/fr\/wp-json\/wp\/v2\/types\/post"}],"author":[{"embeddable":true,"href":"https:\/\/www.immobilienbusiness.ch\/fr\/wp-json\/wp\/v2\/users\/3"}],"replies":[{"embeddable":true,"href":"https:\/\/www.immobilienbusiness.ch\/fr\/wp-json\/wp\/v2\/comments?post=8416"}],"version-history":[{"count":0,"href":"https:\/\/www.immobilienbusiness.ch\/fr\/wp-json\/wp\/v2\/posts\/8416\/revisions"}],"wp:featuredmedia":[{"embeddable":true,"href":"https:\/\/www.immobilienbusiness.ch\/fr\/wp-json\/wp\/v2\/media\/8417"}],"wp:attachment":[{"href":"https:\/\/www.immobilienbusiness.ch\/fr\/wp-json\/wp\/v2\/media?parent=8416"}],"wp:term":[{"taxonomy":"category","embeddable":true,"href":"https:\/\/www.immobilienbusiness.ch\/fr\/wp-json\/wp\/v2\/categories?post=8416"},{"taxonomy":"post_tag","embeddable":true,"href":"https:\/\/www.immobilienbusiness.ch\/fr\/wp-json\/wp\/v2\/tags?post=8416"}],"curies":[{"name":"wp","href":"https:\/\/api.w.org\/{rel}","templated":true}]}}