{"id":8386,"date":"2017-07-18T09:25:51","date_gmt":"2017-07-18T07:25:51","guid":{"rendered":"https:\/\/www.immobilienbusiness.ch\/?p=8386"},"modified":"2017-07-18T09:25:51","modified_gmt":"2017-07-18T07:25:51","slug":"bern-hoeherer-leerstand-bei-wohnungen-und-geschaeftslokalen","status":"publish","type":"post","link":"https:\/\/www.immobilienbusiness.ch\/fr\/regionen\/2017-07-18\/bern-hoeherer-leerstand-bei-wohnungen-und-geschaeftslokalen\/","title":{"rendered":"Berne : taux de vacance plus \u00e9lev\u00e9 pour les logements et les locaux commerciaux"},"content":{"rendered":"<figure id=\"attachment_5686\" aria-describedby=\"caption-attachment-5686\" style=\"width: 680px\" class=\"wp-caption alignnone\"><img loading=\"lazy\" decoding=\"async\" class=\"size-medium wp-image-5686\" src=\"https:\/\/www.immobilienbusiness.ch\/wp-content\/uploads\/2017\/01\/Depositphotos_5878352_l-2015.jpg\" alt=\"\" width=\"680\" height=\"467\" srcset=\"https:\/\/www.immobilienbusiness.ch\/wp-content\/uploads\/2017\/01\/Depositphotos_5878352_l-2015.jpg 1999w, https:\/\/www.immobilienbusiness.ch\/wp-content\/uploads\/2017\/01\/Depositphotos_5878352_l-2015-300x206.jpg 300w, https:\/\/www.immobilienbusiness.ch\/wp-content\/uploads\/2017\/01\/Depositphotos_5878352_l-2015-1024x703.jpg 1024w, https:\/\/www.immobilienbusiness.ch\/wp-content\/uploads\/2017\/01\/Depositphotos_5878352_l-2015-768x527.jpg 768w, https:\/\/www.immobilienbusiness.ch\/wp-content\/uploads\/2017\/01\/Depositphotos_5878352_l-2015-1536x1054.jpg 1536w, https:\/\/www.immobilienbusiness.ch\/wp-content\/uploads\/2017\/01\/Depositphotos_5878352_l-2015-16x12.jpg 16w, https:\/\/www.immobilienbusiness.ch\/wp-content\/uploads\/2017\/01\/Depositphotos_5878352_l-2015-255x175.jpg 255w, https:\/\/www.immobilienbusiness.ch\/wp-content\/uploads\/2017\/01\/Depositphotos_5878352_l-2015-510x350.jpg 510w, https:\/\/www.immobilienbusiness.ch\/wp-content\/uploads\/2017\/01\/Depositphotos_5878352_l-2015-1166x800.jpg 1166w, https:\/\/www.immobilienbusiness.ch\/wp-content\/uploads\/2017\/01\/Depositphotos_5878352_l-2015-920x631.jpg 920w, https:\/\/www.immobilienbusiness.ch\/wp-content\/uploads\/2017\/01\/Depositphotos_5878352_l-2015-1400x961.jpg 1400w\" sizes=\"auto, (max-width: 680px) 100vw, 680px\" \/><figcaption id=\"caption-attachment-5686\" class=\"wp-caption-text\">A Berne, il y a plus de logements et de locaux commerciaux vides (Photo : Depositphotos)<\/figcaption><\/figure>\n<p>Comme le communique la ville de Berne, le recensement des logements vacants au jour de r\u00e9f\u00e9rence du 1er juin 2017 a r\u00e9v\u00e9l\u00e9 un taux de vacance de 0,57 pour cent, soit 0,11 point de plus que l'ann\u00e9e pr\u00e9c\u00e9dente. Le nombre de logements vacants est pass\u00e9 de 348 \u00e0 440. 102 des logements vacants \u00e0 la date de r\u00e9f\u00e9rence faisaient toutefois d\u00e9j\u00e0 l'objet d'un contrat de location ou d'achat pour une date ult\u00e9rieure.<\/p>\n<p>Le taux de vacance concerne surtout les immeubles d'habitation anciens : 144 des 440 logements vacants au total ont \u00e9t\u00e9 construits avant 1947, tandis que 262 datent de la p\u00e9riode comprise entre 1947 et 2014. Dans les b\u00e2timents construits en 2015 ou apr\u00e8s, on ne comptait que 34 logements vides.<\/p>\n<p>Le loyer est inf\u00e9rieur \u00e0 1.000 CHF pour environ 26 pour cent des biens vacants, entre 1.001 et 2.000 CHF pour 57,5 pour cent et 15,5 pour cent co\u00fbtent plus de 2.000 CHF par mois.<\/p>\n<p>C'est dans le quartier de B\u00fcmpliz-Oberbottigen que l'on trouve le plus grand nombre de logements vacants, avec 135 appartements vides (taux de vacance : 0,80%). Suivent le quartier de Mattenhof-Weissenb\u00fchl (0,62%) avec 107 logements et celui de Kirchenfeld-Schosshalde avec 83 logements (0,60%). Les quartiers de Breitenrain-Lorraine (58 logements, 0,39%), L\u00e4nggasse-Felsenau (38 logements, 0,35%) et Innere Stadt (19 logements, 0,66%) comptent le moins de logements vacants.<\/p>\n<h2>250 locaux commerciaux sont vides, dont environ la moiti\u00e9 sont des bureaux<\/h2>\n<p>Le recensement des locaux de travail vacants effectu\u00e9 par Statistique Ville de Berne a r\u00e9v\u00e9l\u00e9 que 250 locaux commerciaux \u00e9taient inoccup\u00e9s, pour une surface totale d'environ 113.000 m\u00b2. Alors que le nombre de locaux de travail vacants a augment\u00e9 de 68 locaux par rapport \u00e0 l'ann\u00e9e pr\u00e9c\u00e9dente, la surface disponible a toutefois diminu\u00e9 d'un peu plus de 19.000 m\u00b2. Selon les donn\u00e9es, huit sites pr\u00e9sentant des surfaces vacantes particuli\u00e8rement importantes, de 3.000 m\u00b2 et plus, repr\u00e9sentent environ la moiti\u00e9 du total des locaux vacants dans le secteur du travail.<\/p>\n<p>Sur les 250 biens recens\u00e9s, 118 appartiennent \u00e0 la cat\u00e9gorie des bureaux et des cabinets m\u00e9dicaux, pour une surface totale de pr\u00e8s de 70.000 m\u00b2. 81 biens vacants sont des entrep\u00f4ts, pour une surface totale de pr\u00e8s de 25.000 m\u00b2, 21 sont des locaux de vente (3.300 m\u00b2) et dix autres sont des ateliers et des locaux de fabrication (7.100 m\u00b2). Douze locaux commerciaux d'une superficie totale de 3.000 m\u00b2 sont d\u00e9j\u00e0 lou\u00e9s ou vendus pour une date ult\u00e9rieure \u00e0 la date de r\u00e9f\u00e9rence.<\/p>\n<p>Selon le recensement, c'est dans le quartier de Kirchenfeld-Schosshalde que l'on trouve la plus grande surface totale de locaux de travail vides (52.000 m\u00b2), suivi de B\u00fcmpliz-Oberbottigen (20.000 m\u00b2), Mattenhof-Weissenb\u00fchl (17.000 m\u00b2), Innere Stadt (10.000 m\u00b2) et Breitenrain-Lorraine (10.200 m\u00b2). Dans le quartier de L\u00e4nggasse-Felsenau, pr\u00e8s de 4.000 m\u00b2 sont \u00e0 louer ou \u00e0 acheter.<\/p>","protected":false},"excerpt":{"rendered":"<p>A Berne, le taux de vacance des logements est pass\u00e9 \u00e0 0,57 pour cent, avec 440 logements vides. Le recensement des espaces de travail a r\u00e9v\u00e9l\u00e9 que 250 locaux commerciaux \u00e9taient vides, pour une surface totale d'environ 113 000 m\u00e8tres carr\u00e9s. <\/p>","protected":false},"author":3,"featured_media":5686,"comment_status":"open","ping_status":"open","sticky":false,"template":"","format":"standard","meta":{"_acf_changed":false,"_yoast_wpseo_focuskw":"Bern","_yoast_wpseo_title":"","_yoast_wpseo_metadesc":"In Bern ist die Leerwohnungsziffer auf 0,57 Prozent gestiegen. Die Z\u00e4hlung der Arbeitsr\u00e4ume ergab, dass 250 Gesch\u00e4ftslokale mit rund 113.000 qm leer stehen.","_yoast_wpseo_linkdex":79,"pgc_sgb_lightbox_settings":"","footnotes":""},"categories":[985],"tags":[1091,1119,1442,1645,1863],"class_list":["post-8386","post","type-post","status-publish","format-standard","has-post-thumbnail","hentry","category-regionen","tag-bern","tag-bueroimmobilien","tag-leerstand","tag-retailflaechen","tag-wohnimmobilien"],"acf":[],"yoast_head":"<!-- This site is optimized with the Yoast SEO plugin v27.5 - https:\/\/yoast.com\/product\/yoast-seo-wordpress\/ -->\n<title>Bern: H\u00f6herer Leerstand bei Wohnungen und Gesch\u00e4ftsr\u00e4umen - IMMOBILIEN Business<\/title>\n<meta name=\"description\" content=\"In Bern ist die Leerwohnungsziffer auf 0,57 Prozent gestiegen. Die Z\u00e4hlung der Arbeitsr\u00e4ume ergab, dass 250 Gesch\u00e4ftslokale mit rund 113.000 qm leer stehen.\" \/>\n<meta name=\"robots\" content=\"index, follow, max-snippet:-1, max-image-preview:large, max-video-preview:-1\" \/>\n<link rel=\"canonical\" href=\"https:\/\/www.immobilienbusiness.ch\/fr\/regionen\/2017-07-18\/bern-hoeherer-leerstand-bei-wohnungen-und-geschaeftslokalen\/\" \/>\n<meta property=\"og:locale\" content=\"fr_FR\" \/>\n<meta property=\"og:type\" content=\"article\" \/>\n<meta property=\"og:title\" content=\"Bern: H\u00f6herer Leerstand bei Wohnungen und Gesch\u00e4ftsr\u00e4umen\" \/>\n<meta property=\"og:description\" content=\"In Bern ist die Leerwohnungsziffer auf 0,57 Prozent gestiegen. Die Z\u00e4hlung der Arbeitsr\u00e4ume ergab, dass 250 Gesch\u00e4ftslokale mit rund 113.000 qm leer stehen.\" \/>\n<meta property=\"og:url\" content=\"https:\/\/www.immobilienbusiness.ch\/fr\/regionen\/2017-07-18\/bern-hoeherer-leerstand-bei-wohnungen-und-geschaeftslokalen\/\" \/>\n<meta property=\"og:site_name\" content=\"IMMOBILIEN Business\" \/>\n<meta property=\"article:publisher\" content=\"https:\/\/www.facebook.com\/immobilienbusiness\/\" \/>\n<meta property=\"article:published_time\" content=\"2017-07-18T07:25:51+00:00\" \/>\n<meta property=\"og:image\" content=\"https:\/\/www.immobilienbusiness.ch\/wp-content\/uploads\/2017\/01\/Depositphotos_5878352_l-2015-1024x703.jpg\" \/>\n\t<meta property=\"og:image:width\" content=\"1024\" \/>\n\t<meta property=\"og:image:height\" content=\"703\" \/>\n\t<meta property=\"og:image:type\" content=\"image\/jpeg\" \/>\n<meta name=\"author\" content=\"anja.hall\" \/>\n<meta name=\"twitter:card\" content=\"summary_large_image\" \/>\n<meta name=\"twitter:title\" content=\"Bern: H\u00f6herer Leerstand bei Wohnungen und Gesch\u00e4ftsr\u00e4umen\" \/>\n<meta name=\"twitter:description\" content=\"In Bern ist die Leerwohnungsziffer auf 0,57 Prozent gestiegen. Die Z\u00e4hlung der Arbeitsr\u00e4ume ergab, dass 250 Gesch\u00e4ftslokale mit rund 113.000 qm leer stehen.\" \/>\n<meta name=\"twitter:image\" content=\"https:\/\/www.immobilienbusiness.ch\/wp-content\/uploads\/2017\/01\/Depositphotos_5878352_l-2015.jpg\" \/>\n<script type=\"application\/ld+json\" class=\"yoast-schema-graph\">{\"@context\":\"https:\\\/\\\/schema.org\",\"@graph\":[{\"@type\":\"Article\",\"@id\":\"https:\\\/\\\/www.immobilienbusiness.ch\\\/regionen\\\/2017-07-18\\\/bern-hoeherer-leerstand-bei-wohnungen-und-geschaeftslokalen\\\/#article\",\"isPartOf\":{\"@id\":\"https:\\\/\\\/www.immobilienbusiness.ch\\\/regionen\\\/2017-07-18\\\/bern-hoeherer-leerstand-bei-wohnungen-und-geschaeftslokalen\\\/\"},\"author\":{\"name\":\"anja.hall\",\"@id\":\"https:\\\/\\\/www.immobilienbusiness.ch\\\/#\\\/schema\\\/person\\\/3fc036297b10b9f42d6db5ee932af8c8\"},\"headline\":\"Bern: H\u00f6herer Leerstand bei Wohnungen und Gesch\u00e4ftsr\u00e4umen\",\"datePublished\":\"2017-07-18T07:25:51+00:00\",\"mainEntityOfPage\":{\"@id\":\"https:\\\/\\\/www.immobilienbusiness.ch\\\/regionen\\\/2017-07-18\\\/bern-hoeherer-leerstand-bei-wohnungen-und-geschaeftslokalen\\\/\"},\"wordCount\":396,\"commentCount\":0,\"publisher\":{\"@id\":\"https:\\\/\\\/www.immobilienbusiness.ch\\\/#organization\"},\"image\":{\"@id\":\"https:\\\/\\\/www.immobilienbusiness.ch\\\/regionen\\\/2017-07-18\\\/bern-hoeherer-leerstand-bei-wohnungen-und-geschaeftslokalen\\\/#primaryimage\"},\"thumbnailUrl\":\"https:\\\/\\\/www.immobilienbusiness.ch\\\/wp-content\\\/uploads\\\/2017\\\/01\\\/Depositphotos_5878352_l-2015.jpg\",\"keywords\":[\"Bern\",\"B\u00fcroimmobilien\",\"Leerstand\",\"Retailfl\u00e4chen\",\"Wohnimmobilien\"],\"articleSection\":[\"REGIONEN\"],\"inLanguage\":\"fr-FR\"},{\"@type\":\"WebPage\",\"@id\":\"https:\\\/\\\/www.immobilienbusiness.ch\\\/regionen\\\/2017-07-18\\\/bern-hoeherer-leerstand-bei-wohnungen-und-geschaeftslokalen\\\/\",\"url\":\"https:\\\/\\\/www.immobilienbusiness.ch\\\/regionen\\\/2017-07-18\\\/bern-hoeherer-leerstand-bei-wohnungen-und-geschaeftslokalen\\\/\",\"name\":\"Bern: H\u00f6herer Leerstand bei Wohnungen und Gesch\u00e4ftsr\u00e4umen - IMMOBILIEN Business\",\"isPartOf\":{\"@id\":\"https:\\\/\\\/www.immobilienbusiness.ch\\\/#website\"},\"primaryImageOfPage\":{\"@id\":\"https:\\\/\\\/www.immobilienbusiness.ch\\\/regionen\\\/2017-07-18\\\/bern-hoeherer-leerstand-bei-wohnungen-und-geschaeftslokalen\\\/#primaryimage\"},\"image\":{\"@id\":\"https:\\\/\\\/www.immobilienbusiness.ch\\\/regionen\\\/2017-07-18\\\/bern-hoeherer-leerstand-bei-wohnungen-und-geschaeftslokalen\\\/#primaryimage\"},\"thumbnailUrl\":\"https:\\\/\\\/www.immobilienbusiness.ch\\\/wp-content\\\/uploads\\\/2017\\\/01\\\/Depositphotos_5878352_l-2015.jpg\",\"datePublished\":\"2017-07-18T07:25:51+00:00\",\"description\":\"In Bern ist die Leerwohnungsziffer auf 0,57 Prozent gestiegen. Die Z\u00e4hlung der Arbeitsr\u00e4ume ergab, dass 250 Gesch\u00e4ftslokale mit rund 113.000 qm leer stehen.\",\"breadcrumb\":{\"@id\":\"https:\\\/\\\/www.immobilienbusiness.ch\\\/regionen\\\/2017-07-18\\\/bern-hoeherer-leerstand-bei-wohnungen-und-geschaeftslokalen\\\/#breadcrumb\"},\"inLanguage\":\"fr-FR\",\"potentialAction\":[{\"@type\":\"ReadAction\",\"target\":[\"https:\\\/\\\/www.immobilienbusiness.ch\\\/regionen\\\/2017-07-18\\\/bern-hoeherer-leerstand-bei-wohnungen-und-geschaeftslokalen\\\/\"]}]},{\"@type\":\"ImageObject\",\"inLanguage\":\"fr-FR\",\"@id\":\"https:\\\/\\\/www.immobilienbusiness.ch\\\/regionen\\\/2017-07-18\\\/bern-hoeherer-leerstand-bei-wohnungen-und-geschaeftslokalen\\\/#primaryimage\",\"url\":\"https:\\\/\\\/www.immobilienbusiness.ch\\\/wp-content\\\/uploads\\\/2017\\\/01\\\/Depositphotos_5878352_l-2015.jpg\",\"contentUrl\":\"https:\\\/\\\/www.immobilienbusiness.ch\\\/wp-content\\\/uploads\\\/2017\\\/01\\\/Depositphotos_5878352_l-2015.jpg\",\"width\":1999,\"height\":1372,\"caption\":\"Bern will Zweitwohnungsboom in der Altstadt eind\u00e4mmen (Foto: Depositphotos)\"},{\"@type\":\"BreadcrumbList\",\"@id\":\"https:\\\/\\\/www.immobilienbusiness.ch\\\/regionen\\\/2017-07-18\\\/bern-hoeherer-leerstand-bei-wohnungen-und-geschaeftslokalen\\\/#breadcrumb\",\"itemListElement\":[{\"@type\":\"ListItem\",\"position\":1,\"name\":\"Home\",\"item\":\"https:\\\/\\\/www.immobilienbusiness.ch\\\/\"},{\"@type\":\"ListItem\",\"position\":2,\"name\":\"Bern: H\u00f6herer Leerstand bei Wohnungen und Gesch\u00e4ftsr\u00e4umen\"}]},{\"@type\":\"WebSite\",\"@id\":\"https:\\\/\\\/www.immobilienbusiness.ch\\\/#website\",\"url\":\"https:\\\/\\\/www.immobilienbusiness.ch\\\/\",\"name\":\"IMMOBILIEN Business\",\"description\":\"Unabh\u00e4ngiges Schweizer Wirtschaftsmagazin mit Fokus auf Immobilien, Architektur- und Bau sowie Investment- und Finanzierung.\",\"publisher\":{\"@id\":\"https:\\\/\\\/www.immobilienbusiness.ch\\\/#organization\"},\"potentialAction\":[{\"@type\":\"SearchAction\",\"target\":{\"@type\":\"EntryPoint\",\"urlTemplate\":\"https:\\\/\\\/www.immobilienbusiness.ch\\\/?s={search_term_string}\"},\"query-input\":{\"@type\":\"PropertyValueSpecification\",\"valueRequired\":true,\"valueName\":\"search_term_string\"}}],\"inLanguage\":\"fr-FR\"},{\"@type\":\"Organization\",\"@id\":\"https:\\\/\\\/www.immobilienbusiness.ch\\\/#organization\",\"name\":\"IMMOBILIEN Business\",\"url\":\"https:\\\/\\\/www.immobilienbusiness.ch\\\/\",\"logo\":{\"@type\":\"ImageObject\",\"inLanguage\":\"fr-FR\",\"@id\":\"https:\\\/\\\/www.immobilienbusiness.ch\\\/#\\\/schema\\\/logo\\\/image\\\/\",\"url\":\"https:\\\/\\\/www.immobilienbusiness.ch\\\/wp-content\\\/uploads\\\/2021\\\/07\\\/logo_ib.png\",\"contentUrl\":\"https:\\\/\\\/www.immobilienbusiness.ch\\\/wp-content\\\/uploads\\\/2021\\\/07\\\/logo_ib.png\",\"width\":800,\"height\":181,\"caption\":\"IMMOBILIEN Business\"},\"image\":{\"@id\":\"https:\\\/\\\/www.immobilienbusiness.ch\\\/#\\\/schema\\\/logo\\\/image\\\/\"},\"sameAs\":[\"https:\\\/\\\/www.facebook.com\\\/immobilienbusiness\\\/\"]},{\"@type\":\"Person\",\"@id\":\"https:\\\/\\\/www.immobilienbusiness.ch\\\/#\\\/schema\\\/person\\\/3fc036297b10b9f42d6db5ee932af8c8\",\"name\":\"anja.hall\",\"image\":{\"@type\":\"ImageObject\",\"inLanguage\":\"fr-FR\",\"@id\":\"https:\\\/\\\/secure.gravatar.com\\\/avatar\\\/066b5a0d447013502c71a5782f4f3469f03cfe595cc2329fb94652fe47511bfb?s=96&d=mm&r=g\",\"url\":\"https:\\\/\\\/secure.gravatar.com\\\/avatar\\\/066b5a0d447013502c71a5782f4f3469f03cfe595cc2329fb94652fe47511bfb?s=96&d=mm&r=g\",\"contentUrl\":\"https:\\\/\\\/secure.gravatar.com\\\/avatar\\\/066b5a0d447013502c71a5782f4f3469f03cfe595cc2329fb94652fe47511bfb?s=96&d=mm&r=g\",\"caption\":\"anja.hall\"},\"url\":\"https:\\\/\\\/www.immobilienbusiness.ch\\\/fr\\\/author\\\/anja-hall\\\/\"}]}<\/script>\n<!-- \/ Yoast SEO plugin. -->","yoast_head_json":{"title":"Bern: H\u00f6herer Leerstand bei Wohnungen und Gesch\u00e4ftsr\u00e4umen - IMMOBILIEN Business","description":"In Bern ist die Leerwohnungsziffer auf 0,57 Prozent gestiegen. Die Z\u00e4hlung der Arbeitsr\u00e4ume ergab, dass 250 Gesch\u00e4ftslokale mit rund 113.000 qm leer stehen.","robots":{"index":"index","follow":"follow","max-snippet":"max-snippet:-1","max-image-preview":"max-image-preview:large","max-video-preview":"max-video-preview:-1"},"canonical":"https:\/\/www.immobilienbusiness.ch\/fr\/regionen\/2017-07-18\/bern-hoeherer-leerstand-bei-wohnungen-und-geschaeftslokalen\/","og_locale":"fr_FR","og_type":"article","og_title":"Bern: H\u00f6herer Leerstand bei Wohnungen und Gesch\u00e4ftsr\u00e4umen","og_description":"In Bern ist die Leerwohnungsziffer auf 0,57 Prozent gestiegen. Die Z\u00e4hlung der Arbeitsr\u00e4ume ergab, dass 250 Gesch\u00e4ftslokale mit rund 113.000 qm leer stehen.","og_url":"https:\/\/www.immobilienbusiness.ch\/fr\/regionen\/2017-07-18\/bern-hoeherer-leerstand-bei-wohnungen-und-geschaeftslokalen\/","og_site_name":"IMMOBILIEN Business","article_publisher":"https:\/\/www.facebook.com\/immobilienbusiness\/","article_published_time":"2017-07-18T07:25:51+00:00","og_image":[{"width":1024,"height":703,"url":"https:\/\/www.immobilienbusiness.ch\/wp-content\/uploads\/2017\/01\/Depositphotos_5878352_l-2015-1024x703.jpg","type":"image\/jpeg"}],"author":"anja.hall","twitter_card":"summary_large_image","twitter_title":"Bern: H\u00f6herer Leerstand bei Wohnungen und Gesch\u00e4ftsr\u00e4umen","twitter_description":"In Bern ist die Leerwohnungsziffer auf 0,57 Prozent gestiegen. Die Z\u00e4hlung der Arbeitsr\u00e4ume ergab, dass 250 Gesch\u00e4ftslokale mit rund 113.000 qm leer stehen.","twitter_image":"https:\/\/www.immobilienbusiness.ch\/wp-content\/uploads\/2017\/01\/Depositphotos_5878352_l-2015.jpg","schema":{"@context":"https:\/\/schema.org","@graph":[{"@type":"Article","@id":"https:\/\/www.immobilienbusiness.ch\/regionen\/2017-07-18\/bern-hoeherer-leerstand-bei-wohnungen-und-geschaeftslokalen\/#article","isPartOf":{"@id":"https:\/\/www.immobilienbusiness.ch\/regionen\/2017-07-18\/bern-hoeherer-leerstand-bei-wohnungen-und-geschaeftslokalen\/"},"author":{"name":"anja.hall","@id":"https:\/\/www.immobilienbusiness.ch\/#\/schema\/person\/3fc036297b10b9f42d6db5ee932af8c8"},"headline":"Bern: H\u00f6herer Leerstand bei Wohnungen und Gesch\u00e4ftsr\u00e4umen","datePublished":"2017-07-18T07:25:51+00:00","mainEntityOfPage":{"@id":"https:\/\/www.immobilienbusiness.ch\/regionen\/2017-07-18\/bern-hoeherer-leerstand-bei-wohnungen-und-geschaeftslokalen\/"},"wordCount":396,"commentCount":0,"publisher":{"@id":"https:\/\/www.immobilienbusiness.ch\/#organization"},"image":{"@id":"https:\/\/www.immobilienbusiness.ch\/regionen\/2017-07-18\/bern-hoeherer-leerstand-bei-wohnungen-und-geschaeftslokalen\/#primaryimage"},"thumbnailUrl":"https:\/\/www.immobilienbusiness.ch\/wp-content\/uploads\/2017\/01\/Depositphotos_5878352_l-2015.jpg","keywords":["Bern","B\u00fcroimmobilien","Leerstand","Retailfl\u00e4chen","Wohnimmobilien"],"articleSection":["REGIONEN"],"inLanguage":"fr-FR"},{"@type":"WebPage","@id":"https:\/\/www.immobilienbusiness.ch\/regionen\/2017-07-18\/bern-hoeherer-leerstand-bei-wohnungen-und-geschaeftslokalen\/","url":"https:\/\/www.immobilienbusiness.ch\/regionen\/2017-07-18\/bern-hoeherer-leerstand-bei-wohnungen-und-geschaeftslokalen\/","name":"Bern: H\u00f6herer Leerstand bei Wohnungen und Gesch\u00e4ftsr\u00e4umen - IMMOBILIEN Business","isPartOf":{"@id":"https:\/\/www.immobilienbusiness.ch\/#website"},"primaryImageOfPage":{"@id":"https:\/\/www.immobilienbusiness.ch\/regionen\/2017-07-18\/bern-hoeherer-leerstand-bei-wohnungen-und-geschaeftslokalen\/#primaryimage"},"image":{"@id":"https:\/\/www.immobilienbusiness.ch\/regionen\/2017-07-18\/bern-hoeherer-leerstand-bei-wohnungen-und-geschaeftslokalen\/#primaryimage"},"thumbnailUrl":"https:\/\/www.immobilienbusiness.ch\/wp-content\/uploads\/2017\/01\/Depositphotos_5878352_l-2015.jpg","datePublished":"2017-07-18T07:25:51+00:00","description":"In Bern ist die Leerwohnungsziffer auf 0,57 Prozent gestiegen. Die Z\u00e4hlung der Arbeitsr\u00e4ume ergab, dass 250 Gesch\u00e4ftslokale mit rund 113.000 qm leer stehen.","breadcrumb":{"@id":"https:\/\/www.immobilienbusiness.ch\/regionen\/2017-07-18\/bern-hoeherer-leerstand-bei-wohnungen-und-geschaeftslokalen\/#breadcrumb"},"inLanguage":"fr-FR","potentialAction":[{"@type":"ReadAction","target":["https:\/\/www.immobilienbusiness.ch\/regionen\/2017-07-18\/bern-hoeherer-leerstand-bei-wohnungen-und-geschaeftslokalen\/"]}]},{"@type":"ImageObject","inLanguage":"fr-FR","@id":"https:\/\/www.immobilienbusiness.ch\/regionen\/2017-07-18\/bern-hoeherer-leerstand-bei-wohnungen-und-geschaeftslokalen\/#primaryimage","url":"https:\/\/www.immobilienbusiness.ch\/wp-content\/uploads\/2017\/01\/Depositphotos_5878352_l-2015.jpg","contentUrl":"https:\/\/www.immobilienbusiness.ch\/wp-content\/uploads\/2017\/01\/Depositphotos_5878352_l-2015.jpg","width":1999,"height":1372,"caption":"Bern will Zweitwohnungsboom in der Altstadt eind\u00e4mmen (Foto: Depositphotos)"},{"@type":"BreadcrumbList","@id":"https:\/\/www.immobilienbusiness.ch\/regionen\/2017-07-18\/bern-hoeherer-leerstand-bei-wohnungen-und-geschaeftslokalen\/#breadcrumb","itemListElement":[{"@type":"ListItem","position":1,"name":"Home","item":"https:\/\/www.immobilienbusiness.ch\/"},{"@type":"ListItem","position":2,"name":"Bern: H\u00f6herer Leerstand bei Wohnungen und Gesch\u00e4ftsr\u00e4umen"}]},{"@type":"WebSite","@id":"https:\/\/www.immobilienbusiness.ch\/#website","url":"https:\/\/www.immobilienbusiness.ch\/","name":"IMMOBILIER Business","description":"Magazine \u00e9conomique suisse ind\u00e9pendant ax\u00e9 sur l'immobilier, l'architecture et la construction ainsi que sur les investissements et le financement.","publisher":{"@id":"https:\/\/www.immobilienbusiness.ch\/#organization"},"potentialAction":[{"@type":"SearchAction","target":{"@type":"EntryPoint","urlTemplate":"https:\/\/www.immobilienbusiness.ch\/?s={search_term_string}"},"query-input":{"@type":"PropertyValueSpecification","valueRequired":true,"valueName":"search_term_string"}}],"inLanguage":"fr-FR"},{"@type":"Organization","@id":"https:\/\/www.immobilienbusiness.ch\/#organization","name":"IMMOBILIER Business","url":"https:\/\/www.immobilienbusiness.ch\/","logo":{"@type":"ImageObject","inLanguage":"fr-FR","@id":"https:\/\/www.immobilienbusiness.ch\/#\/schema\/logo\/image\/","url":"https:\/\/www.immobilienbusiness.ch\/wp-content\/uploads\/2021\/07\/logo_ib.png","contentUrl":"https:\/\/www.immobilienbusiness.ch\/wp-content\/uploads\/2021\/07\/logo_ib.png","width":800,"height":181,"caption":"IMMOBILIEN Business"},"image":{"@id":"https:\/\/www.immobilienbusiness.ch\/#\/schema\/logo\/image\/"},"sameAs":["https:\/\/www.facebook.com\/immobilienbusiness\/"]},{"@type":"Person","@id":"https:\/\/www.immobilienbusiness.ch\/#\/schema\/person\/3fc036297b10b9f42d6db5ee932af8c8","name":"anja.hall","image":{"@type":"ImageObject","inLanguage":"fr-FR","@id":"https:\/\/secure.gravatar.com\/avatar\/066b5a0d447013502c71a5782f4f3469f03cfe595cc2329fb94652fe47511bfb?s=96&d=mm&r=g","url":"https:\/\/secure.gravatar.com\/avatar\/066b5a0d447013502c71a5782f4f3469f03cfe595cc2329fb94652fe47511bfb?s=96&d=mm&r=g","contentUrl":"https:\/\/secure.gravatar.com\/avatar\/066b5a0d447013502c71a5782f4f3469f03cfe595cc2329fb94652fe47511bfb?s=96&d=mm&r=g","caption":"anja.hall"},"url":"https:\/\/www.immobilienbusiness.ch\/fr\/author\/anja-hall\/"}]}},"_links":{"self":[{"href":"https:\/\/www.immobilienbusiness.ch\/fr\/wp-json\/wp\/v2\/posts\/8386","targetHints":{"allow":["GET"]}}],"collection":[{"href":"https:\/\/www.immobilienbusiness.ch\/fr\/wp-json\/wp\/v2\/posts"}],"about":[{"href":"https:\/\/www.immobilienbusiness.ch\/fr\/wp-json\/wp\/v2\/types\/post"}],"author":[{"embeddable":true,"href":"https:\/\/www.immobilienbusiness.ch\/fr\/wp-json\/wp\/v2\/users\/3"}],"replies":[{"embeddable":true,"href":"https:\/\/www.immobilienbusiness.ch\/fr\/wp-json\/wp\/v2\/comments?post=8386"}],"version-history":[{"count":0,"href":"https:\/\/www.immobilienbusiness.ch\/fr\/wp-json\/wp\/v2\/posts\/8386\/revisions"}],"wp:featuredmedia":[{"embeddable":true,"href":"https:\/\/www.immobilienbusiness.ch\/fr\/wp-json\/wp\/v2\/media\/5686"}],"wp:attachment":[{"href":"https:\/\/www.immobilienbusiness.ch\/fr\/wp-json\/wp\/v2\/media?parent=8386"}],"wp:term":[{"taxonomy":"category","embeddable":true,"href":"https:\/\/www.immobilienbusiness.ch\/fr\/wp-json\/wp\/v2\/categories?post=8386"},{"taxonomy":"post_tag","embeddable":true,"href":"https:\/\/www.immobilienbusiness.ch\/fr\/wp-json\/wp\/v2\/tags?post=8386"}],"curies":[{"name":"wp","href":"https:\/\/api.w.org\/{rel}","templated":true}]}}