{"id":8317,"date":"2017-07-12T08:52:16","date_gmt":"2017-07-12T06:52:16","guid":{"rendered":"https:\/\/www.immobilienbusiness.ch\/?p=8317"},"modified":"2017-07-12T08:52:16","modified_gmt":"2017-07-12T06:52:16","slug":"walde-partner-markus-doering-zieht-in-vr-ein","status":"publish","type":"post","link":"https:\/\/www.immobilienbusiness.ch\/fr\/unternehmen\/2017-07-12\/walde-partner-markus-doering-zieht-in-vr-ein\/","title":{"rendered":"Walde &amp; Partner : Markus D\u00f6rig entre au conseil d'administration"},"content":{"rendered":"<figure id=\"attachment_8318\" aria-describedby=\"caption-attachment-8318\" style=\"width: 680px\" class=\"wp-caption alignnone\"><img loading=\"lazy\" decoding=\"async\" class=\"size-medium wp-image-8318\" src=\"https:\/\/www.immobilienbusiness.ch\/wp-content\/uploads\/2017\/07\/Markus_D\u00f6rig_0089_bearbeitet.jpg\" alt=\"\" width=\"680\" height=\"453\" \/><figcaption id=\"caption-attachment-8318\" class=\"wp-caption-text\">Markus D\u00f6rig (Photo : Walde &amp; Partner)<\/figcaption><\/figure>\n<p>Markus D\u00f6rig (57 ans) est docteur en droit et partenaire de Badertscher Rechtsanw\u00e4lte. Il a exerc\u00e9 plusieurs mandats de conseil d'administration de renom, notamment aupr\u00e8s de l'assureur-cr\u00e9dit Euler Hermes et de l'entreprise de recrutement Randstad (Suisse).<\/p>\n<p>Au sein de Walde &amp; Partner Immobilien AG, sp\u00e9cialis\u00e9e dans la commercialisation de biens immobiliers d'habitation et de placement, D\u00f6rig devra accompagner le r\u00e8glement de la succession et apporter son soutien pour les questions strat\u00e9giques et juridiques, \u00e9crit l'entreprise dans un communiqu\u00e9.<\/p>\n<p>Outre D\u00f6rig, Marianne Walde, copropri\u00e9taire de Walde &amp; Partner, et Andreas Widmer, CEO de Y&amp;R Group Switzerland, font partie du conseil d'administration de Walde &amp; Partner.<\/p>\n<p>Walde &amp; Partner Immobilien AG a \u00e9t\u00e9 fond\u00e9e en 1985. Une cinquantaine de collaborateurs travaillent sur les sites de Zollikon, Zurich, Uster, Thalwil, Lucerne et Baden. Depuis sa cr\u00e9ation, l'entreprise affirme avoir n\u00e9goci\u00e9 plus de 6 000 biens immobiliers d'une valeur de plus de dix milliards de CHF. 40 pour cent du chiffre d'affaires est r\u00e9alis\u00e9 avec des biens immobiliers existants, 30 pour cent avec des projets de construction et 30 pour cent avec des biens immobiliers de placement.<\/p>","protected":false},"excerpt":{"rendered":"<p>Walde &amp; Partner fait entrer l'avocat d'affaires zurichois Markus D\u00f6rig au conseil d'administration en tant que vice-pr\u00e9sident. Il devra notamment accompagner l'entreprise familiale dans le r\u00e8glement de la succession qui aura lieu dans les prochaines ann\u00e9es.<\/p>","protected":false},"author":3,"featured_media":8318,"comment_status":"open","ping_status":"open","sticky":false,"template":"","format":"standard","meta":{"_acf_changed":false,"_yoast_wpseo_focuskw":"Markus H\u00f6rig","_yoast_wpseo_title":"","_yoast_wpseo_metadesc":"Walde & Partner holt den\u00a0Z\u00fcrcher Wirtschaftsanwalt Markus D\u00f6rig als Vizepr\u00e4sidenten in den Verwaltungsrat.\u00a0","_yoast_wpseo_linkdex":45,"pgc_sgb_lightbox_settings":"","footnotes":""},"categories":[988],"tags":[1563,1807],"class_list":["post-8317","post","type-post","status-publish","format-standard","has-post-thumbnail","hentry","category-unternehmen","tag-personalia","tag-unternehmen"],"acf":[],"yoast_head":"<!-- This site is optimized with the Yoast SEO plugin v27.5 - https:\/\/yoast.com\/product\/yoast-seo-wordpress\/ -->\n<title>Walde &amp; Partner: Markus D\u00f6rig zieht in VR ein - IMMOBILIEN Business<\/title>\n<meta name=\"description\" content=\"Walde &amp; Partner holt den\u00a0Z\u00fcrcher Wirtschaftsanwalt Markus D\u00f6rig als Vizepr\u00e4sidenten in den Verwaltungsrat.\u00a0\" \/>\n<meta name=\"robots\" content=\"index, follow, max-snippet:-1, max-image-preview:large, max-video-preview:-1\" \/>\n<link rel=\"canonical\" href=\"https:\/\/www.immobilienbusiness.ch\/fr\/unternehmen\/2017-07-12\/walde-partner-markus-doering-zieht-in-vr-ein\/\" \/>\n<meta property=\"og:locale\" content=\"fr_FR\" \/>\n<meta property=\"og:type\" content=\"article\" \/>\n<meta property=\"og:title\" content=\"Walde &amp; Partner: Markus D\u00f6rig zieht in VR ein\" \/>\n<meta property=\"og:description\" content=\"Walde &amp; Partner holt den\u00a0Z\u00fcrcher Wirtschaftsanwalt Markus D\u00f6rig als Vizepr\u00e4sidenten in den Verwaltungsrat.\u00a0\" \/>\n<meta property=\"og:url\" content=\"https:\/\/www.immobilienbusiness.ch\/fr\/unternehmen\/2017-07-12\/walde-partner-markus-doering-zieht-in-vr-ein\/\" \/>\n<meta property=\"og:site_name\" content=\"IMMOBILIEN Business\" \/>\n<meta property=\"article:publisher\" content=\"https:\/\/www.facebook.com\/immobilienbusiness\/\" \/>\n<meta property=\"article:published_time\" content=\"2017-07-12T06:52:16+00:00\" \/>\n<meta property=\"og:image\" content=\"https:\/\/www.immobilienbusiness.ch\/wp-content\/uploads\/2017\/07\/Markus_Doerig_0089_bearbeitet.jpg\" \/>\n\t<meta property=\"og:image:width\" content=\"2560\" \/>\n\t<meta property=\"og:image:height\" content=\"1704\" \/>\n\t<meta property=\"og:image:type\" content=\"image\/jpeg\" \/>\n<meta name=\"author\" content=\"anja.hall\" \/>\n<meta name=\"twitter:card\" content=\"summary_large_image\" \/>\n<meta name=\"twitter:title\" content=\"Walde &amp; Partner: Markus D\u00f6rig zieht in VR ein\" \/>\n<meta name=\"twitter:description\" content=\"Walde &amp; Partner holt den\u00a0Z\u00fcrcher Wirtschaftsanwalt Markus D\u00f6rig als Vizepr\u00e4sidenten in den Verwaltungsrat.\u00a0\" \/>\n<meta name=\"twitter:image\" content=\"https:\/\/www.immobilienbusiness.ch\/wp-content\/uploads\/2017\/07\/Markus_D\u00f6rig_0089_bearbeitet.jpg\" \/>\n<script type=\"application\/ld+json\" class=\"yoast-schema-graph\">{\"@context\":\"https:\\\/\\\/schema.org\",\"@graph\":[{\"@type\":\"Article\",\"@id\":\"https:\\\/\\\/www.immobilienbusiness.ch\\\/unternehmen\\\/2017-07-12\\\/walde-partner-markus-doering-zieht-in-vr-ein\\\/#article\",\"isPartOf\":{\"@id\":\"https:\\\/\\\/www.immobilienbusiness.ch\\\/unternehmen\\\/2017-07-12\\\/walde-partner-markus-doering-zieht-in-vr-ein\\\/\"},\"author\":{\"name\":\"anja.hall\",\"@id\":\"https:\\\/\\\/www.immobilienbusiness.ch\\\/#\\\/schema\\\/person\\\/3fc036297b10b9f42d6db5ee932af8c8\"},\"headline\":\"Walde &#038; Partner: Markus D\u00f6rig zieht in VR ein\",\"datePublished\":\"2017-07-12T06:52:16+00:00\",\"mainEntityOfPage\":{\"@id\":\"https:\\\/\\\/www.immobilienbusiness.ch\\\/unternehmen\\\/2017-07-12\\\/walde-partner-markus-doering-zieht-in-vr-ein\\\/\"},\"wordCount\":177,\"commentCount\":0,\"publisher\":{\"@id\":\"https:\\\/\\\/www.immobilienbusiness.ch\\\/#organization\"},\"image\":{\"@id\":\"https:\\\/\\\/www.immobilienbusiness.ch\\\/unternehmen\\\/2017-07-12\\\/walde-partner-markus-doering-zieht-in-vr-ein\\\/#primaryimage\"},\"thumbnailUrl\":\"https:\\\/\\\/www.immobilienbusiness.ch\\\/wp-content\\\/uploads\\\/2017\\\/07\\\/Markus_Doerig_0089_bearbeitet.jpg\",\"keywords\":[\"Personalia\",\"Unternehmen\"],\"articleSection\":[\"UNTERNEHMEN\"],\"inLanguage\":\"fr-FR\"},{\"@type\":\"WebPage\",\"@id\":\"https:\\\/\\\/www.immobilienbusiness.ch\\\/unternehmen\\\/2017-07-12\\\/walde-partner-markus-doering-zieht-in-vr-ein\\\/\",\"url\":\"https:\\\/\\\/www.immobilienbusiness.ch\\\/unternehmen\\\/2017-07-12\\\/walde-partner-markus-doering-zieht-in-vr-ein\\\/\",\"name\":\"Walde & Partner: Markus D\u00f6rig zieht in VR ein - IMMOBILIEN Business\",\"isPartOf\":{\"@id\":\"https:\\\/\\\/www.immobilienbusiness.ch\\\/#website\"},\"primaryImageOfPage\":{\"@id\":\"https:\\\/\\\/www.immobilienbusiness.ch\\\/unternehmen\\\/2017-07-12\\\/walde-partner-markus-doering-zieht-in-vr-ein\\\/#primaryimage\"},\"image\":{\"@id\":\"https:\\\/\\\/www.immobilienbusiness.ch\\\/unternehmen\\\/2017-07-12\\\/walde-partner-markus-doering-zieht-in-vr-ein\\\/#primaryimage\"},\"thumbnailUrl\":\"https:\\\/\\\/www.immobilienbusiness.ch\\\/wp-content\\\/uploads\\\/2017\\\/07\\\/Markus_Doerig_0089_bearbeitet.jpg\",\"datePublished\":\"2017-07-12T06:52:16+00:00\",\"description\":\"Walde & Partner holt den\u00a0Z\u00fcrcher Wirtschaftsanwalt Markus D\u00f6rig als Vizepr\u00e4sidenten in den Verwaltungsrat.\u00a0\",\"breadcrumb\":{\"@id\":\"https:\\\/\\\/www.immobilienbusiness.ch\\\/unternehmen\\\/2017-07-12\\\/walde-partner-markus-doering-zieht-in-vr-ein\\\/#breadcrumb\"},\"inLanguage\":\"fr-FR\",\"potentialAction\":[{\"@type\":\"ReadAction\",\"target\":[\"https:\\\/\\\/www.immobilienbusiness.ch\\\/unternehmen\\\/2017-07-12\\\/walde-partner-markus-doering-zieht-in-vr-ein\\\/\"]}]},{\"@type\":\"ImageObject\",\"inLanguage\":\"fr-FR\",\"@id\":\"https:\\\/\\\/www.immobilienbusiness.ch\\\/unternehmen\\\/2017-07-12\\\/walde-partner-markus-doering-zieht-in-vr-ein\\\/#primaryimage\",\"url\":\"https:\\\/\\\/www.immobilienbusiness.ch\\\/wp-content\\\/uploads\\\/2017\\\/07\\\/Markus_Doerig_0089_bearbeitet.jpg\",\"contentUrl\":\"https:\\\/\\\/www.immobilienbusiness.ch\\\/wp-content\\\/uploads\\\/2017\\\/07\\\/Markus_Doerig_0089_bearbeitet.jpg\",\"width\":2560,\"height\":1704,\"caption\":\"Markus D\u00f6rig (Foto: Walde & Partner)\"},{\"@type\":\"BreadcrumbList\",\"@id\":\"https:\\\/\\\/www.immobilienbusiness.ch\\\/unternehmen\\\/2017-07-12\\\/walde-partner-markus-doering-zieht-in-vr-ein\\\/#breadcrumb\",\"itemListElement\":[{\"@type\":\"ListItem\",\"position\":1,\"name\":\"Home\",\"item\":\"https:\\\/\\\/www.immobilienbusiness.ch\\\/\"},{\"@type\":\"ListItem\",\"position\":2,\"name\":\"Walde &#038; Partner: Markus D\u00f6rig zieht in VR ein\"}]},{\"@type\":\"WebSite\",\"@id\":\"https:\\\/\\\/www.immobilienbusiness.ch\\\/#website\",\"url\":\"https:\\\/\\\/www.immobilienbusiness.ch\\\/\",\"name\":\"IMMOBILIEN Business\",\"description\":\"Unabh\u00e4ngiges Schweizer Wirtschaftsmagazin mit Fokus auf Immobilien, Architektur- und Bau sowie Investment- und Finanzierung.\",\"publisher\":{\"@id\":\"https:\\\/\\\/www.immobilienbusiness.ch\\\/#organization\"},\"potentialAction\":[{\"@type\":\"SearchAction\",\"target\":{\"@type\":\"EntryPoint\",\"urlTemplate\":\"https:\\\/\\\/www.immobilienbusiness.ch\\\/?s={search_term_string}\"},\"query-input\":{\"@type\":\"PropertyValueSpecification\",\"valueRequired\":true,\"valueName\":\"search_term_string\"}}],\"inLanguage\":\"fr-FR\"},{\"@type\":\"Organization\",\"@id\":\"https:\\\/\\\/www.immobilienbusiness.ch\\\/#organization\",\"name\":\"IMMOBILIEN Business\",\"url\":\"https:\\\/\\\/www.immobilienbusiness.ch\\\/\",\"logo\":{\"@type\":\"ImageObject\",\"inLanguage\":\"fr-FR\",\"@id\":\"https:\\\/\\\/www.immobilienbusiness.ch\\\/#\\\/schema\\\/logo\\\/image\\\/\",\"url\":\"https:\\\/\\\/www.immobilienbusiness.ch\\\/wp-content\\\/uploads\\\/2021\\\/07\\\/logo_ib.png\",\"contentUrl\":\"https:\\\/\\\/www.immobilienbusiness.ch\\\/wp-content\\\/uploads\\\/2021\\\/07\\\/logo_ib.png\",\"width\":800,\"height\":181,\"caption\":\"IMMOBILIEN Business\"},\"image\":{\"@id\":\"https:\\\/\\\/www.immobilienbusiness.ch\\\/#\\\/schema\\\/logo\\\/image\\\/\"},\"sameAs\":[\"https:\\\/\\\/www.facebook.com\\\/immobilienbusiness\\\/\"]},{\"@type\":\"Person\",\"@id\":\"https:\\\/\\\/www.immobilienbusiness.ch\\\/#\\\/schema\\\/person\\\/3fc036297b10b9f42d6db5ee932af8c8\",\"name\":\"anja.hall\",\"image\":{\"@type\":\"ImageObject\",\"inLanguage\":\"fr-FR\",\"@id\":\"https:\\\/\\\/secure.gravatar.com\\\/avatar\\\/066b5a0d447013502c71a5782f4f3469f03cfe595cc2329fb94652fe47511bfb?s=96&d=mm&r=g\",\"url\":\"https:\\\/\\\/secure.gravatar.com\\\/avatar\\\/066b5a0d447013502c71a5782f4f3469f03cfe595cc2329fb94652fe47511bfb?s=96&d=mm&r=g\",\"contentUrl\":\"https:\\\/\\\/secure.gravatar.com\\\/avatar\\\/066b5a0d447013502c71a5782f4f3469f03cfe595cc2329fb94652fe47511bfb?s=96&d=mm&r=g\",\"caption\":\"anja.hall\"},\"url\":\"https:\\\/\\\/www.immobilienbusiness.ch\\\/fr\\\/author\\\/anja-hall\\\/\"}]}<\/script>\n<!-- \/ Yoast SEO plugin. -->","yoast_head_json":{"title":"Walde &amp; Partner : Markus D\u00f6rig entre au CA - IMMOBILIER Business","description":"Walde &amp; Partner fait entrer l'avocat d'affaires zurichois Markus D\u00f6rig au conseil d'administration en tant que vice-pr\u00e9sident.\u00a0","robots":{"index":"index","follow":"follow","max-snippet":"max-snippet:-1","max-image-preview":"max-image-preview:large","max-video-preview":"max-video-preview:-1"},"canonical":"https:\/\/www.immobilienbusiness.ch\/fr\/unternehmen\/2017-07-12\/walde-partner-markus-doering-zieht-in-vr-ein\/","og_locale":"fr_FR","og_type":"article","og_title":"Walde & Partner: Markus D\u00f6rig zieht in VR ein","og_description":"Walde & Partner holt den\u00a0Z\u00fcrcher Wirtschaftsanwalt Markus D\u00f6rig als Vizepr\u00e4sidenten in den Verwaltungsrat.\u00a0","og_url":"https:\/\/www.immobilienbusiness.ch\/fr\/unternehmen\/2017-07-12\/walde-partner-markus-doering-zieht-in-vr-ein\/","og_site_name":"IMMOBILIEN Business","article_publisher":"https:\/\/www.facebook.com\/immobilienbusiness\/","article_published_time":"2017-07-12T06:52:16+00:00","og_image":[{"width":2560,"height":1704,"url":"https:\/\/www.immobilienbusiness.ch\/wp-content\/uploads\/2017\/07\/Markus_Doerig_0089_bearbeitet.jpg","type":"image\/jpeg"}],"author":"anja.hall","twitter_card":"summary_large_image","twitter_title":"Walde & Partner: Markus D\u00f6rig zieht in VR ein","twitter_description":"Walde & Partner holt den\u00a0Z\u00fcrcher Wirtschaftsanwalt Markus D\u00f6rig als Vizepr\u00e4sidenten in den Verwaltungsrat.\u00a0","twitter_image":"https:\/\/www.immobilienbusiness.ch\/wp-content\/uploads\/2017\/07\/Markus_D\u00f6rig_0089_bearbeitet.jpg","schema":{"@context":"https:\/\/schema.org","@graph":[{"@type":"Article","@id":"https:\/\/www.immobilienbusiness.ch\/unternehmen\/2017-07-12\/walde-partner-markus-doering-zieht-in-vr-ein\/#article","isPartOf":{"@id":"https:\/\/www.immobilienbusiness.ch\/unternehmen\/2017-07-12\/walde-partner-markus-doering-zieht-in-vr-ein\/"},"author":{"name":"anja.hall","@id":"https:\/\/www.immobilienbusiness.ch\/#\/schema\/person\/3fc036297b10b9f42d6db5ee932af8c8"},"headline":"Walde &#038; Partner: Markus D\u00f6rig zieht in VR ein","datePublished":"2017-07-12T06:52:16+00:00","mainEntityOfPage":{"@id":"https:\/\/www.immobilienbusiness.ch\/unternehmen\/2017-07-12\/walde-partner-markus-doering-zieht-in-vr-ein\/"},"wordCount":177,"commentCount":0,"publisher":{"@id":"https:\/\/www.immobilienbusiness.ch\/#organization"},"image":{"@id":"https:\/\/www.immobilienbusiness.ch\/unternehmen\/2017-07-12\/walde-partner-markus-doering-zieht-in-vr-ein\/#primaryimage"},"thumbnailUrl":"https:\/\/www.immobilienbusiness.ch\/wp-content\/uploads\/2017\/07\/Markus_Doerig_0089_bearbeitet.jpg","keywords":["Personalia","Unternehmen"],"articleSection":["UNTERNEHMEN"],"inLanguage":"fr-FR"},{"@type":"WebPage","@id":"https:\/\/www.immobilienbusiness.ch\/unternehmen\/2017-07-12\/walde-partner-markus-doering-zieht-in-vr-ein\/","url":"https:\/\/www.immobilienbusiness.ch\/unternehmen\/2017-07-12\/walde-partner-markus-doering-zieht-in-vr-ein\/","name":"Walde &amp; Partner : Markus D\u00f6rig entre au CA - IMMOBILIER Business","isPartOf":{"@id":"https:\/\/www.immobilienbusiness.ch\/#website"},"primaryImageOfPage":{"@id":"https:\/\/www.immobilienbusiness.ch\/unternehmen\/2017-07-12\/walde-partner-markus-doering-zieht-in-vr-ein\/#primaryimage"},"image":{"@id":"https:\/\/www.immobilienbusiness.ch\/unternehmen\/2017-07-12\/walde-partner-markus-doering-zieht-in-vr-ein\/#primaryimage"},"thumbnailUrl":"https:\/\/www.immobilienbusiness.ch\/wp-content\/uploads\/2017\/07\/Markus_Doerig_0089_bearbeitet.jpg","datePublished":"2017-07-12T06:52:16+00:00","description":"Walde &amp; Partner fait entrer l'avocat d'affaires zurichois Markus D\u00f6rig au conseil d'administration en tant que vice-pr\u00e9sident.\u00a0","breadcrumb":{"@id":"https:\/\/www.immobilienbusiness.ch\/unternehmen\/2017-07-12\/walde-partner-markus-doering-zieht-in-vr-ein\/#breadcrumb"},"inLanguage":"fr-FR","potentialAction":[{"@type":"ReadAction","target":["https:\/\/www.immobilienbusiness.ch\/unternehmen\/2017-07-12\/walde-partner-markus-doering-zieht-in-vr-ein\/"]}]},{"@type":"ImageObject","inLanguage":"fr-FR","@id":"https:\/\/www.immobilienbusiness.ch\/unternehmen\/2017-07-12\/walde-partner-markus-doering-zieht-in-vr-ein\/#primaryimage","url":"https:\/\/www.immobilienbusiness.ch\/wp-content\/uploads\/2017\/07\/Markus_Doerig_0089_bearbeitet.jpg","contentUrl":"https:\/\/www.immobilienbusiness.ch\/wp-content\/uploads\/2017\/07\/Markus_Doerig_0089_bearbeitet.jpg","width":2560,"height":1704,"caption":"Markus D\u00f6rig (Foto: Walde & Partner)"},{"@type":"BreadcrumbList","@id":"https:\/\/www.immobilienbusiness.ch\/unternehmen\/2017-07-12\/walde-partner-markus-doering-zieht-in-vr-ein\/#breadcrumb","itemListElement":[{"@type":"ListItem","position":1,"name":"Home","item":"https:\/\/www.immobilienbusiness.ch\/"},{"@type":"ListItem","position":2,"name":"Walde &#038; Partner: Markus D\u00f6rig zieht in VR ein"}]},{"@type":"WebSite","@id":"https:\/\/www.immobilienbusiness.ch\/#website","url":"https:\/\/www.immobilienbusiness.ch\/","name":"IMMOBILIER Business","description":"Magazine \u00e9conomique suisse ind\u00e9pendant ax\u00e9 sur l'immobilier, l'architecture et la construction ainsi que sur les investissements et le financement.","publisher":{"@id":"https:\/\/www.immobilienbusiness.ch\/#organization"},"potentialAction":[{"@type":"SearchAction","target":{"@type":"EntryPoint","urlTemplate":"https:\/\/www.immobilienbusiness.ch\/?s={search_term_string}"},"query-input":{"@type":"PropertyValueSpecification","valueRequired":true,"valueName":"search_term_string"}}],"inLanguage":"fr-FR"},{"@type":"Organization","@id":"https:\/\/www.immobilienbusiness.ch\/#organization","name":"IMMOBILIER Business","url":"https:\/\/www.immobilienbusiness.ch\/","logo":{"@type":"ImageObject","inLanguage":"fr-FR","@id":"https:\/\/www.immobilienbusiness.ch\/#\/schema\/logo\/image\/","url":"https:\/\/www.immobilienbusiness.ch\/wp-content\/uploads\/2021\/07\/logo_ib.png","contentUrl":"https:\/\/www.immobilienbusiness.ch\/wp-content\/uploads\/2021\/07\/logo_ib.png","width":800,"height":181,"caption":"IMMOBILIEN Business"},"image":{"@id":"https:\/\/www.immobilienbusiness.ch\/#\/schema\/logo\/image\/"},"sameAs":["https:\/\/www.facebook.com\/immobilienbusiness\/"]},{"@type":"Person","@id":"https:\/\/www.immobilienbusiness.ch\/#\/schema\/person\/3fc036297b10b9f42d6db5ee932af8c8","name":"anja.hall","image":{"@type":"ImageObject","inLanguage":"fr-FR","@id":"https:\/\/secure.gravatar.com\/avatar\/066b5a0d447013502c71a5782f4f3469f03cfe595cc2329fb94652fe47511bfb?s=96&d=mm&r=g","url":"https:\/\/secure.gravatar.com\/avatar\/066b5a0d447013502c71a5782f4f3469f03cfe595cc2329fb94652fe47511bfb?s=96&d=mm&r=g","contentUrl":"https:\/\/secure.gravatar.com\/avatar\/066b5a0d447013502c71a5782f4f3469f03cfe595cc2329fb94652fe47511bfb?s=96&d=mm&r=g","caption":"anja.hall"},"url":"https:\/\/www.immobilienbusiness.ch\/fr\/author\/anja-hall\/"}]}},"_links":{"self":[{"href":"https:\/\/www.immobilienbusiness.ch\/fr\/wp-json\/wp\/v2\/posts\/8317","targetHints":{"allow":["GET"]}}],"collection":[{"href":"https:\/\/www.immobilienbusiness.ch\/fr\/wp-json\/wp\/v2\/posts"}],"about":[{"href":"https:\/\/www.immobilienbusiness.ch\/fr\/wp-json\/wp\/v2\/types\/post"}],"author":[{"embeddable":true,"href":"https:\/\/www.immobilienbusiness.ch\/fr\/wp-json\/wp\/v2\/users\/3"}],"replies":[{"embeddable":true,"href":"https:\/\/www.immobilienbusiness.ch\/fr\/wp-json\/wp\/v2\/comments?post=8317"}],"version-history":[{"count":0,"href":"https:\/\/www.immobilienbusiness.ch\/fr\/wp-json\/wp\/v2\/posts\/8317\/revisions"}],"wp:featuredmedia":[{"embeddable":true,"href":"https:\/\/www.immobilienbusiness.ch\/fr\/wp-json\/wp\/v2\/media\/8318"}],"wp:attachment":[{"href":"https:\/\/www.immobilienbusiness.ch\/fr\/wp-json\/wp\/v2\/media?parent=8317"}],"wp:term":[{"taxonomy":"category","embeddable":true,"href":"https:\/\/www.immobilienbusiness.ch\/fr\/wp-json\/wp\/v2\/categories?post=8317"},{"taxonomy":"post_tag","embeddable":true,"href":"https:\/\/www.immobilienbusiness.ch\/fr\/wp-json\/wp\/v2\/tags?post=8317"}],"curies":[{"name":"wp","href":"https:\/\/api.w.org\/{rel}","templated":true}]}}