{"id":8311,"date":"2017-07-12T08:18:12","date_gmt":"2017-07-12T06:18:12","guid":{"rendered":"https:\/\/www.immobilienbusiness.ch\/?p=8311"},"modified":"2017-07-12T08:18:12","modified_gmt":"2017-07-12T06:18:12","slug":"w-schmid-und-glanzmann-gemeinschaftsunternehmen","status":"publish","type":"post","link":"https:\/\/www.immobilienbusiness.ch\/fr\/unternehmen\/2017-07-12\/w-schmid-und-glanzmann-gemeinschaftsunternehmen\/","title":{"rendered":"W. Schmid reprend Glanzmann"},"content":{"rendered":"<figure id=\"attachment_8199\" aria-describedby=\"caption-attachment-8199\" style=\"width: 624px\" class=\"wp-caption alignnone\"><img loading=\"lazy\" decoding=\"async\" class=\"size-full wp-image-8199\" src=\"https:\/\/www.immobilienbusiness.ch\/wp-content\/uploads\/2017\/07\/Immobilien-Business-News-Corestate-\u00fcbernimmt-Helvetic-Financial-Services-c-depositedhar-\u2013-depositphotos.jpg\" alt=\"\" width=\"624\" height=\"378\" \/><figcaption id=\"caption-attachment-8199\" class=\"wp-caption-text\">W. Schmid reprend l'entreprise g\u00e9n\u00e9rale Glanzmann (photo : depositedhar - depositphotos)<\/figcaption><\/figure>\n<p>W. Schmid AG est une entreprise dirig\u00e9e par ses propri\u00e9taires qui emploie environ 120 personnes et est active dans les domaines du d\u00e9veloppement immobilier, de l'entreprise g\u00e9n\u00e9rale et de la construction. Jusqu'\u00e0 pr\u00e9sent, elle se concentrait sur l'agglom\u00e9ration zurichoise. Avec le rachat de Glanzmann Generalunternehmung, le domaine d'activit\u00e9 s'\u00e9tend d\u00e9sormais en direction de B\u00e2le.  Pour Marc Mettauer et Martin Krupp, propri\u00e9taires de W. Schmid, c'est un pas vers la patrie, car ils sont tous deux originaires de B\u00e2le.<\/p>\n<p>Comme W. Schmid et Glanzmann le font savoir ensemble, les commandes en cours de Glanzmann Generalunternehmung seront encore men\u00e9es \u00e0 terme sous la direction de Bernhard Glanzmann.<\/p>\n<p>Les autres activit\u00e9s et soci\u00e9t\u00e9s de Thomas et Bernhard Glanzmann ne seraient pas concern\u00e9es par ce changement au sein de l'entreprise g\u00e9n\u00e9rale.<\/p>","protected":false},"excerpt":{"rendered":"<p>Die W. Schmid &#038; Glanzmann AG \u00fcbernimmt die Gesch\u00e4ftst\u00e4tigkeit der Glanzmann Generalunternehmung aus Basel im Rahmen einer Nachfolgeregelung. W. Schmid &#038; Glanzmann ist ein neu gegr\u00fcndetes Unternehmen von W. Schmid.<\/p>","protected":false},"author":3,"featured_media":8199,"comment_status":"open","ping_status":"open","sticky":false,"template":"","format":"standard","meta":{"_acf_changed":false,"_yoast_wpseo_focuskw":"Schmid","_yoast_wpseo_title":"","_yoast_wpseo_metadesc":"Die neu gegr\u00fcndete W. Schmid & Glanzmann AG \u00fcbernimmt die Gesch\u00e4ftst\u00e4tigkeit der Glanzmann Generalunternehmung im Rahmen einer Nachfolgeregelung.","_yoast_wpseo_linkdex":51,"pgc_sgb_lightbox_settings":"","footnotes":""},"categories":[988],"tags":[1069,1807,1888],"class_list":["post-8311","post","type-post","status-publish","format-standard","has-post-thumbnail","hentry","category-unternehmen","tag-basel","tag-unternehmen","tag-zuerich"],"acf":[],"yoast_head":"<!-- This site is optimized with the Yoast SEO plugin v27.4 - https:\/\/yoast.com\/product\/yoast-seo-wordpress\/ -->\n<title>W. Schmid \u00fcbernimmt Glanzmann - IMMOBILIEN Business<\/title>\n<meta name=\"description\" content=\"Die neu gegr\u00fcndete W. Schmid &amp; Glanzmann AG \u00fcbernimmt die Gesch\u00e4ftst\u00e4tigkeit der Glanzmann Generalunternehmung im Rahmen einer Nachfolgeregelung.\" \/>\n<meta name=\"robots\" content=\"index, follow, max-snippet:-1, max-image-preview:large, max-video-preview:-1\" \/>\n<link rel=\"canonical\" href=\"https:\/\/www.immobilienbusiness.ch\/fr\/unternehmen\/2017-07-12\/w-schmid-und-glanzmann-gemeinschaftsunternehmen\/\" \/>\n<meta property=\"og:locale\" content=\"fr_FR\" \/>\n<meta property=\"og:type\" content=\"article\" \/>\n<meta property=\"og:title\" content=\"W. Schmid und Glanzmann gr\u00fcnden Gemeinschaftsunternehmen\" \/>\n<meta property=\"og:description\" content=\"Die neu gegr\u00fcndete W. Schmid &amp; Glanzmann AG \u00fcbernimmt die Gesch\u00e4ftst\u00e4tigkeit der Glanzmann Generalunternehmung im Rahmen einer Nachfolgeregelung.\" \/>\n<meta property=\"og:url\" content=\"https:\/\/www.immobilienbusiness.ch\/fr\/unternehmen\/2017-07-12\/w-schmid-und-glanzmann-gemeinschaftsunternehmen\/\" \/>\n<meta property=\"og:site_name\" content=\"IMMOBILIEN Business\" \/>\n<meta property=\"article:publisher\" content=\"https:\/\/www.facebook.com\/immobilienbusiness\/\" \/>\n<meta property=\"article:published_time\" content=\"2017-07-12T06:18:12+00:00\" \/>\n<meta property=\"og:image\" content=\"https:\/\/www.immobilienbusiness.ch\/wp-content\/uploads\/2017\/07\/Immobilien-Business-News-Corestate-uebernimmt-Helvetic-Financial-Services-c-depositedhar-\u2013-depositphotos.jpg\" \/>\n\t<meta property=\"og:image:width\" content=\"624\" \/>\n\t<meta property=\"og:image:height\" content=\"378\" \/>\n\t<meta property=\"og:image:type\" content=\"image\/jpeg\" \/>\n<meta name=\"author\" content=\"anja.hall\" \/>\n<meta name=\"twitter:card\" content=\"summary_large_image\" \/>\n<meta name=\"twitter:title\" content=\"W. Schmid und Glanzmann gr\u00fcnden Gemeinschaftsunternehmen\" \/>\n<meta name=\"twitter:description\" content=\"Die neu gegr\u00fcndete W. Schmid &amp; Glanzmann AG \u00fcbernimmt die Gesch\u00e4ftst\u00e4tigkeit der Glanzmann Generalunternehmung im Rahmen einer Nachfolgeregelung.\" \/>\n<meta name=\"twitter:image\" content=\"https:\/\/www.immobilienbusiness.ch\/wp-content\/uploads\/2017\/07\/Immobilien-Business-News-Corestate-\u00fcbernimmt-Helvetic-Financial-Services-c-depositedhar-\u2013-depositphotos.jpg\" \/>\n<script type=\"application\/ld+json\" class=\"yoast-schema-graph\">{\"@context\":\"https:\\\/\\\/schema.org\",\"@graph\":[{\"@type\":\"Article\",\"@id\":\"https:\\\/\\\/www.immobilienbusiness.ch\\\/en\\\/unternehmen\\\/2017-07-12\\\/w-schmid-und-glanzmann-gemeinschaftsunternehmen\\\/#article\",\"isPartOf\":{\"@id\":\"https:\\\/\\\/www.immobilienbusiness.ch\\\/en\\\/unternehmen\\\/2017-07-12\\\/w-schmid-und-glanzmann-gemeinschaftsunternehmen\\\/\"},\"author\":{\"name\":\"anja.hall\",\"@id\":\"https:\\\/\\\/www.immobilienbusiness.ch\\\/#\\\/schema\\\/person\\\/3fc036297b10b9f42d6db5ee932af8c8\"},\"headline\":\"W. Schmid \u00fcbernimmt Glanzmann\",\"datePublished\":\"2017-07-12T06:18:12+00:00\",\"mainEntityOfPage\":{\"@id\":\"https:\\\/\\\/www.immobilienbusiness.ch\\\/en\\\/unternehmen\\\/2017-07-12\\\/w-schmid-und-glanzmann-gemeinschaftsunternehmen\\\/\"},\"wordCount\":138,\"commentCount\":0,\"publisher\":{\"@id\":\"https:\\\/\\\/www.immobilienbusiness.ch\\\/#organization\"},\"image\":{\"@id\":\"https:\\\/\\\/www.immobilienbusiness.ch\\\/en\\\/unternehmen\\\/2017-07-12\\\/w-schmid-und-glanzmann-gemeinschaftsunternehmen\\\/#primaryimage\"},\"thumbnailUrl\":\"https:\\\/\\\/www.immobilienbusiness.ch\\\/wp-content\\\/uploads\\\/2017\\\/07\\\/Immobilien-Business-News-Corestate-uebernimmt-Helvetic-Financial-Services-c-depositedhar-\u2013-depositphotos.jpg\",\"keywords\":[\"Basel\",\"Unternehmen\",\"Z\u00fcrich\"],\"articleSection\":[\"UNTERNEHMEN\"],\"inLanguage\":\"fr-FR\"},{\"@type\":\"WebPage\",\"@id\":\"https:\\\/\\\/www.immobilienbusiness.ch\\\/en\\\/unternehmen\\\/2017-07-12\\\/w-schmid-und-glanzmann-gemeinschaftsunternehmen\\\/\",\"url\":\"https:\\\/\\\/www.immobilienbusiness.ch\\\/en\\\/unternehmen\\\/2017-07-12\\\/w-schmid-und-glanzmann-gemeinschaftsunternehmen\\\/\",\"name\":\"W. Schmid \u00fcbernimmt Glanzmann - IMMOBILIEN Business\",\"isPartOf\":{\"@id\":\"https:\\\/\\\/www.immobilienbusiness.ch\\\/#website\"},\"primaryImageOfPage\":{\"@id\":\"https:\\\/\\\/www.immobilienbusiness.ch\\\/en\\\/unternehmen\\\/2017-07-12\\\/w-schmid-und-glanzmann-gemeinschaftsunternehmen\\\/#primaryimage\"},\"image\":{\"@id\":\"https:\\\/\\\/www.immobilienbusiness.ch\\\/en\\\/unternehmen\\\/2017-07-12\\\/w-schmid-und-glanzmann-gemeinschaftsunternehmen\\\/#primaryimage\"},\"thumbnailUrl\":\"https:\\\/\\\/www.immobilienbusiness.ch\\\/wp-content\\\/uploads\\\/2017\\\/07\\\/Immobilien-Business-News-Corestate-uebernimmt-Helvetic-Financial-Services-c-depositedhar-\u2013-depositphotos.jpg\",\"datePublished\":\"2017-07-12T06:18:12+00:00\",\"description\":\"Die neu gegr\u00fcndete W. Schmid & Glanzmann AG \u00fcbernimmt die Gesch\u00e4ftst\u00e4tigkeit der Glanzmann Generalunternehmung im Rahmen einer Nachfolgeregelung.\",\"breadcrumb\":{\"@id\":\"https:\\\/\\\/www.immobilienbusiness.ch\\\/en\\\/unternehmen\\\/2017-07-12\\\/w-schmid-und-glanzmann-gemeinschaftsunternehmen\\\/#breadcrumb\"},\"inLanguage\":\"fr-FR\",\"potentialAction\":[{\"@type\":\"ReadAction\",\"target\":[\"https:\\\/\\\/www.immobilienbusiness.ch\\\/en\\\/unternehmen\\\/2017-07-12\\\/w-schmid-und-glanzmann-gemeinschaftsunternehmen\\\/\"]}]},{\"@type\":\"ImageObject\",\"inLanguage\":\"fr-FR\",\"@id\":\"https:\\\/\\\/www.immobilienbusiness.ch\\\/en\\\/unternehmen\\\/2017-07-12\\\/w-schmid-und-glanzmann-gemeinschaftsunternehmen\\\/#primaryimage\",\"url\":\"https:\\\/\\\/www.immobilienbusiness.ch\\\/wp-content\\\/uploads\\\/2017\\\/07\\\/Immobilien-Business-News-Corestate-uebernimmt-Helvetic-Financial-Services-c-depositedhar-\u2013-depositphotos.jpg\",\"contentUrl\":\"https:\\\/\\\/www.immobilienbusiness.ch\\\/wp-content\\\/uploads\\\/2017\\\/07\\\/Immobilien-Business-News-Corestate-uebernimmt-Helvetic-Financial-Services-c-depositedhar-\u2013-depositphotos.jpg\",\"width\":624,\"height\":378,\"caption\":\"Corestate erwirbt die HFS Helvetic Financial Services AG in Wollerau (Bild: depositedhar - depositphotos)\"},{\"@type\":\"BreadcrumbList\",\"@id\":\"https:\\\/\\\/www.immobilienbusiness.ch\\\/en\\\/unternehmen\\\/2017-07-12\\\/w-schmid-und-glanzmann-gemeinschaftsunternehmen\\\/#breadcrumb\",\"itemListElement\":[{\"@type\":\"ListItem\",\"position\":1,\"name\":\"Home\",\"item\":\"https:\\\/\\\/www.immobilienbusiness.ch\\\/\"},{\"@type\":\"ListItem\",\"position\":2,\"name\":\"W. Schmid \u00fcbernimmt Glanzmann\"}]},{\"@type\":\"WebSite\",\"@id\":\"https:\\\/\\\/www.immobilienbusiness.ch\\\/#website\",\"url\":\"https:\\\/\\\/www.immobilienbusiness.ch\\\/\",\"name\":\"IMMOBILIEN Business\",\"description\":\"Unabh\u00e4ngiges Schweizer Wirtschaftsmagazin mit Fokus auf Immobilien, Architektur- und Bau sowie Investment- und Finanzierung.\",\"publisher\":{\"@id\":\"https:\\\/\\\/www.immobilienbusiness.ch\\\/#organization\"},\"potentialAction\":[{\"@type\":\"SearchAction\",\"target\":{\"@type\":\"EntryPoint\",\"urlTemplate\":\"https:\\\/\\\/www.immobilienbusiness.ch\\\/?s={search_term_string}\"},\"query-input\":{\"@type\":\"PropertyValueSpecification\",\"valueRequired\":true,\"valueName\":\"search_term_string\"}}],\"inLanguage\":\"fr-FR\"},{\"@type\":\"Organization\",\"@id\":\"https:\\\/\\\/www.immobilienbusiness.ch\\\/#organization\",\"name\":\"IMMOBILIEN Business\",\"url\":\"https:\\\/\\\/www.immobilienbusiness.ch\\\/\",\"logo\":{\"@type\":\"ImageObject\",\"inLanguage\":\"fr-FR\",\"@id\":\"https:\\\/\\\/www.immobilienbusiness.ch\\\/#\\\/schema\\\/logo\\\/image\\\/\",\"url\":\"https:\\\/\\\/www.immobilienbusiness.ch\\\/wp-content\\\/uploads\\\/2021\\\/07\\\/logo_ib.png\",\"contentUrl\":\"https:\\\/\\\/www.immobilienbusiness.ch\\\/wp-content\\\/uploads\\\/2021\\\/07\\\/logo_ib.png\",\"width\":800,\"height\":181,\"caption\":\"IMMOBILIEN Business\"},\"image\":{\"@id\":\"https:\\\/\\\/www.immobilienbusiness.ch\\\/#\\\/schema\\\/logo\\\/image\\\/\"},\"sameAs\":[\"https:\\\/\\\/www.facebook.com\\\/immobilienbusiness\\\/\"]},{\"@type\":\"Person\",\"@id\":\"https:\\\/\\\/www.immobilienbusiness.ch\\\/#\\\/schema\\\/person\\\/3fc036297b10b9f42d6db5ee932af8c8\",\"name\":\"anja.hall\",\"image\":{\"@type\":\"ImageObject\",\"inLanguage\":\"fr-FR\",\"@id\":\"https:\\\/\\\/secure.gravatar.com\\\/avatar\\\/066b5a0d447013502c71a5782f4f3469f03cfe595cc2329fb94652fe47511bfb?s=96&d=mm&r=g\",\"url\":\"https:\\\/\\\/secure.gravatar.com\\\/avatar\\\/066b5a0d447013502c71a5782f4f3469f03cfe595cc2329fb94652fe47511bfb?s=96&d=mm&r=g\",\"contentUrl\":\"https:\\\/\\\/secure.gravatar.com\\\/avatar\\\/066b5a0d447013502c71a5782f4f3469f03cfe595cc2329fb94652fe47511bfb?s=96&d=mm&r=g\",\"caption\":\"anja.hall\"},\"url\":\"https:\\\/\\\/www.immobilienbusiness.ch\\\/fr\\\/author\\\/anja-hall\\\/\"}]}<\/script>\n<!-- \/ Yoast SEO plugin. -->","yoast_head_json":{"title":"W. Schmid \u00fcbernimmt Glanzmann - IMMOBILIEN Business","description":"Die neu gegr\u00fcndete W. Schmid & Glanzmann AG \u00fcbernimmt die Gesch\u00e4ftst\u00e4tigkeit der Glanzmann Generalunternehmung im Rahmen einer Nachfolgeregelung.","robots":{"index":"index","follow":"follow","max-snippet":"max-snippet:-1","max-image-preview":"max-image-preview:large","max-video-preview":"max-video-preview:-1"},"canonical":"https:\/\/www.immobilienbusiness.ch\/fr\/unternehmen\/2017-07-12\/w-schmid-und-glanzmann-gemeinschaftsunternehmen\/","og_locale":"fr_FR","og_type":"article","og_title":"W. Schmid und Glanzmann gr\u00fcnden Gemeinschaftsunternehmen","og_description":"Die neu gegr\u00fcndete W. Schmid & Glanzmann AG \u00fcbernimmt die Gesch\u00e4ftst\u00e4tigkeit der Glanzmann Generalunternehmung im Rahmen einer Nachfolgeregelung.","og_url":"https:\/\/www.immobilienbusiness.ch\/fr\/unternehmen\/2017-07-12\/w-schmid-und-glanzmann-gemeinschaftsunternehmen\/","og_site_name":"IMMOBILIEN Business","article_publisher":"https:\/\/www.facebook.com\/immobilienbusiness\/","article_published_time":"2017-07-12T06:18:12+00:00","og_image":[{"width":624,"height":378,"url":"https:\/\/www.immobilienbusiness.ch\/wp-content\/uploads\/2017\/07\/Immobilien-Business-News-Corestate-uebernimmt-Helvetic-Financial-Services-c-depositedhar-\u2013-depositphotos.jpg","type":"image\/jpeg"}],"author":"anja.hall","twitter_card":"summary_large_image","twitter_title":"W. Schmid und Glanzmann gr\u00fcnden Gemeinschaftsunternehmen","twitter_description":"Die neu gegr\u00fcndete W. Schmid & Glanzmann AG \u00fcbernimmt die Gesch\u00e4ftst\u00e4tigkeit der Glanzmann Generalunternehmung im Rahmen einer Nachfolgeregelung.","twitter_image":"https:\/\/www.immobilienbusiness.ch\/wp-content\/uploads\/2017\/07\/Immobilien-Business-News-Corestate-\u00fcbernimmt-Helvetic-Financial-Services-c-depositedhar-\u2013-depositphotos.jpg","schema":{"@context":"https:\/\/schema.org","@graph":[{"@type":"Article","@id":"https:\/\/www.immobilienbusiness.ch\/en\/unternehmen\/2017-07-12\/w-schmid-und-glanzmann-gemeinschaftsunternehmen\/#article","isPartOf":{"@id":"https:\/\/www.immobilienbusiness.ch\/en\/unternehmen\/2017-07-12\/w-schmid-und-glanzmann-gemeinschaftsunternehmen\/"},"author":{"name":"anja.hall","@id":"https:\/\/www.immobilienbusiness.ch\/#\/schema\/person\/3fc036297b10b9f42d6db5ee932af8c8"},"headline":"W. Schmid \u00fcbernimmt Glanzmann","datePublished":"2017-07-12T06:18:12+00:00","mainEntityOfPage":{"@id":"https:\/\/www.immobilienbusiness.ch\/en\/unternehmen\/2017-07-12\/w-schmid-und-glanzmann-gemeinschaftsunternehmen\/"},"wordCount":138,"commentCount":0,"publisher":{"@id":"https:\/\/www.immobilienbusiness.ch\/#organization"},"image":{"@id":"https:\/\/www.immobilienbusiness.ch\/en\/unternehmen\/2017-07-12\/w-schmid-und-glanzmann-gemeinschaftsunternehmen\/#primaryimage"},"thumbnailUrl":"https:\/\/www.immobilienbusiness.ch\/wp-content\/uploads\/2017\/07\/Immobilien-Business-News-Corestate-uebernimmt-Helvetic-Financial-Services-c-depositedhar-\u2013-depositphotos.jpg","keywords":["Basel","Unternehmen","Z\u00fcrich"],"articleSection":["UNTERNEHMEN"],"inLanguage":"fr-FR"},{"@type":"WebPage","@id":"https:\/\/www.immobilienbusiness.ch\/en\/unternehmen\/2017-07-12\/w-schmid-und-glanzmann-gemeinschaftsunternehmen\/","url":"https:\/\/www.immobilienbusiness.ch\/en\/unternehmen\/2017-07-12\/w-schmid-und-glanzmann-gemeinschaftsunternehmen\/","name":"W. Schmid \u00fcbernimmt Glanzmann - IMMOBILIEN Business","isPartOf":{"@id":"https:\/\/www.immobilienbusiness.ch\/#website"},"primaryImageOfPage":{"@id":"https:\/\/www.immobilienbusiness.ch\/en\/unternehmen\/2017-07-12\/w-schmid-und-glanzmann-gemeinschaftsunternehmen\/#primaryimage"},"image":{"@id":"https:\/\/www.immobilienbusiness.ch\/en\/unternehmen\/2017-07-12\/w-schmid-und-glanzmann-gemeinschaftsunternehmen\/#primaryimage"},"thumbnailUrl":"https:\/\/www.immobilienbusiness.ch\/wp-content\/uploads\/2017\/07\/Immobilien-Business-News-Corestate-uebernimmt-Helvetic-Financial-Services-c-depositedhar-\u2013-depositphotos.jpg","datePublished":"2017-07-12T06:18:12+00:00","description":"Die neu gegr\u00fcndete W. Schmid & Glanzmann AG \u00fcbernimmt die Gesch\u00e4ftst\u00e4tigkeit der Glanzmann Generalunternehmung im Rahmen einer Nachfolgeregelung.","breadcrumb":{"@id":"https:\/\/www.immobilienbusiness.ch\/en\/unternehmen\/2017-07-12\/w-schmid-und-glanzmann-gemeinschaftsunternehmen\/#breadcrumb"},"inLanguage":"fr-FR","potentialAction":[{"@type":"ReadAction","target":["https:\/\/www.immobilienbusiness.ch\/en\/unternehmen\/2017-07-12\/w-schmid-und-glanzmann-gemeinschaftsunternehmen\/"]}]},{"@type":"ImageObject","inLanguage":"fr-FR","@id":"https:\/\/www.immobilienbusiness.ch\/en\/unternehmen\/2017-07-12\/w-schmid-und-glanzmann-gemeinschaftsunternehmen\/#primaryimage","url":"https:\/\/www.immobilienbusiness.ch\/wp-content\/uploads\/2017\/07\/Immobilien-Business-News-Corestate-uebernimmt-Helvetic-Financial-Services-c-depositedhar-\u2013-depositphotos.jpg","contentUrl":"https:\/\/www.immobilienbusiness.ch\/wp-content\/uploads\/2017\/07\/Immobilien-Business-News-Corestate-uebernimmt-Helvetic-Financial-Services-c-depositedhar-\u2013-depositphotos.jpg","width":624,"height":378,"caption":"Corestate erwirbt die HFS Helvetic Financial Services AG in Wollerau (Bild: depositedhar - depositphotos)"},{"@type":"BreadcrumbList","@id":"https:\/\/www.immobilienbusiness.ch\/en\/unternehmen\/2017-07-12\/w-schmid-und-glanzmann-gemeinschaftsunternehmen\/#breadcrumb","itemListElement":[{"@type":"ListItem","position":1,"name":"Home","item":"https:\/\/www.immobilienbusiness.ch\/"},{"@type":"ListItem","position":2,"name":"W. Schmid \u00fcbernimmt Glanzmann"}]},{"@type":"WebSite","@id":"https:\/\/www.immobilienbusiness.ch\/#website","url":"https:\/\/www.immobilienbusiness.ch\/","name":"IMMOBILIER Business","description":"Magazine \u00e9conomique suisse ind\u00e9pendant ax\u00e9 sur l'immobilier, l'architecture et la construction ainsi que sur les investissements et le financement.","publisher":{"@id":"https:\/\/www.immobilienbusiness.ch\/#organization"},"potentialAction":[{"@type":"SearchAction","target":{"@type":"EntryPoint","urlTemplate":"https:\/\/www.immobilienbusiness.ch\/?s={search_term_string}"},"query-input":{"@type":"PropertyValueSpecification","valueRequired":true,"valueName":"search_term_string"}}],"inLanguage":"fr-FR"},{"@type":"Organization","@id":"https:\/\/www.immobilienbusiness.ch\/#organization","name":"IMMOBILIER Business","url":"https:\/\/www.immobilienbusiness.ch\/","logo":{"@type":"ImageObject","inLanguage":"fr-FR","@id":"https:\/\/www.immobilienbusiness.ch\/#\/schema\/logo\/image\/","url":"https:\/\/www.immobilienbusiness.ch\/wp-content\/uploads\/2021\/07\/logo_ib.png","contentUrl":"https:\/\/www.immobilienbusiness.ch\/wp-content\/uploads\/2021\/07\/logo_ib.png","width":800,"height":181,"caption":"IMMOBILIEN Business"},"image":{"@id":"https:\/\/www.immobilienbusiness.ch\/#\/schema\/logo\/image\/"},"sameAs":["https:\/\/www.facebook.com\/immobilienbusiness\/"]},{"@type":"Person","@id":"https:\/\/www.immobilienbusiness.ch\/#\/schema\/person\/3fc036297b10b9f42d6db5ee932af8c8","name":"anja.hall","image":{"@type":"ImageObject","inLanguage":"fr-FR","@id":"https:\/\/secure.gravatar.com\/avatar\/066b5a0d447013502c71a5782f4f3469f03cfe595cc2329fb94652fe47511bfb?s=96&d=mm&r=g","url":"https:\/\/secure.gravatar.com\/avatar\/066b5a0d447013502c71a5782f4f3469f03cfe595cc2329fb94652fe47511bfb?s=96&d=mm&r=g","contentUrl":"https:\/\/secure.gravatar.com\/avatar\/066b5a0d447013502c71a5782f4f3469f03cfe595cc2329fb94652fe47511bfb?s=96&d=mm&r=g","caption":"anja.hall"},"url":"https:\/\/www.immobilienbusiness.ch\/fr\/author\/anja-hall\/"}]}},"_links":{"self":[{"href":"https:\/\/www.immobilienbusiness.ch\/fr\/wp-json\/wp\/v2\/posts\/8311","targetHints":{"allow":["GET"]}}],"collection":[{"href":"https:\/\/www.immobilienbusiness.ch\/fr\/wp-json\/wp\/v2\/posts"}],"about":[{"href":"https:\/\/www.immobilienbusiness.ch\/fr\/wp-json\/wp\/v2\/types\/post"}],"author":[{"embeddable":true,"href":"https:\/\/www.immobilienbusiness.ch\/fr\/wp-json\/wp\/v2\/users\/3"}],"replies":[{"embeddable":true,"href":"https:\/\/www.immobilienbusiness.ch\/fr\/wp-json\/wp\/v2\/comments?post=8311"}],"version-history":[{"count":0,"href":"https:\/\/www.immobilienbusiness.ch\/fr\/wp-json\/wp\/v2\/posts\/8311\/revisions"}],"wp:featuredmedia":[{"embeddable":true,"href":"https:\/\/www.immobilienbusiness.ch\/fr\/wp-json\/wp\/v2\/media\/8199"}],"wp:attachment":[{"href":"https:\/\/www.immobilienbusiness.ch\/fr\/wp-json\/wp\/v2\/media?parent=8311"}],"wp:term":[{"taxonomy":"category","embeddable":true,"href":"https:\/\/www.immobilienbusiness.ch\/fr\/wp-json\/wp\/v2\/categories?post=8311"},{"taxonomy":"post_tag","embeddable":true,"href":"https:\/\/www.immobilienbusiness.ch\/fr\/wp-json\/wp\/v2\/tags?post=8311"}],"curies":[{"name":"wp","href":"https:\/\/api.w.org\/{rel}","templated":true}]}}