{"id":8283,"date":"2017-07-10T09:02:41","date_gmt":"2017-07-10T07:02:41","guid":{"rendered":"https:\/\/www.immobilienbusiness.ch\/?p=8283"},"modified":"2017-07-10T09:02:41","modified_gmt":"2017-07-10T07:02:41","slug":"zuerich-manor-zieht-streit-erneut-vors-bundesgericht","status":"publish","type":"post","link":"https:\/\/www.immobilienbusiness.ch\/fr\/retail\/2017-07-10\/zuerich-manor-zieht-streit-erneut-vors-bundesgericht\/","title":{"rendered":"Zurich : Manor porte \u00e0 nouveau le litige devant le Tribunal f\u00e9d\u00e9ral"},"content":{"rendered":"<figure id=\"attachment_8284\" aria-describedby=\"caption-attachment-8284\" style=\"width: 488px\" class=\"wp-caption alignnone\"><img loading=\"lazy\" decoding=\"async\" class=\"size-full wp-image-8284\" src=\"https:\/\/www.immobilienbusiness.ch\/wp-content\/uploads\/2017\/07\/Immobilien-Business-News-20170710_Manor_Zuerich_Bahnhofstrasse-c-Manor.jpg\" alt=\"\" width=\"488\" height=\"362\" srcset=\"https:\/\/www.immobilienbusiness.ch\/wp-content\/uploads\/2017\/07\/Immobilien-Business-News-20170710_Manor_Zuerich_Bahnhofstrasse-c-Manor.jpg 488w, https:\/\/www.immobilienbusiness.ch\/wp-content\/uploads\/2017\/07\/Immobilien-Business-News-20170710_Manor_Zuerich_Bahnhofstrasse-c-Manor-300x223.jpg 300w, https:\/\/www.immobilienbusiness.ch\/wp-content\/uploads\/2017\/07\/Immobilien-Business-News-20170710_Manor_Zuerich_Bahnhofstrasse-c-Manor-16x12.jpg 16w, https:\/\/www.immobilienbusiness.ch\/wp-content\/uploads\/2017\/07\/Immobilien-Business-News-20170710_Manor_Zuerich_Bahnhofstrasse-c-Manor-236x175.jpg 236w, https:\/\/www.immobilienbusiness.ch\/wp-content\/uploads\/2017\/07\/Immobilien-Business-News-20170710_Manor_Zuerich_Bahnhofstrasse-c-Manor-472x350.jpg 472w\" sizes=\"auto, (max-width: 488px) 100vw, 488px\" \/><figcaption id=\"caption-attachment-8284\" class=\"wp-caption-text\">Objet du litige juridique : l'immeuble de la Bahnhofstrasse 75 \u00e0 Zurich (photo : Manor)<\/figcaption><\/figure>\n<p>Manor et le propri\u00e9taire de l'immeuble, l'assureur Swiss Life, sont en d\u00e9saccord depuis plus de quatre ans sur les conditions et la dur\u00e9e du bail. D\u00e9but juin, le tribunal de commerce avait donn\u00e9 raison au propri\u00e9taire de l'immeuble. Selon ce jugement, Manor aurait d\u00fb quitter l'immeuble de la Bahnhofstrasse 75 s'il ne payait pas le loyer plus \u00e9lev\u00e9 exig\u00e9 \u00e0 partir du 1er janvier 2014.<\/p>\n<p>Les responsables de Manor sont toutefois d'avis que le tribunal de commerce n'a pas trait\u00e9 leur plainte sur le fond, mais que seuls des motifs formels ont conduit au rejet. C'est pourquoi le groupe de grands magasins porte \u00e0 nouveau l'affaire devant le Tribunal f\u00e9d\u00e9ral afin de la clarifier, comme le rapportent diff\u00e9rents m\u00e9dias.<\/p>\n<p><a href=\"https:\/\/www.immobilienbusiness.ch\/fr\/zuerich-etappensieg-manor-bahnhofstrasse\/\">En f\u00e9vrier de cette ann\u00e9e, le tribunal des baux de Zurich, saisi de l'affaire, avait jug\u00e9 que Swiss Life n'avait pas r\u00e9sili\u00e9 le contrat de bail conform\u00e9ment \u00e0 la loi et que le d\u00e9m\u00e9nagement du grand magasin ne devait donc pas intervenir avant 2019 au plus t\u00f4t.<\/a> Swiss Life veut transformer le b\u00e2timent et ne proposer des surfaces de vente au d\u00e9tail que dans les \u00e9tages inf\u00e9rieurs et faire de la place pour des bureaux dans les \u00e9tages sup\u00e9rieurs.<\/p>","protected":false},"excerpt":{"rendered":"<p>Le groupe de grands magasins Manor saisit \u00e0 nouveau le Tribunal f\u00e9d\u00e9ral dans le litige concernant l'avenir de sa filiale de la Bahnhofstrasse \u00e0 Zurich.<\/p>","protected":false},"author":4,"featured_media":8284,"comment_status":"open","ping_status":"open","sticky":false,"template":"","format":"standard","meta":{"_acf_changed":false,"_yoast_wpseo_focuskw":"Manor","_yoast_wpseo_title":"","_yoast_wpseo_metadesc":"Der Warenhauskonzern Manor geht im Streit um die Zukunft ihrer Filiale an der Z\u00fcrcher Bahnhofstrasse wieder vor das Bundesgericht.","_yoast_wpseo_linkdex":63,"pgc_sgb_lightbox_settings":"","footnotes":""},"categories":[987],"tags":[1622,1643,1800,1888],"class_list":["post-8283","post","type-post","status-publish","format-standard","has-post-thumbnail","hentry","category-retail","tag-recht","tag-retail","tag-umnutzung","tag-zuerich"],"acf":[],"yoast_head":"<!-- This site is optimized with the Yoast SEO plugin v27.4 - https:\/\/yoast.com\/product\/yoast-seo-wordpress\/ -->\n<title>Z\u00fcrich: Manor zieht Streit erneut vors Bundesgericht - IMMOBILIEN Business<\/title>\n<meta name=\"description\" content=\"Der Warenhauskonzern Manor geht im Streit um die Zukunft ihrer Filiale an der Z\u00fcrcher Bahnhofstrasse wieder vor das Bundesgericht.\" \/>\n<meta name=\"robots\" content=\"index, follow, max-snippet:-1, max-image-preview:large, max-video-preview:-1\" \/>\n<link rel=\"canonical\" href=\"https:\/\/www.immobilienbusiness.ch\/fr\/retail\/2017-07-10\/zuerich-manor-zieht-streit-erneut-vors-bundesgericht\/\" \/>\n<meta property=\"og:locale\" content=\"fr_FR\" \/>\n<meta property=\"og:type\" content=\"article\" \/>\n<meta property=\"og:title\" content=\"Z\u00fcrich: Manor zieht Streit erneut vors Bundesgericht\" \/>\n<meta property=\"og:description\" content=\"Der Warenhauskonzern Manor geht im Streit um die Zukunft ihrer Filiale an der Z\u00fcrcher Bahnhofstrasse wieder vor das Bundesgericht.\" \/>\n<meta property=\"og:url\" content=\"https:\/\/www.immobilienbusiness.ch\/fr\/retail\/2017-07-10\/zuerich-manor-zieht-streit-erneut-vors-bundesgericht\/\" \/>\n<meta property=\"og:site_name\" content=\"IMMOBILIEN Business\" \/>\n<meta property=\"article:publisher\" content=\"https:\/\/www.facebook.com\/immobilienbusiness\/\" \/>\n<meta property=\"article:published_time\" content=\"2017-07-10T07:02:41+00:00\" \/>\n<meta property=\"og:image\" content=\"https:\/\/www.immobilienbusiness.ch\/wp-content\/uploads\/2017\/07\/Immobilien-Business-News-20170710_Manor_Zuerich_Bahnhofstrasse-c-Manor.jpg\" \/>\n\t<meta property=\"og:image:width\" content=\"488\" \/>\n\t<meta property=\"og:image:height\" content=\"362\" \/>\n\t<meta property=\"og:image:type\" content=\"image\/jpeg\" \/>\n<meta name=\"author\" content=\"mathias.rinka\" \/>\n<meta name=\"twitter:card\" content=\"summary_large_image\" \/>\n<meta name=\"twitter:title\" content=\"Z\u00fcrich: Manor zieht Streit erneut vors Bundesgericht\" \/>\n<meta name=\"twitter:description\" content=\"Der Warenhauskonzern Manor geht im Streit um die Zukunft ihrer Filiale an der Z\u00fcrcher Bahnhofstrasse wieder vor das Bundesgericht.\" \/>\n<script type=\"application\/ld+json\" class=\"yoast-schema-graph\">{\"@context\":\"https:\\\/\\\/schema.org\",\"@graph\":[{\"@type\":\"Article\",\"@id\":\"https:\\\/\\\/www.immobilienbusiness.ch\\\/retail\\\/2017-07-10\\\/zuerich-manor-zieht-streit-erneut-vors-bundesgericht\\\/#article\",\"isPartOf\":{\"@id\":\"https:\\\/\\\/www.immobilienbusiness.ch\\\/retail\\\/2017-07-10\\\/zuerich-manor-zieht-streit-erneut-vors-bundesgericht\\\/\"},\"author\":{\"name\":\"mathias.rinka\",\"@id\":\"https:\\\/\\\/www.immobilienbusiness.ch\\\/#\\\/schema\\\/person\\\/31be7383261ea656cfe52cad71fdc211\"},\"headline\":\"Z\u00fcrich: Manor zieht Streit erneut vors Bundesgericht\",\"datePublished\":\"2017-07-10T07:02:41+00:00\",\"mainEntityOfPage\":{\"@id\":\"https:\\\/\\\/www.immobilienbusiness.ch\\\/retail\\\/2017-07-10\\\/zuerich-manor-zieht-streit-erneut-vors-bundesgericht\\\/\"},\"wordCount\":197,\"commentCount\":0,\"publisher\":{\"@id\":\"https:\\\/\\\/www.immobilienbusiness.ch\\\/#organization\"},\"image\":{\"@id\":\"https:\\\/\\\/www.immobilienbusiness.ch\\\/retail\\\/2017-07-10\\\/zuerich-manor-zieht-streit-erneut-vors-bundesgericht\\\/#primaryimage\"},\"thumbnailUrl\":\"https:\\\/\\\/www.immobilienbusiness.ch\\\/wp-content\\\/uploads\\\/2017\\\/07\\\/Immobilien-Business-News-20170710_Manor_Zuerich_Bahnhofstrasse-c-Manor.jpg\",\"keywords\":[\"Recht\",\"Retail\",\"Umnutzung\",\"Z\u00fcrich\"],\"articleSection\":[\"RETAIL\"],\"inLanguage\":\"fr-FR\"},{\"@type\":\"WebPage\",\"@id\":\"https:\\\/\\\/www.immobilienbusiness.ch\\\/retail\\\/2017-07-10\\\/zuerich-manor-zieht-streit-erneut-vors-bundesgericht\\\/\",\"url\":\"https:\\\/\\\/www.immobilienbusiness.ch\\\/retail\\\/2017-07-10\\\/zuerich-manor-zieht-streit-erneut-vors-bundesgericht\\\/\",\"name\":\"Z\u00fcrich: Manor zieht Streit erneut vors Bundesgericht - IMMOBILIEN Business\",\"isPartOf\":{\"@id\":\"https:\\\/\\\/www.immobilienbusiness.ch\\\/#website\"},\"primaryImageOfPage\":{\"@id\":\"https:\\\/\\\/www.immobilienbusiness.ch\\\/retail\\\/2017-07-10\\\/zuerich-manor-zieht-streit-erneut-vors-bundesgericht\\\/#primaryimage\"},\"image\":{\"@id\":\"https:\\\/\\\/www.immobilienbusiness.ch\\\/retail\\\/2017-07-10\\\/zuerich-manor-zieht-streit-erneut-vors-bundesgericht\\\/#primaryimage\"},\"thumbnailUrl\":\"https:\\\/\\\/www.immobilienbusiness.ch\\\/wp-content\\\/uploads\\\/2017\\\/07\\\/Immobilien-Business-News-20170710_Manor_Zuerich_Bahnhofstrasse-c-Manor.jpg\",\"datePublished\":\"2017-07-10T07:02:41+00:00\",\"description\":\"Der Warenhauskonzern Manor geht im Streit um die Zukunft ihrer Filiale an der Z\u00fcrcher Bahnhofstrasse wieder vor das Bundesgericht.\",\"breadcrumb\":{\"@id\":\"https:\\\/\\\/www.immobilienbusiness.ch\\\/retail\\\/2017-07-10\\\/zuerich-manor-zieht-streit-erneut-vors-bundesgericht\\\/#breadcrumb\"},\"inLanguage\":\"fr-FR\",\"potentialAction\":[{\"@type\":\"ReadAction\",\"target\":[\"https:\\\/\\\/www.immobilienbusiness.ch\\\/retail\\\/2017-07-10\\\/zuerich-manor-zieht-streit-erneut-vors-bundesgericht\\\/\"]}]},{\"@type\":\"ImageObject\",\"inLanguage\":\"fr-FR\",\"@id\":\"https:\\\/\\\/www.immobilienbusiness.ch\\\/retail\\\/2017-07-10\\\/zuerich-manor-zieht-streit-erneut-vors-bundesgericht\\\/#primaryimage\",\"url\":\"https:\\\/\\\/www.immobilienbusiness.ch\\\/wp-content\\\/uploads\\\/2017\\\/07\\\/Immobilien-Business-News-20170710_Manor_Zuerich_Bahnhofstrasse-c-Manor.jpg\",\"contentUrl\":\"https:\\\/\\\/www.immobilienbusiness.ch\\\/wp-content\\\/uploads\\\/2017\\\/07\\\/Immobilien-Business-News-20170710_Manor_Zuerich_Bahnhofstrasse-c-Manor.jpg\",\"width\":488,\"height\":362,\"caption\":\"Objekt der juristischen Auseinandersetzung: die Liegenschaft Bahnhofstrasse 75 in Z\u00fcrich (Bild: Manor)\"},{\"@type\":\"BreadcrumbList\",\"@id\":\"https:\\\/\\\/www.immobilienbusiness.ch\\\/retail\\\/2017-07-10\\\/zuerich-manor-zieht-streit-erneut-vors-bundesgericht\\\/#breadcrumb\",\"itemListElement\":[{\"@type\":\"ListItem\",\"position\":1,\"name\":\"Home\",\"item\":\"https:\\\/\\\/www.immobilienbusiness.ch\\\/\"},{\"@type\":\"ListItem\",\"position\":2,\"name\":\"Z\u00fcrich: Manor zieht Streit erneut vors Bundesgericht\"}]},{\"@type\":\"WebSite\",\"@id\":\"https:\\\/\\\/www.immobilienbusiness.ch\\\/#website\",\"url\":\"https:\\\/\\\/www.immobilienbusiness.ch\\\/\",\"name\":\"IMMOBILIEN Business\",\"description\":\"Unabh\u00e4ngiges Schweizer Wirtschaftsmagazin mit Fokus auf Immobilien, Architektur- und Bau sowie Investment- und Finanzierung.\",\"publisher\":{\"@id\":\"https:\\\/\\\/www.immobilienbusiness.ch\\\/#organization\"},\"potentialAction\":[{\"@type\":\"SearchAction\",\"target\":{\"@type\":\"EntryPoint\",\"urlTemplate\":\"https:\\\/\\\/www.immobilienbusiness.ch\\\/?s={search_term_string}\"},\"query-input\":{\"@type\":\"PropertyValueSpecification\",\"valueRequired\":true,\"valueName\":\"search_term_string\"}}],\"inLanguage\":\"fr-FR\"},{\"@type\":\"Organization\",\"@id\":\"https:\\\/\\\/www.immobilienbusiness.ch\\\/#organization\",\"name\":\"IMMOBILIEN Business\",\"url\":\"https:\\\/\\\/www.immobilienbusiness.ch\\\/\",\"logo\":{\"@type\":\"ImageObject\",\"inLanguage\":\"fr-FR\",\"@id\":\"https:\\\/\\\/www.immobilienbusiness.ch\\\/#\\\/schema\\\/logo\\\/image\\\/\",\"url\":\"https:\\\/\\\/www.immobilienbusiness.ch\\\/wp-content\\\/uploads\\\/2021\\\/07\\\/logo_ib.png\",\"contentUrl\":\"https:\\\/\\\/www.immobilienbusiness.ch\\\/wp-content\\\/uploads\\\/2021\\\/07\\\/logo_ib.png\",\"width\":800,\"height\":181,\"caption\":\"IMMOBILIEN Business\"},\"image\":{\"@id\":\"https:\\\/\\\/www.immobilienbusiness.ch\\\/#\\\/schema\\\/logo\\\/image\\\/\"},\"sameAs\":[\"https:\\\/\\\/www.facebook.com\\\/immobilienbusiness\\\/\"]},{\"@type\":\"Person\",\"@id\":\"https:\\\/\\\/www.immobilienbusiness.ch\\\/#\\\/schema\\\/person\\\/31be7383261ea656cfe52cad71fdc211\",\"name\":\"mathias.rinka\",\"image\":{\"@type\":\"ImageObject\",\"inLanguage\":\"fr-FR\",\"@id\":\"https:\\\/\\\/secure.gravatar.com\\\/avatar\\\/?s=96&d=mm&r=g\",\"url\":\"https:\\\/\\\/secure.gravatar.com\\\/avatar\\\/?s=96&d=mm&r=g\",\"contentUrl\":\"https:\\\/\\\/secure.gravatar.com\\\/avatar\\\/?s=96&d=mm&r=g\",\"caption\":\"mathias.rinka\"},\"url\":\"https:\\\/\\\/www.immobilienbusiness.ch\\\/fr\\\/author\\\/mathias-rinka\\\/\"}]}<\/script>\n<!-- \/ Yoast SEO plugin. -->","yoast_head_json":{"title":"Z\u00fcrich: Manor zieht Streit erneut vors Bundesgericht - IMMOBILIEN Business","description":"Der Warenhauskonzern Manor geht im Streit um die Zukunft ihrer Filiale an der Z\u00fcrcher Bahnhofstrasse wieder vor das Bundesgericht.","robots":{"index":"index","follow":"follow","max-snippet":"max-snippet:-1","max-image-preview":"max-image-preview:large","max-video-preview":"max-video-preview:-1"},"canonical":"https:\/\/www.immobilienbusiness.ch\/fr\/retail\/2017-07-10\/zuerich-manor-zieht-streit-erneut-vors-bundesgericht\/","og_locale":"fr_FR","og_type":"article","og_title":"Z\u00fcrich: Manor zieht Streit erneut vors Bundesgericht","og_description":"Der Warenhauskonzern Manor geht im Streit um die Zukunft ihrer Filiale an der Z\u00fcrcher Bahnhofstrasse wieder vor das Bundesgericht.","og_url":"https:\/\/www.immobilienbusiness.ch\/fr\/retail\/2017-07-10\/zuerich-manor-zieht-streit-erneut-vors-bundesgericht\/","og_site_name":"IMMOBILIEN Business","article_publisher":"https:\/\/www.facebook.com\/immobilienbusiness\/","article_published_time":"2017-07-10T07:02:41+00:00","og_image":[{"width":488,"height":362,"url":"https:\/\/www.immobilienbusiness.ch\/wp-content\/uploads\/2017\/07\/Immobilien-Business-News-20170710_Manor_Zuerich_Bahnhofstrasse-c-Manor.jpg","type":"image\/jpeg"}],"author":"mathias.rinka","twitter_card":"summary_large_image","twitter_title":"Z\u00fcrich: Manor zieht Streit erneut vors Bundesgericht","twitter_description":"Der Warenhauskonzern Manor geht im Streit um die Zukunft ihrer Filiale an der Z\u00fcrcher Bahnhofstrasse wieder vor das Bundesgericht.","schema":{"@context":"https:\/\/schema.org","@graph":[{"@type":"Article","@id":"https:\/\/www.immobilienbusiness.ch\/retail\/2017-07-10\/zuerich-manor-zieht-streit-erneut-vors-bundesgericht\/#article","isPartOf":{"@id":"https:\/\/www.immobilienbusiness.ch\/retail\/2017-07-10\/zuerich-manor-zieht-streit-erneut-vors-bundesgericht\/"},"author":{"name":"mathias.rinka","@id":"https:\/\/www.immobilienbusiness.ch\/#\/schema\/person\/31be7383261ea656cfe52cad71fdc211"},"headline":"Z\u00fcrich: Manor zieht Streit erneut vors Bundesgericht","datePublished":"2017-07-10T07:02:41+00:00","mainEntityOfPage":{"@id":"https:\/\/www.immobilienbusiness.ch\/retail\/2017-07-10\/zuerich-manor-zieht-streit-erneut-vors-bundesgericht\/"},"wordCount":197,"commentCount":0,"publisher":{"@id":"https:\/\/www.immobilienbusiness.ch\/#organization"},"image":{"@id":"https:\/\/www.immobilienbusiness.ch\/retail\/2017-07-10\/zuerich-manor-zieht-streit-erneut-vors-bundesgericht\/#primaryimage"},"thumbnailUrl":"https:\/\/www.immobilienbusiness.ch\/wp-content\/uploads\/2017\/07\/Immobilien-Business-News-20170710_Manor_Zuerich_Bahnhofstrasse-c-Manor.jpg","keywords":["Recht","Retail","Umnutzung","Z\u00fcrich"],"articleSection":["RETAIL"],"inLanguage":"fr-FR"},{"@type":"WebPage","@id":"https:\/\/www.immobilienbusiness.ch\/retail\/2017-07-10\/zuerich-manor-zieht-streit-erneut-vors-bundesgericht\/","url":"https:\/\/www.immobilienbusiness.ch\/retail\/2017-07-10\/zuerich-manor-zieht-streit-erneut-vors-bundesgericht\/","name":"Z\u00fcrich: Manor zieht Streit erneut vors Bundesgericht - IMMOBILIEN Business","isPartOf":{"@id":"https:\/\/www.immobilienbusiness.ch\/#website"},"primaryImageOfPage":{"@id":"https:\/\/www.immobilienbusiness.ch\/retail\/2017-07-10\/zuerich-manor-zieht-streit-erneut-vors-bundesgericht\/#primaryimage"},"image":{"@id":"https:\/\/www.immobilienbusiness.ch\/retail\/2017-07-10\/zuerich-manor-zieht-streit-erneut-vors-bundesgericht\/#primaryimage"},"thumbnailUrl":"https:\/\/www.immobilienbusiness.ch\/wp-content\/uploads\/2017\/07\/Immobilien-Business-News-20170710_Manor_Zuerich_Bahnhofstrasse-c-Manor.jpg","datePublished":"2017-07-10T07:02:41+00:00","description":"Der Warenhauskonzern Manor geht im Streit um die Zukunft ihrer Filiale an der Z\u00fcrcher Bahnhofstrasse wieder vor das Bundesgericht.","breadcrumb":{"@id":"https:\/\/www.immobilienbusiness.ch\/retail\/2017-07-10\/zuerich-manor-zieht-streit-erneut-vors-bundesgericht\/#breadcrumb"},"inLanguage":"fr-FR","potentialAction":[{"@type":"ReadAction","target":["https:\/\/www.immobilienbusiness.ch\/retail\/2017-07-10\/zuerich-manor-zieht-streit-erneut-vors-bundesgericht\/"]}]},{"@type":"ImageObject","inLanguage":"fr-FR","@id":"https:\/\/www.immobilienbusiness.ch\/retail\/2017-07-10\/zuerich-manor-zieht-streit-erneut-vors-bundesgericht\/#primaryimage","url":"https:\/\/www.immobilienbusiness.ch\/wp-content\/uploads\/2017\/07\/Immobilien-Business-News-20170710_Manor_Zuerich_Bahnhofstrasse-c-Manor.jpg","contentUrl":"https:\/\/www.immobilienbusiness.ch\/wp-content\/uploads\/2017\/07\/Immobilien-Business-News-20170710_Manor_Zuerich_Bahnhofstrasse-c-Manor.jpg","width":488,"height":362,"caption":"Objekt der juristischen Auseinandersetzung: die Liegenschaft Bahnhofstrasse 75 in Z\u00fcrich (Bild: Manor)"},{"@type":"BreadcrumbList","@id":"https:\/\/www.immobilienbusiness.ch\/retail\/2017-07-10\/zuerich-manor-zieht-streit-erneut-vors-bundesgericht\/#breadcrumb","itemListElement":[{"@type":"ListItem","position":1,"name":"Home","item":"https:\/\/www.immobilienbusiness.ch\/"},{"@type":"ListItem","position":2,"name":"Z\u00fcrich: Manor zieht Streit erneut vors Bundesgericht"}]},{"@type":"WebSite","@id":"https:\/\/www.immobilienbusiness.ch\/#website","url":"https:\/\/www.immobilienbusiness.ch\/","name":"IMMOBILIER Business","description":"Magazine \u00e9conomique suisse ind\u00e9pendant ax\u00e9 sur l'immobilier, l'architecture et la construction ainsi que sur les investissements et le financement.","publisher":{"@id":"https:\/\/www.immobilienbusiness.ch\/#organization"},"potentialAction":[{"@type":"SearchAction","target":{"@type":"EntryPoint","urlTemplate":"https:\/\/www.immobilienbusiness.ch\/?s={search_term_string}"},"query-input":{"@type":"PropertyValueSpecification","valueRequired":true,"valueName":"search_term_string"}}],"inLanguage":"fr-FR"},{"@type":"Organization","@id":"https:\/\/www.immobilienbusiness.ch\/#organization","name":"IMMOBILIER Business","url":"https:\/\/www.immobilienbusiness.ch\/","logo":{"@type":"ImageObject","inLanguage":"fr-FR","@id":"https:\/\/www.immobilienbusiness.ch\/#\/schema\/logo\/image\/","url":"https:\/\/www.immobilienbusiness.ch\/wp-content\/uploads\/2021\/07\/logo_ib.png","contentUrl":"https:\/\/www.immobilienbusiness.ch\/wp-content\/uploads\/2021\/07\/logo_ib.png","width":800,"height":181,"caption":"IMMOBILIEN Business"},"image":{"@id":"https:\/\/www.immobilienbusiness.ch\/#\/schema\/logo\/image\/"},"sameAs":["https:\/\/www.facebook.com\/immobilienbusiness\/"]},{"@type":"Person","@id":"https:\/\/www.immobilienbusiness.ch\/#\/schema\/person\/31be7383261ea656cfe52cad71fdc211","name":"mathias.rinka","image":{"@type":"ImageObject","inLanguage":"fr-FR","@id":"https:\/\/secure.gravatar.com\/avatar\/?s=96&d=mm&r=g","url":"https:\/\/secure.gravatar.com\/avatar\/?s=96&d=mm&r=g","contentUrl":"https:\/\/secure.gravatar.com\/avatar\/?s=96&d=mm&r=g","caption":"mathias.rinka"},"url":"https:\/\/www.immobilienbusiness.ch\/fr\/author\/mathias-rinka\/"}]}},"_links":{"self":[{"href":"https:\/\/www.immobilienbusiness.ch\/fr\/wp-json\/wp\/v2\/posts\/8283","targetHints":{"allow":["GET"]}}],"collection":[{"href":"https:\/\/www.immobilienbusiness.ch\/fr\/wp-json\/wp\/v2\/posts"}],"about":[{"href":"https:\/\/www.immobilienbusiness.ch\/fr\/wp-json\/wp\/v2\/types\/post"}],"author":[{"embeddable":true,"href":"https:\/\/www.immobilienbusiness.ch\/fr\/wp-json\/wp\/v2\/users\/4"}],"replies":[{"embeddable":true,"href":"https:\/\/www.immobilienbusiness.ch\/fr\/wp-json\/wp\/v2\/comments?post=8283"}],"version-history":[{"count":0,"href":"https:\/\/www.immobilienbusiness.ch\/fr\/wp-json\/wp\/v2\/posts\/8283\/revisions"}],"wp:featuredmedia":[{"embeddable":true,"href":"https:\/\/www.immobilienbusiness.ch\/fr\/wp-json\/wp\/v2\/media\/8284"}],"wp:attachment":[{"href":"https:\/\/www.immobilienbusiness.ch\/fr\/wp-json\/wp\/v2\/media?parent=8283"}],"wp:term":[{"taxonomy":"category","embeddable":true,"href":"https:\/\/www.immobilienbusiness.ch\/fr\/wp-json\/wp\/v2\/categories?post=8283"},{"taxonomy":"post_tag","embeddable":true,"href":"https:\/\/www.immobilienbusiness.ch\/fr\/wp-json\/wp\/v2\/tags?post=8283"}],"curies":[{"name":"wp","href":"https:\/\/api.w.org\/{rel}","templated":true}]}}