{"id":8223,"date":"2017-07-04T08:02:39","date_gmt":"2017-07-04T06:02:39","guid":{"rendered":"https:\/\/www.immobilienbusiness.ch\/?p=8223"},"modified":"2017-07-04T08:02:39","modified_gmt":"2017-07-04T06:02:39","slug":"buelach-baueingabe-fuer-glasi-quartier","status":"publish","type":"post","link":"https:\/\/www.immobilienbusiness.ch\/fr\/regionen\/2017-07-04\/buelach-baueingabe-fuer-glasi-quartier\/","title":{"rendered":"B\u00fclach : Demande de permis de construire pour \"Glasi Quarter"},"content":{"rendered":"<figure id=\"attachment_8225\" aria-describedby=\"caption-attachment-8225\" style=\"width: 612px\" class=\"wp-caption alignnone\"><img loading=\"lazy\" decoding=\"async\" class=\"size-full wp-image-8225\" src=\"https:\/\/www.immobilienbusiness.ch\/wp-content\/uploads\/2017\/07\/Immobilien-Business-News-20170704_Glasi-Quartier-B\u00fclach_Visualisierung-Steiner-AG.png\" alt=\"\" width=\"612\" height=\"430\" \/><figcaption id=\"caption-attachment-8225\" class=\"wp-caption-text\">Le projet \"Glasi-Quartier\" \u00e0 B\u00fclach Nord doit \u00eatre r\u00e9alis\u00e9 d'ici 2023 (Visualisation : Steiner AG)<\/figcaption><\/figure>\n<p>Pour le grand projet de B\u00fclach \"Glasi-Quartier\", l'attelage des 21 b\u00e2timents d'une hauteur de 21 \u00e0 25 m\u00e8tres et d'une tour de 60 m\u00e8tres a d\u00e9j\u00e0 \u00e9t\u00e9 mis en place r\u00e9cemment. Cela permet actuellement de marquer les quelque 315 000 m\u00e8tres cubes de volume de construction en surface qui seront r\u00e9alis\u00e9s ici d'ici 2023. Le projet global comprend, outre environ 550 logements, 20.000 m\u00e8tres carr\u00e9s de surfaces commerciales et de services. Le permis de construire devrait \u00eatre d\u00e9livr\u00e9 en janvier 2018.<\/p>\n<p>Le nouveau quartier urbain de B\u00fclach Nord pr\u00e9sentera \"une densit\u00e9 exceptionnellement \u00e9lev\u00e9e pour les conditions suisses\", \u00e9crit Steiner AG, ce qui repr\u00e9sente \u00e0 la fois un d\u00e9fi et une chance. Le projet \"Glasi-Quartier\", qui comprend environ 450 logements locatifs \u00e0 prix avantageux et 104 logements en propri\u00e9t\u00e9, doit \"attirer de larges cercles de population gr\u00e2ce \u00e0 son offre diversifi\u00e9e de logements, permettre une mixit\u00e9 sociologique bigarr\u00e9e\" et faire du nouveau quartier urbain de B\u00fclach Nord un lieu d'habitation et de travail recherch\u00e9 dans l'Unterland zurichois.<\/p>\n<p>Sur le site d'environ 42 000 m2 de l'entreprise Vetropack (anciennement Glash\u00fctte B\u00fclach) ont \u00e9t\u00e9 fabriqu\u00e9s pendant 111 ans des emballages en verre pour les boissons, les denr\u00e9es alimentaires et les produits pharmaceutiques. Depuis l'arr\u00eat de la production en 2002, le terrain, situ\u00e9 au nord du centre-ville et \u00e0 proximit\u00e9 imm\u00e9diate de la gare de B\u00fclach, \u00e9tait \u00e0 l'abandon. En 2012, Logis Suisse et BGZ ont acquis le site et conclu un contrat exclusif avec Steiner pour le d\u00e9veloppement et la r\u00e9alisation du projet.<\/p>\n<p>Steiner AG a alors organis\u00e9, \u00e0 la demande de Logis Suisse et de BGZ, un mandat d'\u00e9tude urbanistique en une \u00e9tape avec une participation internationale. Parmi les onze contributions re\u00e7ues pour le \"Glasi-Quartier\" pr\u00e9vu, le projet pr\u00e9sent\u00e9 par Duplex Architekten (Zurich) est sorti vainqueur. Le plan d'am\u00e9nagement correspondant est entr\u00e9 en vigueur fin 2015.<\/p>","protected":false},"excerpt":{"rendered":"<p>Les partenaires de d\u00e9veloppement Steiner AG, Baugenossenschaft Glattal Z\u00fcrich (BGZ) et Logis Suisse AG ont d\u00e9pos\u00e9 le 30 juin 2017 la demande de permis de construire pour le projet global \"Glasi-Quartier\" \u00e0 B\u00fclach Nord.<\/p>","protected":false},"author":4,"featured_media":8225,"comment_status":"open","ping_status":"open","sticky":false,"template":"","format":"standard","meta":{"_acf_changed":false,"_yoast_wpseo_focuskw":"\u00abGlasi-Quartier\u00bb","_yoast_wpseo_title":"","_yoast_wpseo_metadesc":"Steiner AG, Baugenossenschaft Glattal Z\u00fcrich und Logis Suisse haben die Baueingabe f\u00fcr das Gesamtprojekt \u00abGlasi-Quartier\u00bb in B\u00fclach Nord eingereicht.","_yoast_wpseo_linkdex":82,"pgc_sgb_lightbox_settings":"","footnotes":""},"categories":[985],"tags":[1112,1118,1272,1313,1601,1643,1862],"class_list":["post-8223","post","type-post","status-publish","format-standard","has-post-thumbnail","hentry","category-regionen","tag-buelach","tag-buero","tag-gewerbeimmobilien","tag-hotel","tag-projektentwicklung","tag-retail","tag-wohnen"],"acf":[],"yoast_head":"<!-- This site is optimized with the Yoast SEO plugin v27.4 - https:\/\/yoast.com\/product\/yoast-seo-wordpress\/ -->\n<title>B\u00fclach: Baueingabe f\u00fcr \u00abGlasi-Quartier\u00bb - IMMOBILIEN Business<\/title>\n<meta name=\"description\" content=\"Steiner AG, Baugenossenschaft Glattal Z\u00fcrich und Logis Suisse haben die Baueingabe f\u00fcr das Gesamtprojekt \u00abGlasi-Quartier\u00bb in B\u00fclach Nord eingereicht.\" \/>\n<meta name=\"robots\" content=\"index, follow, max-snippet:-1, max-image-preview:large, max-video-preview:-1\" \/>\n<link rel=\"canonical\" href=\"https:\/\/www.immobilienbusiness.ch\/fr\/regionen\/2017-07-04\/buelach-baueingabe-fuer-glasi-quartier\/\" \/>\n<meta property=\"og:locale\" content=\"fr_FR\" \/>\n<meta property=\"og:type\" content=\"article\" \/>\n<meta property=\"og:title\" content=\"Baueingabe f\u00fcr \u00abGlasi-Quartier\u00bb in B\u00fclach\" \/>\n<meta property=\"og:description\" content=\"Steiner AG, BGZ und Logis Suisse haben die Baueingabe f\u00fcr das Gesamtprojekt \u00abGlasi-Quartier\u00bb in B\u00fclach Nord eingereicht.\" \/>\n<meta property=\"og:url\" content=\"https:\/\/www.immobilienbusiness.ch\/fr\/regionen\/2017-07-04\/buelach-baueingabe-fuer-glasi-quartier\/\" \/>\n<meta property=\"og:site_name\" content=\"IMMOBILIEN Business\" \/>\n<meta property=\"article:publisher\" content=\"https:\/\/www.facebook.com\/immobilienbusiness\/\" \/>\n<meta property=\"article:published_time\" content=\"2017-07-04T06:02:39+00:00\" \/>\n<meta property=\"og:image\" content=\"https:\/\/www.immobilienbusiness.ch\/wp-content\/uploads\/2017\/07\/Immobilien-Business-News-20170704_Glasi-Quartier-Buelach_Visualisierung-Steiner-AG.png\" \/>\n\t<meta property=\"og:image:width\" content=\"612\" \/>\n\t<meta property=\"og:image:height\" content=\"430\" \/>\n\t<meta property=\"og:image:type\" content=\"image\/png\" \/>\n<meta name=\"author\" content=\"mathias.rinka\" \/>\n<meta name=\"twitter:card\" content=\"summary_large_image\" \/>\n<meta name=\"twitter:title\" content=\"Baueingabe f\u00fcr \u00abGlasi-Quartier\u00bb in B\u00fclach\" \/>\n<meta name=\"twitter:description\" content=\"Steiner AG, BGZ und Logis Suisse haben die Baueingabe f\u00fcr das Gesamtprojekt \u00abGlasi-Quartier\u00bb in B\u00fclach Nord eingereicht.\" \/>\n<script type=\"application\/ld+json\" class=\"yoast-schema-graph\">{\"@context\":\"https:\\\/\\\/schema.org\",\"@graph\":[{\"@type\":\"Article\",\"@id\":\"https:\\\/\\\/www.immobilienbusiness.ch\\\/en\\\/regionen\\\/2017-07-04\\\/buelach-baueingabe-fuer-glasi-quartier\\\/#article\",\"isPartOf\":{\"@id\":\"https:\\\/\\\/www.immobilienbusiness.ch\\\/en\\\/regionen\\\/2017-07-04\\\/buelach-baueingabe-fuer-glasi-quartier\\\/\"},\"author\":{\"name\":\"mathias.rinka\",\"@id\":\"https:\\\/\\\/www.immobilienbusiness.ch\\\/#\\\/schema\\\/person\\\/31be7383261ea656cfe52cad71fdc211\"},\"headline\":\"B\u00fclach: Baueingabe f\u00fcr \u00abGlasi-Quartier\u00bb\",\"datePublished\":\"2017-07-04T06:02:39+00:00\",\"mainEntityOfPage\":{\"@id\":\"https:\\\/\\\/www.immobilienbusiness.ch\\\/en\\\/regionen\\\/2017-07-04\\\/buelach-baueingabe-fuer-glasi-quartier\\\/\"},\"wordCount\":284,\"commentCount\":0,\"publisher\":{\"@id\":\"https:\\\/\\\/www.immobilienbusiness.ch\\\/#organization\"},\"image\":{\"@id\":\"https:\\\/\\\/www.immobilienbusiness.ch\\\/en\\\/regionen\\\/2017-07-04\\\/buelach-baueingabe-fuer-glasi-quartier\\\/#primaryimage\"},\"thumbnailUrl\":\"https:\\\/\\\/www.immobilienbusiness.ch\\\/wp-content\\\/uploads\\\/2017\\\/07\\\/Immobilien-Business-News-20170704_Glasi-Quartier-Buelach_Visualisierung-Steiner-AG.png\",\"keywords\":[\"B\u00fclach\",\"B\u00fcro\",\"Gewerbeimmobilien\",\"Hotel\",\"Projektentwicklung\",\"Retail\",\"Wohnen\"],\"articleSection\":[\"REGIONEN\"],\"inLanguage\":\"fr-FR\"},{\"@type\":\"WebPage\",\"@id\":\"https:\\\/\\\/www.immobilienbusiness.ch\\\/en\\\/regionen\\\/2017-07-04\\\/buelach-baueingabe-fuer-glasi-quartier\\\/\",\"url\":\"https:\\\/\\\/www.immobilienbusiness.ch\\\/en\\\/regionen\\\/2017-07-04\\\/buelach-baueingabe-fuer-glasi-quartier\\\/\",\"name\":\"B\u00fclach: Baueingabe f\u00fcr \u00abGlasi-Quartier\u00bb - IMMOBILIEN Business\",\"isPartOf\":{\"@id\":\"https:\\\/\\\/www.immobilienbusiness.ch\\\/#website\"},\"primaryImageOfPage\":{\"@id\":\"https:\\\/\\\/www.immobilienbusiness.ch\\\/en\\\/regionen\\\/2017-07-04\\\/buelach-baueingabe-fuer-glasi-quartier\\\/#primaryimage\"},\"image\":{\"@id\":\"https:\\\/\\\/www.immobilienbusiness.ch\\\/en\\\/regionen\\\/2017-07-04\\\/buelach-baueingabe-fuer-glasi-quartier\\\/#primaryimage\"},\"thumbnailUrl\":\"https:\\\/\\\/www.immobilienbusiness.ch\\\/wp-content\\\/uploads\\\/2017\\\/07\\\/Immobilien-Business-News-20170704_Glasi-Quartier-Buelach_Visualisierung-Steiner-AG.png\",\"datePublished\":\"2017-07-04T06:02:39+00:00\",\"description\":\"Steiner AG, Baugenossenschaft Glattal Z\u00fcrich und Logis Suisse haben die Baueingabe f\u00fcr das Gesamtprojekt \u00abGlasi-Quartier\u00bb in B\u00fclach Nord eingereicht.\",\"breadcrumb\":{\"@id\":\"https:\\\/\\\/www.immobilienbusiness.ch\\\/en\\\/regionen\\\/2017-07-04\\\/buelach-baueingabe-fuer-glasi-quartier\\\/#breadcrumb\"},\"inLanguage\":\"fr-FR\",\"potentialAction\":[{\"@type\":\"ReadAction\",\"target\":[\"https:\\\/\\\/www.immobilienbusiness.ch\\\/en\\\/regionen\\\/2017-07-04\\\/buelach-baueingabe-fuer-glasi-quartier\\\/\"]}]},{\"@type\":\"ImageObject\",\"inLanguage\":\"fr-FR\",\"@id\":\"https:\\\/\\\/www.immobilienbusiness.ch\\\/en\\\/regionen\\\/2017-07-04\\\/buelach-baueingabe-fuer-glasi-quartier\\\/#primaryimage\",\"url\":\"https:\\\/\\\/www.immobilienbusiness.ch\\\/wp-content\\\/uploads\\\/2017\\\/07\\\/Immobilien-Business-News-20170704_Glasi-Quartier-Buelach_Visualisierung-Steiner-AG.png\",\"contentUrl\":\"https:\\\/\\\/www.immobilienbusiness.ch\\\/wp-content\\\/uploads\\\/2017\\\/07\\\/Immobilien-Business-News-20170704_Glasi-Quartier-Buelach_Visualisierung-Steiner-AG.png\",\"width\":612,\"height\":430,\"caption\":\"Das Projekt \u00abGlasi-Quartier\u00bb in B\u00fclach Nord soll bis 2023 realisiert werden (Visualisierung: Steiner AG)\"},{\"@type\":\"BreadcrumbList\",\"@id\":\"https:\\\/\\\/www.immobilienbusiness.ch\\\/en\\\/regionen\\\/2017-07-04\\\/buelach-baueingabe-fuer-glasi-quartier\\\/#breadcrumb\",\"itemListElement\":[{\"@type\":\"ListItem\",\"position\":1,\"name\":\"Home\",\"item\":\"https:\\\/\\\/www.immobilienbusiness.ch\\\/\"},{\"@type\":\"ListItem\",\"position\":2,\"name\":\"B\u00fclach: Baueingabe f\u00fcr \u00abGlasi-Quartier\u00bb\"}]},{\"@type\":\"WebSite\",\"@id\":\"https:\\\/\\\/www.immobilienbusiness.ch\\\/#website\",\"url\":\"https:\\\/\\\/www.immobilienbusiness.ch\\\/\",\"name\":\"IMMOBILIEN Business\",\"description\":\"Unabh\u00e4ngiges Schweizer Wirtschaftsmagazin mit Fokus auf Immobilien, Architektur- und Bau sowie Investment- und Finanzierung.\",\"publisher\":{\"@id\":\"https:\\\/\\\/www.immobilienbusiness.ch\\\/#organization\"},\"potentialAction\":[{\"@type\":\"SearchAction\",\"target\":{\"@type\":\"EntryPoint\",\"urlTemplate\":\"https:\\\/\\\/www.immobilienbusiness.ch\\\/?s={search_term_string}\"},\"query-input\":{\"@type\":\"PropertyValueSpecification\",\"valueRequired\":true,\"valueName\":\"search_term_string\"}}],\"inLanguage\":\"fr-FR\"},{\"@type\":\"Organization\",\"@id\":\"https:\\\/\\\/www.immobilienbusiness.ch\\\/#organization\",\"name\":\"IMMOBILIEN Business\",\"url\":\"https:\\\/\\\/www.immobilienbusiness.ch\\\/\",\"logo\":{\"@type\":\"ImageObject\",\"inLanguage\":\"fr-FR\",\"@id\":\"https:\\\/\\\/www.immobilienbusiness.ch\\\/#\\\/schema\\\/logo\\\/image\\\/\",\"url\":\"https:\\\/\\\/www.immobilienbusiness.ch\\\/wp-content\\\/uploads\\\/2021\\\/07\\\/logo_ib.png\",\"contentUrl\":\"https:\\\/\\\/www.immobilienbusiness.ch\\\/wp-content\\\/uploads\\\/2021\\\/07\\\/logo_ib.png\",\"width\":800,\"height\":181,\"caption\":\"IMMOBILIEN Business\"},\"image\":{\"@id\":\"https:\\\/\\\/www.immobilienbusiness.ch\\\/#\\\/schema\\\/logo\\\/image\\\/\"},\"sameAs\":[\"https:\\\/\\\/www.facebook.com\\\/immobilienbusiness\\\/\"]},{\"@type\":\"Person\",\"@id\":\"https:\\\/\\\/www.immobilienbusiness.ch\\\/#\\\/schema\\\/person\\\/31be7383261ea656cfe52cad71fdc211\",\"name\":\"mathias.rinka\",\"image\":{\"@type\":\"ImageObject\",\"inLanguage\":\"fr-FR\",\"@id\":\"https:\\\/\\\/secure.gravatar.com\\\/avatar\\\/?s=96&d=mm&r=g\",\"url\":\"https:\\\/\\\/secure.gravatar.com\\\/avatar\\\/?s=96&d=mm&r=g\",\"contentUrl\":\"https:\\\/\\\/secure.gravatar.com\\\/avatar\\\/?s=96&d=mm&r=g\",\"caption\":\"mathias.rinka\"},\"url\":\"https:\\\/\\\/www.immobilienbusiness.ch\\\/fr\\\/author\\\/mathias-rinka\\\/\"}]}<\/script>\n<!-- \/ Yoast SEO plugin. -->","yoast_head_json":{"title":"B\u00fclach: Baueingabe f\u00fcr \u00abGlasi-Quartier\u00bb - IMMOBILIEN Business","description":"Steiner AG, Baugenossenschaft Glattal Z\u00fcrich und Logis Suisse haben die Baueingabe f\u00fcr das Gesamtprojekt \u00abGlasi-Quartier\u00bb in B\u00fclach Nord eingereicht.","robots":{"index":"index","follow":"follow","max-snippet":"max-snippet:-1","max-image-preview":"max-image-preview:large","max-video-preview":"max-video-preview:-1"},"canonical":"https:\/\/www.immobilienbusiness.ch\/fr\/regionen\/2017-07-04\/buelach-baueingabe-fuer-glasi-quartier\/","og_locale":"fr_FR","og_type":"article","og_title":"Baueingabe f\u00fcr \u00abGlasi-Quartier\u00bb in B\u00fclach","og_description":"Steiner AG, BGZ und Logis Suisse haben die Baueingabe f\u00fcr das Gesamtprojekt \u00abGlasi-Quartier\u00bb in B\u00fclach Nord eingereicht.","og_url":"https:\/\/www.immobilienbusiness.ch\/fr\/regionen\/2017-07-04\/buelach-baueingabe-fuer-glasi-quartier\/","og_site_name":"IMMOBILIEN Business","article_publisher":"https:\/\/www.facebook.com\/immobilienbusiness\/","article_published_time":"2017-07-04T06:02:39+00:00","og_image":[{"width":612,"height":430,"url":"https:\/\/www.immobilienbusiness.ch\/wp-content\/uploads\/2017\/07\/Immobilien-Business-News-20170704_Glasi-Quartier-Buelach_Visualisierung-Steiner-AG.png","type":"image\/png"}],"author":"mathias.rinka","twitter_card":"summary_large_image","twitter_title":"Baueingabe f\u00fcr \u00abGlasi-Quartier\u00bb in B\u00fclach","twitter_description":"Steiner AG, BGZ und Logis Suisse haben die Baueingabe f\u00fcr das Gesamtprojekt \u00abGlasi-Quartier\u00bb in B\u00fclach Nord eingereicht.","schema":{"@context":"https:\/\/schema.org","@graph":[{"@type":"Article","@id":"https:\/\/www.immobilienbusiness.ch\/en\/regionen\/2017-07-04\/buelach-baueingabe-fuer-glasi-quartier\/#article","isPartOf":{"@id":"https:\/\/www.immobilienbusiness.ch\/en\/regionen\/2017-07-04\/buelach-baueingabe-fuer-glasi-quartier\/"},"author":{"name":"mathias.rinka","@id":"https:\/\/www.immobilienbusiness.ch\/#\/schema\/person\/31be7383261ea656cfe52cad71fdc211"},"headline":"B\u00fclach: Baueingabe f\u00fcr \u00abGlasi-Quartier\u00bb","datePublished":"2017-07-04T06:02:39+00:00","mainEntityOfPage":{"@id":"https:\/\/www.immobilienbusiness.ch\/en\/regionen\/2017-07-04\/buelach-baueingabe-fuer-glasi-quartier\/"},"wordCount":284,"commentCount":0,"publisher":{"@id":"https:\/\/www.immobilienbusiness.ch\/#organization"},"image":{"@id":"https:\/\/www.immobilienbusiness.ch\/en\/regionen\/2017-07-04\/buelach-baueingabe-fuer-glasi-quartier\/#primaryimage"},"thumbnailUrl":"https:\/\/www.immobilienbusiness.ch\/wp-content\/uploads\/2017\/07\/Immobilien-Business-News-20170704_Glasi-Quartier-Buelach_Visualisierung-Steiner-AG.png","keywords":["B\u00fclach","B\u00fcro","Gewerbeimmobilien","Hotel","Projektentwicklung","Retail","Wohnen"],"articleSection":["REGIONEN"],"inLanguage":"fr-FR"},{"@type":"WebPage","@id":"https:\/\/www.immobilienbusiness.ch\/en\/regionen\/2017-07-04\/buelach-baueingabe-fuer-glasi-quartier\/","url":"https:\/\/www.immobilienbusiness.ch\/en\/regionen\/2017-07-04\/buelach-baueingabe-fuer-glasi-quartier\/","name":"B\u00fclach: Baueingabe f\u00fcr \u00abGlasi-Quartier\u00bb - IMMOBILIEN Business","isPartOf":{"@id":"https:\/\/www.immobilienbusiness.ch\/#website"},"primaryImageOfPage":{"@id":"https:\/\/www.immobilienbusiness.ch\/en\/regionen\/2017-07-04\/buelach-baueingabe-fuer-glasi-quartier\/#primaryimage"},"image":{"@id":"https:\/\/www.immobilienbusiness.ch\/en\/regionen\/2017-07-04\/buelach-baueingabe-fuer-glasi-quartier\/#primaryimage"},"thumbnailUrl":"https:\/\/www.immobilienbusiness.ch\/wp-content\/uploads\/2017\/07\/Immobilien-Business-News-20170704_Glasi-Quartier-Buelach_Visualisierung-Steiner-AG.png","datePublished":"2017-07-04T06:02:39+00:00","description":"Steiner AG, Baugenossenschaft Glattal Z\u00fcrich und Logis Suisse haben die Baueingabe f\u00fcr das Gesamtprojekt \u00abGlasi-Quartier\u00bb in B\u00fclach Nord eingereicht.","breadcrumb":{"@id":"https:\/\/www.immobilienbusiness.ch\/en\/regionen\/2017-07-04\/buelach-baueingabe-fuer-glasi-quartier\/#breadcrumb"},"inLanguage":"fr-FR","potentialAction":[{"@type":"ReadAction","target":["https:\/\/www.immobilienbusiness.ch\/en\/regionen\/2017-07-04\/buelach-baueingabe-fuer-glasi-quartier\/"]}]},{"@type":"ImageObject","inLanguage":"fr-FR","@id":"https:\/\/www.immobilienbusiness.ch\/en\/regionen\/2017-07-04\/buelach-baueingabe-fuer-glasi-quartier\/#primaryimage","url":"https:\/\/www.immobilienbusiness.ch\/wp-content\/uploads\/2017\/07\/Immobilien-Business-News-20170704_Glasi-Quartier-Buelach_Visualisierung-Steiner-AG.png","contentUrl":"https:\/\/www.immobilienbusiness.ch\/wp-content\/uploads\/2017\/07\/Immobilien-Business-News-20170704_Glasi-Quartier-Buelach_Visualisierung-Steiner-AG.png","width":612,"height":430,"caption":"Das Projekt \u00abGlasi-Quartier\u00bb in B\u00fclach Nord soll bis 2023 realisiert werden (Visualisierung: Steiner AG)"},{"@type":"BreadcrumbList","@id":"https:\/\/www.immobilienbusiness.ch\/en\/regionen\/2017-07-04\/buelach-baueingabe-fuer-glasi-quartier\/#breadcrumb","itemListElement":[{"@type":"ListItem","position":1,"name":"Home","item":"https:\/\/www.immobilienbusiness.ch\/"},{"@type":"ListItem","position":2,"name":"B\u00fclach: Baueingabe f\u00fcr \u00abGlasi-Quartier\u00bb"}]},{"@type":"WebSite","@id":"https:\/\/www.immobilienbusiness.ch\/#website","url":"https:\/\/www.immobilienbusiness.ch\/","name":"IMMOBILIER Business","description":"Magazine \u00e9conomique suisse ind\u00e9pendant ax\u00e9 sur l'immobilier, l'architecture et la construction ainsi que sur les investissements et le financement.","publisher":{"@id":"https:\/\/www.immobilienbusiness.ch\/#organization"},"potentialAction":[{"@type":"SearchAction","target":{"@type":"EntryPoint","urlTemplate":"https:\/\/www.immobilienbusiness.ch\/?s={search_term_string}"},"query-input":{"@type":"PropertyValueSpecification","valueRequired":true,"valueName":"search_term_string"}}],"inLanguage":"fr-FR"},{"@type":"Organization","@id":"https:\/\/www.immobilienbusiness.ch\/#organization","name":"IMMOBILIER Business","url":"https:\/\/www.immobilienbusiness.ch\/","logo":{"@type":"ImageObject","inLanguage":"fr-FR","@id":"https:\/\/www.immobilienbusiness.ch\/#\/schema\/logo\/image\/","url":"https:\/\/www.immobilienbusiness.ch\/wp-content\/uploads\/2021\/07\/logo_ib.png","contentUrl":"https:\/\/www.immobilienbusiness.ch\/wp-content\/uploads\/2021\/07\/logo_ib.png","width":800,"height":181,"caption":"IMMOBILIEN Business"},"image":{"@id":"https:\/\/www.immobilienbusiness.ch\/#\/schema\/logo\/image\/"},"sameAs":["https:\/\/www.facebook.com\/immobilienbusiness\/"]},{"@type":"Person","@id":"https:\/\/www.immobilienbusiness.ch\/#\/schema\/person\/31be7383261ea656cfe52cad71fdc211","name":"mathias.rinka","image":{"@type":"ImageObject","inLanguage":"fr-FR","@id":"https:\/\/secure.gravatar.com\/avatar\/?s=96&d=mm&r=g","url":"https:\/\/secure.gravatar.com\/avatar\/?s=96&d=mm&r=g","contentUrl":"https:\/\/secure.gravatar.com\/avatar\/?s=96&d=mm&r=g","caption":"mathias.rinka"},"url":"https:\/\/www.immobilienbusiness.ch\/fr\/author\/mathias-rinka\/"}]}},"_links":{"self":[{"href":"https:\/\/www.immobilienbusiness.ch\/fr\/wp-json\/wp\/v2\/posts\/8223","targetHints":{"allow":["GET"]}}],"collection":[{"href":"https:\/\/www.immobilienbusiness.ch\/fr\/wp-json\/wp\/v2\/posts"}],"about":[{"href":"https:\/\/www.immobilienbusiness.ch\/fr\/wp-json\/wp\/v2\/types\/post"}],"author":[{"embeddable":true,"href":"https:\/\/www.immobilienbusiness.ch\/fr\/wp-json\/wp\/v2\/users\/4"}],"replies":[{"embeddable":true,"href":"https:\/\/www.immobilienbusiness.ch\/fr\/wp-json\/wp\/v2\/comments?post=8223"}],"version-history":[{"count":0,"href":"https:\/\/www.immobilienbusiness.ch\/fr\/wp-json\/wp\/v2\/posts\/8223\/revisions"}],"wp:featuredmedia":[{"embeddable":true,"href":"https:\/\/www.immobilienbusiness.ch\/fr\/wp-json\/wp\/v2\/media\/8225"}],"wp:attachment":[{"href":"https:\/\/www.immobilienbusiness.ch\/fr\/wp-json\/wp\/v2\/media?parent=8223"}],"wp:term":[{"taxonomy":"category","embeddable":true,"href":"https:\/\/www.immobilienbusiness.ch\/fr\/wp-json\/wp\/v2\/categories?post=8223"},{"taxonomy":"post_tag","embeddable":true,"href":"https:\/\/www.immobilienbusiness.ch\/fr\/wp-json\/wp\/v2\/tags?post=8223"}],"curies":[{"name":"wp","href":"https:\/\/api.w.org\/{rel}","templated":true}]}}