{"id":822,"date":"2015-09-21T09:40:53","date_gmt":"2015-09-21T07:40:53","guid":{"rendered":"http:\/\/dev.immobilienbusiness.ch\/?p=822"},"modified":"2015-09-21T09:40:53","modified_gmt":"2015-09-21T07:40:53","slug":"roche-tower-in-basel-eingeweiht","status":"publish","type":"post","link":"https:\/\/www.immobilienbusiness.ch\/fr\/buero\/2015-09-21\/roche-tower-in-basel-eingeweiht\/","title":{"rendered":"Inauguration de la Roche Tower \u00e0 B\u00e2le"},"content":{"rendered":"<figure id=\"attachment_4822\" aria-describedby=\"caption-attachment-4822\" style=\"width: 587px\" class=\"wp-caption alignnone\"><img loading=\"lazy\" decoding=\"async\" class=\"wp-image-4822 size-full\" src=\"https:\/\/immobilienbusiness.ch\/wp-content\/uploads\/2015\/09\/Roche-Tower-in-Basel-eingeweiht-immobilien-business.jpg\" width=\"587\" height=\"694\" srcset=\"https:\/\/www.immobilienbusiness.ch\/wp-content\/uploads\/2015\/09\/Roche-Tower-in-Basel-eingeweiht-immobilien-business.jpg 587w, https:\/\/www.immobilienbusiness.ch\/wp-content\/uploads\/2015\/09\/Roche-Tower-in-Basel-eingeweiht-immobilien-business-254x300.jpg 254w, https:\/\/www.immobilienbusiness.ch\/wp-content\/uploads\/2015\/09\/Roche-Tower-in-Basel-eingeweiht-immobilien-business-10x12.jpg 10w, https:\/\/www.immobilienbusiness.ch\/wp-content\/uploads\/2015\/09\/Roche-Tower-in-Basel-eingeweiht-immobilien-business-148x175.jpg 148w, https:\/\/www.immobilienbusiness.ch\/wp-content\/uploads\/2015\/09\/Roche-Tower-in-Basel-eingeweiht-immobilien-business-296x350.jpg 296w, https:\/\/www.immobilienbusiness.ch\/wp-content\/uploads\/2015\/09\/Roche-Tower-in-Basel-eingeweiht-immobilien-business-300x355.jpg 300w\" sizes=\"auto, (max-width: 587px) 100vw, 587px\" \/><figcaption id=\"caption-attachment-4822\" class=\"wp-caption-text\">Le plus haut b\u00e2timent de Suisse actuellement : la Roche Tower \u00e0 B\u00e2le (photo : Roche \/ Herzog &amp; de Meuron)<\/figcaption><\/figure>\n<blockquote><p>\"Le nouveau b\u00e2timent est aussi pour nous un engagement clair en faveur du site suisse et de B\u00e2le\" - Severin Schwan, CEO de Roche<\/p><\/blockquote>\n<p>\"Bau 1\", que l'on appelle d\u00e9j\u00e0 \"Roche Tower\" ou \"Roche-Turm\", fait partie d'un programme d'investissement total de 3 milliards de francs suisses de l'entreprise dans de nouvelles infrastructures de recherche et de bureaux sur le site de la Grenzacherstrasse dans le quartier du Wettstein. \"Pour nous, ce nouveau b\u00e2timent est aussi un engagement clair en faveur du site suisse et de B\u00e2le\", a d\u00e9clar\u00e9 Severin Schwan, CEO de Roche, lors de la c\u00e9r\u00e9monie d'inauguration.<\/p>\n<p>Le b\u00e2timent, con\u00e7u par le bureau d'architectes b\u00e2lois Herzog &amp; de Meuron, a co\u00fbt\u00e9 550 millions de francs suisses et comprend 74 200 m\u00e8tres carr\u00e9s de surface de plancher en surface sur 41 \u00e9tages. Le d\u00e9veloppement du site de Roche \u00e0 B\u00e2le doit se poursuivre par \u00e9tapes au cours des prochaines ann\u00e9es. Le plan d'am\u00e9nagement pour le nouveau centre de recherche et de d\u00e9veloppement ainsi que pour le \"b\u00e2timent 2\" pr\u00e9vu de 205 m\u00e8tres de haut et d'autres b\u00e2timents a d\u00e9j\u00e0 \u00e9t\u00e9 d\u00e9pos\u00e9, indique Roche. (mr)<\/p>","protected":false},"excerpt":{"rendered":"<p>Le groupe pharmaceutique Roche a officiellement inaugur\u00e9 vendredi le nouvel immeuble de bureaux \"Bau 1\" \u00e0 son si\u00e8ge de B\u00e2le. Au terme de l'emm\u00e9nagement, qui devrait d\u00e9buter en octobre et s'achever au printemps 2016, quelque 2 000 collaborateurs travailleront dans le b\u00e2timent. Avec ses 178 m\u00e8tres, il s'agit actuellement du plus haut b\u00e2timent de Suisse.<\/p>","protected":false},"author":1,"featured_media":4822,"comment_status":"open","ping_status":"open","sticky":false,"template":"","format":"standard","meta":{"_acf_changed":false,"_yoast_wpseo_focuskw":"Roche Tower Basel","_yoast_wpseo_title":"Roche Tower Basel: Das h\u00f6chste Geb\u00e4ude der Schweiz er\u00f6ffnet","_yoast_wpseo_metadesc":"Der Roche Tower in Basel ist das h\u00f6chste Geb\u00e4ude der Schweiz und symbolisiert das klare Bekenntnis des Unternehmens zum Standort. Investitionen in Forschung und Infrastruktur schreiten voran.","_yoast_wpseo_linkdex":55,"pgc_sgb_lightbox_settings":"","footnotes":""},"categories":[983,988],"tags":[1118,1807],"class_list":["post-822","post","type-post","status-publish","format-standard","has-post-thumbnail","hentry","category-buero","category-unternehmen","tag-buero","tag-unternehmen"],"acf":[],"yoast_head":"<!-- This site is optimized with the Yoast SEO plugin v27.4 - https:\/\/yoast.com\/product\/yoast-seo-wordpress\/ -->\n<title>Roche Tower Basel: Das h\u00f6chste Geb\u00e4ude der Schweiz er\u00f6ffnet<\/title>\n<meta name=\"description\" content=\"Der Roche Tower in Basel ist das h\u00f6chste Geb\u00e4ude der Schweiz und symbolisiert das klare Bekenntnis des Unternehmens zum Standort. Investitionen in Forschung und Infrastruktur schreiten voran.\" \/>\n<meta name=\"robots\" content=\"index, follow, max-snippet:-1, max-image-preview:large, max-video-preview:-1\" \/>\n<link rel=\"canonical\" href=\"https:\/\/www.immobilienbusiness.ch\/fr\/buero\/2015-09-21\/roche-tower-in-basel-eingeweiht\/\" \/>\n<meta property=\"og:locale\" content=\"fr_FR\" \/>\n<meta property=\"og:type\" content=\"article\" \/>\n<meta property=\"og:title\" content=\"Roche Tower in Basel eingeweiht\" \/>\n<meta property=\"og:description\" content=\"Der Pharmakonzern Roche hat am Freitag an seinem Firmensitz in Basel das neue B\u00fcrogeb\u00e4ude \u00abBau 1\u00bb offiziell er\u00f6ffnet. Nach Abschluss des Bezugs, der im Oktober starten und im Fr\u00fchjahr 2016 beendet werden soll, werden rund 2.000 Mitarbeitende in dem Geb\u00e4ude arbeiten. Es ist mit seinen 178 Metern das derzeit h\u00f6chste Geb\u00e4ude der Schweiz.\" \/>\n<meta property=\"og:url\" content=\"https:\/\/www.immobilienbusiness.ch\/fr\/buero\/2015-09-21\/roche-tower-in-basel-eingeweiht\/\" \/>\n<meta property=\"og:site_name\" content=\"IMMOBILIEN Business\" \/>\n<meta property=\"article:publisher\" content=\"https:\/\/www.facebook.com\/immobilienbusiness\/\" \/>\n<meta property=\"article:published_time\" content=\"2015-09-21T07:40:53+00:00\" \/>\n<meta name=\"author\" content=\"Redaktion\" \/>\n<meta name=\"twitter:card\" content=\"summary_large_image\" \/>\n<meta name=\"twitter:image\" content=\"https:\/\/www.immobilienbusiness.ch\/wp-content\/uploads\/2015\/09\/Roche-Tower-in-Basel-eingeweiht-immobilien-business.jpg\" \/>\n<script type=\"application\/ld+json\" class=\"yoast-schema-graph\">{\"@context\":\"https:\\\/\\\/schema.org\",\"@graph\":[{\"@type\":\"Article\",\"@id\":\"https:\\\/\\\/www.immobilienbusiness.ch\\\/buero\\\/2015-09-21\\\/roche-tower-in-basel-eingeweiht\\\/#article\",\"isPartOf\":{\"@id\":\"https:\\\/\\\/www.immobilienbusiness.ch\\\/buero\\\/2015-09-21\\\/roche-tower-in-basel-eingeweiht\\\/\"},\"author\":{\"name\":\"Redaktion\",\"@id\":\"https:\\\/\\\/www.immobilienbusiness.ch\\\/#\\\/schema\\\/person\\\/aa2bace6c5c5aad60102004a50c4eb1c\"},\"headline\":\"Roche Tower in Basel eingeweiht\",\"datePublished\":\"2015-09-21T07:40:53+00:00\",\"mainEntityOfPage\":{\"@id\":\"https:\\\/\\\/www.immobilienbusiness.ch\\\/buero\\\/2015-09-21\\\/roche-tower-in-basel-eingeweiht\\\/\"},\"wordCount\":175,\"commentCount\":0,\"publisher\":{\"@id\":\"https:\\\/\\\/www.immobilienbusiness.ch\\\/#organization\"},\"image\":{\"@id\":\"https:\\\/\\\/www.immobilienbusiness.ch\\\/buero\\\/2015-09-21\\\/roche-tower-in-basel-eingeweiht\\\/#primaryimage\"},\"thumbnailUrl\":\"https:\\\/\\\/www.immobilienbusiness.ch\\\/wp-content\\\/uploads\\\/2015\\\/09\\\/Roche-Tower-in-Basel-eingeweiht-immobilien-business.jpg\",\"keywords\":[\"B\u00fcro\",\"Unternehmen\"],\"articleSection\":[\"B\u00dcRO\",\"UNTERNEHMEN\"],\"inLanguage\":\"fr-FR\"},{\"@type\":\"WebPage\",\"@id\":\"https:\\\/\\\/www.immobilienbusiness.ch\\\/buero\\\/2015-09-21\\\/roche-tower-in-basel-eingeweiht\\\/\",\"url\":\"https:\\\/\\\/www.immobilienbusiness.ch\\\/buero\\\/2015-09-21\\\/roche-tower-in-basel-eingeweiht\\\/\",\"name\":\"Roche Tower Basel: Das h\u00f6chste Geb\u00e4ude der Schweiz er\u00f6ffnet\",\"isPartOf\":{\"@id\":\"https:\\\/\\\/www.immobilienbusiness.ch\\\/#website\"},\"primaryImageOfPage\":{\"@id\":\"https:\\\/\\\/www.immobilienbusiness.ch\\\/buero\\\/2015-09-21\\\/roche-tower-in-basel-eingeweiht\\\/#primaryimage\"},\"image\":{\"@id\":\"https:\\\/\\\/www.immobilienbusiness.ch\\\/buero\\\/2015-09-21\\\/roche-tower-in-basel-eingeweiht\\\/#primaryimage\"},\"thumbnailUrl\":\"https:\\\/\\\/www.immobilienbusiness.ch\\\/wp-content\\\/uploads\\\/2015\\\/09\\\/Roche-Tower-in-Basel-eingeweiht-immobilien-business.jpg\",\"datePublished\":\"2015-09-21T07:40:53+00:00\",\"description\":\"Der Roche Tower in Basel ist das h\u00f6chste Geb\u00e4ude der Schweiz und symbolisiert das klare Bekenntnis des Unternehmens zum Standort. Investitionen in Forschung und Infrastruktur schreiten voran.\",\"breadcrumb\":{\"@id\":\"https:\\\/\\\/www.immobilienbusiness.ch\\\/buero\\\/2015-09-21\\\/roche-tower-in-basel-eingeweiht\\\/#breadcrumb\"},\"inLanguage\":\"fr-FR\",\"potentialAction\":[{\"@type\":\"ReadAction\",\"target\":[\"https:\\\/\\\/www.immobilienbusiness.ch\\\/buero\\\/2015-09-21\\\/roche-tower-in-basel-eingeweiht\\\/\"]}]},{\"@type\":\"ImageObject\",\"inLanguage\":\"fr-FR\",\"@id\":\"https:\\\/\\\/www.immobilienbusiness.ch\\\/buero\\\/2015-09-21\\\/roche-tower-in-basel-eingeweiht\\\/#primaryimage\",\"url\":\"https:\\\/\\\/www.immobilienbusiness.ch\\\/wp-content\\\/uploads\\\/2015\\\/09\\\/Roche-Tower-in-Basel-eingeweiht-immobilien-business.jpg\",\"contentUrl\":\"https:\\\/\\\/www.immobilienbusiness.ch\\\/wp-content\\\/uploads\\\/2015\\\/09\\\/Roche-Tower-in-Basel-eingeweiht-immobilien-business.jpg\",\"width\":587,\"height\":694,\"caption\":\"Das derzeit h\u00f6chste Geb\u00e4ude der Schweiz: der Roche Tower in Basel (Foto: Roche \\\/ Herzog & de Meuron)\"},{\"@type\":\"BreadcrumbList\",\"@id\":\"https:\\\/\\\/www.immobilienbusiness.ch\\\/buero\\\/2015-09-21\\\/roche-tower-in-basel-eingeweiht\\\/#breadcrumb\",\"itemListElement\":[{\"@type\":\"ListItem\",\"position\":1,\"name\":\"Home\",\"item\":\"https:\\\/\\\/www.immobilienbusiness.ch\\\/\"},{\"@type\":\"ListItem\",\"position\":2,\"name\":\"Roche Tower in Basel eingeweiht\"}]},{\"@type\":\"WebSite\",\"@id\":\"https:\\\/\\\/www.immobilienbusiness.ch\\\/#website\",\"url\":\"https:\\\/\\\/www.immobilienbusiness.ch\\\/\",\"name\":\"IMMOBILIEN Business\",\"description\":\"Unabh\u00e4ngiges Schweizer Wirtschaftsmagazin mit Fokus auf Immobilien, Architektur- und Bau sowie Investment- und Finanzierung.\",\"publisher\":{\"@id\":\"https:\\\/\\\/www.immobilienbusiness.ch\\\/#organization\"},\"potentialAction\":[{\"@type\":\"SearchAction\",\"target\":{\"@type\":\"EntryPoint\",\"urlTemplate\":\"https:\\\/\\\/www.immobilienbusiness.ch\\\/?s={search_term_string}\"},\"query-input\":{\"@type\":\"PropertyValueSpecification\",\"valueRequired\":true,\"valueName\":\"search_term_string\"}}],\"inLanguage\":\"fr-FR\"},{\"@type\":\"Organization\",\"@id\":\"https:\\\/\\\/www.immobilienbusiness.ch\\\/#organization\",\"name\":\"IMMOBILIEN Business\",\"url\":\"https:\\\/\\\/www.immobilienbusiness.ch\\\/\",\"logo\":{\"@type\":\"ImageObject\",\"inLanguage\":\"fr-FR\",\"@id\":\"https:\\\/\\\/www.immobilienbusiness.ch\\\/#\\\/schema\\\/logo\\\/image\\\/\",\"url\":\"https:\\\/\\\/www.immobilienbusiness.ch\\\/wp-content\\\/uploads\\\/2021\\\/07\\\/logo_ib.png\",\"contentUrl\":\"https:\\\/\\\/www.immobilienbusiness.ch\\\/wp-content\\\/uploads\\\/2021\\\/07\\\/logo_ib.png\",\"width\":800,\"height\":181,\"caption\":\"IMMOBILIEN Business\"},\"image\":{\"@id\":\"https:\\\/\\\/www.immobilienbusiness.ch\\\/#\\\/schema\\\/logo\\\/image\\\/\"},\"sameAs\":[\"https:\\\/\\\/www.facebook.com\\\/immobilienbusiness\\\/\"]},{\"@type\":\"Person\",\"@id\":\"https:\\\/\\\/www.immobilienbusiness.ch\\\/#\\\/schema\\\/person\\\/aa2bace6c5c5aad60102004a50c4eb1c\",\"name\":\"Redaktion\",\"image\":{\"@type\":\"ImageObject\",\"inLanguage\":\"fr-FR\",\"@id\":\"https:\\\/\\\/secure.gravatar.com\\\/avatar\\\/ae2f4d718e6c49043e314ce431e7e645d646302a24a5ef5a8bc8e3f5a032e319?s=96&d=mm&r=g\",\"url\":\"https:\\\/\\\/secure.gravatar.com\\\/avatar\\\/ae2f4d718e6c49043e314ce431e7e645d646302a24a5ef5a8bc8e3f5a032e319?s=96&d=mm&r=g\",\"contentUrl\":\"https:\\\/\\\/secure.gravatar.com\\\/avatar\\\/ae2f4d718e6c49043e314ce431e7e645d646302a24a5ef5a8bc8e3f5a032e319?s=96&d=mm&r=g\",\"caption\":\"Redaktion\"},\"sameAs\":[\"http:\\\/\\\/develop.organisator.galledia.ch\"],\"url\":\"https:\\\/\\\/www.immobilienbusiness.ch\\\/fr\\\/author\\\/admin\\\/\"}]}<\/script>\n<!-- \/ Yoast SEO plugin. -->","yoast_head_json":{"title":"Roche Tower Basel: Das h\u00f6chste Geb\u00e4ude der Schweiz er\u00f6ffnet","description":"Der Roche Tower in Basel ist das h\u00f6chste Geb\u00e4ude der Schweiz und symbolisiert das klare Bekenntnis des Unternehmens zum Standort. Investitionen in Forschung und Infrastruktur schreiten voran.","robots":{"index":"index","follow":"follow","max-snippet":"max-snippet:-1","max-image-preview":"max-image-preview:large","max-video-preview":"max-video-preview:-1"},"canonical":"https:\/\/www.immobilienbusiness.ch\/fr\/buero\/2015-09-21\/roche-tower-in-basel-eingeweiht\/","og_locale":"fr_FR","og_type":"article","og_title":"Roche Tower in Basel eingeweiht","og_description":"Der Pharmakonzern Roche hat am Freitag an seinem Firmensitz in Basel das neue B\u00fcrogeb\u00e4ude \u00abBau 1\u00bb offiziell er\u00f6ffnet. Nach Abschluss des Bezugs, der im Oktober starten und im Fr\u00fchjahr 2016 beendet werden soll, werden rund 2.000 Mitarbeitende in dem Geb\u00e4ude arbeiten. Es ist mit seinen 178 Metern das derzeit h\u00f6chste Geb\u00e4ude der Schweiz.","og_url":"https:\/\/www.immobilienbusiness.ch\/fr\/buero\/2015-09-21\/roche-tower-in-basel-eingeweiht\/","og_site_name":"IMMOBILIEN Business","article_publisher":"https:\/\/www.facebook.com\/immobilienbusiness\/","article_published_time":"2015-09-21T07:40:53+00:00","author":"Redaktion","twitter_card":"summary_large_image","twitter_image":"https:\/\/www.immobilienbusiness.ch\/wp-content\/uploads\/2015\/09\/Roche-Tower-in-Basel-eingeweiht-immobilien-business.jpg","schema":{"@context":"https:\/\/schema.org","@graph":[{"@type":"Article","@id":"https:\/\/www.immobilienbusiness.ch\/buero\/2015-09-21\/roche-tower-in-basel-eingeweiht\/#article","isPartOf":{"@id":"https:\/\/www.immobilienbusiness.ch\/buero\/2015-09-21\/roche-tower-in-basel-eingeweiht\/"},"author":{"name":"Redaktion","@id":"https:\/\/www.immobilienbusiness.ch\/#\/schema\/person\/aa2bace6c5c5aad60102004a50c4eb1c"},"headline":"Roche Tower in Basel eingeweiht","datePublished":"2015-09-21T07:40:53+00:00","mainEntityOfPage":{"@id":"https:\/\/www.immobilienbusiness.ch\/buero\/2015-09-21\/roche-tower-in-basel-eingeweiht\/"},"wordCount":175,"commentCount":0,"publisher":{"@id":"https:\/\/www.immobilienbusiness.ch\/#organization"},"image":{"@id":"https:\/\/www.immobilienbusiness.ch\/buero\/2015-09-21\/roche-tower-in-basel-eingeweiht\/#primaryimage"},"thumbnailUrl":"https:\/\/www.immobilienbusiness.ch\/wp-content\/uploads\/2015\/09\/Roche-Tower-in-Basel-eingeweiht-immobilien-business.jpg","keywords":["B\u00fcro","Unternehmen"],"articleSection":["B\u00dcRO","UNTERNEHMEN"],"inLanguage":"fr-FR"},{"@type":"WebPage","@id":"https:\/\/www.immobilienbusiness.ch\/buero\/2015-09-21\/roche-tower-in-basel-eingeweiht\/","url":"https:\/\/www.immobilienbusiness.ch\/buero\/2015-09-21\/roche-tower-in-basel-eingeweiht\/","name":"Roche Tower Basel: Das h\u00f6chste Geb\u00e4ude der Schweiz er\u00f6ffnet","isPartOf":{"@id":"https:\/\/www.immobilienbusiness.ch\/#website"},"primaryImageOfPage":{"@id":"https:\/\/www.immobilienbusiness.ch\/buero\/2015-09-21\/roche-tower-in-basel-eingeweiht\/#primaryimage"},"image":{"@id":"https:\/\/www.immobilienbusiness.ch\/buero\/2015-09-21\/roche-tower-in-basel-eingeweiht\/#primaryimage"},"thumbnailUrl":"https:\/\/www.immobilienbusiness.ch\/wp-content\/uploads\/2015\/09\/Roche-Tower-in-Basel-eingeweiht-immobilien-business.jpg","datePublished":"2015-09-21T07:40:53+00:00","description":"Der Roche Tower in Basel ist das h\u00f6chste Geb\u00e4ude der Schweiz und symbolisiert das klare Bekenntnis des Unternehmens zum Standort. Investitionen in Forschung und Infrastruktur schreiten voran.","breadcrumb":{"@id":"https:\/\/www.immobilienbusiness.ch\/buero\/2015-09-21\/roche-tower-in-basel-eingeweiht\/#breadcrumb"},"inLanguage":"fr-FR","potentialAction":[{"@type":"ReadAction","target":["https:\/\/www.immobilienbusiness.ch\/buero\/2015-09-21\/roche-tower-in-basel-eingeweiht\/"]}]},{"@type":"ImageObject","inLanguage":"fr-FR","@id":"https:\/\/www.immobilienbusiness.ch\/buero\/2015-09-21\/roche-tower-in-basel-eingeweiht\/#primaryimage","url":"https:\/\/www.immobilienbusiness.ch\/wp-content\/uploads\/2015\/09\/Roche-Tower-in-Basel-eingeweiht-immobilien-business.jpg","contentUrl":"https:\/\/www.immobilienbusiness.ch\/wp-content\/uploads\/2015\/09\/Roche-Tower-in-Basel-eingeweiht-immobilien-business.jpg","width":587,"height":694,"caption":"Das derzeit h\u00f6chste Geb\u00e4ude der Schweiz: der Roche Tower in Basel (Foto: Roche \/ Herzog & de Meuron)"},{"@type":"BreadcrumbList","@id":"https:\/\/www.immobilienbusiness.ch\/buero\/2015-09-21\/roche-tower-in-basel-eingeweiht\/#breadcrumb","itemListElement":[{"@type":"ListItem","position":1,"name":"Home","item":"https:\/\/www.immobilienbusiness.ch\/"},{"@type":"ListItem","position":2,"name":"Roche Tower in Basel eingeweiht"}]},{"@type":"WebSite","@id":"https:\/\/www.immobilienbusiness.ch\/#website","url":"https:\/\/www.immobilienbusiness.ch\/","name":"IMMOBILIER Business","description":"Magazine \u00e9conomique suisse ind\u00e9pendant ax\u00e9 sur l'immobilier, l'architecture et la construction ainsi que sur les investissements et le financement.","publisher":{"@id":"https:\/\/www.immobilienbusiness.ch\/#organization"},"potentialAction":[{"@type":"SearchAction","target":{"@type":"EntryPoint","urlTemplate":"https:\/\/www.immobilienbusiness.ch\/?s={search_term_string}"},"query-input":{"@type":"PropertyValueSpecification","valueRequired":true,"valueName":"search_term_string"}}],"inLanguage":"fr-FR"},{"@type":"Organization","@id":"https:\/\/www.immobilienbusiness.ch\/#organization","name":"IMMOBILIER Business","url":"https:\/\/www.immobilienbusiness.ch\/","logo":{"@type":"ImageObject","inLanguage":"fr-FR","@id":"https:\/\/www.immobilienbusiness.ch\/#\/schema\/logo\/image\/","url":"https:\/\/www.immobilienbusiness.ch\/wp-content\/uploads\/2021\/07\/logo_ib.png","contentUrl":"https:\/\/www.immobilienbusiness.ch\/wp-content\/uploads\/2021\/07\/logo_ib.png","width":800,"height":181,"caption":"IMMOBILIEN Business"},"image":{"@id":"https:\/\/www.immobilienbusiness.ch\/#\/schema\/logo\/image\/"},"sameAs":["https:\/\/www.facebook.com\/immobilienbusiness\/"]},{"@type":"Person","@id":"https:\/\/www.immobilienbusiness.ch\/#\/schema\/person\/aa2bace6c5c5aad60102004a50c4eb1c","name":"Editorial","image":{"@type":"ImageObject","inLanguage":"fr-FR","@id":"https:\/\/secure.gravatar.com\/avatar\/ae2f4d718e6c49043e314ce431e7e645d646302a24a5ef5a8bc8e3f5a032e319?s=96&d=mm&r=g","url":"https:\/\/secure.gravatar.com\/avatar\/ae2f4d718e6c49043e314ce431e7e645d646302a24a5ef5a8bc8e3f5a032e319?s=96&d=mm&r=g","contentUrl":"https:\/\/secure.gravatar.com\/avatar\/ae2f4d718e6c49043e314ce431e7e645d646302a24a5ef5a8bc8e3f5a032e319?s=96&d=mm&r=g","caption":"Redaktion"},"sameAs":["http:\/\/develop.organisator.galledia.ch"],"url":"https:\/\/www.immobilienbusiness.ch\/fr\/author\/admin\/"}]}},"_links":{"self":[{"href":"https:\/\/www.immobilienbusiness.ch\/fr\/wp-json\/wp\/v2\/posts\/822","targetHints":{"allow":["GET"]}}],"collection":[{"href":"https:\/\/www.immobilienbusiness.ch\/fr\/wp-json\/wp\/v2\/posts"}],"about":[{"href":"https:\/\/www.immobilienbusiness.ch\/fr\/wp-json\/wp\/v2\/types\/post"}],"author":[{"embeddable":true,"href":"https:\/\/www.immobilienbusiness.ch\/fr\/wp-json\/wp\/v2\/users\/1"}],"replies":[{"embeddable":true,"href":"https:\/\/www.immobilienbusiness.ch\/fr\/wp-json\/wp\/v2\/comments?post=822"}],"version-history":[{"count":0,"href":"https:\/\/www.immobilienbusiness.ch\/fr\/wp-json\/wp\/v2\/posts\/822\/revisions"}],"wp:featuredmedia":[{"embeddable":true,"href":"https:\/\/www.immobilienbusiness.ch\/fr\/wp-json\/wp\/v2\/media\/4822"}],"wp:attachment":[{"href":"https:\/\/www.immobilienbusiness.ch\/fr\/wp-json\/wp\/v2\/media?parent=822"}],"wp:term":[{"taxonomy":"category","embeddable":true,"href":"https:\/\/www.immobilienbusiness.ch\/fr\/wp-json\/wp\/v2\/categories?post=822"},{"taxonomy":"post_tag","embeddable":true,"href":"https:\/\/www.immobilienbusiness.ch\/fr\/wp-json\/wp\/v2\/tags?post=822"}],"curies":[{"name":"wp","href":"https:\/\/api.w.org\/{rel}","templated":true}]}}